{"id":49833,"date":"2023-08-03T10:34:04","date_gmt":"2023-08-03T08:34:04","guid":{"rendered":"https:\/\/mula.es\/web\/?p=49833"},"modified":"2023-08-03T10:45:48","modified_gmt":"2023-08-03T08:45:48","slug":"igualdad-arranca-el-campus-deportivo-de-verano","status":"publish","type":"post","link":"https:\/\/mula.es\/web\/igualdad-arranca-el-campus-deportivo-de-verano\/","title":{"rendered":"IGUALDAD| Arranca el Campus Deportivo de Verano"},"content":{"rendered":"<p style=\"text-align: justify;\">Esta semana ha arrancado el Campus Deportivo de Verano con todas sus plazas cubiertas. Se trata de una iniciativa que se realiza durante todo el mes de agosto y que, enmarcada en el Plan Corresponsables 2023-2024, tiene como fin facilitar la conciliaci\u00f3n familiar y laboral desde una perspectiva de igualdad entre mujeres y hombres.<\/p>\n<p style=\"text-align: justify;\">El Campus Deportivo ha cubierto el total de sus plazas ofertadas, pasando por \u00e9l unos 63 menores durante todo el mes. La actividad se desarrolla en las inmediaciones del Polideportivo Municipal, donde ni\u00f1os y ni\u00f1as de entre 8 y 16 a\u00f1os realizan diversas actividades deportivas como f\u00fatbol, atletismo, p\u00e1del, entre otras. Asimismo, hacen uso de las piscinas municipales y realizan excursiones, como el descenso del Segura Cieza-Abar\u00e1n, con la que cerrar\u00e1n el curso a finales de mes.<\/p>\n<p style=\"text-align: justify;\">Esta iniciativa est\u00e1 financiada al 100% por el Ministerio de Igualdad, a trav\u00e9s de la Secretar\u00eda de Estado de Igualdad y Contra la Violencia de G\u00e9nero.<\/p>\n<p>&nbsp;<\/p>\n","protected":false},"excerpt":{"rendered":"<p>Esta semana ha arrancado el Campus Deportivo de Verano con todas sus plazas cubiertas. Se trata de una iniciativa que se realiza durante todo el mes de agosto y que, enmarcada en el Plan Corresponsables 2023-2024, tiene como fin facilitar la conciliaci\u00f3n familiar y laboral desde una perspectiva de igualdad entre mujeres y hombres. El  [&#8230;]<\/p>\n","protected":false},"author":12,"featured_media":49834,"comment_status":"closed","ping_status":"closed","sticky":false,"template":"","format":"standard","meta":{"jetpack_post_was_ever_published":false,"_jetpack_newsletter_access":"","_jetpack_dont_email_post_to_subs":false,"_jetpack_newsletter_tier_id":0,"_jetpack_memberships_contains_paywalled_content":false,"_jetpack_memberships_contains_paid_content":false,"footnotes":"","jetpack_publicize_message":"","jetpack_publicize_feature_enabled":true,"jetpack_social_post_already_shared":false,"jetpack_social_options":{"image_generator_settings":{"template":"highway","default_image_id":0,"font":"","enabled":false},"version":2}},"categories":[147,803],"tags":[],"class_list":["post-49833","post","type-post","status-publish","format-standard","has-post-thumbnail","hentry","category-igualdad","category-plan-corresponsables"],"yoast_head":"<!-- This site is optimized with the Yoast SEO plugin v27.4 - https:\/\/yoast.com\/product\/yoast-seo-wordpress\/ -->\n<title>IGUALDAD| Arranca el Campus Deportivo de Verano - Ayuntamiento de Mula<\/title>\n<meta name=\"robots\" content=\"index, follow, max-snippet:-1, max-image-preview:large, max-video-preview:-1\" \/>\n<link rel=\"canonical\" href=\"https:\/\/mula.es\/web\/igualdad-arranca-el-campus-deportivo-de-verano\/\" \/>\n<meta property=\"og:locale\" content=\"es_ES\" \/>\n<meta property=\"og:type\" content=\"article\" \/>\n<meta property=\"og:title\" content=\"IGUALDAD| Arranca el Campus Deportivo de Verano - Ayuntamiento de Mula\" \/>\n<meta property=\"og:description\" content=\"Esta semana ha arrancado el Campus Deportivo de Verano con todas sus plazas cubiertas. Se trata de una iniciativa que se realiza durante todo el mes de agosto y que, enmarcada en el Plan Corresponsables 2023-2024, tiene como fin facilitar la conciliaci\u00f3n familiar y laboral desde una perspectiva de igualdad entre mujeres y hombres. El [...]\" \/>\n<meta property=\"og:url\" content=\"https:\/\/mula.es\/web\/igualdad-arranca-el-campus-deportivo-de-verano\/\" \/>\n<meta property=\"og:site_name\" content=\"Ayuntamiento de Mula\" \/>\n<meta property=\"article:published_time\" content=\"2023-08-03T08:34:04+00:00\" \/>\n<meta property=\"article:modified_time\" content=\"2023-08-03T08:45:48+00:00\" \/>\n<meta property=\"og:image\" content=\"https:\/\/mula.es\/web\/wp-content\/uploads\/2023\/08\/Arranca-el-Campus-Deportivo-de-Verano-en-Mula.jpeg\" \/>\n\t<meta property=\"og:image:width\" content=\"1024\" \/>\n\t<meta property=\"og:image:height\" content=\"768\" \/>\n\t<meta property=\"og:image:type\" content=\"image\/jpeg\" \/>\n<meta name=\"author\" content=\"Mar\u00eda Bel\u00e9n Sumba Bravo\" \/>\n<meta name=\"twitter:card\" content=\"summary_large_image\" \/>\n<meta name=\"twitter:creator\" content=\"@AyuntamientMula\" \/>\n<meta name=\"twitter:site\" content=\"@AyuntamientMula\" \/>\n<meta name=\"twitter:label1\" content=\"Escrito por\" \/>\n\t<meta name=\"twitter:data1\" content=\"Mar\u00eda Bel\u00e9n Sumba Bravo\" \/>\n\t<meta name=\"twitter:label2\" content=\"Tiempo de lectura\" \/>\n\t<meta name=\"twitter:data2\" content=\"1 minuto\" \/>\n<script type=\"application\/ld+json\" class=\"yoast-schema-graph\">{\"@context\":\"https:\\\/\\\/schema.org\",\"@graph\":[{\"@type\":\"Article\",\"@id\":\"https:\\\/\\\/mula.es\\\/web\\\/igualdad-arranca-el-campus-deportivo-de-verano\\\/#article\",\"isPartOf\":{\"@id\":\"https:\\\/\\\/mula.es\\\/web\\\/igualdad-arranca-el-campus-deportivo-de-verano\\\/\"},\"author\":{\"name\":\"Mar\u00eda Bel\u00e9n Sumba Bravo\",\"@id\":\"https:\\\/\\\/mula.es\\\/web\\\/#\\\/schema\\\/person\\\/4cc33fc69cd667605e1b6247815ac0c0\"},\"headline\":\"IGUALDAD| Arranca el Campus Deportivo de Verano\",\"datePublished\":\"2023-08-03T08:34:04+00:00\",\"dateModified\":\"2023-08-03T08:45:48+00:00\",\"mainEntityOfPage\":{\"@id\":\"https:\\\/\\\/mula.es\\\/web\\\/igualdad-arranca-el-campus-deportivo-de-verano\\\/\"},\"wordCount\":172,\"image\":{\"@id\":\"https:\\\/\\\/mula.es\\\/web\\\/igualdad-arranca-el-campus-deportivo-de-verano\\\/#primaryimage\"},\"thumbnailUrl\":\"https:\\\/\\\/mula.es\\\/web\\\/wp-content\\\/uploads\\\/2023\\\/08\\\/Arranca-el-Campus-Deportivo-de-Verano-en-Mula.jpeg\",\"articleSection\":[\"igualdad\",\"PLAN CORRESPONSABLES\"],\"inLanguage\":\"es\"},{\"@type\":\"WebPage\",\"@id\":\"https:\\\/\\\/mula.es\\\/web\\\/igualdad-arranca-el-campus-deportivo-de-verano\\\/\",\"url\":\"https:\\\/\\\/mula.es\\\/web\\\/igualdad-arranca-el-campus-deportivo-de-verano\\\/\",\"name\":\"IGUALDAD| Arranca el Campus Deportivo de Verano - Ayuntamiento de Mula\",\"isPartOf\":{\"@id\":\"https:\\\/\\\/mula.es\\\/web\\\/#website\"},\"primaryImageOfPage\":{\"@id\":\"https:\\\/\\\/mula.es\\\/web\\\/igualdad-arranca-el-campus-deportivo-de-verano\\\/#primaryimage\"},\"image\":{\"@id\":\"https:\\\/\\\/mula.es\\\/web\\\/igualdad-arranca-el-campus-deportivo-de-verano\\\/#primaryimage\"},\"thumbnailUrl\":\"https:\\\/\\\/mula.es\\\/web\\\/wp-content\\\/uploads\\\/2023\\\/08\\\/Arranca-el-Campus-Deportivo-de-Verano-en-Mula.jpeg\",\"datePublished\":\"2023-08-03T08:34:04+00:00\",\"dateModified\":\"2023-08-03T08:45:48+00:00\",\"author\":{\"@id\":\"https:\\\/\\\/mula.es\\\/web\\\/#\\\/schema\\\/person\\\/4cc33fc69cd667605e1b6247815ac0c0\"},\"breadcrumb\":{\"@id\":\"https:\\\/\\\/mula.es\\\/web\\\/igualdad-arranca-el-campus-deportivo-de-verano\\\/#breadcrumb\"},\"inLanguage\":\"es\",\"potentialAction\":[{\"@type\":\"ReadAction\",\"target\":[\"https:\\\/\\\/mula.es\\\/web\\\/igualdad-arranca-el-campus-deportivo-de-verano\\\/\"]}]},{\"@type\":\"ImageObject\",\"inLanguage\":\"es\",\"@id\":\"https:\\\/\\\/mula.es\\\/web\\\/igualdad-arranca-el-campus-deportivo-de-verano\\\/#primaryimage\",\"url\":\"https:\\\/\\\/mula.es\\\/web\\\/wp-content\\\/uploads\\\/2023\\\/08\\\/Arranca-el-Campus-Deportivo-de-Verano-en-Mula.jpeg\",\"contentUrl\":\"https:\\\/\\\/mula.es\\\/web\\\/wp-content\\\/uploads\\\/2023\\\/08\\\/Arranca-el-Campus-Deportivo-de-Verano-en-Mula.jpeg\",\"width\":1024,\"height\":768},{\"@type\":\"BreadcrumbList\",\"@id\":\"https:\\\/\\\/mula.es\\\/web\\\/igualdad-arranca-el-campus-deportivo-de-verano\\\/#breadcrumb\",\"itemListElement\":[{\"@type\":\"ListItem\",\"position\":1,\"name\":\"Portada\",\"item\":\"https:\\\/\\\/mula.es\\\/web\\\/\"},{\"@type\":\"ListItem\",\"position\":2,\"name\":\"IGUALDAD| Arranca el Campus Deportivo de Verano\"}]},{\"@type\":\"WebSite\",\"@id\":\"https:\\\/\\\/mula.es\\\/web\\\/#website\",\"url\":\"https:\\\/\\\/mula.es\\\/web\\\/\",\"name\":\"Ayuntamiento de Mula\",\"description\":\"P\u00e1gina web del Ayuntamiento de Mula (Regi\u00f3n de Murcia)\",\"potentialAction\":[{\"@type\":\"SearchAction\",\"target\":{\"@type\":\"EntryPoint\",\"urlTemplate\":\"https:\\\/\\\/mula.es\\\/web\\\/?s={search_term_string}\"},\"query-input\":{\"@type\":\"PropertyValueSpecification\",\"valueRequired\":true,\"valueName\":\"search_term_string\"}}],\"inLanguage\":\"es\"},{\"@type\":\"Person\",\"@id\":\"https:\\\/\\\/mula.es\\\/web\\\/#\\\/schema\\\/person\\\/4cc33fc69cd667605e1b6247815ac0c0\",\"name\":\"Mar\u00eda Bel\u00e9n Sumba Bravo\",\"image\":{\"@type\":\"ImageObject\",\"inLanguage\":\"es\",\"@id\":\"https:\\\/\\\/secure.gravatar.com\\\/avatar\\\/8f65af12a8d72e866f97bba50325bdf89a5362533b6f2c9db8c88130883986b1?s=96&d=mm&r=g\",\"url\":\"https:\\\/\\\/secure.gravatar.com\\\/avatar\\\/8f65af12a8d72e866f97bba50325bdf89a5362533b6f2c9db8c88130883986b1?s=96&d=mm&r=g\",\"contentUrl\":\"https:\\\/\\\/secure.gravatar.com\\\/avatar\\\/8f65af12a8d72e866f97bba50325bdf89a5362533b6f2c9db8c88130883986b1?s=96&d=mm&r=g\",\"caption\":\"Mar\u00eda Bel\u00e9n Sumba Bravo\"},\"url\":\"https:\\\/\\\/mula.es\\\/web\\\/author\\\/mbsumba\\\/\"}]}<\/script>\n<!-- \/ Yoast SEO plugin. -->","yoast_head_json":{"title":"IGUALDAD| Arranca el Campus Deportivo de Verano - Ayuntamiento de Mula","robots":{"index":"index","follow":"follow","max-snippet":"max-snippet:-1","max-image-preview":"max-image-preview:large","max-video-preview":"max-video-preview:-1"},"canonical":"https:\/\/mula.es\/web\/igualdad-arranca-el-campus-deportivo-de-verano\/","og_locale":"es_ES","og_type":"article","og_title":"IGUALDAD| Arranca el Campus Deportivo de Verano - Ayuntamiento de Mula","og_description":"Esta semana ha arrancado el Campus Deportivo de Verano con todas sus plazas cubiertas. Se trata de una iniciativa que se realiza durante todo el mes de agosto y que, enmarcada en el Plan Corresponsables 2023-2024, tiene como fin facilitar la conciliaci\u00f3n familiar y laboral desde una perspectiva de igualdad entre mujeres y hombres. El [...]","og_url":"https:\/\/mula.es\/web\/igualdad-arranca-el-campus-deportivo-de-verano\/","og_site_name":"Ayuntamiento de Mula","article_published_time":"2023-08-03T08:34:04+00:00","article_modified_time":"2023-08-03T08:45:48+00:00","og_image":[{"width":1024,"height":768,"url":"https:\/\/mula.es\/web\/wp-content\/uploads\/2023\/08\/Arranca-el-Campus-Deportivo-de-Verano-en-Mula.jpeg","type":"image\/jpeg"}],"author":"Mar\u00eda Bel\u00e9n Sumba Bravo","twitter_card":"summary_large_image","twitter_creator":"@AyuntamientMula","twitter_site":"@AyuntamientMula","twitter_misc":{"Escrito por":"Mar\u00eda Bel\u00e9n Sumba Bravo","Tiempo de lectura":"1 minuto"},"schema":{"@context":"https:\/\/schema.org","@graph":[{"@type":"Article","@id":"https:\/\/mula.es\/web\/igualdad-arranca-el-campus-deportivo-de-verano\/#article","isPartOf":{"@id":"https:\/\/mula.es\/web\/igualdad-arranca-el-campus-deportivo-de-verano\/"},"author":{"name":"Mar\u00eda Bel\u00e9n Sumba Bravo","@id":"https:\/\/mula.es\/web\/#\/schema\/person\/4cc33fc69cd667605e1b6247815ac0c0"},"headline":"IGUALDAD| Arranca el Campus Deportivo de Verano","datePublished":"2023-08-03T08:34:04+00:00","dateModified":"2023-08-03T08:45:48+00:00","mainEntityOfPage":{"@id":"https:\/\/mula.es\/web\/igualdad-arranca-el-campus-deportivo-de-verano\/"},"wordCount":172,"image":{"@id":"https:\/\/mula.es\/web\/igualdad-arranca-el-campus-deportivo-de-verano\/#primaryimage"},"thumbnailUrl":"https:\/\/mula.es\/web\/wp-content\/uploads\/2023\/08\/Arranca-el-Campus-Deportivo-de-Verano-en-Mula.jpeg","articleSection":["igualdad","PLAN CORRESPONSABLES"],"inLanguage":"es"},{"@type":"WebPage","@id":"https:\/\/mula.es\/web\/igualdad-arranca-el-campus-deportivo-de-verano\/","url":"https:\/\/mula.es\/web\/igualdad-arranca-el-campus-deportivo-de-verano\/","name":"IGUALDAD| Arranca el Campus Deportivo de Verano - Ayuntamiento de Mula","isPartOf":{"@id":"https:\/\/mula.es\/web\/#website"},"primaryImageOfPage":{"@id":"https:\/\/mula.es\/web\/igualdad-arranca-el-campus-deportivo-de-verano\/#primaryimage"},"image":{"@id":"https:\/\/mula.es\/web\/igualdad-arranca-el-campus-deportivo-de-verano\/#primaryimage"},"thumbnailUrl":"https:\/\/mula.es\/web\/wp-content\/uploads\/2023\/08\/Arranca-el-Campus-Deportivo-de-Verano-en-Mula.jpeg","datePublished":"2023-08-03T08:34:04+00:00","dateModified":"2023-08-03T08:45:48+00:00","author":{"@id":"https:\/\/mula.es\/web\/#\/schema\/person\/4cc33fc69cd667605e1b6247815ac0c0"},"breadcrumb":{"@id":"https:\/\/mula.es\/web\/igualdad-arranca-el-campus-deportivo-de-verano\/#breadcrumb"},"inLanguage":"es","potentialAction":[{"@type":"ReadAction","target":["https:\/\/mula.es\/web\/igualdad-arranca-el-campus-deportivo-de-verano\/"]}]},{"@type":"ImageObject","inLanguage":"es","@id":"https:\/\/mula.es\/web\/igualdad-arranca-el-campus-deportivo-de-verano\/#primaryimage","url":"https:\/\/mula.es\/web\/wp-content\/uploads\/2023\/08\/Arranca-el-Campus-Deportivo-de-Verano-en-Mula.jpeg","contentUrl":"https:\/\/mula.es\/web\/wp-content\/uploads\/2023\/08\/Arranca-el-Campus-Deportivo-de-Verano-en-Mula.jpeg","width":1024,"height":768},{"@type":"BreadcrumbList","@id":"https:\/\/mula.es\/web\/igualdad-arranca-el-campus-deportivo-de-verano\/#breadcrumb","itemListElement":[{"@type":"ListItem","position":1,"name":"Portada","item":"https:\/\/mula.es\/web\/"},{"@type":"ListItem","position":2,"name":"IGUALDAD| Arranca el Campus Deportivo de Verano"}]},{"@type":"WebSite","@id":"https:\/\/mula.es\/web\/#website","url":"https:\/\/mula.es\/web\/","name":"Ayuntamiento de Mula","description":"P\u00e1gina web del Ayuntamiento de Mula (Regi\u00f3n de Murcia)","potentialAction":[{"@type":"SearchAction","target":{"@type":"EntryPoint","urlTemplate":"https:\/\/mula.es\/web\/?s={search_term_string}"},"query-input":{"@type":"PropertyValueSpecification","valueRequired":true,"valueName":"search_term_string"}}],"inLanguage":"es"},{"@type":"Person","@id":"https:\/\/mula.es\/web\/#\/schema\/person\/4cc33fc69cd667605e1b6247815ac0c0","name":"Mar\u00eda Bel\u00e9n Sumba Bravo","image":{"@type":"ImageObject","inLanguage":"es","@id":"https:\/\/secure.gravatar.com\/avatar\/8f65af12a8d72e866f97bba50325bdf89a5362533b6f2c9db8c88130883986b1?s=96&d=mm&r=g","url":"https:\/\/secure.gravatar.com\/avatar\/8f65af12a8d72e866f97bba50325bdf89a5362533b6f2c9db8c88130883986b1?s=96&d=mm&r=g","contentUrl":"https:\/\/secure.gravatar.com\/avatar\/8f65af12a8d72e866f97bba50325bdf89a5362533b6f2c9db8c88130883986b1?s=96&d=mm&r=g","caption":"Mar\u00eda Bel\u00e9n Sumba Bravo"},"url":"https:\/\/mula.es\/web\/author\/mbsumba\/"}]}},"jetpack_publicize_connections":[],"jetpack_featured_media_url":"https:\/\/mula.es\/web\/wp-content\/uploads\/2023\/08\/Arranca-el-Campus-Deportivo-de-Verano-en-Mula.jpeg","jetpack_sharing_enabled":true,"jetpack_shortlink":"https:\/\/wp.me\/pa9DMY-cXL","jetpack-related-posts":[],"_links":{"self":[{"href":"https:\/\/mula.es\/web\/wp-json\/wp\/v2\/posts\/49833","targetHints":{"allow":["GET"]}}],"collection":[{"href":"https:\/\/mula.es\/web\/wp-json\/wp\/v2\/posts"}],"about":[{"href":"https:\/\/mula.es\/web\/wp-json\/wp\/v2\/types\/post"}],"author":[{"embeddable":true,"href":"https:\/\/mula.es\/web\/wp-json\/wp\/v2\/users\/12"}],"replies":[{"embeddable":true,"href":"https:\/\/mula.es\/web\/wp-json\/wp\/v2\/comments?post=49833"}],"version-history":[{"count":5,"href":"https:\/\/mula.es\/web\/wp-json\/wp\/v2\/posts\/49833\/revisions"}],"predecessor-version":[{"id":49839,"href":"https:\/\/mula.es\/web\/wp-json\/wp\/v2\/posts\/49833\/revisions\/49839"}],"wp:featuredmedia":[{"embeddable":true,"href":"https:\/\/mula.es\/web\/wp-json\/wp\/v2\/media\/49834"}],"wp:attachment":[{"href":"https:\/\/mula.es\/web\/wp-json\/wp\/v2\/media?parent=49833"}],"wp:term":[{"taxonomy":"category","embeddable":true,"href":"https:\/\/mula.es\/web\/wp-json\/wp\/v2\/categories?post=49833"},{"taxonomy":"post_tag","embeddable":true,"href":"https:\/\/mula.es\/web\/wp-json\/wp\/v2\/tags?post=49833"}],"curies":[{"name":"wp","href":"https:\/\/api.w.org\/{rel}","templated":true}]}}