{"id":50154,"date":"2023-09-09T21:40:21","date_gmt":"2023-09-09T19:40:21","guid":{"rendered":"https:\/\/mula.es\/web\/?p=50154"},"modified":"2023-09-09T21:40:21","modified_gmt":"2023-09-09T19:40:21","slug":"mula-inaugura-su-recien-restaurado-paseo-devolviendole-su-aspecto-original","status":"publish","type":"post","link":"https:\/\/mula.es\/web\/mula-inaugura-su-recien-restaurado-paseo-devolviendole-su-aspecto-original\/","title":{"rendered":"Mula inaugura su reci\u00e9n restaurado Paseo devolvi\u00e9ndole su aspecto original"},"content":{"rendered":"<p style=\"text-align: justify;\"><strong>El emblem\u00e1tico lugar mule\u00f1o reabre tras una restauraci\u00f3n que le ha devuelto su aspecto original de 1929<\/strong><\/p>\n<p style=\"text-align: justify;\"><strong>El acto ha contado con la presencia de la familia de Juan Hu\u00e9scar Egea, maestro de obras mule\u00f1o art\u00edfice del dise\u00f1o del Paseo en 1929<\/strong><\/p>\n<p style=\"text-align: justify;\">El alcalde de Mula, Juan Jes\u00fas Moreno, acompa\u00f1ado por miembros de la corporaci\u00f3n municipal, ha inaugurado oficialmente la Glorieta del Paseo de Mula. La reapertura supone la restauraci\u00f3n integral de este espacio p\u00fablico tras un trabajo exhaustivo de investigaci\u00f3n que le ha devuelto su aspecto de 1929.<\/p>\n<p style=\"text-align: justify;\">Durante el acto de inauguraci\u00f3n, el alcalde de Mula ha expresado su alegr\u00eda por culminar \u201cun proyecto que hemos abanderado desde que llegamos al Gobierno y un compromiso formal para devolver al Paseo toda la dignidad y belleza que le corresponde por su lugar en la historia de Mula\u201d. Juan Jes\u00fas Moreno tambi\u00e9n ha hablado de que \u201cno hay duda de que con esta obra se embellece el lugar y se ennoblece la entrada principal al casco hist\u00f3rico de Mula\u201d. Asimismo, ha agradecido el trabajo a los profesionales encargados del proyecto, encabezado por Juan Fern\u00e1ndez del Toro, ya que \u201clo han ejecutado con rigor y detalle, pero tambi\u00e9n con mucho cari\u00f1o y conscientes de su trascendencia hist\u00f3rica\u201d.<\/p>\n<p style=\"text-align: justify;\">\u201cSabemos que con el devenir de los tiempos el Paseo hab\u00eda perdido parte de su encanto y funci\u00f3n social\u201d, ha manifestado el primer edil, refiri\u00e9ndose a que \u201cdurante estos a\u00f1os ha habido a\u00f1oranza de ese Paseo que en tantas fotograf\u00edas de Mula aparece\u201d. Por ello, ha hecho referencia al reci\u00e9n estrenado entorno como \u201cun espacio integrador y accesible al que tenemos que permitir crecer y desarrollarse en el tiempo para que luzca con todo el esplendor con el que ha sido dise\u00f1ado\u201d, al tiempo que invitaba a los mule\u00f1os y mule\u00f1as a volver a disfrutar de este hist\u00f3rico rinc\u00f3n.<\/p>\n<p style=\"text-align: justify;\"><strong>Sinergias entre pasado y presente<\/strong><\/p>\n<p style=\"text-align: justify;\">La restauraci\u00f3n integral de la Glorieta del Paseo, cuyo presupuesto ha sido de 485 mil euros, ha supuesto la recuperaci\u00f3n de su est\u00e9tica original al estilo espa\u00f1ol, gozando nuevamente del esplendor del dise\u00f1o creado por el maestro de obras mule\u00f1o Juan Hu\u00e9scar Egea en 1929.<\/p>\n<p style=\"text-align: justify;\">La adaptaci\u00f3n del Paseo ha llevado consigo un exhaustivo trabajo de investigaci\u00f3n hist\u00f3rica, gracias al que el entorno ha recuperado el trazo original de los parterres centrales y el revestimiento de azulejer\u00eda decorativa. Mediante el uso de materiales modernos y sostenibles, tambi\u00e9n se han rescatado los alcorques, los bancos de azulejos, las farolas originales al estilo modernista y el dise\u00f1o de las cuatro fuentes con poza baja. Adem\u00e1s, se ha incluido albero estabilizado para el pavimento y se ha rebajado la cota del jard\u00edn hasta igualarlo con la calle del Paseo.<\/p>\n<p style=\"text-align: justify;\">Otro de los cambios a destacar es el redise\u00f1o de la vegetaci\u00f3n, con el objetivo de crear un entorno que invite al deleite de los sentidos, cultivando especies que desprenden olor y que, una vez asentadas, formen un contraste de colores a lo largo de las estaciones del a\u00f1o. Todo sin dejar de conservar especies arb\u00f3reas de gran inter\u00e9s, como la bougainvillea y ejemplares de sabina de Cartagena.<\/p>\n<p>&nbsp;<\/p>\n<p><img decoding=\"async\" data-attachment-id=\"50163\" data-permalink=\"https:\/\/mula.es\/web\/mula-inaugura-su-recien-restaurado-paseo-devolviendole-su-aspecto-original\/inauguracion-de-la-glorieta-del-paseo\/\" data-orig-file=\"https:\/\/mula.es\/web\/wp-content\/uploads\/2023\/09\/Inauguracion-de-la-Glorieta-del-Paseo.jpeg\" data-orig-size=\"1600,900\" data-comments-opened=\"0\" data-image-meta=\"{&quot;aperture&quot;:&quot;0&quot;,&quot;credit&quot;:&quot;&quot;,&quot;camera&quot;:&quot;&quot;,&quot;caption&quot;:&quot;&quot;,&quot;created_timestamp&quot;:&quot;0&quot;,&quot;copyright&quot;:&quot;&quot;,&quot;focal_length&quot;:&quot;0&quot;,&quot;iso&quot;:&quot;0&quot;,&quot;shutter_speed&quot;:&quot;0&quot;,&quot;title&quot;:&quot;&quot;,&quot;orientation&quot;:&quot;0&quot;}\" data-image-title=\"Inauguraci\u00f3n de la Glorieta del Paseo\" data-image-description=\"\" data-image-caption=\"\" data-large-file=\"https:\/\/mula.es\/web\/wp-content\/uploads\/2023\/09\/Inauguracion-de-la-Glorieta-del-Paseo-1024x576.jpeg\" class=\" wp-image-50163 aligncenter\" src=\"https:\/\/mula.es\/web\/wp-content\/uploads\/2023\/09\/Inauguracion-de-la-Glorieta-del-Paseo.jpeg\" alt=\"\" width=\"647\" height=\"364\" srcset=\"https:\/\/mula.es\/web\/wp-content\/uploads\/2023\/09\/Inauguracion-de-la-Glorieta-del-Paseo-200x113.jpeg 200w, https:\/\/mula.es\/web\/wp-content\/uploads\/2023\/09\/Inauguracion-de-la-Glorieta-del-Paseo-300x169.jpeg 300w, https:\/\/mula.es\/web\/wp-content\/uploads\/2023\/09\/Inauguracion-de-la-Glorieta-del-Paseo-400x225.jpeg 400w, https:\/\/mula.es\/web\/wp-content\/uploads\/2023\/09\/Inauguracion-de-la-Glorieta-del-Paseo-600x338.jpeg 600w, https:\/\/mula.es\/web\/wp-content\/uploads\/2023\/09\/Inauguracion-de-la-Glorieta-del-Paseo-768x432.jpeg 768w, https:\/\/mula.es\/web\/wp-content\/uploads\/2023\/09\/Inauguracion-de-la-Glorieta-del-Paseo-800x450.jpeg 800w, https:\/\/mula.es\/web\/wp-content\/uploads\/2023\/09\/Inauguracion-de-la-Glorieta-del-Paseo-1024x576.jpeg 1024w, https:\/\/mula.es\/web\/wp-content\/uploads\/2023\/09\/Inauguracion-de-la-Glorieta-del-Paseo-1200x675.jpeg 1200w, https:\/\/mula.es\/web\/wp-content\/uploads\/2023\/09\/Inauguracion-de-la-Glorieta-del-Paseo-1536x864.jpeg 1536w, https:\/\/mula.es\/web\/wp-content\/uploads\/2023\/09\/Inauguracion-de-la-Glorieta-del-Paseo.jpeg 1600w\" sizes=\"(max-width: 647px) 100vw, 647px\" \/><\/p>\n<p><a href=\"https:\/\/mula.es\/web\/wp-content\/uploads\/2023\/09\/Juan-Jesus-Moreno-alcalde-de-Mula-durante-la-inauguracion-de-la-Glorieta-del-Paseo.jpeg\"><img decoding=\"async\" data-attachment-id=\"50164\" data-permalink=\"https:\/\/mula.es\/web\/mula-inaugura-su-recien-restaurado-paseo-devolviendole-su-aspecto-original\/juan-jesus-moreno-alcalde-de-mula-durante-la-inauguracion-de-la-glorieta-del-paseo\/\" data-orig-file=\"https:\/\/mula.es\/web\/wp-content\/uploads\/2023\/09\/Juan-Jesus-Moreno-alcalde-de-Mula-durante-la-inauguracion-de-la-Glorieta-del-Paseo.jpeg\" data-orig-size=\"1600,900\" data-comments-opened=\"0\" data-image-meta=\"{&quot;aperture&quot;:&quot;0&quot;,&quot;credit&quot;:&quot;&quot;,&quot;camera&quot;:&quot;&quot;,&quot;caption&quot;:&quot;&quot;,&quot;created_timestamp&quot;:&quot;0&quot;,&quot;copyright&quot;:&quot;&quot;,&quot;focal_length&quot;:&quot;0&quot;,&quot;iso&quot;:&quot;0&quot;,&quot;shutter_speed&quot;:&quot;0&quot;,&quot;title&quot;:&quot;&quot;,&quot;orientation&quot;:&quot;0&quot;}\" data-image-title=\"Juan Jes\u00fas Moreno, alcalde de Mula, durante la inauguraci\u00f3n de la Glorieta del Paseo.\" data-image-description=\"\" data-image-caption=\"\" data-large-file=\"https:\/\/mula.es\/web\/wp-content\/uploads\/2023\/09\/Juan-Jesus-Moreno-alcalde-de-Mula-durante-la-inauguracion-de-la-Glorieta-del-Paseo-1024x576.jpeg\" class=\"wp-image-50164 aligncenter\" src=\"https:\/\/mula.es\/web\/wp-content\/uploads\/2023\/09\/Juan-Jesus-Moreno-alcalde-de-Mula-durante-la-inauguracion-de-la-Glorieta-del-Paseo.jpeg\" alt=\"\" width=\"653\" height=\"368\" srcset=\"https:\/\/mula.es\/web\/wp-content\/uploads\/2023\/09\/Juan-Jesus-Moreno-alcalde-de-Mula-durante-la-inauguracion-de-la-Glorieta-del-Paseo-200x113.jpeg 200w, https:\/\/mula.es\/web\/wp-content\/uploads\/2023\/09\/Juan-Jesus-Moreno-alcalde-de-Mula-durante-la-inauguracion-de-la-Glorieta-del-Paseo-300x169.jpeg 300w, https:\/\/mula.es\/web\/wp-content\/uploads\/2023\/09\/Juan-Jesus-Moreno-alcalde-de-Mula-durante-la-inauguracion-de-la-Glorieta-del-Paseo-400x225.jpeg 400w, https:\/\/mula.es\/web\/wp-content\/uploads\/2023\/09\/Juan-Jesus-Moreno-alcalde-de-Mula-durante-la-inauguracion-de-la-Glorieta-del-Paseo-600x338.jpeg 600w, https:\/\/mula.es\/web\/wp-content\/uploads\/2023\/09\/Juan-Jesus-Moreno-alcalde-de-Mula-durante-la-inauguracion-de-la-Glorieta-del-Paseo-768x432.jpeg 768w, https:\/\/mula.es\/web\/wp-content\/uploads\/2023\/09\/Juan-Jesus-Moreno-alcalde-de-Mula-durante-la-inauguracion-de-la-Glorieta-del-Paseo-800x450.jpeg 800w, https:\/\/mula.es\/web\/wp-content\/uploads\/2023\/09\/Juan-Jesus-Moreno-alcalde-de-Mula-durante-la-inauguracion-de-la-Glorieta-del-Paseo-1024x576.jpeg 1024w, https:\/\/mula.es\/web\/wp-content\/uploads\/2023\/09\/Juan-Jesus-Moreno-alcalde-de-Mula-durante-la-inauguracion-de-la-Glorieta-del-Paseo-1200x675.jpeg 1200w, https:\/\/mula.es\/web\/wp-content\/uploads\/2023\/09\/Juan-Jesus-Moreno-alcalde-de-Mula-durante-la-inauguracion-de-la-Glorieta-del-Paseo-1536x864.jpeg 1536w, https:\/\/mula.es\/web\/wp-content\/uploads\/2023\/09\/Juan-Jesus-Moreno-alcalde-de-Mula-durante-la-inauguracion-de-la-Glorieta-del-Paseo.jpeg 1600w\" sizes=\"(max-width: 653px) 100vw, 653px\" \/><\/a><\/p>\n<p style=\"text-align: justify;\">\n","protected":false},"excerpt":{"rendered":"<p>El emblem\u00e1tico lugar mule\u00f1o reabre tras una restauraci\u00f3n que le ha devuelto su aspecto original de 1929 El acto ha contado con la presencia de la familia de Juan Hu\u00e9scar Egea, maestro de obras mule\u00f1o art\u00edfice del dise\u00f1o del Paseo en 1929 El alcalde de Mula, Juan Jes\u00fas Moreno, acompa\u00f1ado por miembros de la corporaci\u00f3n  [&#8230;]<\/p>\n","protected":false},"author":12,"featured_media":50158,"comment_status":"closed","ping_status":"closed","sticky":false,"template":"","format":"standard","meta":{"jetpack_post_was_ever_published":false,"_jetpack_newsletter_access":"","_jetpack_dont_email_post_to_subs":false,"_jetpack_newsletter_tier_id":0,"_jetpack_memberships_contains_paywalled_content":false,"_jetpack_memberships_contains_paid_content":false,"footnotes":"","jetpack_publicize_message":"","jetpack_publicize_feature_enabled":true,"jetpack_social_post_already_shared":false,"jetpack_social_options":{"image_generator_settings":{"template":"highway","default_image_id":0,"font":"","enabled":false},"version":2}},"categories":[634],"tags":[],"class_list":["post-50154","post","type-post","status-publish","format-standard","has-post-thumbnail","hentry","category-obras-publicas"],"yoast_head":"<!-- This site is optimized with the Yoast SEO plugin v27.4 - https:\/\/yoast.com\/product\/yoast-seo-wordpress\/ -->\n<title>Mula inaugura su reci\u00e9n restaurado Paseo devolvi\u00e9ndole su aspecto original - Ayuntamiento de Mula<\/title>\n<meta name=\"robots\" content=\"index, follow, max-snippet:-1, max-image-preview:large, max-video-preview:-1\" \/>\n<link rel=\"canonical\" href=\"https:\/\/mula.es\/web\/mula-inaugura-su-recien-restaurado-paseo-devolviendole-su-aspecto-original\/\" \/>\n<meta property=\"og:locale\" content=\"es_ES\" \/>\n<meta property=\"og:type\" content=\"article\" \/>\n<meta property=\"og:title\" content=\"Mula inaugura su reci\u00e9n restaurado Paseo devolvi\u00e9ndole su aspecto original - Ayuntamiento de Mula\" \/>\n<meta property=\"og:description\" content=\"El emblem\u00e1tico lugar mule\u00f1o reabre tras una restauraci\u00f3n que le ha devuelto su aspecto original de 1929 El acto ha contado con la presencia de la familia de Juan Hu\u00e9scar Egea, maestro de obras mule\u00f1o art\u00edfice del dise\u00f1o del Paseo en 1929 El alcalde de Mula, Juan Jes\u00fas Moreno, acompa\u00f1ado por miembros de la corporaci\u00f3n [...]\" \/>\n<meta property=\"og:url\" content=\"https:\/\/mula.es\/web\/mula-inaugura-su-recien-restaurado-paseo-devolviendole-su-aspecto-original\/\" \/>\n<meta property=\"og:site_name\" content=\"Ayuntamiento de Mula\" \/>\n<meta property=\"article:published_time\" content=\"2023-09-09T19:40:21+00:00\" \/>\n<meta property=\"og:image\" content=\"https:\/\/mula.es\/web\/wp-content\/uploads\/2023\/09\/El-alcalde-de-Mula-Juan-Jesus-Moreno-acompanado-por-el-equipo-de-Gobierno-en-la-inauguracion-de-la-Glorieta-del-Paseo-de-Mula.jpeg\" \/>\n\t<meta property=\"og:image:width\" content=\"1600\" \/>\n\t<meta property=\"og:image:height\" content=\"1200\" \/>\n\t<meta property=\"og:image:type\" content=\"image\/jpeg\" \/>\n<meta name=\"author\" content=\"Mar\u00eda Bel\u00e9n Sumba Bravo\" \/>\n<meta name=\"twitter:card\" content=\"summary_large_image\" \/>\n<meta name=\"twitter:creator\" content=\"@AyuntamientMula\" \/>\n<meta name=\"twitter:site\" content=\"@AyuntamientMula\" \/>\n<meta name=\"twitter:label1\" content=\"Escrito por\" \/>\n\t<meta name=\"twitter:data1\" content=\"Mar\u00eda Bel\u00e9n Sumba Bravo\" \/>\n\t<meta name=\"twitter:label2\" content=\"Tiempo de lectura\" \/>\n\t<meta name=\"twitter:data2\" content=\"3 minutos\" \/>\n<script type=\"application\/ld+json\" class=\"yoast-schema-graph\">{\"@context\":\"https:\\\/\\\/schema.org\",\"@graph\":[{\"@type\":\"Article\",\"@id\":\"https:\\\/\\\/mula.es\\\/web\\\/mula-inaugura-su-recien-restaurado-paseo-devolviendole-su-aspecto-original\\\/#article\",\"isPartOf\":{\"@id\":\"https:\\\/\\\/mula.es\\\/web\\\/mula-inaugura-su-recien-restaurado-paseo-devolviendole-su-aspecto-original\\\/\"},\"author\":{\"name\":\"Mar\u00eda Bel\u00e9n Sumba Bravo\",\"@id\":\"https:\\\/\\\/mula.es\\\/web\\\/#\\\/schema\\\/person\\\/4cc33fc69cd667605e1b6247815ac0c0\"},\"headline\":\"Mula inaugura su reci\u00e9n restaurado Paseo devolvi\u00e9ndole su aspecto original\",\"datePublished\":\"2023-09-09T19:40:21+00:00\",\"mainEntityOfPage\":{\"@id\":\"https:\\\/\\\/mula.es\\\/web\\\/mula-inaugura-su-recien-restaurado-paseo-devolviendole-su-aspecto-original\\\/\"},\"wordCount\":576,\"image\":{\"@id\":\"https:\\\/\\\/mula.es\\\/web\\\/mula-inaugura-su-recien-restaurado-paseo-devolviendole-su-aspecto-original\\\/#primaryimage\"},\"thumbnailUrl\":\"https:\\\/\\\/mula.es\\\/web\\\/wp-content\\\/uploads\\\/2023\\\/09\\\/El-alcalde-de-Mula-Juan-Jesus-Moreno-acompanado-por-el-equipo-de-Gobierno-en-la-inauguracion-de-la-Glorieta-del-Paseo-de-Mula.jpeg\",\"articleSection\":[\"obras p\u00fablicas\"],\"inLanguage\":\"es\"},{\"@type\":\"WebPage\",\"@id\":\"https:\\\/\\\/mula.es\\\/web\\\/mula-inaugura-su-recien-restaurado-paseo-devolviendole-su-aspecto-original\\\/\",\"url\":\"https:\\\/\\\/mula.es\\\/web\\\/mula-inaugura-su-recien-restaurado-paseo-devolviendole-su-aspecto-original\\\/\",\"name\":\"Mula inaugura su reci\u00e9n restaurado Paseo devolvi\u00e9ndole su aspecto original - Ayuntamiento de Mula\",\"isPartOf\":{\"@id\":\"https:\\\/\\\/mula.es\\\/web\\\/#website\"},\"primaryImageOfPage\":{\"@id\":\"https:\\\/\\\/mula.es\\\/web\\\/mula-inaugura-su-recien-restaurado-paseo-devolviendole-su-aspecto-original\\\/#primaryimage\"},\"image\":{\"@id\":\"https:\\\/\\\/mula.es\\\/web\\\/mula-inaugura-su-recien-restaurado-paseo-devolviendole-su-aspecto-original\\\/#primaryimage\"},\"thumbnailUrl\":\"https:\\\/\\\/mula.es\\\/web\\\/wp-content\\\/uploads\\\/2023\\\/09\\\/El-alcalde-de-Mula-Juan-Jesus-Moreno-acompanado-por-el-equipo-de-Gobierno-en-la-inauguracion-de-la-Glorieta-del-Paseo-de-Mula.jpeg\",\"datePublished\":\"2023-09-09T19:40:21+00:00\",\"author\":{\"@id\":\"https:\\\/\\\/mula.es\\\/web\\\/#\\\/schema\\\/person\\\/4cc33fc69cd667605e1b6247815ac0c0\"},\"breadcrumb\":{\"@id\":\"https:\\\/\\\/mula.es\\\/web\\\/mula-inaugura-su-recien-restaurado-paseo-devolviendole-su-aspecto-original\\\/#breadcrumb\"},\"inLanguage\":\"es\",\"potentialAction\":[{\"@type\":\"ReadAction\",\"target\":[\"https:\\\/\\\/mula.es\\\/web\\\/mula-inaugura-su-recien-restaurado-paseo-devolviendole-su-aspecto-original\\\/\"]}]},{\"@type\":\"ImageObject\",\"inLanguage\":\"es\",\"@id\":\"https:\\\/\\\/mula.es\\\/web\\\/mula-inaugura-su-recien-restaurado-paseo-devolviendole-su-aspecto-original\\\/#primaryimage\",\"url\":\"https:\\\/\\\/mula.es\\\/web\\\/wp-content\\\/uploads\\\/2023\\\/09\\\/El-alcalde-de-Mula-Juan-Jesus-Moreno-acompanado-por-el-equipo-de-Gobierno-en-la-inauguracion-de-la-Glorieta-del-Paseo-de-Mula.jpeg\",\"contentUrl\":\"https:\\\/\\\/mula.es\\\/web\\\/wp-content\\\/uploads\\\/2023\\\/09\\\/El-alcalde-de-Mula-Juan-Jesus-Moreno-acompanado-por-el-equipo-de-Gobierno-en-la-inauguracion-de-la-Glorieta-del-Paseo-de-Mula.jpeg\",\"width\":1600,\"height\":1200},{\"@type\":\"BreadcrumbList\",\"@id\":\"https:\\\/\\\/mula.es\\\/web\\\/mula-inaugura-su-recien-restaurado-paseo-devolviendole-su-aspecto-original\\\/#breadcrumb\",\"itemListElement\":[{\"@type\":\"ListItem\",\"position\":1,\"name\":\"Portada\",\"item\":\"https:\\\/\\\/mula.es\\\/web\\\/\"},{\"@type\":\"ListItem\",\"position\":2,\"name\":\"Mula inaugura su reci\u00e9n restaurado Paseo devolvi\u00e9ndole su aspecto original\"}]},{\"@type\":\"WebSite\",\"@id\":\"https:\\\/\\\/mula.es\\\/web\\\/#website\",\"url\":\"https:\\\/\\\/mula.es\\\/web\\\/\",\"name\":\"Ayuntamiento de Mula\",\"description\":\"P\u00e1gina web del Ayuntamiento de Mula (Regi\u00f3n de Murcia)\",\"potentialAction\":[{\"@type\":\"SearchAction\",\"target\":{\"@type\":\"EntryPoint\",\"urlTemplate\":\"https:\\\/\\\/mula.es\\\/web\\\/?s={search_term_string}\"},\"query-input\":{\"@type\":\"PropertyValueSpecification\",\"valueRequired\":true,\"valueName\":\"search_term_string\"}}],\"inLanguage\":\"es\"},{\"@type\":\"Person\",\"@id\":\"https:\\\/\\\/mula.es\\\/web\\\/#\\\/schema\\\/person\\\/4cc33fc69cd667605e1b6247815ac0c0\",\"name\":\"Mar\u00eda Bel\u00e9n Sumba Bravo\",\"image\":{\"@type\":\"ImageObject\",\"inLanguage\":\"es\",\"@id\":\"https:\\\/\\\/secure.gravatar.com\\\/avatar\\\/8f65af12a8d72e866f97bba50325bdf89a5362533b6f2c9db8c88130883986b1?s=96&d=mm&r=g\",\"url\":\"https:\\\/\\\/secure.gravatar.com\\\/avatar\\\/8f65af12a8d72e866f97bba50325bdf89a5362533b6f2c9db8c88130883986b1?s=96&d=mm&r=g\",\"contentUrl\":\"https:\\\/\\\/secure.gravatar.com\\\/avatar\\\/8f65af12a8d72e866f97bba50325bdf89a5362533b6f2c9db8c88130883986b1?s=96&d=mm&r=g\",\"caption\":\"Mar\u00eda Bel\u00e9n Sumba Bravo\"},\"url\":\"https:\\\/\\\/mula.es\\\/web\\\/author\\\/mbsumba\\\/\"}]}<\/script>\n<!-- \/ Yoast SEO plugin. -->","yoast_head_json":{"title":"Mula inaugura su reci\u00e9n restaurado Paseo devolvi\u00e9ndole su aspecto original - Ayuntamiento de Mula","robots":{"index":"index","follow":"follow","max-snippet":"max-snippet:-1","max-image-preview":"max-image-preview:large","max-video-preview":"max-video-preview:-1"},"canonical":"https:\/\/mula.es\/web\/mula-inaugura-su-recien-restaurado-paseo-devolviendole-su-aspecto-original\/","og_locale":"es_ES","og_type":"article","og_title":"Mula inaugura su reci\u00e9n restaurado Paseo devolvi\u00e9ndole su aspecto original - Ayuntamiento de Mula","og_description":"El emblem\u00e1tico lugar mule\u00f1o reabre tras una restauraci\u00f3n que le ha devuelto su aspecto original de 1929 El acto ha contado con la presencia de la familia de Juan Hu\u00e9scar Egea, maestro de obras mule\u00f1o art\u00edfice del dise\u00f1o del Paseo en 1929 El alcalde de Mula, Juan Jes\u00fas Moreno, acompa\u00f1ado por miembros de la corporaci\u00f3n [...]","og_url":"https:\/\/mula.es\/web\/mula-inaugura-su-recien-restaurado-paseo-devolviendole-su-aspecto-original\/","og_site_name":"Ayuntamiento de Mula","article_published_time":"2023-09-09T19:40:21+00:00","og_image":[{"width":1600,"height":1200,"url":"https:\/\/mula.es\/web\/wp-content\/uploads\/2023\/09\/El-alcalde-de-Mula-Juan-Jesus-Moreno-acompanado-por-el-equipo-de-Gobierno-en-la-inauguracion-de-la-Glorieta-del-Paseo-de-Mula.jpeg","type":"image\/jpeg"}],"author":"Mar\u00eda Bel\u00e9n Sumba Bravo","twitter_card":"summary_large_image","twitter_creator":"@AyuntamientMula","twitter_site":"@AyuntamientMula","twitter_misc":{"Escrito por":"Mar\u00eda Bel\u00e9n Sumba Bravo","Tiempo de lectura":"3 minutos"},"schema":{"@context":"https:\/\/schema.org","@graph":[{"@type":"Article","@id":"https:\/\/mula.es\/web\/mula-inaugura-su-recien-restaurado-paseo-devolviendole-su-aspecto-original\/#article","isPartOf":{"@id":"https:\/\/mula.es\/web\/mula-inaugura-su-recien-restaurado-paseo-devolviendole-su-aspecto-original\/"},"author":{"name":"Mar\u00eda Bel\u00e9n Sumba Bravo","@id":"https:\/\/mula.es\/web\/#\/schema\/person\/4cc33fc69cd667605e1b6247815ac0c0"},"headline":"Mula inaugura su reci\u00e9n restaurado Paseo devolvi\u00e9ndole su aspecto original","datePublished":"2023-09-09T19:40:21+00:00","mainEntityOfPage":{"@id":"https:\/\/mula.es\/web\/mula-inaugura-su-recien-restaurado-paseo-devolviendole-su-aspecto-original\/"},"wordCount":576,"image":{"@id":"https:\/\/mula.es\/web\/mula-inaugura-su-recien-restaurado-paseo-devolviendole-su-aspecto-original\/#primaryimage"},"thumbnailUrl":"https:\/\/mula.es\/web\/wp-content\/uploads\/2023\/09\/El-alcalde-de-Mula-Juan-Jesus-Moreno-acompanado-por-el-equipo-de-Gobierno-en-la-inauguracion-de-la-Glorieta-del-Paseo-de-Mula.jpeg","articleSection":["obras p\u00fablicas"],"inLanguage":"es"},{"@type":"WebPage","@id":"https:\/\/mula.es\/web\/mula-inaugura-su-recien-restaurado-paseo-devolviendole-su-aspecto-original\/","url":"https:\/\/mula.es\/web\/mula-inaugura-su-recien-restaurado-paseo-devolviendole-su-aspecto-original\/","name":"Mula inaugura su reci\u00e9n restaurado Paseo devolvi\u00e9ndole su aspecto original - Ayuntamiento de Mula","isPartOf":{"@id":"https:\/\/mula.es\/web\/#website"},"primaryImageOfPage":{"@id":"https:\/\/mula.es\/web\/mula-inaugura-su-recien-restaurado-paseo-devolviendole-su-aspecto-original\/#primaryimage"},"image":{"@id":"https:\/\/mula.es\/web\/mula-inaugura-su-recien-restaurado-paseo-devolviendole-su-aspecto-original\/#primaryimage"},"thumbnailUrl":"https:\/\/mula.es\/web\/wp-content\/uploads\/2023\/09\/El-alcalde-de-Mula-Juan-Jesus-Moreno-acompanado-por-el-equipo-de-Gobierno-en-la-inauguracion-de-la-Glorieta-del-Paseo-de-Mula.jpeg","datePublished":"2023-09-09T19:40:21+00:00","author":{"@id":"https:\/\/mula.es\/web\/#\/schema\/person\/4cc33fc69cd667605e1b6247815ac0c0"},"breadcrumb":{"@id":"https:\/\/mula.es\/web\/mula-inaugura-su-recien-restaurado-paseo-devolviendole-su-aspecto-original\/#breadcrumb"},"inLanguage":"es","potentialAction":[{"@type":"ReadAction","target":["https:\/\/mula.es\/web\/mula-inaugura-su-recien-restaurado-paseo-devolviendole-su-aspecto-original\/"]}]},{"@type":"ImageObject","inLanguage":"es","@id":"https:\/\/mula.es\/web\/mula-inaugura-su-recien-restaurado-paseo-devolviendole-su-aspecto-original\/#primaryimage","url":"https:\/\/mula.es\/web\/wp-content\/uploads\/2023\/09\/El-alcalde-de-Mula-Juan-Jesus-Moreno-acompanado-por-el-equipo-de-Gobierno-en-la-inauguracion-de-la-Glorieta-del-Paseo-de-Mula.jpeg","contentUrl":"https:\/\/mula.es\/web\/wp-content\/uploads\/2023\/09\/El-alcalde-de-Mula-Juan-Jesus-Moreno-acompanado-por-el-equipo-de-Gobierno-en-la-inauguracion-de-la-Glorieta-del-Paseo-de-Mula.jpeg","width":1600,"height":1200},{"@type":"BreadcrumbList","@id":"https:\/\/mula.es\/web\/mula-inaugura-su-recien-restaurado-paseo-devolviendole-su-aspecto-original\/#breadcrumb","itemListElement":[{"@type":"ListItem","position":1,"name":"Portada","item":"https:\/\/mula.es\/web\/"},{"@type":"ListItem","position":2,"name":"Mula inaugura su reci\u00e9n restaurado Paseo devolvi\u00e9ndole su aspecto original"}]},{"@type":"WebSite","@id":"https:\/\/mula.es\/web\/#website","url":"https:\/\/mula.es\/web\/","name":"Ayuntamiento de Mula","description":"P\u00e1gina web del Ayuntamiento de Mula (Regi\u00f3n de Murcia)","potentialAction":[{"@type":"SearchAction","target":{"@type":"EntryPoint","urlTemplate":"https:\/\/mula.es\/web\/?s={search_term_string}"},"query-input":{"@type":"PropertyValueSpecification","valueRequired":true,"valueName":"search_term_string"}}],"inLanguage":"es"},{"@type":"Person","@id":"https:\/\/mula.es\/web\/#\/schema\/person\/4cc33fc69cd667605e1b6247815ac0c0","name":"Mar\u00eda Bel\u00e9n Sumba Bravo","image":{"@type":"ImageObject","inLanguage":"es","@id":"https:\/\/secure.gravatar.com\/avatar\/8f65af12a8d72e866f97bba50325bdf89a5362533b6f2c9db8c88130883986b1?s=96&d=mm&r=g","url":"https:\/\/secure.gravatar.com\/avatar\/8f65af12a8d72e866f97bba50325bdf89a5362533b6f2c9db8c88130883986b1?s=96&d=mm&r=g","contentUrl":"https:\/\/secure.gravatar.com\/avatar\/8f65af12a8d72e866f97bba50325bdf89a5362533b6f2c9db8c88130883986b1?s=96&d=mm&r=g","caption":"Mar\u00eda Bel\u00e9n Sumba Bravo"},"url":"https:\/\/mula.es\/web\/author\/mbsumba\/"}]}},"jetpack_publicize_connections":[],"jetpack_featured_media_url":"https:\/\/mula.es\/web\/wp-content\/uploads\/2023\/09\/El-alcalde-de-Mula-Juan-Jesus-Moreno-acompanado-por-el-equipo-de-Gobierno-en-la-inauguracion-de-la-Glorieta-del-Paseo-de-Mula.jpeg","jetpack_sharing_enabled":true,"jetpack_shortlink":"https:\/\/wp.me\/pa9DMY-d2W","jetpack-related-posts":[],"_links":{"self":[{"href":"https:\/\/mula.es\/web\/wp-json\/wp\/v2\/posts\/50154","targetHints":{"allow":["GET"]}}],"collection":[{"href":"https:\/\/mula.es\/web\/wp-json\/wp\/v2\/posts"}],"about":[{"href":"https:\/\/mula.es\/web\/wp-json\/wp\/v2\/types\/post"}],"author":[{"embeddable":true,"href":"https:\/\/mula.es\/web\/wp-json\/wp\/v2\/users\/12"}],"replies":[{"embeddable":true,"href":"https:\/\/mula.es\/web\/wp-json\/wp\/v2\/comments?post=50154"}],"version-history":[{"count":8,"href":"https:\/\/mula.es\/web\/wp-json\/wp\/v2\/posts\/50154\/revisions"}],"predecessor-version":[{"id":50165,"href":"https:\/\/mula.es\/web\/wp-json\/wp\/v2\/posts\/50154\/revisions\/50165"}],"wp:featuredmedia":[{"embeddable":true,"href":"https:\/\/mula.es\/web\/wp-json\/wp\/v2\/media\/50158"}],"wp:attachment":[{"href":"https:\/\/mula.es\/web\/wp-json\/wp\/v2\/media?parent=50154"}],"wp:term":[{"taxonomy":"category","embeddable":true,"href":"https:\/\/mula.es\/web\/wp-json\/wp\/v2\/categories?post=50154"},{"taxonomy":"post_tag","embeddable":true,"href":"https:\/\/mula.es\/web\/wp-json\/wp\/v2\/tags?post=50154"}],"curies":[{"name":"wp","href":"https:\/\/api.w.org\/{rel}","templated":true}]}}