{"id":50166,"date":"2023-09-10T13:29:04","date_gmt":"2023-09-10T11:29:04","guid":{"rendered":"https:\/\/mula.es\/web\/?p=50166"},"modified":"2023-09-10T13:29:04","modified_gmt":"2023-09-10T11:29:04","slug":"mula-comienza-a-celebrar-el-375-aniversario-de-la-aparicion-del-nino-del-balate","status":"publish","type":"post","link":"https:\/\/mula.es\/web\/mula-comienza-a-celebrar-el-375-aniversario-de-la-aparicion-del-nino-del-balate\/","title":{"rendered":"Mula comienza a celebrar el 375 aniversario de la aparici\u00f3n del Ni\u00f1o del Balate"},"content":{"rendered":"<p style=\"text-align: justify;\"><strong>Este domingo, 10 de septiembre, se ha realizado la eucarist\u00eda que inaugura los actos de conmemoraci\u00f3n del 375 aniversario de la aparici\u00f3n del Ni\u00f1o Jes\u00fas del Balate. Celebrada en el Real Monasterio de la Encarnaci\u00f3n, ha contado con la presencia del alcalde de Mula, Juan Jes\u00fas Moreno, y miembros de la corporaci\u00f3n municipal.<\/strong><\/p>\n<p style=\"text-align: justify;\">Ante la presencia de la imagen del Ni\u00f1o del Balate, trasladado el pasado viernes en romer\u00eda desde el Santuario del Balate hasta el Real Monasterio de la Encarnaci\u00f3n, se ha celebrado la eucarist\u00eda para dar comienzo a la conmemoraci\u00f3n del aniversario de la aparici\u00f3n. Durante la celebraci\u00f3n, el alcalde de Mula ha expresado que \u201cen este a\u00f1o de conmemoraci\u00f3n destacamos el papel crucial que desempe\u00f1an nuestras tradiciones y nuestra historia en la formaci\u00f3n de nuestra identidad como municipio\u201d. Asimismo, ha hablado de que \u201creconocemos que la tradici\u00f3n no s\u00f3lo es una parte fundamental de nuestro pasado, sino que sigue siendo relevante en el presente y para las generaciones venideras\u201d.<\/p>\n<p style=\"text-align: justify;\">Entre los actos de conmemoraci\u00f3n del aniversario este mes de septiembre, en los que colabora el Ayuntamiento de Mula y organizados por la Real Cofrad\u00eda del Ni\u00f1o Jes\u00fas de Bel\u00e9n de Mula, la Parroquia de Santo Domingo de Guzm\u00e1n y el Obispado de Cartagena, destacan la tradicional peregrinaci\u00f3n nocturna para venerar la imagen del Ni\u00f1o del Balate y la vuelta de la imagen al Santuario del Balate.<\/p>\n<p style=\"text-align: justify;\">En la noche del 20 y madrugada del 21 de septiembre, Mula espera recibir a cientos de peregrinos que, venidos de distintos puntos de la Regi\u00f3n y del resto de la geograf\u00eda espa\u00f1ola, recorren caminos y carreteras para venerar la figura del Ni\u00f1o del Balate. Asimismo, el 22 de septiembre se realizar\u00e1 el traslado de la imagen del Ni\u00f1o en romer\u00eda hasta su santuario en el Balate.<\/p>\n<p style=\"text-align: justify;\">\u201cCelebremos con alegr\u00eda y gratitud este 375 aniversario. Miremos hacia adelante con esperanza y determinaci\u00f3n, sabiendo que tenemos un pasado rico que nos gu\u00eda y un futuro brillante que construir\u201d, ha concluido Juan Jes\u00fas Moreno durante su intervenci\u00f3n.<\/p>\n<p><a href=\"https:\/\/mula.es\/web\/wp-content\/uploads\/2023\/09\/Corporacion-municipal-375-aniversario-de-la-aparicion-del-Nino-del-Balate.jpeg\"><img decoding=\"async\" data-attachment-id=\"50167\" data-permalink=\"https:\/\/mula.es\/web\/mula-comienza-a-celebrar-el-375-aniversario-de-la-aparicion-del-nino-del-balate\/corporacion-municipal-375-aniversario-de-la-aparicion-del-nino-del-balate\/\" data-orig-file=\"https:\/\/mula.es\/web\/wp-content\/uploads\/2023\/09\/Corporacion-municipal-375-aniversario-de-la-aparicion-del-Nino-del-Balate.jpeg\" data-orig-size=\"1599,899\" data-comments-opened=\"0\" data-image-meta=\"{&quot;aperture&quot;:&quot;0&quot;,&quot;credit&quot;:&quot;&quot;,&quot;camera&quot;:&quot;&quot;,&quot;caption&quot;:&quot;&quot;,&quot;created_timestamp&quot;:&quot;0&quot;,&quot;copyright&quot;:&quot;&quot;,&quot;focal_length&quot;:&quot;0&quot;,&quot;iso&quot;:&quot;0&quot;,&quot;shutter_speed&quot;:&quot;0&quot;,&quot;title&quot;:&quot;&quot;,&quot;orientation&quot;:&quot;0&quot;}\" data-image-title=\"Corporaci\u00f3n municipal &amp;#8211; 375 aniversario de la aparici\u00f3n del Ni\u00f1o del Balate.\" data-image-description=\"\" data-image-caption=\"\" data-large-file=\"https:\/\/mula.es\/web\/wp-content\/uploads\/2023\/09\/Corporacion-municipal-375-aniversario-de-la-aparicion-del-Nino-del-Balate-1024x576.jpeg\" class=\" wp-image-50167 aligncenter\" src=\"https:\/\/mula.es\/web\/wp-content\/uploads\/2023\/09\/Corporacion-municipal-375-aniversario-de-la-aparicion-del-Nino-del-Balate.jpeg\" alt=\"\" width=\"564\" height=\"317\" srcset=\"https:\/\/mula.es\/web\/wp-content\/uploads\/2023\/09\/Corporacion-municipal-375-aniversario-de-la-aparicion-del-Nino-del-Balate-200x112.jpeg 200w, https:\/\/mula.es\/web\/wp-content\/uploads\/2023\/09\/Corporacion-municipal-375-aniversario-de-la-aparicion-del-Nino-del-Balate-300x169.jpeg 300w, https:\/\/mula.es\/web\/wp-content\/uploads\/2023\/09\/Corporacion-municipal-375-aniversario-de-la-aparicion-del-Nino-del-Balate-400x225.jpeg 400w, https:\/\/mula.es\/web\/wp-content\/uploads\/2023\/09\/Corporacion-municipal-375-aniversario-de-la-aparicion-del-Nino-del-Balate-600x337.jpeg 600w, https:\/\/mula.es\/web\/wp-content\/uploads\/2023\/09\/Corporacion-municipal-375-aniversario-de-la-aparicion-del-Nino-del-Balate-768x432.jpeg 768w, https:\/\/mula.es\/web\/wp-content\/uploads\/2023\/09\/Corporacion-municipal-375-aniversario-de-la-aparicion-del-Nino-del-Balate-800x450.jpeg 800w, https:\/\/mula.es\/web\/wp-content\/uploads\/2023\/09\/Corporacion-municipal-375-aniversario-de-la-aparicion-del-Nino-del-Balate-1024x576.jpeg 1024w, https:\/\/mula.es\/web\/wp-content\/uploads\/2023\/09\/Corporacion-municipal-375-aniversario-de-la-aparicion-del-Nino-del-Balate-1200x675.jpeg 1200w, https:\/\/mula.es\/web\/wp-content\/uploads\/2023\/09\/Corporacion-municipal-375-aniversario-de-la-aparicion-del-Nino-del-Balate-1536x864.jpeg 1536w, https:\/\/mula.es\/web\/wp-content\/uploads\/2023\/09\/Corporacion-municipal-375-aniversario-de-la-aparicion-del-Nino-del-Balate.jpeg 1599w\" sizes=\"(max-width: 564px) 100vw, 564px\" \/><\/a><\/p>\n<p>&nbsp;<\/p>\n","protected":false},"excerpt":{"rendered":"<p>Este domingo, 10 de septiembre, se ha realizado la eucarist\u00eda que inaugura los actos de conmemoraci\u00f3n del 375 aniversario de la aparici\u00f3n del Ni\u00f1o Jes\u00fas del Balate. Celebrada en el Real Monasterio de la Encarnaci\u00f3n, ha contado con la presencia del alcalde de Mula, Juan Jes\u00fas Moreno, y miembros de la corporaci\u00f3n municipal. Ante la  [&#8230;]<\/p>\n","protected":false},"author":12,"featured_media":50168,"comment_status":"closed","ping_status":"closed","sticky":false,"template":"","format":"standard","meta":{"jetpack_post_was_ever_published":false,"_jetpack_newsletter_access":"","_jetpack_dont_email_post_to_subs":false,"_jetpack_newsletter_tier_id":0,"_jetpack_memberships_contains_paywalled_content":false,"_jetpack_memberships_contains_paid_content":false,"footnotes":"","jetpack_publicize_message":"","jetpack_publicize_feature_enabled":true,"jetpack_social_post_already_shared":false,"jetpack_social_options":{"image_generator_settings":{"template":"highway","default_image_id":0,"font":"","enabled":false},"version":2}},"categories":[171],"tags":[],"class_list":["post-50166","post","type-post","status-publish","format-standard","has-post-thumbnail","hentry","category-festejos"],"yoast_head":"<!-- This site is optimized with the Yoast SEO plugin v27.4 - https:\/\/yoast.com\/product\/yoast-seo-wordpress\/ -->\n<title>Mula comienza a celebrar el 375 aniversario de la aparici\u00f3n del Ni\u00f1o del Balate - Ayuntamiento de Mula<\/title>\n<meta name=\"robots\" content=\"index, follow, max-snippet:-1, max-image-preview:large, max-video-preview:-1\" \/>\n<link rel=\"canonical\" href=\"https:\/\/mula.es\/web\/mula-comienza-a-celebrar-el-375-aniversario-de-la-aparicion-del-nino-del-balate\/\" \/>\n<meta property=\"og:locale\" content=\"es_ES\" \/>\n<meta property=\"og:type\" content=\"article\" \/>\n<meta property=\"og:title\" content=\"Mula comienza a celebrar el 375 aniversario de la aparici\u00f3n del Ni\u00f1o del Balate - Ayuntamiento de Mula\" \/>\n<meta property=\"og:description\" content=\"Este domingo, 10 de septiembre, se ha realizado la eucarist\u00eda que inaugura los actos de conmemoraci\u00f3n del 375 aniversario de la aparici\u00f3n del Ni\u00f1o Jes\u00fas del Balate. Celebrada en el Real Monasterio de la Encarnaci\u00f3n, ha contado con la presencia del alcalde de Mula, Juan Jes\u00fas Moreno, y miembros de la corporaci\u00f3n municipal. Ante la [...]\" \/>\n<meta property=\"og:url\" content=\"https:\/\/mula.es\/web\/mula-comienza-a-celebrar-el-375-aniversario-de-la-aparicion-del-nino-del-balate\/\" \/>\n<meta property=\"og:site_name\" content=\"Ayuntamiento de Mula\" \/>\n<meta property=\"article:published_time\" content=\"2023-09-10T11:29:04+00:00\" \/>\n<meta property=\"og:image\" content=\"https:\/\/mula.es\/web\/wp-content\/uploads\/2023\/09\/Juan-Jesus-Moreno-alcalde-de-Mula-durante-la-eucaristia-del-375-aniversario-de-la-aparicion-del-Nino-del-Balate.jpeg\" \/>\n\t<meta property=\"og:image:width\" content=\"1024\" \/>\n\t<meta property=\"og:image:height\" content=\"768\" \/>\n\t<meta property=\"og:image:type\" content=\"image\/jpeg\" \/>\n<meta name=\"author\" content=\"Mar\u00eda Bel\u00e9n Sumba Bravo\" \/>\n<meta name=\"twitter:card\" content=\"summary_large_image\" \/>\n<meta name=\"twitter:creator\" content=\"@AyuntamientMula\" \/>\n<meta name=\"twitter:site\" content=\"@AyuntamientMula\" \/>\n<meta name=\"twitter:label1\" content=\"Escrito por\" \/>\n\t<meta name=\"twitter:data1\" content=\"Mar\u00eda Bel\u00e9n Sumba Bravo\" \/>\n\t<meta name=\"twitter:label2\" content=\"Tiempo de lectura\" \/>\n\t<meta name=\"twitter:data2\" content=\"2 minutos\" \/>\n<script type=\"application\/ld+json\" class=\"yoast-schema-graph\">{\"@context\":\"https:\\\/\\\/schema.org\",\"@graph\":[{\"@type\":\"Article\",\"@id\":\"https:\\\/\\\/mula.es\\\/web\\\/mula-comienza-a-celebrar-el-375-aniversario-de-la-aparicion-del-nino-del-balate\\\/#article\",\"isPartOf\":{\"@id\":\"https:\\\/\\\/mula.es\\\/web\\\/mula-comienza-a-celebrar-el-375-aniversario-de-la-aparicion-del-nino-del-balate\\\/\"},\"author\":{\"name\":\"Mar\u00eda Bel\u00e9n Sumba Bravo\",\"@id\":\"https:\\\/\\\/mula.es\\\/web\\\/#\\\/schema\\\/person\\\/4cc33fc69cd667605e1b6247815ac0c0\"},\"headline\":\"Mula comienza a celebrar el 375 aniversario de la aparici\u00f3n del Ni\u00f1o del Balate\",\"datePublished\":\"2023-09-10T11:29:04+00:00\",\"mainEntityOfPage\":{\"@id\":\"https:\\\/\\\/mula.es\\\/web\\\/mula-comienza-a-celebrar-el-375-aniversario-de-la-aparicion-del-nino-del-balate\\\/\"},\"wordCount\":384,\"image\":{\"@id\":\"https:\\\/\\\/mula.es\\\/web\\\/mula-comienza-a-celebrar-el-375-aniversario-de-la-aparicion-del-nino-del-balate\\\/#primaryimage\"},\"thumbnailUrl\":\"https:\\\/\\\/mula.es\\\/web\\\/wp-content\\\/uploads\\\/2023\\\/09\\\/Juan-Jesus-Moreno-alcalde-de-Mula-durante-la-eucaristia-del-375-aniversario-de-la-aparicion-del-Nino-del-Balate.jpeg\",\"articleSection\":[\"festejos\"],\"inLanguage\":\"es\"},{\"@type\":\"WebPage\",\"@id\":\"https:\\\/\\\/mula.es\\\/web\\\/mula-comienza-a-celebrar-el-375-aniversario-de-la-aparicion-del-nino-del-balate\\\/\",\"url\":\"https:\\\/\\\/mula.es\\\/web\\\/mula-comienza-a-celebrar-el-375-aniversario-de-la-aparicion-del-nino-del-balate\\\/\",\"name\":\"Mula comienza a celebrar el 375 aniversario de la aparici\u00f3n del Ni\u00f1o del Balate - Ayuntamiento de Mula\",\"isPartOf\":{\"@id\":\"https:\\\/\\\/mula.es\\\/web\\\/#website\"},\"primaryImageOfPage\":{\"@id\":\"https:\\\/\\\/mula.es\\\/web\\\/mula-comienza-a-celebrar-el-375-aniversario-de-la-aparicion-del-nino-del-balate\\\/#primaryimage\"},\"image\":{\"@id\":\"https:\\\/\\\/mula.es\\\/web\\\/mula-comienza-a-celebrar-el-375-aniversario-de-la-aparicion-del-nino-del-balate\\\/#primaryimage\"},\"thumbnailUrl\":\"https:\\\/\\\/mula.es\\\/web\\\/wp-content\\\/uploads\\\/2023\\\/09\\\/Juan-Jesus-Moreno-alcalde-de-Mula-durante-la-eucaristia-del-375-aniversario-de-la-aparicion-del-Nino-del-Balate.jpeg\",\"datePublished\":\"2023-09-10T11:29:04+00:00\",\"author\":{\"@id\":\"https:\\\/\\\/mula.es\\\/web\\\/#\\\/schema\\\/person\\\/4cc33fc69cd667605e1b6247815ac0c0\"},\"breadcrumb\":{\"@id\":\"https:\\\/\\\/mula.es\\\/web\\\/mula-comienza-a-celebrar-el-375-aniversario-de-la-aparicion-del-nino-del-balate\\\/#breadcrumb\"},\"inLanguage\":\"es\",\"potentialAction\":[{\"@type\":\"ReadAction\",\"target\":[\"https:\\\/\\\/mula.es\\\/web\\\/mula-comienza-a-celebrar-el-375-aniversario-de-la-aparicion-del-nino-del-balate\\\/\"]}]},{\"@type\":\"ImageObject\",\"inLanguage\":\"es\",\"@id\":\"https:\\\/\\\/mula.es\\\/web\\\/mula-comienza-a-celebrar-el-375-aniversario-de-la-aparicion-del-nino-del-balate\\\/#primaryimage\",\"url\":\"https:\\\/\\\/mula.es\\\/web\\\/wp-content\\\/uploads\\\/2023\\\/09\\\/Juan-Jesus-Moreno-alcalde-de-Mula-durante-la-eucaristia-del-375-aniversario-de-la-aparicion-del-Nino-del-Balate.jpeg\",\"contentUrl\":\"https:\\\/\\\/mula.es\\\/web\\\/wp-content\\\/uploads\\\/2023\\\/09\\\/Juan-Jesus-Moreno-alcalde-de-Mula-durante-la-eucaristia-del-375-aniversario-de-la-aparicion-del-Nino-del-Balate.jpeg\",\"width\":1024,\"height\":768},{\"@type\":\"BreadcrumbList\",\"@id\":\"https:\\\/\\\/mula.es\\\/web\\\/mula-comienza-a-celebrar-el-375-aniversario-de-la-aparicion-del-nino-del-balate\\\/#breadcrumb\",\"itemListElement\":[{\"@type\":\"ListItem\",\"position\":1,\"name\":\"Portada\",\"item\":\"https:\\\/\\\/mula.es\\\/web\\\/\"},{\"@type\":\"ListItem\",\"position\":2,\"name\":\"Mula comienza a celebrar el 375 aniversario de la aparici\u00f3n del Ni\u00f1o del Balate\"}]},{\"@type\":\"WebSite\",\"@id\":\"https:\\\/\\\/mula.es\\\/web\\\/#website\",\"url\":\"https:\\\/\\\/mula.es\\\/web\\\/\",\"name\":\"Ayuntamiento de Mula\",\"description\":\"P\u00e1gina web del Ayuntamiento de Mula (Regi\u00f3n de Murcia)\",\"potentialAction\":[{\"@type\":\"SearchAction\",\"target\":{\"@type\":\"EntryPoint\",\"urlTemplate\":\"https:\\\/\\\/mula.es\\\/web\\\/?s={search_term_string}\"},\"query-input\":{\"@type\":\"PropertyValueSpecification\",\"valueRequired\":true,\"valueName\":\"search_term_string\"}}],\"inLanguage\":\"es\"},{\"@type\":\"Person\",\"@id\":\"https:\\\/\\\/mula.es\\\/web\\\/#\\\/schema\\\/person\\\/4cc33fc69cd667605e1b6247815ac0c0\",\"name\":\"Mar\u00eda Bel\u00e9n Sumba Bravo\",\"image\":{\"@type\":\"ImageObject\",\"inLanguage\":\"es\",\"@id\":\"https:\\\/\\\/secure.gravatar.com\\\/avatar\\\/8f65af12a8d72e866f97bba50325bdf89a5362533b6f2c9db8c88130883986b1?s=96&d=mm&r=g\",\"url\":\"https:\\\/\\\/secure.gravatar.com\\\/avatar\\\/8f65af12a8d72e866f97bba50325bdf89a5362533b6f2c9db8c88130883986b1?s=96&d=mm&r=g\",\"contentUrl\":\"https:\\\/\\\/secure.gravatar.com\\\/avatar\\\/8f65af12a8d72e866f97bba50325bdf89a5362533b6f2c9db8c88130883986b1?s=96&d=mm&r=g\",\"caption\":\"Mar\u00eda Bel\u00e9n Sumba Bravo\"},\"url\":\"https:\\\/\\\/mula.es\\\/web\\\/author\\\/mbsumba\\\/\"}]}<\/script>\n<!-- \/ Yoast SEO plugin. -->","yoast_head_json":{"title":"Mula comienza a celebrar el 375 aniversario de la aparici\u00f3n del Ni\u00f1o del Balate - Ayuntamiento de Mula","robots":{"index":"index","follow":"follow","max-snippet":"max-snippet:-1","max-image-preview":"max-image-preview:large","max-video-preview":"max-video-preview:-1"},"canonical":"https:\/\/mula.es\/web\/mula-comienza-a-celebrar-el-375-aniversario-de-la-aparicion-del-nino-del-balate\/","og_locale":"es_ES","og_type":"article","og_title":"Mula comienza a celebrar el 375 aniversario de la aparici\u00f3n del Ni\u00f1o del Balate - Ayuntamiento de Mula","og_description":"Este domingo, 10 de septiembre, se ha realizado la eucarist\u00eda que inaugura los actos de conmemoraci\u00f3n del 375 aniversario de la aparici\u00f3n del Ni\u00f1o Jes\u00fas del Balate. Celebrada en el Real Monasterio de la Encarnaci\u00f3n, ha contado con la presencia del alcalde de Mula, Juan Jes\u00fas Moreno, y miembros de la corporaci\u00f3n municipal. Ante la [...]","og_url":"https:\/\/mula.es\/web\/mula-comienza-a-celebrar-el-375-aniversario-de-la-aparicion-del-nino-del-balate\/","og_site_name":"Ayuntamiento de Mula","article_published_time":"2023-09-10T11:29:04+00:00","og_image":[{"width":1024,"height":768,"url":"https:\/\/mula.es\/web\/wp-content\/uploads\/2023\/09\/Juan-Jesus-Moreno-alcalde-de-Mula-durante-la-eucaristia-del-375-aniversario-de-la-aparicion-del-Nino-del-Balate.jpeg","type":"image\/jpeg"}],"author":"Mar\u00eda Bel\u00e9n Sumba Bravo","twitter_card":"summary_large_image","twitter_creator":"@AyuntamientMula","twitter_site":"@AyuntamientMula","twitter_misc":{"Escrito por":"Mar\u00eda Bel\u00e9n Sumba Bravo","Tiempo de lectura":"2 minutos"},"schema":{"@context":"https:\/\/schema.org","@graph":[{"@type":"Article","@id":"https:\/\/mula.es\/web\/mula-comienza-a-celebrar-el-375-aniversario-de-la-aparicion-del-nino-del-balate\/#article","isPartOf":{"@id":"https:\/\/mula.es\/web\/mula-comienza-a-celebrar-el-375-aniversario-de-la-aparicion-del-nino-del-balate\/"},"author":{"name":"Mar\u00eda Bel\u00e9n Sumba Bravo","@id":"https:\/\/mula.es\/web\/#\/schema\/person\/4cc33fc69cd667605e1b6247815ac0c0"},"headline":"Mula comienza a celebrar el 375 aniversario de la aparici\u00f3n del Ni\u00f1o del Balate","datePublished":"2023-09-10T11:29:04+00:00","mainEntityOfPage":{"@id":"https:\/\/mula.es\/web\/mula-comienza-a-celebrar-el-375-aniversario-de-la-aparicion-del-nino-del-balate\/"},"wordCount":384,"image":{"@id":"https:\/\/mula.es\/web\/mula-comienza-a-celebrar-el-375-aniversario-de-la-aparicion-del-nino-del-balate\/#primaryimage"},"thumbnailUrl":"https:\/\/mula.es\/web\/wp-content\/uploads\/2023\/09\/Juan-Jesus-Moreno-alcalde-de-Mula-durante-la-eucaristia-del-375-aniversario-de-la-aparicion-del-Nino-del-Balate.jpeg","articleSection":["festejos"],"inLanguage":"es"},{"@type":"WebPage","@id":"https:\/\/mula.es\/web\/mula-comienza-a-celebrar-el-375-aniversario-de-la-aparicion-del-nino-del-balate\/","url":"https:\/\/mula.es\/web\/mula-comienza-a-celebrar-el-375-aniversario-de-la-aparicion-del-nino-del-balate\/","name":"Mula comienza a celebrar el 375 aniversario de la aparici\u00f3n del Ni\u00f1o del Balate - Ayuntamiento de Mula","isPartOf":{"@id":"https:\/\/mula.es\/web\/#website"},"primaryImageOfPage":{"@id":"https:\/\/mula.es\/web\/mula-comienza-a-celebrar-el-375-aniversario-de-la-aparicion-del-nino-del-balate\/#primaryimage"},"image":{"@id":"https:\/\/mula.es\/web\/mula-comienza-a-celebrar-el-375-aniversario-de-la-aparicion-del-nino-del-balate\/#primaryimage"},"thumbnailUrl":"https:\/\/mula.es\/web\/wp-content\/uploads\/2023\/09\/Juan-Jesus-Moreno-alcalde-de-Mula-durante-la-eucaristia-del-375-aniversario-de-la-aparicion-del-Nino-del-Balate.jpeg","datePublished":"2023-09-10T11:29:04+00:00","author":{"@id":"https:\/\/mula.es\/web\/#\/schema\/person\/4cc33fc69cd667605e1b6247815ac0c0"},"breadcrumb":{"@id":"https:\/\/mula.es\/web\/mula-comienza-a-celebrar-el-375-aniversario-de-la-aparicion-del-nino-del-balate\/#breadcrumb"},"inLanguage":"es","potentialAction":[{"@type":"ReadAction","target":["https:\/\/mula.es\/web\/mula-comienza-a-celebrar-el-375-aniversario-de-la-aparicion-del-nino-del-balate\/"]}]},{"@type":"ImageObject","inLanguage":"es","@id":"https:\/\/mula.es\/web\/mula-comienza-a-celebrar-el-375-aniversario-de-la-aparicion-del-nino-del-balate\/#primaryimage","url":"https:\/\/mula.es\/web\/wp-content\/uploads\/2023\/09\/Juan-Jesus-Moreno-alcalde-de-Mula-durante-la-eucaristia-del-375-aniversario-de-la-aparicion-del-Nino-del-Balate.jpeg","contentUrl":"https:\/\/mula.es\/web\/wp-content\/uploads\/2023\/09\/Juan-Jesus-Moreno-alcalde-de-Mula-durante-la-eucaristia-del-375-aniversario-de-la-aparicion-del-Nino-del-Balate.jpeg","width":1024,"height":768},{"@type":"BreadcrumbList","@id":"https:\/\/mula.es\/web\/mula-comienza-a-celebrar-el-375-aniversario-de-la-aparicion-del-nino-del-balate\/#breadcrumb","itemListElement":[{"@type":"ListItem","position":1,"name":"Portada","item":"https:\/\/mula.es\/web\/"},{"@type":"ListItem","position":2,"name":"Mula comienza a celebrar el 375 aniversario de la aparici\u00f3n del Ni\u00f1o del Balate"}]},{"@type":"WebSite","@id":"https:\/\/mula.es\/web\/#website","url":"https:\/\/mula.es\/web\/","name":"Ayuntamiento de Mula","description":"P\u00e1gina web del Ayuntamiento de Mula (Regi\u00f3n de Murcia)","potentialAction":[{"@type":"SearchAction","target":{"@type":"EntryPoint","urlTemplate":"https:\/\/mula.es\/web\/?s={search_term_string}"},"query-input":{"@type":"PropertyValueSpecification","valueRequired":true,"valueName":"search_term_string"}}],"inLanguage":"es"},{"@type":"Person","@id":"https:\/\/mula.es\/web\/#\/schema\/person\/4cc33fc69cd667605e1b6247815ac0c0","name":"Mar\u00eda Bel\u00e9n Sumba Bravo","image":{"@type":"ImageObject","inLanguage":"es","@id":"https:\/\/secure.gravatar.com\/avatar\/8f65af12a8d72e866f97bba50325bdf89a5362533b6f2c9db8c88130883986b1?s=96&d=mm&r=g","url":"https:\/\/secure.gravatar.com\/avatar\/8f65af12a8d72e866f97bba50325bdf89a5362533b6f2c9db8c88130883986b1?s=96&d=mm&r=g","contentUrl":"https:\/\/secure.gravatar.com\/avatar\/8f65af12a8d72e866f97bba50325bdf89a5362533b6f2c9db8c88130883986b1?s=96&d=mm&r=g","caption":"Mar\u00eda Bel\u00e9n Sumba Bravo"},"url":"https:\/\/mula.es\/web\/author\/mbsumba\/"}]}},"jetpack_publicize_connections":[],"jetpack_featured_media_url":"https:\/\/mula.es\/web\/wp-content\/uploads\/2023\/09\/Juan-Jesus-Moreno-alcalde-de-Mula-durante-la-eucaristia-del-375-aniversario-de-la-aparicion-del-Nino-del-Balate.jpeg","jetpack_sharing_enabled":true,"jetpack_shortlink":"https:\/\/wp.me\/pa9DMY-d38","jetpack-related-posts":[],"_links":{"self":[{"href":"https:\/\/mula.es\/web\/wp-json\/wp\/v2\/posts\/50166","targetHints":{"allow":["GET"]}}],"collection":[{"href":"https:\/\/mula.es\/web\/wp-json\/wp\/v2\/posts"}],"about":[{"href":"https:\/\/mula.es\/web\/wp-json\/wp\/v2\/types\/post"}],"author":[{"embeddable":true,"href":"https:\/\/mula.es\/web\/wp-json\/wp\/v2\/users\/12"}],"replies":[{"embeddable":true,"href":"https:\/\/mula.es\/web\/wp-json\/wp\/v2\/comments?post=50166"}],"version-history":[{"count":1,"href":"https:\/\/mula.es\/web\/wp-json\/wp\/v2\/posts\/50166\/revisions"}],"predecessor-version":[{"id":50169,"href":"https:\/\/mula.es\/web\/wp-json\/wp\/v2\/posts\/50166\/revisions\/50169"}],"wp:featuredmedia":[{"embeddable":true,"href":"https:\/\/mula.es\/web\/wp-json\/wp\/v2\/media\/50168"}],"wp:attachment":[{"href":"https:\/\/mula.es\/web\/wp-json\/wp\/v2\/media?parent=50166"}],"wp:term":[{"taxonomy":"category","embeddable":true,"href":"https:\/\/mula.es\/web\/wp-json\/wp\/v2\/categories?post=50166"},{"taxonomy":"post_tag","embeddable":true,"href":"https:\/\/mula.es\/web\/wp-json\/wp\/v2\/tags?post=50166"}],"curies":[{"name":"wp","href":"https:\/\/api.w.org\/{rel}","templated":true}]}}