{"id":50991,"date":"2023-11-16T14:25:32","date_gmt":"2023-11-16T13:25:32","guid":{"rendered":"https:\/\/mula.es\/web\/?p=50991"},"modified":"2023-11-16T14:25:32","modified_gmt":"2023-11-16T13:25:32","slug":"igualdad-el-ayuntamiento-de-mula-programa-actividades-para-concienciar-contra-la-violencia-de-genero-con-motivo-del-25-n-2","status":"publish","type":"post","link":"https:\/\/mula.es\/web\/igualdad-el-ayuntamiento-de-mula-programa-actividades-para-concienciar-contra-la-violencia-de-genero-con-motivo-del-25-n-2\/","title":{"rendered":"IGUALDAD | El Ayuntamiento de Mula programa actividades para concienciar contra la violencia de g\u00e9nero con motivo del 25-N"},"content":{"rendered":"<p>El Ayuntamiento de Mula, a trav\u00e9s de su Concejal\u00eda de Mujer e Igualdad, ha programado una serie de actividades con motivo del 25 de noviembre, D\u00eda Internacional de la Eliminaci\u00f3n de la Violencia contra la Mujer. La programaci\u00f3n se extiende desde el 18 hasta el 28 de noviembre.<\/p>\n<p>El acto de presentaci\u00f3n, celebrado en el Convento de San Francisco, ha contado con la presencia del Juan Jes\u00fas Moreno, alcalde de Mula, y la concejala de Mujer e Igualdad Ana Bel\u00e9n P\u00e9rez, que ha enumerado la bater\u00eda de actividades que se llevar\u00e1n a cabo durante la segunda mitad del mes de noviembre, animando a todos los mule\u00f1os y mule\u00f1as a participar en las mismas; talleres de defensa personal, lecturas, pel\u00edculas, cuentacuentos, actividades deportivas, obras teatrales y la lectura del manifiesto institucional, dar\u00e1n contenido a esta extensa programaci\u00f3n elaborada por la Concejal\u00eda de Mujer e Igualdad. Asimismo, la titular municipal de este \u00e1rea, Ana Bel\u00e9n P\u00e9rez, se\u00f1alaba que el 25N es un d\u00eda en el que recordamos y reflexionamos sobre la lucha que a\u00fan debemos librar para erradicar todo tipo de violencia hacia las mujeres de nuestra sociedad.<\/p>\n<p>Por su parte, Juan Jes\u00fas Moreno quiso hacer un llamamiento al conjunto de la sociedad y a las distintas administraciones para comprometerse activamente en la prevenci\u00f3n y erradicaci\u00f3n de la violencia contra las mujeres. \u201ces necesario que nos detengamos a pensar en las infinitas formas en las que la violencia se manifiesta en las mujeres, desde la violencia dom\u00e9stica hasta el acoso en las calles, pasando por la violencia sexual, psicol\u00f3gica y econ\u00f3mica. Cada una de estar formas deja profundas cicatrices en la vida de las mujeres y debemos de trabajar todos juntos para brindarles el apoyo y, sobre todo, la protecci\u00f3n que merecen\u201d, se\u00f1ala el alcalde de Mula, que tambi\u00e9n quiso agradecer el trabajo del CAVI y el de todas las organizaciones y personas que trabajan incansablemente para combatir esta lacra.<\/p>\n","protected":false},"excerpt":{"rendered":"<p>El Ayuntamiento de Mula, a trav\u00e9s de su Concejal\u00eda de Mujer e Igualdad, ha programado una serie de actividades con motivo del 25 de noviembre, D\u00eda Internacional de la Eliminaci\u00f3n de la Violencia contra la Mujer. La programaci\u00f3n se extiende desde el 18 hasta el 28 de noviembre. El acto de presentaci\u00f3n, celebrado en el  [&#8230;]<\/p>\n","protected":false},"author":1,"featured_media":50992,"comment_status":"closed","ping_status":"closed","sticky":false,"template":"","format":"standard","meta":{"jetpack_post_was_ever_published":false,"_jetpack_newsletter_access":"","_jetpack_dont_email_post_to_subs":false,"_jetpack_newsletter_tier_id":0,"_jetpack_memberships_contains_paywalled_content":false,"_jetpack_memberships_contains_paid_content":false,"footnotes":"","jetpack_publicize_message":"","jetpack_publicize_feature_enabled":true,"jetpack_social_post_already_shared":false,"jetpack_social_options":{"image_generator_settings":{"template":"highway","default_image_id":0,"font":"","enabled":false},"version":2}},"categories":[147,116],"tags":[],"class_list":["post-50991","post","type-post","status-publish","format-standard","has-post-thumbnail","hentry","category-igualdad","category-mujer"],"yoast_head":"<!-- This site is optimized with the Yoast SEO plugin v27.4 - https:\/\/yoast.com\/product\/yoast-seo-wordpress\/ -->\n<title>IGUALDAD | El Ayuntamiento de Mula programa actividades para concienciar contra la violencia de g\u00e9nero con motivo del 25-N - Ayuntamiento de Mula<\/title>\n<meta name=\"robots\" content=\"index, follow, max-snippet:-1, max-image-preview:large, max-video-preview:-1\" \/>\n<link rel=\"canonical\" href=\"https:\/\/mula.es\/web\/igualdad-el-ayuntamiento-de-mula-programa-actividades-para-concienciar-contra-la-violencia-de-genero-con-motivo-del-25-n-2\/\" \/>\n<meta property=\"og:locale\" content=\"es_ES\" \/>\n<meta property=\"og:type\" content=\"article\" \/>\n<meta property=\"og:title\" content=\"IGUALDAD | El Ayuntamiento de Mula programa actividades para concienciar contra la violencia de g\u00e9nero con motivo del 25-N - Ayuntamiento de Mula\" \/>\n<meta property=\"og:description\" content=\"El Ayuntamiento de Mula, a trav\u00e9s de su Concejal\u00eda de Mujer e Igualdad, ha programado una serie de actividades con motivo del 25 de noviembre, D\u00eda Internacional de la Eliminaci\u00f3n de la Violencia contra la Mujer. La programaci\u00f3n se extiende desde el 18 hasta el 28 de noviembre. El acto de presentaci\u00f3n, celebrado en el [...]\" \/>\n<meta property=\"og:url\" content=\"https:\/\/mula.es\/web\/igualdad-el-ayuntamiento-de-mula-programa-actividades-para-concienciar-contra-la-violencia-de-genero-con-motivo-del-25-n-2\/\" \/>\n<meta property=\"og:site_name\" content=\"Ayuntamiento de Mula\" \/>\n<meta property=\"article:published_time\" content=\"2023-11-16T13:25:32+00:00\" \/>\n<meta property=\"og:image\" content=\"https:\/\/mula.es\/web\/wp-content\/uploads\/2023\/11\/IMG_4021-scaled.jpg\" \/>\n\t<meta property=\"og:image:width\" content=\"2560\" \/>\n\t<meta property=\"og:image:height\" content=\"1920\" \/>\n\t<meta property=\"og:image:type\" content=\"image\/jpeg\" \/>\n<meta name=\"author\" content=\"admin\" \/>\n<meta name=\"twitter:card\" content=\"summary_large_image\" \/>\n<meta name=\"twitter:creator\" content=\"@AyuntamientMula\" \/>\n<meta name=\"twitter:site\" content=\"@AyuntamientMula\" \/>\n<meta name=\"twitter:label1\" content=\"Escrito por\" \/>\n\t<meta name=\"twitter:data1\" content=\"admin\" \/>\n\t<meta name=\"twitter:label2\" content=\"Tiempo de lectura\" \/>\n\t<meta name=\"twitter:data2\" content=\"2 minutos\" \/>\n<script type=\"application\/ld+json\" class=\"yoast-schema-graph\">{\"@context\":\"https:\\\/\\\/schema.org\",\"@graph\":[{\"@type\":\"Article\",\"@id\":\"https:\\\/\\\/mula.es\\\/web\\\/igualdad-el-ayuntamiento-de-mula-programa-actividades-para-concienciar-contra-la-violencia-de-genero-con-motivo-del-25-n-2\\\/#article\",\"isPartOf\":{\"@id\":\"https:\\\/\\\/mula.es\\\/web\\\/igualdad-el-ayuntamiento-de-mula-programa-actividades-para-concienciar-contra-la-violencia-de-genero-con-motivo-del-25-n-2\\\/\"},\"author\":{\"name\":\"admin\",\"@id\":\"https:\\\/\\\/mula.es\\\/web\\\/#\\\/schema\\\/person\\\/a0dbffe9f4a3ed4aaebedcfef02f71a1\"},\"headline\":\"IGUALDAD | El Ayuntamiento de Mula programa actividades para concienciar contra la violencia de g\u00e9nero con motivo del 25-N\",\"datePublished\":\"2023-11-16T13:25:32+00:00\",\"mainEntityOfPage\":{\"@id\":\"https:\\\/\\\/mula.es\\\/web\\\/igualdad-el-ayuntamiento-de-mula-programa-actividades-para-concienciar-contra-la-violencia-de-genero-con-motivo-del-25-n-2\\\/\"},\"wordCount\":365,\"image\":{\"@id\":\"https:\\\/\\\/mula.es\\\/web\\\/igualdad-el-ayuntamiento-de-mula-programa-actividades-para-concienciar-contra-la-violencia-de-genero-con-motivo-del-25-n-2\\\/#primaryimage\"},\"thumbnailUrl\":\"https:\\\/\\\/mula.es\\\/web\\\/wp-content\\\/uploads\\\/2023\\\/11\\\/IMG_4021-scaled.jpg\",\"articleSection\":[\"igualdad\",\"mujer\"],\"inLanguage\":\"es\"},{\"@type\":\"WebPage\",\"@id\":\"https:\\\/\\\/mula.es\\\/web\\\/igualdad-el-ayuntamiento-de-mula-programa-actividades-para-concienciar-contra-la-violencia-de-genero-con-motivo-del-25-n-2\\\/\",\"url\":\"https:\\\/\\\/mula.es\\\/web\\\/igualdad-el-ayuntamiento-de-mula-programa-actividades-para-concienciar-contra-la-violencia-de-genero-con-motivo-del-25-n-2\\\/\",\"name\":\"IGUALDAD | El Ayuntamiento de Mula programa actividades para concienciar contra la violencia de g\u00e9nero con motivo del 25-N - Ayuntamiento de Mula\",\"isPartOf\":{\"@id\":\"https:\\\/\\\/mula.es\\\/web\\\/#website\"},\"primaryImageOfPage\":{\"@id\":\"https:\\\/\\\/mula.es\\\/web\\\/igualdad-el-ayuntamiento-de-mula-programa-actividades-para-concienciar-contra-la-violencia-de-genero-con-motivo-del-25-n-2\\\/#primaryimage\"},\"image\":{\"@id\":\"https:\\\/\\\/mula.es\\\/web\\\/igualdad-el-ayuntamiento-de-mula-programa-actividades-para-concienciar-contra-la-violencia-de-genero-con-motivo-del-25-n-2\\\/#primaryimage\"},\"thumbnailUrl\":\"https:\\\/\\\/mula.es\\\/web\\\/wp-content\\\/uploads\\\/2023\\\/11\\\/IMG_4021-scaled.jpg\",\"datePublished\":\"2023-11-16T13:25:32+00:00\",\"author\":{\"@id\":\"https:\\\/\\\/mula.es\\\/web\\\/#\\\/schema\\\/person\\\/a0dbffe9f4a3ed4aaebedcfef02f71a1\"},\"breadcrumb\":{\"@id\":\"https:\\\/\\\/mula.es\\\/web\\\/igualdad-el-ayuntamiento-de-mula-programa-actividades-para-concienciar-contra-la-violencia-de-genero-con-motivo-del-25-n-2\\\/#breadcrumb\"},\"inLanguage\":\"es\",\"potentialAction\":[{\"@type\":\"ReadAction\",\"target\":[\"https:\\\/\\\/mula.es\\\/web\\\/igualdad-el-ayuntamiento-de-mula-programa-actividades-para-concienciar-contra-la-violencia-de-genero-con-motivo-del-25-n-2\\\/\"]}]},{\"@type\":\"ImageObject\",\"inLanguage\":\"es\",\"@id\":\"https:\\\/\\\/mula.es\\\/web\\\/igualdad-el-ayuntamiento-de-mula-programa-actividades-para-concienciar-contra-la-violencia-de-genero-con-motivo-del-25-n-2\\\/#primaryimage\",\"url\":\"https:\\\/\\\/mula.es\\\/web\\\/wp-content\\\/uploads\\\/2023\\\/11\\\/IMG_4021-scaled.jpg\",\"contentUrl\":\"https:\\\/\\\/mula.es\\\/web\\\/wp-content\\\/uploads\\\/2023\\\/11\\\/IMG_4021-scaled.jpg\",\"width\":2560,\"height\":1920},{\"@type\":\"BreadcrumbList\",\"@id\":\"https:\\\/\\\/mula.es\\\/web\\\/igualdad-el-ayuntamiento-de-mula-programa-actividades-para-concienciar-contra-la-violencia-de-genero-con-motivo-del-25-n-2\\\/#breadcrumb\",\"itemListElement\":[{\"@type\":\"ListItem\",\"position\":1,\"name\":\"Portada\",\"item\":\"https:\\\/\\\/mula.es\\\/web\\\/\"},{\"@type\":\"ListItem\",\"position\":2,\"name\":\"IGUALDAD | El Ayuntamiento de Mula programa actividades para concienciar contra la violencia de g\u00e9nero con motivo del 25-N\"}]},{\"@type\":\"WebSite\",\"@id\":\"https:\\\/\\\/mula.es\\\/web\\\/#website\",\"url\":\"https:\\\/\\\/mula.es\\\/web\\\/\",\"name\":\"Ayuntamiento de Mula\",\"description\":\"P\u00e1gina web del Ayuntamiento de Mula (Regi\u00f3n de Murcia)\",\"potentialAction\":[{\"@type\":\"SearchAction\",\"target\":{\"@type\":\"EntryPoint\",\"urlTemplate\":\"https:\\\/\\\/mula.es\\\/web\\\/?s={search_term_string}\"},\"query-input\":{\"@type\":\"PropertyValueSpecification\",\"valueRequired\":true,\"valueName\":\"search_term_string\"}}],\"inLanguage\":\"es\"},{\"@type\":\"Person\",\"@id\":\"https:\\\/\\\/mula.es\\\/web\\\/#\\\/schema\\\/person\\\/a0dbffe9f4a3ed4aaebedcfef02f71a1\",\"name\":\"admin\",\"image\":{\"@type\":\"ImageObject\",\"inLanguage\":\"es\",\"@id\":\"https:\\\/\\\/secure.gravatar.com\\\/avatar\\\/5423b9cd77f4c7f89a124365a268866f9dfee038c17fe9e37afd92b5920d810e?s=96&d=mm&r=g\",\"url\":\"https:\\\/\\\/secure.gravatar.com\\\/avatar\\\/5423b9cd77f4c7f89a124365a268866f9dfee038c17fe9e37afd92b5920d810e?s=96&d=mm&r=g\",\"contentUrl\":\"https:\\\/\\\/secure.gravatar.com\\\/avatar\\\/5423b9cd77f4c7f89a124365a268866f9dfee038c17fe9e37afd92b5920d810e?s=96&d=mm&r=g\",\"caption\":\"admin\"},\"description\":\"Lorem ipsum dolor sit amet, consectetur adipiscing elit. Nam viverra euismod odio, gravida pellentesque urna varius vitae. Sed dui lorem, adipiscing in adipiscing et, interdum nec metus. Mauris ultricies, justo eu convallis placerat, felis enim ornare nisi, vitae mattis nulla ante id dui. Ut lectus purus, commodo et tincidunt vel, interdum sed lectus. Vestibulum adipiscing tempor nisi id elementi.\",\"url\":\"https:\\\/\\\/mula.es\\\/web\\\/author\\\/jose-maria-boti\\\/\"}]}<\/script>\n<!-- \/ Yoast SEO plugin. -->","yoast_head_json":{"title":"IGUALDAD | El Ayuntamiento de Mula programa actividades para concienciar contra la violencia de g\u00e9nero con motivo del 25-N - Ayuntamiento de Mula","robots":{"index":"index","follow":"follow","max-snippet":"max-snippet:-1","max-image-preview":"max-image-preview:large","max-video-preview":"max-video-preview:-1"},"canonical":"https:\/\/mula.es\/web\/igualdad-el-ayuntamiento-de-mula-programa-actividades-para-concienciar-contra-la-violencia-de-genero-con-motivo-del-25-n-2\/","og_locale":"es_ES","og_type":"article","og_title":"IGUALDAD | El Ayuntamiento de Mula programa actividades para concienciar contra la violencia de g\u00e9nero con motivo del 25-N - Ayuntamiento de Mula","og_description":"El Ayuntamiento de Mula, a trav\u00e9s de su Concejal\u00eda de Mujer e Igualdad, ha programado una serie de actividades con motivo del 25 de noviembre, D\u00eda Internacional de la Eliminaci\u00f3n de la Violencia contra la Mujer. La programaci\u00f3n se extiende desde el 18 hasta el 28 de noviembre. El acto de presentaci\u00f3n, celebrado en el [...]","og_url":"https:\/\/mula.es\/web\/igualdad-el-ayuntamiento-de-mula-programa-actividades-para-concienciar-contra-la-violencia-de-genero-con-motivo-del-25-n-2\/","og_site_name":"Ayuntamiento de Mula","article_published_time":"2023-11-16T13:25:32+00:00","og_image":[{"width":2560,"height":1920,"url":"https:\/\/mula.es\/web\/wp-content\/uploads\/2023\/11\/IMG_4021-scaled.jpg","type":"image\/jpeg"}],"author":"admin","twitter_card":"summary_large_image","twitter_creator":"@AyuntamientMula","twitter_site":"@AyuntamientMula","twitter_misc":{"Escrito por":"admin","Tiempo de lectura":"2 minutos"},"schema":{"@context":"https:\/\/schema.org","@graph":[{"@type":"Article","@id":"https:\/\/mula.es\/web\/igualdad-el-ayuntamiento-de-mula-programa-actividades-para-concienciar-contra-la-violencia-de-genero-con-motivo-del-25-n-2\/#article","isPartOf":{"@id":"https:\/\/mula.es\/web\/igualdad-el-ayuntamiento-de-mula-programa-actividades-para-concienciar-contra-la-violencia-de-genero-con-motivo-del-25-n-2\/"},"author":{"name":"admin","@id":"https:\/\/mula.es\/web\/#\/schema\/person\/a0dbffe9f4a3ed4aaebedcfef02f71a1"},"headline":"IGUALDAD | El Ayuntamiento de Mula programa actividades para concienciar contra la violencia de g\u00e9nero con motivo del 25-N","datePublished":"2023-11-16T13:25:32+00:00","mainEntityOfPage":{"@id":"https:\/\/mula.es\/web\/igualdad-el-ayuntamiento-de-mula-programa-actividades-para-concienciar-contra-la-violencia-de-genero-con-motivo-del-25-n-2\/"},"wordCount":365,"image":{"@id":"https:\/\/mula.es\/web\/igualdad-el-ayuntamiento-de-mula-programa-actividades-para-concienciar-contra-la-violencia-de-genero-con-motivo-del-25-n-2\/#primaryimage"},"thumbnailUrl":"https:\/\/mula.es\/web\/wp-content\/uploads\/2023\/11\/IMG_4021-scaled.jpg","articleSection":["igualdad","mujer"],"inLanguage":"es"},{"@type":"WebPage","@id":"https:\/\/mula.es\/web\/igualdad-el-ayuntamiento-de-mula-programa-actividades-para-concienciar-contra-la-violencia-de-genero-con-motivo-del-25-n-2\/","url":"https:\/\/mula.es\/web\/igualdad-el-ayuntamiento-de-mula-programa-actividades-para-concienciar-contra-la-violencia-de-genero-con-motivo-del-25-n-2\/","name":"IGUALDAD | El Ayuntamiento de Mula programa actividades para concienciar contra la violencia de g\u00e9nero con motivo del 25-N - Ayuntamiento de Mula","isPartOf":{"@id":"https:\/\/mula.es\/web\/#website"},"primaryImageOfPage":{"@id":"https:\/\/mula.es\/web\/igualdad-el-ayuntamiento-de-mula-programa-actividades-para-concienciar-contra-la-violencia-de-genero-con-motivo-del-25-n-2\/#primaryimage"},"image":{"@id":"https:\/\/mula.es\/web\/igualdad-el-ayuntamiento-de-mula-programa-actividades-para-concienciar-contra-la-violencia-de-genero-con-motivo-del-25-n-2\/#primaryimage"},"thumbnailUrl":"https:\/\/mula.es\/web\/wp-content\/uploads\/2023\/11\/IMG_4021-scaled.jpg","datePublished":"2023-11-16T13:25:32+00:00","author":{"@id":"https:\/\/mula.es\/web\/#\/schema\/person\/a0dbffe9f4a3ed4aaebedcfef02f71a1"},"breadcrumb":{"@id":"https:\/\/mula.es\/web\/igualdad-el-ayuntamiento-de-mula-programa-actividades-para-concienciar-contra-la-violencia-de-genero-con-motivo-del-25-n-2\/#breadcrumb"},"inLanguage":"es","potentialAction":[{"@type":"ReadAction","target":["https:\/\/mula.es\/web\/igualdad-el-ayuntamiento-de-mula-programa-actividades-para-concienciar-contra-la-violencia-de-genero-con-motivo-del-25-n-2\/"]}]},{"@type":"ImageObject","inLanguage":"es","@id":"https:\/\/mula.es\/web\/igualdad-el-ayuntamiento-de-mula-programa-actividades-para-concienciar-contra-la-violencia-de-genero-con-motivo-del-25-n-2\/#primaryimage","url":"https:\/\/mula.es\/web\/wp-content\/uploads\/2023\/11\/IMG_4021-scaled.jpg","contentUrl":"https:\/\/mula.es\/web\/wp-content\/uploads\/2023\/11\/IMG_4021-scaled.jpg","width":2560,"height":1920},{"@type":"BreadcrumbList","@id":"https:\/\/mula.es\/web\/igualdad-el-ayuntamiento-de-mula-programa-actividades-para-concienciar-contra-la-violencia-de-genero-con-motivo-del-25-n-2\/#breadcrumb","itemListElement":[{"@type":"ListItem","position":1,"name":"Portada","item":"https:\/\/mula.es\/web\/"},{"@type":"ListItem","position":2,"name":"IGUALDAD | El Ayuntamiento de Mula programa actividades para concienciar contra la violencia de g\u00e9nero con motivo del 25-N"}]},{"@type":"WebSite","@id":"https:\/\/mula.es\/web\/#website","url":"https:\/\/mula.es\/web\/","name":"Ayuntamiento de Mula","description":"P\u00e1gina web del Ayuntamiento de Mula (Regi\u00f3n de Murcia)","potentialAction":[{"@type":"SearchAction","target":{"@type":"EntryPoint","urlTemplate":"https:\/\/mula.es\/web\/?s={search_term_string}"},"query-input":{"@type":"PropertyValueSpecification","valueRequired":true,"valueName":"search_term_string"}}],"inLanguage":"es"},{"@type":"Person","@id":"https:\/\/mula.es\/web\/#\/schema\/person\/a0dbffe9f4a3ed4aaebedcfef02f71a1","name":"admin","image":{"@type":"ImageObject","inLanguage":"es","@id":"https:\/\/secure.gravatar.com\/avatar\/5423b9cd77f4c7f89a124365a268866f9dfee038c17fe9e37afd92b5920d810e?s=96&d=mm&r=g","url":"https:\/\/secure.gravatar.com\/avatar\/5423b9cd77f4c7f89a124365a268866f9dfee038c17fe9e37afd92b5920d810e?s=96&d=mm&r=g","contentUrl":"https:\/\/secure.gravatar.com\/avatar\/5423b9cd77f4c7f89a124365a268866f9dfee038c17fe9e37afd92b5920d810e?s=96&d=mm&r=g","caption":"admin"},"description":"Lorem ipsum dolor sit amet, consectetur adipiscing elit. Nam viverra euismod odio, gravida pellentesque urna varius vitae. Sed dui lorem, adipiscing in adipiscing et, interdum nec metus. Mauris ultricies, justo eu convallis placerat, felis enim ornare nisi, vitae mattis nulla ante id dui. Ut lectus purus, commodo et tincidunt vel, interdum sed lectus. Vestibulum adipiscing tempor nisi id elementi.","url":"https:\/\/mula.es\/web\/author\/jose-maria-boti\/"}]}},"jetpack_publicize_connections":[],"jetpack_featured_media_url":"https:\/\/mula.es\/web\/wp-content\/uploads\/2023\/11\/IMG_4021-scaled.jpg","jetpack_sharing_enabled":true,"jetpack_shortlink":"https:\/\/wp.me\/pa9DMY-dgr","jetpack-related-posts":[],"_links":{"self":[{"href":"https:\/\/mula.es\/web\/wp-json\/wp\/v2\/posts\/50991","targetHints":{"allow":["GET"]}}],"collection":[{"href":"https:\/\/mula.es\/web\/wp-json\/wp\/v2\/posts"}],"about":[{"href":"https:\/\/mula.es\/web\/wp-json\/wp\/v2\/types\/post"}],"author":[{"embeddable":true,"href":"https:\/\/mula.es\/web\/wp-json\/wp\/v2\/users\/1"}],"replies":[{"embeddable":true,"href":"https:\/\/mula.es\/web\/wp-json\/wp\/v2\/comments?post=50991"}],"version-history":[{"count":1,"href":"https:\/\/mula.es\/web\/wp-json\/wp\/v2\/posts\/50991\/revisions"}],"predecessor-version":[{"id":50993,"href":"https:\/\/mula.es\/web\/wp-json\/wp\/v2\/posts\/50991\/revisions\/50993"}],"wp:featuredmedia":[{"embeddable":true,"href":"https:\/\/mula.es\/web\/wp-json\/wp\/v2\/media\/50992"}],"wp:attachment":[{"href":"https:\/\/mula.es\/web\/wp-json\/wp\/v2\/media?parent=50991"}],"wp:term":[{"taxonomy":"category","embeddable":true,"href":"https:\/\/mula.es\/web\/wp-json\/wp\/v2\/categories?post=50991"},{"taxonomy":"post_tag","embeddable":true,"href":"https:\/\/mula.es\/web\/wp-json\/wp\/v2\/tags?post=50991"}],"curies":[{"name":"wp","href":"https:\/\/api.w.org\/{rel}","templated":true}]}}