{"id":51054,"date":"2023-11-23T14:13:29","date_gmt":"2023-11-23T13:13:29","guid":{"rendered":"https:\/\/mula.es\/web\/?p=51054"},"modified":"2023-11-23T14:14:51","modified_gmt":"2023-11-23T13:14:51","slug":"infancia-visita-a-las-obras-de-remodelacion-del-centro-de-atencion-a-la-infancia-la-casita","status":"publish","type":"post","link":"https:\/\/mula.es\/web\/infancia-visita-a-las-obras-de-remodelacion-del-centro-de-atencion-a-la-infancia-la-casita\/","title":{"rendered":"INFANCIA | Visita a las obras de remodelaci\u00f3n del centro de atenci\u00f3n a la infancia \u00abLa Casita\u00bb"},"content":{"rendered":"<p align=\"justify\"><span lang=\"es-ES\">El alcalde de Mula, Juan Jes\u00fas Moreno, ha visitado, en la ma\u00f1ana de hoy jueves, las obras de remodelaci\u00f3n del Centro de Atenci\u00f3n a la Infancia \u201cLa Casita\u201d.<\/span><\/p>\n<p align=\"justify\"><span lang=\"es-ES\">En dicha visita, en la que tambi\u00e9n han estado presentes la Concejala de Infancia, Antonia Gabarr\u00f3n, y el Concejal de Servicios Municipales, Vicente L\u00f3pez, junto a t\u00e9cnicos municipales, se han ido supervisando las actuaciones enmarcadas en la Reforma Integral del Centro para su adaptaci\u00f3n a Escuela Infantil.<\/span><\/p>\n<p align=\"justify\"><span lang=\"es-ES\">Financiada por los Fondos Next Generation de la Uni\u00f3n Europea, dentro del Mecanismo para la Recuperaci\u00f3n y la Resiliencia (MRR), y con un presupuesto de 175.903,35 \u20ac, las obras a realizar consiste en la reforma interior del centro, adapt\u00e1ndolo a las necesidades para transformarlo en escuela infantil con un aula para cada rango de edad: de 0 a 1, de 1 a 2 y de 2 a 3 a\u00f1os. Adem\u00e1s, se dotar\u00e1 de nuevos espacios, como la nueva sala de usos m\u00faltiples y las dependencias en el piso superior para los empleados: despacho de direcci\u00f3n y secretar\u00eda, almac\u00e9n, vestuario y cocina. Adem\u00e1s, se instalar\u00e1 un ascensor, cumpliendo con las exigencias de accesibilidad universal. Con todo, los usuarios de \u00abLa Casita\u00bb disfrutar\u00e1n de una escuela infantil totalmente rehabilitada y con todas las instalaciones necesarias para el desarrollo de su actividad.<\/span><\/p>\n<p align=\"justify\">\u201c<span lang=\"es-ES\">El objetivo de la obra de remodelaci\u00f3n del centro es el de la modernizaci\u00f3n de dicho espacio, acorde a los nuevos tiempos, y para que usuarios y usuarias puedan disfrutar de la atenci\u00f3n m\u00e1s profesional es unas instalaciones p\u00fablicas de referencia del Municipio, destinadas a la atenci\u00f3n asistencial y educativa de nuestros menores, tarea esencial para el desarrollo de nuestros peque\u00f1os\u201d. Se\u00f1alaba, al t\u00e9rmino de la visita, el regidor municipal, Juan Jes\u00fas Moreno.<\/span><\/p>\n","protected":false},"excerpt":{"rendered":"<p>El alcalde de Mula, Juan Jes\u00fas Moreno, ha visitado, en la ma\u00f1ana de hoy jueves, las obras de remodelaci\u00f3n del Centro de Atenci\u00f3n a la Infancia \u201cLa Casita\u201d. En dicha visita, en la que tambi\u00e9n han estado presentes la Concejala de Infancia, Antonia Gabarr\u00f3n, y el Concejal de Servicios Municipales, Vicente L\u00f3pez, junto a t\u00e9cnicos  [&#8230;]<\/p>\n","protected":false},"author":1,"featured_media":51055,"comment_status":"closed","ping_status":"closed","sticky":false,"template":"","format":"standard","meta":{"jetpack_post_was_ever_published":false,"_jetpack_newsletter_access":"","_jetpack_dont_email_post_to_subs":false,"_jetpack_newsletter_tier_id":0,"_jetpack_memberships_contains_paywalled_content":false,"_jetpack_memberships_contains_paid_content":false,"footnotes":"","jetpack_publicize_message":"","jetpack_publicize_feature_enabled":true,"jetpack_social_post_already_shared":false,"jetpack_social_options":{"image_generator_settings":{"template":"highway","default_image_id":0,"font":"","enabled":false},"version":2}},"categories":[127,848],"tags":[],"class_list":["post-51054","post","type-post","status-publish","format-standard","has-post-thumbnail","hentry","category-alcalde","category-infancia"],"yoast_head":"<!-- This site is optimized with the Yoast SEO plugin v27.5 - https:\/\/yoast.com\/product\/yoast-seo-wordpress\/ -->\n<title>INFANCIA | Visita a las obras de remodelaci\u00f3n del centro de atenci\u00f3n a la infancia &quot;La Casita&quot; - Ayuntamiento de Mula<\/title>\n<meta name=\"robots\" content=\"index, follow, max-snippet:-1, max-image-preview:large, max-video-preview:-1\" \/>\n<link rel=\"canonical\" href=\"https:\/\/mula.es\/web\/infancia-visita-a-las-obras-de-remodelacion-del-centro-de-atencion-a-la-infancia-la-casita\/\" \/>\n<meta property=\"og:locale\" content=\"es_ES\" \/>\n<meta property=\"og:type\" content=\"article\" \/>\n<meta property=\"og:title\" content=\"INFANCIA | Visita a las obras de remodelaci\u00f3n del centro de atenci\u00f3n a la infancia &quot;La Casita&quot; - Ayuntamiento de Mula\" \/>\n<meta property=\"og:description\" content=\"El alcalde de Mula, Juan Jes\u00fas Moreno, ha visitado, en la ma\u00f1ana de hoy jueves, las obras de remodelaci\u00f3n del Centro de Atenci\u00f3n a la Infancia \u201cLa Casita\u201d. En dicha visita, en la que tambi\u00e9n han estado presentes la Concejala de Infancia, Antonia Gabarr\u00f3n, y el Concejal de Servicios Municipales, Vicente L\u00f3pez, junto a t\u00e9cnicos [...]\" \/>\n<meta property=\"og:url\" content=\"https:\/\/mula.es\/web\/infancia-visita-a-las-obras-de-remodelacion-del-centro-de-atencion-a-la-infancia-la-casita\/\" \/>\n<meta property=\"og:site_name\" content=\"Ayuntamiento de Mula\" \/>\n<meta property=\"article:published_time\" content=\"2023-11-23T13:13:29+00:00\" \/>\n<meta property=\"article:modified_time\" content=\"2023-11-23T13:14:51+00:00\" \/>\n<meta property=\"og:image\" content=\"https:\/\/mula.es\/web\/wp-content\/uploads\/2023\/11\/La-Casita.jpg\" \/>\n\t<meta property=\"og:image:width\" content=\"1600\" \/>\n\t<meta property=\"og:image:height\" content=\"1066\" \/>\n\t<meta property=\"og:image:type\" content=\"image\/jpeg\" \/>\n<meta name=\"author\" content=\"admin\" \/>\n<meta name=\"twitter:card\" content=\"summary_large_image\" \/>\n<meta name=\"twitter:creator\" content=\"@AyuntamientMula\" \/>\n<meta name=\"twitter:site\" content=\"@AyuntamientMula\" \/>\n<meta name=\"twitter:label1\" content=\"Escrito por\" \/>\n\t<meta name=\"twitter:data1\" content=\"admin\" \/>\n\t<meta name=\"twitter:label2\" content=\"Tiempo de lectura\" \/>\n\t<meta name=\"twitter:data2\" content=\"2 minutos\" \/>\n<script type=\"application\/ld+json\" class=\"yoast-schema-graph\">{\"@context\":\"https:\\\/\\\/schema.org\",\"@graph\":[{\"@type\":\"Article\",\"@id\":\"https:\\\/\\\/mula.es\\\/web\\\/infancia-visita-a-las-obras-de-remodelacion-del-centro-de-atencion-a-la-infancia-la-casita\\\/#article\",\"isPartOf\":{\"@id\":\"https:\\\/\\\/mula.es\\\/web\\\/infancia-visita-a-las-obras-de-remodelacion-del-centro-de-atencion-a-la-infancia-la-casita\\\/\"},\"author\":{\"name\":\"admin\",\"@id\":\"https:\\\/\\\/mula.es\\\/web\\\/#\\\/schema\\\/person\\\/a0dbffe9f4a3ed4aaebedcfef02f71a1\"},\"headline\":\"INFANCIA | Visita a las obras de remodelaci\u00f3n del centro de atenci\u00f3n a la infancia \u00abLa Casita\u00bb\",\"datePublished\":\"2023-11-23T13:13:29+00:00\",\"dateModified\":\"2023-11-23T13:14:51+00:00\",\"mainEntityOfPage\":{\"@id\":\"https:\\\/\\\/mula.es\\\/web\\\/infancia-visita-a-las-obras-de-remodelacion-del-centro-de-atencion-a-la-infancia-la-casita\\\/\"},\"wordCount\":327,\"image\":{\"@id\":\"https:\\\/\\\/mula.es\\\/web\\\/infancia-visita-a-las-obras-de-remodelacion-del-centro-de-atencion-a-la-infancia-la-casita\\\/#primaryimage\"},\"thumbnailUrl\":\"https:\\\/\\\/mula.es\\\/web\\\/wp-content\\\/uploads\\\/2023\\\/11\\\/La-Casita.jpg\",\"articleSection\":[\"alcalde\",\"infancia\"],\"inLanguage\":\"es\"},{\"@type\":\"WebPage\",\"@id\":\"https:\\\/\\\/mula.es\\\/web\\\/infancia-visita-a-las-obras-de-remodelacion-del-centro-de-atencion-a-la-infancia-la-casita\\\/\",\"url\":\"https:\\\/\\\/mula.es\\\/web\\\/infancia-visita-a-las-obras-de-remodelacion-del-centro-de-atencion-a-la-infancia-la-casita\\\/\",\"name\":\"INFANCIA | Visita a las obras de remodelaci\u00f3n del centro de atenci\u00f3n a la infancia \\\"La Casita\\\" - Ayuntamiento de Mula\",\"isPartOf\":{\"@id\":\"https:\\\/\\\/mula.es\\\/web\\\/#website\"},\"primaryImageOfPage\":{\"@id\":\"https:\\\/\\\/mula.es\\\/web\\\/infancia-visita-a-las-obras-de-remodelacion-del-centro-de-atencion-a-la-infancia-la-casita\\\/#primaryimage\"},\"image\":{\"@id\":\"https:\\\/\\\/mula.es\\\/web\\\/infancia-visita-a-las-obras-de-remodelacion-del-centro-de-atencion-a-la-infancia-la-casita\\\/#primaryimage\"},\"thumbnailUrl\":\"https:\\\/\\\/mula.es\\\/web\\\/wp-content\\\/uploads\\\/2023\\\/11\\\/La-Casita.jpg\",\"datePublished\":\"2023-11-23T13:13:29+00:00\",\"dateModified\":\"2023-11-23T13:14:51+00:00\",\"author\":{\"@id\":\"https:\\\/\\\/mula.es\\\/web\\\/#\\\/schema\\\/person\\\/a0dbffe9f4a3ed4aaebedcfef02f71a1\"},\"breadcrumb\":{\"@id\":\"https:\\\/\\\/mula.es\\\/web\\\/infancia-visita-a-las-obras-de-remodelacion-del-centro-de-atencion-a-la-infancia-la-casita\\\/#breadcrumb\"},\"inLanguage\":\"es\",\"potentialAction\":[{\"@type\":\"ReadAction\",\"target\":[\"https:\\\/\\\/mula.es\\\/web\\\/infancia-visita-a-las-obras-de-remodelacion-del-centro-de-atencion-a-la-infancia-la-casita\\\/\"]}]},{\"@type\":\"ImageObject\",\"inLanguage\":\"es\",\"@id\":\"https:\\\/\\\/mula.es\\\/web\\\/infancia-visita-a-las-obras-de-remodelacion-del-centro-de-atencion-a-la-infancia-la-casita\\\/#primaryimage\",\"url\":\"https:\\\/\\\/mula.es\\\/web\\\/wp-content\\\/uploads\\\/2023\\\/11\\\/La-Casita.jpg\",\"contentUrl\":\"https:\\\/\\\/mula.es\\\/web\\\/wp-content\\\/uploads\\\/2023\\\/11\\\/La-Casita.jpg\",\"width\":1600,\"height\":1066},{\"@type\":\"BreadcrumbList\",\"@id\":\"https:\\\/\\\/mula.es\\\/web\\\/infancia-visita-a-las-obras-de-remodelacion-del-centro-de-atencion-a-la-infancia-la-casita\\\/#breadcrumb\",\"itemListElement\":[{\"@type\":\"ListItem\",\"position\":1,\"name\":\"Portada\",\"item\":\"https:\\\/\\\/mula.es\\\/web\\\/\"},{\"@type\":\"ListItem\",\"position\":2,\"name\":\"INFANCIA | Visita a las obras de remodelaci\u00f3n del centro de atenci\u00f3n a la infancia \u00abLa Casita\u00bb\"}]},{\"@type\":\"WebSite\",\"@id\":\"https:\\\/\\\/mula.es\\\/web\\\/#website\",\"url\":\"https:\\\/\\\/mula.es\\\/web\\\/\",\"name\":\"Ayuntamiento de Mula\",\"description\":\"P\u00e1gina web del Ayuntamiento de Mula (Regi\u00f3n de Murcia)\",\"potentialAction\":[{\"@type\":\"SearchAction\",\"target\":{\"@type\":\"EntryPoint\",\"urlTemplate\":\"https:\\\/\\\/mula.es\\\/web\\\/?s={search_term_string}\"},\"query-input\":{\"@type\":\"PropertyValueSpecification\",\"valueRequired\":true,\"valueName\":\"search_term_string\"}}],\"inLanguage\":\"es\"},{\"@type\":\"Person\",\"@id\":\"https:\\\/\\\/mula.es\\\/web\\\/#\\\/schema\\\/person\\\/a0dbffe9f4a3ed4aaebedcfef02f71a1\",\"name\":\"admin\",\"image\":{\"@type\":\"ImageObject\",\"inLanguage\":\"es\",\"@id\":\"https:\\\/\\\/secure.gravatar.com\\\/avatar\\\/5423b9cd77f4c7f89a124365a268866f9dfee038c17fe9e37afd92b5920d810e?s=96&d=mm&r=g\",\"url\":\"https:\\\/\\\/secure.gravatar.com\\\/avatar\\\/5423b9cd77f4c7f89a124365a268866f9dfee038c17fe9e37afd92b5920d810e?s=96&d=mm&r=g\",\"contentUrl\":\"https:\\\/\\\/secure.gravatar.com\\\/avatar\\\/5423b9cd77f4c7f89a124365a268866f9dfee038c17fe9e37afd92b5920d810e?s=96&d=mm&r=g\",\"caption\":\"admin\"},\"description\":\"Lorem ipsum dolor sit amet, consectetur adipiscing elit. Nam viverra euismod odio, gravida pellentesque urna varius vitae. Sed dui lorem, adipiscing in adipiscing et, interdum nec metus. Mauris ultricies, justo eu convallis placerat, felis enim ornare nisi, vitae mattis nulla ante id dui. Ut lectus purus, commodo et tincidunt vel, interdum sed lectus. Vestibulum adipiscing tempor nisi id elementi.\",\"url\":\"https:\\\/\\\/mula.es\\\/web\\\/author\\\/jose-maria-boti\\\/\"}]}<\/script>\n<!-- \/ Yoast SEO plugin. -->","yoast_head_json":{"title":"INFANCIA | Visita a las obras de remodelaci\u00f3n del centro de atenci\u00f3n a la infancia \"La Casita\" - Ayuntamiento de Mula","robots":{"index":"index","follow":"follow","max-snippet":"max-snippet:-1","max-image-preview":"max-image-preview:large","max-video-preview":"max-video-preview:-1"},"canonical":"https:\/\/mula.es\/web\/infancia-visita-a-las-obras-de-remodelacion-del-centro-de-atencion-a-la-infancia-la-casita\/","og_locale":"es_ES","og_type":"article","og_title":"INFANCIA | Visita a las obras de remodelaci\u00f3n del centro de atenci\u00f3n a la infancia \"La Casita\" - Ayuntamiento de Mula","og_description":"El alcalde de Mula, Juan Jes\u00fas Moreno, ha visitado, en la ma\u00f1ana de hoy jueves, las obras de remodelaci\u00f3n del Centro de Atenci\u00f3n a la Infancia \u201cLa Casita\u201d. En dicha visita, en la que tambi\u00e9n han estado presentes la Concejala de Infancia, Antonia Gabarr\u00f3n, y el Concejal de Servicios Municipales, Vicente L\u00f3pez, junto a t\u00e9cnicos [...]","og_url":"https:\/\/mula.es\/web\/infancia-visita-a-las-obras-de-remodelacion-del-centro-de-atencion-a-la-infancia-la-casita\/","og_site_name":"Ayuntamiento de Mula","article_published_time":"2023-11-23T13:13:29+00:00","article_modified_time":"2023-11-23T13:14:51+00:00","og_image":[{"width":1600,"height":1066,"url":"https:\/\/mula.es\/web\/wp-content\/uploads\/2023\/11\/La-Casita.jpg","type":"image\/jpeg"}],"author":"admin","twitter_card":"summary_large_image","twitter_creator":"@AyuntamientMula","twitter_site":"@AyuntamientMula","twitter_misc":{"Escrito por":"admin","Tiempo de lectura":"2 minutos"},"schema":{"@context":"https:\/\/schema.org","@graph":[{"@type":"Article","@id":"https:\/\/mula.es\/web\/infancia-visita-a-las-obras-de-remodelacion-del-centro-de-atencion-a-la-infancia-la-casita\/#article","isPartOf":{"@id":"https:\/\/mula.es\/web\/infancia-visita-a-las-obras-de-remodelacion-del-centro-de-atencion-a-la-infancia-la-casita\/"},"author":{"name":"admin","@id":"https:\/\/mula.es\/web\/#\/schema\/person\/a0dbffe9f4a3ed4aaebedcfef02f71a1"},"headline":"INFANCIA | Visita a las obras de remodelaci\u00f3n del centro de atenci\u00f3n a la infancia \u00abLa Casita\u00bb","datePublished":"2023-11-23T13:13:29+00:00","dateModified":"2023-11-23T13:14:51+00:00","mainEntityOfPage":{"@id":"https:\/\/mula.es\/web\/infancia-visita-a-las-obras-de-remodelacion-del-centro-de-atencion-a-la-infancia-la-casita\/"},"wordCount":327,"image":{"@id":"https:\/\/mula.es\/web\/infancia-visita-a-las-obras-de-remodelacion-del-centro-de-atencion-a-la-infancia-la-casita\/#primaryimage"},"thumbnailUrl":"https:\/\/mula.es\/web\/wp-content\/uploads\/2023\/11\/La-Casita.jpg","articleSection":["alcalde","infancia"],"inLanguage":"es"},{"@type":"WebPage","@id":"https:\/\/mula.es\/web\/infancia-visita-a-las-obras-de-remodelacion-del-centro-de-atencion-a-la-infancia-la-casita\/","url":"https:\/\/mula.es\/web\/infancia-visita-a-las-obras-de-remodelacion-del-centro-de-atencion-a-la-infancia-la-casita\/","name":"INFANCIA | Visita a las obras de remodelaci\u00f3n del centro de atenci\u00f3n a la infancia \"La Casita\" - Ayuntamiento de Mula","isPartOf":{"@id":"https:\/\/mula.es\/web\/#website"},"primaryImageOfPage":{"@id":"https:\/\/mula.es\/web\/infancia-visita-a-las-obras-de-remodelacion-del-centro-de-atencion-a-la-infancia-la-casita\/#primaryimage"},"image":{"@id":"https:\/\/mula.es\/web\/infancia-visita-a-las-obras-de-remodelacion-del-centro-de-atencion-a-la-infancia-la-casita\/#primaryimage"},"thumbnailUrl":"https:\/\/mula.es\/web\/wp-content\/uploads\/2023\/11\/La-Casita.jpg","datePublished":"2023-11-23T13:13:29+00:00","dateModified":"2023-11-23T13:14:51+00:00","author":{"@id":"https:\/\/mula.es\/web\/#\/schema\/person\/a0dbffe9f4a3ed4aaebedcfef02f71a1"},"breadcrumb":{"@id":"https:\/\/mula.es\/web\/infancia-visita-a-las-obras-de-remodelacion-del-centro-de-atencion-a-la-infancia-la-casita\/#breadcrumb"},"inLanguage":"es","potentialAction":[{"@type":"ReadAction","target":["https:\/\/mula.es\/web\/infancia-visita-a-las-obras-de-remodelacion-del-centro-de-atencion-a-la-infancia-la-casita\/"]}]},{"@type":"ImageObject","inLanguage":"es","@id":"https:\/\/mula.es\/web\/infancia-visita-a-las-obras-de-remodelacion-del-centro-de-atencion-a-la-infancia-la-casita\/#primaryimage","url":"https:\/\/mula.es\/web\/wp-content\/uploads\/2023\/11\/La-Casita.jpg","contentUrl":"https:\/\/mula.es\/web\/wp-content\/uploads\/2023\/11\/La-Casita.jpg","width":1600,"height":1066},{"@type":"BreadcrumbList","@id":"https:\/\/mula.es\/web\/infancia-visita-a-las-obras-de-remodelacion-del-centro-de-atencion-a-la-infancia-la-casita\/#breadcrumb","itemListElement":[{"@type":"ListItem","position":1,"name":"Portada","item":"https:\/\/mula.es\/web\/"},{"@type":"ListItem","position":2,"name":"INFANCIA | Visita a las obras de remodelaci\u00f3n del centro de atenci\u00f3n a la infancia \u00abLa Casita\u00bb"}]},{"@type":"WebSite","@id":"https:\/\/mula.es\/web\/#website","url":"https:\/\/mula.es\/web\/","name":"Ayuntamiento de Mula","description":"P\u00e1gina web del Ayuntamiento de Mula (Regi\u00f3n de Murcia)","potentialAction":[{"@type":"SearchAction","target":{"@type":"EntryPoint","urlTemplate":"https:\/\/mula.es\/web\/?s={search_term_string}"},"query-input":{"@type":"PropertyValueSpecification","valueRequired":true,"valueName":"search_term_string"}}],"inLanguage":"es"},{"@type":"Person","@id":"https:\/\/mula.es\/web\/#\/schema\/person\/a0dbffe9f4a3ed4aaebedcfef02f71a1","name":"admin","image":{"@type":"ImageObject","inLanguage":"es","@id":"https:\/\/secure.gravatar.com\/avatar\/5423b9cd77f4c7f89a124365a268866f9dfee038c17fe9e37afd92b5920d810e?s=96&d=mm&r=g","url":"https:\/\/secure.gravatar.com\/avatar\/5423b9cd77f4c7f89a124365a268866f9dfee038c17fe9e37afd92b5920d810e?s=96&d=mm&r=g","contentUrl":"https:\/\/secure.gravatar.com\/avatar\/5423b9cd77f4c7f89a124365a268866f9dfee038c17fe9e37afd92b5920d810e?s=96&d=mm&r=g","caption":"admin"},"description":"Lorem ipsum dolor sit amet, consectetur adipiscing elit. Nam viverra euismod odio, gravida pellentesque urna varius vitae. Sed dui lorem, adipiscing in adipiscing et, interdum nec metus. Mauris ultricies, justo eu convallis placerat, felis enim ornare nisi, vitae mattis nulla ante id dui. Ut lectus purus, commodo et tincidunt vel, interdum sed lectus. Vestibulum adipiscing tempor nisi id elementi.","url":"https:\/\/mula.es\/web\/author\/jose-maria-boti\/"}]}},"jetpack_publicize_connections":[],"jetpack_featured_media_url":"https:\/\/mula.es\/web\/wp-content\/uploads\/2023\/11\/La-Casita.jpg","jetpack_sharing_enabled":true,"jetpack_shortlink":"https:\/\/wp.me\/pa9DMY-dhs","jetpack-related-posts":[],"_links":{"self":[{"href":"https:\/\/mula.es\/web\/wp-json\/wp\/v2\/posts\/51054","targetHints":{"allow":["GET"]}}],"collection":[{"href":"https:\/\/mula.es\/web\/wp-json\/wp\/v2\/posts"}],"about":[{"href":"https:\/\/mula.es\/web\/wp-json\/wp\/v2\/types\/post"}],"author":[{"embeddable":true,"href":"https:\/\/mula.es\/web\/wp-json\/wp\/v2\/users\/1"}],"replies":[{"embeddable":true,"href":"https:\/\/mula.es\/web\/wp-json\/wp\/v2\/comments?post=51054"}],"version-history":[{"count":1,"href":"https:\/\/mula.es\/web\/wp-json\/wp\/v2\/posts\/51054\/revisions"}],"predecessor-version":[{"id":51056,"href":"https:\/\/mula.es\/web\/wp-json\/wp\/v2\/posts\/51054\/revisions\/51056"}],"wp:featuredmedia":[{"embeddable":true,"href":"https:\/\/mula.es\/web\/wp-json\/wp\/v2\/media\/51055"}],"wp:attachment":[{"href":"https:\/\/mula.es\/web\/wp-json\/wp\/v2\/media?parent=51054"}],"wp:term":[{"taxonomy":"category","embeddable":true,"href":"https:\/\/mula.es\/web\/wp-json\/wp\/v2\/categories?post=51054"},{"taxonomy":"post_tag","embeddable":true,"href":"https:\/\/mula.es\/web\/wp-json\/wp\/v2\/tags?post=51054"}],"curies":[{"name":"wp","href":"https:\/\/api.w.org\/{rel}","templated":true}]}}