{"id":51069,"date":"2023-11-27T18:14:26","date_gmt":"2023-11-27T17:14:26","guid":{"rendered":"https:\/\/mula.es\/web\/?p=51069"},"modified":"2023-11-28T12:29:01","modified_gmt":"2023-11-28T11:29:01","slug":"igualdad-mula-realiza-diversas-iniciativas-para-concienciar-sobre-la-violencia-de-genero-con-motivo-del-25-n","status":"publish","type":"post","link":"https:\/\/mula.es\/web\/igualdad-mula-realiza-diversas-iniciativas-para-concienciar-sobre-la-violencia-de-genero-con-motivo-del-25-n\/","title":{"rendered":"IGUALDAD| Mula realiza diversas iniciativas para concienciar sobre la violencia de g\u00e9nero con motivo del 25-N"},"content":{"rendered":"<p style=\"text-align: justify;\">El pasado s\u00e1bado,\u00a0 25 de noviembre, D\u00eda Internacional de la Eliminaci\u00f3n de la Violencia contra la Mujer, la Concejal\u00eda de Mujer e Igualdad del Ayuntamiento de Mula, con la colaboraci\u00f3n de Aqualia y diversas asociaciones de mujeres del municipio, realiz\u00f3 un homenaje a las 52 v\u00edctimas mortales de violencia machista durante este 2023.<\/p>\n<p style=\"text-align: justify;\">El 25N, m\u00e1s de 80 personas se reunieron en el Paseo de la Glorieta de Mula para rendir homenaje a las 52 v\u00edctimas mortales de violencia de g\u00e9nero de este a\u00f1o. Un acto emotivo donde se form\u00f3 un coraz\u00f3n morado con paraguas, visibilizando a cada una de las mujeres asesinadas por violencia machista durante 2023.<\/p>\n<p><a href=\"https:\/\/mula.es\/web\/wp-content\/uploads\/2023\/11\/Paraguas-25N.jpeg\"><img decoding=\"async\" data-attachment-id=\"51070\" data-permalink=\"https:\/\/mula.es\/web\/igualdad-mula-realiza-diversas-iniciativas-para-concienciar-sobre-la-violencia-de-genero-con-motivo-del-25-n\/paraguas-25n\/\" data-orig-file=\"https:\/\/mula.es\/web\/wp-content\/uploads\/2023\/11\/Paraguas-25N.jpeg\" data-orig-size=\"1600,1200\" data-comments-opened=\"0\" data-image-meta=\"{&quot;aperture&quot;:&quot;0&quot;,&quot;credit&quot;:&quot;&quot;,&quot;camera&quot;:&quot;&quot;,&quot;caption&quot;:&quot;&quot;,&quot;created_timestamp&quot;:&quot;0&quot;,&quot;copyright&quot;:&quot;&quot;,&quot;focal_length&quot;:&quot;0&quot;,&quot;iso&quot;:&quot;0&quot;,&quot;shutter_speed&quot;:&quot;0&quot;,&quot;title&quot;:&quot;&quot;,&quot;orientation&quot;:&quot;0&quot;}\" data-image-title=\"Paraguas 25N\" data-image-description=\"\" data-image-caption=\"\" data-large-file=\"https:\/\/mula.es\/web\/wp-content\/uploads\/2023\/11\/Paraguas-25N-1024x768.jpeg\" class=\" wp-image-51070 aligncenter\" src=\"https:\/\/mula.es\/web\/wp-content\/uploads\/2023\/11\/Paraguas-25N.jpeg\" alt=\"\" width=\"499\" height=\"374\" srcset=\"https:\/\/mula.es\/web\/wp-content\/uploads\/2023\/11\/Paraguas-25N-200x150.jpeg 200w, https:\/\/mula.es\/web\/wp-content\/uploads\/2023\/11\/Paraguas-25N-300x225.jpeg 300w, https:\/\/mula.es\/web\/wp-content\/uploads\/2023\/11\/Paraguas-25N-400x300.jpeg 400w, https:\/\/mula.es\/web\/wp-content\/uploads\/2023\/11\/Paraguas-25N-600x450.jpeg 600w, https:\/\/mula.es\/web\/wp-content\/uploads\/2023\/11\/Paraguas-25N-768x576.jpeg 768w, https:\/\/mula.es\/web\/wp-content\/uploads\/2023\/11\/Paraguas-25N-800x600.jpeg 800w, https:\/\/mula.es\/web\/wp-content\/uploads\/2023\/11\/Paraguas-25N-1024x768.jpeg 1024w, https:\/\/mula.es\/web\/wp-content\/uploads\/2023\/11\/Paraguas-25N-1200x900.jpeg 1200w, https:\/\/mula.es\/web\/wp-content\/uploads\/2023\/11\/Paraguas-25N-1536x1152.jpeg 1536w, https:\/\/mula.es\/web\/wp-content\/uploads\/2023\/11\/Paraguas-25N.jpeg 1600w\" sizes=\"(max-width: 499px) 100vw, 499px\" \/><\/a><\/p>\n<p>&nbsp;<\/p>\n<p style=\"text-align: justify;\">La jornada continu\u00f3 con un acto institucional en el Refectorio del Convento de San Francisco, presidido por el alcalde de Mula, Juan Jes\u00fas Moreno, y la concejala de Mujer e Igualdad, Ana Bel\u00e9n P\u00e9rez, quien realiz\u00f3 la lectura del manifiesto, destacando que \u00abdebemos ser conscientes de esta gran problem\u00e1tica social, visibilizarla para poder prevenirla, no negar su existencia, ni girar la cabeza a un lado, porque s\u00f3lo as\u00ed conseguiremos erradicarla\u00bb.<\/p>\n<p style=\"text-align: justify;\">Durante el acto, adem\u00e1s, se realiz\u00f3 la entrega de los premios del concurso de fotograf\u00eda convocado con motivo del 25-N bajo la tem\u00e1tica &#8216;Las huellas del desamor&#8217;. En la categor\u00eda joven, Victoria Ruiz result\u00f3 ganadora con su fotograf\u00eda <em>Mirada a la soledad<\/em>; en la categor\u00eda de adultos, Mar\u00eda Porras se llev\u00f3 el premio gracias a\u00a0 <em>Lo que no ves-el ascensor<\/em>.<\/p>\n<p><a href=\"https:\/\/mula.es\/web\/wp-content\/uploads\/2023\/11\/Acto-institucional-25N-2.jpeg\"><img decoding=\"async\" data-attachment-id=\"51071\" data-permalink=\"https:\/\/mula.es\/web\/igualdad-mula-realiza-diversas-iniciativas-para-concienciar-sobre-la-violencia-de-genero-con-motivo-del-25-n\/acto-institucional-25n-2\/\" data-orig-file=\"https:\/\/mula.es\/web\/wp-content\/uploads\/2023\/11\/Acto-institucional-25N-2.jpeg\" data-orig-size=\"1600,747\" data-comments-opened=\"0\" data-image-meta=\"{&quot;aperture&quot;:&quot;0&quot;,&quot;credit&quot;:&quot;&quot;,&quot;camera&quot;:&quot;&quot;,&quot;caption&quot;:&quot;&quot;,&quot;created_timestamp&quot;:&quot;0&quot;,&quot;copyright&quot;:&quot;&quot;,&quot;focal_length&quot;:&quot;0&quot;,&quot;iso&quot;:&quot;0&quot;,&quot;shutter_speed&quot;:&quot;0&quot;,&quot;title&quot;:&quot;&quot;,&quot;orientation&quot;:&quot;0&quot;}\" data-image-title=\"Acto institucional 25N (2)\" data-image-description=\"\" data-image-caption=\"\" data-large-file=\"https:\/\/mula.es\/web\/wp-content\/uploads\/2023\/11\/Acto-institucional-25N-2-1024x478.jpeg\" class=\"aligncenter wp-image-51071\" src=\"https:\/\/mula.es\/web\/wp-content\/uploads\/2023\/11\/Acto-institucional-25N-2.jpeg\" alt=\"\" width=\"499\" height=\"233\" srcset=\"https:\/\/mula.es\/web\/wp-content\/uploads\/2023\/11\/Acto-institucional-25N-2-200x93.jpeg 200w, https:\/\/mula.es\/web\/wp-content\/uploads\/2023\/11\/Acto-institucional-25N-2-300x140.jpeg 300w, https:\/\/mula.es\/web\/wp-content\/uploads\/2023\/11\/Acto-institucional-25N-2-400x187.jpeg 400w, https:\/\/mula.es\/web\/wp-content\/uploads\/2023\/11\/Acto-institucional-25N-2-600x280.jpeg 600w, https:\/\/mula.es\/web\/wp-content\/uploads\/2023\/11\/Acto-institucional-25N-2-768x359.jpeg 768w, https:\/\/mula.es\/web\/wp-content\/uploads\/2023\/11\/Acto-institucional-25N-2-800x374.jpeg 800w, https:\/\/mula.es\/web\/wp-content\/uploads\/2023\/11\/Acto-institucional-25N-2-1024x478.jpeg 1024w, https:\/\/mula.es\/web\/wp-content\/uploads\/2023\/11\/Acto-institucional-25N-2-1200x560.jpeg 1200w, https:\/\/mula.es\/web\/wp-content\/uploads\/2023\/11\/Acto-institucional-25N-2-1536x717.jpeg 1536w, https:\/\/mula.es\/web\/wp-content\/uploads\/2023\/11\/Acto-institucional-25N-2.jpeg 1600w\" sizes=\"(max-width: 499px) 100vw, 499px\" \/><\/a><\/p>\n<p>&nbsp;<\/p>\n<p style=\"text-align: justify;\">A continuaci\u00f3n, bajo la direcci\u00f3n de Cuca Mellado, un grupo de teatro compuesto por distintas mujeres del municipio realiz\u00f3 una lectura dramatizada del cuento <em>El chubasquero de Aurora<\/em>, de Mar\u00eda M\u00e1rquez. Asimismo, se proyect\u00f3 un cortometraje homenaje realizado por la Concejal\u00eda de Mujer e Igualdad en colaboraci\u00f3n con el Consejo Local de la Juventud de Mula y TeleMula, en el que participaron una veintena de mujeres mule\u00f1as cantando y bailando <em>Se acab\u00f3<\/em>, de Mar\u00eda Jim\u00e9nez.<\/p>\n<p style=\"text-align: justify;\"><strong>Concienciaci\u00f3n en las aulas<\/strong><\/p>\n<p style=\"text-align: justify;\">Otra de las iniciativas con motivo del 25-N ha sido la lectura del cuento <em>El chubasquero de Aurora<\/em> al alumnado de 3\u00ba y 4\u00ba de Primaria de los colegios del municipio, a cargo de la concejala de Mujer e Igualdad.<\/p>\n<p style=\"text-align: justify;\">Mediante la historia de Aurora, una ni\u00f1a que es visitada por un monstruo que acompa\u00f1a a su padre todas las noches, el libro da a conocer, de forma metaf\u00f3rica y delicada, la realidad de la violencia machista a la que se enfrentan las mujeres y sus hijas e hijos.<\/p>\n<p style=\"text-align: justify;\">Asimismo, dentro del Plan Corresponsable, a trav\u00e9s de la asociaci\u00f3n Divertidos, todas las ni\u00f1as y ni\u00f1os de las aulas matinales han realizado una serie de pancartas con consignas en contra de la violencia de g\u00e9nero.<\/p>\n<p style=\"text-align: justify;\">En definitiva, seg\u00fan expresa Ana Bel\u00e9n P\u00e9rez, \u00ablas iniciativas del 25N, adem\u00e1s de conmemorar y homenajear a las v\u00edctimas de violencia machista, reivindican la importancia de colaborar juntos para poder erradicarla\u00bb.<\/p>\n\n\t\t<style type=\"text\/css\">\n\t\t\t#gallery-1 {\n\t\t\t\tmargin: auto;\n\t\t\t}\n\t\t\t#gallery-1 .gallery-item {\n\t\t\t\tfloat: left;\n\t\t\t\tmargin-top: 10px;\n\t\t\t\ttext-align: center;\n\t\t\t\twidth: 50%;\n\t\t\t}\n\t\t\t#gallery-1 img {\n\t\t\t\tborder: 2px solid #cfcfcf;\n\t\t\t}\n\t\t\t#gallery-1 .gallery-caption {\n\t\t\t\tmargin-left: 0;\n\t\t\t}\n\t\t\t\/* see gallery_shortcode() in wp-includes\/media.php *\/\n\t\t<\/style>\n\t\t<div data-carousel-extra='{&quot;blog_id&quot;:1,&quot;permalink&quot;:&quot;https:\/\/mula.es\/web\/igualdad-mula-realiza-diversas-iniciativas-para-concienciar-sobre-la-violencia-de-genero-con-motivo-del-25-n\/&quot;}' id='gallery-1' class='gallery galleryid-51069 gallery-columns-2 gallery-size-medium'><dl class='gallery-item'>\n\t\t\t<dt class='gallery-icon landscape'>\n\t\t\t\t<a data-rel=\"iLightbox[postimages]\" data-title=\"Cuento25N coles\" data-caption=\"\" href='https:\/\/mula.es\/web\/igualdad-mula-realiza-diversas-iniciativas-para-concienciar-sobre-la-violencia-de-genero-con-motivo-del-25-n\/cuento25n-coles\/'><img decoding=\"async\" width=\"300\" height=\"225\" src=\"https:\/\/mula.es\/web\/wp-content\/uploads\/2023\/11\/Cuento25N-coles-300x225.jpeg\" class=\"attachment-medium size-medium\" alt=\"\" srcset=\"https:\/\/mula.es\/web\/wp-content\/uploads\/2023\/11\/Cuento25N-coles-200x150.jpeg 200w, https:\/\/mula.es\/web\/wp-content\/uploads\/2023\/11\/Cuento25N-coles-300x225.jpeg 300w, https:\/\/mula.es\/web\/wp-content\/uploads\/2023\/11\/Cuento25N-coles-400x300.jpeg 400w, https:\/\/mula.es\/web\/wp-content\/uploads\/2023\/11\/Cuento25N-coles-600x450.jpeg 600w, https:\/\/mula.es\/web\/wp-content\/uploads\/2023\/11\/Cuento25N-coles-768x576.jpeg 768w, https:\/\/mula.es\/web\/wp-content\/uploads\/2023\/11\/Cuento25N-coles-800x600.jpeg 800w, https:\/\/mula.es\/web\/wp-content\/uploads\/2023\/11\/Cuento25N-coles-1024x768.jpeg 1024w, https:\/\/mula.es\/web\/wp-content\/uploads\/2023\/11\/Cuento25N-coles-1200x900.jpeg 1200w, https:\/\/mula.es\/web\/wp-content\/uploads\/2023\/11\/Cuento25N-coles-1536x1152.jpeg 1536w, https:\/\/mula.es\/web\/wp-content\/uploads\/2023\/11\/Cuento25N-coles.jpeg 1600w\" sizes=\"(max-width: 300px) 100vw, 300px\" data-attachment-id=\"51072\" data-permalink=\"https:\/\/mula.es\/web\/igualdad-mula-realiza-diversas-iniciativas-para-concienciar-sobre-la-violencia-de-genero-con-motivo-del-25-n\/cuento25n-coles\/\" data-orig-file=\"https:\/\/mula.es\/web\/wp-content\/uploads\/2023\/11\/Cuento25N-coles.jpeg\" data-orig-size=\"1600,1200\" data-comments-opened=\"0\" data-image-meta=\"{&quot;aperture&quot;:&quot;0&quot;,&quot;credit&quot;:&quot;&quot;,&quot;camera&quot;:&quot;&quot;,&quot;caption&quot;:&quot;&quot;,&quot;created_timestamp&quot;:&quot;0&quot;,&quot;copyright&quot;:&quot;&quot;,&quot;focal_length&quot;:&quot;0&quot;,&quot;iso&quot;:&quot;0&quot;,&quot;shutter_speed&quot;:&quot;0&quot;,&quot;title&quot;:&quot;&quot;,&quot;orientation&quot;:&quot;0&quot;}\" data-image-title=\"Cuento25N coles\" data-image-description=\"\" data-image-caption=\"\" data-large-file=\"https:\/\/mula.es\/web\/wp-content\/uploads\/2023\/11\/Cuento25N-coles-1024x768.jpeg\" \/><\/a>\n\t\t\t<\/dt><\/dl><dl class='gallery-item'>\n\t\t\t<dt class='gallery-icon portrait'>\n\t\t\t\t<a data-rel=\"iLightbox[postimages]\" data-title=\"Cuento25N coles (2)\" data-caption=\"\" href='https:\/\/mula.es\/web\/igualdad-mula-realiza-diversas-iniciativas-para-concienciar-sobre-la-violencia-de-genero-con-motivo-del-25-n\/cuento25n-coles-2\/'><img decoding=\"async\" width=\"223\" height=\"300\" src=\"https:\/\/mula.es\/web\/wp-content\/uploads\/2023\/11\/Cuento25N-coles-2-223x300.jpeg\" class=\"attachment-medium size-medium\" alt=\"\" srcset=\"https:\/\/mula.es\/web\/wp-content\/uploads\/2023\/11\/Cuento25N-coles-2-200x269.jpeg 200w, https:\/\/mula.es\/web\/wp-content\/uploads\/2023\/11\/Cuento25N-coles-2-223x300.jpeg 223w, https:\/\/mula.es\/web\/wp-content\/uploads\/2023\/11\/Cuento25N-coles-2-400x538.jpeg 400w, https:\/\/mula.es\/web\/wp-content\/uploads\/2023\/11\/Cuento25N-coles-2-600x807.jpeg 600w, https:\/\/mula.es\/web\/wp-content\/uploads\/2023\/11\/Cuento25N-coles-2-762x1024.jpeg 762w, https:\/\/mula.es\/web\/wp-content\/uploads\/2023\/11\/Cuento25N-coles-2-768x1033.jpeg 768w, https:\/\/mula.es\/web\/wp-content\/uploads\/2023\/11\/Cuento25N-coles-2-800x1076.jpeg 800w, https:\/\/mula.es\/web\/wp-content\/uploads\/2023\/11\/Cuento25N-coles-2-1142x1536.jpeg 1142w, https:\/\/mula.es\/web\/wp-content\/uploads\/2023\/11\/Cuento25N-coles-2.jpeg 1190w\" sizes=\"(max-width: 223px) 100vw, 223px\" data-attachment-id=\"51073\" data-permalink=\"https:\/\/mula.es\/web\/igualdad-mula-realiza-diversas-iniciativas-para-concienciar-sobre-la-violencia-de-genero-con-motivo-del-25-n\/cuento25n-coles-2\/\" data-orig-file=\"https:\/\/mula.es\/web\/wp-content\/uploads\/2023\/11\/Cuento25N-coles-2.jpeg\" data-orig-size=\"1190,1600\" data-comments-opened=\"0\" data-image-meta=\"{&quot;aperture&quot;:&quot;0&quot;,&quot;credit&quot;:&quot;&quot;,&quot;camera&quot;:&quot;&quot;,&quot;caption&quot;:&quot;&quot;,&quot;created_timestamp&quot;:&quot;0&quot;,&quot;copyright&quot;:&quot;&quot;,&quot;focal_length&quot;:&quot;0&quot;,&quot;iso&quot;:&quot;0&quot;,&quot;shutter_speed&quot;:&quot;0&quot;,&quot;title&quot;:&quot;&quot;,&quot;orientation&quot;:&quot;0&quot;}\" data-image-title=\"Cuento25N coles (2)\" data-image-description=\"\" data-image-caption=\"\" data-large-file=\"https:\/\/mula.es\/web\/wp-content\/uploads\/2023\/11\/Cuento25N-coles-2-762x1024.jpeg\" \/><\/a>\n\t\t\t<\/dt><\/dl><br style=\"clear: both\" \/><dl class='gallery-item'>\n\t\t\t<dt class='gallery-icon portrait'>\n\t\t\t\t<a data-rel=\"iLightbox[postimages]\" data-title=\"Cuento25N coles (3)\" data-caption=\"\" href='https:\/\/mula.es\/web\/igualdad-mula-realiza-diversas-iniciativas-para-concienciar-sobre-la-violencia-de-genero-con-motivo-del-25-n\/cuento25n-coles-3\/'><img decoding=\"async\" width=\"225\" height=\"300\" src=\"https:\/\/mula.es\/web\/wp-content\/uploads\/2023\/11\/Cuento25N-coles-3-225x300.jpeg\" class=\"attachment-medium size-medium\" alt=\"\" srcset=\"https:\/\/mula.es\/web\/wp-content\/uploads\/2023\/11\/Cuento25N-coles-3-200x267.jpeg 200w, https:\/\/mula.es\/web\/wp-content\/uploads\/2023\/11\/Cuento25N-coles-3-225x300.jpeg 225w, https:\/\/mula.es\/web\/wp-content\/uploads\/2023\/11\/Cuento25N-coles-3-400x533.jpeg 400w, https:\/\/mula.es\/web\/wp-content\/uploads\/2023\/11\/Cuento25N-coles-3-600x800.jpeg 600w, https:\/\/mula.es\/web\/wp-content\/uploads\/2023\/11\/Cuento25N-coles-3-768x1024.jpeg 768w, https:\/\/mula.es\/web\/wp-content\/uploads\/2023\/11\/Cuento25N-coles-3-800x1067.jpeg 800w, https:\/\/mula.es\/web\/wp-content\/uploads\/2023\/11\/Cuento25N-coles-3-1152x1536.jpeg 1152w, https:\/\/mula.es\/web\/wp-content\/uploads\/2023\/11\/Cuento25N-coles-3.jpeg 1200w\" sizes=\"(max-width: 225px) 100vw, 225px\" data-attachment-id=\"51074\" data-permalink=\"https:\/\/mula.es\/web\/igualdad-mula-realiza-diversas-iniciativas-para-concienciar-sobre-la-violencia-de-genero-con-motivo-del-25-n\/cuento25n-coles-3\/\" data-orig-file=\"https:\/\/mula.es\/web\/wp-content\/uploads\/2023\/11\/Cuento25N-coles-3.jpeg\" data-orig-size=\"1200,1600\" data-comments-opened=\"0\" data-image-meta=\"{&quot;aperture&quot;:&quot;0&quot;,&quot;credit&quot;:&quot;&quot;,&quot;camera&quot;:&quot;&quot;,&quot;caption&quot;:&quot;&quot;,&quot;created_timestamp&quot;:&quot;0&quot;,&quot;copyright&quot;:&quot;&quot;,&quot;focal_length&quot;:&quot;0&quot;,&quot;iso&quot;:&quot;0&quot;,&quot;shutter_speed&quot;:&quot;0&quot;,&quot;title&quot;:&quot;&quot;,&quot;orientation&quot;:&quot;0&quot;}\" data-image-title=\"Cuento25N coles (3)\" data-image-description=\"\" data-image-caption=\"\" data-large-file=\"https:\/\/mula.es\/web\/wp-content\/uploads\/2023\/11\/Cuento25N-coles-3-768x1024.jpeg\" \/><\/a>\n\t\t\t<\/dt><\/dl><dl class='gallery-item'>\n\t\t\t<dt class='gallery-icon portrait'>\n\t\t\t\t<a data-rel=\"iLightbox[postimages]\" data-title=\"Cuento25N coles (4)\" data-caption=\"\" href='https:\/\/mula.es\/web\/igualdad-mula-realiza-diversas-iniciativas-para-concienciar-sobre-la-violencia-de-genero-con-motivo-del-25-n\/cuento25n-coles-4\/'><img decoding=\"async\" width=\"225\" height=\"300\" src=\"https:\/\/mula.es\/web\/wp-content\/uploads\/2023\/11\/Cuento25N-coles-4-225x300.jpeg\" class=\"attachment-medium size-medium\" alt=\"\" srcset=\"https:\/\/mula.es\/web\/wp-content\/uploads\/2023\/11\/Cuento25N-coles-4-200x267.jpeg 200w, https:\/\/mula.es\/web\/wp-content\/uploads\/2023\/11\/Cuento25N-coles-4-225x300.jpeg 225w, https:\/\/mula.es\/web\/wp-content\/uploads\/2023\/11\/Cuento25N-coles-4-400x533.jpeg 400w, https:\/\/mula.es\/web\/wp-content\/uploads\/2023\/11\/Cuento25N-coles-4-600x800.jpeg 600w, https:\/\/mula.es\/web\/wp-content\/uploads\/2023\/11\/Cuento25N-coles-4-768x1024.jpeg 768w, https:\/\/mula.es\/web\/wp-content\/uploads\/2023\/11\/Cuento25N-coles-4-800x1067.jpeg 800w, https:\/\/mula.es\/web\/wp-content\/uploads\/2023\/11\/Cuento25N-coles-4-1152x1536.jpeg 1152w, https:\/\/mula.es\/web\/wp-content\/uploads\/2023\/11\/Cuento25N-coles-4.jpeg 1200w\" sizes=\"(max-width: 225px) 100vw, 225px\" data-attachment-id=\"51075\" data-permalink=\"https:\/\/mula.es\/web\/igualdad-mula-realiza-diversas-iniciativas-para-concienciar-sobre-la-violencia-de-genero-con-motivo-del-25-n\/cuento25n-coles-4\/\" data-orig-file=\"https:\/\/mula.es\/web\/wp-content\/uploads\/2023\/11\/Cuento25N-coles-4.jpeg\" data-orig-size=\"1200,1600\" data-comments-opened=\"0\" data-image-meta=\"{&quot;aperture&quot;:&quot;0&quot;,&quot;credit&quot;:&quot;&quot;,&quot;camera&quot;:&quot;&quot;,&quot;caption&quot;:&quot;&quot;,&quot;created_timestamp&quot;:&quot;0&quot;,&quot;copyright&quot;:&quot;&quot;,&quot;focal_length&quot;:&quot;0&quot;,&quot;iso&quot;:&quot;0&quot;,&quot;shutter_speed&quot;:&quot;0&quot;,&quot;title&quot;:&quot;&quot;,&quot;orientation&quot;:&quot;0&quot;}\" data-image-title=\"Cuento25N coles (4)\" data-image-description=\"\" data-image-caption=\"\" data-large-file=\"https:\/\/mula.es\/web\/wp-content\/uploads\/2023\/11\/Cuento25N-coles-4-768x1024.jpeg\" \/><\/a>\n\t\t\t<\/dt><\/dl><br style=\"clear: both\" \/>\n\t\t<\/div>\n\n\n\t\t<style type=\"text\/css\">\n\t\t\t#gallery-2 {\n\t\t\t\tmargin: auto;\n\t\t\t}\n\t\t\t#gallery-2 .gallery-item {\n\t\t\t\tfloat: left;\n\t\t\t\tmargin-top: 10px;\n\t\t\t\ttext-align: center;\n\t\t\t\twidth: 50%;\n\t\t\t}\n\t\t\t#gallery-2 img {\n\t\t\t\tborder: 2px solid #cfcfcf;\n\t\t\t}\n\t\t\t#gallery-2 .gallery-caption {\n\t\t\t\tmargin-left: 0;\n\t\t\t}\n\t\t\t\/* see gallery_shortcode() in wp-includes\/media.php *\/\n\t\t<\/style>\n\t\t<div data-carousel-extra='{&quot;blog_id&quot;:1,&quot;permalink&quot;:&quot;https:\/\/mula.es\/web\/igualdad-mula-realiza-diversas-iniciativas-para-concienciar-sobre-la-violencia-de-genero-con-motivo-del-25-n\/&quot;}' id='gallery-2' class='gallery galleryid-51069 gallery-columns-2 gallery-size-medium'><dl class='gallery-item'>\n\t\t\t<dt class='gallery-icon portrait'>\n\t\t\t\t<a data-rel=\"iLightbox[postimages]\" data-title=\"Carteles 25N coles (3)\" data-caption=\"\" href='https:\/\/mula.es\/web\/igualdad-mula-realiza-diversas-iniciativas-para-concienciar-sobre-la-violencia-de-genero-con-motivo-del-25-n\/carteles-25n-coles-3\/'><img decoding=\"async\" width=\"225\" height=\"300\" src=\"https:\/\/mula.es\/web\/wp-content\/uploads\/2023\/11\/Carteles-25N-coles-3-225x300.jpeg\" class=\"attachment-medium size-medium\" alt=\"\" srcset=\"https:\/\/mula.es\/web\/wp-content\/uploads\/2023\/11\/Carteles-25N-coles-3-200x267.jpeg 200w, https:\/\/mula.es\/web\/wp-content\/uploads\/2023\/11\/Carteles-25N-coles-3-225x300.jpeg 225w, https:\/\/mula.es\/web\/wp-content\/uploads\/2023\/11\/Carteles-25N-coles-3-400x533.jpeg 400w, https:\/\/mula.es\/web\/wp-content\/uploads\/2023\/11\/Carteles-25N-coles-3-600x800.jpeg 600w, https:\/\/mula.es\/web\/wp-content\/uploads\/2023\/11\/Carteles-25N-coles-3-768x1024.jpeg 768w, https:\/\/mula.es\/web\/wp-content\/uploads\/2023\/11\/Carteles-25N-coles-3-800x1067.jpeg 800w, https:\/\/mula.es\/web\/wp-content\/uploads\/2023\/11\/Carteles-25N-coles-3-1152x1536.jpeg 1152w, https:\/\/mula.es\/web\/wp-content\/uploads\/2023\/11\/Carteles-25N-coles-3.jpeg 1200w\" sizes=\"(max-width: 225px) 100vw, 225px\" data-attachment-id=\"51078\" data-permalink=\"https:\/\/mula.es\/web\/igualdad-mula-realiza-diversas-iniciativas-para-concienciar-sobre-la-violencia-de-genero-con-motivo-del-25-n\/carteles-25n-coles-3\/\" data-orig-file=\"https:\/\/mula.es\/web\/wp-content\/uploads\/2023\/11\/Carteles-25N-coles-3.jpeg\" data-orig-size=\"1200,1600\" data-comments-opened=\"0\" data-image-meta=\"{&quot;aperture&quot;:&quot;0&quot;,&quot;credit&quot;:&quot;&quot;,&quot;camera&quot;:&quot;&quot;,&quot;caption&quot;:&quot;&quot;,&quot;created_timestamp&quot;:&quot;0&quot;,&quot;copyright&quot;:&quot;&quot;,&quot;focal_length&quot;:&quot;0&quot;,&quot;iso&quot;:&quot;0&quot;,&quot;shutter_speed&quot;:&quot;0&quot;,&quot;title&quot;:&quot;&quot;,&quot;orientation&quot;:&quot;0&quot;}\" data-image-title=\"Carteles 25N coles (3)\" data-image-description=\"\" data-image-caption=\"\" data-large-file=\"https:\/\/mula.es\/web\/wp-content\/uploads\/2023\/11\/Carteles-25N-coles-3-768x1024.jpeg\" \/><\/a>\n\t\t\t<\/dt><\/dl><dl class='gallery-item'>\n\t\t\t<dt class='gallery-icon portrait'>\n\t\t\t\t<a data-rel=\"iLightbox[postimages]\" data-title=\"Carteles 25N coles (2)\" data-caption=\"\" href='https:\/\/mula.es\/web\/igualdad-mula-realiza-diversas-iniciativas-para-concienciar-sobre-la-violencia-de-genero-con-motivo-del-25-n\/carteles-25n-coles-2\/'><img decoding=\"async\" width=\"225\" height=\"300\" src=\"https:\/\/mula.es\/web\/wp-content\/uploads\/2023\/11\/Carteles-25N-coles-2-225x300.jpeg\" class=\"attachment-medium size-medium\" alt=\"\" srcset=\"https:\/\/mula.es\/web\/wp-content\/uploads\/2023\/11\/Carteles-25N-coles-2-200x267.jpeg 200w, https:\/\/mula.es\/web\/wp-content\/uploads\/2023\/11\/Carteles-25N-coles-2-225x300.jpeg 225w, https:\/\/mula.es\/web\/wp-content\/uploads\/2023\/11\/Carteles-25N-coles-2-400x533.jpeg 400w, https:\/\/mula.es\/web\/wp-content\/uploads\/2023\/11\/Carteles-25N-coles-2-600x800.jpeg 600w, https:\/\/mula.es\/web\/wp-content\/uploads\/2023\/11\/Carteles-25N-coles-2-768x1024.jpeg 768w, https:\/\/mula.es\/web\/wp-content\/uploads\/2023\/11\/Carteles-25N-coles-2-800x1067.jpeg 800w, https:\/\/mula.es\/web\/wp-content\/uploads\/2023\/11\/Carteles-25N-coles-2-1152x1536.jpeg 1152w, https:\/\/mula.es\/web\/wp-content\/uploads\/2023\/11\/Carteles-25N-coles-2-1200x1600.jpeg 1200w, https:\/\/mula.es\/web\/wp-content\/uploads\/2023\/11\/Carteles-25N-coles-2.jpeg 1530w\" sizes=\"(max-width: 225px) 100vw, 225px\" data-attachment-id=\"51077\" data-permalink=\"https:\/\/mula.es\/web\/igualdad-mula-realiza-diversas-iniciativas-para-concienciar-sobre-la-violencia-de-genero-con-motivo-del-25-n\/carteles-25n-coles-2\/\" data-orig-file=\"https:\/\/mula.es\/web\/wp-content\/uploads\/2023\/11\/Carteles-25N-coles-2.jpeg\" data-orig-size=\"1530,2040\" data-comments-opened=\"0\" data-image-meta=\"{&quot;aperture&quot;:&quot;0&quot;,&quot;credit&quot;:&quot;&quot;,&quot;camera&quot;:&quot;&quot;,&quot;caption&quot;:&quot;&quot;,&quot;created_timestamp&quot;:&quot;0&quot;,&quot;copyright&quot;:&quot;&quot;,&quot;focal_length&quot;:&quot;0&quot;,&quot;iso&quot;:&quot;0&quot;,&quot;shutter_speed&quot;:&quot;0&quot;,&quot;title&quot;:&quot;&quot;,&quot;orientation&quot;:&quot;0&quot;}\" data-image-title=\"Carteles 25N coles (2)\" data-image-description=\"\" data-image-caption=\"\" data-large-file=\"https:\/\/mula.es\/web\/wp-content\/uploads\/2023\/11\/Carteles-25N-coles-2-768x1024.jpeg\" \/><\/a>\n\t\t\t<\/dt><\/dl><br style=\"clear: both\" \/><dl class='gallery-item'>\n\t\t\t<dt class='gallery-icon landscape'>\n\t\t\t\t<a data-rel=\"iLightbox[postimages]\" data-title=\"Carteles 25N coles (4)\" data-caption=\"\" href='https:\/\/mula.es\/web\/igualdad-mula-realiza-diversas-iniciativas-para-concienciar-sobre-la-violencia-de-genero-con-motivo-del-25-n\/carteles-25n-coles-4\/'><img decoding=\"async\" width=\"300\" height=\"225\" src=\"https:\/\/mula.es\/web\/wp-content\/uploads\/2023\/11\/Carteles-25N-coles-4-300x225.jpeg\" class=\"attachment-medium size-medium\" alt=\"\" srcset=\"https:\/\/mula.es\/web\/wp-content\/uploads\/2023\/11\/Carteles-25N-coles-4-200x150.jpeg 200w, https:\/\/mula.es\/web\/wp-content\/uploads\/2023\/11\/Carteles-25N-coles-4-300x225.jpeg 300w, https:\/\/mula.es\/web\/wp-content\/uploads\/2023\/11\/Carteles-25N-coles-4-400x300.jpeg 400w, https:\/\/mula.es\/web\/wp-content\/uploads\/2023\/11\/Carteles-25N-coles-4-600x450.jpeg 600w, https:\/\/mula.es\/web\/wp-content\/uploads\/2023\/11\/Carteles-25N-coles-4-768x576.jpeg 768w, https:\/\/mula.es\/web\/wp-content\/uploads\/2023\/11\/Carteles-25N-coles-4-800x600.jpeg 800w, https:\/\/mula.es\/web\/wp-content\/uploads\/2023\/11\/Carteles-25N-coles-4-1024x768.jpeg 1024w, https:\/\/mula.es\/web\/wp-content\/uploads\/2023\/11\/Carteles-25N-coles-4-1200x900.jpeg 1200w, https:\/\/mula.es\/web\/wp-content\/uploads\/2023\/11\/Carteles-25N-coles-4-1536x1152.jpeg 1536w, https:\/\/mula.es\/web\/wp-content\/uploads\/2023\/11\/Carteles-25N-coles-4.jpeg 1600w\" sizes=\"(max-width: 300px) 100vw, 300px\" data-attachment-id=\"51079\" data-permalink=\"https:\/\/mula.es\/web\/igualdad-mula-realiza-diversas-iniciativas-para-concienciar-sobre-la-violencia-de-genero-con-motivo-del-25-n\/carteles-25n-coles-4\/\" data-orig-file=\"https:\/\/mula.es\/web\/wp-content\/uploads\/2023\/11\/Carteles-25N-coles-4.jpeg\" data-orig-size=\"1600,1200\" data-comments-opened=\"0\" data-image-meta=\"{&quot;aperture&quot;:&quot;0&quot;,&quot;credit&quot;:&quot;&quot;,&quot;camera&quot;:&quot;&quot;,&quot;caption&quot;:&quot;&quot;,&quot;created_timestamp&quot;:&quot;0&quot;,&quot;copyright&quot;:&quot;&quot;,&quot;focal_length&quot;:&quot;0&quot;,&quot;iso&quot;:&quot;0&quot;,&quot;shutter_speed&quot;:&quot;0&quot;,&quot;title&quot;:&quot;&quot;,&quot;orientation&quot;:&quot;0&quot;}\" data-image-title=\"Carteles 25N coles (4)\" data-image-description=\"\" data-image-caption=\"\" data-large-file=\"https:\/\/mula.es\/web\/wp-content\/uploads\/2023\/11\/Carteles-25N-coles-4-1024x768.jpeg\" \/><\/a>\n\t\t\t<\/dt><\/dl><dl class='gallery-item'>\n\t\t\t<dt class='gallery-icon portrait'>\n\t\t\t\t<a data-rel=\"iLightbox[postimages]\" data-title=\"Carteles 25N coles\" data-caption=\"\" href='https:\/\/mula.es\/web\/igualdad-mula-realiza-diversas-iniciativas-para-concienciar-sobre-la-violencia-de-genero-con-motivo-del-25-n\/carteles-25n-coles\/'><img decoding=\"async\" width=\"225\" height=\"300\" src=\"https:\/\/mula.es\/web\/wp-content\/uploads\/2023\/11\/Carteles-25N-coles-225x300.jpeg\" class=\"attachment-medium size-medium\" alt=\"\" srcset=\"https:\/\/mula.es\/web\/wp-content\/uploads\/2023\/11\/Carteles-25N-coles-200x267.jpeg 200w, https:\/\/mula.es\/web\/wp-content\/uploads\/2023\/11\/Carteles-25N-coles-225x300.jpeg 225w, https:\/\/mula.es\/web\/wp-content\/uploads\/2023\/11\/Carteles-25N-coles-400x533.jpeg 400w, https:\/\/mula.es\/web\/wp-content\/uploads\/2023\/11\/Carteles-25N-coles-600x800.jpeg 600w, https:\/\/mula.es\/web\/wp-content\/uploads\/2023\/11\/Carteles-25N-coles-768x1024.jpeg 768w, https:\/\/mula.es\/web\/wp-content\/uploads\/2023\/11\/Carteles-25N-coles-800x1067.jpeg 800w, https:\/\/mula.es\/web\/wp-content\/uploads\/2023\/11\/Carteles-25N-coles-1152x1536.jpeg 1152w, https:\/\/mula.es\/web\/wp-content\/uploads\/2023\/11\/Carteles-25N-coles-1200x1600.jpeg 1200w, https:\/\/mula.es\/web\/wp-content\/uploads\/2023\/11\/Carteles-25N-coles.jpeg 1536w\" sizes=\"(max-width: 225px) 100vw, 225px\" data-attachment-id=\"51076\" data-permalink=\"https:\/\/mula.es\/web\/igualdad-mula-realiza-diversas-iniciativas-para-concienciar-sobre-la-violencia-de-genero-con-motivo-del-25-n\/carteles-25n-coles\/\" data-orig-file=\"https:\/\/mula.es\/web\/wp-content\/uploads\/2023\/11\/Carteles-25N-coles.jpeg\" data-orig-size=\"1536,2048\" data-comments-opened=\"0\" data-image-meta=\"{&quot;aperture&quot;:&quot;0&quot;,&quot;credit&quot;:&quot;&quot;,&quot;camera&quot;:&quot;&quot;,&quot;caption&quot;:&quot;&quot;,&quot;created_timestamp&quot;:&quot;0&quot;,&quot;copyright&quot;:&quot;&quot;,&quot;focal_length&quot;:&quot;0&quot;,&quot;iso&quot;:&quot;0&quot;,&quot;shutter_speed&quot;:&quot;0&quot;,&quot;title&quot;:&quot;&quot;,&quot;orientation&quot;:&quot;0&quot;}\" data-image-title=\"Carteles 25N coles\" data-image-description=\"\" data-image-caption=\"\" data-large-file=\"https:\/\/mula.es\/web\/wp-content\/uploads\/2023\/11\/Carteles-25N-coles-768x1024.jpeg\" \/><\/a>\n\t\t\t<\/dt><\/dl><br style=\"clear: both\" \/>\n\t\t<\/div>\n\n","protected":false},"excerpt":{"rendered":"<p>El pasado s\u00e1bado,\u00a0 25 de noviembre, D\u00eda Internacional de la Eliminaci\u00f3n de la Violencia contra la Mujer, la Concejal\u00eda de Mujer e Igualdad del Ayuntamiento de Mula, con la colaboraci\u00f3n de Aqualia y diversas asociaciones de mujeres del municipio, realiz\u00f3 un homenaje a las 52 v\u00edctimas mortales de violencia machista durante este 2023. El 25N,  [&#8230;]<\/p>\n","protected":false},"author":12,"featured_media":51080,"comment_status":"closed","ping_status":"closed","sticky":false,"template":"","format":"standard","meta":{"jetpack_post_was_ever_published":false,"_jetpack_newsletter_access":"","_jetpack_dont_email_post_to_subs":false,"_jetpack_newsletter_tier_id":0,"_jetpack_memberships_contains_paywalled_content":false,"_jetpack_memberships_contains_paid_content":false,"footnotes":"","jetpack_publicize_message":"","jetpack_publicize_feature_enabled":true,"jetpack_social_post_already_shared":false,"jetpack_social_options":{"image_generator_settings":{"template":"highway","default_image_id":0,"font":"","enabled":false},"version":2}},"categories":[147,116],"tags":[],"class_list":["post-51069","post","type-post","status-publish","format-standard","has-post-thumbnail","hentry","category-igualdad","category-mujer"],"yoast_head":"<!-- This site is optimized with the Yoast SEO plugin v27.4 - https:\/\/yoast.com\/product\/yoast-seo-wordpress\/ -->\n<title>IGUALDAD| Mula realiza diversas iniciativas para concienciar sobre la violencia de g\u00e9nero con motivo del 25-N - Ayuntamiento de Mula<\/title>\n<meta name=\"robots\" content=\"index, follow, max-snippet:-1, max-image-preview:large, max-video-preview:-1\" \/>\n<link rel=\"canonical\" href=\"https:\/\/mula.es\/web\/igualdad-mula-realiza-diversas-iniciativas-para-concienciar-sobre-la-violencia-de-genero-con-motivo-del-25-n\/\" \/>\n<meta property=\"og:locale\" content=\"es_ES\" \/>\n<meta property=\"og:type\" content=\"article\" \/>\n<meta property=\"og:title\" content=\"IGUALDAD| Mula realiza diversas iniciativas para concienciar sobre la violencia de g\u00e9nero con motivo del 25-N - Ayuntamiento de Mula\" \/>\n<meta property=\"og:description\" content=\"El pasado s\u00e1bado,\u00a0 25 de noviembre, D\u00eda Internacional de la Eliminaci\u00f3n de la Violencia contra la Mujer, la Concejal\u00eda de Mujer e Igualdad del Ayuntamiento de Mula, con la colaboraci\u00f3n de Aqualia y diversas asociaciones de mujeres del municipio, realiz\u00f3 un homenaje a las 52 v\u00edctimas mortales de violencia machista durante este 2023. El 25N, [...]\" \/>\n<meta property=\"og:url\" content=\"https:\/\/mula.es\/web\/igualdad-mula-realiza-diversas-iniciativas-para-concienciar-sobre-la-violencia-de-genero-con-motivo-del-25-n\/\" \/>\n<meta property=\"og:site_name\" content=\"Ayuntamiento de Mula\" \/>\n<meta property=\"article:published_time\" content=\"2023-11-27T17:14:26+00:00\" \/>\n<meta property=\"article:modified_time\" content=\"2023-11-28T11:29:01+00:00\" \/>\n<meta property=\"og:image\" content=\"https:\/\/mula.es\/web\/wp-content\/uploads\/2023\/11\/Paraguas-25N-2.jpeg\" \/>\n\t<meta property=\"og:image:width\" content=\"1079\" \/>\n\t<meta property=\"og:image:height\" content=\"640\" \/>\n\t<meta property=\"og:image:type\" content=\"image\/jpeg\" \/>\n<meta name=\"author\" content=\"Mar\u00eda Bel\u00e9n Sumba Bravo\" \/>\n<meta name=\"twitter:card\" content=\"summary_large_image\" \/>\n<meta name=\"twitter:creator\" content=\"@AyuntamientMula\" \/>\n<meta name=\"twitter:site\" content=\"@AyuntamientMula\" \/>\n<meta name=\"twitter:label1\" content=\"Escrito por\" \/>\n\t<meta name=\"twitter:data1\" content=\"Mar\u00eda Bel\u00e9n Sumba Bravo\" \/>\n\t<meta name=\"twitter:label2\" content=\"Tiempo de lectura\" \/>\n\t<meta name=\"twitter:data2\" content=\"3 minutos\" \/>\n<script type=\"application\/ld+json\" class=\"yoast-schema-graph\">{\"@context\":\"https:\\\/\\\/schema.org\",\"@graph\":[{\"@type\":\"Article\",\"@id\":\"https:\\\/\\\/mula.es\\\/web\\\/igualdad-mula-realiza-diversas-iniciativas-para-concienciar-sobre-la-violencia-de-genero-con-motivo-del-25-n\\\/#article\",\"isPartOf\":{\"@id\":\"https:\\\/\\\/mula.es\\\/web\\\/igualdad-mula-realiza-diversas-iniciativas-para-concienciar-sobre-la-violencia-de-genero-con-motivo-del-25-n\\\/\"},\"author\":{\"name\":\"Mar\u00eda Bel\u00e9n Sumba Bravo\",\"@id\":\"https:\\\/\\\/mula.es\\\/web\\\/#\\\/schema\\\/person\\\/4cc33fc69cd667605e1b6247815ac0c0\"},\"headline\":\"IGUALDAD| Mula realiza diversas iniciativas para concienciar sobre la violencia de g\u00e9nero con motivo del 25-N\",\"datePublished\":\"2023-11-27T17:14:26+00:00\",\"dateModified\":\"2023-11-28T11:29:01+00:00\",\"mainEntityOfPage\":{\"@id\":\"https:\\\/\\\/mula.es\\\/web\\\/igualdad-mula-realiza-diversas-iniciativas-para-concienciar-sobre-la-violencia-de-genero-con-motivo-del-25-n\\\/\"},\"wordCount\":543,\"image\":{\"@id\":\"https:\\\/\\\/mula.es\\\/web\\\/igualdad-mula-realiza-diversas-iniciativas-para-concienciar-sobre-la-violencia-de-genero-con-motivo-del-25-n\\\/#primaryimage\"},\"thumbnailUrl\":\"https:\\\/\\\/mula.es\\\/web\\\/wp-content\\\/uploads\\\/2023\\\/11\\\/Paraguas-25N-2.jpeg\",\"articleSection\":[\"igualdad\",\"mujer\"],\"inLanguage\":\"es\"},{\"@type\":\"WebPage\",\"@id\":\"https:\\\/\\\/mula.es\\\/web\\\/igualdad-mula-realiza-diversas-iniciativas-para-concienciar-sobre-la-violencia-de-genero-con-motivo-del-25-n\\\/\",\"url\":\"https:\\\/\\\/mula.es\\\/web\\\/igualdad-mula-realiza-diversas-iniciativas-para-concienciar-sobre-la-violencia-de-genero-con-motivo-del-25-n\\\/\",\"name\":\"IGUALDAD| Mula realiza diversas iniciativas para concienciar sobre la violencia de g\u00e9nero con motivo del 25-N - Ayuntamiento de Mula\",\"isPartOf\":{\"@id\":\"https:\\\/\\\/mula.es\\\/web\\\/#website\"},\"primaryImageOfPage\":{\"@id\":\"https:\\\/\\\/mula.es\\\/web\\\/igualdad-mula-realiza-diversas-iniciativas-para-concienciar-sobre-la-violencia-de-genero-con-motivo-del-25-n\\\/#primaryimage\"},\"image\":{\"@id\":\"https:\\\/\\\/mula.es\\\/web\\\/igualdad-mula-realiza-diversas-iniciativas-para-concienciar-sobre-la-violencia-de-genero-con-motivo-del-25-n\\\/#primaryimage\"},\"thumbnailUrl\":\"https:\\\/\\\/mula.es\\\/web\\\/wp-content\\\/uploads\\\/2023\\\/11\\\/Paraguas-25N-2.jpeg\",\"datePublished\":\"2023-11-27T17:14:26+00:00\",\"dateModified\":\"2023-11-28T11:29:01+00:00\",\"author\":{\"@id\":\"https:\\\/\\\/mula.es\\\/web\\\/#\\\/schema\\\/person\\\/4cc33fc69cd667605e1b6247815ac0c0\"},\"breadcrumb\":{\"@id\":\"https:\\\/\\\/mula.es\\\/web\\\/igualdad-mula-realiza-diversas-iniciativas-para-concienciar-sobre-la-violencia-de-genero-con-motivo-del-25-n\\\/#breadcrumb\"},\"inLanguage\":\"es\",\"potentialAction\":[{\"@type\":\"ReadAction\",\"target\":[\"https:\\\/\\\/mula.es\\\/web\\\/igualdad-mula-realiza-diversas-iniciativas-para-concienciar-sobre-la-violencia-de-genero-con-motivo-del-25-n\\\/\"]}]},{\"@type\":\"ImageObject\",\"inLanguage\":\"es\",\"@id\":\"https:\\\/\\\/mula.es\\\/web\\\/igualdad-mula-realiza-diversas-iniciativas-para-concienciar-sobre-la-violencia-de-genero-con-motivo-del-25-n\\\/#primaryimage\",\"url\":\"https:\\\/\\\/mula.es\\\/web\\\/wp-content\\\/uploads\\\/2023\\\/11\\\/Paraguas-25N-2.jpeg\",\"contentUrl\":\"https:\\\/\\\/mula.es\\\/web\\\/wp-content\\\/uploads\\\/2023\\\/11\\\/Paraguas-25N-2.jpeg\",\"width\":1079,\"height\":640},{\"@type\":\"BreadcrumbList\",\"@id\":\"https:\\\/\\\/mula.es\\\/web\\\/igualdad-mula-realiza-diversas-iniciativas-para-concienciar-sobre-la-violencia-de-genero-con-motivo-del-25-n\\\/#breadcrumb\",\"itemListElement\":[{\"@type\":\"ListItem\",\"position\":1,\"name\":\"Portada\",\"item\":\"https:\\\/\\\/mula.es\\\/web\\\/\"},{\"@type\":\"ListItem\",\"position\":2,\"name\":\"IGUALDAD| Mula realiza diversas iniciativas para concienciar sobre la violencia de g\u00e9nero con motivo del 25-N\"}]},{\"@type\":\"WebSite\",\"@id\":\"https:\\\/\\\/mula.es\\\/web\\\/#website\",\"url\":\"https:\\\/\\\/mula.es\\\/web\\\/\",\"name\":\"Ayuntamiento de Mula\",\"description\":\"P\u00e1gina web del Ayuntamiento de Mula (Regi\u00f3n de Murcia)\",\"potentialAction\":[{\"@type\":\"SearchAction\",\"target\":{\"@type\":\"EntryPoint\",\"urlTemplate\":\"https:\\\/\\\/mula.es\\\/web\\\/?s={search_term_string}\"},\"query-input\":{\"@type\":\"PropertyValueSpecification\",\"valueRequired\":true,\"valueName\":\"search_term_string\"}}],\"inLanguage\":\"es\"},{\"@type\":\"Person\",\"@id\":\"https:\\\/\\\/mula.es\\\/web\\\/#\\\/schema\\\/person\\\/4cc33fc69cd667605e1b6247815ac0c0\",\"name\":\"Mar\u00eda Bel\u00e9n Sumba Bravo\",\"image\":{\"@type\":\"ImageObject\",\"inLanguage\":\"es\",\"@id\":\"https:\\\/\\\/secure.gravatar.com\\\/avatar\\\/8f65af12a8d72e866f97bba50325bdf89a5362533b6f2c9db8c88130883986b1?s=96&d=mm&r=g\",\"url\":\"https:\\\/\\\/secure.gravatar.com\\\/avatar\\\/8f65af12a8d72e866f97bba50325bdf89a5362533b6f2c9db8c88130883986b1?s=96&d=mm&r=g\",\"contentUrl\":\"https:\\\/\\\/secure.gravatar.com\\\/avatar\\\/8f65af12a8d72e866f97bba50325bdf89a5362533b6f2c9db8c88130883986b1?s=96&d=mm&r=g\",\"caption\":\"Mar\u00eda Bel\u00e9n Sumba Bravo\"},\"url\":\"https:\\\/\\\/mula.es\\\/web\\\/author\\\/mbsumba\\\/\"}]}<\/script>\n<!-- \/ Yoast SEO plugin. -->","yoast_head_json":{"title":"IGUALDAD| Mula realiza diversas iniciativas para concienciar sobre la violencia de g\u00e9nero con motivo del 25-N - Ayuntamiento de Mula","robots":{"index":"index","follow":"follow","max-snippet":"max-snippet:-1","max-image-preview":"max-image-preview:large","max-video-preview":"max-video-preview:-1"},"canonical":"https:\/\/mula.es\/web\/igualdad-mula-realiza-diversas-iniciativas-para-concienciar-sobre-la-violencia-de-genero-con-motivo-del-25-n\/","og_locale":"es_ES","og_type":"article","og_title":"IGUALDAD| Mula realiza diversas iniciativas para concienciar sobre la violencia de g\u00e9nero con motivo del 25-N - Ayuntamiento de Mula","og_description":"El pasado s\u00e1bado,\u00a0 25 de noviembre, D\u00eda Internacional de la Eliminaci\u00f3n de la Violencia contra la Mujer, la Concejal\u00eda de Mujer e Igualdad del Ayuntamiento de Mula, con la colaboraci\u00f3n de Aqualia y diversas asociaciones de mujeres del municipio, realiz\u00f3 un homenaje a las 52 v\u00edctimas mortales de violencia machista durante este 2023. El 25N, [...]","og_url":"https:\/\/mula.es\/web\/igualdad-mula-realiza-diversas-iniciativas-para-concienciar-sobre-la-violencia-de-genero-con-motivo-del-25-n\/","og_site_name":"Ayuntamiento de Mula","article_published_time":"2023-11-27T17:14:26+00:00","article_modified_time":"2023-11-28T11:29:01+00:00","og_image":[{"width":1079,"height":640,"url":"https:\/\/mula.es\/web\/wp-content\/uploads\/2023\/11\/Paraguas-25N-2.jpeg","type":"image\/jpeg"}],"author":"Mar\u00eda Bel\u00e9n Sumba Bravo","twitter_card":"summary_large_image","twitter_creator":"@AyuntamientMula","twitter_site":"@AyuntamientMula","twitter_misc":{"Escrito por":"Mar\u00eda Bel\u00e9n Sumba Bravo","Tiempo de lectura":"3 minutos"},"schema":{"@context":"https:\/\/schema.org","@graph":[{"@type":"Article","@id":"https:\/\/mula.es\/web\/igualdad-mula-realiza-diversas-iniciativas-para-concienciar-sobre-la-violencia-de-genero-con-motivo-del-25-n\/#article","isPartOf":{"@id":"https:\/\/mula.es\/web\/igualdad-mula-realiza-diversas-iniciativas-para-concienciar-sobre-la-violencia-de-genero-con-motivo-del-25-n\/"},"author":{"name":"Mar\u00eda Bel\u00e9n Sumba Bravo","@id":"https:\/\/mula.es\/web\/#\/schema\/person\/4cc33fc69cd667605e1b6247815ac0c0"},"headline":"IGUALDAD| Mula realiza diversas iniciativas para concienciar sobre la violencia de g\u00e9nero con motivo del 25-N","datePublished":"2023-11-27T17:14:26+00:00","dateModified":"2023-11-28T11:29:01+00:00","mainEntityOfPage":{"@id":"https:\/\/mula.es\/web\/igualdad-mula-realiza-diversas-iniciativas-para-concienciar-sobre-la-violencia-de-genero-con-motivo-del-25-n\/"},"wordCount":543,"image":{"@id":"https:\/\/mula.es\/web\/igualdad-mula-realiza-diversas-iniciativas-para-concienciar-sobre-la-violencia-de-genero-con-motivo-del-25-n\/#primaryimage"},"thumbnailUrl":"https:\/\/mula.es\/web\/wp-content\/uploads\/2023\/11\/Paraguas-25N-2.jpeg","articleSection":["igualdad","mujer"],"inLanguage":"es"},{"@type":"WebPage","@id":"https:\/\/mula.es\/web\/igualdad-mula-realiza-diversas-iniciativas-para-concienciar-sobre-la-violencia-de-genero-con-motivo-del-25-n\/","url":"https:\/\/mula.es\/web\/igualdad-mula-realiza-diversas-iniciativas-para-concienciar-sobre-la-violencia-de-genero-con-motivo-del-25-n\/","name":"IGUALDAD| Mula realiza diversas iniciativas para concienciar sobre la violencia de g\u00e9nero con motivo del 25-N - Ayuntamiento de Mula","isPartOf":{"@id":"https:\/\/mula.es\/web\/#website"},"primaryImageOfPage":{"@id":"https:\/\/mula.es\/web\/igualdad-mula-realiza-diversas-iniciativas-para-concienciar-sobre-la-violencia-de-genero-con-motivo-del-25-n\/#primaryimage"},"image":{"@id":"https:\/\/mula.es\/web\/igualdad-mula-realiza-diversas-iniciativas-para-concienciar-sobre-la-violencia-de-genero-con-motivo-del-25-n\/#primaryimage"},"thumbnailUrl":"https:\/\/mula.es\/web\/wp-content\/uploads\/2023\/11\/Paraguas-25N-2.jpeg","datePublished":"2023-11-27T17:14:26+00:00","dateModified":"2023-11-28T11:29:01+00:00","author":{"@id":"https:\/\/mula.es\/web\/#\/schema\/person\/4cc33fc69cd667605e1b6247815ac0c0"},"breadcrumb":{"@id":"https:\/\/mula.es\/web\/igualdad-mula-realiza-diversas-iniciativas-para-concienciar-sobre-la-violencia-de-genero-con-motivo-del-25-n\/#breadcrumb"},"inLanguage":"es","potentialAction":[{"@type":"ReadAction","target":["https:\/\/mula.es\/web\/igualdad-mula-realiza-diversas-iniciativas-para-concienciar-sobre-la-violencia-de-genero-con-motivo-del-25-n\/"]}]},{"@type":"ImageObject","inLanguage":"es","@id":"https:\/\/mula.es\/web\/igualdad-mula-realiza-diversas-iniciativas-para-concienciar-sobre-la-violencia-de-genero-con-motivo-del-25-n\/#primaryimage","url":"https:\/\/mula.es\/web\/wp-content\/uploads\/2023\/11\/Paraguas-25N-2.jpeg","contentUrl":"https:\/\/mula.es\/web\/wp-content\/uploads\/2023\/11\/Paraguas-25N-2.jpeg","width":1079,"height":640},{"@type":"BreadcrumbList","@id":"https:\/\/mula.es\/web\/igualdad-mula-realiza-diversas-iniciativas-para-concienciar-sobre-la-violencia-de-genero-con-motivo-del-25-n\/#breadcrumb","itemListElement":[{"@type":"ListItem","position":1,"name":"Portada","item":"https:\/\/mula.es\/web\/"},{"@type":"ListItem","position":2,"name":"IGUALDAD| Mula realiza diversas iniciativas para concienciar sobre la violencia de g\u00e9nero con motivo del 25-N"}]},{"@type":"WebSite","@id":"https:\/\/mula.es\/web\/#website","url":"https:\/\/mula.es\/web\/","name":"Ayuntamiento de Mula","description":"P\u00e1gina web del Ayuntamiento de Mula (Regi\u00f3n de Murcia)","potentialAction":[{"@type":"SearchAction","target":{"@type":"EntryPoint","urlTemplate":"https:\/\/mula.es\/web\/?s={search_term_string}"},"query-input":{"@type":"PropertyValueSpecification","valueRequired":true,"valueName":"search_term_string"}}],"inLanguage":"es"},{"@type":"Person","@id":"https:\/\/mula.es\/web\/#\/schema\/person\/4cc33fc69cd667605e1b6247815ac0c0","name":"Mar\u00eda Bel\u00e9n Sumba Bravo","image":{"@type":"ImageObject","inLanguage":"es","@id":"https:\/\/secure.gravatar.com\/avatar\/8f65af12a8d72e866f97bba50325bdf89a5362533b6f2c9db8c88130883986b1?s=96&d=mm&r=g","url":"https:\/\/secure.gravatar.com\/avatar\/8f65af12a8d72e866f97bba50325bdf89a5362533b6f2c9db8c88130883986b1?s=96&d=mm&r=g","contentUrl":"https:\/\/secure.gravatar.com\/avatar\/8f65af12a8d72e866f97bba50325bdf89a5362533b6f2c9db8c88130883986b1?s=96&d=mm&r=g","caption":"Mar\u00eda Bel\u00e9n Sumba Bravo"},"url":"https:\/\/mula.es\/web\/author\/mbsumba\/"}]}},"jetpack_publicize_connections":[],"jetpack_featured_media_url":"https:\/\/mula.es\/web\/wp-content\/uploads\/2023\/11\/Paraguas-25N-2.jpeg","jetpack_sharing_enabled":true,"jetpack_shortlink":"https:\/\/wp.me\/pa9DMY-dhH","jetpack-related-posts":[],"_links":{"self":[{"href":"https:\/\/mula.es\/web\/wp-json\/wp\/v2\/posts\/51069","targetHints":{"allow":["GET"]}}],"collection":[{"href":"https:\/\/mula.es\/web\/wp-json\/wp\/v2\/posts"}],"about":[{"href":"https:\/\/mula.es\/web\/wp-json\/wp\/v2\/types\/post"}],"author":[{"embeddable":true,"href":"https:\/\/mula.es\/web\/wp-json\/wp\/v2\/users\/12"}],"replies":[{"embeddable":true,"href":"https:\/\/mula.es\/web\/wp-json\/wp\/v2\/comments?post=51069"}],"version-history":[{"count":4,"href":"https:\/\/mula.es\/web\/wp-json\/wp\/v2\/posts\/51069\/revisions"}],"predecessor-version":[{"id":51106,"href":"https:\/\/mula.es\/web\/wp-json\/wp\/v2\/posts\/51069\/revisions\/51106"}],"wp:featuredmedia":[{"embeddable":true,"href":"https:\/\/mula.es\/web\/wp-json\/wp\/v2\/media\/51080"}],"wp:attachment":[{"href":"https:\/\/mula.es\/web\/wp-json\/wp\/v2\/media?parent=51069"}],"wp:term":[{"taxonomy":"category","embeddable":true,"href":"https:\/\/mula.es\/web\/wp-json\/wp\/v2\/categories?post=51069"},{"taxonomy":"post_tag","embeddable":true,"href":"https:\/\/mula.es\/web\/wp-json\/wp\/v2\/tags?post=51069"}],"curies":[{"name":"wp","href":"https:\/\/api.w.org\/{rel}","templated":true}]}}