{"id":51084,"date":"2023-11-28T10:09:30","date_gmt":"2023-11-28T09:09:30","guid":{"rendered":"https:\/\/mula.es\/web\/?p=51084"},"modified":"2023-11-28T10:21:31","modified_gmt":"2023-11-28T09:21:31","slug":"igualdad-mas-de-120-mujeres-mulenas-se-unen-en-una-caminata-contra-la-violencia-de-genero","status":"publish","type":"post","link":"https:\/\/mula.es\/web\/igualdad-mas-de-120-mujeres-mulenas-se-unen-en-una-caminata-contra-la-violencia-de-genero\/","title":{"rendered":"IGUALDAD| M\u00e1s de 120 mujeres mule\u00f1as se unen en una caminata contra la violencia de g\u00e9nero"},"content":{"rendered":"<p style=\"text-align: justify;\"><strong>Organizada por la Concejal\u00eda de Mujer e Igualdad y la Concejal\u00eda de Deportes del Ayuntamiento de Mula, la iniciativa se suma a los actos organizados con motivo del 25-N\u00a0<\/strong><\/p>\n<p style=\"text-align: justify;\">Este martes, 28 de noviembre, m\u00e1s de 120 mujeres mule\u00f1as se han unido a la caminata contra la violencia de g\u00e9nero organizada por la Concejal\u00eda de Mujer e Igualdad y la Concejal\u00eda de Deportes del Ayuntamiento de Mula con motivo del 25 de noviembre, D\u00eda Internacional de la Eliminaci\u00f3n de la Violencia contra la Mujer.<\/p>\n<p style=\"text-align: justify;\">Las participantes, en su mayor\u00eda provenientes de asociaciones de mujeres del municipio &#8211; Amas de Casa de Mula, Asociaci\u00f3n Centro de la Mujer y Asociaci\u00f3n Contra el C\u00e1ncer-,\u00a0 se han unido a esta iniciativa que part\u00eda a las 9 horas desde la plaza del Ayuntamiento del municipio en un recorrido con meta en la pedan\u00eda de El Ni\u00f1o. A trav\u00e9s de la actividad, seg\u00fan ha explicado la concejala de Mujer e Igualdad, Ana Bel\u00e9n P\u00e9rez, \u00abhemos querido organizar una ma\u00f1ana de convivencia entre las mujeres mule\u00f1as con motivo del 25N, mostr\u00e1ndonos unidas frente a la violencia machista y avanzando hacia una igualdad de g\u00e9nero real\u00bb.<\/p>\n<p>&nbsp;<\/p>\n\n\t\t<style type=\"text\/css\">\n\t\t\t#gallery-1 {\n\t\t\t\tmargin: auto;\n\t\t\t}\n\t\t\t#gallery-1 .gallery-item {\n\t\t\t\tfloat: left;\n\t\t\t\tmargin-top: 10px;\n\t\t\t\ttext-align: center;\n\t\t\t\twidth: 50%;\n\t\t\t}\n\t\t\t#gallery-1 img {\n\t\t\t\tborder: 2px solid #cfcfcf;\n\t\t\t}\n\t\t\t#gallery-1 .gallery-caption {\n\t\t\t\tmargin-left: 0;\n\t\t\t}\n\t\t\t\/* see gallery_shortcode() in wp-includes\/media.php *\/\n\t\t<\/style>\n\t\t<div data-carousel-extra='{&quot;blog_id&quot;:1,&quot;permalink&quot;:&quot;https:\/\/mula.es\/web\/igualdad-mas-de-120-mujeres-mulenas-se-unen-en-una-caminata-contra-la-violencia-de-genero\/&quot;}' id='gallery-1' class='gallery galleryid-51084 gallery-columns-2 gallery-size-medium'><dl class='gallery-item'>\n\t\t\t<dt class='gallery-icon landscape'>\n\t\t\t\t<a data-rel=\"iLightbox[postimages]\" data-title=\"Caminata mujeres Mula por 25N (2) (Copy)\" data-caption=\"\" href='https:\/\/mula.es\/web\/igualdad-mas-de-120-mujeres-mulenas-se-unen-en-una-caminata-contra-la-violencia-de-genero\/caminata-mujeres-mula-por-25n-2-copy\/'><img decoding=\"async\" width=\"300\" height=\"200\" src=\"https:\/\/mula.es\/web\/wp-content\/uploads\/2023\/11\/Caminata-mujeres-Mula-por-25N-2-Copy-300x200.png\" class=\"attachment-medium size-medium\" alt=\"\" srcset=\"https:\/\/mula.es\/web\/wp-content\/uploads\/2023\/11\/Caminata-mujeres-Mula-por-25N-2-Copy-200x133.png 200w, https:\/\/mula.es\/web\/wp-content\/uploads\/2023\/11\/Caminata-mujeres-Mula-por-25N-2-Copy-300x200.png 300w, https:\/\/mula.es\/web\/wp-content\/uploads\/2023\/11\/Caminata-mujeres-Mula-por-25N-2-Copy-400x267.png 400w, https:\/\/mula.es\/web\/wp-content\/uploads\/2023\/11\/Caminata-mujeres-Mula-por-25N-2-Copy-600x400.png 600w, https:\/\/mula.es\/web\/wp-content\/uploads\/2023\/11\/Caminata-mujeres-Mula-por-25N-2-Copy-768x512.png 768w, https:\/\/mula.es\/web\/wp-content\/uploads\/2023\/11\/Caminata-mujeres-Mula-por-25N-2-Copy-800x534.png 800w, https:\/\/mula.es\/web\/wp-content\/uploads\/2023\/11\/Caminata-mujeres-Mula-por-25N-2-Copy.png 1024w\" sizes=\"(max-width: 300px) 100vw, 300px\" data-attachment-id=\"51086\" data-permalink=\"https:\/\/mula.es\/web\/igualdad-mas-de-120-mujeres-mulenas-se-unen-en-una-caminata-contra-la-violencia-de-genero\/caminata-mujeres-mula-por-25n-2-copy\/\" data-orig-file=\"https:\/\/mula.es\/web\/wp-content\/uploads\/2023\/11\/Caminata-mujeres-Mula-por-25N-2-Copy.png\" data-orig-size=\"1024,683\" data-comments-opened=\"0\" data-image-meta=\"{&quot;aperture&quot;:&quot;0&quot;,&quot;credit&quot;:&quot;&quot;,&quot;camera&quot;:&quot;&quot;,&quot;caption&quot;:&quot;&quot;,&quot;created_timestamp&quot;:&quot;0&quot;,&quot;copyright&quot;:&quot;&quot;,&quot;focal_length&quot;:&quot;0&quot;,&quot;iso&quot;:&quot;0&quot;,&quot;shutter_speed&quot;:&quot;0&quot;,&quot;title&quot;:&quot;&quot;,&quot;orientation&quot;:&quot;0&quot;}\" data-image-title=\"Caminata mujeres Mula por 25N (2) (Copy)\" data-image-description=\"\" data-image-caption=\"\" data-large-file=\"https:\/\/mula.es\/web\/wp-content\/uploads\/2023\/11\/Caminata-mujeres-Mula-por-25N-2-Copy.png\" \/><\/a>\n\t\t\t<\/dt><\/dl><dl class='gallery-item'>\n\t\t\t<dt class='gallery-icon landscape'>\n\t\t\t\t<a data-rel=\"iLightbox[postimages]\" data-title=\"Caminata mujeres Mula por 25N (3) (Copy)\" data-caption=\"\" href='https:\/\/mula.es\/web\/igualdad-mas-de-120-mujeres-mulenas-se-unen-en-una-caminata-contra-la-violencia-de-genero\/caminata-mujeres-mula-por-25n-3-copy\/'><img decoding=\"async\" width=\"300\" height=\"200\" src=\"https:\/\/mula.es\/web\/wp-content\/uploads\/2023\/11\/Caminata-mujeres-Mula-por-25N-3-Copy-300x200.png\" class=\"attachment-medium size-medium\" alt=\"\" srcset=\"https:\/\/mula.es\/web\/wp-content\/uploads\/2023\/11\/Caminata-mujeres-Mula-por-25N-3-Copy-200x133.png 200w, https:\/\/mula.es\/web\/wp-content\/uploads\/2023\/11\/Caminata-mujeres-Mula-por-25N-3-Copy-300x200.png 300w, https:\/\/mula.es\/web\/wp-content\/uploads\/2023\/11\/Caminata-mujeres-Mula-por-25N-3-Copy-400x267.png 400w, https:\/\/mula.es\/web\/wp-content\/uploads\/2023\/11\/Caminata-mujeres-Mula-por-25N-3-Copy-600x400.png 600w, https:\/\/mula.es\/web\/wp-content\/uploads\/2023\/11\/Caminata-mujeres-Mula-por-25N-3-Copy-768x512.png 768w, https:\/\/mula.es\/web\/wp-content\/uploads\/2023\/11\/Caminata-mujeres-Mula-por-25N-3-Copy-800x534.png 800w, https:\/\/mula.es\/web\/wp-content\/uploads\/2023\/11\/Caminata-mujeres-Mula-por-25N-3-Copy.png 1024w\" sizes=\"(max-width: 300px) 100vw, 300px\" data-attachment-id=\"51087\" data-permalink=\"https:\/\/mula.es\/web\/igualdad-mas-de-120-mujeres-mulenas-se-unen-en-una-caminata-contra-la-violencia-de-genero\/caminata-mujeres-mula-por-25n-3-copy\/\" data-orig-file=\"https:\/\/mula.es\/web\/wp-content\/uploads\/2023\/11\/Caminata-mujeres-Mula-por-25N-3-Copy.png\" data-orig-size=\"1024,683\" data-comments-opened=\"0\" data-image-meta=\"{&quot;aperture&quot;:&quot;0&quot;,&quot;credit&quot;:&quot;&quot;,&quot;camera&quot;:&quot;&quot;,&quot;caption&quot;:&quot;&quot;,&quot;created_timestamp&quot;:&quot;0&quot;,&quot;copyright&quot;:&quot;&quot;,&quot;focal_length&quot;:&quot;0&quot;,&quot;iso&quot;:&quot;0&quot;,&quot;shutter_speed&quot;:&quot;0&quot;,&quot;title&quot;:&quot;&quot;,&quot;orientation&quot;:&quot;0&quot;}\" data-image-title=\"Caminata mujeres Mula por 25N (3) (Copy)\" data-image-description=\"\" data-image-caption=\"\" data-large-file=\"https:\/\/mula.es\/web\/wp-content\/uploads\/2023\/11\/Caminata-mujeres-Mula-por-25N-3-Copy.png\" \/><\/a>\n\t\t\t<\/dt><\/dl><br style=\"clear: both\" \/>\n\t\t<\/div>\n\n","protected":false},"excerpt":{"rendered":"<p>Organizada por la Concejal\u00eda de Mujer e Igualdad y la Concejal\u00eda de Deportes del Ayuntamiento de Mula, la iniciativa se suma a los actos organizados con motivo del 25-N\u00a0 Este martes, 28 de noviembre, m\u00e1s de 120 mujeres mule\u00f1as se han unido a la caminata contra la violencia de g\u00e9nero organizada por la Concejal\u00eda de  [&#8230;]<\/p>\n","protected":false},"author":12,"featured_media":51089,"comment_status":"closed","ping_status":"closed","sticky":false,"template":"","format":"standard","meta":{"jetpack_post_was_ever_published":false,"_jetpack_newsletter_access":"","_jetpack_dont_email_post_to_subs":false,"_jetpack_newsletter_tier_id":0,"_jetpack_memberships_contains_paywalled_content":false,"_jetpack_memberships_contains_paid_content":false,"footnotes":"","jetpack_publicize_message":"","jetpack_publicize_feature_enabled":true,"jetpack_social_post_already_shared":false,"jetpack_social_options":{"image_generator_settings":{"template":"highway","default_image_id":0,"font":"","enabled":false},"version":2}},"categories":[147,116],"tags":[],"class_list":["post-51084","post","type-post","status-publish","format-standard","has-post-thumbnail","hentry","category-igualdad","category-mujer"],"yoast_head":"<!-- This site is optimized with the Yoast SEO plugin v27.4 - https:\/\/yoast.com\/product\/yoast-seo-wordpress\/ -->\n<title>IGUALDAD| M\u00e1s de 120 mujeres mule\u00f1as se unen en una caminata contra la violencia de g\u00e9nero - Ayuntamiento de Mula<\/title>\n<meta name=\"robots\" content=\"index, follow, max-snippet:-1, max-image-preview:large, max-video-preview:-1\" \/>\n<link rel=\"canonical\" href=\"https:\/\/mula.es\/web\/igualdad-mas-de-120-mujeres-mulenas-se-unen-en-una-caminata-contra-la-violencia-de-genero\/\" \/>\n<meta property=\"og:locale\" content=\"es_ES\" \/>\n<meta property=\"og:type\" content=\"article\" \/>\n<meta property=\"og:title\" content=\"IGUALDAD| M\u00e1s de 120 mujeres mule\u00f1as se unen en una caminata contra la violencia de g\u00e9nero - Ayuntamiento de Mula\" \/>\n<meta property=\"og:description\" content=\"Organizada por la Concejal\u00eda de Mujer e Igualdad y la Concejal\u00eda de Deportes del Ayuntamiento de Mula, la iniciativa se suma a los actos organizados con motivo del 25-N\u00a0 Este martes, 28 de noviembre, m\u00e1s de 120 mujeres mule\u00f1as se han unido a la caminata contra la violencia de g\u00e9nero organizada por la Concejal\u00eda de [...]\" \/>\n<meta property=\"og:url\" content=\"https:\/\/mula.es\/web\/igualdad-mas-de-120-mujeres-mulenas-se-unen-en-una-caminata-contra-la-violencia-de-genero\/\" \/>\n<meta property=\"og:site_name\" content=\"Ayuntamiento de Mula\" \/>\n<meta property=\"article:published_time\" content=\"2023-11-28T09:09:30+00:00\" \/>\n<meta property=\"article:modified_time\" content=\"2023-11-28T09:21:31+00:00\" \/>\n<meta property=\"og:image\" content=\"https:\/\/mula.es\/web\/wp-content\/uploads\/2023\/11\/Caminata-mujeres-Mula-por-25N-Copy.png\" \/>\n\t<meta property=\"og:image:width\" content=\"1024\" \/>\n\t<meta property=\"og:image:height\" content=\"683\" \/>\n\t<meta property=\"og:image:type\" content=\"image\/png\" \/>\n<meta name=\"author\" content=\"Mar\u00eda Bel\u00e9n Sumba Bravo\" \/>\n<meta name=\"twitter:card\" content=\"summary_large_image\" \/>\n<meta name=\"twitter:creator\" content=\"@AyuntamientMula\" \/>\n<meta name=\"twitter:site\" content=\"@AyuntamientMula\" \/>\n<meta name=\"twitter:label1\" content=\"Escrito por\" \/>\n\t<meta name=\"twitter:data1\" content=\"Mar\u00eda Bel\u00e9n Sumba Bravo\" \/>\n\t<meta name=\"twitter:label2\" content=\"Tiempo de lectura\" \/>\n\t<meta name=\"twitter:data2\" content=\"1 minuto\" \/>\n<script type=\"application\/ld+json\" class=\"yoast-schema-graph\">{\"@context\":\"https:\\\/\\\/schema.org\",\"@graph\":[{\"@type\":\"Article\",\"@id\":\"https:\\\/\\\/mula.es\\\/web\\\/igualdad-mas-de-120-mujeres-mulenas-se-unen-en-una-caminata-contra-la-violencia-de-genero\\\/#article\",\"isPartOf\":{\"@id\":\"https:\\\/\\\/mula.es\\\/web\\\/igualdad-mas-de-120-mujeres-mulenas-se-unen-en-una-caminata-contra-la-violencia-de-genero\\\/\"},\"author\":{\"name\":\"Mar\u00eda Bel\u00e9n Sumba Bravo\",\"@id\":\"https:\\\/\\\/mula.es\\\/web\\\/#\\\/schema\\\/person\\\/4cc33fc69cd667605e1b6247815ac0c0\"},\"headline\":\"IGUALDAD| M\u00e1s de 120 mujeres mule\u00f1as se unen en una caminata contra la violencia de g\u00e9nero\",\"datePublished\":\"2023-11-28T09:09:30+00:00\",\"dateModified\":\"2023-11-28T09:21:31+00:00\",\"mainEntityOfPage\":{\"@id\":\"https:\\\/\\\/mula.es\\\/web\\\/igualdad-mas-de-120-mujeres-mulenas-se-unen-en-una-caminata-contra-la-violencia-de-genero\\\/\"},\"wordCount\":235,\"image\":{\"@id\":\"https:\\\/\\\/mula.es\\\/web\\\/igualdad-mas-de-120-mujeres-mulenas-se-unen-en-una-caminata-contra-la-violencia-de-genero\\\/#primaryimage\"},\"thumbnailUrl\":\"https:\\\/\\\/mula.es\\\/web\\\/wp-content\\\/uploads\\\/2023\\\/11\\\/Caminata-mujeres-Mula-por-25N-Copy.png\",\"articleSection\":[\"igualdad\",\"mujer\"],\"inLanguage\":\"es\"},{\"@type\":\"WebPage\",\"@id\":\"https:\\\/\\\/mula.es\\\/web\\\/igualdad-mas-de-120-mujeres-mulenas-se-unen-en-una-caminata-contra-la-violencia-de-genero\\\/\",\"url\":\"https:\\\/\\\/mula.es\\\/web\\\/igualdad-mas-de-120-mujeres-mulenas-se-unen-en-una-caminata-contra-la-violencia-de-genero\\\/\",\"name\":\"IGUALDAD| M\u00e1s de 120 mujeres mule\u00f1as se unen en una caminata contra la violencia de g\u00e9nero - Ayuntamiento de Mula\",\"isPartOf\":{\"@id\":\"https:\\\/\\\/mula.es\\\/web\\\/#website\"},\"primaryImageOfPage\":{\"@id\":\"https:\\\/\\\/mula.es\\\/web\\\/igualdad-mas-de-120-mujeres-mulenas-se-unen-en-una-caminata-contra-la-violencia-de-genero\\\/#primaryimage\"},\"image\":{\"@id\":\"https:\\\/\\\/mula.es\\\/web\\\/igualdad-mas-de-120-mujeres-mulenas-se-unen-en-una-caminata-contra-la-violencia-de-genero\\\/#primaryimage\"},\"thumbnailUrl\":\"https:\\\/\\\/mula.es\\\/web\\\/wp-content\\\/uploads\\\/2023\\\/11\\\/Caminata-mujeres-Mula-por-25N-Copy.png\",\"datePublished\":\"2023-11-28T09:09:30+00:00\",\"dateModified\":\"2023-11-28T09:21:31+00:00\",\"author\":{\"@id\":\"https:\\\/\\\/mula.es\\\/web\\\/#\\\/schema\\\/person\\\/4cc33fc69cd667605e1b6247815ac0c0\"},\"breadcrumb\":{\"@id\":\"https:\\\/\\\/mula.es\\\/web\\\/igualdad-mas-de-120-mujeres-mulenas-se-unen-en-una-caminata-contra-la-violencia-de-genero\\\/#breadcrumb\"},\"inLanguage\":\"es\",\"potentialAction\":[{\"@type\":\"ReadAction\",\"target\":[\"https:\\\/\\\/mula.es\\\/web\\\/igualdad-mas-de-120-mujeres-mulenas-se-unen-en-una-caminata-contra-la-violencia-de-genero\\\/\"]}]},{\"@type\":\"ImageObject\",\"inLanguage\":\"es\",\"@id\":\"https:\\\/\\\/mula.es\\\/web\\\/igualdad-mas-de-120-mujeres-mulenas-se-unen-en-una-caminata-contra-la-violencia-de-genero\\\/#primaryimage\",\"url\":\"https:\\\/\\\/mula.es\\\/web\\\/wp-content\\\/uploads\\\/2023\\\/11\\\/Caminata-mujeres-Mula-por-25N-Copy.png\",\"contentUrl\":\"https:\\\/\\\/mula.es\\\/web\\\/wp-content\\\/uploads\\\/2023\\\/11\\\/Caminata-mujeres-Mula-por-25N-Copy.png\",\"width\":1024,\"height\":683},{\"@type\":\"BreadcrumbList\",\"@id\":\"https:\\\/\\\/mula.es\\\/web\\\/igualdad-mas-de-120-mujeres-mulenas-se-unen-en-una-caminata-contra-la-violencia-de-genero\\\/#breadcrumb\",\"itemListElement\":[{\"@type\":\"ListItem\",\"position\":1,\"name\":\"Portada\",\"item\":\"https:\\\/\\\/mula.es\\\/web\\\/\"},{\"@type\":\"ListItem\",\"position\":2,\"name\":\"IGUALDAD| M\u00e1s de 120 mujeres mule\u00f1as se unen en una caminata contra la violencia de g\u00e9nero\"}]},{\"@type\":\"WebSite\",\"@id\":\"https:\\\/\\\/mula.es\\\/web\\\/#website\",\"url\":\"https:\\\/\\\/mula.es\\\/web\\\/\",\"name\":\"Ayuntamiento de Mula\",\"description\":\"P\u00e1gina web del Ayuntamiento de Mula (Regi\u00f3n de Murcia)\",\"potentialAction\":[{\"@type\":\"SearchAction\",\"target\":{\"@type\":\"EntryPoint\",\"urlTemplate\":\"https:\\\/\\\/mula.es\\\/web\\\/?s={search_term_string}\"},\"query-input\":{\"@type\":\"PropertyValueSpecification\",\"valueRequired\":true,\"valueName\":\"search_term_string\"}}],\"inLanguage\":\"es\"},{\"@type\":\"Person\",\"@id\":\"https:\\\/\\\/mula.es\\\/web\\\/#\\\/schema\\\/person\\\/4cc33fc69cd667605e1b6247815ac0c0\",\"name\":\"Mar\u00eda Bel\u00e9n Sumba Bravo\",\"image\":{\"@type\":\"ImageObject\",\"inLanguage\":\"es\",\"@id\":\"https:\\\/\\\/secure.gravatar.com\\\/avatar\\\/8f65af12a8d72e866f97bba50325bdf89a5362533b6f2c9db8c88130883986b1?s=96&d=mm&r=g\",\"url\":\"https:\\\/\\\/secure.gravatar.com\\\/avatar\\\/8f65af12a8d72e866f97bba50325bdf89a5362533b6f2c9db8c88130883986b1?s=96&d=mm&r=g\",\"contentUrl\":\"https:\\\/\\\/secure.gravatar.com\\\/avatar\\\/8f65af12a8d72e866f97bba50325bdf89a5362533b6f2c9db8c88130883986b1?s=96&d=mm&r=g\",\"caption\":\"Mar\u00eda Bel\u00e9n Sumba Bravo\"},\"url\":\"https:\\\/\\\/mula.es\\\/web\\\/author\\\/mbsumba\\\/\"}]}<\/script>\n<!-- \/ Yoast SEO plugin. -->","yoast_head_json":{"title":"IGUALDAD| M\u00e1s de 120 mujeres mule\u00f1as se unen en una caminata contra la violencia de g\u00e9nero - Ayuntamiento de Mula","robots":{"index":"index","follow":"follow","max-snippet":"max-snippet:-1","max-image-preview":"max-image-preview:large","max-video-preview":"max-video-preview:-1"},"canonical":"https:\/\/mula.es\/web\/igualdad-mas-de-120-mujeres-mulenas-se-unen-en-una-caminata-contra-la-violencia-de-genero\/","og_locale":"es_ES","og_type":"article","og_title":"IGUALDAD| M\u00e1s de 120 mujeres mule\u00f1as se unen en una caminata contra la violencia de g\u00e9nero - Ayuntamiento de Mula","og_description":"Organizada por la Concejal\u00eda de Mujer e Igualdad y la Concejal\u00eda de Deportes del Ayuntamiento de Mula, la iniciativa se suma a los actos organizados con motivo del 25-N\u00a0 Este martes, 28 de noviembre, m\u00e1s de 120 mujeres mule\u00f1as se han unido a la caminata contra la violencia de g\u00e9nero organizada por la Concejal\u00eda de [...]","og_url":"https:\/\/mula.es\/web\/igualdad-mas-de-120-mujeres-mulenas-se-unen-en-una-caminata-contra-la-violencia-de-genero\/","og_site_name":"Ayuntamiento de Mula","article_published_time":"2023-11-28T09:09:30+00:00","article_modified_time":"2023-11-28T09:21:31+00:00","og_image":[{"width":1024,"height":683,"url":"https:\/\/mula.es\/web\/wp-content\/uploads\/2023\/11\/Caminata-mujeres-Mula-por-25N-Copy.png","type":"image\/png"}],"author":"Mar\u00eda Bel\u00e9n Sumba Bravo","twitter_card":"summary_large_image","twitter_creator":"@AyuntamientMula","twitter_site":"@AyuntamientMula","twitter_misc":{"Escrito por":"Mar\u00eda Bel\u00e9n Sumba Bravo","Tiempo de lectura":"1 minuto"},"schema":{"@context":"https:\/\/schema.org","@graph":[{"@type":"Article","@id":"https:\/\/mula.es\/web\/igualdad-mas-de-120-mujeres-mulenas-se-unen-en-una-caminata-contra-la-violencia-de-genero\/#article","isPartOf":{"@id":"https:\/\/mula.es\/web\/igualdad-mas-de-120-mujeres-mulenas-se-unen-en-una-caminata-contra-la-violencia-de-genero\/"},"author":{"name":"Mar\u00eda Bel\u00e9n Sumba Bravo","@id":"https:\/\/mula.es\/web\/#\/schema\/person\/4cc33fc69cd667605e1b6247815ac0c0"},"headline":"IGUALDAD| M\u00e1s de 120 mujeres mule\u00f1as se unen en una caminata contra la violencia de g\u00e9nero","datePublished":"2023-11-28T09:09:30+00:00","dateModified":"2023-11-28T09:21:31+00:00","mainEntityOfPage":{"@id":"https:\/\/mula.es\/web\/igualdad-mas-de-120-mujeres-mulenas-se-unen-en-una-caminata-contra-la-violencia-de-genero\/"},"wordCount":235,"image":{"@id":"https:\/\/mula.es\/web\/igualdad-mas-de-120-mujeres-mulenas-se-unen-en-una-caminata-contra-la-violencia-de-genero\/#primaryimage"},"thumbnailUrl":"https:\/\/mula.es\/web\/wp-content\/uploads\/2023\/11\/Caminata-mujeres-Mula-por-25N-Copy.png","articleSection":["igualdad","mujer"],"inLanguage":"es"},{"@type":"WebPage","@id":"https:\/\/mula.es\/web\/igualdad-mas-de-120-mujeres-mulenas-se-unen-en-una-caminata-contra-la-violencia-de-genero\/","url":"https:\/\/mula.es\/web\/igualdad-mas-de-120-mujeres-mulenas-se-unen-en-una-caminata-contra-la-violencia-de-genero\/","name":"IGUALDAD| M\u00e1s de 120 mujeres mule\u00f1as se unen en una caminata contra la violencia de g\u00e9nero - Ayuntamiento de Mula","isPartOf":{"@id":"https:\/\/mula.es\/web\/#website"},"primaryImageOfPage":{"@id":"https:\/\/mula.es\/web\/igualdad-mas-de-120-mujeres-mulenas-se-unen-en-una-caminata-contra-la-violencia-de-genero\/#primaryimage"},"image":{"@id":"https:\/\/mula.es\/web\/igualdad-mas-de-120-mujeres-mulenas-se-unen-en-una-caminata-contra-la-violencia-de-genero\/#primaryimage"},"thumbnailUrl":"https:\/\/mula.es\/web\/wp-content\/uploads\/2023\/11\/Caminata-mujeres-Mula-por-25N-Copy.png","datePublished":"2023-11-28T09:09:30+00:00","dateModified":"2023-11-28T09:21:31+00:00","author":{"@id":"https:\/\/mula.es\/web\/#\/schema\/person\/4cc33fc69cd667605e1b6247815ac0c0"},"breadcrumb":{"@id":"https:\/\/mula.es\/web\/igualdad-mas-de-120-mujeres-mulenas-se-unen-en-una-caminata-contra-la-violencia-de-genero\/#breadcrumb"},"inLanguage":"es","potentialAction":[{"@type":"ReadAction","target":["https:\/\/mula.es\/web\/igualdad-mas-de-120-mujeres-mulenas-se-unen-en-una-caminata-contra-la-violencia-de-genero\/"]}]},{"@type":"ImageObject","inLanguage":"es","@id":"https:\/\/mula.es\/web\/igualdad-mas-de-120-mujeres-mulenas-se-unen-en-una-caminata-contra-la-violencia-de-genero\/#primaryimage","url":"https:\/\/mula.es\/web\/wp-content\/uploads\/2023\/11\/Caminata-mujeres-Mula-por-25N-Copy.png","contentUrl":"https:\/\/mula.es\/web\/wp-content\/uploads\/2023\/11\/Caminata-mujeres-Mula-por-25N-Copy.png","width":1024,"height":683},{"@type":"BreadcrumbList","@id":"https:\/\/mula.es\/web\/igualdad-mas-de-120-mujeres-mulenas-se-unen-en-una-caminata-contra-la-violencia-de-genero\/#breadcrumb","itemListElement":[{"@type":"ListItem","position":1,"name":"Portada","item":"https:\/\/mula.es\/web\/"},{"@type":"ListItem","position":2,"name":"IGUALDAD| M\u00e1s de 120 mujeres mule\u00f1as se unen en una caminata contra la violencia de g\u00e9nero"}]},{"@type":"WebSite","@id":"https:\/\/mula.es\/web\/#website","url":"https:\/\/mula.es\/web\/","name":"Ayuntamiento de Mula","description":"P\u00e1gina web del Ayuntamiento de Mula (Regi\u00f3n de Murcia)","potentialAction":[{"@type":"SearchAction","target":{"@type":"EntryPoint","urlTemplate":"https:\/\/mula.es\/web\/?s={search_term_string}"},"query-input":{"@type":"PropertyValueSpecification","valueRequired":true,"valueName":"search_term_string"}}],"inLanguage":"es"},{"@type":"Person","@id":"https:\/\/mula.es\/web\/#\/schema\/person\/4cc33fc69cd667605e1b6247815ac0c0","name":"Mar\u00eda Bel\u00e9n Sumba Bravo","image":{"@type":"ImageObject","inLanguage":"es","@id":"https:\/\/secure.gravatar.com\/avatar\/8f65af12a8d72e866f97bba50325bdf89a5362533b6f2c9db8c88130883986b1?s=96&d=mm&r=g","url":"https:\/\/secure.gravatar.com\/avatar\/8f65af12a8d72e866f97bba50325bdf89a5362533b6f2c9db8c88130883986b1?s=96&d=mm&r=g","contentUrl":"https:\/\/secure.gravatar.com\/avatar\/8f65af12a8d72e866f97bba50325bdf89a5362533b6f2c9db8c88130883986b1?s=96&d=mm&r=g","caption":"Mar\u00eda Bel\u00e9n Sumba Bravo"},"url":"https:\/\/mula.es\/web\/author\/mbsumba\/"}]}},"jetpack_publicize_connections":[],"jetpack_featured_media_url":"https:\/\/mula.es\/web\/wp-content\/uploads\/2023\/11\/Caminata-mujeres-Mula-por-25N-Copy.png","jetpack_sharing_enabled":true,"jetpack_shortlink":"https:\/\/wp.me\/pa9DMY-dhW","jetpack-related-posts":[],"_links":{"self":[{"href":"https:\/\/mula.es\/web\/wp-json\/wp\/v2\/posts\/51084","targetHints":{"allow":["GET"]}}],"collection":[{"href":"https:\/\/mula.es\/web\/wp-json\/wp\/v2\/posts"}],"about":[{"href":"https:\/\/mula.es\/web\/wp-json\/wp\/v2\/types\/post"}],"author":[{"embeddable":true,"href":"https:\/\/mula.es\/web\/wp-json\/wp\/v2\/users\/12"}],"replies":[{"embeddable":true,"href":"https:\/\/mula.es\/web\/wp-json\/wp\/v2\/comments?post=51084"}],"version-history":[{"count":7,"href":"https:\/\/mula.es\/web\/wp-json\/wp\/v2\/posts\/51084\/revisions"}],"predecessor-version":[{"id":51095,"href":"https:\/\/mula.es\/web\/wp-json\/wp\/v2\/posts\/51084\/revisions\/51095"}],"wp:featuredmedia":[{"embeddable":true,"href":"https:\/\/mula.es\/web\/wp-json\/wp\/v2\/media\/51089"}],"wp:attachment":[{"href":"https:\/\/mula.es\/web\/wp-json\/wp\/v2\/media?parent=51084"}],"wp:term":[{"taxonomy":"category","embeddable":true,"href":"https:\/\/mula.es\/web\/wp-json\/wp\/v2\/categories?post=51084"},{"taxonomy":"post_tag","embeddable":true,"href":"https:\/\/mula.es\/web\/wp-json\/wp\/v2\/tags?post=51084"}],"curies":[{"name":"wp","href":"https:\/\/api.w.org\/{rel}","templated":true}]}}