{"id":51134,"date":"2023-11-30T11:59:49","date_gmt":"2023-11-30T10:59:49","guid":{"rendered":"https:\/\/mula.es\/web\/?p=51134"},"modified":"2023-11-30T12:00:14","modified_gmt":"2023-11-30T11:00:14","slug":"obras-publicas-finalizan-las-obras-del-sistema-de-abastecimiento-de-la-puebla","status":"publish","type":"post","link":"https:\/\/mula.es\/web\/obras-publicas-finalizan-las-obras-del-sistema-de-abastecimiento-de-la-puebla\/","title":{"rendered":"OBRAS P\u00daBLICAS| Finalizan las obras del sistema de abastecimiento de La Puebla"},"content":{"rendered":"<p style=\"text-align: justify;\">El alcalde de Mula, Juan Jes\u00fas Moreno, acompa\u00f1ado por Vicente L\u00f3pez, concejal de Servicios Municipales; Fulgencio S\u00e1nchez, ped\u00e1neo de La Puebla, ; y Pascual Salmer\u00f3n, t\u00e9cnico del Ayuntamiento, ha visitado las obras del sistema de abastecimiento de La Puebla, donde se est\u00e1n realizando las \u00faltimas labores de aglomerado de la v\u00eda.<\/p>\n<p style=\"text-align: justify;\">Con una inversi\u00f3n de 266 mil euros, el proyecto representa una mejora substancial del sistema de abastecimiento de la pedan\u00eda y una reducci\u00f3n de las p\u00e9rdidas en las redes hidr\u00e1ulicas. Adem\u00e1s, incluye la eliminaci\u00f3n total del fibrocemento de la red. En este sentido, el alcalde de Mula ha destacado que \u00abestas obras no s\u00f3lo impulsan considerablemente el desarrollo de La Puebla, sino que tambi\u00e9n mejoran de forma significativa la calidad de vida de sus habitantes\u00bb.<\/p>\n<div class=\"post-content\">\n<p style=\"text-align: justify;\">Las acciones de mejora realizadas son la renovaci\u00f3n e incorporaci\u00f3n de nuevas llaves de corte, la instalaci\u00f3n de equipos para elevar el rendimiento hidr\u00e1ulico del sistema, as\u00ed como la implementaci\u00f3n de dispositivos de medici\u00f3n y control de vol\u00famenes de agua. Asimismo, se han introducido tecnolog\u00edas de ahorro que no solo optimizan el sistema desde una perspectiva medioambiental, sino que tambi\u00e9n contribuyen a una gesti\u00f3n energ\u00e9tica m\u00e1s eficiente.<\/p>\n<p style=\"text-align: justify;\"><a href=\"https:\/\/mula.es\/web\/wp-content\/uploads\/2023\/11\/Finalizacion-obras-La-Puebla-Copy.png\"><img decoding=\"async\" data-attachment-id=\"51138\" data-permalink=\"https:\/\/mula.es\/web\/obras-publicas-finalizan-las-obras-del-sistema-de-abastecimiento-de-la-puebla\/finalizacion-obras-la-puebla-copy\/\" data-orig-file=\"https:\/\/mula.es\/web\/wp-content\/uploads\/2023\/11\/Finalizacion-obras-La-Puebla-Copy.png\" data-orig-size=\"1024,683\" data-comments-opened=\"0\" data-image-meta=\"{&quot;aperture&quot;:&quot;0&quot;,&quot;credit&quot;:&quot;&quot;,&quot;camera&quot;:&quot;&quot;,&quot;caption&quot;:&quot;&quot;,&quot;created_timestamp&quot;:&quot;0&quot;,&quot;copyright&quot;:&quot;&quot;,&quot;focal_length&quot;:&quot;0&quot;,&quot;iso&quot;:&quot;0&quot;,&quot;shutter_speed&quot;:&quot;0&quot;,&quot;title&quot;:&quot;&quot;,&quot;orientation&quot;:&quot;0&quot;}\" data-image-title=\"Finalizaci\u00f3n obras La Puebla (Copy)\" data-image-description=\"\" data-image-caption=\"\" data-large-file=\"https:\/\/mula.es\/web\/wp-content\/uploads\/2023\/11\/Finalizacion-obras-La-Puebla-Copy.png\" class=\" wp-image-51138 aligncenter\" src=\"https:\/\/mula.es\/web\/wp-content\/uploads\/2023\/11\/Finalizacion-obras-La-Puebla-Copy.png\" alt=\"\" width=\"580\" height=\"387\" srcset=\"https:\/\/mula.es\/web\/wp-content\/uploads\/2023\/11\/Finalizacion-obras-La-Puebla-Copy-200x133.png 200w, https:\/\/mula.es\/web\/wp-content\/uploads\/2023\/11\/Finalizacion-obras-La-Puebla-Copy-300x200.png 300w, https:\/\/mula.es\/web\/wp-content\/uploads\/2023\/11\/Finalizacion-obras-La-Puebla-Copy-400x267.png 400w, https:\/\/mula.es\/web\/wp-content\/uploads\/2023\/11\/Finalizacion-obras-La-Puebla-Copy-600x400.png 600w, https:\/\/mula.es\/web\/wp-content\/uploads\/2023\/11\/Finalizacion-obras-La-Puebla-Copy-768x512.png 768w, https:\/\/mula.es\/web\/wp-content\/uploads\/2023\/11\/Finalizacion-obras-La-Puebla-Copy-800x534.png 800w, https:\/\/mula.es\/web\/wp-content\/uploads\/2023\/11\/Finalizacion-obras-La-Puebla-Copy.png 1024w\" sizes=\"(max-width: 580px) 100vw, 580px\" \/><\/a><\/p>\n<p><a href=\"https:\/\/mula.es\/web\/wp-content\/uploads\/2023\/11\/Finalizacion-obras-La-Puebla-3.jpeg\"><img decoding=\"async\" data-attachment-id=\"51139\" data-permalink=\"https:\/\/mula.es\/web\/obras-publicas-finalizan-las-obras-del-sistema-de-abastecimiento-de-la-puebla\/finalizacion-obras-la-puebla-3\/\" data-orig-file=\"https:\/\/mula.es\/web\/wp-content\/uploads\/2023\/11\/Finalizacion-obras-La-Puebla-3.jpeg\" data-orig-size=\"768,1024\" data-comments-opened=\"0\" data-image-meta=\"{&quot;aperture&quot;:&quot;0&quot;,&quot;credit&quot;:&quot;&quot;,&quot;camera&quot;:&quot;&quot;,&quot;caption&quot;:&quot;&quot;,&quot;created_timestamp&quot;:&quot;0&quot;,&quot;copyright&quot;:&quot;&quot;,&quot;focal_length&quot;:&quot;0&quot;,&quot;iso&quot;:&quot;0&quot;,&quot;shutter_speed&quot;:&quot;0&quot;,&quot;title&quot;:&quot;&quot;,&quot;orientation&quot;:&quot;0&quot;}\" data-image-title=\"Finalizaci\u00f3n obras La Puebla (3)\" data-image-description=\"\" data-image-caption=\"\" data-large-file=\"https:\/\/mula.es\/web\/wp-content\/uploads\/2023\/11\/Finalizacion-obras-La-Puebla-3.jpeg\" class=\" wp-image-51139 aligncenter\" src=\"https:\/\/mula.es\/web\/wp-content\/uploads\/2023\/11\/Finalizacion-obras-La-Puebla-3.jpeg\" alt=\"\" width=\"542\" height=\"723\" srcset=\"https:\/\/mula.es\/web\/wp-content\/uploads\/2023\/11\/Finalizacion-obras-La-Puebla-3-200x267.jpeg 200w, https:\/\/mula.es\/web\/wp-content\/uploads\/2023\/11\/Finalizacion-obras-La-Puebla-3-225x300.jpeg 225w, https:\/\/mula.es\/web\/wp-content\/uploads\/2023\/11\/Finalizacion-obras-La-Puebla-3-400x533.jpeg 400w, https:\/\/mula.es\/web\/wp-content\/uploads\/2023\/11\/Finalizacion-obras-La-Puebla-3-600x800.jpeg 600w, https:\/\/mula.es\/web\/wp-content\/uploads\/2023\/11\/Finalizacion-obras-La-Puebla-3.jpeg 768w\" sizes=\"(max-width: 542px) 100vw, 542px\" \/><\/a><\/p>\n<\/div>\n","protected":false},"excerpt":{"rendered":"<p>El alcalde de Mula, Juan Jes\u00fas Moreno, acompa\u00f1ado por Vicente L\u00f3pez, concejal de Servicios Municipales; Fulgencio S\u00e1nchez, ped\u00e1neo de La Puebla, ; y Pascual Salmer\u00f3n, t\u00e9cnico del Ayuntamiento, ha visitado las obras del sistema de abastecimiento de La Puebla, donde se est\u00e1n realizando las \u00faltimas labores de aglomerado de la v\u00eda. Con una inversi\u00f3n de  [&#8230;]<\/p>\n","protected":false},"author":12,"featured_media":51137,"comment_status":"closed","ping_status":"closed","sticky":false,"template":"","format":"standard","meta":{"jetpack_post_was_ever_published":false,"_jetpack_newsletter_access":"","_jetpack_dont_email_post_to_subs":false,"_jetpack_newsletter_tier_id":0,"_jetpack_memberships_contains_paywalled_content":false,"_jetpack_memberships_contains_paid_content":false,"footnotes":"","jetpack_publicize_message":"","jetpack_publicize_feature_enabled":true,"jetpack_social_post_already_shared":false,"jetpack_social_options":{"image_generator_settings":{"template":"highway","default_image_id":0,"font":"","enabled":false},"version":2}},"categories":[634,1],"tags":[],"class_list":["post-51134","post","type-post","status-publish","format-standard","has-post-thumbnail","hentry","category-obras-publicas","category-uncategorized"],"yoast_head":"<!-- This site is optimized with the Yoast SEO plugin v27.4 - https:\/\/yoast.com\/product\/yoast-seo-wordpress\/ -->\n<title>OBRAS P\u00daBLICAS| Finalizan las obras del sistema de abastecimiento de La Puebla - Ayuntamiento de Mula<\/title>\n<meta name=\"robots\" content=\"index, follow, max-snippet:-1, max-image-preview:large, max-video-preview:-1\" \/>\n<link rel=\"canonical\" href=\"https:\/\/mula.es\/web\/obras-publicas-finalizan-las-obras-del-sistema-de-abastecimiento-de-la-puebla\/\" \/>\n<meta property=\"og:locale\" content=\"es_ES\" \/>\n<meta property=\"og:type\" content=\"article\" \/>\n<meta property=\"og:title\" content=\"OBRAS P\u00daBLICAS| Finalizan las obras del sistema de abastecimiento de La Puebla - Ayuntamiento de Mula\" \/>\n<meta property=\"og:description\" content=\"El alcalde de Mula, Juan Jes\u00fas Moreno, acompa\u00f1ado por Vicente L\u00f3pez, concejal de Servicios Municipales; Fulgencio S\u00e1nchez, ped\u00e1neo de La Puebla, ; y Pascual Salmer\u00f3n, t\u00e9cnico del Ayuntamiento, ha visitado las obras del sistema de abastecimiento de La Puebla, donde se est\u00e1n realizando las \u00faltimas labores de aglomerado de la v\u00eda. Con una inversi\u00f3n de [...]\" \/>\n<meta property=\"og:url\" content=\"https:\/\/mula.es\/web\/obras-publicas-finalizan-las-obras-del-sistema-de-abastecimiento-de-la-puebla\/\" \/>\n<meta property=\"og:site_name\" content=\"Ayuntamiento de Mula\" \/>\n<meta property=\"article:published_time\" content=\"2023-11-30T10:59:49+00:00\" \/>\n<meta property=\"article:modified_time\" content=\"2023-11-30T11:00:14+00:00\" \/>\n<meta property=\"og:image\" content=\"https:\/\/mula.es\/web\/wp-content\/uploads\/2023\/11\/Finalizacion-obras-La-Puebla-2-Copy.png\" \/>\n\t<meta property=\"og:image:width\" content=\"1024\" \/>\n\t<meta property=\"og:image:height\" content=\"683\" \/>\n\t<meta property=\"og:image:type\" content=\"image\/png\" \/>\n<meta name=\"author\" content=\"Mar\u00eda Bel\u00e9n Sumba Bravo\" \/>\n<meta name=\"twitter:card\" content=\"summary_large_image\" \/>\n<meta name=\"twitter:creator\" content=\"@AyuntamientMula\" \/>\n<meta name=\"twitter:site\" content=\"@AyuntamientMula\" \/>\n<meta name=\"twitter:label1\" content=\"Escrito por\" \/>\n\t<meta name=\"twitter:data1\" content=\"Mar\u00eda Bel\u00e9n Sumba Bravo\" \/>\n\t<meta name=\"twitter:label2\" content=\"Tiempo de lectura\" \/>\n\t<meta name=\"twitter:data2\" content=\"2 minutos\" \/>\n<script type=\"application\/ld+json\" class=\"yoast-schema-graph\">{\"@context\":\"https:\\\/\\\/schema.org\",\"@graph\":[{\"@type\":\"Article\",\"@id\":\"https:\\\/\\\/mula.es\\\/web\\\/obras-publicas-finalizan-las-obras-del-sistema-de-abastecimiento-de-la-puebla\\\/#article\",\"isPartOf\":{\"@id\":\"https:\\\/\\\/mula.es\\\/web\\\/obras-publicas-finalizan-las-obras-del-sistema-de-abastecimiento-de-la-puebla\\\/\"},\"author\":{\"name\":\"Mar\u00eda Bel\u00e9n Sumba Bravo\",\"@id\":\"https:\\\/\\\/mula.es\\\/web\\\/#\\\/schema\\\/person\\\/4cc33fc69cd667605e1b6247815ac0c0\"},\"headline\":\"OBRAS P\u00daBLICAS| Finalizan las obras del sistema de abastecimiento de La Puebla\",\"datePublished\":\"2023-11-30T10:59:49+00:00\",\"dateModified\":\"2023-11-30T11:00:14+00:00\",\"mainEntityOfPage\":{\"@id\":\"https:\\\/\\\/mula.es\\\/web\\\/obras-publicas-finalizan-las-obras-del-sistema-de-abastecimiento-de-la-puebla\\\/\"},\"wordCount\":234,\"image\":{\"@id\":\"https:\\\/\\\/mula.es\\\/web\\\/obras-publicas-finalizan-las-obras-del-sistema-de-abastecimiento-de-la-puebla\\\/#primaryimage\"},\"thumbnailUrl\":\"https:\\\/\\\/mula.es\\\/web\\\/wp-content\\\/uploads\\\/2023\\\/11\\\/Finalizacion-obras-La-Puebla-2-Copy.png\",\"articleSection\":[\"obras p\u00fablicas\",\"Uncategorized\"],\"inLanguage\":\"es\"},{\"@type\":\"WebPage\",\"@id\":\"https:\\\/\\\/mula.es\\\/web\\\/obras-publicas-finalizan-las-obras-del-sistema-de-abastecimiento-de-la-puebla\\\/\",\"url\":\"https:\\\/\\\/mula.es\\\/web\\\/obras-publicas-finalizan-las-obras-del-sistema-de-abastecimiento-de-la-puebla\\\/\",\"name\":\"OBRAS P\u00daBLICAS| Finalizan las obras del sistema de abastecimiento de La Puebla - Ayuntamiento de Mula\",\"isPartOf\":{\"@id\":\"https:\\\/\\\/mula.es\\\/web\\\/#website\"},\"primaryImageOfPage\":{\"@id\":\"https:\\\/\\\/mula.es\\\/web\\\/obras-publicas-finalizan-las-obras-del-sistema-de-abastecimiento-de-la-puebla\\\/#primaryimage\"},\"image\":{\"@id\":\"https:\\\/\\\/mula.es\\\/web\\\/obras-publicas-finalizan-las-obras-del-sistema-de-abastecimiento-de-la-puebla\\\/#primaryimage\"},\"thumbnailUrl\":\"https:\\\/\\\/mula.es\\\/web\\\/wp-content\\\/uploads\\\/2023\\\/11\\\/Finalizacion-obras-La-Puebla-2-Copy.png\",\"datePublished\":\"2023-11-30T10:59:49+00:00\",\"dateModified\":\"2023-11-30T11:00:14+00:00\",\"author\":{\"@id\":\"https:\\\/\\\/mula.es\\\/web\\\/#\\\/schema\\\/person\\\/4cc33fc69cd667605e1b6247815ac0c0\"},\"breadcrumb\":{\"@id\":\"https:\\\/\\\/mula.es\\\/web\\\/obras-publicas-finalizan-las-obras-del-sistema-de-abastecimiento-de-la-puebla\\\/#breadcrumb\"},\"inLanguage\":\"es\",\"potentialAction\":[{\"@type\":\"ReadAction\",\"target\":[\"https:\\\/\\\/mula.es\\\/web\\\/obras-publicas-finalizan-las-obras-del-sistema-de-abastecimiento-de-la-puebla\\\/\"]}]},{\"@type\":\"ImageObject\",\"inLanguage\":\"es\",\"@id\":\"https:\\\/\\\/mula.es\\\/web\\\/obras-publicas-finalizan-las-obras-del-sistema-de-abastecimiento-de-la-puebla\\\/#primaryimage\",\"url\":\"https:\\\/\\\/mula.es\\\/web\\\/wp-content\\\/uploads\\\/2023\\\/11\\\/Finalizacion-obras-La-Puebla-2-Copy.png\",\"contentUrl\":\"https:\\\/\\\/mula.es\\\/web\\\/wp-content\\\/uploads\\\/2023\\\/11\\\/Finalizacion-obras-La-Puebla-2-Copy.png\",\"width\":1024,\"height\":683},{\"@type\":\"BreadcrumbList\",\"@id\":\"https:\\\/\\\/mula.es\\\/web\\\/obras-publicas-finalizan-las-obras-del-sistema-de-abastecimiento-de-la-puebla\\\/#breadcrumb\",\"itemListElement\":[{\"@type\":\"ListItem\",\"position\":1,\"name\":\"Portada\",\"item\":\"https:\\\/\\\/mula.es\\\/web\\\/\"},{\"@type\":\"ListItem\",\"position\":2,\"name\":\"OBRAS P\u00daBLICAS| Finalizan las obras del sistema de abastecimiento de La Puebla\"}]},{\"@type\":\"WebSite\",\"@id\":\"https:\\\/\\\/mula.es\\\/web\\\/#website\",\"url\":\"https:\\\/\\\/mula.es\\\/web\\\/\",\"name\":\"Ayuntamiento de Mula\",\"description\":\"P\u00e1gina web del Ayuntamiento de Mula (Regi\u00f3n de Murcia)\",\"potentialAction\":[{\"@type\":\"SearchAction\",\"target\":{\"@type\":\"EntryPoint\",\"urlTemplate\":\"https:\\\/\\\/mula.es\\\/web\\\/?s={search_term_string}\"},\"query-input\":{\"@type\":\"PropertyValueSpecification\",\"valueRequired\":true,\"valueName\":\"search_term_string\"}}],\"inLanguage\":\"es\"},{\"@type\":\"Person\",\"@id\":\"https:\\\/\\\/mula.es\\\/web\\\/#\\\/schema\\\/person\\\/4cc33fc69cd667605e1b6247815ac0c0\",\"name\":\"Mar\u00eda Bel\u00e9n Sumba Bravo\",\"image\":{\"@type\":\"ImageObject\",\"inLanguage\":\"es\",\"@id\":\"https:\\\/\\\/secure.gravatar.com\\\/avatar\\\/8f65af12a8d72e866f97bba50325bdf89a5362533b6f2c9db8c88130883986b1?s=96&d=mm&r=g\",\"url\":\"https:\\\/\\\/secure.gravatar.com\\\/avatar\\\/8f65af12a8d72e866f97bba50325bdf89a5362533b6f2c9db8c88130883986b1?s=96&d=mm&r=g\",\"contentUrl\":\"https:\\\/\\\/secure.gravatar.com\\\/avatar\\\/8f65af12a8d72e866f97bba50325bdf89a5362533b6f2c9db8c88130883986b1?s=96&d=mm&r=g\",\"caption\":\"Mar\u00eda Bel\u00e9n Sumba Bravo\"},\"url\":\"https:\\\/\\\/mula.es\\\/web\\\/author\\\/mbsumba\\\/\"}]}<\/script>\n<!-- \/ Yoast SEO plugin. -->","yoast_head_json":{"title":"OBRAS P\u00daBLICAS| Finalizan las obras del sistema de abastecimiento de La Puebla - Ayuntamiento de Mula","robots":{"index":"index","follow":"follow","max-snippet":"max-snippet:-1","max-image-preview":"max-image-preview:large","max-video-preview":"max-video-preview:-1"},"canonical":"https:\/\/mula.es\/web\/obras-publicas-finalizan-las-obras-del-sistema-de-abastecimiento-de-la-puebla\/","og_locale":"es_ES","og_type":"article","og_title":"OBRAS P\u00daBLICAS| Finalizan las obras del sistema de abastecimiento de La Puebla - Ayuntamiento de Mula","og_description":"El alcalde de Mula, Juan Jes\u00fas Moreno, acompa\u00f1ado por Vicente L\u00f3pez, concejal de Servicios Municipales; Fulgencio S\u00e1nchez, ped\u00e1neo de La Puebla, ; y Pascual Salmer\u00f3n, t\u00e9cnico del Ayuntamiento, ha visitado las obras del sistema de abastecimiento de La Puebla, donde se est\u00e1n realizando las \u00faltimas labores de aglomerado de la v\u00eda. Con una inversi\u00f3n de [...]","og_url":"https:\/\/mula.es\/web\/obras-publicas-finalizan-las-obras-del-sistema-de-abastecimiento-de-la-puebla\/","og_site_name":"Ayuntamiento de Mula","article_published_time":"2023-11-30T10:59:49+00:00","article_modified_time":"2023-11-30T11:00:14+00:00","og_image":[{"width":1024,"height":683,"url":"https:\/\/mula.es\/web\/wp-content\/uploads\/2023\/11\/Finalizacion-obras-La-Puebla-2-Copy.png","type":"image\/png"}],"author":"Mar\u00eda Bel\u00e9n Sumba Bravo","twitter_card":"summary_large_image","twitter_creator":"@AyuntamientMula","twitter_site":"@AyuntamientMula","twitter_misc":{"Escrito por":"Mar\u00eda Bel\u00e9n Sumba Bravo","Tiempo de lectura":"2 minutos"},"schema":{"@context":"https:\/\/schema.org","@graph":[{"@type":"Article","@id":"https:\/\/mula.es\/web\/obras-publicas-finalizan-las-obras-del-sistema-de-abastecimiento-de-la-puebla\/#article","isPartOf":{"@id":"https:\/\/mula.es\/web\/obras-publicas-finalizan-las-obras-del-sistema-de-abastecimiento-de-la-puebla\/"},"author":{"name":"Mar\u00eda Bel\u00e9n Sumba Bravo","@id":"https:\/\/mula.es\/web\/#\/schema\/person\/4cc33fc69cd667605e1b6247815ac0c0"},"headline":"OBRAS P\u00daBLICAS| Finalizan las obras del sistema de abastecimiento de La Puebla","datePublished":"2023-11-30T10:59:49+00:00","dateModified":"2023-11-30T11:00:14+00:00","mainEntityOfPage":{"@id":"https:\/\/mula.es\/web\/obras-publicas-finalizan-las-obras-del-sistema-de-abastecimiento-de-la-puebla\/"},"wordCount":234,"image":{"@id":"https:\/\/mula.es\/web\/obras-publicas-finalizan-las-obras-del-sistema-de-abastecimiento-de-la-puebla\/#primaryimage"},"thumbnailUrl":"https:\/\/mula.es\/web\/wp-content\/uploads\/2023\/11\/Finalizacion-obras-La-Puebla-2-Copy.png","articleSection":["obras p\u00fablicas","Uncategorized"],"inLanguage":"es"},{"@type":"WebPage","@id":"https:\/\/mula.es\/web\/obras-publicas-finalizan-las-obras-del-sistema-de-abastecimiento-de-la-puebla\/","url":"https:\/\/mula.es\/web\/obras-publicas-finalizan-las-obras-del-sistema-de-abastecimiento-de-la-puebla\/","name":"OBRAS P\u00daBLICAS| Finalizan las obras del sistema de abastecimiento de La Puebla - Ayuntamiento de Mula","isPartOf":{"@id":"https:\/\/mula.es\/web\/#website"},"primaryImageOfPage":{"@id":"https:\/\/mula.es\/web\/obras-publicas-finalizan-las-obras-del-sistema-de-abastecimiento-de-la-puebla\/#primaryimage"},"image":{"@id":"https:\/\/mula.es\/web\/obras-publicas-finalizan-las-obras-del-sistema-de-abastecimiento-de-la-puebla\/#primaryimage"},"thumbnailUrl":"https:\/\/mula.es\/web\/wp-content\/uploads\/2023\/11\/Finalizacion-obras-La-Puebla-2-Copy.png","datePublished":"2023-11-30T10:59:49+00:00","dateModified":"2023-11-30T11:00:14+00:00","author":{"@id":"https:\/\/mula.es\/web\/#\/schema\/person\/4cc33fc69cd667605e1b6247815ac0c0"},"breadcrumb":{"@id":"https:\/\/mula.es\/web\/obras-publicas-finalizan-las-obras-del-sistema-de-abastecimiento-de-la-puebla\/#breadcrumb"},"inLanguage":"es","potentialAction":[{"@type":"ReadAction","target":["https:\/\/mula.es\/web\/obras-publicas-finalizan-las-obras-del-sistema-de-abastecimiento-de-la-puebla\/"]}]},{"@type":"ImageObject","inLanguage":"es","@id":"https:\/\/mula.es\/web\/obras-publicas-finalizan-las-obras-del-sistema-de-abastecimiento-de-la-puebla\/#primaryimage","url":"https:\/\/mula.es\/web\/wp-content\/uploads\/2023\/11\/Finalizacion-obras-La-Puebla-2-Copy.png","contentUrl":"https:\/\/mula.es\/web\/wp-content\/uploads\/2023\/11\/Finalizacion-obras-La-Puebla-2-Copy.png","width":1024,"height":683},{"@type":"BreadcrumbList","@id":"https:\/\/mula.es\/web\/obras-publicas-finalizan-las-obras-del-sistema-de-abastecimiento-de-la-puebla\/#breadcrumb","itemListElement":[{"@type":"ListItem","position":1,"name":"Portada","item":"https:\/\/mula.es\/web\/"},{"@type":"ListItem","position":2,"name":"OBRAS P\u00daBLICAS| Finalizan las obras del sistema de abastecimiento de La Puebla"}]},{"@type":"WebSite","@id":"https:\/\/mula.es\/web\/#website","url":"https:\/\/mula.es\/web\/","name":"Ayuntamiento de Mula","description":"P\u00e1gina web del Ayuntamiento de Mula (Regi\u00f3n de Murcia)","potentialAction":[{"@type":"SearchAction","target":{"@type":"EntryPoint","urlTemplate":"https:\/\/mula.es\/web\/?s={search_term_string}"},"query-input":{"@type":"PropertyValueSpecification","valueRequired":true,"valueName":"search_term_string"}}],"inLanguage":"es"},{"@type":"Person","@id":"https:\/\/mula.es\/web\/#\/schema\/person\/4cc33fc69cd667605e1b6247815ac0c0","name":"Mar\u00eda Bel\u00e9n Sumba Bravo","image":{"@type":"ImageObject","inLanguage":"es","@id":"https:\/\/secure.gravatar.com\/avatar\/8f65af12a8d72e866f97bba50325bdf89a5362533b6f2c9db8c88130883986b1?s=96&d=mm&r=g","url":"https:\/\/secure.gravatar.com\/avatar\/8f65af12a8d72e866f97bba50325bdf89a5362533b6f2c9db8c88130883986b1?s=96&d=mm&r=g","contentUrl":"https:\/\/secure.gravatar.com\/avatar\/8f65af12a8d72e866f97bba50325bdf89a5362533b6f2c9db8c88130883986b1?s=96&d=mm&r=g","caption":"Mar\u00eda Bel\u00e9n Sumba Bravo"},"url":"https:\/\/mula.es\/web\/author\/mbsumba\/"}]}},"jetpack_publicize_connections":[],"jetpack_featured_media_url":"https:\/\/mula.es\/web\/wp-content\/uploads\/2023\/11\/Finalizacion-obras-La-Puebla-2-Copy.png","jetpack_sharing_enabled":true,"jetpack_shortlink":"https:\/\/wp.me\/pa9DMY-diK","jetpack-related-posts":[],"_links":{"self":[{"href":"https:\/\/mula.es\/web\/wp-json\/wp\/v2\/posts\/51134","targetHints":{"allow":["GET"]}}],"collection":[{"href":"https:\/\/mula.es\/web\/wp-json\/wp\/v2\/posts"}],"about":[{"href":"https:\/\/mula.es\/web\/wp-json\/wp\/v2\/types\/post"}],"author":[{"embeddable":true,"href":"https:\/\/mula.es\/web\/wp-json\/wp\/v2\/users\/12"}],"replies":[{"embeddable":true,"href":"https:\/\/mula.es\/web\/wp-json\/wp\/v2\/comments?post=51134"}],"version-history":[{"count":7,"href":"https:\/\/mula.es\/web\/wp-json\/wp\/v2\/posts\/51134\/revisions"}],"predecessor-version":[{"id":51144,"href":"https:\/\/mula.es\/web\/wp-json\/wp\/v2\/posts\/51134\/revisions\/51144"}],"wp:featuredmedia":[{"embeddable":true,"href":"https:\/\/mula.es\/web\/wp-json\/wp\/v2\/media\/51137"}],"wp:attachment":[{"href":"https:\/\/mula.es\/web\/wp-json\/wp\/v2\/media?parent=51134"}],"wp:term":[{"taxonomy":"category","embeddable":true,"href":"https:\/\/mula.es\/web\/wp-json\/wp\/v2\/categories?post=51134"},{"taxonomy":"post_tag","embeddable":true,"href":"https:\/\/mula.es\/web\/wp-json\/wp\/v2\/tags?post=51134"}],"curies":[{"name":"wp","href":"https:\/\/api.w.org\/{rel}","templated":true}]}}