{"id":51154,"date":"2023-12-01T14:45:33","date_gmt":"2023-12-01T13:45:33","guid":{"rendered":"https:\/\/mula.es\/web\/?p=51154"},"modified":"2023-12-01T14:45:33","modified_gmt":"2023-12-01T13:45:33","slug":"patrimonio-mula-sigue-recuperando-su-patrimonio-la-torre-ermita-de-la-puebla-sera-restaurada","status":"publish","type":"post","link":"https:\/\/mula.es\/web\/patrimonio-mula-sigue-recuperando-su-patrimonio-la-torre-ermita-de-la-puebla-sera-restaurada\/","title":{"rendered":"PATRIMONIO| Mula sigue recuperando su patrimonio: la torre-ermita de La Puebla ser\u00e1 restaurada"},"content":{"rendered":"<p style=\"text-align: justify;\"><strong>El Ministerio de Transici\u00f3n Ecol\u00f3gica y Reto Demogr\u00e1fico concede al Ayuntamiento de Mula una subvenci\u00f3n para la restauraci\u00f3n de la torre-ermita del La Puebla, con el objetivo de contribuir a la conservaci\u00f3n del patrimonio y evitar la despoblaci\u00f3n<\/strong><\/p>\n<p style=\"text-align: justify;\">La subvenci\u00f3n, solicitada por el Ayuntamiento de Mula al Ministerio de Transici\u00f3n Ecol\u00f3gica y Reto Demogr\u00e1fico, a trav\u00e9s de la Direcci\u00f3n General de Pol\u00edticas contra la Despoblaci\u00f3n el pasado mes de agosto, viene a incidir en la pol\u00edtica de conservaci\u00f3n del patrimonio hist\u00f3rico y de actuaciones en las pedan\u00edas del municipio. El objetivo del consistorio mule\u00f1o, tal y como refleja el proyecto, no s\u00f3lo es recuperar el monumento, sino un espacio social para el disfrute de los vecinos y visitantes de la pedan\u00eda. Asimismo, evitar el despoblamiento es uno de los retos planteados tanto por el Ministerio como por el Ayuntamiento de Mula.<\/p>\n<p style=\"text-align: justify;\">\u00abLa restauraci\u00f3n de la torre-ermita supone un gran avance en nuestro trabajo por recuperar nuestro patrimonio\u00bb, ha declarado el alcalde de Mula, Juan Jes\u00fas Moreno, quien tambi\u00e9n ha hablado de que \u00abno s\u00f3lo se trata de recuperarla, sino de crear un espacio de encuentro, promover una cohesi\u00f3n social y luchar contra el despoblamiento\u00bb. Asimismo, el concejal de Cultura y Patrimonio, Diego Boluda, ha destacado que \u00abla recuperaci\u00f3n es fruto de un esfuerzo conjunto y continuo por mantener viva nuestra historia y fomentar un futuro sostenible y pr\u00f3spero para nuestras pedan\u00edas\u00bb.<\/p>\n<p style=\"text-align: justify;\">La torre-ermita de La Puebla, adquirida por la Concejal\u00eda de Cultura y Patrimonio Hist\u00f3rico del Ayuntamiento de Mula a principios del 2022, fue construida en el siglo XIV en pleno casco urbano de la pedan\u00eda mule\u00f1a, anta\u00f1o denominada Alcal\u00e1. El monumento, declarado Bien de Inter\u00e9s Cultural (BIC), est\u00e1 formado por un torre\u00f3n c\u00fabico de unos once metros de lado, que actualmente aparece flanqueado por viviendas, aunque, seg\u00fan parece, en su origen fue una construcci\u00f3n exenta. En la actualidad, el acceso a la ermita est\u00e1 formado por un arco de medio punto con dovelas de ladrillo y jambas realizadas con grandes sillares y caliza.<\/p>\n<p style=\"text-align: justify;\">La resoluci\u00f3n provisi\u00f3n de la subvenci\u00f3n, concedida al Ayuntamiento de Mula por el Ministerio de Transici\u00f3n Ecol\u00f3gica y Reto Demogr\u00e1fico, asciende a 203.307,06 \u20ac, m\u00e1s la aportaci\u00f3n municipal de 51.640,00 \u20ac, siendo un total de 254.947,06 \u20ac la inversi\u00f3n realizada. Bajo el nombre <em>Proyecto de recuperaci\u00f3n de la torre-ermita de La Puebla de Mula<\/em>, la propuesta ha sido redactada por el arquitecto Juan Antonio P\u00e9rez Mateos, con la colaboraci\u00f3n del arque\u00f3logo municipal, Jos\u00e9 Antonio Zapata.<\/p>\n<p style=\"text-align: justify;\"><a href=\"https:\/\/mula.es\/web\/wp-content\/uploads\/2023\/12\/Torre-ermita-de-La-Puebla-de-Mula.jpg\"><img decoding=\"async\" data-attachment-id=\"51162\" data-permalink=\"https:\/\/mula.es\/web\/patrimonio-mula-sigue-recuperando-su-patrimonio-la-torre-ermita-de-la-puebla-sera-restaurada\/torre-ermita-de-la-puebla-de-mula\/\" data-orig-file=\"https:\/\/mula.es\/web\/wp-content\/uploads\/2023\/12\/Torre-ermita-de-La-Puebla-de-Mula.jpg\" data-orig-size=\"1297,1024\" data-comments-opened=\"0\" data-image-meta=\"{&quot;aperture&quot;:&quot;0&quot;,&quot;credit&quot;:&quot;&quot;,&quot;camera&quot;:&quot;&quot;,&quot;caption&quot;:&quot;&quot;,&quot;created_timestamp&quot;:&quot;0&quot;,&quot;copyright&quot;:&quot;&quot;,&quot;focal_length&quot;:&quot;0&quot;,&quot;iso&quot;:&quot;0&quot;,&quot;shutter_speed&quot;:&quot;0&quot;,&quot;title&quot;:&quot;&quot;,&quot;orientation&quot;:&quot;0&quot;}\" data-image-title=\"Torre-ermita de La Puebla de Mula\" data-image-description=\"\" data-image-caption=\"\" data-large-file=\"https:\/\/mula.es\/web\/wp-content\/uploads\/2023\/12\/Torre-ermita-de-La-Puebla-de-Mula-1024x808.jpg\" class=\" wp-image-51162 aligncenter\" src=\"https:\/\/mula.es\/web\/wp-content\/uploads\/2023\/12\/Torre-ermita-de-La-Puebla-de-Mula.jpg\" alt=\"\" width=\"596\" height=\"470\" srcset=\"https:\/\/mula.es\/web\/wp-content\/uploads\/2023\/12\/Torre-ermita-de-La-Puebla-de-Mula-200x158.jpg 200w, https:\/\/mula.es\/web\/wp-content\/uploads\/2023\/12\/Torre-ermita-de-La-Puebla-de-Mula-300x237.jpg 300w, https:\/\/mula.es\/web\/wp-content\/uploads\/2023\/12\/Torre-ermita-de-La-Puebla-de-Mula-400x316.jpg 400w, https:\/\/mula.es\/web\/wp-content\/uploads\/2023\/12\/Torre-ermita-de-La-Puebla-de-Mula-600x474.jpg 600w, https:\/\/mula.es\/web\/wp-content\/uploads\/2023\/12\/Torre-ermita-de-La-Puebla-de-Mula-768x606.jpg 768w, https:\/\/mula.es\/web\/wp-content\/uploads\/2023\/12\/Torre-ermita-de-La-Puebla-de-Mula-800x632.jpg 800w, https:\/\/mula.es\/web\/wp-content\/uploads\/2023\/12\/Torre-ermita-de-La-Puebla-de-Mula-1024x808.jpg 1024w, https:\/\/mula.es\/web\/wp-content\/uploads\/2023\/12\/Torre-ermita-de-La-Puebla-de-Mula-1200x947.jpg 1200w, https:\/\/mula.es\/web\/wp-content\/uploads\/2023\/12\/Torre-ermita-de-La-Puebla-de-Mula.jpg 1297w\" sizes=\"(max-width: 596px) 100vw, 596px\" \/><\/a><\/p>\n<p style=\"text-align: justify;\">\n<p>&nbsp;<\/p>\n<p>&nbsp;<\/p>\n<p>&nbsp;<\/p>\n","protected":false},"excerpt":{"rendered":"<p>El Ministerio de Transici\u00f3n Ecol\u00f3gica y Reto Demogr\u00e1fico concede al Ayuntamiento de Mula una subvenci\u00f3n para la restauraci\u00f3n de la torre-ermita del La Puebla, con el objetivo de contribuir a la conservaci\u00f3n del patrimonio y evitar la despoblaci\u00f3n La subvenci\u00f3n, solicitada por el Ayuntamiento de Mula al Ministerio de Transici\u00f3n Ecol\u00f3gica y Reto Demogr\u00e1fico, a  [&#8230;]<\/p>\n","protected":false},"author":12,"featured_media":51161,"comment_status":"closed","ping_status":"closed","sticky":false,"template":"","format":"standard","meta":{"jetpack_post_was_ever_published":false,"_jetpack_newsletter_access":"","_jetpack_dont_email_post_to_subs":false,"_jetpack_newsletter_tier_id":0,"_jetpack_memberships_contains_paywalled_content":false,"_jetpack_memberships_contains_paid_content":false,"footnotes":"","jetpack_publicize_message":"","jetpack_publicize_feature_enabled":true,"jetpack_social_post_already_shared":false,"jetpack_social_options":{"image_generator_settings":{"template":"highway","default_image_id":0,"font":"","enabled":false},"version":2}},"categories":[180,357],"tags":[],"class_list":["post-51154","post","type-post","status-publish","format-standard","has-post-thumbnail","hentry","category-patrimonio-cultural","category-patrimonio-historico"],"yoast_head":"<!-- This site is optimized with the Yoast SEO plugin v27.4 - https:\/\/yoast.com\/product\/yoast-seo-wordpress\/ -->\n<title>PATRIMONIO| Mula sigue recuperando su patrimonio: la torre-ermita de La Puebla ser\u00e1 restaurada - Ayuntamiento de Mula<\/title>\n<meta name=\"robots\" content=\"index, follow, max-snippet:-1, max-image-preview:large, max-video-preview:-1\" \/>\n<link rel=\"canonical\" href=\"https:\/\/mula.es\/web\/patrimonio-mula-sigue-recuperando-su-patrimonio-la-torre-ermita-de-la-puebla-sera-restaurada\/\" \/>\n<meta property=\"og:locale\" content=\"es_ES\" \/>\n<meta property=\"og:type\" content=\"article\" \/>\n<meta property=\"og:title\" content=\"PATRIMONIO| Mula sigue recuperando su patrimonio: la torre-ermita de La Puebla ser\u00e1 restaurada - Ayuntamiento de Mula\" \/>\n<meta property=\"og:description\" content=\"El Ministerio de Transici\u00f3n Ecol\u00f3gica y Reto Demogr\u00e1fico concede al Ayuntamiento de Mula una subvenci\u00f3n para la restauraci\u00f3n de la torre-ermita del La Puebla, con el objetivo de contribuir a la conservaci\u00f3n del patrimonio y evitar la despoblaci\u00f3n La subvenci\u00f3n, solicitada por el Ayuntamiento de Mula al Ministerio de Transici\u00f3n Ecol\u00f3gica y Reto Demogr\u00e1fico, a [...]\" \/>\n<meta property=\"og:url\" content=\"https:\/\/mula.es\/web\/patrimonio-mula-sigue-recuperando-su-patrimonio-la-torre-ermita-de-la-puebla-sera-restaurada\/\" \/>\n<meta property=\"og:site_name\" content=\"Ayuntamiento de Mula\" \/>\n<meta property=\"article:published_time\" content=\"2023-12-01T13:45:33+00:00\" \/>\n<meta property=\"og:image\" content=\"https:\/\/mula.es\/web\/wp-content\/uploads\/2023\/12\/El-alcalde-de-Mula-y-miembros-del-equipo-de-Gobierno-durante-visitando-la-torre-ermita-de-La-Puebla-min-scaled.jpg\" \/>\n\t<meta property=\"og:image:width\" content=\"2560\" \/>\n\t<meta property=\"og:image:height\" content=\"1707\" \/>\n\t<meta property=\"og:image:type\" content=\"image\/jpeg\" \/>\n<meta name=\"author\" content=\"Mar\u00eda Bel\u00e9n Sumba Bravo\" \/>\n<meta name=\"twitter:card\" content=\"summary_large_image\" \/>\n<meta name=\"twitter:creator\" content=\"@AyuntamientMula\" \/>\n<meta name=\"twitter:site\" content=\"@AyuntamientMula\" \/>\n<meta name=\"twitter:label1\" content=\"Escrito por\" \/>\n\t<meta name=\"twitter:data1\" content=\"Mar\u00eda Bel\u00e9n Sumba Bravo\" \/>\n\t<meta name=\"twitter:label2\" content=\"Tiempo de lectura\" \/>\n\t<meta name=\"twitter:data2\" content=\"3 minutos\" \/>\n<script type=\"application\/ld+json\" class=\"yoast-schema-graph\">{\"@context\":\"https:\\\/\\\/schema.org\",\"@graph\":[{\"@type\":\"Article\",\"@id\":\"https:\\\/\\\/mula.es\\\/web\\\/patrimonio-mula-sigue-recuperando-su-patrimonio-la-torre-ermita-de-la-puebla-sera-restaurada\\\/#article\",\"isPartOf\":{\"@id\":\"https:\\\/\\\/mula.es\\\/web\\\/patrimonio-mula-sigue-recuperando-su-patrimonio-la-torre-ermita-de-la-puebla-sera-restaurada\\\/\"},\"author\":{\"name\":\"Mar\u00eda Bel\u00e9n Sumba Bravo\",\"@id\":\"https:\\\/\\\/mula.es\\\/web\\\/#\\\/schema\\\/person\\\/4cc33fc69cd667605e1b6247815ac0c0\"},\"headline\":\"PATRIMONIO| Mula sigue recuperando su patrimonio: la torre-ermita de La Puebla ser\u00e1 restaurada\",\"datePublished\":\"2023-12-01T13:45:33+00:00\",\"mainEntityOfPage\":{\"@id\":\"https:\\\/\\\/mula.es\\\/web\\\/patrimonio-mula-sigue-recuperando-su-patrimonio-la-torre-ermita-de-la-puebla-sera-restaurada\\\/\"},\"wordCount\":471,\"image\":{\"@id\":\"https:\\\/\\\/mula.es\\\/web\\\/patrimonio-mula-sigue-recuperando-su-patrimonio-la-torre-ermita-de-la-puebla-sera-restaurada\\\/#primaryimage\"},\"thumbnailUrl\":\"https:\\\/\\\/mula.es\\\/web\\\/wp-content\\\/uploads\\\/2023\\\/12\\\/El-alcalde-de-Mula-y-miembros-del-equipo-de-Gobierno-durante-visitando-la-torre-ermita-de-La-Puebla-min-scaled.jpg\",\"articleSection\":[\"patrimonio cultural\",\"patrimonio hist\u00f3rico\"],\"inLanguage\":\"es\"},{\"@type\":\"WebPage\",\"@id\":\"https:\\\/\\\/mula.es\\\/web\\\/patrimonio-mula-sigue-recuperando-su-patrimonio-la-torre-ermita-de-la-puebla-sera-restaurada\\\/\",\"url\":\"https:\\\/\\\/mula.es\\\/web\\\/patrimonio-mula-sigue-recuperando-su-patrimonio-la-torre-ermita-de-la-puebla-sera-restaurada\\\/\",\"name\":\"PATRIMONIO| Mula sigue recuperando su patrimonio: la torre-ermita de La Puebla ser\u00e1 restaurada - Ayuntamiento de Mula\",\"isPartOf\":{\"@id\":\"https:\\\/\\\/mula.es\\\/web\\\/#website\"},\"primaryImageOfPage\":{\"@id\":\"https:\\\/\\\/mula.es\\\/web\\\/patrimonio-mula-sigue-recuperando-su-patrimonio-la-torre-ermita-de-la-puebla-sera-restaurada\\\/#primaryimage\"},\"image\":{\"@id\":\"https:\\\/\\\/mula.es\\\/web\\\/patrimonio-mula-sigue-recuperando-su-patrimonio-la-torre-ermita-de-la-puebla-sera-restaurada\\\/#primaryimage\"},\"thumbnailUrl\":\"https:\\\/\\\/mula.es\\\/web\\\/wp-content\\\/uploads\\\/2023\\\/12\\\/El-alcalde-de-Mula-y-miembros-del-equipo-de-Gobierno-durante-visitando-la-torre-ermita-de-La-Puebla-min-scaled.jpg\",\"datePublished\":\"2023-12-01T13:45:33+00:00\",\"author\":{\"@id\":\"https:\\\/\\\/mula.es\\\/web\\\/#\\\/schema\\\/person\\\/4cc33fc69cd667605e1b6247815ac0c0\"},\"breadcrumb\":{\"@id\":\"https:\\\/\\\/mula.es\\\/web\\\/patrimonio-mula-sigue-recuperando-su-patrimonio-la-torre-ermita-de-la-puebla-sera-restaurada\\\/#breadcrumb\"},\"inLanguage\":\"es\",\"potentialAction\":[{\"@type\":\"ReadAction\",\"target\":[\"https:\\\/\\\/mula.es\\\/web\\\/patrimonio-mula-sigue-recuperando-su-patrimonio-la-torre-ermita-de-la-puebla-sera-restaurada\\\/\"]}]},{\"@type\":\"ImageObject\",\"inLanguage\":\"es\",\"@id\":\"https:\\\/\\\/mula.es\\\/web\\\/patrimonio-mula-sigue-recuperando-su-patrimonio-la-torre-ermita-de-la-puebla-sera-restaurada\\\/#primaryimage\",\"url\":\"https:\\\/\\\/mula.es\\\/web\\\/wp-content\\\/uploads\\\/2023\\\/12\\\/El-alcalde-de-Mula-y-miembros-del-equipo-de-Gobierno-durante-visitando-la-torre-ermita-de-La-Puebla-min-scaled.jpg\",\"contentUrl\":\"https:\\\/\\\/mula.es\\\/web\\\/wp-content\\\/uploads\\\/2023\\\/12\\\/El-alcalde-de-Mula-y-miembros-del-equipo-de-Gobierno-durante-visitando-la-torre-ermita-de-La-Puebla-min-scaled.jpg\",\"width\":2560,\"height\":1707},{\"@type\":\"BreadcrumbList\",\"@id\":\"https:\\\/\\\/mula.es\\\/web\\\/patrimonio-mula-sigue-recuperando-su-patrimonio-la-torre-ermita-de-la-puebla-sera-restaurada\\\/#breadcrumb\",\"itemListElement\":[{\"@type\":\"ListItem\",\"position\":1,\"name\":\"Portada\",\"item\":\"https:\\\/\\\/mula.es\\\/web\\\/\"},{\"@type\":\"ListItem\",\"position\":2,\"name\":\"PATRIMONIO| Mula sigue recuperando su patrimonio: la torre-ermita de La Puebla ser\u00e1 restaurada\"}]},{\"@type\":\"WebSite\",\"@id\":\"https:\\\/\\\/mula.es\\\/web\\\/#website\",\"url\":\"https:\\\/\\\/mula.es\\\/web\\\/\",\"name\":\"Ayuntamiento de Mula\",\"description\":\"P\u00e1gina web del Ayuntamiento de Mula (Regi\u00f3n de Murcia)\",\"potentialAction\":[{\"@type\":\"SearchAction\",\"target\":{\"@type\":\"EntryPoint\",\"urlTemplate\":\"https:\\\/\\\/mula.es\\\/web\\\/?s={search_term_string}\"},\"query-input\":{\"@type\":\"PropertyValueSpecification\",\"valueRequired\":true,\"valueName\":\"search_term_string\"}}],\"inLanguage\":\"es\"},{\"@type\":\"Person\",\"@id\":\"https:\\\/\\\/mula.es\\\/web\\\/#\\\/schema\\\/person\\\/4cc33fc69cd667605e1b6247815ac0c0\",\"name\":\"Mar\u00eda Bel\u00e9n Sumba Bravo\",\"image\":{\"@type\":\"ImageObject\",\"inLanguage\":\"es\",\"@id\":\"https:\\\/\\\/secure.gravatar.com\\\/avatar\\\/8f65af12a8d72e866f97bba50325bdf89a5362533b6f2c9db8c88130883986b1?s=96&d=mm&r=g\",\"url\":\"https:\\\/\\\/secure.gravatar.com\\\/avatar\\\/8f65af12a8d72e866f97bba50325bdf89a5362533b6f2c9db8c88130883986b1?s=96&d=mm&r=g\",\"contentUrl\":\"https:\\\/\\\/secure.gravatar.com\\\/avatar\\\/8f65af12a8d72e866f97bba50325bdf89a5362533b6f2c9db8c88130883986b1?s=96&d=mm&r=g\",\"caption\":\"Mar\u00eda Bel\u00e9n Sumba Bravo\"},\"url\":\"https:\\\/\\\/mula.es\\\/web\\\/author\\\/mbsumba\\\/\"}]}<\/script>\n<!-- \/ Yoast SEO plugin. -->","yoast_head_json":{"title":"PATRIMONIO| Mula sigue recuperando su patrimonio: la torre-ermita de La Puebla ser\u00e1 restaurada - Ayuntamiento de Mula","robots":{"index":"index","follow":"follow","max-snippet":"max-snippet:-1","max-image-preview":"max-image-preview:large","max-video-preview":"max-video-preview:-1"},"canonical":"https:\/\/mula.es\/web\/patrimonio-mula-sigue-recuperando-su-patrimonio-la-torre-ermita-de-la-puebla-sera-restaurada\/","og_locale":"es_ES","og_type":"article","og_title":"PATRIMONIO| Mula sigue recuperando su patrimonio: la torre-ermita de La Puebla ser\u00e1 restaurada - Ayuntamiento de Mula","og_description":"El Ministerio de Transici\u00f3n Ecol\u00f3gica y Reto Demogr\u00e1fico concede al Ayuntamiento de Mula una subvenci\u00f3n para la restauraci\u00f3n de la torre-ermita del La Puebla, con el objetivo de contribuir a la conservaci\u00f3n del patrimonio y evitar la despoblaci\u00f3n La subvenci\u00f3n, solicitada por el Ayuntamiento de Mula al Ministerio de Transici\u00f3n Ecol\u00f3gica y Reto Demogr\u00e1fico, a [...]","og_url":"https:\/\/mula.es\/web\/patrimonio-mula-sigue-recuperando-su-patrimonio-la-torre-ermita-de-la-puebla-sera-restaurada\/","og_site_name":"Ayuntamiento de Mula","article_published_time":"2023-12-01T13:45:33+00:00","og_image":[{"width":2560,"height":1707,"url":"https:\/\/mula.es\/web\/wp-content\/uploads\/2023\/12\/El-alcalde-de-Mula-y-miembros-del-equipo-de-Gobierno-durante-visitando-la-torre-ermita-de-La-Puebla-min-scaled.jpg","type":"image\/jpeg"}],"author":"Mar\u00eda Bel\u00e9n Sumba Bravo","twitter_card":"summary_large_image","twitter_creator":"@AyuntamientMula","twitter_site":"@AyuntamientMula","twitter_misc":{"Escrito por":"Mar\u00eda Bel\u00e9n Sumba Bravo","Tiempo de lectura":"3 minutos"},"schema":{"@context":"https:\/\/schema.org","@graph":[{"@type":"Article","@id":"https:\/\/mula.es\/web\/patrimonio-mula-sigue-recuperando-su-patrimonio-la-torre-ermita-de-la-puebla-sera-restaurada\/#article","isPartOf":{"@id":"https:\/\/mula.es\/web\/patrimonio-mula-sigue-recuperando-su-patrimonio-la-torre-ermita-de-la-puebla-sera-restaurada\/"},"author":{"name":"Mar\u00eda Bel\u00e9n Sumba Bravo","@id":"https:\/\/mula.es\/web\/#\/schema\/person\/4cc33fc69cd667605e1b6247815ac0c0"},"headline":"PATRIMONIO| Mula sigue recuperando su patrimonio: la torre-ermita de La Puebla ser\u00e1 restaurada","datePublished":"2023-12-01T13:45:33+00:00","mainEntityOfPage":{"@id":"https:\/\/mula.es\/web\/patrimonio-mula-sigue-recuperando-su-patrimonio-la-torre-ermita-de-la-puebla-sera-restaurada\/"},"wordCount":471,"image":{"@id":"https:\/\/mula.es\/web\/patrimonio-mula-sigue-recuperando-su-patrimonio-la-torre-ermita-de-la-puebla-sera-restaurada\/#primaryimage"},"thumbnailUrl":"https:\/\/mula.es\/web\/wp-content\/uploads\/2023\/12\/El-alcalde-de-Mula-y-miembros-del-equipo-de-Gobierno-durante-visitando-la-torre-ermita-de-La-Puebla-min-scaled.jpg","articleSection":["patrimonio cultural","patrimonio hist\u00f3rico"],"inLanguage":"es"},{"@type":"WebPage","@id":"https:\/\/mula.es\/web\/patrimonio-mula-sigue-recuperando-su-patrimonio-la-torre-ermita-de-la-puebla-sera-restaurada\/","url":"https:\/\/mula.es\/web\/patrimonio-mula-sigue-recuperando-su-patrimonio-la-torre-ermita-de-la-puebla-sera-restaurada\/","name":"PATRIMONIO| Mula sigue recuperando su patrimonio: la torre-ermita de La Puebla ser\u00e1 restaurada - Ayuntamiento de Mula","isPartOf":{"@id":"https:\/\/mula.es\/web\/#website"},"primaryImageOfPage":{"@id":"https:\/\/mula.es\/web\/patrimonio-mula-sigue-recuperando-su-patrimonio-la-torre-ermita-de-la-puebla-sera-restaurada\/#primaryimage"},"image":{"@id":"https:\/\/mula.es\/web\/patrimonio-mula-sigue-recuperando-su-patrimonio-la-torre-ermita-de-la-puebla-sera-restaurada\/#primaryimage"},"thumbnailUrl":"https:\/\/mula.es\/web\/wp-content\/uploads\/2023\/12\/El-alcalde-de-Mula-y-miembros-del-equipo-de-Gobierno-durante-visitando-la-torre-ermita-de-La-Puebla-min-scaled.jpg","datePublished":"2023-12-01T13:45:33+00:00","author":{"@id":"https:\/\/mula.es\/web\/#\/schema\/person\/4cc33fc69cd667605e1b6247815ac0c0"},"breadcrumb":{"@id":"https:\/\/mula.es\/web\/patrimonio-mula-sigue-recuperando-su-patrimonio-la-torre-ermita-de-la-puebla-sera-restaurada\/#breadcrumb"},"inLanguage":"es","potentialAction":[{"@type":"ReadAction","target":["https:\/\/mula.es\/web\/patrimonio-mula-sigue-recuperando-su-patrimonio-la-torre-ermita-de-la-puebla-sera-restaurada\/"]}]},{"@type":"ImageObject","inLanguage":"es","@id":"https:\/\/mula.es\/web\/patrimonio-mula-sigue-recuperando-su-patrimonio-la-torre-ermita-de-la-puebla-sera-restaurada\/#primaryimage","url":"https:\/\/mula.es\/web\/wp-content\/uploads\/2023\/12\/El-alcalde-de-Mula-y-miembros-del-equipo-de-Gobierno-durante-visitando-la-torre-ermita-de-La-Puebla-min-scaled.jpg","contentUrl":"https:\/\/mula.es\/web\/wp-content\/uploads\/2023\/12\/El-alcalde-de-Mula-y-miembros-del-equipo-de-Gobierno-durante-visitando-la-torre-ermita-de-La-Puebla-min-scaled.jpg","width":2560,"height":1707},{"@type":"BreadcrumbList","@id":"https:\/\/mula.es\/web\/patrimonio-mula-sigue-recuperando-su-patrimonio-la-torre-ermita-de-la-puebla-sera-restaurada\/#breadcrumb","itemListElement":[{"@type":"ListItem","position":1,"name":"Portada","item":"https:\/\/mula.es\/web\/"},{"@type":"ListItem","position":2,"name":"PATRIMONIO| Mula sigue recuperando su patrimonio: la torre-ermita de La Puebla ser\u00e1 restaurada"}]},{"@type":"WebSite","@id":"https:\/\/mula.es\/web\/#website","url":"https:\/\/mula.es\/web\/","name":"Ayuntamiento de Mula","description":"P\u00e1gina web del Ayuntamiento de Mula (Regi\u00f3n de Murcia)","potentialAction":[{"@type":"SearchAction","target":{"@type":"EntryPoint","urlTemplate":"https:\/\/mula.es\/web\/?s={search_term_string}"},"query-input":{"@type":"PropertyValueSpecification","valueRequired":true,"valueName":"search_term_string"}}],"inLanguage":"es"},{"@type":"Person","@id":"https:\/\/mula.es\/web\/#\/schema\/person\/4cc33fc69cd667605e1b6247815ac0c0","name":"Mar\u00eda Bel\u00e9n Sumba Bravo","image":{"@type":"ImageObject","inLanguage":"es","@id":"https:\/\/secure.gravatar.com\/avatar\/8f65af12a8d72e866f97bba50325bdf89a5362533b6f2c9db8c88130883986b1?s=96&d=mm&r=g","url":"https:\/\/secure.gravatar.com\/avatar\/8f65af12a8d72e866f97bba50325bdf89a5362533b6f2c9db8c88130883986b1?s=96&d=mm&r=g","contentUrl":"https:\/\/secure.gravatar.com\/avatar\/8f65af12a8d72e866f97bba50325bdf89a5362533b6f2c9db8c88130883986b1?s=96&d=mm&r=g","caption":"Mar\u00eda Bel\u00e9n Sumba Bravo"},"url":"https:\/\/mula.es\/web\/author\/mbsumba\/"}]}},"jetpack_publicize_connections":[],"jetpack_featured_media_url":"https:\/\/mula.es\/web\/wp-content\/uploads\/2023\/12\/El-alcalde-de-Mula-y-miembros-del-equipo-de-Gobierno-durante-visitando-la-torre-ermita-de-La-Puebla-min-scaled.jpg","jetpack_sharing_enabled":true,"jetpack_shortlink":"https:\/\/wp.me\/pa9DMY-dj4","jetpack-related-posts":[],"_links":{"self":[{"href":"https:\/\/mula.es\/web\/wp-json\/wp\/v2\/posts\/51154","targetHints":{"allow":["GET"]}}],"collection":[{"href":"https:\/\/mula.es\/web\/wp-json\/wp\/v2\/posts"}],"about":[{"href":"https:\/\/mula.es\/web\/wp-json\/wp\/v2\/types\/post"}],"author":[{"embeddable":true,"href":"https:\/\/mula.es\/web\/wp-json\/wp\/v2\/users\/12"}],"replies":[{"embeddable":true,"href":"https:\/\/mula.es\/web\/wp-json\/wp\/v2\/comments?post=51154"}],"version-history":[{"count":3,"href":"https:\/\/mula.es\/web\/wp-json\/wp\/v2\/posts\/51154\/revisions"}],"predecessor-version":[{"id":51164,"href":"https:\/\/mula.es\/web\/wp-json\/wp\/v2\/posts\/51154\/revisions\/51164"}],"wp:featuredmedia":[{"embeddable":true,"href":"https:\/\/mula.es\/web\/wp-json\/wp\/v2\/media\/51161"}],"wp:attachment":[{"href":"https:\/\/mula.es\/web\/wp-json\/wp\/v2\/media?parent=51154"}],"wp:term":[{"taxonomy":"category","embeddable":true,"href":"https:\/\/mula.es\/web\/wp-json\/wp\/v2\/categories?post=51154"},{"taxonomy":"post_tag","embeddable":true,"href":"https:\/\/mula.es\/web\/wp-json\/wp\/v2\/tags?post=51154"}],"curies":[{"name":"wp","href":"https:\/\/api.w.org\/{rel}","templated":true}]}}