{"id":52495,"date":"2024-02-16T14:35:40","date_gmt":"2024-02-16T13:35:40","guid":{"rendered":"https:\/\/mula.es\/web\/?p=52495"},"modified":"2024-02-16T14:37:41","modified_gmt":"2024-02-16T13:37:41","slug":"deportes-el-ayuntamiento-de-mula-entrega-los-trofeos-de-la-carrera-solidaria-del-ies-ribera-de-los-molinos","status":"publish","type":"post","link":"https:\/\/mula.es\/web\/deportes-el-ayuntamiento-de-mula-entrega-los-trofeos-de-la-carrera-solidaria-del-ies-ribera-de-los-molinos\/","title":{"rendered":"DEPORTES| El Ayuntamiento de Mula entrega los trofeos de la Carrera Solidaria del IES Ribera de los Molinos"},"content":{"rendered":"<p>El Ayuntamiento de Mula ha colaborado en la clausura de la VI Semana Cultural del IES Ribera de los Molinos de Mula a trav\u00e9s de la Carrera Solidaria celebrada a lo largo de esta ma\u00f1ana en el parque Crist\u00f3bal Gabarr\u00f3n.<\/p>\n<p style=\"text-align: justify;\">Alumnos y alumnas de la ESO, Bachillerato y de los Ciclos Formativos del IES Ribera de los Molinos han participado en la Carrera Solidaria a favor de Intedis, en la que cada participante ha aportado 1 euro para la asociaci\u00f3n mule\u00f1a. Asimismo, en el evento han participado 45 personas de Intedis, profesores, madres y padres, que han realizado una vuelta solidaria alrededor del parque Crist\u00f3bal Gabarr\u00f3n.<\/p>\n<p style=\"text-align: justify;\">El alcalde de Mula, Juan Jes\u00fas Moreno, y el concejal de Deportes, Vicente L\u00f3pez, han sido los encargados de entregar los 12 trofeos a los ganadores de la carrera en nombre del Ayuntamiento de Mula: 3 ganadores en la categor\u00eda Masculina y 3 ganadoras en la categor\u00eda Femenina de la ESO, Bachillerato y Ciclos Formativos. Moreno ha destacado que \u00abesta carrera deja ver el esp\u00edritu solidario de los m\u00e1s j\u00f3venes y del pueblo de Mula, ya que tanto madres, padres y personal docente se han implicado en una jornada que permite vivir el deporte a trav\u00e9s de la inclusi\u00f3n, as\u00ed como sensibilizar, concienciar y visibilizar la\u00a0 labor de Intedis\u00bb.<\/p>\n<p style=\"text-align: justify;\">Bajo la tem\u00e1tica &#8216;Ribera Ol\u00edmpico,&#8217; el IES Ribera de los Molinos ha celebrado su VI Semana Cultural con un gran n\u00famero de eventos, donde el alumnado ha podido charlar con deportistas de \u00e9lite como los futbolistas Pedro Le\u00f3n y Pepa Susarte, el atleta David Pastor o el ciclista Jos\u00e9 Mar\u00eda Garc\u00eda; aprender sobre inteligencia vegetal con Paco Calvo, catedr\u00e1tico de Filosof\u00eda de la Ciencia y director del Laboratorio de Inteligencia M\u00ednima de la UMU; dar forma a la exposici\u00f3n OLIMPO con los trabajos del alumnado del Bachillerato de Artes; realizar talleres de F\u00edsica Ol\u00edmpica; o aprender sobre adolescencia positiva con la divulgadora Diana Al Azem.<\/p>\n<p>&nbsp;<\/p>\n\n\t\t<style type=\"text\/css\">\n\t\t\t#gallery-1 {\n\t\t\t\tmargin: auto;\n\t\t\t}\n\t\t\t#gallery-1 .gallery-item {\n\t\t\t\tfloat: left;\n\t\t\t\tmargin-top: 10px;\n\t\t\t\ttext-align: center;\n\t\t\t\twidth: 33%;\n\t\t\t}\n\t\t\t#gallery-1 img {\n\t\t\t\tborder: 2px solid #cfcfcf;\n\t\t\t}\n\t\t\t#gallery-1 .gallery-caption {\n\t\t\t\tmargin-left: 0;\n\t\t\t}\n\t\t\t\/* see gallery_shortcode() in wp-includes\/media.php *\/\n\t\t<\/style>\n\t\t<div data-carousel-extra='{&quot;blog_id&quot;:1,&quot;permalink&quot;:&quot;https:\/\/mula.es\/web\/deportes-el-ayuntamiento-de-mula-entrega-los-trofeos-de-la-carrera-solidaria-del-ies-ribera-de-los-molinos\/&quot;}' id='gallery-1' class='gallery galleryid-52495 gallery-columns-3 gallery-size-medium'><dl class='gallery-item'>\n\t\t\t<dt class='gallery-icon landscape'>\n\t\t\t\t<a data-rel=\"iLightbox[postimages]\" data-title=\"Carrera Solidaria IES Ribera de los Molinos Intedis (2)\" data-caption=\"\" href='https:\/\/mula.es\/web\/deportes-el-ayuntamiento-de-mula-entrega-los-trofeos-de-la-carrera-solidaria-del-ies-ribera-de-los-molinos\/carrera-solidaria-ies-ribera-de-los-molinos-intedis-2\/'><img decoding=\"async\" width=\"300\" height=\"225\" src=\"https:\/\/mula.es\/web\/wp-content\/uploads\/2024\/02\/Carrera-Solidaria-IES-Ribera-de-los-Molinos-Intedis-2-300x225.jpeg\" class=\"attachment-medium size-medium\" alt=\"\" srcset=\"https:\/\/mula.es\/web\/wp-content\/uploads\/2024\/02\/Carrera-Solidaria-IES-Ribera-de-los-Molinos-Intedis-2-200x150.jpeg 200w, https:\/\/mula.es\/web\/wp-content\/uploads\/2024\/02\/Carrera-Solidaria-IES-Ribera-de-los-Molinos-Intedis-2-300x225.jpeg 300w, https:\/\/mula.es\/web\/wp-content\/uploads\/2024\/02\/Carrera-Solidaria-IES-Ribera-de-los-Molinos-Intedis-2-400x300.jpeg 400w, https:\/\/mula.es\/web\/wp-content\/uploads\/2024\/02\/Carrera-Solidaria-IES-Ribera-de-los-Molinos-Intedis-2-600x450.jpeg 600w, https:\/\/mula.es\/web\/wp-content\/uploads\/2024\/02\/Carrera-Solidaria-IES-Ribera-de-los-Molinos-Intedis-2-768x576.jpeg 768w, https:\/\/mula.es\/web\/wp-content\/uploads\/2024\/02\/Carrera-Solidaria-IES-Ribera-de-los-Molinos-Intedis-2-800x600.jpeg 800w, https:\/\/mula.es\/web\/wp-content\/uploads\/2024\/02\/Carrera-Solidaria-IES-Ribera-de-los-Molinos-Intedis-2-1024x768.jpeg 1024w, https:\/\/mula.es\/web\/wp-content\/uploads\/2024\/02\/Carrera-Solidaria-IES-Ribera-de-los-Molinos-Intedis-2-1200x900.jpeg 1200w, https:\/\/mula.es\/web\/wp-content\/uploads\/2024\/02\/Carrera-Solidaria-IES-Ribera-de-los-Molinos-Intedis-2-1536x1152.jpeg 1536w, https:\/\/mula.es\/web\/wp-content\/uploads\/2024\/02\/Carrera-Solidaria-IES-Ribera-de-los-Molinos-Intedis-2.jpeg 1600w\" sizes=\"(max-width: 300px) 100vw, 300px\" data-attachment-id=\"52560\" data-permalink=\"https:\/\/mula.es\/web\/deportes-el-ayuntamiento-de-mula-entrega-los-trofeos-de-la-carrera-solidaria-del-ies-ribera-de-los-molinos\/carrera-solidaria-ies-ribera-de-los-molinos-intedis-2\/\" data-orig-file=\"https:\/\/mula.es\/web\/wp-content\/uploads\/2024\/02\/Carrera-Solidaria-IES-Ribera-de-los-Molinos-Intedis-2.jpeg\" data-orig-size=\"1600,1200\" data-comments-opened=\"0\" data-image-meta=\"{&quot;aperture&quot;:&quot;0&quot;,&quot;credit&quot;:&quot;&quot;,&quot;camera&quot;:&quot;&quot;,&quot;caption&quot;:&quot;&quot;,&quot;created_timestamp&quot;:&quot;0&quot;,&quot;copyright&quot;:&quot;&quot;,&quot;focal_length&quot;:&quot;0&quot;,&quot;iso&quot;:&quot;0&quot;,&quot;shutter_speed&quot;:&quot;0&quot;,&quot;title&quot;:&quot;&quot;,&quot;orientation&quot;:&quot;0&quot;}\" data-image-title=\"Carrera Solidaria IES Ribera de los Molinos Intedis (2)\" data-image-description=\"\" data-image-caption=\"\" data-large-file=\"https:\/\/mula.es\/web\/wp-content\/uploads\/2024\/02\/Carrera-Solidaria-IES-Ribera-de-los-Molinos-Intedis-2-1024x768.jpeg\" \/><\/a>\n\t\t\t<\/dt><\/dl><dl class='gallery-item'>\n\t\t\t<dt class='gallery-icon landscape'>\n\t\t\t\t<a data-rel=\"iLightbox[postimages]\" data-title=\"Carrera Solidaria IES Ribera de los Molinos Intedis (4)\" data-caption=\"\" href='https:\/\/mula.es\/web\/deportes-el-ayuntamiento-de-mula-entrega-los-trofeos-de-la-carrera-solidaria-del-ies-ribera-de-los-molinos\/carrera-solidaria-ies-ribera-de-los-molinos-intedis-4\/'><img decoding=\"async\" width=\"300\" height=\"225\" src=\"https:\/\/mula.es\/web\/wp-content\/uploads\/2024\/02\/Carrera-Solidaria-IES-Ribera-de-los-Molinos-Intedis-4-300x225.jpeg\" class=\"attachment-medium size-medium\" alt=\"\" srcset=\"https:\/\/mula.es\/web\/wp-content\/uploads\/2024\/02\/Carrera-Solidaria-IES-Ribera-de-los-Molinos-Intedis-4-200x150.jpeg 200w, https:\/\/mula.es\/web\/wp-content\/uploads\/2024\/02\/Carrera-Solidaria-IES-Ribera-de-los-Molinos-Intedis-4-300x225.jpeg 300w, https:\/\/mula.es\/web\/wp-content\/uploads\/2024\/02\/Carrera-Solidaria-IES-Ribera-de-los-Molinos-Intedis-4-400x300.jpeg 400w, https:\/\/mula.es\/web\/wp-content\/uploads\/2024\/02\/Carrera-Solidaria-IES-Ribera-de-los-Molinos-Intedis-4-600x450.jpeg 600w, https:\/\/mula.es\/web\/wp-content\/uploads\/2024\/02\/Carrera-Solidaria-IES-Ribera-de-los-Molinos-Intedis-4-768x576.jpeg 768w, https:\/\/mula.es\/web\/wp-content\/uploads\/2024\/02\/Carrera-Solidaria-IES-Ribera-de-los-Molinos-Intedis-4-800x600.jpeg 800w, https:\/\/mula.es\/web\/wp-content\/uploads\/2024\/02\/Carrera-Solidaria-IES-Ribera-de-los-Molinos-Intedis-4-1024x768.jpeg 1024w, https:\/\/mula.es\/web\/wp-content\/uploads\/2024\/02\/Carrera-Solidaria-IES-Ribera-de-los-Molinos-Intedis-4-1200x900.jpeg 1200w, https:\/\/mula.es\/web\/wp-content\/uploads\/2024\/02\/Carrera-Solidaria-IES-Ribera-de-los-Molinos-Intedis-4-1536x1152.jpeg 1536w, https:\/\/mula.es\/web\/wp-content\/uploads\/2024\/02\/Carrera-Solidaria-IES-Ribera-de-los-Molinos-Intedis-4.jpeg 1600w\" sizes=\"(max-width: 300px) 100vw, 300px\" data-attachment-id=\"52558\" data-permalink=\"https:\/\/mula.es\/web\/deportes-el-ayuntamiento-de-mula-entrega-los-trofeos-de-la-carrera-solidaria-del-ies-ribera-de-los-molinos\/carrera-solidaria-ies-ribera-de-los-molinos-intedis-4\/\" data-orig-file=\"https:\/\/mula.es\/web\/wp-content\/uploads\/2024\/02\/Carrera-Solidaria-IES-Ribera-de-los-Molinos-Intedis-4.jpeg\" data-orig-size=\"1600,1200\" data-comments-opened=\"0\" data-image-meta=\"{&quot;aperture&quot;:&quot;0&quot;,&quot;credit&quot;:&quot;&quot;,&quot;camera&quot;:&quot;&quot;,&quot;caption&quot;:&quot;&quot;,&quot;created_timestamp&quot;:&quot;0&quot;,&quot;copyright&quot;:&quot;&quot;,&quot;focal_length&quot;:&quot;0&quot;,&quot;iso&quot;:&quot;0&quot;,&quot;shutter_speed&quot;:&quot;0&quot;,&quot;title&quot;:&quot;&quot;,&quot;orientation&quot;:&quot;0&quot;}\" data-image-title=\"Carrera Solidaria IES Ribera de los Molinos Intedis (4)\" data-image-description=\"\" data-image-caption=\"\" data-large-file=\"https:\/\/mula.es\/web\/wp-content\/uploads\/2024\/02\/Carrera-Solidaria-IES-Ribera-de-los-Molinos-Intedis-4-1024x768.jpeg\" \/><\/a>\n\t\t\t<\/dt><\/dl><dl class='gallery-item'>\n\t\t\t<dt class='gallery-icon landscape'>\n\t\t\t\t<a data-rel=\"iLightbox[postimages]\" data-title=\"Carrera Solidaria IES Ribera de los Molinos Intedis (5)\" data-caption=\"\" href='https:\/\/mula.es\/web\/deportes-el-ayuntamiento-de-mula-entrega-los-trofeos-de-la-carrera-solidaria-del-ies-ribera-de-los-molinos\/carrera-solidaria-ies-ribera-de-los-molinos-intedis-5\/'><img decoding=\"async\" width=\"300\" height=\"225\" src=\"https:\/\/mula.es\/web\/wp-content\/uploads\/2024\/02\/Carrera-Solidaria-IES-Ribera-de-los-Molinos-Intedis-5-300x225.jpeg\" class=\"attachment-medium size-medium\" alt=\"\" srcset=\"https:\/\/mula.es\/web\/wp-content\/uploads\/2024\/02\/Carrera-Solidaria-IES-Ribera-de-los-Molinos-Intedis-5-200x150.jpeg 200w, https:\/\/mula.es\/web\/wp-content\/uploads\/2024\/02\/Carrera-Solidaria-IES-Ribera-de-los-Molinos-Intedis-5-300x225.jpeg 300w, https:\/\/mula.es\/web\/wp-content\/uploads\/2024\/02\/Carrera-Solidaria-IES-Ribera-de-los-Molinos-Intedis-5-400x300.jpeg 400w, https:\/\/mula.es\/web\/wp-content\/uploads\/2024\/02\/Carrera-Solidaria-IES-Ribera-de-los-Molinos-Intedis-5-600x450.jpeg 600w, https:\/\/mula.es\/web\/wp-content\/uploads\/2024\/02\/Carrera-Solidaria-IES-Ribera-de-los-Molinos-Intedis-5-768x576.jpeg 768w, https:\/\/mula.es\/web\/wp-content\/uploads\/2024\/02\/Carrera-Solidaria-IES-Ribera-de-los-Molinos-Intedis-5-800x600.jpeg 800w, https:\/\/mula.es\/web\/wp-content\/uploads\/2024\/02\/Carrera-Solidaria-IES-Ribera-de-los-Molinos-Intedis-5-1024x768.jpeg 1024w, https:\/\/mula.es\/web\/wp-content\/uploads\/2024\/02\/Carrera-Solidaria-IES-Ribera-de-los-Molinos-Intedis-5-1200x900.jpeg 1200w, https:\/\/mula.es\/web\/wp-content\/uploads\/2024\/02\/Carrera-Solidaria-IES-Ribera-de-los-Molinos-Intedis-5-1536x1152.jpeg 1536w, https:\/\/mula.es\/web\/wp-content\/uploads\/2024\/02\/Carrera-Solidaria-IES-Ribera-de-los-Molinos-Intedis-5.jpeg 1600w\" sizes=\"(max-width: 300px) 100vw, 300px\" data-attachment-id=\"52557\" data-permalink=\"https:\/\/mula.es\/web\/deportes-el-ayuntamiento-de-mula-entrega-los-trofeos-de-la-carrera-solidaria-del-ies-ribera-de-los-molinos\/carrera-solidaria-ies-ribera-de-los-molinos-intedis-5\/\" data-orig-file=\"https:\/\/mula.es\/web\/wp-content\/uploads\/2024\/02\/Carrera-Solidaria-IES-Ribera-de-los-Molinos-Intedis-5.jpeg\" data-orig-size=\"1600,1200\" data-comments-opened=\"0\" data-image-meta=\"{&quot;aperture&quot;:&quot;0&quot;,&quot;credit&quot;:&quot;&quot;,&quot;camera&quot;:&quot;&quot;,&quot;caption&quot;:&quot;&quot;,&quot;created_timestamp&quot;:&quot;0&quot;,&quot;copyright&quot;:&quot;&quot;,&quot;focal_length&quot;:&quot;0&quot;,&quot;iso&quot;:&quot;0&quot;,&quot;shutter_speed&quot;:&quot;0&quot;,&quot;title&quot;:&quot;&quot;,&quot;orientation&quot;:&quot;0&quot;}\" data-image-title=\"Carrera Solidaria IES Ribera de los Molinos Intedis (5)\" data-image-description=\"\" data-image-caption=\"\" data-large-file=\"https:\/\/mula.es\/web\/wp-content\/uploads\/2024\/02\/Carrera-Solidaria-IES-Ribera-de-los-Molinos-Intedis-5-1024x768.jpeg\" \/><\/a>\n\t\t\t<\/dt><\/dl><br style=\"clear: both\" \/><dl class='gallery-item'>\n\t\t\t<dt class='gallery-icon landscape'>\n\t\t\t\t<a data-rel=\"iLightbox[postimages]\" data-title=\"Carrera Solidaria IES Ribera de los Molinos Intedis (3)\" data-caption=\"\" href='https:\/\/mula.es\/web\/deportes-el-ayuntamiento-de-mula-entrega-los-trofeos-de-la-carrera-solidaria-del-ies-ribera-de-los-molinos\/carrera-solidaria-ies-ribera-de-los-molinos-intedis-3\/'><img decoding=\"async\" width=\"300\" height=\"225\" src=\"https:\/\/mula.es\/web\/wp-content\/uploads\/2024\/02\/Carrera-Solidaria-IES-Ribera-de-los-Molinos-Intedis-3-300x225.jpeg\" class=\"attachment-medium size-medium\" alt=\"\" srcset=\"https:\/\/mula.es\/web\/wp-content\/uploads\/2024\/02\/Carrera-Solidaria-IES-Ribera-de-los-Molinos-Intedis-3-200x150.jpeg 200w, https:\/\/mula.es\/web\/wp-content\/uploads\/2024\/02\/Carrera-Solidaria-IES-Ribera-de-los-Molinos-Intedis-3-300x225.jpeg 300w, https:\/\/mula.es\/web\/wp-content\/uploads\/2024\/02\/Carrera-Solidaria-IES-Ribera-de-los-Molinos-Intedis-3-400x300.jpeg 400w, https:\/\/mula.es\/web\/wp-content\/uploads\/2024\/02\/Carrera-Solidaria-IES-Ribera-de-los-Molinos-Intedis-3-600x450.jpeg 600w, https:\/\/mula.es\/web\/wp-content\/uploads\/2024\/02\/Carrera-Solidaria-IES-Ribera-de-los-Molinos-Intedis-3-768x576.jpeg 768w, https:\/\/mula.es\/web\/wp-content\/uploads\/2024\/02\/Carrera-Solidaria-IES-Ribera-de-los-Molinos-Intedis-3-800x600.jpeg 800w, https:\/\/mula.es\/web\/wp-content\/uploads\/2024\/02\/Carrera-Solidaria-IES-Ribera-de-los-Molinos-Intedis-3-1024x768.jpeg 1024w, https:\/\/mula.es\/web\/wp-content\/uploads\/2024\/02\/Carrera-Solidaria-IES-Ribera-de-los-Molinos-Intedis-3-1200x900.jpeg 1200w, https:\/\/mula.es\/web\/wp-content\/uploads\/2024\/02\/Carrera-Solidaria-IES-Ribera-de-los-Molinos-Intedis-3-1536x1152.jpeg 1536w, https:\/\/mula.es\/web\/wp-content\/uploads\/2024\/02\/Carrera-Solidaria-IES-Ribera-de-los-Molinos-Intedis-3.jpeg 1600w\" sizes=\"(max-width: 300px) 100vw, 300px\" data-attachment-id=\"52559\" data-permalink=\"https:\/\/mula.es\/web\/deportes-el-ayuntamiento-de-mula-entrega-los-trofeos-de-la-carrera-solidaria-del-ies-ribera-de-los-molinos\/carrera-solidaria-ies-ribera-de-los-molinos-intedis-3\/\" data-orig-file=\"https:\/\/mula.es\/web\/wp-content\/uploads\/2024\/02\/Carrera-Solidaria-IES-Ribera-de-los-Molinos-Intedis-3.jpeg\" data-orig-size=\"1600,1200\" data-comments-opened=\"0\" data-image-meta=\"{&quot;aperture&quot;:&quot;0&quot;,&quot;credit&quot;:&quot;&quot;,&quot;camera&quot;:&quot;&quot;,&quot;caption&quot;:&quot;&quot;,&quot;created_timestamp&quot;:&quot;0&quot;,&quot;copyright&quot;:&quot;&quot;,&quot;focal_length&quot;:&quot;0&quot;,&quot;iso&quot;:&quot;0&quot;,&quot;shutter_speed&quot;:&quot;0&quot;,&quot;title&quot;:&quot;&quot;,&quot;orientation&quot;:&quot;0&quot;}\" data-image-title=\"Carrera Solidaria IES Ribera de los Molinos Intedis (3)\" data-image-description=\"\" data-image-caption=\"\" data-large-file=\"https:\/\/mula.es\/web\/wp-content\/uploads\/2024\/02\/Carrera-Solidaria-IES-Ribera-de-los-Molinos-Intedis-3-1024x768.jpeg\" \/><\/a>\n\t\t\t<\/dt><\/dl><dl class='gallery-item'>\n\t\t\t<dt class='gallery-icon landscape'>\n\t\t\t\t<a data-rel=\"iLightbox[postimages]\" data-title=\"Carrera Solidaria IES Ribera de los Molinos Intedis (6)\" data-caption=\"\" href='https:\/\/mula.es\/web\/deportes-el-ayuntamiento-de-mula-entrega-los-trofeos-de-la-carrera-solidaria-del-ies-ribera-de-los-molinos\/carrera-solidaria-ies-ribera-de-los-molinos-intedis-6\/'><img decoding=\"async\" width=\"300\" height=\"225\" src=\"https:\/\/mula.es\/web\/wp-content\/uploads\/2024\/02\/Carrera-Solidaria-IES-Ribera-de-los-Molinos-Intedis-6-300x225.jpeg\" class=\"attachment-medium size-medium\" alt=\"\" srcset=\"https:\/\/mula.es\/web\/wp-content\/uploads\/2024\/02\/Carrera-Solidaria-IES-Ribera-de-los-Molinos-Intedis-6-200x150.jpeg 200w, https:\/\/mula.es\/web\/wp-content\/uploads\/2024\/02\/Carrera-Solidaria-IES-Ribera-de-los-Molinos-Intedis-6-300x225.jpeg 300w, https:\/\/mula.es\/web\/wp-content\/uploads\/2024\/02\/Carrera-Solidaria-IES-Ribera-de-los-Molinos-Intedis-6-400x300.jpeg 400w, https:\/\/mula.es\/web\/wp-content\/uploads\/2024\/02\/Carrera-Solidaria-IES-Ribera-de-los-Molinos-Intedis-6-600x450.jpeg 600w, https:\/\/mula.es\/web\/wp-content\/uploads\/2024\/02\/Carrera-Solidaria-IES-Ribera-de-los-Molinos-Intedis-6-768x576.jpeg 768w, https:\/\/mula.es\/web\/wp-content\/uploads\/2024\/02\/Carrera-Solidaria-IES-Ribera-de-los-Molinos-Intedis-6-800x600.jpeg 800w, https:\/\/mula.es\/web\/wp-content\/uploads\/2024\/02\/Carrera-Solidaria-IES-Ribera-de-los-Molinos-Intedis-6-1024x768.jpeg 1024w, https:\/\/mula.es\/web\/wp-content\/uploads\/2024\/02\/Carrera-Solidaria-IES-Ribera-de-los-Molinos-Intedis-6-1200x900.jpeg 1200w, https:\/\/mula.es\/web\/wp-content\/uploads\/2024\/02\/Carrera-Solidaria-IES-Ribera-de-los-Molinos-Intedis-6-1536x1152.jpeg 1536w, https:\/\/mula.es\/web\/wp-content\/uploads\/2024\/02\/Carrera-Solidaria-IES-Ribera-de-los-Molinos-Intedis-6.jpeg 1600w\" sizes=\"(max-width: 300px) 100vw, 300px\" data-attachment-id=\"52556\" data-permalink=\"https:\/\/mula.es\/web\/deportes-el-ayuntamiento-de-mula-entrega-los-trofeos-de-la-carrera-solidaria-del-ies-ribera-de-los-molinos\/carrera-solidaria-ies-ribera-de-los-molinos-intedis-6\/\" data-orig-file=\"https:\/\/mula.es\/web\/wp-content\/uploads\/2024\/02\/Carrera-Solidaria-IES-Ribera-de-los-Molinos-Intedis-6.jpeg\" data-orig-size=\"1600,1200\" data-comments-opened=\"0\" data-image-meta=\"{&quot;aperture&quot;:&quot;0&quot;,&quot;credit&quot;:&quot;&quot;,&quot;camera&quot;:&quot;&quot;,&quot;caption&quot;:&quot;&quot;,&quot;created_timestamp&quot;:&quot;0&quot;,&quot;copyright&quot;:&quot;&quot;,&quot;focal_length&quot;:&quot;0&quot;,&quot;iso&quot;:&quot;0&quot;,&quot;shutter_speed&quot;:&quot;0&quot;,&quot;title&quot;:&quot;&quot;,&quot;orientation&quot;:&quot;0&quot;}\" data-image-title=\"Carrera Solidaria IES Ribera de los Molinos Intedis (6)\" data-image-description=\"\" data-image-caption=\"\" data-large-file=\"https:\/\/mula.es\/web\/wp-content\/uploads\/2024\/02\/Carrera-Solidaria-IES-Ribera-de-los-Molinos-Intedis-6-1024x768.jpeg\" \/><\/a>\n\t\t\t<\/dt><\/dl>\n\t\t\t<br style='clear: both' \/>\n\t\t<\/div>\n\n<p>&nbsp;<\/p>\n<p>&nbsp;<\/p>\n","protected":false},"excerpt":{"rendered":"<p>El Ayuntamiento de Mula ha colaborado en la clausura de la VI Semana Cultural del IES Ribera de los Molinos de Mula a trav\u00e9s de la Carrera Solidaria celebrada a lo largo de esta ma\u00f1ana en el parque Crist\u00f3bal Gabarr\u00f3n. Alumnos y alumnas de la ESO, Bachillerato y de los Ciclos Formativos del IES Ribera  [&#8230;]<\/p>\n","protected":false},"author":12,"featured_media":52555,"comment_status":"closed","ping_status":"closed","sticky":false,"template":"","format":"standard","meta":{"jetpack_post_was_ever_published":false,"_jetpack_newsletter_access":"","_jetpack_dont_email_post_to_subs":false,"_jetpack_newsletter_tier_id":0,"_jetpack_memberships_contains_paywalled_content":false,"_jetpack_memberships_contains_paid_content":false,"footnotes":"","jetpack_publicize_message":"","jetpack_publicize_feature_enabled":true,"jetpack_social_post_already_shared":false,"jetpack_social_options":{"image_generator_settings":{"template":"highway","default_image_id":0,"font":"","enabled":false},"version":2}},"categories":[88,89],"tags":[],"class_list":["post-52495","post","type-post","status-publish","format-standard","has-post-thumbnail","hentry","category-deportes","category-educacion"],"yoast_head":"<!-- This site is optimized with the Yoast SEO plugin v27.5 - https:\/\/yoast.com\/product\/yoast-seo-wordpress\/ -->\n<title>DEPORTES| El Ayuntamiento de Mula entrega los trofeos de la Carrera Solidaria del IES Ribera de los Molinos - Ayuntamiento de Mula<\/title>\n<meta name=\"robots\" content=\"index, follow, max-snippet:-1, max-image-preview:large, max-video-preview:-1\" \/>\n<link rel=\"canonical\" href=\"https:\/\/mula.es\/web\/deportes-el-ayuntamiento-de-mula-entrega-los-trofeos-de-la-carrera-solidaria-del-ies-ribera-de-los-molinos\/\" \/>\n<meta property=\"og:locale\" content=\"es_ES\" \/>\n<meta property=\"og:type\" content=\"article\" \/>\n<meta property=\"og:title\" content=\"DEPORTES| El Ayuntamiento de Mula entrega los trofeos de la Carrera Solidaria del IES Ribera de los Molinos - Ayuntamiento de Mula\" \/>\n<meta property=\"og:description\" content=\"El Ayuntamiento de Mula ha colaborado en la clausura de la VI Semana Cultural del IES Ribera de los Molinos de Mula a trav\u00e9s de la Carrera Solidaria celebrada a lo largo de esta ma\u00f1ana en el parque Crist\u00f3bal Gabarr\u00f3n. Alumnos y alumnas de la ESO, Bachillerato y de los Ciclos Formativos del IES Ribera [...]\" \/>\n<meta property=\"og:url\" content=\"https:\/\/mula.es\/web\/deportes-el-ayuntamiento-de-mula-entrega-los-trofeos-de-la-carrera-solidaria-del-ies-ribera-de-los-molinos\/\" \/>\n<meta property=\"og:site_name\" content=\"Ayuntamiento de Mula\" \/>\n<meta property=\"article:published_time\" content=\"2024-02-16T13:35:40+00:00\" \/>\n<meta property=\"article:modified_time\" content=\"2024-02-16T13:37:41+00:00\" \/>\n<meta property=\"og:image\" content=\"https:\/\/mula.es\/web\/wp-content\/uploads\/2024\/02\/Carrera-Solidaria-IES-Ribera-de-los-Molinos-Intedis.jpeg\" \/>\n\t<meta property=\"og:image:width\" content=\"1600\" \/>\n\t<meta property=\"og:image:height\" content=\"1200\" \/>\n\t<meta property=\"og:image:type\" content=\"image\/jpeg\" \/>\n<meta name=\"author\" content=\"Mar\u00eda Bel\u00e9n Sumba Bravo\" \/>\n<meta name=\"twitter:card\" content=\"summary_large_image\" \/>\n<meta name=\"twitter:creator\" content=\"@AyuntamientMula\" \/>\n<meta name=\"twitter:site\" content=\"@AyuntamientMula\" \/>\n<meta name=\"twitter:label1\" content=\"Escrito por\" \/>\n\t<meta name=\"twitter:data1\" content=\"Mar\u00eda Bel\u00e9n Sumba Bravo\" \/>\n\t<meta name=\"twitter:label2\" content=\"Tiempo de lectura\" \/>\n\t<meta name=\"twitter:data2\" content=\"3 minutos\" \/>\n<script type=\"application\/ld+json\" class=\"yoast-schema-graph\">{\"@context\":\"https:\\\/\\\/schema.org\",\"@graph\":[{\"@type\":\"Article\",\"@id\":\"https:\\\/\\\/mula.es\\\/web\\\/deportes-el-ayuntamiento-de-mula-entrega-los-trofeos-de-la-carrera-solidaria-del-ies-ribera-de-los-molinos\\\/#article\",\"isPartOf\":{\"@id\":\"https:\\\/\\\/mula.es\\\/web\\\/deportes-el-ayuntamiento-de-mula-entrega-los-trofeos-de-la-carrera-solidaria-del-ies-ribera-de-los-molinos\\\/\"},\"author\":{\"name\":\"Mar\u00eda Bel\u00e9n Sumba Bravo\",\"@id\":\"https:\\\/\\\/mula.es\\\/web\\\/#\\\/schema\\\/person\\\/4cc33fc69cd667605e1b6247815ac0c0\"},\"headline\":\"DEPORTES| El Ayuntamiento de Mula entrega los trofeos de la Carrera Solidaria del IES Ribera de los Molinos\",\"datePublished\":\"2024-02-16T13:35:40+00:00\",\"dateModified\":\"2024-02-16T13:37:41+00:00\",\"mainEntityOfPage\":{\"@id\":\"https:\\\/\\\/mula.es\\\/web\\\/deportes-el-ayuntamiento-de-mula-entrega-los-trofeos-de-la-carrera-solidaria-del-ies-ribera-de-los-molinos\\\/\"},\"wordCount\":371,\"image\":{\"@id\":\"https:\\\/\\\/mula.es\\\/web\\\/deportes-el-ayuntamiento-de-mula-entrega-los-trofeos-de-la-carrera-solidaria-del-ies-ribera-de-los-molinos\\\/#primaryimage\"},\"thumbnailUrl\":\"https:\\\/\\\/mula.es\\\/web\\\/wp-content\\\/uploads\\\/2024\\\/02\\\/Carrera-Solidaria-IES-Ribera-de-los-Molinos-Intedis.jpeg\",\"articleSection\":[\"deportes\",\"educaci\u00f3n\"],\"inLanguage\":\"es\"},{\"@type\":\"WebPage\",\"@id\":\"https:\\\/\\\/mula.es\\\/web\\\/deportes-el-ayuntamiento-de-mula-entrega-los-trofeos-de-la-carrera-solidaria-del-ies-ribera-de-los-molinos\\\/\",\"url\":\"https:\\\/\\\/mula.es\\\/web\\\/deportes-el-ayuntamiento-de-mula-entrega-los-trofeos-de-la-carrera-solidaria-del-ies-ribera-de-los-molinos\\\/\",\"name\":\"DEPORTES| El Ayuntamiento de Mula entrega los trofeos de la Carrera Solidaria del IES Ribera de los Molinos - Ayuntamiento de Mula\",\"isPartOf\":{\"@id\":\"https:\\\/\\\/mula.es\\\/web\\\/#website\"},\"primaryImageOfPage\":{\"@id\":\"https:\\\/\\\/mula.es\\\/web\\\/deportes-el-ayuntamiento-de-mula-entrega-los-trofeos-de-la-carrera-solidaria-del-ies-ribera-de-los-molinos\\\/#primaryimage\"},\"image\":{\"@id\":\"https:\\\/\\\/mula.es\\\/web\\\/deportes-el-ayuntamiento-de-mula-entrega-los-trofeos-de-la-carrera-solidaria-del-ies-ribera-de-los-molinos\\\/#primaryimage\"},\"thumbnailUrl\":\"https:\\\/\\\/mula.es\\\/web\\\/wp-content\\\/uploads\\\/2024\\\/02\\\/Carrera-Solidaria-IES-Ribera-de-los-Molinos-Intedis.jpeg\",\"datePublished\":\"2024-02-16T13:35:40+00:00\",\"dateModified\":\"2024-02-16T13:37:41+00:00\",\"author\":{\"@id\":\"https:\\\/\\\/mula.es\\\/web\\\/#\\\/schema\\\/person\\\/4cc33fc69cd667605e1b6247815ac0c0\"},\"breadcrumb\":{\"@id\":\"https:\\\/\\\/mula.es\\\/web\\\/deportes-el-ayuntamiento-de-mula-entrega-los-trofeos-de-la-carrera-solidaria-del-ies-ribera-de-los-molinos\\\/#breadcrumb\"},\"inLanguage\":\"es\",\"potentialAction\":[{\"@type\":\"ReadAction\",\"target\":[\"https:\\\/\\\/mula.es\\\/web\\\/deportes-el-ayuntamiento-de-mula-entrega-los-trofeos-de-la-carrera-solidaria-del-ies-ribera-de-los-molinos\\\/\"]}]},{\"@type\":\"ImageObject\",\"inLanguage\":\"es\",\"@id\":\"https:\\\/\\\/mula.es\\\/web\\\/deportes-el-ayuntamiento-de-mula-entrega-los-trofeos-de-la-carrera-solidaria-del-ies-ribera-de-los-molinos\\\/#primaryimage\",\"url\":\"https:\\\/\\\/mula.es\\\/web\\\/wp-content\\\/uploads\\\/2024\\\/02\\\/Carrera-Solidaria-IES-Ribera-de-los-Molinos-Intedis.jpeg\",\"contentUrl\":\"https:\\\/\\\/mula.es\\\/web\\\/wp-content\\\/uploads\\\/2024\\\/02\\\/Carrera-Solidaria-IES-Ribera-de-los-Molinos-Intedis.jpeg\",\"width\":1600,\"height\":1200},{\"@type\":\"BreadcrumbList\",\"@id\":\"https:\\\/\\\/mula.es\\\/web\\\/deportes-el-ayuntamiento-de-mula-entrega-los-trofeos-de-la-carrera-solidaria-del-ies-ribera-de-los-molinos\\\/#breadcrumb\",\"itemListElement\":[{\"@type\":\"ListItem\",\"position\":1,\"name\":\"Portada\",\"item\":\"https:\\\/\\\/mula.es\\\/web\\\/\"},{\"@type\":\"ListItem\",\"position\":2,\"name\":\"DEPORTES| El Ayuntamiento de Mula entrega los trofeos de la Carrera Solidaria del IES Ribera de los Molinos\"}]},{\"@type\":\"WebSite\",\"@id\":\"https:\\\/\\\/mula.es\\\/web\\\/#website\",\"url\":\"https:\\\/\\\/mula.es\\\/web\\\/\",\"name\":\"Ayuntamiento de Mula\",\"description\":\"P\u00e1gina web del Ayuntamiento de Mula (Regi\u00f3n de Murcia)\",\"potentialAction\":[{\"@type\":\"SearchAction\",\"target\":{\"@type\":\"EntryPoint\",\"urlTemplate\":\"https:\\\/\\\/mula.es\\\/web\\\/?s={search_term_string}\"},\"query-input\":{\"@type\":\"PropertyValueSpecification\",\"valueRequired\":true,\"valueName\":\"search_term_string\"}}],\"inLanguage\":\"es\"},{\"@type\":\"Person\",\"@id\":\"https:\\\/\\\/mula.es\\\/web\\\/#\\\/schema\\\/person\\\/4cc33fc69cd667605e1b6247815ac0c0\",\"name\":\"Mar\u00eda Bel\u00e9n Sumba Bravo\",\"image\":{\"@type\":\"ImageObject\",\"inLanguage\":\"es\",\"@id\":\"https:\\\/\\\/secure.gravatar.com\\\/avatar\\\/8f65af12a8d72e866f97bba50325bdf89a5362533b6f2c9db8c88130883986b1?s=96&d=mm&r=g\",\"url\":\"https:\\\/\\\/secure.gravatar.com\\\/avatar\\\/8f65af12a8d72e866f97bba50325bdf89a5362533b6f2c9db8c88130883986b1?s=96&d=mm&r=g\",\"contentUrl\":\"https:\\\/\\\/secure.gravatar.com\\\/avatar\\\/8f65af12a8d72e866f97bba50325bdf89a5362533b6f2c9db8c88130883986b1?s=96&d=mm&r=g\",\"caption\":\"Mar\u00eda Bel\u00e9n Sumba Bravo\"},\"url\":\"https:\\\/\\\/mula.es\\\/web\\\/author\\\/mbsumba\\\/\"}]}<\/script>\n<!-- \/ Yoast SEO plugin. -->","yoast_head_json":{"title":"DEPORTES| El Ayuntamiento de Mula entrega los trofeos de la Carrera Solidaria del IES Ribera de los Molinos - Ayuntamiento de Mula","robots":{"index":"index","follow":"follow","max-snippet":"max-snippet:-1","max-image-preview":"max-image-preview:large","max-video-preview":"max-video-preview:-1"},"canonical":"https:\/\/mula.es\/web\/deportes-el-ayuntamiento-de-mula-entrega-los-trofeos-de-la-carrera-solidaria-del-ies-ribera-de-los-molinos\/","og_locale":"es_ES","og_type":"article","og_title":"DEPORTES| El Ayuntamiento de Mula entrega los trofeos de la Carrera Solidaria del IES Ribera de los Molinos - Ayuntamiento de Mula","og_description":"El Ayuntamiento de Mula ha colaborado en la clausura de la VI Semana Cultural del IES Ribera de los Molinos de Mula a trav\u00e9s de la Carrera Solidaria celebrada a lo largo de esta ma\u00f1ana en el parque Crist\u00f3bal Gabarr\u00f3n. Alumnos y alumnas de la ESO, Bachillerato y de los Ciclos Formativos del IES Ribera [...]","og_url":"https:\/\/mula.es\/web\/deportes-el-ayuntamiento-de-mula-entrega-los-trofeos-de-la-carrera-solidaria-del-ies-ribera-de-los-molinos\/","og_site_name":"Ayuntamiento de Mula","article_published_time":"2024-02-16T13:35:40+00:00","article_modified_time":"2024-02-16T13:37:41+00:00","og_image":[{"width":1600,"height":1200,"url":"https:\/\/mula.es\/web\/wp-content\/uploads\/2024\/02\/Carrera-Solidaria-IES-Ribera-de-los-Molinos-Intedis.jpeg","type":"image\/jpeg"}],"author":"Mar\u00eda Bel\u00e9n Sumba Bravo","twitter_card":"summary_large_image","twitter_creator":"@AyuntamientMula","twitter_site":"@AyuntamientMula","twitter_misc":{"Escrito por":"Mar\u00eda Bel\u00e9n Sumba Bravo","Tiempo de lectura":"3 minutos"},"schema":{"@context":"https:\/\/schema.org","@graph":[{"@type":"Article","@id":"https:\/\/mula.es\/web\/deportes-el-ayuntamiento-de-mula-entrega-los-trofeos-de-la-carrera-solidaria-del-ies-ribera-de-los-molinos\/#article","isPartOf":{"@id":"https:\/\/mula.es\/web\/deportes-el-ayuntamiento-de-mula-entrega-los-trofeos-de-la-carrera-solidaria-del-ies-ribera-de-los-molinos\/"},"author":{"name":"Mar\u00eda Bel\u00e9n Sumba Bravo","@id":"https:\/\/mula.es\/web\/#\/schema\/person\/4cc33fc69cd667605e1b6247815ac0c0"},"headline":"DEPORTES| El Ayuntamiento de Mula entrega los trofeos de la Carrera Solidaria del IES Ribera de los Molinos","datePublished":"2024-02-16T13:35:40+00:00","dateModified":"2024-02-16T13:37:41+00:00","mainEntityOfPage":{"@id":"https:\/\/mula.es\/web\/deportes-el-ayuntamiento-de-mula-entrega-los-trofeos-de-la-carrera-solidaria-del-ies-ribera-de-los-molinos\/"},"wordCount":371,"image":{"@id":"https:\/\/mula.es\/web\/deportes-el-ayuntamiento-de-mula-entrega-los-trofeos-de-la-carrera-solidaria-del-ies-ribera-de-los-molinos\/#primaryimage"},"thumbnailUrl":"https:\/\/mula.es\/web\/wp-content\/uploads\/2024\/02\/Carrera-Solidaria-IES-Ribera-de-los-Molinos-Intedis.jpeg","articleSection":["deportes","educaci\u00f3n"],"inLanguage":"es"},{"@type":"WebPage","@id":"https:\/\/mula.es\/web\/deportes-el-ayuntamiento-de-mula-entrega-los-trofeos-de-la-carrera-solidaria-del-ies-ribera-de-los-molinos\/","url":"https:\/\/mula.es\/web\/deportes-el-ayuntamiento-de-mula-entrega-los-trofeos-de-la-carrera-solidaria-del-ies-ribera-de-los-molinos\/","name":"DEPORTES| El Ayuntamiento de Mula entrega los trofeos de la Carrera Solidaria del IES Ribera de los Molinos - Ayuntamiento de Mula","isPartOf":{"@id":"https:\/\/mula.es\/web\/#website"},"primaryImageOfPage":{"@id":"https:\/\/mula.es\/web\/deportes-el-ayuntamiento-de-mula-entrega-los-trofeos-de-la-carrera-solidaria-del-ies-ribera-de-los-molinos\/#primaryimage"},"image":{"@id":"https:\/\/mula.es\/web\/deportes-el-ayuntamiento-de-mula-entrega-los-trofeos-de-la-carrera-solidaria-del-ies-ribera-de-los-molinos\/#primaryimage"},"thumbnailUrl":"https:\/\/mula.es\/web\/wp-content\/uploads\/2024\/02\/Carrera-Solidaria-IES-Ribera-de-los-Molinos-Intedis.jpeg","datePublished":"2024-02-16T13:35:40+00:00","dateModified":"2024-02-16T13:37:41+00:00","author":{"@id":"https:\/\/mula.es\/web\/#\/schema\/person\/4cc33fc69cd667605e1b6247815ac0c0"},"breadcrumb":{"@id":"https:\/\/mula.es\/web\/deportes-el-ayuntamiento-de-mula-entrega-los-trofeos-de-la-carrera-solidaria-del-ies-ribera-de-los-molinos\/#breadcrumb"},"inLanguage":"es","potentialAction":[{"@type":"ReadAction","target":["https:\/\/mula.es\/web\/deportes-el-ayuntamiento-de-mula-entrega-los-trofeos-de-la-carrera-solidaria-del-ies-ribera-de-los-molinos\/"]}]},{"@type":"ImageObject","inLanguage":"es","@id":"https:\/\/mula.es\/web\/deportes-el-ayuntamiento-de-mula-entrega-los-trofeos-de-la-carrera-solidaria-del-ies-ribera-de-los-molinos\/#primaryimage","url":"https:\/\/mula.es\/web\/wp-content\/uploads\/2024\/02\/Carrera-Solidaria-IES-Ribera-de-los-Molinos-Intedis.jpeg","contentUrl":"https:\/\/mula.es\/web\/wp-content\/uploads\/2024\/02\/Carrera-Solidaria-IES-Ribera-de-los-Molinos-Intedis.jpeg","width":1600,"height":1200},{"@type":"BreadcrumbList","@id":"https:\/\/mula.es\/web\/deportes-el-ayuntamiento-de-mula-entrega-los-trofeos-de-la-carrera-solidaria-del-ies-ribera-de-los-molinos\/#breadcrumb","itemListElement":[{"@type":"ListItem","position":1,"name":"Portada","item":"https:\/\/mula.es\/web\/"},{"@type":"ListItem","position":2,"name":"DEPORTES| El Ayuntamiento de Mula entrega los trofeos de la Carrera Solidaria del IES Ribera de los Molinos"}]},{"@type":"WebSite","@id":"https:\/\/mula.es\/web\/#website","url":"https:\/\/mula.es\/web\/","name":"Ayuntamiento de Mula","description":"P\u00e1gina web del Ayuntamiento de Mula (Regi\u00f3n de Murcia)","potentialAction":[{"@type":"SearchAction","target":{"@type":"EntryPoint","urlTemplate":"https:\/\/mula.es\/web\/?s={search_term_string}"},"query-input":{"@type":"PropertyValueSpecification","valueRequired":true,"valueName":"search_term_string"}}],"inLanguage":"es"},{"@type":"Person","@id":"https:\/\/mula.es\/web\/#\/schema\/person\/4cc33fc69cd667605e1b6247815ac0c0","name":"Mar\u00eda Bel\u00e9n Sumba Bravo","image":{"@type":"ImageObject","inLanguage":"es","@id":"https:\/\/secure.gravatar.com\/avatar\/8f65af12a8d72e866f97bba50325bdf89a5362533b6f2c9db8c88130883986b1?s=96&d=mm&r=g","url":"https:\/\/secure.gravatar.com\/avatar\/8f65af12a8d72e866f97bba50325bdf89a5362533b6f2c9db8c88130883986b1?s=96&d=mm&r=g","contentUrl":"https:\/\/secure.gravatar.com\/avatar\/8f65af12a8d72e866f97bba50325bdf89a5362533b6f2c9db8c88130883986b1?s=96&d=mm&r=g","caption":"Mar\u00eda Bel\u00e9n Sumba Bravo"},"url":"https:\/\/mula.es\/web\/author\/mbsumba\/"}]}},"jetpack_publicize_connections":[],"jetpack_featured_media_url":"https:\/\/mula.es\/web\/wp-content\/uploads\/2024\/02\/Carrera-Solidaria-IES-Ribera-de-los-Molinos-Intedis.jpeg","jetpack_sharing_enabled":true,"jetpack_shortlink":"https:\/\/wp.me\/pa9DMY-dEH","jetpack-related-posts":[],"_links":{"self":[{"href":"https:\/\/mula.es\/web\/wp-json\/wp\/v2\/posts\/52495","targetHints":{"allow":["GET"]}}],"collection":[{"href":"https:\/\/mula.es\/web\/wp-json\/wp\/v2\/posts"}],"about":[{"href":"https:\/\/mula.es\/web\/wp-json\/wp\/v2\/types\/post"}],"author":[{"embeddable":true,"href":"https:\/\/mula.es\/web\/wp-json\/wp\/v2\/users\/12"}],"replies":[{"embeddable":true,"href":"https:\/\/mula.es\/web\/wp-json\/wp\/v2\/comments?post=52495"}],"version-history":[{"count":5,"href":"https:\/\/mula.es\/web\/wp-json\/wp\/v2\/posts\/52495\/revisions"}],"predecessor-version":[{"id":52564,"href":"https:\/\/mula.es\/web\/wp-json\/wp\/v2\/posts\/52495\/revisions\/52564"}],"wp:featuredmedia":[{"embeddable":true,"href":"https:\/\/mula.es\/web\/wp-json\/wp\/v2\/media\/52555"}],"wp:attachment":[{"href":"https:\/\/mula.es\/web\/wp-json\/wp\/v2\/media?parent=52495"}],"wp:term":[{"taxonomy":"category","embeddable":true,"href":"https:\/\/mula.es\/web\/wp-json\/wp\/v2\/categories?post=52495"},{"taxonomy":"post_tag","embeddable":true,"href":"https:\/\/mula.es\/web\/wp-json\/wp\/v2\/tags?post=52495"}],"curies":[{"name":"wp","href":"https:\/\/api.w.org\/{rel}","templated":true}]}}