{"id":52506,"date":"2024-02-19T09:35:54","date_gmt":"2024-02-19T08:35:54","guid":{"rendered":"https:\/\/mula.es\/web\/?p=52506"},"modified":"2024-02-19T09:35:54","modified_gmt":"2024-02-19T08:35:54","slug":"cultura-el-ayuntamiento-de-mula-entrega-el-premio-alfonso-decimo-de-cine-a-alfonso-albacete-por-la-novia-de-america","status":"publish","type":"post","link":"https:\/\/mula.es\/web\/cultura-el-ayuntamiento-de-mula-entrega-el-premio-alfonso-decimo-de-cine-a-alfonso-albacete-por-la-novia-de-america\/","title":{"rendered":"CULTURA| El Ayuntamiento de Mula entrega el Premio Alfonso D\u00e9cimo de Cine a Alfonso Albacete por &#8216;La Novia de Am\u00e9rica&#8217;"},"content":{"rendered":"<p style=\"text-align: justify;\">El concejal de Cultura del Ayuntamiento de Mula, Diego Boluda, ha entregado el Premio de Cine en la gala de la tercera edici\u00f3n de los Premios Alfonso D\u00e9cimo de la Cultura de la Regi\u00f3n de Murcia. Al evento, tambi\u00e9n han acudido los concejales Vicente L\u00f3pez, Ana Bel\u00e9n P\u00e9rez y Toni Ruiz.<\/p>\n<p style=\"text-align: justify;\">Por tercer a\u00f1o consecutivo, el Ayuntamiento de Mula patrocina el Premio Alfonso D\u00e9cimo de Cine de estos galardones culturales de la Regi\u00f3n de Murcia. En la gala de premios, celebrada en el auditorio V\u00edctor Villegas de Murcia, Diego Boluda ha hecho entrega del galard\u00f3n a Alfonso Albacete, por su pel\u00edcula <em>La Novia de Am\u00e9rica, <\/em>dando su enhorabuena al director\u00a0 y destacado que \u00a0\u00abes un honor para Mula hacer entrega del galard\u00f3n de cine, un g\u00e9nero por el que siempre apostamos y que promovemos continuamente\u00bb.<\/p>\n<p style=\"text-align: justify;\">Durante la gala, los concejales han podido charlar con la actriz murciana ganadora de un Goya, Eva Llorach, quien ha presentado el evento y destacado en su discurso la Semana de Cine Espa\u00f1ol de Mula. Asimismo, los ediles han podido saludar y felicitar a los galardonados, como el mule\u00f1o Juan \u00c1lvarez Montalb\u00e1n, ganador del Premio Alfonso D\u00e9cimo de Ilustraci\u00f3n por su c\u00f3mic<em> Sue\u00f1os de Tinta<\/em>; o el grupo Arde Bogot\u00e1, Premio Alfonso D\u00e9cimo de M\u00fasica Pop-Rock por su \u00e1lbum <em>Cowboys de la A3<\/em>.<\/p>\n<p>&nbsp;<\/p>\n\n\t\t<style type=\"text\/css\">\n\t\t\t#gallery-1 {\n\t\t\t\tmargin: auto;\n\t\t\t}\n\t\t\t#gallery-1 .gallery-item {\n\t\t\t\tfloat: left;\n\t\t\t\tmargin-top: 10px;\n\t\t\t\ttext-align: center;\n\t\t\t\twidth: 33%;\n\t\t\t}\n\t\t\t#gallery-1 img {\n\t\t\t\tborder: 2px solid #cfcfcf;\n\t\t\t}\n\t\t\t#gallery-1 .gallery-caption {\n\t\t\t\tmargin-left: 0;\n\t\t\t}\n\t\t\t\/* see gallery_shortcode() in wp-includes\/media.php *\/\n\t\t<\/style>\n\t\t<div data-carousel-extra='{&quot;blog_id&quot;:1,&quot;permalink&quot;:&quot;https:\/\/mula.es\/web\/cultura-el-ayuntamiento-de-mula-entrega-el-premio-alfonso-decimo-de-cine-a-alfonso-albacete-por-la-novia-de-america\/&quot;}' id='gallery-1' class='gallery galleryid-52506 gallery-columns-3 gallery-size-medium'><dl class='gallery-item'>\n\t\t\t<dt class='gallery-icon landscape'>\n\t\t\t\t<a data-rel=\"iLightbox[postimages]\" data-title=\"Premio de Cine Alfonso D\u00e9cimo 2024 (1)\" data-caption=\"\" href='https:\/\/mula.es\/web\/cultura-el-ayuntamiento-de-mula-entrega-el-premio-alfonso-decimo-de-cine-a-alfonso-albacete-por-la-novia-de-america\/premio-de-cine-alfonso-decimo-2024-1\/'><img decoding=\"async\" width=\"300\" height=\"210\" src=\"https:\/\/mula.es\/web\/wp-content\/uploads\/2024\/02\/Premio-de-Cine-Alfonso-Decimo-2024-1-300x210.jpeg\" class=\"attachment-medium size-medium\" alt=\"\" srcset=\"https:\/\/mula.es\/web\/wp-content\/uploads\/2024\/02\/Premio-de-Cine-Alfonso-Decimo-2024-1-200x140.jpeg 200w, https:\/\/mula.es\/web\/wp-content\/uploads\/2024\/02\/Premio-de-Cine-Alfonso-Decimo-2024-1-300x210.jpeg 300w, https:\/\/mula.es\/web\/wp-content\/uploads\/2024\/02\/Premio-de-Cine-Alfonso-Decimo-2024-1-400x280.jpeg 400w, https:\/\/mula.es\/web\/wp-content\/uploads\/2024\/02\/Premio-de-Cine-Alfonso-Decimo-2024-1-600x421.jpeg 600w, https:\/\/mula.es\/web\/wp-content\/uploads\/2024\/02\/Premio-de-Cine-Alfonso-Decimo-2024-1-768x538.jpeg 768w, https:\/\/mula.es\/web\/wp-content\/uploads\/2024\/02\/Premio-de-Cine-Alfonso-Decimo-2024-1-800x561.jpeg 800w, https:\/\/mula.es\/web\/wp-content\/uploads\/2024\/02\/Premio-de-Cine-Alfonso-Decimo-2024-1-1024x718.jpeg 1024w, https:\/\/mula.es\/web\/wp-content\/uploads\/2024\/02\/Premio-de-Cine-Alfonso-Decimo-2024-1-1200x841.jpeg 1200w, https:\/\/mula.es\/web\/wp-content\/uploads\/2024\/02\/Premio-de-Cine-Alfonso-Decimo-2024-1.jpeg 1421w\" sizes=\"(max-width: 300px) 100vw, 300px\" data-attachment-id=\"52567\" data-permalink=\"https:\/\/mula.es\/web\/cultura-el-ayuntamiento-de-mula-entrega-el-premio-alfonso-decimo-de-cine-a-alfonso-albacete-por-la-novia-de-america\/premio-de-cine-alfonso-decimo-2024-1\/\" data-orig-file=\"https:\/\/mula.es\/web\/wp-content\/uploads\/2024\/02\/Premio-de-Cine-Alfonso-Decimo-2024-1.jpeg\" data-orig-size=\"1421,996\" data-comments-opened=\"0\" data-image-meta=\"{&quot;aperture&quot;:&quot;0&quot;,&quot;credit&quot;:&quot;&quot;,&quot;camera&quot;:&quot;&quot;,&quot;caption&quot;:&quot;&quot;,&quot;created_timestamp&quot;:&quot;0&quot;,&quot;copyright&quot;:&quot;&quot;,&quot;focal_length&quot;:&quot;0&quot;,&quot;iso&quot;:&quot;0&quot;,&quot;shutter_speed&quot;:&quot;0&quot;,&quot;title&quot;:&quot;&quot;,&quot;orientation&quot;:&quot;0&quot;}\" data-image-title=\"Premio de Cine Alfonso D\u00e9cimo 2024 (1)\" data-image-description=\"\" data-image-caption=\"\" data-large-file=\"https:\/\/mula.es\/web\/wp-content\/uploads\/2024\/02\/Premio-de-Cine-Alfonso-Decimo-2024-1-1024x718.jpeg\" \/><\/a>\n\t\t\t<\/dt><\/dl><dl class='gallery-item'>\n\t\t\t<dt class='gallery-icon landscape'>\n\t\t\t\t<a data-rel=\"iLightbox[postimages]\" data-title=\"Premio de Cine Alfonso D\u00e9cimo 2024(3)\" data-caption=\"\" href='https:\/\/mula.es\/web\/cultura-el-ayuntamiento-de-mula-entrega-el-premio-alfonso-decimo-de-cine-a-alfonso-albacete-por-la-novia-de-america\/premio-de-cine-alfonso-decimo-20243\/'><img decoding=\"async\" width=\"300\" height=\"169\" src=\"https:\/\/mula.es\/web\/wp-content\/uploads\/2024\/02\/Premio-de-Cine-Alfonso-Decimo-20243-300x169.jpeg\" class=\"attachment-medium size-medium\" alt=\"\" srcset=\"https:\/\/mula.es\/web\/wp-content\/uploads\/2024\/02\/Premio-de-Cine-Alfonso-Decimo-20243-200x113.jpeg 200w, https:\/\/mula.es\/web\/wp-content\/uploads\/2024\/02\/Premio-de-Cine-Alfonso-Decimo-20243-300x169.jpeg 300w, https:\/\/mula.es\/web\/wp-content\/uploads\/2024\/02\/Premio-de-Cine-Alfonso-Decimo-20243-400x225.jpeg 400w, https:\/\/mula.es\/web\/wp-content\/uploads\/2024\/02\/Premio-de-Cine-Alfonso-Decimo-20243-600x338.jpeg 600w, https:\/\/mula.es\/web\/wp-content\/uploads\/2024\/02\/Premio-de-Cine-Alfonso-Decimo-20243-768x432.jpeg 768w, https:\/\/mula.es\/web\/wp-content\/uploads\/2024\/02\/Premio-de-Cine-Alfonso-Decimo-20243-800x450.jpeg 800w, https:\/\/mula.es\/web\/wp-content\/uploads\/2024\/02\/Premio-de-Cine-Alfonso-Decimo-20243-1024x576.jpeg 1024w, https:\/\/mula.es\/web\/wp-content\/uploads\/2024\/02\/Premio-de-Cine-Alfonso-Decimo-20243-1200x675.jpeg 1200w, https:\/\/mula.es\/web\/wp-content\/uploads\/2024\/02\/Premio-de-Cine-Alfonso-Decimo-20243-1536x864.jpeg 1536w\" sizes=\"(max-width: 300px) 100vw, 300px\" data-attachment-id=\"52569\" data-permalink=\"https:\/\/mula.es\/web\/cultura-el-ayuntamiento-de-mula-entrega-el-premio-alfonso-decimo-de-cine-a-alfonso-albacete-por-la-novia-de-america\/premio-de-cine-alfonso-decimo-20243\/\" data-orig-file=\"https:\/\/mula.es\/web\/wp-content\/uploads\/2024\/02\/Premio-de-Cine-Alfonso-Decimo-20243-scaled.jpeg\" data-orig-size=\"2560,1440\" data-comments-opened=\"0\" data-image-meta=\"{&quot;aperture&quot;:&quot;0&quot;,&quot;credit&quot;:&quot;&quot;,&quot;camera&quot;:&quot;&quot;,&quot;caption&quot;:&quot;&quot;,&quot;created_timestamp&quot;:&quot;0&quot;,&quot;copyright&quot;:&quot;&quot;,&quot;focal_length&quot;:&quot;0&quot;,&quot;iso&quot;:&quot;0&quot;,&quot;shutter_speed&quot;:&quot;0&quot;,&quot;title&quot;:&quot;&quot;,&quot;orientation&quot;:&quot;0&quot;}\" data-image-title=\"Premio de Cine Alfonso D\u00e9cimo 2024(3)\" data-image-description=\"\" data-image-caption=\"\" data-large-file=\"https:\/\/mula.es\/web\/wp-content\/uploads\/2024\/02\/Premio-de-Cine-Alfonso-Decimo-20243-1024x576.jpeg\" \/><\/a>\n\t\t\t<\/dt><\/dl><dl class='gallery-item'>\n\t\t\t<dt class='gallery-icon landscape'>\n\t\t\t\t<a data-rel=\"iLightbox[postimages]\" data-title=\"Premio de Cine Alfonso D\u00e9cimo 2024(2)\" data-caption=\"\" href='https:\/\/mula.es\/web\/cultura-el-ayuntamiento-de-mula-entrega-el-premio-alfonso-decimo-de-cine-a-alfonso-albacete-por-la-novia-de-america\/premio-de-cine-alfonso-decimo-20242\/'><img decoding=\"async\" width=\"300\" height=\"245\" src=\"https:\/\/mula.es\/web\/wp-content\/uploads\/2024\/02\/Premio-de-Cine-Alfonso-Decimo-20242-300x245.jpeg\" class=\"attachment-medium size-medium\" alt=\"\" srcset=\"https:\/\/mula.es\/web\/wp-content\/uploads\/2024\/02\/Premio-de-Cine-Alfonso-Decimo-20242-200x163.jpeg 200w, https:\/\/mula.es\/web\/wp-content\/uploads\/2024\/02\/Premio-de-Cine-Alfonso-Decimo-20242-300x245.jpeg 300w, https:\/\/mula.es\/web\/wp-content\/uploads\/2024\/02\/Premio-de-Cine-Alfonso-Decimo-20242-400x326.jpeg 400w, https:\/\/mula.es\/web\/wp-content\/uploads\/2024\/02\/Premio-de-Cine-Alfonso-Decimo-20242-600x489.jpeg 600w, https:\/\/mula.es\/web\/wp-content\/uploads\/2024\/02\/Premio-de-Cine-Alfonso-Decimo-20242-768x626.jpeg 768w, https:\/\/mula.es\/web\/wp-content\/uploads\/2024\/02\/Premio-de-Cine-Alfonso-Decimo-20242-800x653.jpeg 800w, https:\/\/mula.es\/web\/wp-content\/uploads\/2024\/02\/Premio-de-Cine-Alfonso-Decimo-20242-1024x835.jpeg 1024w, https:\/\/mula.es\/web\/wp-content\/uploads\/2024\/02\/Premio-de-Cine-Alfonso-Decimo-20242.jpeg 1080w\" sizes=\"(max-width: 300px) 100vw, 300px\" data-attachment-id=\"52568\" data-permalink=\"https:\/\/mula.es\/web\/cultura-el-ayuntamiento-de-mula-entrega-el-premio-alfonso-decimo-de-cine-a-alfonso-albacete-por-la-novia-de-america\/premio-de-cine-alfonso-decimo-20242\/\" data-orig-file=\"https:\/\/mula.es\/web\/wp-content\/uploads\/2024\/02\/Premio-de-Cine-Alfonso-Decimo-20242.jpeg\" data-orig-size=\"1080,881\" data-comments-opened=\"0\" data-image-meta=\"{&quot;aperture&quot;:&quot;0&quot;,&quot;credit&quot;:&quot;&quot;,&quot;camera&quot;:&quot;&quot;,&quot;caption&quot;:&quot;&quot;,&quot;created_timestamp&quot;:&quot;0&quot;,&quot;copyright&quot;:&quot;&quot;,&quot;focal_length&quot;:&quot;0&quot;,&quot;iso&quot;:&quot;0&quot;,&quot;shutter_speed&quot;:&quot;0&quot;,&quot;title&quot;:&quot;&quot;,&quot;orientation&quot;:&quot;0&quot;}\" data-image-title=\"Premio de Cine Alfonso D\u00e9cimo 2024(2)\" data-image-description=\"\" data-image-caption=\"\" data-large-file=\"https:\/\/mula.es\/web\/wp-content\/uploads\/2024\/02\/Premio-de-Cine-Alfonso-Decimo-20242-1024x835.jpeg\" \/><\/a>\n\t\t\t<\/dt><\/dl><br style=\"clear: both\" \/>\n\t\t<\/div>\n\n<p>&nbsp;<\/p>\n","protected":false},"excerpt":{"rendered":"<p>El concejal de Cultura del Ayuntamiento de Mula, Diego Boluda, ha entregado el Premio de Cine en la gala de la tercera edici\u00f3n de los Premios Alfonso D\u00e9cimo de la Cultura de la Regi\u00f3n de Murcia. Al evento, tambi\u00e9n han acudido los concejales Vicente L\u00f3pez, Ana Bel\u00e9n P\u00e9rez y Toni Ruiz. Por tercer a\u00f1o consecutivo,  [&#8230;]<\/p>\n","protected":false},"author":12,"featured_media":52566,"comment_status":"closed","ping_status":"closed","sticky":false,"template":"","format":"standard","meta":{"jetpack_post_was_ever_published":false,"_jetpack_newsletter_access":"","_jetpack_dont_email_post_to_subs":false,"_jetpack_newsletter_tier_id":0,"_jetpack_memberships_contains_paywalled_content":false,"_jetpack_memberships_contains_paid_content":false,"footnotes":"","jetpack_publicize_message":"","jetpack_publicize_feature_enabled":true,"jetpack_social_post_already_shared":false,"jetpack_social_options":{"image_generator_settings":{"template":"highway","default_image_id":0,"font":"","enabled":false},"version":2}},"categories":[97],"tags":[],"class_list":["post-52506","post","type-post","status-publish","format-standard","has-post-thumbnail","hentry","category-cultura"],"yoast_head":"<!-- This site is optimized with the Yoast SEO plugin v27.5 - https:\/\/yoast.com\/product\/yoast-seo-wordpress\/ -->\n<title>CULTURA| El Ayuntamiento de Mula entrega el Premio Alfonso D\u00e9cimo de Cine a Alfonso Albacete por &#039;La Novia de Am\u00e9rica&#039; - Ayuntamiento de Mula<\/title>\n<meta name=\"robots\" content=\"index, follow, max-snippet:-1, max-image-preview:large, max-video-preview:-1\" \/>\n<link rel=\"canonical\" href=\"https:\/\/mula.es\/web\/cultura-el-ayuntamiento-de-mula-entrega-el-premio-alfonso-decimo-de-cine-a-alfonso-albacete-por-la-novia-de-america\/\" \/>\n<meta property=\"og:locale\" content=\"es_ES\" \/>\n<meta property=\"og:type\" content=\"article\" \/>\n<meta property=\"og:title\" content=\"CULTURA| El Ayuntamiento de Mula entrega el Premio Alfonso D\u00e9cimo de Cine a Alfonso Albacete por &#039;La Novia de Am\u00e9rica&#039; - Ayuntamiento de Mula\" \/>\n<meta property=\"og:description\" content=\"El concejal de Cultura del Ayuntamiento de Mula, Diego Boluda, ha entregado el Premio de Cine en la gala de la tercera edici\u00f3n de los Premios Alfonso D\u00e9cimo de la Cultura de la Regi\u00f3n de Murcia. Al evento, tambi\u00e9n han acudido los concejales Vicente L\u00f3pez, Ana Bel\u00e9n P\u00e9rez y Toni Ruiz. Por tercer a\u00f1o consecutivo, [...]\" \/>\n<meta property=\"og:url\" content=\"https:\/\/mula.es\/web\/cultura-el-ayuntamiento-de-mula-entrega-el-premio-alfonso-decimo-de-cine-a-alfonso-albacete-por-la-novia-de-america\/\" \/>\n<meta property=\"og:site_name\" content=\"Ayuntamiento de Mula\" \/>\n<meta property=\"article:published_time\" content=\"2024-02-19T08:35:54+00:00\" \/>\n<meta property=\"og:image\" content=\"https:\/\/mula.es\/web\/wp-content\/uploads\/2024\/02\/Premio-de-Cine-Alfonso-Decimo-2024.jpg\" \/>\n\t<meta property=\"og:image:width\" content=\"1370\" \/>\n\t<meta property=\"og:image:height\" content=\"917\" \/>\n\t<meta property=\"og:image:type\" content=\"image\/jpeg\" \/>\n<meta name=\"author\" content=\"Mar\u00eda Bel\u00e9n Sumba Bravo\" \/>\n<meta name=\"twitter:card\" content=\"summary_large_image\" \/>\n<meta name=\"twitter:creator\" content=\"@AyuntamientMula\" \/>\n<meta name=\"twitter:site\" content=\"@AyuntamientMula\" \/>\n<meta name=\"twitter:label1\" content=\"Escrito por\" \/>\n\t<meta name=\"twitter:data1\" content=\"Mar\u00eda Bel\u00e9n Sumba Bravo\" \/>\n\t<meta name=\"twitter:label2\" content=\"Tiempo de lectura\" \/>\n\t<meta name=\"twitter:data2\" content=\"2 minutos\" \/>\n<script type=\"application\/ld+json\" class=\"yoast-schema-graph\">{\"@context\":\"https:\\\/\\\/schema.org\",\"@graph\":[{\"@type\":\"Article\",\"@id\":\"https:\\\/\\\/mula.es\\\/web\\\/cultura-el-ayuntamiento-de-mula-entrega-el-premio-alfonso-decimo-de-cine-a-alfonso-albacete-por-la-novia-de-america\\\/#article\",\"isPartOf\":{\"@id\":\"https:\\\/\\\/mula.es\\\/web\\\/cultura-el-ayuntamiento-de-mula-entrega-el-premio-alfonso-decimo-de-cine-a-alfonso-albacete-por-la-novia-de-america\\\/\"},\"author\":{\"name\":\"Mar\u00eda Bel\u00e9n Sumba Bravo\",\"@id\":\"https:\\\/\\\/mula.es\\\/web\\\/#\\\/schema\\\/person\\\/4cc33fc69cd667605e1b6247815ac0c0\"},\"headline\":\"CULTURA| El Ayuntamiento de Mula entrega el Premio Alfonso D\u00e9cimo de Cine a Alfonso Albacete por &#8216;La Novia de Am\u00e9rica&#8217;\",\"datePublished\":\"2024-02-19T08:35:54+00:00\",\"mainEntityOfPage\":{\"@id\":\"https:\\\/\\\/mula.es\\\/web\\\/cultura-el-ayuntamiento-de-mula-entrega-el-premio-alfonso-decimo-de-cine-a-alfonso-albacete-por-la-novia-de-america\\\/\"},\"wordCount\":273,\"image\":{\"@id\":\"https:\\\/\\\/mula.es\\\/web\\\/cultura-el-ayuntamiento-de-mula-entrega-el-premio-alfonso-decimo-de-cine-a-alfonso-albacete-por-la-novia-de-america\\\/#primaryimage\"},\"thumbnailUrl\":\"https:\\\/\\\/mula.es\\\/web\\\/wp-content\\\/uploads\\\/2024\\\/02\\\/Premio-de-Cine-Alfonso-Decimo-2024.jpg\",\"articleSection\":[\"cultura\"],\"inLanguage\":\"es\"},{\"@type\":\"WebPage\",\"@id\":\"https:\\\/\\\/mula.es\\\/web\\\/cultura-el-ayuntamiento-de-mula-entrega-el-premio-alfonso-decimo-de-cine-a-alfonso-albacete-por-la-novia-de-america\\\/\",\"url\":\"https:\\\/\\\/mula.es\\\/web\\\/cultura-el-ayuntamiento-de-mula-entrega-el-premio-alfonso-decimo-de-cine-a-alfonso-albacete-por-la-novia-de-america\\\/\",\"name\":\"CULTURA| El Ayuntamiento de Mula entrega el Premio Alfonso D\u00e9cimo de Cine a Alfonso Albacete por 'La Novia de Am\u00e9rica' - Ayuntamiento de Mula\",\"isPartOf\":{\"@id\":\"https:\\\/\\\/mula.es\\\/web\\\/#website\"},\"primaryImageOfPage\":{\"@id\":\"https:\\\/\\\/mula.es\\\/web\\\/cultura-el-ayuntamiento-de-mula-entrega-el-premio-alfonso-decimo-de-cine-a-alfonso-albacete-por-la-novia-de-america\\\/#primaryimage\"},\"image\":{\"@id\":\"https:\\\/\\\/mula.es\\\/web\\\/cultura-el-ayuntamiento-de-mula-entrega-el-premio-alfonso-decimo-de-cine-a-alfonso-albacete-por-la-novia-de-america\\\/#primaryimage\"},\"thumbnailUrl\":\"https:\\\/\\\/mula.es\\\/web\\\/wp-content\\\/uploads\\\/2024\\\/02\\\/Premio-de-Cine-Alfonso-Decimo-2024.jpg\",\"datePublished\":\"2024-02-19T08:35:54+00:00\",\"author\":{\"@id\":\"https:\\\/\\\/mula.es\\\/web\\\/#\\\/schema\\\/person\\\/4cc33fc69cd667605e1b6247815ac0c0\"},\"breadcrumb\":{\"@id\":\"https:\\\/\\\/mula.es\\\/web\\\/cultura-el-ayuntamiento-de-mula-entrega-el-premio-alfonso-decimo-de-cine-a-alfonso-albacete-por-la-novia-de-america\\\/#breadcrumb\"},\"inLanguage\":\"es\",\"potentialAction\":[{\"@type\":\"ReadAction\",\"target\":[\"https:\\\/\\\/mula.es\\\/web\\\/cultura-el-ayuntamiento-de-mula-entrega-el-premio-alfonso-decimo-de-cine-a-alfonso-albacete-por-la-novia-de-america\\\/\"]}]},{\"@type\":\"ImageObject\",\"inLanguage\":\"es\",\"@id\":\"https:\\\/\\\/mula.es\\\/web\\\/cultura-el-ayuntamiento-de-mula-entrega-el-premio-alfonso-decimo-de-cine-a-alfonso-albacete-por-la-novia-de-america\\\/#primaryimage\",\"url\":\"https:\\\/\\\/mula.es\\\/web\\\/wp-content\\\/uploads\\\/2024\\\/02\\\/Premio-de-Cine-Alfonso-Decimo-2024.jpg\",\"contentUrl\":\"https:\\\/\\\/mula.es\\\/web\\\/wp-content\\\/uploads\\\/2024\\\/02\\\/Premio-de-Cine-Alfonso-Decimo-2024.jpg\",\"width\":1370,\"height\":917},{\"@type\":\"BreadcrumbList\",\"@id\":\"https:\\\/\\\/mula.es\\\/web\\\/cultura-el-ayuntamiento-de-mula-entrega-el-premio-alfonso-decimo-de-cine-a-alfonso-albacete-por-la-novia-de-america\\\/#breadcrumb\",\"itemListElement\":[{\"@type\":\"ListItem\",\"position\":1,\"name\":\"Portada\",\"item\":\"https:\\\/\\\/mula.es\\\/web\\\/\"},{\"@type\":\"ListItem\",\"position\":2,\"name\":\"CULTURA| El Ayuntamiento de Mula entrega el Premio Alfonso D\u00e9cimo de Cine a Alfonso Albacete por &#8216;La Novia de Am\u00e9rica&#8217;\"}]},{\"@type\":\"WebSite\",\"@id\":\"https:\\\/\\\/mula.es\\\/web\\\/#website\",\"url\":\"https:\\\/\\\/mula.es\\\/web\\\/\",\"name\":\"Ayuntamiento de Mula\",\"description\":\"P\u00e1gina web del Ayuntamiento de Mula (Regi\u00f3n de Murcia)\",\"potentialAction\":[{\"@type\":\"SearchAction\",\"target\":{\"@type\":\"EntryPoint\",\"urlTemplate\":\"https:\\\/\\\/mula.es\\\/web\\\/?s={search_term_string}\"},\"query-input\":{\"@type\":\"PropertyValueSpecification\",\"valueRequired\":true,\"valueName\":\"search_term_string\"}}],\"inLanguage\":\"es\"},{\"@type\":\"Person\",\"@id\":\"https:\\\/\\\/mula.es\\\/web\\\/#\\\/schema\\\/person\\\/4cc33fc69cd667605e1b6247815ac0c0\",\"name\":\"Mar\u00eda Bel\u00e9n Sumba Bravo\",\"image\":{\"@type\":\"ImageObject\",\"inLanguage\":\"es\",\"@id\":\"https:\\\/\\\/secure.gravatar.com\\\/avatar\\\/8f65af12a8d72e866f97bba50325bdf89a5362533b6f2c9db8c88130883986b1?s=96&d=mm&r=g\",\"url\":\"https:\\\/\\\/secure.gravatar.com\\\/avatar\\\/8f65af12a8d72e866f97bba50325bdf89a5362533b6f2c9db8c88130883986b1?s=96&d=mm&r=g\",\"contentUrl\":\"https:\\\/\\\/secure.gravatar.com\\\/avatar\\\/8f65af12a8d72e866f97bba50325bdf89a5362533b6f2c9db8c88130883986b1?s=96&d=mm&r=g\",\"caption\":\"Mar\u00eda Bel\u00e9n Sumba Bravo\"},\"url\":\"https:\\\/\\\/mula.es\\\/web\\\/author\\\/mbsumba\\\/\"}]}<\/script>\n<!-- \/ Yoast SEO plugin. -->","yoast_head_json":{"title":"CULTURA| El Ayuntamiento de Mula entrega el Premio Alfonso D\u00e9cimo de Cine a Alfonso Albacete por 'La Novia de Am\u00e9rica' - Ayuntamiento de Mula","robots":{"index":"index","follow":"follow","max-snippet":"max-snippet:-1","max-image-preview":"max-image-preview:large","max-video-preview":"max-video-preview:-1"},"canonical":"https:\/\/mula.es\/web\/cultura-el-ayuntamiento-de-mula-entrega-el-premio-alfonso-decimo-de-cine-a-alfonso-albacete-por-la-novia-de-america\/","og_locale":"es_ES","og_type":"article","og_title":"CULTURA| El Ayuntamiento de Mula entrega el Premio Alfonso D\u00e9cimo de Cine a Alfonso Albacete por 'La Novia de Am\u00e9rica' - Ayuntamiento de Mula","og_description":"El concejal de Cultura del Ayuntamiento de Mula, Diego Boluda, ha entregado el Premio de Cine en la gala de la tercera edici\u00f3n de los Premios Alfonso D\u00e9cimo de la Cultura de la Regi\u00f3n de Murcia. Al evento, tambi\u00e9n han acudido los concejales Vicente L\u00f3pez, Ana Bel\u00e9n P\u00e9rez y Toni Ruiz. Por tercer a\u00f1o consecutivo, [...]","og_url":"https:\/\/mula.es\/web\/cultura-el-ayuntamiento-de-mula-entrega-el-premio-alfonso-decimo-de-cine-a-alfonso-albacete-por-la-novia-de-america\/","og_site_name":"Ayuntamiento de Mula","article_published_time":"2024-02-19T08:35:54+00:00","og_image":[{"width":1370,"height":917,"url":"https:\/\/mula.es\/web\/wp-content\/uploads\/2024\/02\/Premio-de-Cine-Alfonso-Decimo-2024.jpg","type":"image\/jpeg"}],"author":"Mar\u00eda Bel\u00e9n Sumba Bravo","twitter_card":"summary_large_image","twitter_creator":"@AyuntamientMula","twitter_site":"@AyuntamientMula","twitter_misc":{"Escrito por":"Mar\u00eda Bel\u00e9n Sumba Bravo","Tiempo de lectura":"2 minutos"},"schema":{"@context":"https:\/\/schema.org","@graph":[{"@type":"Article","@id":"https:\/\/mula.es\/web\/cultura-el-ayuntamiento-de-mula-entrega-el-premio-alfonso-decimo-de-cine-a-alfonso-albacete-por-la-novia-de-america\/#article","isPartOf":{"@id":"https:\/\/mula.es\/web\/cultura-el-ayuntamiento-de-mula-entrega-el-premio-alfonso-decimo-de-cine-a-alfonso-albacete-por-la-novia-de-america\/"},"author":{"name":"Mar\u00eda Bel\u00e9n Sumba Bravo","@id":"https:\/\/mula.es\/web\/#\/schema\/person\/4cc33fc69cd667605e1b6247815ac0c0"},"headline":"CULTURA| El Ayuntamiento de Mula entrega el Premio Alfonso D\u00e9cimo de Cine a Alfonso Albacete por &#8216;La Novia de Am\u00e9rica&#8217;","datePublished":"2024-02-19T08:35:54+00:00","mainEntityOfPage":{"@id":"https:\/\/mula.es\/web\/cultura-el-ayuntamiento-de-mula-entrega-el-premio-alfonso-decimo-de-cine-a-alfonso-albacete-por-la-novia-de-america\/"},"wordCount":273,"image":{"@id":"https:\/\/mula.es\/web\/cultura-el-ayuntamiento-de-mula-entrega-el-premio-alfonso-decimo-de-cine-a-alfonso-albacete-por-la-novia-de-america\/#primaryimage"},"thumbnailUrl":"https:\/\/mula.es\/web\/wp-content\/uploads\/2024\/02\/Premio-de-Cine-Alfonso-Decimo-2024.jpg","articleSection":["cultura"],"inLanguage":"es"},{"@type":"WebPage","@id":"https:\/\/mula.es\/web\/cultura-el-ayuntamiento-de-mula-entrega-el-premio-alfonso-decimo-de-cine-a-alfonso-albacete-por-la-novia-de-america\/","url":"https:\/\/mula.es\/web\/cultura-el-ayuntamiento-de-mula-entrega-el-premio-alfonso-decimo-de-cine-a-alfonso-albacete-por-la-novia-de-america\/","name":"CULTURA| El Ayuntamiento de Mula entrega el Premio Alfonso D\u00e9cimo de Cine a Alfonso Albacete por 'La Novia de Am\u00e9rica' - Ayuntamiento de Mula","isPartOf":{"@id":"https:\/\/mula.es\/web\/#website"},"primaryImageOfPage":{"@id":"https:\/\/mula.es\/web\/cultura-el-ayuntamiento-de-mula-entrega-el-premio-alfonso-decimo-de-cine-a-alfonso-albacete-por-la-novia-de-america\/#primaryimage"},"image":{"@id":"https:\/\/mula.es\/web\/cultura-el-ayuntamiento-de-mula-entrega-el-premio-alfonso-decimo-de-cine-a-alfonso-albacete-por-la-novia-de-america\/#primaryimage"},"thumbnailUrl":"https:\/\/mula.es\/web\/wp-content\/uploads\/2024\/02\/Premio-de-Cine-Alfonso-Decimo-2024.jpg","datePublished":"2024-02-19T08:35:54+00:00","author":{"@id":"https:\/\/mula.es\/web\/#\/schema\/person\/4cc33fc69cd667605e1b6247815ac0c0"},"breadcrumb":{"@id":"https:\/\/mula.es\/web\/cultura-el-ayuntamiento-de-mula-entrega-el-premio-alfonso-decimo-de-cine-a-alfonso-albacete-por-la-novia-de-america\/#breadcrumb"},"inLanguage":"es","potentialAction":[{"@type":"ReadAction","target":["https:\/\/mula.es\/web\/cultura-el-ayuntamiento-de-mula-entrega-el-premio-alfonso-decimo-de-cine-a-alfonso-albacete-por-la-novia-de-america\/"]}]},{"@type":"ImageObject","inLanguage":"es","@id":"https:\/\/mula.es\/web\/cultura-el-ayuntamiento-de-mula-entrega-el-premio-alfonso-decimo-de-cine-a-alfonso-albacete-por-la-novia-de-america\/#primaryimage","url":"https:\/\/mula.es\/web\/wp-content\/uploads\/2024\/02\/Premio-de-Cine-Alfonso-Decimo-2024.jpg","contentUrl":"https:\/\/mula.es\/web\/wp-content\/uploads\/2024\/02\/Premio-de-Cine-Alfonso-Decimo-2024.jpg","width":1370,"height":917},{"@type":"BreadcrumbList","@id":"https:\/\/mula.es\/web\/cultura-el-ayuntamiento-de-mula-entrega-el-premio-alfonso-decimo-de-cine-a-alfonso-albacete-por-la-novia-de-america\/#breadcrumb","itemListElement":[{"@type":"ListItem","position":1,"name":"Portada","item":"https:\/\/mula.es\/web\/"},{"@type":"ListItem","position":2,"name":"CULTURA| El Ayuntamiento de Mula entrega el Premio Alfonso D\u00e9cimo de Cine a Alfonso Albacete por &#8216;La Novia de Am\u00e9rica&#8217;"}]},{"@type":"WebSite","@id":"https:\/\/mula.es\/web\/#website","url":"https:\/\/mula.es\/web\/","name":"Ayuntamiento de Mula","description":"P\u00e1gina web del Ayuntamiento de Mula (Regi\u00f3n de Murcia)","potentialAction":[{"@type":"SearchAction","target":{"@type":"EntryPoint","urlTemplate":"https:\/\/mula.es\/web\/?s={search_term_string}"},"query-input":{"@type":"PropertyValueSpecification","valueRequired":true,"valueName":"search_term_string"}}],"inLanguage":"es"},{"@type":"Person","@id":"https:\/\/mula.es\/web\/#\/schema\/person\/4cc33fc69cd667605e1b6247815ac0c0","name":"Mar\u00eda Bel\u00e9n Sumba Bravo","image":{"@type":"ImageObject","inLanguage":"es","@id":"https:\/\/secure.gravatar.com\/avatar\/8f65af12a8d72e866f97bba50325bdf89a5362533b6f2c9db8c88130883986b1?s=96&d=mm&r=g","url":"https:\/\/secure.gravatar.com\/avatar\/8f65af12a8d72e866f97bba50325bdf89a5362533b6f2c9db8c88130883986b1?s=96&d=mm&r=g","contentUrl":"https:\/\/secure.gravatar.com\/avatar\/8f65af12a8d72e866f97bba50325bdf89a5362533b6f2c9db8c88130883986b1?s=96&d=mm&r=g","caption":"Mar\u00eda Bel\u00e9n Sumba Bravo"},"url":"https:\/\/mula.es\/web\/author\/mbsumba\/"}]}},"jetpack_publicize_connections":[],"jetpack_featured_media_url":"https:\/\/mula.es\/web\/wp-content\/uploads\/2024\/02\/Premio-de-Cine-Alfonso-Decimo-2024.jpg","jetpack_sharing_enabled":true,"jetpack_shortlink":"https:\/\/wp.me\/pa9DMY-dES","jetpack-related-posts":[],"_links":{"self":[{"href":"https:\/\/mula.es\/web\/wp-json\/wp\/v2\/posts\/52506","targetHints":{"allow":["GET"]}}],"collection":[{"href":"https:\/\/mula.es\/web\/wp-json\/wp\/v2\/posts"}],"about":[{"href":"https:\/\/mula.es\/web\/wp-json\/wp\/v2\/types\/post"}],"author":[{"embeddable":true,"href":"https:\/\/mula.es\/web\/wp-json\/wp\/v2\/users\/12"}],"replies":[{"embeddable":true,"href":"https:\/\/mula.es\/web\/wp-json\/wp\/v2\/comments?post=52506"}],"version-history":[{"count":3,"href":"https:\/\/mula.es\/web\/wp-json\/wp\/v2\/posts\/52506\/revisions"}],"predecessor-version":[{"id":52570,"href":"https:\/\/mula.es\/web\/wp-json\/wp\/v2\/posts\/52506\/revisions\/52570"}],"wp:featuredmedia":[{"embeddable":true,"href":"https:\/\/mula.es\/web\/wp-json\/wp\/v2\/media\/52566"}],"wp:attachment":[{"href":"https:\/\/mula.es\/web\/wp-json\/wp\/v2\/media?parent=52506"}],"wp:term":[{"taxonomy":"category","embeddable":true,"href":"https:\/\/mula.es\/web\/wp-json\/wp\/v2\/categories?post=52506"},{"taxonomy":"post_tag","embeddable":true,"href":"https:\/\/mula.es\/web\/wp-json\/wp\/v2\/tags?post=52506"}],"curies":[{"name":"wp","href":"https:\/\/api.w.org\/{rel}","templated":true}]}}