{"id":52576,"date":"2024-02-20T10:07:44","date_gmt":"2024-02-20T09:07:44","guid":{"rendered":"https:\/\/mula.es\/web\/?p=52576"},"modified":"2024-02-20T10:07:44","modified_gmt":"2024-02-20T09:07:44","slug":"urbanismo-el-ayuntamiento-de-mula-convocara-nuevas-subvenciones-para-rehabilitar-viviendas","status":"publish","type":"post","link":"https:\/\/mula.es\/web\/urbanismo-el-ayuntamiento-de-mula-convocara-nuevas-subvenciones-para-rehabilitar-viviendas\/","title":{"rendered":"URBANISMO| El Ayuntamiento de Mula convocar\u00e1 nuevas subvenciones para rehabilitar viviendas"},"content":{"rendered":"<p style=\"text-align: justify;\">El alcalde de Mula, Juan Jes\u00fas Moreno, y el concejal de Urbanismo, Paco Llamazares, han mantenido una reuni\u00f3n de trabajo con la directora general de Vivienda de la Regi\u00f3n de Murcia, Mar\u00eda Dolores Gil, donde han tratado temas relacionados con futuras subvenciones para rehabilitar viviendas en Mula y pedan\u00edas.<\/p>\n<p style=\"text-align: justify;\">Durante el encuentro, al que tambi\u00e9n han acudido t\u00e9cnicos de las \u00e1reas de Urbanismo y Vivienda, se ha hablado sobre el Plan Especial de Rehabilitaci\u00f3n que gestiona el Ayuntamiento de Mula a trav\u00e9s del \u00c1rea de Rehabilitaci\u00f3n y Regeneraci\u00f3n Urbana (ARRUR), mediante el que se realizar\u00e1n 22 actuaciones de rehabilitaci\u00f3n en viviendas del municipio. Asimismo, la reuni\u00f3n ha servido para impulsar la gesti\u00f3n de las pr\u00f3ximas ayudas para rehabilitar viviendas en Mula y pedan\u00edas, ya que en unas semanas se abrir\u00e1 un nuevo plazo para solicitar subvenciones con\u00a0 este prop\u00f3sito. La convocatoria ser\u00e1 publicada en el Bolet\u00edn Oficial de la Regi\u00f3n de Murcia (BORM) y el consistorio establecer\u00e1 un punto de informaci\u00f3n para asesorar a los ciudadanos interesados.<\/p>\n","protected":false},"excerpt":{"rendered":"<p>El alcalde de Mula, Juan Jes\u00fas Moreno, y el concejal de Urbanismo, Paco Llamazares, han mantenido una reuni\u00f3n de trabajo con la directora general de Vivienda de la Regi\u00f3n de Murcia, Mar\u00eda Dolores Gil, donde han tratado temas relacionados con futuras subvenciones para rehabilitar viviendas en Mula y pedan\u00edas. Durante el encuentro, al que tambi\u00e9n  [&#8230;]<\/p>\n","protected":false},"author":12,"featured_media":52585,"comment_status":"closed","ping_status":"closed","sticky":false,"template":"","format":"standard","meta":{"jetpack_post_was_ever_published":false,"_jetpack_newsletter_access":"","_jetpack_dont_email_post_to_subs":false,"_jetpack_newsletter_tier_id":0,"_jetpack_memberships_contains_paywalled_content":false,"_jetpack_memberships_contains_paid_content":false,"footnotes":"","jetpack_publicize_message":"","jetpack_publicize_feature_enabled":true,"jetpack_social_post_already_shared":false,"jetpack_social_options":{"image_generator_settings":{"template":"highway","default_image_id":0,"font":"","enabled":false},"version":2}},"categories":[362],"tags":[],"class_list":["post-52576","post","type-post","status-publish","format-standard","has-post-thumbnail","hentry","category-urbanismo"],"yoast_head":"<!-- This site is optimized with the Yoast SEO plugin v27.5 - https:\/\/yoast.com\/product\/yoast-seo-wordpress\/ -->\n<title>URBANISMO| El Ayuntamiento de Mula convocar\u00e1 nuevas subvenciones para rehabilitar viviendas - Ayuntamiento de Mula<\/title>\n<meta name=\"robots\" content=\"index, follow, max-snippet:-1, max-image-preview:large, max-video-preview:-1\" \/>\n<link rel=\"canonical\" href=\"https:\/\/mula.es\/web\/urbanismo-el-ayuntamiento-de-mula-convocara-nuevas-subvenciones-para-rehabilitar-viviendas\/\" \/>\n<meta property=\"og:locale\" content=\"es_ES\" \/>\n<meta property=\"og:type\" content=\"article\" \/>\n<meta property=\"og:title\" content=\"URBANISMO| El Ayuntamiento de Mula convocar\u00e1 nuevas subvenciones para rehabilitar viviendas - Ayuntamiento de Mula\" \/>\n<meta property=\"og:description\" content=\"El alcalde de Mula, Juan Jes\u00fas Moreno, y el concejal de Urbanismo, Paco Llamazares, han mantenido una reuni\u00f3n de trabajo con la directora general de Vivienda de la Regi\u00f3n de Murcia, Mar\u00eda Dolores Gil, donde han tratado temas relacionados con futuras subvenciones para rehabilitar viviendas en Mula y pedan\u00edas. Durante el encuentro, al que tambi\u00e9n [...]\" \/>\n<meta property=\"og:url\" content=\"https:\/\/mula.es\/web\/urbanismo-el-ayuntamiento-de-mula-convocara-nuevas-subvenciones-para-rehabilitar-viviendas\/\" \/>\n<meta property=\"og:site_name\" content=\"Ayuntamiento de Mula\" \/>\n<meta property=\"article:published_time\" content=\"2024-02-20T09:07:44+00:00\" \/>\n<meta property=\"og:image\" content=\"https:\/\/mula.es\/web\/wp-content\/uploads\/2024\/02\/Reunion-con-la-directora-general-de-Vivienda-de-la-Region-de-Murcia-Ayuntamiento-de-Mula.jpeg\" \/>\n\t<meta property=\"og:image:width\" content=\"1600\" \/>\n\t<meta property=\"og:image:height\" content=\"1200\" \/>\n\t<meta property=\"og:image:type\" content=\"image\/jpeg\" \/>\n<meta name=\"author\" content=\"Mar\u00eda Bel\u00e9n Sumba Bravo\" \/>\n<meta name=\"twitter:card\" content=\"summary_large_image\" \/>\n<meta name=\"twitter:creator\" content=\"@AyuntamientMula\" \/>\n<meta name=\"twitter:site\" content=\"@AyuntamientMula\" \/>\n<meta name=\"twitter:label1\" content=\"Escrito por\" \/>\n\t<meta name=\"twitter:data1\" content=\"Mar\u00eda Bel\u00e9n Sumba Bravo\" \/>\n\t<meta name=\"twitter:label2\" content=\"Tiempo de lectura\" \/>\n\t<meta name=\"twitter:data2\" content=\"1 minuto\" \/>\n<script type=\"application\/ld+json\" class=\"yoast-schema-graph\">{\"@context\":\"https:\\\/\\\/schema.org\",\"@graph\":[{\"@type\":\"Article\",\"@id\":\"https:\\\/\\\/mula.es\\\/web\\\/urbanismo-el-ayuntamiento-de-mula-convocara-nuevas-subvenciones-para-rehabilitar-viviendas\\\/#article\",\"isPartOf\":{\"@id\":\"https:\\\/\\\/mula.es\\\/web\\\/urbanismo-el-ayuntamiento-de-mula-convocara-nuevas-subvenciones-para-rehabilitar-viviendas\\\/\"},\"author\":{\"name\":\"Mar\u00eda Bel\u00e9n Sumba Bravo\",\"@id\":\"https:\\\/\\\/mula.es\\\/web\\\/#\\\/schema\\\/person\\\/4cc33fc69cd667605e1b6247815ac0c0\"},\"headline\":\"URBANISMO| El Ayuntamiento de Mula convocar\u00e1 nuevas subvenciones para rehabilitar viviendas\",\"datePublished\":\"2024-02-20T09:07:44+00:00\",\"mainEntityOfPage\":{\"@id\":\"https:\\\/\\\/mula.es\\\/web\\\/urbanismo-el-ayuntamiento-de-mula-convocara-nuevas-subvenciones-para-rehabilitar-viviendas\\\/\"},\"wordCount\":198,\"image\":{\"@id\":\"https:\\\/\\\/mula.es\\\/web\\\/urbanismo-el-ayuntamiento-de-mula-convocara-nuevas-subvenciones-para-rehabilitar-viviendas\\\/#primaryimage\"},\"thumbnailUrl\":\"https:\\\/\\\/mula.es\\\/web\\\/wp-content\\\/uploads\\\/2024\\\/02\\\/Reunion-con-la-directora-general-de-Vivienda-de-la-Region-de-Murcia-Ayuntamiento-de-Mula.jpeg\",\"articleSection\":[\"urbanismo\"],\"inLanguage\":\"es\"},{\"@type\":\"WebPage\",\"@id\":\"https:\\\/\\\/mula.es\\\/web\\\/urbanismo-el-ayuntamiento-de-mula-convocara-nuevas-subvenciones-para-rehabilitar-viviendas\\\/\",\"url\":\"https:\\\/\\\/mula.es\\\/web\\\/urbanismo-el-ayuntamiento-de-mula-convocara-nuevas-subvenciones-para-rehabilitar-viviendas\\\/\",\"name\":\"URBANISMO| El Ayuntamiento de Mula convocar\u00e1 nuevas subvenciones para rehabilitar viviendas - Ayuntamiento de Mula\",\"isPartOf\":{\"@id\":\"https:\\\/\\\/mula.es\\\/web\\\/#website\"},\"primaryImageOfPage\":{\"@id\":\"https:\\\/\\\/mula.es\\\/web\\\/urbanismo-el-ayuntamiento-de-mula-convocara-nuevas-subvenciones-para-rehabilitar-viviendas\\\/#primaryimage\"},\"image\":{\"@id\":\"https:\\\/\\\/mula.es\\\/web\\\/urbanismo-el-ayuntamiento-de-mula-convocara-nuevas-subvenciones-para-rehabilitar-viviendas\\\/#primaryimage\"},\"thumbnailUrl\":\"https:\\\/\\\/mula.es\\\/web\\\/wp-content\\\/uploads\\\/2024\\\/02\\\/Reunion-con-la-directora-general-de-Vivienda-de-la-Region-de-Murcia-Ayuntamiento-de-Mula.jpeg\",\"datePublished\":\"2024-02-20T09:07:44+00:00\",\"author\":{\"@id\":\"https:\\\/\\\/mula.es\\\/web\\\/#\\\/schema\\\/person\\\/4cc33fc69cd667605e1b6247815ac0c0\"},\"breadcrumb\":{\"@id\":\"https:\\\/\\\/mula.es\\\/web\\\/urbanismo-el-ayuntamiento-de-mula-convocara-nuevas-subvenciones-para-rehabilitar-viviendas\\\/#breadcrumb\"},\"inLanguage\":\"es\",\"potentialAction\":[{\"@type\":\"ReadAction\",\"target\":[\"https:\\\/\\\/mula.es\\\/web\\\/urbanismo-el-ayuntamiento-de-mula-convocara-nuevas-subvenciones-para-rehabilitar-viviendas\\\/\"]}]},{\"@type\":\"ImageObject\",\"inLanguage\":\"es\",\"@id\":\"https:\\\/\\\/mula.es\\\/web\\\/urbanismo-el-ayuntamiento-de-mula-convocara-nuevas-subvenciones-para-rehabilitar-viviendas\\\/#primaryimage\",\"url\":\"https:\\\/\\\/mula.es\\\/web\\\/wp-content\\\/uploads\\\/2024\\\/02\\\/Reunion-con-la-directora-general-de-Vivienda-de-la-Region-de-Murcia-Ayuntamiento-de-Mula.jpeg\",\"contentUrl\":\"https:\\\/\\\/mula.es\\\/web\\\/wp-content\\\/uploads\\\/2024\\\/02\\\/Reunion-con-la-directora-general-de-Vivienda-de-la-Region-de-Murcia-Ayuntamiento-de-Mula.jpeg\",\"width\":1600,\"height\":1200},{\"@type\":\"BreadcrumbList\",\"@id\":\"https:\\\/\\\/mula.es\\\/web\\\/urbanismo-el-ayuntamiento-de-mula-convocara-nuevas-subvenciones-para-rehabilitar-viviendas\\\/#breadcrumb\",\"itemListElement\":[{\"@type\":\"ListItem\",\"position\":1,\"name\":\"Portada\",\"item\":\"https:\\\/\\\/mula.es\\\/web\\\/\"},{\"@type\":\"ListItem\",\"position\":2,\"name\":\"URBANISMO| El Ayuntamiento de Mula convocar\u00e1 nuevas subvenciones para rehabilitar viviendas\"}]},{\"@type\":\"WebSite\",\"@id\":\"https:\\\/\\\/mula.es\\\/web\\\/#website\",\"url\":\"https:\\\/\\\/mula.es\\\/web\\\/\",\"name\":\"Ayuntamiento de Mula\",\"description\":\"P\u00e1gina web del Ayuntamiento de Mula (Regi\u00f3n de Murcia)\",\"potentialAction\":[{\"@type\":\"SearchAction\",\"target\":{\"@type\":\"EntryPoint\",\"urlTemplate\":\"https:\\\/\\\/mula.es\\\/web\\\/?s={search_term_string}\"},\"query-input\":{\"@type\":\"PropertyValueSpecification\",\"valueRequired\":true,\"valueName\":\"search_term_string\"}}],\"inLanguage\":\"es\"},{\"@type\":\"Person\",\"@id\":\"https:\\\/\\\/mula.es\\\/web\\\/#\\\/schema\\\/person\\\/4cc33fc69cd667605e1b6247815ac0c0\",\"name\":\"Mar\u00eda Bel\u00e9n Sumba Bravo\",\"image\":{\"@type\":\"ImageObject\",\"inLanguage\":\"es\",\"@id\":\"https:\\\/\\\/secure.gravatar.com\\\/avatar\\\/8f65af12a8d72e866f97bba50325bdf89a5362533b6f2c9db8c88130883986b1?s=96&d=mm&r=g\",\"url\":\"https:\\\/\\\/secure.gravatar.com\\\/avatar\\\/8f65af12a8d72e866f97bba50325bdf89a5362533b6f2c9db8c88130883986b1?s=96&d=mm&r=g\",\"contentUrl\":\"https:\\\/\\\/secure.gravatar.com\\\/avatar\\\/8f65af12a8d72e866f97bba50325bdf89a5362533b6f2c9db8c88130883986b1?s=96&d=mm&r=g\",\"caption\":\"Mar\u00eda Bel\u00e9n Sumba Bravo\"},\"url\":\"https:\\\/\\\/mula.es\\\/web\\\/author\\\/mbsumba\\\/\"}]}<\/script>\n<!-- \/ Yoast SEO plugin. -->","yoast_head_json":{"title":"URBANISMO| El Ayuntamiento de Mula convocar\u00e1 nuevas subvenciones para rehabilitar viviendas - Ayuntamiento de Mula","robots":{"index":"index","follow":"follow","max-snippet":"max-snippet:-1","max-image-preview":"max-image-preview:large","max-video-preview":"max-video-preview:-1"},"canonical":"https:\/\/mula.es\/web\/urbanismo-el-ayuntamiento-de-mula-convocara-nuevas-subvenciones-para-rehabilitar-viviendas\/","og_locale":"es_ES","og_type":"article","og_title":"URBANISMO| El Ayuntamiento de Mula convocar\u00e1 nuevas subvenciones para rehabilitar viviendas - Ayuntamiento de Mula","og_description":"El alcalde de Mula, Juan Jes\u00fas Moreno, y el concejal de Urbanismo, Paco Llamazares, han mantenido una reuni\u00f3n de trabajo con la directora general de Vivienda de la Regi\u00f3n de Murcia, Mar\u00eda Dolores Gil, donde han tratado temas relacionados con futuras subvenciones para rehabilitar viviendas en Mula y pedan\u00edas. Durante el encuentro, al que tambi\u00e9n [...]","og_url":"https:\/\/mula.es\/web\/urbanismo-el-ayuntamiento-de-mula-convocara-nuevas-subvenciones-para-rehabilitar-viviendas\/","og_site_name":"Ayuntamiento de Mula","article_published_time":"2024-02-20T09:07:44+00:00","og_image":[{"width":1600,"height":1200,"url":"https:\/\/mula.es\/web\/wp-content\/uploads\/2024\/02\/Reunion-con-la-directora-general-de-Vivienda-de-la-Region-de-Murcia-Ayuntamiento-de-Mula.jpeg","type":"image\/jpeg"}],"author":"Mar\u00eda Bel\u00e9n Sumba Bravo","twitter_card":"summary_large_image","twitter_creator":"@AyuntamientMula","twitter_site":"@AyuntamientMula","twitter_misc":{"Escrito por":"Mar\u00eda Bel\u00e9n Sumba Bravo","Tiempo de lectura":"1 minuto"},"schema":{"@context":"https:\/\/schema.org","@graph":[{"@type":"Article","@id":"https:\/\/mula.es\/web\/urbanismo-el-ayuntamiento-de-mula-convocara-nuevas-subvenciones-para-rehabilitar-viviendas\/#article","isPartOf":{"@id":"https:\/\/mula.es\/web\/urbanismo-el-ayuntamiento-de-mula-convocara-nuevas-subvenciones-para-rehabilitar-viviendas\/"},"author":{"name":"Mar\u00eda Bel\u00e9n Sumba Bravo","@id":"https:\/\/mula.es\/web\/#\/schema\/person\/4cc33fc69cd667605e1b6247815ac0c0"},"headline":"URBANISMO| El Ayuntamiento de Mula convocar\u00e1 nuevas subvenciones para rehabilitar viviendas","datePublished":"2024-02-20T09:07:44+00:00","mainEntityOfPage":{"@id":"https:\/\/mula.es\/web\/urbanismo-el-ayuntamiento-de-mula-convocara-nuevas-subvenciones-para-rehabilitar-viviendas\/"},"wordCount":198,"image":{"@id":"https:\/\/mula.es\/web\/urbanismo-el-ayuntamiento-de-mula-convocara-nuevas-subvenciones-para-rehabilitar-viviendas\/#primaryimage"},"thumbnailUrl":"https:\/\/mula.es\/web\/wp-content\/uploads\/2024\/02\/Reunion-con-la-directora-general-de-Vivienda-de-la-Region-de-Murcia-Ayuntamiento-de-Mula.jpeg","articleSection":["urbanismo"],"inLanguage":"es"},{"@type":"WebPage","@id":"https:\/\/mula.es\/web\/urbanismo-el-ayuntamiento-de-mula-convocara-nuevas-subvenciones-para-rehabilitar-viviendas\/","url":"https:\/\/mula.es\/web\/urbanismo-el-ayuntamiento-de-mula-convocara-nuevas-subvenciones-para-rehabilitar-viviendas\/","name":"URBANISMO| El Ayuntamiento de Mula convocar\u00e1 nuevas subvenciones para rehabilitar viviendas - Ayuntamiento de Mula","isPartOf":{"@id":"https:\/\/mula.es\/web\/#website"},"primaryImageOfPage":{"@id":"https:\/\/mula.es\/web\/urbanismo-el-ayuntamiento-de-mula-convocara-nuevas-subvenciones-para-rehabilitar-viviendas\/#primaryimage"},"image":{"@id":"https:\/\/mula.es\/web\/urbanismo-el-ayuntamiento-de-mula-convocara-nuevas-subvenciones-para-rehabilitar-viviendas\/#primaryimage"},"thumbnailUrl":"https:\/\/mula.es\/web\/wp-content\/uploads\/2024\/02\/Reunion-con-la-directora-general-de-Vivienda-de-la-Region-de-Murcia-Ayuntamiento-de-Mula.jpeg","datePublished":"2024-02-20T09:07:44+00:00","author":{"@id":"https:\/\/mula.es\/web\/#\/schema\/person\/4cc33fc69cd667605e1b6247815ac0c0"},"breadcrumb":{"@id":"https:\/\/mula.es\/web\/urbanismo-el-ayuntamiento-de-mula-convocara-nuevas-subvenciones-para-rehabilitar-viviendas\/#breadcrumb"},"inLanguage":"es","potentialAction":[{"@type":"ReadAction","target":["https:\/\/mula.es\/web\/urbanismo-el-ayuntamiento-de-mula-convocara-nuevas-subvenciones-para-rehabilitar-viviendas\/"]}]},{"@type":"ImageObject","inLanguage":"es","@id":"https:\/\/mula.es\/web\/urbanismo-el-ayuntamiento-de-mula-convocara-nuevas-subvenciones-para-rehabilitar-viviendas\/#primaryimage","url":"https:\/\/mula.es\/web\/wp-content\/uploads\/2024\/02\/Reunion-con-la-directora-general-de-Vivienda-de-la-Region-de-Murcia-Ayuntamiento-de-Mula.jpeg","contentUrl":"https:\/\/mula.es\/web\/wp-content\/uploads\/2024\/02\/Reunion-con-la-directora-general-de-Vivienda-de-la-Region-de-Murcia-Ayuntamiento-de-Mula.jpeg","width":1600,"height":1200},{"@type":"BreadcrumbList","@id":"https:\/\/mula.es\/web\/urbanismo-el-ayuntamiento-de-mula-convocara-nuevas-subvenciones-para-rehabilitar-viviendas\/#breadcrumb","itemListElement":[{"@type":"ListItem","position":1,"name":"Portada","item":"https:\/\/mula.es\/web\/"},{"@type":"ListItem","position":2,"name":"URBANISMO| El Ayuntamiento de Mula convocar\u00e1 nuevas subvenciones para rehabilitar viviendas"}]},{"@type":"WebSite","@id":"https:\/\/mula.es\/web\/#website","url":"https:\/\/mula.es\/web\/","name":"Ayuntamiento de Mula","description":"P\u00e1gina web del Ayuntamiento de Mula (Regi\u00f3n de Murcia)","potentialAction":[{"@type":"SearchAction","target":{"@type":"EntryPoint","urlTemplate":"https:\/\/mula.es\/web\/?s={search_term_string}"},"query-input":{"@type":"PropertyValueSpecification","valueRequired":true,"valueName":"search_term_string"}}],"inLanguage":"es"},{"@type":"Person","@id":"https:\/\/mula.es\/web\/#\/schema\/person\/4cc33fc69cd667605e1b6247815ac0c0","name":"Mar\u00eda Bel\u00e9n Sumba Bravo","image":{"@type":"ImageObject","inLanguage":"es","@id":"https:\/\/secure.gravatar.com\/avatar\/8f65af12a8d72e866f97bba50325bdf89a5362533b6f2c9db8c88130883986b1?s=96&d=mm&r=g","url":"https:\/\/secure.gravatar.com\/avatar\/8f65af12a8d72e866f97bba50325bdf89a5362533b6f2c9db8c88130883986b1?s=96&d=mm&r=g","contentUrl":"https:\/\/secure.gravatar.com\/avatar\/8f65af12a8d72e866f97bba50325bdf89a5362533b6f2c9db8c88130883986b1?s=96&d=mm&r=g","caption":"Mar\u00eda Bel\u00e9n Sumba Bravo"},"url":"https:\/\/mula.es\/web\/author\/mbsumba\/"}]}},"jetpack_publicize_connections":[],"jetpack_featured_media_url":"https:\/\/mula.es\/web\/wp-content\/uploads\/2024\/02\/Reunion-con-la-directora-general-de-Vivienda-de-la-Region-de-Murcia-Ayuntamiento-de-Mula.jpeg","jetpack_sharing_enabled":true,"jetpack_shortlink":"https:\/\/wp.me\/pa9DMY-dG0","jetpack-related-posts":[],"_links":{"self":[{"href":"https:\/\/mula.es\/web\/wp-json\/wp\/v2\/posts\/52576","targetHints":{"allow":["GET"]}}],"collection":[{"href":"https:\/\/mula.es\/web\/wp-json\/wp\/v2\/posts"}],"about":[{"href":"https:\/\/mula.es\/web\/wp-json\/wp\/v2\/types\/post"}],"author":[{"embeddable":true,"href":"https:\/\/mula.es\/web\/wp-json\/wp\/v2\/users\/12"}],"replies":[{"embeddable":true,"href":"https:\/\/mula.es\/web\/wp-json\/wp\/v2\/comments?post=52576"}],"version-history":[{"count":3,"href":"https:\/\/mula.es\/web\/wp-json\/wp\/v2\/posts\/52576\/revisions"}],"predecessor-version":[{"id":52586,"href":"https:\/\/mula.es\/web\/wp-json\/wp\/v2\/posts\/52576\/revisions\/52586"}],"wp:featuredmedia":[{"embeddable":true,"href":"https:\/\/mula.es\/web\/wp-json\/wp\/v2\/media\/52585"}],"wp:attachment":[{"href":"https:\/\/mula.es\/web\/wp-json\/wp\/v2\/media?parent=52576"}],"wp:term":[{"taxonomy":"category","embeddable":true,"href":"https:\/\/mula.es\/web\/wp-json\/wp\/v2\/categories?post=52576"},{"taxonomy":"post_tag","embeddable":true,"href":"https:\/\/mula.es\/web\/wp-json\/wp\/v2\/tags?post=52576"}],"curies":[{"name":"wp","href":"https:\/\/api.w.org\/{rel}","templated":true}]}}