{"id":52578,"date":"2024-02-19T10:44:35","date_gmt":"2024-02-19T09:44:35","guid":{"rendered":"https:\/\/mula.es\/web\/?p=52578"},"modified":"2024-02-20T10:50:22","modified_gmt":"2024-02-20T09:50:22","slug":"deportes-el-muleno-anton-santiago-gana-la-medalla-de-bronce-del-campeonato-regional-individual-de-petanca-con-solo-6-anos","status":"publish","type":"post","link":"https:\/\/mula.es\/web\/deportes-el-muleno-anton-santiago-gana-la-medalla-de-bronce-del-campeonato-regional-individual-de-petanca-con-solo-6-anos\/","title":{"rendered":"DEPORTES| El mule\u00f1o Ant\u00f3n Santiago gana la medalla de bronce del Campeonato Regional Individual de Petanca con s\u00f3lo 6 a\u00f1os"},"content":{"rendered":"<p style=\"text-align: justify;\">El mule\u00f1o Ant\u00f3n Santiago, de tan s\u00f3lo 6 a\u00f1os y perteneciente al Club Mule\u00f1o de Petanca, ha ganado la medalla de bronce en la categor\u00eda Juvenil del Campeonato Regional Individual de Petanca.<\/p>\n<p style=\"text-align: justify;\">El torneo, disputado este domingo en el CP Virgen de la Paz de Alcantarilla, tambi\u00e9n se consolidaba como la Fase Previa al Campeonato de Espa\u00f1a Individual de Petanca, para el que Ant\u00f3n Santiago se ha situado en una posici\u00f3n con posibilidades de clasificarse.<\/p>\n","protected":false},"excerpt":{"rendered":"<p>El mule\u00f1o Ant\u00f3n Santiago, de tan s\u00f3lo 6 a\u00f1os y perteneciente al Club Mule\u00f1o de Petanca, ha ganado la medalla de bronce en la categor\u00eda Juvenil del Campeonato Regional Individual de Petanca. El torneo, disputado este domingo en el CP Virgen de la Paz de Alcantarilla, tambi\u00e9n se consolidaba como la Fase Previa al Campeonato  [&#8230;]<\/p>\n","protected":false},"author":12,"featured_media":52580,"comment_status":"closed","ping_status":"closed","sticky":false,"template":"","format":"standard","meta":{"jetpack_post_was_ever_published":false,"_jetpack_newsletter_access":"","_jetpack_dont_email_post_to_subs":false,"_jetpack_newsletter_tier_id":0,"_jetpack_memberships_contains_paywalled_content":false,"_jetpack_memberships_contains_paid_content":false,"footnotes":"","jetpack_publicize_message":"","jetpack_publicize_feature_enabled":true,"jetpack_social_post_already_shared":false,"jetpack_social_options":{"image_generator_settings":{"template":"highway","default_image_id":0,"font":"","enabled":false},"version":2}},"categories":[88],"tags":[],"class_list":["post-52578","post","type-post","status-publish","format-standard","has-post-thumbnail","hentry","category-deportes"],"yoast_head":"<!-- This site is optimized with the Yoast SEO plugin v27.5 - https:\/\/yoast.com\/product\/yoast-seo-wordpress\/ -->\n<title>DEPORTES| El mule\u00f1o Ant\u00f3n Santiago gana la medalla de bronce del Campeonato Regional Individual de Petanca con s\u00f3lo 6 a\u00f1os - Ayuntamiento de Mula<\/title>\n<meta name=\"robots\" content=\"index, follow, max-snippet:-1, max-image-preview:large, max-video-preview:-1\" \/>\n<link rel=\"canonical\" href=\"https:\/\/mula.es\/web\/deportes-el-muleno-anton-santiago-gana-la-medalla-de-bronce-del-campeonato-regional-individual-de-petanca-con-solo-6-anos\/\" \/>\n<meta property=\"og:locale\" content=\"es_ES\" \/>\n<meta property=\"og:type\" content=\"article\" \/>\n<meta property=\"og:title\" content=\"DEPORTES| El mule\u00f1o Ant\u00f3n Santiago gana la medalla de bronce del Campeonato Regional Individual de Petanca con s\u00f3lo 6 a\u00f1os - Ayuntamiento de Mula\" \/>\n<meta property=\"og:description\" content=\"El mule\u00f1o Ant\u00f3n Santiago, de tan s\u00f3lo 6 a\u00f1os y perteneciente al Club Mule\u00f1o de Petanca, ha ganado la medalla de bronce en la categor\u00eda Juvenil del Campeonato Regional Individual de Petanca. El torneo, disputado este domingo en el CP Virgen de la Paz de Alcantarilla, tambi\u00e9n se consolidaba como la Fase Previa al Campeonato [...]\" \/>\n<meta property=\"og:url\" content=\"https:\/\/mula.es\/web\/deportes-el-muleno-anton-santiago-gana-la-medalla-de-bronce-del-campeonato-regional-individual-de-petanca-con-solo-6-anos\/\" \/>\n<meta property=\"og:site_name\" content=\"Ayuntamiento de Mula\" \/>\n<meta property=\"article:published_time\" content=\"2024-02-19T09:44:35+00:00\" \/>\n<meta property=\"article:modified_time\" content=\"2024-02-20T09:50:22+00:00\" \/>\n<meta property=\"og:image\" content=\"https:\/\/mula.es\/web\/wp-content\/uploads\/2024\/02\/Anton-Santiago-medalla-de-bronce-de-Petanca.jpg\" \/>\n\t<meta property=\"og:image:width\" content=\"910\" \/>\n\t<meta property=\"og:image:height\" content=\"960\" \/>\n\t<meta property=\"og:image:type\" content=\"image\/jpeg\" \/>\n<meta name=\"author\" content=\"Mar\u00eda Bel\u00e9n Sumba Bravo\" \/>\n<meta name=\"twitter:card\" content=\"summary_large_image\" \/>\n<meta name=\"twitter:creator\" content=\"@AyuntamientMula\" \/>\n<meta name=\"twitter:site\" content=\"@AyuntamientMula\" \/>\n<meta name=\"twitter:label1\" content=\"Escrito por\" \/>\n\t<meta name=\"twitter:data1\" content=\"Mar\u00eda Bel\u00e9n Sumba Bravo\" \/>\n\t<meta name=\"twitter:label2\" content=\"Tiempo de lectura\" \/>\n\t<meta name=\"twitter:data2\" content=\"1 minuto\" \/>\n<script type=\"application\/ld+json\" class=\"yoast-schema-graph\">{\"@context\":\"https:\\\/\\\/schema.org\",\"@graph\":[{\"@type\":\"Article\",\"@id\":\"https:\\\/\\\/mula.es\\\/web\\\/deportes-el-muleno-anton-santiago-gana-la-medalla-de-bronce-del-campeonato-regional-individual-de-petanca-con-solo-6-anos\\\/#article\",\"isPartOf\":{\"@id\":\"https:\\\/\\\/mula.es\\\/web\\\/deportes-el-muleno-anton-santiago-gana-la-medalla-de-bronce-del-campeonato-regional-individual-de-petanca-con-solo-6-anos\\\/\"},\"author\":{\"name\":\"Mar\u00eda Bel\u00e9n Sumba Bravo\",\"@id\":\"https:\\\/\\\/mula.es\\\/web\\\/#\\\/schema\\\/person\\\/4cc33fc69cd667605e1b6247815ac0c0\"},\"headline\":\"DEPORTES| El mule\u00f1o Ant\u00f3n Santiago gana la medalla de bronce del Campeonato Regional Individual de Petanca con s\u00f3lo 6 a\u00f1os\",\"datePublished\":\"2024-02-19T09:44:35+00:00\",\"dateModified\":\"2024-02-20T09:50:22+00:00\",\"mainEntityOfPage\":{\"@id\":\"https:\\\/\\\/mula.es\\\/web\\\/deportes-el-muleno-anton-santiago-gana-la-medalla-de-bronce-del-campeonato-regional-individual-de-petanca-con-solo-6-anos\\\/\"},\"wordCount\":107,\"image\":{\"@id\":\"https:\\\/\\\/mula.es\\\/web\\\/deportes-el-muleno-anton-santiago-gana-la-medalla-de-bronce-del-campeonato-regional-individual-de-petanca-con-solo-6-anos\\\/#primaryimage\"},\"thumbnailUrl\":\"https:\\\/\\\/mula.es\\\/web\\\/wp-content\\\/uploads\\\/2024\\\/02\\\/Anton-Santiago-medalla-de-bronce-de-Petanca.jpg\",\"articleSection\":[\"deportes\"],\"inLanguage\":\"es\"},{\"@type\":\"WebPage\",\"@id\":\"https:\\\/\\\/mula.es\\\/web\\\/deportes-el-muleno-anton-santiago-gana-la-medalla-de-bronce-del-campeonato-regional-individual-de-petanca-con-solo-6-anos\\\/\",\"url\":\"https:\\\/\\\/mula.es\\\/web\\\/deportes-el-muleno-anton-santiago-gana-la-medalla-de-bronce-del-campeonato-regional-individual-de-petanca-con-solo-6-anos\\\/\",\"name\":\"DEPORTES| El mule\u00f1o Ant\u00f3n Santiago gana la medalla de bronce del Campeonato Regional Individual de Petanca con s\u00f3lo 6 a\u00f1os - Ayuntamiento de Mula\",\"isPartOf\":{\"@id\":\"https:\\\/\\\/mula.es\\\/web\\\/#website\"},\"primaryImageOfPage\":{\"@id\":\"https:\\\/\\\/mula.es\\\/web\\\/deportes-el-muleno-anton-santiago-gana-la-medalla-de-bronce-del-campeonato-regional-individual-de-petanca-con-solo-6-anos\\\/#primaryimage\"},\"image\":{\"@id\":\"https:\\\/\\\/mula.es\\\/web\\\/deportes-el-muleno-anton-santiago-gana-la-medalla-de-bronce-del-campeonato-regional-individual-de-petanca-con-solo-6-anos\\\/#primaryimage\"},\"thumbnailUrl\":\"https:\\\/\\\/mula.es\\\/web\\\/wp-content\\\/uploads\\\/2024\\\/02\\\/Anton-Santiago-medalla-de-bronce-de-Petanca.jpg\",\"datePublished\":\"2024-02-19T09:44:35+00:00\",\"dateModified\":\"2024-02-20T09:50:22+00:00\",\"author\":{\"@id\":\"https:\\\/\\\/mula.es\\\/web\\\/#\\\/schema\\\/person\\\/4cc33fc69cd667605e1b6247815ac0c0\"},\"breadcrumb\":{\"@id\":\"https:\\\/\\\/mula.es\\\/web\\\/deportes-el-muleno-anton-santiago-gana-la-medalla-de-bronce-del-campeonato-regional-individual-de-petanca-con-solo-6-anos\\\/#breadcrumb\"},\"inLanguage\":\"es\",\"potentialAction\":[{\"@type\":\"ReadAction\",\"target\":[\"https:\\\/\\\/mula.es\\\/web\\\/deportes-el-muleno-anton-santiago-gana-la-medalla-de-bronce-del-campeonato-regional-individual-de-petanca-con-solo-6-anos\\\/\"]}]},{\"@type\":\"ImageObject\",\"inLanguage\":\"es\",\"@id\":\"https:\\\/\\\/mula.es\\\/web\\\/deportes-el-muleno-anton-santiago-gana-la-medalla-de-bronce-del-campeonato-regional-individual-de-petanca-con-solo-6-anos\\\/#primaryimage\",\"url\":\"https:\\\/\\\/mula.es\\\/web\\\/wp-content\\\/uploads\\\/2024\\\/02\\\/Anton-Santiago-medalla-de-bronce-de-Petanca.jpg\",\"contentUrl\":\"https:\\\/\\\/mula.es\\\/web\\\/wp-content\\\/uploads\\\/2024\\\/02\\\/Anton-Santiago-medalla-de-bronce-de-Petanca.jpg\",\"width\":910,\"height\":960},{\"@type\":\"BreadcrumbList\",\"@id\":\"https:\\\/\\\/mula.es\\\/web\\\/deportes-el-muleno-anton-santiago-gana-la-medalla-de-bronce-del-campeonato-regional-individual-de-petanca-con-solo-6-anos\\\/#breadcrumb\",\"itemListElement\":[{\"@type\":\"ListItem\",\"position\":1,\"name\":\"Portada\",\"item\":\"https:\\\/\\\/mula.es\\\/web\\\/\"},{\"@type\":\"ListItem\",\"position\":2,\"name\":\"DEPORTES| El mule\u00f1o Ant\u00f3n Santiago gana la medalla de bronce del Campeonato Regional Individual de Petanca con s\u00f3lo 6 a\u00f1os\"}]},{\"@type\":\"WebSite\",\"@id\":\"https:\\\/\\\/mula.es\\\/web\\\/#website\",\"url\":\"https:\\\/\\\/mula.es\\\/web\\\/\",\"name\":\"Ayuntamiento de Mula\",\"description\":\"P\u00e1gina web del Ayuntamiento de Mula (Regi\u00f3n de Murcia)\",\"potentialAction\":[{\"@type\":\"SearchAction\",\"target\":{\"@type\":\"EntryPoint\",\"urlTemplate\":\"https:\\\/\\\/mula.es\\\/web\\\/?s={search_term_string}\"},\"query-input\":{\"@type\":\"PropertyValueSpecification\",\"valueRequired\":true,\"valueName\":\"search_term_string\"}}],\"inLanguage\":\"es\"},{\"@type\":\"Person\",\"@id\":\"https:\\\/\\\/mula.es\\\/web\\\/#\\\/schema\\\/person\\\/4cc33fc69cd667605e1b6247815ac0c0\",\"name\":\"Mar\u00eda Bel\u00e9n Sumba Bravo\",\"image\":{\"@type\":\"ImageObject\",\"inLanguage\":\"es\",\"@id\":\"https:\\\/\\\/secure.gravatar.com\\\/avatar\\\/8f65af12a8d72e866f97bba50325bdf89a5362533b6f2c9db8c88130883986b1?s=96&d=mm&r=g\",\"url\":\"https:\\\/\\\/secure.gravatar.com\\\/avatar\\\/8f65af12a8d72e866f97bba50325bdf89a5362533b6f2c9db8c88130883986b1?s=96&d=mm&r=g\",\"contentUrl\":\"https:\\\/\\\/secure.gravatar.com\\\/avatar\\\/8f65af12a8d72e866f97bba50325bdf89a5362533b6f2c9db8c88130883986b1?s=96&d=mm&r=g\",\"caption\":\"Mar\u00eda Bel\u00e9n Sumba Bravo\"},\"url\":\"https:\\\/\\\/mula.es\\\/web\\\/author\\\/mbsumba\\\/\"}]}<\/script>\n<!-- \/ Yoast SEO plugin. -->","yoast_head_json":{"title":"DEPORTES| El mule\u00f1o Ant\u00f3n Santiago gana la medalla de bronce del Campeonato Regional Individual de Petanca con s\u00f3lo 6 a\u00f1os - Ayuntamiento de Mula","robots":{"index":"index","follow":"follow","max-snippet":"max-snippet:-1","max-image-preview":"max-image-preview:large","max-video-preview":"max-video-preview:-1"},"canonical":"https:\/\/mula.es\/web\/deportes-el-muleno-anton-santiago-gana-la-medalla-de-bronce-del-campeonato-regional-individual-de-petanca-con-solo-6-anos\/","og_locale":"es_ES","og_type":"article","og_title":"DEPORTES| El mule\u00f1o Ant\u00f3n Santiago gana la medalla de bronce del Campeonato Regional Individual de Petanca con s\u00f3lo 6 a\u00f1os - Ayuntamiento de Mula","og_description":"El mule\u00f1o Ant\u00f3n Santiago, de tan s\u00f3lo 6 a\u00f1os y perteneciente al Club Mule\u00f1o de Petanca, ha ganado la medalla de bronce en la categor\u00eda Juvenil del Campeonato Regional Individual de Petanca. El torneo, disputado este domingo en el CP Virgen de la Paz de Alcantarilla, tambi\u00e9n se consolidaba como la Fase Previa al Campeonato [...]","og_url":"https:\/\/mula.es\/web\/deportes-el-muleno-anton-santiago-gana-la-medalla-de-bronce-del-campeonato-regional-individual-de-petanca-con-solo-6-anos\/","og_site_name":"Ayuntamiento de Mula","article_published_time":"2024-02-19T09:44:35+00:00","article_modified_time":"2024-02-20T09:50:22+00:00","og_image":[{"width":910,"height":960,"url":"https:\/\/mula.es\/web\/wp-content\/uploads\/2024\/02\/Anton-Santiago-medalla-de-bronce-de-Petanca.jpg","type":"image\/jpeg"}],"author":"Mar\u00eda Bel\u00e9n Sumba Bravo","twitter_card":"summary_large_image","twitter_creator":"@AyuntamientMula","twitter_site":"@AyuntamientMula","twitter_misc":{"Escrito por":"Mar\u00eda Bel\u00e9n Sumba Bravo","Tiempo de lectura":"1 minuto"},"schema":{"@context":"https:\/\/schema.org","@graph":[{"@type":"Article","@id":"https:\/\/mula.es\/web\/deportes-el-muleno-anton-santiago-gana-la-medalla-de-bronce-del-campeonato-regional-individual-de-petanca-con-solo-6-anos\/#article","isPartOf":{"@id":"https:\/\/mula.es\/web\/deportes-el-muleno-anton-santiago-gana-la-medalla-de-bronce-del-campeonato-regional-individual-de-petanca-con-solo-6-anos\/"},"author":{"name":"Mar\u00eda Bel\u00e9n Sumba Bravo","@id":"https:\/\/mula.es\/web\/#\/schema\/person\/4cc33fc69cd667605e1b6247815ac0c0"},"headline":"DEPORTES| El mule\u00f1o Ant\u00f3n Santiago gana la medalla de bronce del Campeonato Regional Individual de Petanca con s\u00f3lo 6 a\u00f1os","datePublished":"2024-02-19T09:44:35+00:00","dateModified":"2024-02-20T09:50:22+00:00","mainEntityOfPage":{"@id":"https:\/\/mula.es\/web\/deportes-el-muleno-anton-santiago-gana-la-medalla-de-bronce-del-campeonato-regional-individual-de-petanca-con-solo-6-anos\/"},"wordCount":107,"image":{"@id":"https:\/\/mula.es\/web\/deportes-el-muleno-anton-santiago-gana-la-medalla-de-bronce-del-campeonato-regional-individual-de-petanca-con-solo-6-anos\/#primaryimage"},"thumbnailUrl":"https:\/\/mula.es\/web\/wp-content\/uploads\/2024\/02\/Anton-Santiago-medalla-de-bronce-de-Petanca.jpg","articleSection":["deportes"],"inLanguage":"es"},{"@type":"WebPage","@id":"https:\/\/mula.es\/web\/deportes-el-muleno-anton-santiago-gana-la-medalla-de-bronce-del-campeonato-regional-individual-de-petanca-con-solo-6-anos\/","url":"https:\/\/mula.es\/web\/deportes-el-muleno-anton-santiago-gana-la-medalla-de-bronce-del-campeonato-regional-individual-de-petanca-con-solo-6-anos\/","name":"DEPORTES| El mule\u00f1o Ant\u00f3n Santiago gana la medalla de bronce del Campeonato Regional Individual de Petanca con s\u00f3lo 6 a\u00f1os - Ayuntamiento de Mula","isPartOf":{"@id":"https:\/\/mula.es\/web\/#website"},"primaryImageOfPage":{"@id":"https:\/\/mula.es\/web\/deportes-el-muleno-anton-santiago-gana-la-medalla-de-bronce-del-campeonato-regional-individual-de-petanca-con-solo-6-anos\/#primaryimage"},"image":{"@id":"https:\/\/mula.es\/web\/deportes-el-muleno-anton-santiago-gana-la-medalla-de-bronce-del-campeonato-regional-individual-de-petanca-con-solo-6-anos\/#primaryimage"},"thumbnailUrl":"https:\/\/mula.es\/web\/wp-content\/uploads\/2024\/02\/Anton-Santiago-medalla-de-bronce-de-Petanca.jpg","datePublished":"2024-02-19T09:44:35+00:00","dateModified":"2024-02-20T09:50:22+00:00","author":{"@id":"https:\/\/mula.es\/web\/#\/schema\/person\/4cc33fc69cd667605e1b6247815ac0c0"},"breadcrumb":{"@id":"https:\/\/mula.es\/web\/deportes-el-muleno-anton-santiago-gana-la-medalla-de-bronce-del-campeonato-regional-individual-de-petanca-con-solo-6-anos\/#breadcrumb"},"inLanguage":"es","potentialAction":[{"@type":"ReadAction","target":["https:\/\/mula.es\/web\/deportes-el-muleno-anton-santiago-gana-la-medalla-de-bronce-del-campeonato-regional-individual-de-petanca-con-solo-6-anos\/"]}]},{"@type":"ImageObject","inLanguage":"es","@id":"https:\/\/mula.es\/web\/deportes-el-muleno-anton-santiago-gana-la-medalla-de-bronce-del-campeonato-regional-individual-de-petanca-con-solo-6-anos\/#primaryimage","url":"https:\/\/mula.es\/web\/wp-content\/uploads\/2024\/02\/Anton-Santiago-medalla-de-bronce-de-Petanca.jpg","contentUrl":"https:\/\/mula.es\/web\/wp-content\/uploads\/2024\/02\/Anton-Santiago-medalla-de-bronce-de-Petanca.jpg","width":910,"height":960},{"@type":"BreadcrumbList","@id":"https:\/\/mula.es\/web\/deportes-el-muleno-anton-santiago-gana-la-medalla-de-bronce-del-campeonato-regional-individual-de-petanca-con-solo-6-anos\/#breadcrumb","itemListElement":[{"@type":"ListItem","position":1,"name":"Portada","item":"https:\/\/mula.es\/web\/"},{"@type":"ListItem","position":2,"name":"DEPORTES| El mule\u00f1o Ant\u00f3n Santiago gana la medalla de bronce del Campeonato Regional Individual de Petanca con s\u00f3lo 6 a\u00f1os"}]},{"@type":"WebSite","@id":"https:\/\/mula.es\/web\/#website","url":"https:\/\/mula.es\/web\/","name":"Ayuntamiento de Mula","description":"P\u00e1gina web del Ayuntamiento de Mula (Regi\u00f3n de Murcia)","potentialAction":[{"@type":"SearchAction","target":{"@type":"EntryPoint","urlTemplate":"https:\/\/mula.es\/web\/?s={search_term_string}"},"query-input":{"@type":"PropertyValueSpecification","valueRequired":true,"valueName":"search_term_string"}}],"inLanguage":"es"},{"@type":"Person","@id":"https:\/\/mula.es\/web\/#\/schema\/person\/4cc33fc69cd667605e1b6247815ac0c0","name":"Mar\u00eda Bel\u00e9n Sumba Bravo","image":{"@type":"ImageObject","inLanguage":"es","@id":"https:\/\/secure.gravatar.com\/avatar\/8f65af12a8d72e866f97bba50325bdf89a5362533b6f2c9db8c88130883986b1?s=96&d=mm&r=g","url":"https:\/\/secure.gravatar.com\/avatar\/8f65af12a8d72e866f97bba50325bdf89a5362533b6f2c9db8c88130883986b1?s=96&d=mm&r=g","contentUrl":"https:\/\/secure.gravatar.com\/avatar\/8f65af12a8d72e866f97bba50325bdf89a5362533b6f2c9db8c88130883986b1?s=96&d=mm&r=g","caption":"Mar\u00eda Bel\u00e9n Sumba Bravo"},"url":"https:\/\/mula.es\/web\/author\/mbsumba\/"}]}},"jetpack_publicize_connections":[],"jetpack_featured_media_url":"https:\/\/mula.es\/web\/wp-content\/uploads\/2024\/02\/Anton-Santiago-medalla-de-bronce-de-Petanca.jpg","jetpack_sharing_enabled":true,"jetpack_shortlink":"https:\/\/wp.me\/pa9DMY-dG2","jetpack-related-posts":[],"_links":{"self":[{"href":"https:\/\/mula.es\/web\/wp-json\/wp\/v2\/posts\/52578","targetHints":{"allow":["GET"]}}],"collection":[{"href":"https:\/\/mula.es\/web\/wp-json\/wp\/v2\/posts"}],"about":[{"href":"https:\/\/mula.es\/web\/wp-json\/wp\/v2\/types\/post"}],"author":[{"embeddable":true,"href":"https:\/\/mula.es\/web\/wp-json\/wp\/v2\/users\/12"}],"replies":[{"embeddable":true,"href":"https:\/\/mula.es\/web\/wp-json\/wp\/v2\/comments?post=52578"}],"version-history":[{"count":2,"href":"https:\/\/mula.es\/web\/wp-json\/wp\/v2\/posts\/52578\/revisions"}],"predecessor-version":[{"id":52581,"href":"https:\/\/mula.es\/web\/wp-json\/wp\/v2\/posts\/52578\/revisions\/52581"}],"wp:featuredmedia":[{"embeddable":true,"href":"https:\/\/mula.es\/web\/wp-json\/wp\/v2\/media\/52580"}],"wp:attachment":[{"href":"https:\/\/mula.es\/web\/wp-json\/wp\/v2\/media?parent=52578"}],"wp:term":[{"taxonomy":"category","embeddable":true,"href":"https:\/\/mula.es\/web\/wp-json\/wp\/v2\/categories?post=52578"},{"taxonomy":"post_tag","embeddable":true,"href":"https:\/\/mula.es\/web\/wp-json\/wp\/v2\/tags?post=52578"}],"curies":[{"name":"wp","href":"https:\/\/api.w.org\/{rel}","templated":true}]}}