{"id":52794,"date":"2024-03-02T08:00:18","date_gmt":"2024-03-02T07:00:18","guid":{"rendered":"https:\/\/mula.es\/web\/?p=52794"},"modified":"2024-03-04T13:23:32","modified_gmt":"2024-03-04T12:23:32","slug":"tambores-presentada-la-delegacion-mulena-de-las-xxxvil-jornadas-nacionales-de-exaltacion-del-tambor-y-del-bombo-de-andorra-teruel","status":"publish","type":"post","link":"https:\/\/mula.es\/web\/tambores-presentada-la-delegacion-mulena-de-las-xxxvil-jornadas-nacionales-de-exaltacion-del-tambor-y-del-bombo-de-andorra-teruel\/","title":{"rendered":"TAMBORES| Presentada la delegaci\u00f3n mule\u00f1a de las XXXVIl Jornadas Nacionales de Exaltaci\u00f3n del Tambor y del Bombo de Andorra (Teruel)"},"content":{"rendered":"<p style=\"text-align: justify;\">El Ayuntamiento de Mula y la Asociaci\u00f3n de Tamboristas han presentado a la delegaci\u00f3n de tamboristas que estar\u00e1n representando al municipio en las XXXVII Jornadas Nacionales de Exaltaci\u00f3n del Tambor y del Bombo de Andorra (Teruel), en un acto presidido por el alcalde de Mula, Juan Jes\u00fas Moreno; el concejal de Tambores, Diego Boluda; y el presidente de la Asociaci\u00f3n de Tamboristas de Mula, Pedro Manuel Ruiz, en el Refectorio del Convento de San Francisco.<\/p>\n<p style=\"text-align: justify;\">Alfonso Mart\u00ednez F\u00e9rez, Jorge Garc\u00eda Hu\u00e9scar, M\u00f3nica L\u00f3pez Gonz\u00e1lez, Jos\u00e9 Carlos Gil Garc\u00eda, Adriana Nadal Navarro y Alejandro Guill\u00e9n Guirado han sido los tamboristas elegidos por la Asociaci\u00f3n de Tamboristas para representar a Mula los pr\u00f3ximos 8, 9 y 10 de marzo, en las Jornadas\u00a0 Nacionales de Exaltaci\u00f3n del Tambor y del Bombo de Andorra.<\/p>\n<p style=\"text-align: justify;\">\u00abPara Mula, que\u00a0 fue el primer municipio en acoger estas jornadas que llevan celebr\u00e1ndose 36 a\u00f1os, sigue siendo emocionante reencontrarse con los pueblos de Espa\u00f1a con quienes compartimos una identidad com\u00fan: nuestros tambores\u00bb, expres\u00f3 el alcalde de Mula, quien tambi\u00e9n transmiti\u00f3 su enhorabuena a los representantes mule\u00f1os. Por su parte, el concejal de Tambores remarc\u00f3 que \u00abMula no puede contar con mejor representaci\u00f3n para estas Jornadas Nacionales,\u00a0 que son la antesala de nuestra Noche de los Tambores, nuestro Patrimonio Cultural Inmaterial de la Humanidad\u00bb.<\/p>\n<p>&nbsp;<\/p>\n<p><a href=\"https:\/\/mula.es\/web\/wp-content\/uploads\/2024\/03\/Presentacion-delegacion-mulena-de-las-XXXVIl-Jornadas-Nacionales-TAmbor-y-Bombo-Andorra.jpeg\"><img decoding=\"async\" data-attachment-id=\"52846\" data-permalink=\"https:\/\/mula.es\/web\/tambores-presentada-la-delegacion-mulena-de-las-xxxvil-jornadas-nacionales-de-exaltacion-del-tambor-y-del-bombo-de-andorra-teruel\/presentacion-delegacion-mulena-de-las-xxxvil-jornadas-nacionales-tambor-y-bombo-andorra\/\" data-orig-file=\"https:\/\/mula.es\/web\/wp-content\/uploads\/2024\/03\/Presentacion-delegacion-mulena-de-las-XXXVIl-Jornadas-Nacionales-TAmbor-y-Bombo-Andorra.jpeg\" data-orig-size=\"2000,934\" data-comments-opened=\"0\" data-image-meta=\"{&quot;aperture&quot;:&quot;0&quot;,&quot;credit&quot;:&quot;&quot;,&quot;camera&quot;:&quot;&quot;,&quot;caption&quot;:&quot;&quot;,&quot;created_timestamp&quot;:&quot;0&quot;,&quot;copyright&quot;:&quot;&quot;,&quot;focal_length&quot;:&quot;0&quot;,&quot;iso&quot;:&quot;0&quot;,&quot;shutter_speed&quot;:&quot;0&quot;,&quot;title&quot;:&quot;&quot;,&quot;orientation&quot;:&quot;0&quot;}\" data-image-title=\"Presentaci\u00f3n delegaci\u00f3n mule\u00f1a de las XXXVIl Jornadas Nacionales TAmbor y Bombo Andorra\" data-image-description=\"\" data-image-caption=\"\" data-large-file=\"https:\/\/mula.es\/web\/wp-content\/uploads\/2024\/03\/Presentacion-delegacion-mulena-de-las-XXXVIl-Jornadas-Nacionales-TAmbor-y-Bombo-Andorra-1024x478.jpeg\" class=\" wp-image-52846 aligncenter\" src=\"https:\/\/mula.es\/web\/wp-content\/uploads\/2024\/03\/Presentacion-delegacion-mulena-de-las-XXXVIl-Jornadas-Nacionales-TAmbor-y-Bombo-Andorra.jpeg\" alt=\"\" width=\"675\" height=\"315\" srcset=\"https:\/\/mula.es\/web\/wp-content\/uploads\/2024\/03\/Presentacion-delegacion-mulena-de-las-XXXVIl-Jornadas-Nacionales-TAmbor-y-Bombo-Andorra-200x93.jpeg 200w, https:\/\/mula.es\/web\/wp-content\/uploads\/2024\/03\/Presentacion-delegacion-mulena-de-las-XXXVIl-Jornadas-Nacionales-TAmbor-y-Bombo-Andorra-300x140.jpeg 300w, https:\/\/mula.es\/web\/wp-content\/uploads\/2024\/03\/Presentacion-delegacion-mulena-de-las-XXXVIl-Jornadas-Nacionales-TAmbor-y-Bombo-Andorra-400x187.jpeg 400w, https:\/\/mula.es\/web\/wp-content\/uploads\/2024\/03\/Presentacion-delegacion-mulena-de-las-XXXVIl-Jornadas-Nacionales-TAmbor-y-Bombo-Andorra-600x280.jpeg 600w, https:\/\/mula.es\/web\/wp-content\/uploads\/2024\/03\/Presentacion-delegacion-mulena-de-las-XXXVIl-Jornadas-Nacionales-TAmbor-y-Bombo-Andorra-768x359.jpeg 768w, https:\/\/mula.es\/web\/wp-content\/uploads\/2024\/03\/Presentacion-delegacion-mulena-de-las-XXXVIl-Jornadas-Nacionales-TAmbor-y-Bombo-Andorra-800x374.jpeg 800w, https:\/\/mula.es\/web\/wp-content\/uploads\/2024\/03\/Presentacion-delegacion-mulena-de-las-XXXVIl-Jornadas-Nacionales-TAmbor-y-Bombo-Andorra-1024x478.jpeg 1024w, https:\/\/mula.es\/web\/wp-content\/uploads\/2024\/03\/Presentacion-delegacion-mulena-de-las-XXXVIl-Jornadas-Nacionales-TAmbor-y-Bombo-Andorra-1200x560.jpeg 1200w, https:\/\/mula.es\/web\/wp-content\/uploads\/2024\/03\/Presentacion-delegacion-mulena-de-las-XXXVIl-Jornadas-Nacionales-TAmbor-y-Bombo-Andorra-1536x717.jpeg 1536w, https:\/\/mula.es\/web\/wp-content\/uploads\/2024\/03\/Presentacion-delegacion-mulena-de-las-XXXVIl-Jornadas-Nacionales-TAmbor-y-Bombo-Andorra.jpeg 2000w\" sizes=\"(max-width: 675px) 100vw, 675px\" \/><\/a><\/p>\n<p>&nbsp;<\/p>\n","protected":false},"excerpt":{"rendered":"<p>El Ayuntamiento de Mula y la Asociaci\u00f3n de Tamboristas han presentado a la delegaci\u00f3n de tamboristas que estar\u00e1n representando al municipio en las XXXVII Jornadas Nacionales de Exaltaci\u00f3n del Tambor y del Bombo de Andorra (Teruel), en un acto presidido por el alcalde de Mula, Juan Jes\u00fas Moreno; el concejal de Tambores, Diego Boluda; y  [&#8230;]<\/p>\n","protected":false},"author":12,"featured_media":52847,"comment_status":"closed","ping_status":"closed","sticky":false,"template":"","format":"standard","meta":{"jetpack_post_was_ever_published":false,"_jetpack_newsletter_access":"","_jetpack_dont_email_post_to_subs":false,"_jetpack_newsletter_tier_id":0,"_jetpack_memberships_contains_paywalled_content":false,"_jetpack_memberships_contains_paid_content":false,"footnotes":"","jetpack_publicize_message":"","jetpack_publicize_feature_enabled":true,"jetpack_social_post_already_shared":false,"jetpack_social_options":{"image_generator_settings":{"template":"highway","default_image_id":0,"font":"","enabled":false},"version":2}},"categories":[123],"tags":[],"class_list":["post-52794","post","type-post","status-publish","format-standard","has-post-thumbnail","hentry","category-tambores"],"yoast_head":"<!-- This site is optimized with the Yoast SEO plugin v27.4 - https:\/\/yoast.com\/product\/yoast-seo-wordpress\/ -->\n<title>TAMBORES| Presentada la delegaci\u00f3n mule\u00f1a de las XXXVIl Jornadas Nacionales de Exaltaci\u00f3n del Tambor y del Bombo de Andorra (Teruel) - Ayuntamiento de Mula<\/title>\n<meta name=\"robots\" content=\"index, follow, max-snippet:-1, max-image-preview:large, max-video-preview:-1\" \/>\n<link rel=\"canonical\" href=\"https:\/\/mula.es\/web\/tambores-presentada-la-delegacion-mulena-de-las-xxxvil-jornadas-nacionales-de-exaltacion-del-tambor-y-del-bombo-de-andorra-teruel\/\" \/>\n<meta property=\"og:locale\" content=\"es_ES\" \/>\n<meta property=\"og:type\" content=\"article\" \/>\n<meta property=\"og:title\" content=\"TAMBORES| Presentada la delegaci\u00f3n mule\u00f1a de las XXXVIl Jornadas Nacionales de Exaltaci\u00f3n del Tambor y del Bombo de Andorra (Teruel) - Ayuntamiento de Mula\" \/>\n<meta property=\"og:description\" content=\"El Ayuntamiento de Mula y la Asociaci\u00f3n de Tamboristas han presentado a la delegaci\u00f3n de tamboristas que estar\u00e1n representando al municipio en las XXXVII Jornadas Nacionales de Exaltaci\u00f3n del Tambor y del Bombo de Andorra (Teruel), en un acto presidido por el alcalde de Mula, Juan Jes\u00fas Moreno; el concejal de Tambores, Diego Boluda; y [...]\" \/>\n<meta property=\"og:url\" content=\"https:\/\/mula.es\/web\/tambores-presentada-la-delegacion-mulena-de-las-xxxvil-jornadas-nacionales-de-exaltacion-del-tambor-y-del-bombo-de-andorra-teruel\/\" \/>\n<meta property=\"og:site_name\" content=\"Ayuntamiento de Mula\" \/>\n<meta property=\"article:published_time\" content=\"2024-03-02T07:00:18+00:00\" \/>\n<meta property=\"article:modified_time\" content=\"2024-03-04T12:23:32+00:00\" \/>\n<meta property=\"og:image\" content=\"https:\/\/mula.es\/web\/wp-content\/uploads\/2024\/03\/Tamboristas-representantes-en-jornadas-Andorra-2024.jpg\" \/>\n\t<meta property=\"og:image:width\" content=\"2048\" \/>\n\t<meta property=\"og:image:height\" content=\"921\" \/>\n\t<meta property=\"og:image:type\" content=\"image\/jpeg\" \/>\n<meta name=\"author\" content=\"Mar\u00eda Bel\u00e9n Sumba Bravo\" \/>\n<meta name=\"twitter:card\" content=\"summary_large_image\" \/>\n<meta name=\"twitter:creator\" content=\"@AyuntamientMula\" \/>\n<meta name=\"twitter:site\" content=\"@AyuntamientMula\" \/>\n<meta name=\"twitter:label1\" content=\"Escrito por\" \/>\n\t<meta name=\"twitter:data1\" content=\"Mar\u00eda Bel\u00e9n Sumba Bravo\" \/>\n\t<meta name=\"twitter:label2\" content=\"Tiempo de lectura\" \/>\n\t<meta name=\"twitter:data2\" content=\"2 minutos\" \/>\n<script type=\"application\/ld+json\" class=\"yoast-schema-graph\">{\"@context\":\"https:\\\/\\\/schema.org\",\"@graph\":[{\"@type\":\"Article\",\"@id\":\"https:\\\/\\\/mula.es\\\/web\\\/tambores-presentada-la-delegacion-mulena-de-las-xxxvil-jornadas-nacionales-de-exaltacion-del-tambor-y-del-bombo-de-andorra-teruel\\\/#article\",\"isPartOf\":{\"@id\":\"https:\\\/\\\/mula.es\\\/web\\\/tambores-presentada-la-delegacion-mulena-de-las-xxxvil-jornadas-nacionales-de-exaltacion-del-tambor-y-del-bombo-de-andorra-teruel\\\/\"},\"author\":{\"name\":\"Mar\u00eda Bel\u00e9n Sumba Bravo\",\"@id\":\"https:\\\/\\\/mula.es\\\/web\\\/#\\\/schema\\\/person\\\/4cc33fc69cd667605e1b6247815ac0c0\"},\"headline\":\"TAMBORES| Presentada la delegaci\u00f3n mule\u00f1a de las XXXVIl Jornadas Nacionales de Exaltaci\u00f3n del Tambor y del Bombo de Andorra (Teruel)\",\"datePublished\":\"2024-03-02T07:00:18+00:00\",\"dateModified\":\"2024-03-04T12:23:32+00:00\",\"mainEntityOfPage\":{\"@id\":\"https:\\\/\\\/mula.es\\\/web\\\/tambores-presentada-la-delegacion-mulena-de-las-xxxvil-jornadas-nacionales-de-exaltacion-del-tambor-y-del-bombo-de-andorra-teruel\\\/\"},\"wordCount\":260,\"image\":{\"@id\":\"https:\\\/\\\/mula.es\\\/web\\\/tambores-presentada-la-delegacion-mulena-de-las-xxxvil-jornadas-nacionales-de-exaltacion-del-tambor-y-del-bombo-de-andorra-teruel\\\/#primaryimage\"},\"thumbnailUrl\":\"https:\\\/\\\/mula.es\\\/web\\\/wp-content\\\/uploads\\\/2024\\\/03\\\/Tamboristas-representantes-en-jornadas-Andorra-2024.jpg\",\"articleSection\":[\"tambores\"],\"inLanguage\":\"es\"},{\"@type\":\"WebPage\",\"@id\":\"https:\\\/\\\/mula.es\\\/web\\\/tambores-presentada-la-delegacion-mulena-de-las-xxxvil-jornadas-nacionales-de-exaltacion-del-tambor-y-del-bombo-de-andorra-teruel\\\/\",\"url\":\"https:\\\/\\\/mula.es\\\/web\\\/tambores-presentada-la-delegacion-mulena-de-las-xxxvil-jornadas-nacionales-de-exaltacion-del-tambor-y-del-bombo-de-andorra-teruel\\\/\",\"name\":\"TAMBORES| Presentada la delegaci\u00f3n mule\u00f1a de las XXXVIl Jornadas Nacionales de Exaltaci\u00f3n del Tambor y del Bombo de Andorra (Teruel) - Ayuntamiento de Mula\",\"isPartOf\":{\"@id\":\"https:\\\/\\\/mula.es\\\/web\\\/#website\"},\"primaryImageOfPage\":{\"@id\":\"https:\\\/\\\/mula.es\\\/web\\\/tambores-presentada-la-delegacion-mulena-de-las-xxxvil-jornadas-nacionales-de-exaltacion-del-tambor-y-del-bombo-de-andorra-teruel\\\/#primaryimage\"},\"image\":{\"@id\":\"https:\\\/\\\/mula.es\\\/web\\\/tambores-presentada-la-delegacion-mulena-de-las-xxxvil-jornadas-nacionales-de-exaltacion-del-tambor-y-del-bombo-de-andorra-teruel\\\/#primaryimage\"},\"thumbnailUrl\":\"https:\\\/\\\/mula.es\\\/web\\\/wp-content\\\/uploads\\\/2024\\\/03\\\/Tamboristas-representantes-en-jornadas-Andorra-2024.jpg\",\"datePublished\":\"2024-03-02T07:00:18+00:00\",\"dateModified\":\"2024-03-04T12:23:32+00:00\",\"author\":{\"@id\":\"https:\\\/\\\/mula.es\\\/web\\\/#\\\/schema\\\/person\\\/4cc33fc69cd667605e1b6247815ac0c0\"},\"breadcrumb\":{\"@id\":\"https:\\\/\\\/mula.es\\\/web\\\/tambores-presentada-la-delegacion-mulena-de-las-xxxvil-jornadas-nacionales-de-exaltacion-del-tambor-y-del-bombo-de-andorra-teruel\\\/#breadcrumb\"},\"inLanguage\":\"es\",\"potentialAction\":[{\"@type\":\"ReadAction\",\"target\":[\"https:\\\/\\\/mula.es\\\/web\\\/tambores-presentada-la-delegacion-mulena-de-las-xxxvil-jornadas-nacionales-de-exaltacion-del-tambor-y-del-bombo-de-andorra-teruel\\\/\"]}]},{\"@type\":\"ImageObject\",\"inLanguage\":\"es\",\"@id\":\"https:\\\/\\\/mula.es\\\/web\\\/tambores-presentada-la-delegacion-mulena-de-las-xxxvil-jornadas-nacionales-de-exaltacion-del-tambor-y-del-bombo-de-andorra-teruel\\\/#primaryimage\",\"url\":\"https:\\\/\\\/mula.es\\\/web\\\/wp-content\\\/uploads\\\/2024\\\/03\\\/Tamboristas-representantes-en-jornadas-Andorra-2024.jpg\",\"contentUrl\":\"https:\\\/\\\/mula.es\\\/web\\\/wp-content\\\/uploads\\\/2024\\\/03\\\/Tamboristas-representantes-en-jornadas-Andorra-2024.jpg\",\"width\":2048,\"height\":921},{\"@type\":\"BreadcrumbList\",\"@id\":\"https:\\\/\\\/mula.es\\\/web\\\/tambores-presentada-la-delegacion-mulena-de-las-xxxvil-jornadas-nacionales-de-exaltacion-del-tambor-y-del-bombo-de-andorra-teruel\\\/#breadcrumb\",\"itemListElement\":[{\"@type\":\"ListItem\",\"position\":1,\"name\":\"Portada\",\"item\":\"https:\\\/\\\/mula.es\\\/web\\\/\"},{\"@type\":\"ListItem\",\"position\":2,\"name\":\"TAMBORES| Presentada la delegaci\u00f3n mule\u00f1a de las XXXVIl Jornadas Nacionales de Exaltaci\u00f3n del Tambor y del Bombo de Andorra (Teruel)\"}]},{\"@type\":\"WebSite\",\"@id\":\"https:\\\/\\\/mula.es\\\/web\\\/#website\",\"url\":\"https:\\\/\\\/mula.es\\\/web\\\/\",\"name\":\"Ayuntamiento de Mula\",\"description\":\"P\u00e1gina web del Ayuntamiento de Mula (Regi\u00f3n de Murcia)\",\"potentialAction\":[{\"@type\":\"SearchAction\",\"target\":{\"@type\":\"EntryPoint\",\"urlTemplate\":\"https:\\\/\\\/mula.es\\\/web\\\/?s={search_term_string}\"},\"query-input\":{\"@type\":\"PropertyValueSpecification\",\"valueRequired\":true,\"valueName\":\"search_term_string\"}}],\"inLanguage\":\"es\"},{\"@type\":\"Person\",\"@id\":\"https:\\\/\\\/mula.es\\\/web\\\/#\\\/schema\\\/person\\\/4cc33fc69cd667605e1b6247815ac0c0\",\"name\":\"Mar\u00eda Bel\u00e9n Sumba Bravo\",\"image\":{\"@type\":\"ImageObject\",\"inLanguage\":\"es\",\"@id\":\"https:\\\/\\\/secure.gravatar.com\\\/avatar\\\/8f65af12a8d72e866f97bba50325bdf89a5362533b6f2c9db8c88130883986b1?s=96&d=mm&r=g\",\"url\":\"https:\\\/\\\/secure.gravatar.com\\\/avatar\\\/8f65af12a8d72e866f97bba50325bdf89a5362533b6f2c9db8c88130883986b1?s=96&d=mm&r=g\",\"contentUrl\":\"https:\\\/\\\/secure.gravatar.com\\\/avatar\\\/8f65af12a8d72e866f97bba50325bdf89a5362533b6f2c9db8c88130883986b1?s=96&d=mm&r=g\",\"caption\":\"Mar\u00eda Bel\u00e9n Sumba Bravo\"},\"url\":\"https:\\\/\\\/mula.es\\\/web\\\/author\\\/mbsumba\\\/\"}]}<\/script>\n<!-- \/ Yoast SEO plugin. -->","yoast_head_json":{"title":"TAMBORES| Presentada la delegaci\u00f3n mule\u00f1a de las XXXVIl Jornadas Nacionales de Exaltaci\u00f3n del Tambor y del Bombo de Andorra (Teruel) - Ayuntamiento de Mula","robots":{"index":"index","follow":"follow","max-snippet":"max-snippet:-1","max-image-preview":"max-image-preview:large","max-video-preview":"max-video-preview:-1"},"canonical":"https:\/\/mula.es\/web\/tambores-presentada-la-delegacion-mulena-de-las-xxxvil-jornadas-nacionales-de-exaltacion-del-tambor-y-del-bombo-de-andorra-teruel\/","og_locale":"es_ES","og_type":"article","og_title":"TAMBORES| Presentada la delegaci\u00f3n mule\u00f1a de las XXXVIl Jornadas Nacionales de Exaltaci\u00f3n del Tambor y del Bombo de Andorra (Teruel) - Ayuntamiento de Mula","og_description":"El Ayuntamiento de Mula y la Asociaci\u00f3n de Tamboristas han presentado a la delegaci\u00f3n de tamboristas que estar\u00e1n representando al municipio en las XXXVII Jornadas Nacionales de Exaltaci\u00f3n del Tambor y del Bombo de Andorra (Teruel), en un acto presidido por el alcalde de Mula, Juan Jes\u00fas Moreno; el concejal de Tambores, Diego Boluda; y [...]","og_url":"https:\/\/mula.es\/web\/tambores-presentada-la-delegacion-mulena-de-las-xxxvil-jornadas-nacionales-de-exaltacion-del-tambor-y-del-bombo-de-andorra-teruel\/","og_site_name":"Ayuntamiento de Mula","article_published_time":"2024-03-02T07:00:18+00:00","article_modified_time":"2024-03-04T12:23:32+00:00","og_image":[{"width":2048,"height":921,"url":"https:\/\/mula.es\/web\/wp-content\/uploads\/2024\/03\/Tamboristas-representantes-en-jornadas-Andorra-2024.jpg","type":"image\/jpeg"}],"author":"Mar\u00eda Bel\u00e9n Sumba Bravo","twitter_card":"summary_large_image","twitter_creator":"@AyuntamientMula","twitter_site":"@AyuntamientMula","twitter_misc":{"Escrito por":"Mar\u00eda Bel\u00e9n Sumba Bravo","Tiempo de lectura":"2 minutos"},"schema":{"@context":"https:\/\/schema.org","@graph":[{"@type":"Article","@id":"https:\/\/mula.es\/web\/tambores-presentada-la-delegacion-mulena-de-las-xxxvil-jornadas-nacionales-de-exaltacion-del-tambor-y-del-bombo-de-andorra-teruel\/#article","isPartOf":{"@id":"https:\/\/mula.es\/web\/tambores-presentada-la-delegacion-mulena-de-las-xxxvil-jornadas-nacionales-de-exaltacion-del-tambor-y-del-bombo-de-andorra-teruel\/"},"author":{"name":"Mar\u00eda Bel\u00e9n Sumba Bravo","@id":"https:\/\/mula.es\/web\/#\/schema\/person\/4cc33fc69cd667605e1b6247815ac0c0"},"headline":"TAMBORES| Presentada la delegaci\u00f3n mule\u00f1a de las XXXVIl Jornadas Nacionales de Exaltaci\u00f3n del Tambor y del Bombo de Andorra (Teruel)","datePublished":"2024-03-02T07:00:18+00:00","dateModified":"2024-03-04T12:23:32+00:00","mainEntityOfPage":{"@id":"https:\/\/mula.es\/web\/tambores-presentada-la-delegacion-mulena-de-las-xxxvil-jornadas-nacionales-de-exaltacion-del-tambor-y-del-bombo-de-andorra-teruel\/"},"wordCount":260,"image":{"@id":"https:\/\/mula.es\/web\/tambores-presentada-la-delegacion-mulena-de-las-xxxvil-jornadas-nacionales-de-exaltacion-del-tambor-y-del-bombo-de-andorra-teruel\/#primaryimage"},"thumbnailUrl":"https:\/\/mula.es\/web\/wp-content\/uploads\/2024\/03\/Tamboristas-representantes-en-jornadas-Andorra-2024.jpg","articleSection":["tambores"],"inLanguage":"es"},{"@type":"WebPage","@id":"https:\/\/mula.es\/web\/tambores-presentada-la-delegacion-mulena-de-las-xxxvil-jornadas-nacionales-de-exaltacion-del-tambor-y-del-bombo-de-andorra-teruel\/","url":"https:\/\/mula.es\/web\/tambores-presentada-la-delegacion-mulena-de-las-xxxvil-jornadas-nacionales-de-exaltacion-del-tambor-y-del-bombo-de-andorra-teruel\/","name":"TAMBORES| Presentada la delegaci\u00f3n mule\u00f1a de las XXXVIl Jornadas Nacionales de Exaltaci\u00f3n del Tambor y del Bombo de Andorra (Teruel) - Ayuntamiento de Mula","isPartOf":{"@id":"https:\/\/mula.es\/web\/#website"},"primaryImageOfPage":{"@id":"https:\/\/mula.es\/web\/tambores-presentada-la-delegacion-mulena-de-las-xxxvil-jornadas-nacionales-de-exaltacion-del-tambor-y-del-bombo-de-andorra-teruel\/#primaryimage"},"image":{"@id":"https:\/\/mula.es\/web\/tambores-presentada-la-delegacion-mulena-de-las-xxxvil-jornadas-nacionales-de-exaltacion-del-tambor-y-del-bombo-de-andorra-teruel\/#primaryimage"},"thumbnailUrl":"https:\/\/mula.es\/web\/wp-content\/uploads\/2024\/03\/Tamboristas-representantes-en-jornadas-Andorra-2024.jpg","datePublished":"2024-03-02T07:00:18+00:00","dateModified":"2024-03-04T12:23:32+00:00","author":{"@id":"https:\/\/mula.es\/web\/#\/schema\/person\/4cc33fc69cd667605e1b6247815ac0c0"},"breadcrumb":{"@id":"https:\/\/mula.es\/web\/tambores-presentada-la-delegacion-mulena-de-las-xxxvil-jornadas-nacionales-de-exaltacion-del-tambor-y-del-bombo-de-andorra-teruel\/#breadcrumb"},"inLanguage":"es","potentialAction":[{"@type":"ReadAction","target":["https:\/\/mula.es\/web\/tambores-presentada-la-delegacion-mulena-de-las-xxxvil-jornadas-nacionales-de-exaltacion-del-tambor-y-del-bombo-de-andorra-teruel\/"]}]},{"@type":"ImageObject","inLanguage":"es","@id":"https:\/\/mula.es\/web\/tambores-presentada-la-delegacion-mulena-de-las-xxxvil-jornadas-nacionales-de-exaltacion-del-tambor-y-del-bombo-de-andorra-teruel\/#primaryimage","url":"https:\/\/mula.es\/web\/wp-content\/uploads\/2024\/03\/Tamboristas-representantes-en-jornadas-Andorra-2024.jpg","contentUrl":"https:\/\/mula.es\/web\/wp-content\/uploads\/2024\/03\/Tamboristas-representantes-en-jornadas-Andorra-2024.jpg","width":2048,"height":921},{"@type":"BreadcrumbList","@id":"https:\/\/mula.es\/web\/tambores-presentada-la-delegacion-mulena-de-las-xxxvil-jornadas-nacionales-de-exaltacion-del-tambor-y-del-bombo-de-andorra-teruel\/#breadcrumb","itemListElement":[{"@type":"ListItem","position":1,"name":"Portada","item":"https:\/\/mula.es\/web\/"},{"@type":"ListItem","position":2,"name":"TAMBORES| Presentada la delegaci\u00f3n mule\u00f1a de las XXXVIl Jornadas Nacionales de Exaltaci\u00f3n del Tambor y del Bombo de Andorra (Teruel)"}]},{"@type":"WebSite","@id":"https:\/\/mula.es\/web\/#website","url":"https:\/\/mula.es\/web\/","name":"Ayuntamiento de Mula","description":"P\u00e1gina web del Ayuntamiento de Mula (Regi\u00f3n de Murcia)","potentialAction":[{"@type":"SearchAction","target":{"@type":"EntryPoint","urlTemplate":"https:\/\/mula.es\/web\/?s={search_term_string}"},"query-input":{"@type":"PropertyValueSpecification","valueRequired":true,"valueName":"search_term_string"}}],"inLanguage":"es"},{"@type":"Person","@id":"https:\/\/mula.es\/web\/#\/schema\/person\/4cc33fc69cd667605e1b6247815ac0c0","name":"Mar\u00eda Bel\u00e9n Sumba Bravo","image":{"@type":"ImageObject","inLanguage":"es","@id":"https:\/\/secure.gravatar.com\/avatar\/8f65af12a8d72e866f97bba50325bdf89a5362533b6f2c9db8c88130883986b1?s=96&d=mm&r=g","url":"https:\/\/secure.gravatar.com\/avatar\/8f65af12a8d72e866f97bba50325bdf89a5362533b6f2c9db8c88130883986b1?s=96&d=mm&r=g","contentUrl":"https:\/\/secure.gravatar.com\/avatar\/8f65af12a8d72e866f97bba50325bdf89a5362533b6f2c9db8c88130883986b1?s=96&d=mm&r=g","caption":"Mar\u00eda Bel\u00e9n Sumba Bravo"},"url":"https:\/\/mula.es\/web\/author\/mbsumba\/"}]}},"jetpack_publicize_connections":[],"jetpack_featured_media_url":"https:\/\/mula.es\/web\/wp-content\/uploads\/2024\/03\/Tamboristas-representantes-en-jornadas-Andorra-2024.jpg","jetpack_sharing_enabled":true,"jetpack_shortlink":"https:\/\/wp.me\/pa9DMY-dJw","jetpack-related-posts":[],"_links":{"self":[{"href":"https:\/\/mula.es\/web\/wp-json\/wp\/v2\/posts\/52794","targetHints":{"allow":["GET"]}}],"collection":[{"href":"https:\/\/mula.es\/web\/wp-json\/wp\/v2\/posts"}],"about":[{"href":"https:\/\/mula.es\/web\/wp-json\/wp\/v2\/types\/post"}],"author":[{"embeddable":true,"href":"https:\/\/mula.es\/web\/wp-json\/wp\/v2\/users\/12"}],"replies":[{"embeddable":true,"href":"https:\/\/mula.es\/web\/wp-json\/wp\/v2\/comments?post=52794"}],"version-history":[{"count":5,"href":"https:\/\/mula.es\/web\/wp-json\/wp\/v2\/posts\/52794\/revisions"}],"predecessor-version":[{"id":52848,"href":"https:\/\/mula.es\/web\/wp-json\/wp\/v2\/posts\/52794\/revisions\/52848"}],"wp:featuredmedia":[{"embeddable":true,"href":"https:\/\/mula.es\/web\/wp-json\/wp\/v2\/media\/52847"}],"wp:attachment":[{"href":"https:\/\/mula.es\/web\/wp-json\/wp\/v2\/media?parent=52794"}],"wp:term":[{"taxonomy":"category","embeddable":true,"href":"https:\/\/mula.es\/web\/wp-json\/wp\/v2\/categories?post=52794"},{"taxonomy":"post_tag","embeddable":true,"href":"https:\/\/mula.es\/web\/wp-json\/wp\/v2\/tags?post=52794"}],"curies":[{"name":"wp","href":"https:\/\/api.w.org\/{rel}","templated":true}]}}