{"id":52801,"date":"2024-03-01T11:55:15","date_gmt":"2024-03-01T10:55:15","guid":{"rendered":"https:\/\/mula.es\/web\/?p=52801"},"modified":"2024-03-01T11:55:15","modified_gmt":"2024-03-01T10:55:15","slug":"turismo-el-mejor-pastelero-del-mundo-se-rinde-ante-la-almendra-de-mula","status":"publish","type":"post","link":"https:\/\/mula.es\/web\/turismo-el-mejor-pastelero-del-mundo-se-rinde-ante-la-almendra-de-mula\/","title":{"rendered":"TURISMO|  El mejor pastelero del mundo se rinde ante la almendra de Mula"},"content":{"rendered":"<p style=\"text-align: justify;\"><strong>Paco Torreblanca ser\u00e1 el encargado de crear la receta de la nueva se\u00f1a de identidad gastron\u00f3mica de la localidad<\/strong><\/p>\n<p style=\"text-align: justify;\">El reconocido pastelero Paco Torreblanca recorri\u00f3 el pasado viernes, 23 de febrero, los extensos campos de almendros que dan vida a la primera floraci\u00f3n de toda Europa, con un objetivo claro: impregnarse del aroma y los colores del municipio para crear un dulce \u00fanico y exclusivo en el que el ingrediente principal ser\u00e1 su fruto m\u00e1s emblem\u00e1tico y representativo, la almendra.<\/p>\n<p style=\"text-align: justify;\">Acompa\u00f1ado por miembros del equipo de Gobierno del consistorio, Torreblanca recorri\u00f3 Mula descubriendo su inmenso patrimonio y dej\u00e1ndose impresionar por la belleza de los campos de almendros en flor. Un primer encuentro que pone en marcha el proyecto gastron\u00f3mico m\u00e1s ambicioso de Mula de los \u00faltimos a\u00f1os y que, sin duda, la coloca en el mapa gastron\u00f3mico internacional.<\/p>\n<p style=\"text-align: justify;\">Los \u201cmule\u00f1icos\u201d, un dulce pensado para hacer las delicias del desayuno, la merienda o cualquier momento de placer culinario del d\u00eda, nacen con la firme aspiraci\u00f3n de convertirse en la se\u00f1a de identidad del municipio con la mayor extensi\u00f3n de campos de almendro de todo el territorio espa\u00f1ol y con el objetivo de fomentar su econom\u00eda local. Adem\u00e1s, para su elaboraci\u00f3n contar\u00e1 con las manos de pasteleros y pasteleras aut\u00f3ctonos que aprender\u00e1n la magistral receta directamente del propio Torreblanca, en su pr\u00f3xima visita prevista para mediados del mes de marzo.<\/p>\n<p style=\"text-align: justify;\">En el dilatado palmar\u00e9s de Paco Torreblanca, con una cosecha de m\u00e1s de 150 galardones, entre los que se encuentra el de Mejor Pastelero de Espa\u00f1a y de Europa, sum\u00f3 en 2022 el prestigioso premio de Mejor Pastelero del Mundo. Reconocimientos que avalan el respeto a la tradici\u00f3n, la pasi\u00f3n por la innovaci\u00f3n y el compromiso con la evoluci\u00f3n que desde siempre ha demostrado su alta pasteler\u00eda.<\/p>\n<p>&nbsp;<\/p>\n\n\t\t<style type=\"text\/css\">\n\t\t\t#gallery-1 {\n\t\t\t\tmargin: auto;\n\t\t\t}\n\t\t\t#gallery-1 .gallery-item {\n\t\t\t\tfloat: left;\n\t\t\t\tmargin-top: 10px;\n\t\t\t\ttext-align: center;\n\t\t\t\twidth: 50%;\n\t\t\t}\n\t\t\t#gallery-1 img {\n\t\t\t\tborder: 2px solid #cfcfcf;\n\t\t\t}\n\t\t\t#gallery-1 .gallery-caption {\n\t\t\t\tmargin-left: 0;\n\t\t\t}\n\t\t\t\/* see gallery_shortcode() in wp-includes\/media.php *\/\n\t\t<\/style>\n\t\t<div data-carousel-extra='{&quot;blog_id&quot;:1,&quot;permalink&quot;:&quot;https:\/\/mula.es\/web\/turismo-el-mejor-pastelero-del-mundo-se-rinde-ante-la-almendra-de-mula\/&quot;}' id='gallery-1' class='gallery galleryid-52801 gallery-columns-2 gallery-size-medium'><dl class='gallery-item'>\n\t\t\t<dt class='gallery-icon landscape'>\n\t\t\t\t<a data-rel=\"iLightbox[postimages]\" data-title=\"Visita de Paco Torreblanca a Mula (3)\" data-caption=\"\" href='https:\/\/mula.es\/web\/turismo-el-mejor-pastelero-del-mundo-se-rinde-ante-la-almendra-de-mula\/visita-de-paco-torreblanca-a-mula-3\/'><img decoding=\"async\" width=\"300\" height=\"194\" src=\"https:\/\/mula.es\/web\/wp-content\/uploads\/2024\/03\/Visita-de-Paco-Torreblanca-a-Mula-3-300x194.jpg\" class=\"attachment-medium size-medium\" alt=\"\" srcset=\"https:\/\/mula.es\/web\/wp-content\/uploads\/2024\/03\/Visita-de-Paco-Torreblanca-a-Mula-3-200x129.jpg 200w, https:\/\/mula.es\/web\/wp-content\/uploads\/2024\/03\/Visita-de-Paco-Torreblanca-a-Mula-3-300x194.jpg 300w, https:\/\/mula.es\/web\/wp-content\/uploads\/2024\/03\/Visita-de-Paco-Torreblanca-a-Mula-3-400x258.jpg 400w, https:\/\/mula.es\/web\/wp-content\/uploads\/2024\/03\/Visita-de-Paco-Torreblanca-a-Mula-3-600x387.jpg 600w, https:\/\/mula.es\/web\/wp-content\/uploads\/2024\/03\/Visita-de-Paco-Torreblanca-a-Mula-3-768x496.jpg 768w, https:\/\/mula.es\/web\/wp-content\/uploads\/2024\/03\/Visita-de-Paco-Torreblanca-a-Mula-3-800x517.jpg 800w, https:\/\/mula.es\/web\/wp-content\/uploads\/2024\/03\/Visita-de-Paco-Torreblanca-a-Mula-3-1024x661.jpg 1024w, https:\/\/mula.es\/web\/wp-content\/uploads\/2024\/03\/Visita-de-Paco-Torreblanca-a-Mula-3-1200x775.jpg 1200w, https:\/\/mula.es\/web\/wp-content\/uploads\/2024\/03\/Visita-de-Paco-Torreblanca-a-Mula-3-1536x992.jpg 1536w\" sizes=\"(max-width: 300px) 100vw, 300px\" data-attachment-id=\"52804\" data-permalink=\"https:\/\/mula.es\/web\/turismo-el-mejor-pastelero-del-mundo-se-rinde-ante-la-almendra-de-mula\/visita-de-paco-torreblanca-a-mula-3\/\" data-orig-file=\"https:\/\/mula.es\/web\/wp-content\/uploads\/2024\/03\/Visita-de-Paco-Torreblanca-a-Mula-3-scaled.jpg\" data-orig-size=\"2560,1653\" data-comments-opened=\"0\" data-image-meta=\"{&quot;aperture&quot;:&quot;3.2&quot;,&quot;credit&quot;:&quot;&quot;,&quot;camera&quot;:&quot;DC-S5M2&quot;,&quot;caption&quot;:&quot;&quot;,&quot;created_timestamp&quot;:&quot;1708340916&quot;,&quot;copyright&quot;:&quot;&quot;,&quot;focal_length&quot;:&quot;50&quot;,&quot;iso&quot;:&quot;100&quot;,&quot;shutter_speed&quot;:&quot;0.0004&quot;,&quot;title&quot;:&quot;&quot;,&quot;orientation&quot;:&quot;1&quot;}\" data-image-title=\"Visita de Paco Torreblanca a Mula (3)\" data-image-description=\"\" data-image-caption=\"\" data-large-file=\"https:\/\/mula.es\/web\/wp-content\/uploads\/2024\/03\/Visita-de-Paco-Torreblanca-a-Mula-3-1024x661.jpg\" \/><\/a>\n\t\t\t<\/dt><\/dl><dl class='gallery-item'>\n\t\t\t<dt class='gallery-icon landscape'>\n\t\t\t\t<a data-rel=\"iLightbox[postimages]\" data-title=\"Visita de Paco Torreblanca a Mula (5)\" data-caption=\"\" href='https:\/\/mula.es\/web\/turismo-el-mejor-pastelero-del-mundo-se-rinde-ante-la-almendra-de-mula\/visita-de-paco-torreblanca-a-mula-5\/'><img decoding=\"async\" width=\"300\" height=\"199\" src=\"https:\/\/mula.es\/web\/wp-content\/uploads\/2024\/03\/Visita-de-Paco-Torreblanca-a-Mula-5-300x199.jpg\" class=\"attachment-medium size-medium\" alt=\"\" srcset=\"https:\/\/mula.es\/web\/wp-content\/uploads\/2024\/03\/Visita-de-Paco-Torreblanca-a-Mula-5-200x133.jpg 200w, https:\/\/mula.es\/web\/wp-content\/uploads\/2024\/03\/Visita-de-Paco-Torreblanca-a-Mula-5-300x199.jpg 300w, https:\/\/mula.es\/web\/wp-content\/uploads\/2024\/03\/Visita-de-Paco-Torreblanca-a-Mula-5-400x266.jpg 400w, https:\/\/mula.es\/web\/wp-content\/uploads\/2024\/03\/Visita-de-Paco-Torreblanca-a-Mula-5-600x398.jpg 600w, https:\/\/mula.es\/web\/wp-content\/uploads\/2024\/03\/Visita-de-Paco-Torreblanca-a-Mula-5-768x510.jpg 768w, https:\/\/mula.es\/web\/wp-content\/uploads\/2024\/03\/Visita-de-Paco-Torreblanca-a-Mula-5-800x531.jpg 800w, https:\/\/mula.es\/web\/wp-content\/uploads\/2024\/03\/Visita-de-Paco-Torreblanca-a-Mula-5-1024x680.jpg 1024w, https:\/\/mula.es\/web\/wp-content\/uploads\/2024\/03\/Visita-de-Paco-Torreblanca-a-Mula-5-1200x797.jpg 1200w, https:\/\/mula.es\/web\/wp-content\/uploads\/2024\/03\/Visita-de-Paco-Torreblanca-a-Mula-5-1536x1020.jpg 1536w\" sizes=\"(max-width: 300px) 100vw, 300px\" data-attachment-id=\"52806\" data-permalink=\"https:\/\/mula.es\/web\/turismo-el-mejor-pastelero-del-mundo-se-rinde-ante-la-almendra-de-mula\/visita-de-paco-torreblanca-a-mula-5\/\" data-orig-file=\"https:\/\/mula.es\/web\/wp-content\/uploads\/2024\/03\/Visita-de-Paco-Torreblanca-a-Mula-5-scaled.jpg\" data-orig-size=\"2560,1700\" data-comments-opened=\"0\" data-image-meta=\"{&quot;aperture&quot;:&quot;1.4&quot;,&quot;credit&quot;:&quot;&quot;,&quot;camera&quot;:&quot;DC-S5M2&quot;,&quot;caption&quot;:&quot;&quot;,&quot;created_timestamp&quot;:&quot;1708335404&quot;,&quot;copyright&quot;:&quot;&quot;,&quot;focal_length&quot;:&quot;50&quot;,&quot;iso&quot;:&quot;1600&quot;,&quot;shutter_speed&quot;:&quot;0.004&quot;,&quot;title&quot;:&quot;&quot;,&quot;orientation&quot;:&quot;0&quot;}\" data-image-title=\"Visita de Paco Torreblanca a Mula (5)\" data-image-description=\"\" data-image-caption=\"\" data-large-file=\"https:\/\/mula.es\/web\/wp-content\/uploads\/2024\/03\/Visita-de-Paco-Torreblanca-a-Mula-5-1024x680.jpg\" \/><\/a>\n\t\t\t<\/dt><\/dl><br style=\"clear: both\" \/><dl class='gallery-item'>\n\t\t\t<dt class='gallery-icon landscape'>\n\t\t\t\t<a data-rel=\"iLightbox[postimages]\" data-title=\"Visita de Paco Torreblanca a Mula (4)\" data-caption=\"\" href='https:\/\/mula.es\/web\/turismo-el-mejor-pastelero-del-mundo-se-rinde-ante-la-almendra-de-mula\/visita-de-paco-torreblanca-a-mula-4\/'><img decoding=\"async\" width=\"300\" height=\"202\" src=\"https:\/\/mula.es\/web\/wp-content\/uploads\/2024\/03\/Visita-de-Paco-Torreblanca-a-Mula-4-300x202.jpg\" class=\"attachment-medium size-medium\" alt=\"\" srcset=\"https:\/\/mula.es\/web\/wp-content\/uploads\/2024\/03\/Visita-de-Paco-Torreblanca-a-Mula-4-200x135.jpg 200w, https:\/\/mula.es\/web\/wp-content\/uploads\/2024\/03\/Visita-de-Paco-Torreblanca-a-Mula-4-300x202.jpg 300w, https:\/\/mula.es\/web\/wp-content\/uploads\/2024\/03\/Visita-de-Paco-Torreblanca-a-Mula-4-400x269.jpg 400w, https:\/\/mula.es\/web\/wp-content\/uploads\/2024\/03\/Visita-de-Paco-Torreblanca-a-Mula-4-600x404.jpg 600w, https:\/\/mula.es\/web\/wp-content\/uploads\/2024\/03\/Visita-de-Paco-Torreblanca-a-Mula-4-768x517.jpg 768w, https:\/\/mula.es\/web\/wp-content\/uploads\/2024\/03\/Visita-de-Paco-Torreblanca-a-Mula-4-800x539.jpg 800w, https:\/\/mula.es\/web\/wp-content\/uploads\/2024\/03\/Visita-de-Paco-Torreblanca-a-Mula-4-1024x690.jpg 1024w, https:\/\/mula.es\/web\/wp-content\/uploads\/2024\/03\/Visita-de-Paco-Torreblanca-a-Mula-4-1200x808.jpg 1200w, https:\/\/mula.es\/web\/wp-content\/uploads\/2024\/03\/Visita-de-Paco-Torreblanca-a-Mula-4-1536x1034.jpg 1536w\" sizes=\"(max-width: 300px) 100vw, 300px\" data-attachment-id=\"52805\" data-permalink=\"https:\/\/mula.es\/web\/turismo-el-mejor-pastelero-del-mundo-se-rinde-ante-la-almendra-de-mula\/visita-de-paco-torreblanca-a-mula-4\/\" data-orig-file=\"https:\/\/mula.es\/web\/wp-content\/uploads\/2024\/03\/Visita-de-Paco-Torreblanca-a-Mula-4-scaled.jpg\" data-orig-size=\"2560,1724\" data-comments-opened=\"0\" data-image-meta=\"{&quot;aperture&quot;:&quot;1.4&quot;,&quot;credit&quot;:&quot;&quot;,&quot;camera&quot;:&quot;DC-S5M2&quot;,&quot;caption&quot;:&quot;&quot;,&quot;created_timestamp&quot;:&quot;1708335510&quot;,&quot;copyright&quot;:&quot;&quot;,&quot;focal_length&quot;:&quot;50&quot;,&quot;iso&quot;:&quot;1600&quot;,&quot;shutter_speed&quot;:&quot;0.004&quot;,&quot;title&quot;:&quot;&quot;,&quot;orientation&quot;:&quot;0&quot;}\" data-image-title=\"Visita de Paco Torreblanca a Mula (4)\" data-image-description=\"\" data-image-caption=\"\" data-large-file=\"https:\/\/mula.es\/web\/wp-content\/uploads\/2024\/03\/Visita-de-Paco-Torreblanca-a-Mula-4-1024x690.jpg\" \/><\/a>\n\t\t\t<\/dt><\/dl><dl class='gallery-item'>\n\t\t\t<dt class='gallery-icon landscape'>\n\t\t\t\t<a data-rel=\"iLightbox[postimages]\" data-title=\"Visita de Paco Torreblanca a Mula (1)\" data-caption=\"\" href='https:\/\/mula.es\/web\/turismo-el-mejor-pastelero-del-mundo-se-rinde-ante-la-almendra-de-mula\/visita-de-paco-torreblanca-a-mula-1\/'><img decoding=\"async\" width=\"300\" height=\"200\" src=\"https:\/\/mula.es\/web\/wp-content\/uploads\/2024\/03\/Visita-de-Paco-Torreblanca-a-Mula-1-300x200.jpg\" class=\"attachment-medium size-medium\" alt=\"\" srcset=\"https:\/\/mula.es\/web\/wp-content\/uploads\/2024\/03\/Visita-de-Paco-Torreblanca-a-Mula-1-200x133.jpg 200w, https:\/\/mula.es\/web\/wp-content\/uploads\/2024\/03\/Visita-de-Paco-Torreblanca-a-Mula-1-300x200.jpg 300w, https:\/\/mula.es\/web\/wp-content\/uploads\/2024\/03\/Visita-de-Paco-Torreblanca-a-Mula-1-400x267.jpg 400w, https:\/\/mula.es\/web\/wp-content\/uploads\/2024\/03\/Visita-de-Paco-Torreblanca-a-Mula-1-600x400.jpg 600w, https:\/\/mula.es\/web\/wp-content\/uploads\/2024\/03\/Visita-de-Paco-Torreblanca-a-Mula-1-768x512.jpg 768w, https:\/\/mula.es\/web\/wp-content\/uploads\/2024\/03\/Visita-de-Paco-Torreblanca-a-Mula-1-800x533.jpg 800w, https:\/\/mula.es\/web\/wp-content\/uploads\/2024\/03\/Visita-de-Paco-Torreblanca-a-Mula-1-1024x683.jpg 1024w, https:\/\/mula.es\/web\/wp-content\/uploads\/2024\/03\/Visita-de-Paco-Torreblanca-a-Mula-1-1200x800.jpg 1200w, https:\/\/mula.es\/web\/wp-content\/uploads\/2024\/03\/Visita-de-Paco-Torreblanca-a-Mula-1-1536x1024.jpg 1536w\" sizes=\"(max-width: 300px) 100vw, 300px\" data-attachment-id=\"52802\" data-permalink=\"https:\/\/mula.es\/web\/turismo-el-mejor-pastelero-del-mundo-se-rinde-ante-la-almendra-de-mula\/visita-de-paco-torreblanca-a-mula-1\/\" data-orig-file=\"https:\/\/mula.es\/web\/wp-content\/uploads\/2024\/03\/Visita-de-Paco-Torreblanca-a-Mula-1-scaled.jpg\" data-orig-size=\"2560,1707\" data-comments-opened=\"0\" data-image-meta=\"{&quot;aperture&quot;:&quot;2.5&quot;,&quot;credit&quot;:&quot;&quot;,&quot;camera&quot;:&quot;DC-S5M2&quot;,&quot;caption&quot;:&quot;&quot;,&quot;created_timestamp&quot;:&quot;1708338814&quot;,&quot;copyright&quot;:&quot;&quot;,&quot;focal_length&quot;:&quot;50&quot;,&quot;iso&quot;:&quot;400&quot;,&quot;shutter_speed&quot;:&quot;0.0003125&quot;,&quot;title&quot;:&quot;&quot;,&quot;orientation&quot;:&quot;0&quot;}\" data-image-title=\"Visita de Paco Torreblanca a Mula (1)\" data-image-description=\"\" data-image-caption=\"\" data-large-file=\"https:\/\/mula.es\/web\/wp-content\/uploads\/2024\/03\/Visita-de-Paco-Torreblanca-a-Mula-1-1024x683.jpg\" \/><\/a>\n\t\t\t<\/dt><\/dl><br style=\"clear: both\" \/>\n\t\t<\/div>\n\n","protected":false},"excerpt":{"rendered":"<p>Paco Torreblanca ser\u00e1 el encargado de crear la receta de la nueva se\u00f1a de identidad gastron\u00f3mica de la localidad El reconocido pastelero Paco Torreblanca recorri\u00f3 el pasado viernes, 23 de febrero, los extensos campos de almendros que dan vida a la primera floraci\u00f3n de toda Europa, con un objetivo claro: impregnarse del aroma y los  [&#8230;]<\/p>\n","protected":false},"author":12,"featured_media":52803,"comment_status":"closed","ping_status":"closed","sticky":false,"template":"","format":"standard","meta":{"jetpack_post_was_ever_published":false,"_jetpack_newsletter_access":"","_jetpack_dont_email_post_to_subs":false,"_jetpack_newsletter_tier_id":0,"_jetpack_memberships_contains_paywalled_content":false,"_jetpack_memberships_contains_paid_content":false,"footnotes":"","jetpack_publicize_message":"","jetpack_publicize_feature_enabled":true,"jetpack_social_post_already_shared":false,"jetpack_social_options":{"image_generator_settings":{"template":"highway","default_image_id":0,"font":"","enabled":false},"version":2}},"categories":[75],"tags":[],"class_list":["post-52801","post","type-post","status-publish","format-standard","has-post-thumbnail","hentry","category-turismo"],"yoast_head":"<!-- This site is optimized with the Yoast SEO plugin v27.5 - https:\/\/yoast.com\/product\/yoast-seo-wordpress\/ -->\n<title>TURISMO| El mejor pastelero del mundo se rinde ante la almendra de Mula - Ayuntamiento de Mula<\/title>\n<meta name=\"robots\" content=\"index, follow, max-snippet:-1, max-image-preview:large, max-video-preview:-1\" \/>\n<link rel=\"canonical\" href=\"https:\/\/mula.es\/web\/turismo-el-mejor-pastelero-del-mundo-se-rinde-ante-la-almendra-de-mula\/\" \/>\n<meta property=\"og:locale\" content=\"es_ES\" \/>\n<meta property=\"og:type\" content=\"article\" \/>\n<meta property=\"og:title\" content=\"TURISMO| El mejor pastelero del mundo se rinde ante la almendra de Mula - Ayuntamiento de Mula\" \/>\n<meta property=\"og:description\" content=\"Paco Torreblanca ser\u00e1 el encargado de crear la receta de la nueva se\u00f1a de identidad gastron\u00f3mica de la localidad El reconocido pastelero Paco Torreblanca recorri\u00f3 el pasado viernes, 23 de febrero, los extensos campos de almendros que dan vida a la primera floraci\u00f3n de toda Europa, con un objetivo claro: impregnarse del aroma y los [...]\" \/>\n<meta property=\"og:url\" content=\"https:\/\/mula.es\/web\/turismo-el-mejor-pastelero-del-mundo-se-rinde-ante-la-almendra-de-mula\/\" \/>\n<meta property=\"og:site_name\" content=\"Ayuntamiento de Mula\" \/>\n<meta property=\"article:published_time\" content=\"2024-03-01T10:55:15+00:00\" \/>\n<meta property=\"og:image\" content=\"https:\/\/mula.es\/web\/wp-content\/uploads\/2024\/03\/Visita-de-Paco-Torreblanca-a-Mula-2-scaled.jpg\" \/>\n\t<meta property=\"og:image:width\" content=\"2560\" \/>\n\t<meta property=\"og:image:height\" content=\"1707\" \/>\n\t<meta property=\"og:image:type\" content=\"image\/jpeg\" \/>\n<meta name=\"author\" content=\"Mar\u00eda Bel\u00e9n Sumba Bravo\" \/>\n<meta name=\"twitter:card\" content=\"summary_large_image\" \/>\n<meta name=\"twitter:creator\" content=\"@AyuntamientMula\" \/>\n<meta name=\"twitter:site\" content=\"@AyuntamientMula\" \/>\n<meta name=\"twitter:label1\" content=\"Escrito por\" \/>\n\t<meta name=\"twitter:data1\" content=\"Mar\u00eda Bel\u00e9n Sumba Bravo\" \/>\n\t<meta name=\"twitter:label2\" content=\"Tiempo de lectura\" \/>\n\t<meta name=\"twitter:data2\" content=\"1 minuto\" \/>\n<script type=\"application\/ld+json\" class=\"yoast-schema-graph\">{\"@context\":\"https:\\\/\\\/schema.org\",\"@graph\":[{\"@type\":\"Article\",\"@id\":\"https:\\\/\\\/mula.es\\\/web\\\/turismo-el-mejor-pastelero-del-mundo-se-rinde-ante-la-almendra-de-mula\\\/#article\",\"isPartOf\":{\"@id\":\"https:\\\/\\\/mula.es\\\/web\\\/turismo-el-mejor-pastelero-del-mundo-se-rinde-ante-la-almendra-de-mula\\\/\"},\"author\":{\"name\":\"Mar\u00eda Bel\u00e9n Sumba Bravo\",\"@id\":\"https:\\\/\\\/mula.es\\\/web\\\/#\\\/schema\\\/person\\\/4cc33fc69cd667605e1b6247815ac0c0\"},\"headline\":\"TURISMO| El mejor pastelero del mundo se rinde ante la almendra de Mula\",\"datePublished\":\"2024-03-01T10:55:15+00:00\",\"mainEntityOfPage\":{\"@id\":\"https:\\\/\\\/mula.es\\\/web\\\/turismo-el-mejor-pastelero-del-mundo-se-rinde-ante-la-almendra-de-mula\\\/\"},\"wordCount\":344,\"image\":{\"@id\":\"https:\\\/\\\/mula.es\\\/web\\\/turismo-el-mejor-pastelero-del-mundo-se-rinde-ante-la-almendra-de-mula\\\/#primaryimage\"},\"thumbnailUrl\":\"https:\\\/\\\/mula.es\\\/web\\\/wp-content\\\/uploads\\\/2024\\\/03\\\/Visita-de-Paco-Torreblanca-a-Mula-2-scaled.jpg\",\"articleSection\":[\"turismo\"],\"inLanguage\":\"es\"},{\"@type\":\"WebPage\",\"@id\":\"https:\\\/\\\/mula.es\\\/web\\\/turismo-el-mejor-pastelero-del-mundo-se-rinde-ante-la-almendra-de-mula\\\/\",\"url\":\"https:\\\/\\\/mula.es\\\/web\\\/turismo-el-mejor-pastelero-del-mundo-se-rinde-ante-la-almendra-de-mula\\\/\",\"name\":\"TURISMO| El mejor pastelero del mundo se rinde ante la almendra de Mula - Ayuntamiento de Mula\",\"isPartOf\":{\"@id\":\"https:\\\/\\\/mula.es\\\/web\\\/#website\"},\"primaryImageOfPage\":{\"@id\":\"https:\\\/\\\/mula.es\\\/web\\\/turismo-el-mejor-pastelero-del-mundo-se-rinde-ante-la-almendra-de-mula\\\/#primaryimage\"},\"image\":{\"@id\":\"https:\\\/\\\/mula.es\\\/web\\\/turismo-el-mejor-pastelero-del-mundo-se-rinde-ante-la-almendra-de-mula\\\/#primaryimage\"},\"thumbnailUrl\":\"https:\\\/\\\/mula.es\\\/web\\\/wp-content\\\/uploads\\\/2024\\\/03\\\/Visita-de-Paco-Torreblanca-a-Mula-2-scaled.jpg\",\"datePublished\":\"2024-03-01T10:55:15+00:00\",\"author\":{\"@id\":\"https:\\\/\\\/mula.es\\\/web\\\/#\\\/schema\\\/person\\\/4cc33fc69cd667605e1b6247815ac0c0\"},\"breadcrumb\":{\"@id\":\"https:\\\/\\\/mula.es\\\/web\\\/turismo-el-mejor-pastelero-del-mundo-se-rinde-ante-la-almendra-de-mula\\\/#breadcrumb\"},\"inLanguage\":\"es\",\"potentialAction\":[{\"@type\":\"ReadAction\",\"target\":[\"https:\\\/\\\/mula.es\\\/web\\\/turismo-el-mejor-pastelero-del-mundo-se-rinde-ante-la-almendra-de-mula\\\/\"]}]},{\"@type\":\"ImageObject\",\"inLanguage\":\"es\",\"@id\":\"https:\\\/\\\/mula.es\\\/web\\\/turismo-el-mejor-pastelero-del-mundo-se-rinde-ante-la-almendra-de-mula\\\/#primaryimage\",\"url\":\"https:\\\/\\\/mula.es\\\/web\\\/wp-content\\\/uploads\\\/2024\\\/03\\\/Visita-de-Paco-Torreblanca-a-Mula-2-scaled.jpg\",\"contentUrl\":\"https:\\\/\\\/mula.es\\\/web\\\/wp-content\\\/uploads\\\/2024\\\/03\\\/Visita-de-Paco-Torreblanca-a-Mula-2-scaled.jpg\",\"width\":2560,\"height\":1707},{\"@type\":\"BreadcrumbList\",\"@id\":\"https:\\\/\\\/mula.es\\\/web\\\/turismo-el-mejor-pastelero-del-mundo-se-rinde-ante-la-almendra-de-mula\\\/#breadcrumb\",\"itemListElement\":[{\"@type\":\"ListItem\",\"position\":1,\"name\":\"Portada\",\"item\":\"https:\\\/\\\/mula.es\\\/web\\\/\"},{\"@type\":\"ListItem\",\"position\":2,\"name\":\"TURISMO| El mejor pastelero del mundo se rinde ante la almendra de Mula\"}]},{\"@type\":\"WebSite\",\"@id\":\"https:\\\/\\\/mula.es\\\/web\\\/#website\",\"url\":\"https:\\\/\\\/mula.es\\\/web\\\/\",\"name\":\"Ayuntamiento de Mula\",\"description\":\"P\u00e1gina web del Ayuntamiento de Mula (Regi\u00f3n de Murcia)\",\"potentialAction\":[{\"@type\":\"SearchAction\",\"target\":{\"@type\":\"EntryPoint\",\"urlTemplate\":\"https:\\\/\\\/mula.es\\\/web\\\/?s={search_term_string}\"},\"query-input\":{\"@type\":\"PropertyValueSpecification\",\"valueRequired\":true,\"valueName\":\"search_term_string\"}}],\"inLanguage\":\"es\"},{\"@type\":\"Person\",\"@id\":\"https:\\\/\\\/mula.es\\\/web\\\/#\\\/schema\\\/person\\\/4cc33fc69cd667605e1b6247815ac0c0\",\"name\":\"Mar\u00eda Bel\u00e9n Sumba Bravo\",\"image\":{\"@type\":\"ImageObject\",\"inLanguage\":\"es\",\"@id\":\"https:\\\/\\\/secure.gravatar.com\\\/avatar\\\/8f65af12a8d72e866f97bba50325bdf89a5362533b6f2c9db8c88130883986b1?s=96&d=mm&r=g\",\"url\":\"https:\\\/\\\/secure.gravatar.com\\\/avatar\\\/8f65af12a8d72e866f97bba50325bdf89a5362533b6f2c9db8c88130883986b1?s=96&d=mm&r=g\",\"contentUrl\":\"https:\\\/\\\/secure.gravatar.com\\\/avatar\\\/8f65af12a8d72e866f97bba50325bdf89a5362533b6f2c9db8c88130883986b1?s=96&d=mm&r=g\",\"caption\":\"Mar\u00eda Bel\u00e9n Sumba Bravo\"},\"url\":\"https:\\\/\\\/mula.es\\\/web\\\/author\\\/mbsumba\\\/\"}]}<\/script>\n<!-- \/ Yoast SEO plugin. -->","yoast_head_json":{"title":"TURISMO| El mejor pastelero del mundo se rinde ante la almendra de Mula - Ayuntamiento de Mula","robots":{"index":"index","follow":"follow","max-snippet":"max-snippet:-1","max-image-preview":"max-image-preview:large","max-video-preview":"max-video-preview:-1"},"canonical":"https:\/\/mula.es\/web\/turismo-el-mejor-pastelero-del-mundo-se-rinde-ante-la-almendra-de-mula\/","og_locale":"es_ES","og_type":"article","og_title":"TURISMO| El mejor pastelero del mundo se rinde ante la almendra de Mula - Ayuntamiento de Mula","og_description":"Paco Torreblanca ser\u00e1 el encargado de crear la receta de la nueva se\u00f1a de identidad gastron\u00f3mica de la localidad El reconocido pastelero Paco Torreblanca recorri\u00f3 el pasado viernes, 23 de febrero, los extensos campos de almendros que dan vida a la primera floraci\u00f3n de toda Europa, con un objetivo claro: impregnarse del aroma y los [...]","og_url":"https:\/\/mula.es\/web\/turismo-el-mejor-pastelero-del-mundo-se-rinde-ante-la-almendra-de-mula\/","og_site_name":"Ayuntamiento de Mula","article_published_time":"2024-03-01T10:55:15+00:00","og_image":[{"width":2560,"height":1707,"url":"https:\/\/mula.es\/web\/wp-content\/uploads\/2024\/03\/Visita-de-Paco-Torreblanca-a-Mula-2-scaled.jpg","type":"image\/jpeg"}],"author":"Mar\u00eda Bel\u00e9n Sumba Bravo","twitter_card":"summary_large_image","twitter_creator":"@AyuntamientMula","twitter_site":"@AyuntamientMula","twitter_misc":{"Escrito por":"Mar\u00eda Bel\u00e9n Sumba Bravo","Tiempo de lectura":"1 minuto"},"schema":{"@context":"https:\/\/schema.org","@graph":[{"@type":"Article","@id":"https:\/\/mula.es\/web\/turismo-el-mejor-pastelero-del-mundo-se-rinde-ante-la-almendra-de-mula\/#article","isPartOf":{"@id":"https:\/\/mula.es\/web\/turismo-el-mejor-pastelero-del-mundo-se-rinde-ante-la-almendra-de-mula\/"},"author":{"name":"Mar\u00eda Bel\u00e9n Sumba Bravo","@id":"https:\/\/mula.es\/web\/#\/schema\/person\/4cc33fc69cd667605e1b6247815ac0c0"},"headline":"TURISMO| El mejor pastelero del mundo se rinde ante la almendra de Mula","datePublished":"2024-03-01T10:55:15+00:00","mainEntityOfPage":{"@id":"https:\/\/mula.es\/web\/turismo-el-mejor-pastelero-del-mundo-se-rinde-ante-la-almendra-de-mula\/"},"wordCount":344,"image":{"@id":"https:\/\/mula.es\/web\/turismo-el-mejor-pastelero-del-mundo-se-rinde-ante-la-almendra-de-mula\/#primaryimage"},"thumbnailUrl":"https:\/\/mula.es\/web\/wp-content\/uploads\/2024\/03\/Visita-de-Paco-Torreblanca-a-Mula-2-scaled.jpg","articleSection":["turismo"],"inLanguage":"es"},{"@type":"WebPage","@id":"https:\/\/mula.es\/web\/turismo-el-mejor-pastelero-del-mundo-se-rinde-ante-la-almendra-de-mula\/","url":"https:\/\/mula.es\/web\/turismo-el-mejor-pastelero-del-mundo-se-rinde-ante-la-almendra-de-mula\/","name":"TURISMO| El mejor pastelero del mundo se rinde ante la almendra de Mula - Ayuntamiento de Mula","isPartOf":{"@id":"https:\/\/mula.es\/web\/#website"},"primaryImageOfPage":{"@id":"https:\/\/mula.es\/web\/turismo-el-mejor-pastelero-del-mundo-se-rinde-ante-la-almendra-de-mula\/#primaryimage"},"image":{"@id":"https:\/\/mula.es\/web\/turismo-el-mejor-pastelero-del-mundo-se-rinde-ante-la-almendra-de-mula\/#primaryimage"},"thumbnailUrl":"https:\/\/mula.es\/web\/wp-content\/uploads\/2024\/03\/Visita-de-Paco-Torreblanca-a-Mula-2-scaled.jpg","datePublished":"2024-03-01T10:55:15+00:00","author":{"@id":"https:\/\/mula.es\/web\/#\/schema\/person\/4cc33fc69cd667605e1b6247815ac0c0"},"breadcrumb":{"@id":"https:\/\/mula.es\/web\/turismo-el-mejor-pastelero-del-mundo-se-rinde-ante-la-almendra-de-mula\/#breadcrumb"},"inLanguage":"es","potentialAction":[{"@type":"ReadAction","target":["https:\/\/mula.es\/web\/turismo-el-mejor-pastelero-del-mundo-se-rinde-ante-la-almendra-de-mula\/"]}]},{"@type":"ImageObject","inLanguage":"es","@id":"https:\/\/mula.es\/web\/turismo-el-mejor-pastelero-del-mundo-se-rinde-ante-la-almendra-de-mula\/#primaryimage","url":"https:\/\/mula.es\/web\/wp-content\/uploads\/2024\/03\/Visita-de-Paco-Torreblanca-a-Mula-2-scaled.jpg","contentUrl":"https:\/\/mula.es\/web\/wp-content\/uploads\/2024\/03\/Visita-de-Paco-Torreblanca-a-Mula-2-scaled.jpg","width":2560,"height":1707},{"@type":"BreadcrumbList","@id":"https:\/\/mula.es\/web\/turismo-el-mejor-pastelero-del-mundo-se-rinde-ante-la-almendra-de-mula\/#breadcrumb","itemListElement":[{"@type":"ListItem","position":1,"name":"Portada","item":"https:\/\/mula.es\/web\/"},{"@type":"ListItem","position":2,"name":"TURISMO| El mejor pastelero del mundo se rinde ante la almendra de Mula"}]},{"@type":"WebSite","@id":"https:\/\/mula.es\/web\/#website","url":"https:\/\/mula.es\/web\/","name":"Ayuntamiento de Mula","description":"P\u00e1gina web del Ayuntamiento de Mula (Regi\u00f3n de Murcia)","potentialAction":[{"@type":"SearchAction","target":{"@type":"EntryPoint","urlTemplate":"https:\/\/mula.es\/web\/?s={search_term_string}"},"query-input":{"@type":"PropertyValueSpecification","valueRequired":true,"valueName":"search_term_string"}}],"inLanguage":"es"},{"@type":"Person","@id":"https:\/\/mula.es\/web\/#\/schema\/person\/4cc33fc69cd667605e1b6247815ac0c0","name":"Mar\u00eda Bel\u00e9n Sumba Bravo","image":{"@type":"ImageObject","inLanguage":"es","@id":"https:\/\/secure.gravatar.com\/avatar\/8f65af12a8d72e866f97bba50325bdf89a5362533b6f2c9db8c88130883986b1?s=96&d=mm&r=g","url":"https:\/\/secure.gravatar.com\/avatar\/8f65af12a8d72e866f97bba50325bdf89a5362533b6f2c9db8c88130883986b1?s=96&d=mm&r=g","contentUrl":"https:\/\/secure.gravatar.com\/avatar\/8f65af12a8d72e866f97bba50325bdf89a5362533b6f2c9db8c88130883986b1?s=96&d=mm&r=g","caption":"Mar\u00eda Bel\u00e9n Sumba Bravo"},"url":"https:\/\/mula.es\/web\/author\/mbsumba\/"}]}},"jetpack_publicize_connections":[],"jetpack_featured_media_url":"https:\/\/mula.es\/web\/wp-content\/uploads\/2024\/03\/Visita-de-Paco-Torreblanca-a-Mula-2-scaled.jpg","jetpack_sharing_enabled":true,"jetpack_shortlink":"https:\/\/wp.me\/pa9DMY-dJD","jetpack-related-posts":[],"_links":{"self":[{"href":"https:\/\/mula.es\/web\/wp-json\/wp\/v2\/posts\/52801","targetHints":{"allow":["GET"]}}],"collection":[{"href":"https:\/\/mula.es\/web\/wp-json\/wp\/v2\/posts"}],"about":[{"href":"https:\/\/mula.es\/web\/wp-json\/wp\/v2\/types\/post"}],"author":[{"embeddable":true,"href":"https:\/\/mula.es\/web\/wp-json\/wp\/v2\/users\/12"}],"replies":[{"embeddable":true,"href":"https:\/\/mula.es\/web\/wp-json\/wp\/v2\/comments?post=52801"}],"version-history":[{"count":1,"href":"https:\/\/mula.es\/web\/wp-json\/wp\/v2\/posts\/52801\/revisions"}],"predecessor-version":[{"id":52807,"href":"https:\/\/mula.es\/web\/wp-json\/wp\/v2\/posts\/52801\/revisions\/52807"}],"wp:featuredmedia":[{"embeddable":true,"href":"https:\/\/mula.es\/web\/wp-json\/wp\/v2\/media\/52803"}],"wp:attachment":[{"href":"https:\/\/mula.es\/web\/wp-json\/wp\/v2\/media?parent=52801"}],"wp:term":[{"taxonomy":"category","embeddable":true,"href":"https:\/\/mula.es\/web\/wp-json\/wp\/v2\/categories?post=52801"},{"taxonomy":"post_tag","embeddable":true,"href":"https:\/\/mula.es\/web\/wp-json\/wp\/v2\/tags?post=52801"}],"curies":[{"name":"wp","href":"https:\/\/api.w.org\/{rel}","templated":true}]}}