{"id":52808,"date":"2024-03-01T14:05:28","date_gmt":"2024-03-01T13:05:28","guid":{"rendered":"https:\/\/mula.es\/web\/?p=52808"},"modified":"2024-03-01T14:07:03","modified_gmt":"2024-03-01T13:07:03","slug":"educacion-clausurada-la-xvii-semana-cultural-del-ies-ortega-y-rubio","status":"publish","type":"post","link":"https:\/\/mula.es\/web\/educacion-clausurada-la-xvii-semana-cultural-del-ies-ortega-y-rubio\/","title":{"rendered":"EDUCACI\u00d3N| Clausurada la XVII Semana Cultural del IES Ortega y Rubio"},"content":{"rendered":"<p style=\"text-align: justify;\">El alcalde de Mula, Juan Jes\u00fas Moreno, y miembros de la corporaci\u00f3n municipal han acudido a la clausura de la XVII Semana Cultural del IES Ortega y Rubio de Mula, donde se han entregado los premios de los concursos convocados a lo largo de la semana, cuya tem\u00e1tica ha sido &#8216;Mula y su entorno. Naturaleza, historia y cultura&#8217;.<\/p>\n<p style=\"text-align: justify;\">Del 26 de febrero al 1 de marzo, el alumnado del IES Ortega y Rubio ha participado en diversas actividades y excursiones para conocer mejor el municipio mule\u00f1o. Han realizado salidas por diversos puntos de inter\u00e9s de Mula, escuchado a antiguos alumnos del centro, visitado una exhibici\u00f3n de aves rapaces, desarrollado talleres narrativos y de poes\u00eda. Asimismo, han aprendido sobre el oficio de Jos\u00e9 Pi\u00f1ero, artesano de tambores en Mula; e indagado sobre el mundo de la literatura en una mesa redonda con varios autores mule\u00f1os, entre otras actividades.<\/p>\n<p style=\"text-align: justify;\">\u00abUna iniciativa muy necesaria a trav\u00e9s de la que los alumnos y alumnas han podido explorar y comprender mejor la historia, la cultura y el inmenso patrimonio de Mula, as\u00ed como conocer experiencias cercanas de la mano de mule\u00f1os y mule\u00f1as\u00bb, ha expresado el alcalde de Mula, dando la enhorabuena al profesorado y al alumnado \u00abpor el gran entusiasmo que anualmente muestran en la celebraci\u00f3n de su Semana Cultural\u00bb.<\/p>\n<p>&nbsp;<\/p>\n","protected":false},"excerpt":{"rendered":"<p>El alcalde de Mula, Juan Jes\u00fas Moreno, y miembros de la corporaci\u00f3n municipal han acudido a la clausura de la XVII Semana Cultural del IES Ortega y Rubio de Mula, donde se han entregado los premios de los concursos convocados a lo largo de la semana, cuya tem\u00e1tica ha sido &#8216;Mula y su entorno. Naturaleza,  [&#8230;]<\/p>\n","protected":false},"author":12,"featured_media":52809,"comment_status":"closed","ping_status":"closed","sticky":false,"template":"","format":"standard","meta":{"jetpack_post_was_ever_published":false,"_jetpack_newsletter_access":"","_jetpack_dont_email_post_to_subs":false,"_jetpack_newsletter_tier_id":0,"_jetpack_memberships_contains_paywalled_content":false,"_jetpack_memberships_contains_paid_content":false,"footnotes":"","jetpack_publicize_message":"","jetpack_publicize_feature_enabled":true,"jetpack_social_post_already_shared":false,"jetpack_social_options":{"image_generator_settings":{"template":"highway","default_image_id":0,"font":"","enabled":false},"version":2}},"categories":[89],"tags":[],"class_list":["post-52808","post","type-post","status-publish","format-standard","has-post-thumbnail","hentry","category-educacion"],"yoast_head":"<!-- This site is optimized with the Yoast SEO plugin v27.5 - https:\/\/yoast.com\/product\/yoast-seo-wordpress\/ -->\n<title>EDUCACI\u00d3N| Clausurada la XVII Semana Cultural del IES Ortega y Rubio - Ayuntamiento de Mula<\/title>\n<meta name=\"robots\" content=\"index, follow, max-snippet:-1, max-image-preview:large, max-video-preview:-1\" \/>\n<link rel=\"canonical\" href=\"https:\/\/mula.es\/web\/educacion-clausurada-la-xvii-semana-cultural-del-ies-ortega-y-rubio\/\" \/>\n<meta property=\"og:locale\" content=\"es_ES\" \/>\n<meta property=\"og:type\" content=\"article\" \/>\n<meta property=\"og:title\" content=\"EDUCACI\u00d3N| Clausurada la XVII Semana Cultural del IES Ortega y Rubio - Ayuntamiento de Mula\" \/>\n<meta property=\"og:description\" content=\"El alcalde de Mula, Juan Jes\u00fas Moreno, y miembros de la corporaci\u00f3n municipal han acudido a la clausura de la XVII Semana Cultural del IES Ortega y Rubio de Mula, donde se han entregado los premios de los concursos convocados a lo largo de la semana, cuya tem\u00e1tica ha sido &#8216;Mula y su entorno. Naturaleza, [...]\" \/>\n<meta property=\"og:url\" content=\"https:\/\/mula.es\/web\/educacion-clausurada-la-xvii-semana-cultural-del-ies-ortega-y-rubio\/\" \/>\n<meta property=\"og:site_name\" content=\"Ayuntamiento de Mula\" \/>\n<meta property=\"article:published_time\" content=\"2024-03-01T13:05:28+00:00\" \/>\n<meta property=\"article:modified_time\" content=\"2024-03-01T13:07:03+00:00\" \/>\n<meta property=\"og:image\" content=\"https:\/\/mula.es\/web\/wp-content\/uploads\/2024\/03\/Clausura-IES-Ortega-y-Rubio.jpeg\" \/>\n\t<meta property=\"og:image:width\" content=\"1600\" \/>\n\t<meta property=\"og:image:height\" content=\"1200\" \/>\n\t<meta property=\"og:image:type\" content=\"image\/jpeg\" \/>\n<meta name=\"author\" content=\"Mar\u00eda Bel\u00e9n Sumba Bravo\" \/>\n<meta name=\"twitter:card\" content=\"summary_large_image\" \/>\n<meta name=\"twitter:creator\" content=\"@AyuntamientMula\" \/>\n<meta name=\"twitter:site\" content=\"@AyuntamientMula\" \/>\n<meta name=\"twitter:label1\" content=\"Escrito por\" \/>\n\t<meta name=\"twitter:data1\" content=\"Mar\u00eda Bel\u00e9n Sumba Bravo\" \/>\n\t<meta name=\"twitter:label2\" content=\"Tiempo de lectura\" \/>\n\t<meta name=\"twitter:data2\" content=\"2 minutos\" \/>\n<script type=\"application\/ld+json\" class=\"yoast-schema-graph\">{\"@context\":\"https:\\\/\\\/schema.org\",\"@graph\":[{\"@type\":\"Article\",\"@id\":\"https:\\\/\\\/mula.es\\\/web\\\/educacion-clausurada-la-xvii-semana-cultural-del-ies-ortega-y-rubio\\\/#article\",\"isPartOf\":{\"@id\":\"https:\\\/\\\/mula.es\\\/web\\\/educacion-clausurada-la-xvii-semana-cultural-del-ies-ortega-y-rubio\\\/\"},\"author\":{\"name\":\"Mar\u00eda Bel\u00e9n Sumba Bravo\",\"@id\":\"https:\\\/\\\/mula.es\\\/web\\\/#\\\/schema\\\/person\\\/4cc33fc69cd667605e1b6247815ac0c0\"},\"headline\":\"EDUCACI\u00d3N| Clausurada la XVII Semana Cultural del IES Ortega y Rubio\",\"datePublished\":\"2024-03-01T13:05:28+00:00\",\"dateModified\":\"2024-03-01T13:07:03+00:00\",\"mainEntityOfPage\":{\"@id\":\"https:\\\/\\\/mula.es\\\/web\\\/educacion-clausurada-la-xvii-semana-cultural-del-ies-ortega-y-rubio\\\/\"},\"wordCount\":240,\"image\":{\"@id\":\"https:\\\/\\\/mula.es\\\/web\\\/educacion-clausurada-la-xvii-semana-cultural-del-ies-ortega-y-rubio\\\/#primaryimage\"},\"thumbnailUrl\":\"https:\\\/\\\/mula.es\\\/web\\\/wp-content\\\/uploads\\\/2024\\\/03\\\/Clausura-IES-Ortega-y-Rubio.jpeg\",\"articleSection\":[\"educaci\u00f3n\"],\"inLanguage\":\"es\"},{\"@type\":\"WebPage\",\"@id\":\"https:\\\/\\\/mula.es\\\/web\\\/educacion-clausurada-la-xvii-semana-cultural-del-ies-ortega-y-rubio\\\/\",\"url\":\"https:\\\/\\\/mula.es\\\/web\\\/educacion-clausurada-la-xvii-semana-cultural-del-ies-ortega-y-rubio\\\/\",\"name\":\"EDUCACI\u00d3N| Clausurada la XVII Semana Cultural del IES Ortega y Rubio - Ayuntamiento de Mula\",\"isPartOf\":{\"@id\":\"https:\\\/\\\/mula.es\\\/web\\\/#website\"},\"primaryImageOfPage\":{\"@id\":\"https:\\\/\\\/mula.es\\\/web\\\/educacion-clausurada-la-xvii-semana-cultural-del-ies-ortega-y-rubio\\\/#primaryimage\"},\"image\":{\"@id\":\"https:\\\/\\\/mula.es\\\/web\\\/educacion-clausurada-la-xvii-semana-cultural-del-ies-ortega-y-rubio\\\/#primaryimage\"},\"thumbnailUrl\":\"https:\\\/\\\/mula.es\\\/web\\\/wp-content\\\/uploads\\\/2024\\\/03\\\/Clausura-IES-Ortega-y-Rubio.jpeg\",\"datePublished\":\"2024-03-01T13:05:28+00:00\",\"dateModified\":\"2024-03-01T13:07:03+00:00\",\"author\":{\"@id\":\"https:\\\/\\\/mula.es\\\/web\\\/#\\\/schema\\\/person\\\/4cc33fc69cd667605e1b6247815ac0c0\"},\"breadcrumb\":{\"@id\":\"https:\\\/\\\/mula.es\\\/web\\\/educacion-clausurada-la-xvii-semana-cultural-del-ies-ortega-y-rubio\\\/#breadcrumb\"},\"inLanguage\":\"es\",\"potentialAction\":[{\"@type\":\"ReadAction\",\"target\":[\"https:\\\/\\\/mula.es\\\/web\\\/educacion-clausurada-la-xvii-semana-cultural-del-ies-ortega-y-rubio\\\/\"]}]},{\"@type\":\"ImageObject\",\"inLanguage\":\"es\",\"@id\":\"https:\\\/\\\/mula.es\\\/web\\\/educacion-clausurada-la-xvii-semana-cultural-del-ies-ortega-y-rubio\\\/#primaryimage\",\"url\":\"https:\\\/\\\/mula.es\\\/web\\\/wp-content\\\/uploads\\\/2024\\\/03\\\/Clausura-IES-Ortega-y-Rubio.jpeg\",\"contentUrl\":\"https:\\\/\\\/mula.es\\\/web\\\/wp-content\\\/uploads\\\/2024\\\/03\\\/Clausura-IES-Ortega-y-Rubio.jpeg\",\"width\":1600,\"height\":1200},{\"@type\":\"BreadcrumbList\",\"@id\":\"https:\\\/\\\/mula.es\\\/web\\\/educacion-clausurada-la-xvii-semana-cultural-del-ies-ortega-y-rubio\\\/#breadcrumb\",\"itemListElement\":[{\"@type\":\"ListItem\",\"position\":1,\"name\":\"Portada\",\"item\":\"https:\\\/\\\/mula.es\\\/web\\\/\"},{\"@type\":\"ListItem\",\"position\":2,\"name\":\"EDUCACI\u00d3N| Clausurada la XVII Semana Cultural del IES Ortega y Rubio\"}]},{\"@type\":\"WebSite\",\"@id\":\"https:\\\/\\\/mula.es\\\/web\\\/#website\",\"url\":\"https:\\\/\\\/mula.es\\\/web\\\/\",\"name\":\"Ayuntamiento de Mula\",\"description\":\"P\u00e1gina web del Ayuntamiento de Mula (Regi\u00f3n de Murcia)\",\"potentialAction\":[{\"@type\":\"SearchAction\",\"target\":{\"@type\":\"EntryPoint\",\"urlTemplate\":\"https:\\\/\\\/mula.es\\\/web\\\/?s={search_term_string}\"},\"query-input\":{\"@type\":\"PropertyValueSpecification\",\"valueRequired\":true,\"valueName\":\"search_term_string\"}}],\"inLanguage\":\"es\"},{\"@type\":\"Person\",\"@id\":\"https:\\\/\\\/mula.es\\\/web\\\/#\\\/schema\\\/person\\\/4cc33fc69cd667605e1b6247815ac0c0\",\"name\":\"Mar\u00eda Bel\u00e9n Sumba Bravo\",\"image\":{\"@type\":\"ImageObject\",\"inLanguage\":\"es\",\"@id\":\"https:\\\/\\\/secure.gravatar.com\\\/avatar\\\/8f65af12a8d72e866f97bba50325bdf89a5362533b6f2c9db8c88130883986b1?s=96&d=mm&r=g\",\"url\":\"https:\\\/\\\/secure.gravatar.com\\\/avatar\\\/8f65af12a8d72e866f97bba50325bdf89a5362533b6f2c9db8c88130883986b1?s=96&d=mm&r=g\",\"contentUrl\":\"https:\\\/\\\/secure.gravatar.com\\\/avatar\\\/8f65af12a8d72e866f97bba50325bdf89a5362533b6f2c9db8c88130883986b1?s=96&d=mm&r=g\",\"caption\":\"Mar\u00eda Bel\u00e9n Sumba Bravo\"},\"url\":\"https:\\\/\\\/mula.es\\\/web\\\/author\\\/mbsumba\\\/\"}]}<\/script>\n<!-- \/ Yoast SEO plugin. -->","yoast_head_json":{"title":"EDUCACI\u00d3N| Clausurada la XVII Semana Cultural del IES Ortega y Rubio - Ayuntamiento de Mula","robots":{"index":"index","follow":"follow","max-snippet":"max-snippet:-1","max-image-preview":"max-image-preview:large","max-video-preview":"max-video-preview:-1"},"canonical":"https:\/\/mula.es\/web\/educacion-clausurada-la-xvii-semana-cultural-del-ies-ortega-y-rubio\/","og_locale":"es_ES","og_type":"article","og_title":"EDUCACI\u00d3N| Clausurada la XVII Semana Cultural del IES Ortega y Rubio - Ayuntamiento de Mula","og_description":"El alcalde de Mula, Juan Jes\u00fas Moreno, y miembros de la corporaci\u00f3n municipal han acudido a la clausura de la XVII Semana Cultural del IES Ortega y Rubio de Mula, donde se han entregado los premios de los concursos convocados a lo largo de la semana, cuya tem\u00e1tica ha sido &#8216;Mula y su entorno. Naturaleza, [...]","og_url":"https:\/\/mula.es\/web\/educacion-clausurada-la-xvii-semana-cultural-del-ies-ortega-y-rubio\/","og_site_name":"Ayuntamiento de Mula","article_published_time":"2024-03-01T13:05:28+00:00","article_modified_time":"2024-03-01T13:07:03+00:00","og_image":[{"width":1600,"height":1200,"url":"https:\/\/mula.es\/web\/wp-content\/uploads\/2024\/03\/Clausura-IES-Ortega-y-Rubio.jpeg","type":"image\/jpeg"}],"author":"Mar\u00eda Bel\u00e9n Sumba Bravo","twitter_card":"summary_large_image","twitter_creator":"@AyuntamientMula","twitter_site":"@AyuntamientMula","twitter_misc":{"Escrito por":"Mar\u00eda Bel\u00e9n Sumba Bravo","Tiempo de lectura":"2 minutos"},"schema":{"@context":"https:\/\/schema.org","@graph":[{"@type":"Article","@id":"https:\/\/mula.es\/web\/educacion-clausurada-la-xvii-semana-cultural-del-ies-ortega-y-rubio\/#article","isPartOf":{"@id":"https:\/\/mula.es\/web\/educacion-clausurada-la-xvii-semana-cultural-del-ies-ortega-y-rubio\/"},"author":{"name":"Mar\u00eda Bel\u00e9n Sumba Bravo","@id":"https:\/\/mula.es\/web\/#\/schema\/person\/4cc33fc69cd667605e1b6247815ac0c0"},"headline":"EDUCACI\u00d3N| Clausurada la XVII Semana Cultural del IES Ortega y Rubio","datePublished":"2024-03-01T13:05:28+00:00","dateModified":"2024-03-01T13:07:03+00:00","mainEntityOfPage":{"@id":"https:\/\/mula.es\/web\/educacion-clausurada-la-xvii-semana-cultural-del-ies-ortega-y-rubio\/"},"wordCount":240,"image":{"@id":"https:\/\/mula.es\/web\/educacion-clausurada-la-xvii-semana-cultural-del-ies-ortega-y-rubio\/#primaryimage"},"thumbnailUrl":"https:\/\/mula.es\/web\/wp-content\/uploads\/2024\/03\/Clausura-IES-Ortega-y-Rubio.jpeg","articleSection":["educaci\u00f3n"],"inLanguage":"es"},{"@type":"WebPage","@id":"https:\/\/mula.es\/web\/educacion-clausurada-la-xvii-semana-cultural-del-ies-ortega-y-rubio\/","url":"https:\/\/mula.es\/web\/educacion-clausurada-la-xvii-semana-cultural-del-ies-ortega-y-rubio\/","name":"EDUCACI\u00d3N| Clausurada la XVII Semana Cultural del IES Ortega y Rubio - Ayuntamiento de Mula","isPartOf":{"@id":"https:\/\/mula.es\/web\/#website"},"primaryImageOfPage":{"@id":"https:\/\/mula.es\/web\/educacion-clausurada-la-xvii-semana-cultural-del-ies-ortega-y-rubio\/#primaryimage"},"image":{"@id":"https:\/\/mula.es\/web\/educacion-clausurada-la-xvii-semana-cultural-del-ies-ortega-y-rubio\/#primaryimage"},"thumbnailUrl":"https:\/\/mula.es\/web\/wp-content\/uploads\/2024\/03\/Clausura-IES-Ortega-y-Rubio.jpeg","datePublished":"2024-03-01T13:05:28+00:00","dateModified":"2024-03-01T13:07:03+00:00","author":{"@id":"https:\/\/mula.es\/web\/#\/schema\/person\/4cc33fc69cd667605e1b6247815ac0c0"},"breadcrumb":{"@id":"https:\/\/mula.es\/web\/educacion-clausurada-la-xvii-semana-cultural-del-ies-ortega-y-rubio\/#breadcrumb"},"inLanguage":"es","potentialAction":[{"@type":"ReadAction","target":["https:\/\/mula.es\/web\/educacion-clausurada-la-xvii-semana-cultural-del-ies-ortega-y-rubio\/"]}]},{"@type":"ImageObject","inLanguage":"es","@id":"https:\/\/mula.es\/web\/educacion-clausurada-la-xvii-semana-cultural-del-ies-ortega-y-rubio\/#primaryimage","url":"https:\/\/mula.es\/web\/wp-content\/uploads\/2024\/03\/Clausura-IES-Ortega-y-Rubio.jpeg","contentUrl":"https:\/\/mula.es\/web\/wp-content\/uploads\/2024\/03\/Clausura-IES-Ortega-y-Rubio.jpeg","width":1600,"height":1200},{"@type":"BreadcrumbList","@id":"https:\/\/mula.es\/web\/educacion-clausurada-la-xvii-semana-cultural-del-ies-ortega-y-rubio\/#breadcrumb","itemListElement":[{"@type":"ListItem","position":1,"name":"Portada","item":"https:\/\/mula.es\/web\/"},{"@type":"ListItem","position":2,"name":"EDUCACI\u00d3N| Clausurada la XVII Semana Cultural del IES Ortega y Rubio"}]},{"@type":"WebSite","@id":"https:\/\/mula.es\/web\/#website","url":"https:\/\/mula.es\/web\/","name":"Ayuntamiento de Mula","description":"P\u00e1gina web del Ayuntamiento de Mula (Regi\u00f3n de Murcia)","potentialAction":[{"@type":"SearchAction","target":{"@type":"EntryPoint","urlTemplate":"https:\/\/mula.es\/web\/?s={search_term_string}"},"query-input":{"@type":"PropertyValueSpecification","valueRequired":true,"valueName":"search_term_string"}}],"inLanguage":"es"},{"@type":"Person","@id":"https:\/\/mula.es\/web\/#\/schema\/person\/4cc33fc69cd667605e1b6247815ac0c0","name":"Mar\u00eda Bel\u00e9n Sumba Bravo","image":{"@type":"ImageObject","inLanguage":"es","@id":"https:\/\/secure.gravatar.com\/avatar\/8f65af12a8d72e866f97bba50325bdf89a5362533b6f2c9db8c88130883986b1?s=96&d=mm&r=g","url":"https:\/\/secure.gravatar.com\/avatar\/8f65af12a8d72e866f97bba50325bdf89a5362533b6f2c9db8c88130883986b1?s=96&d=mm&r=g","contentUrl":"https:\/\/secure.gravatar.com\/avatar\/8f65af12a8d72e866f97bba50325bdf89a5362533b6f2c9db8c88130883986b1?s=96&d=mm&r=g","caption":"Mar\u00eda Bel\u00e9n Sumba Bravo"},"url":"https:\/\/mula.es\/web\/author\/mbsumba\/"}]}},"jetpack_publicize_connections":[],"jetpack_featured_media_url":"https:\/\/mula.es\/web\/wp-content\/uploads\/2024\/03\/Clausura-IES-Ortega-y-Rubio.jpeg","jetpack_sharing_enabled":true,"jetpack_shortlink":"https:\/\/wp.me\/pa9DMY-dJK","jetpack-related-posts":[],"_links":{"self":[{"href":"https:\/\/mula.es\/web\/wp-json\/wp\/v2\/posts\/52808","targetHints":{"allow":["GET"]}}],"collection":[{"href":"https:\/\/mula.es\/web\/wp-json\/wp\/v2\/posts"}],"about":[{"href":"https:\/\/mula.es\/web\/wp-json\/wp\/v2\/types\/post"}],"author":[{"embeddable":true,"href":"https:\/\/mula.es\/web\/wp-json\/wp\/v2\/users\/12"}],"replies":[{"embeddable":true,"href":"https:\/\/mula.es\/web\/wp-json\/wp\/v2\/comments?post=52808"}],"version-history":[{"count":3,"href":"https:\/\/mula.es\/web\/wp-json\/wp\/v2\/posts\/52808\/revisions"}],"predecessor-version":[{"id":52811,"href":"https:\/\/mula.es\/web\/wp-json\/wp\/v2\/posts\/52808\/revisions\/52811"}],"wp:featuredmedia":[{"embeddable":true,"href":"https:\/\/mula.es\/web\/wp-json\/wp\/v2\/media\/52809"}],"wp:attachment":[{"href":"https:\/\/mula.es\/web\/wp-json\/wp\/v2\/media?parent=52808"}],"wp:term":[{"taxonomy":"category","embeddable":true,"href":"https:\/\/mula.es\/web\/wp-json\/wp\/v2\/categories?post=52808"},{"taxonomy":"post_tag","embeddable":true,"href":"https:\/\/mula.es\/web\/wp-json\/wp\/v2\/tags?post=52808"}],"curies":[{"name":"wp","href":"https:\/\/api.w.org\/{rel}","templated":true}]}}