{"id":52835,"date":"2024-03-04T10:19:05","date_gmt":"2024-03-04T09:19:05","guid":{"rendered":"https:\/\/mula.es\/web\/?p=52835"},"modified":"2024-03-04T10:19:05","modified_gmt":"2024-03-04T09:19:05","slug":"igualdad-ganadores-del-xxiii-certamen-de-relatos-cortos-imagenes-de-mujer","status":"publish","type":"post","link":"https:\/\/mula.es\/web\/igualdad-ganadores-del-xxiii-certamen-de-relatos-cortos-imagenes-de-mujer\/","title":{"rendered":"IGUALDAD| Ganadores del XXIII Certamen de Relatos Cortos Im\u00e1genes de Mujer"},"content":{"rendered":"<p style=\"text-align: justify;\">La Concejal\u00eda de Mujer e Igualdad tiene el gusto de hacer p\u00fablico el fallo del jurado del XXIII Certamen de Relatos Cortos Im\u00e1genes de Mujer:<\/p>\n<p style=\"text-align: center;\"><strong>PRIMER PREMIO<\/strong><br \/>\n<em>Un paso hacia el futuro,<\/em> de Ana Isabel Montalb\u00e1n del Toro<br \/>\n300 euros<br \/>\n<img decoding=\"async\" data-attachment-id=\"52836\" data-permalink=\"https:\/\/mula.es\/web\/igualdad-ganadores-del-xxiii-certamen-de-relatos-cortos-imagenes-de-mujer\/ana-isabel-montalban-ganadora-primer-premio-imagenes-de-mujer-2024\/\" data-orig-file=\"https:\/\/mula.es\/web\/wp-content\/uploads\/2024\/03\/Ana-Isabel-Montalban-Ganadora-Primer-Premio-Imagenes-de-Mujer-2024.png\" data-orig-size=\"257,320\" data-comments-opened=\"0\" data-image-meta=\"{&quot;aperture&quot;:&quot;0&quot;,&quot;credit&quot;:&quot;&quot;,&quot;camera&quot;:&quot;&quot;,&quot;caption&quot;:&quot;&quot;,&quot;created_timestamp&quot;:&quot;0&quot;,&quot;copyright&quot;:&quot;&quot;,&quot;focal_length&quot;:&quot;0&quot;,&quot;iso&quot;:&quot;0&quot;,&quot;shutter_speed&quot;:&quot;0&quot;,&quot;title&quot;:&quot;&quot;,&quot;orientation&quot;:&quot;0&quot;}\" data-image-title=\"Ana Isabel Montalb\u00e1n &amp;#8211; Ganadora Primer Premio Im\u00e1genes de Mujer 2024\" data-image-description=\"\" data-image-caption=\"\" data-large-file=\"https:\/\/mula.es\/web\/wp-content\/uploads\/2024\/03\/Ana-Isabel-Montalban-Ganadora-Primer-Premio-Imagenes-de-Mujer-2024.png\" class=\"aligncenter wp-image-52836\" src=\"https:\/\/mula.es\/web\/wp-content\/uploads\/2024\/03\/Ana-Isabel-Montalban-Ganadora-Primer-Premio-Imagenes-de-Mujer-2024.png\" alt=\"\" width=\"250\" height=\"311\" srcset=\"https:\/\/mula.es\/web\/wp-content\/uploads\/2024\/03\/Ana-Isabel-Montalban-Ganadora-Primer-Premio-Imagenes-de-Mujer-2024-200x249.png 200w, https:\/\/mula.es\/web\/wp-content\/uploads\/2024\/03\/Ana-Isabel-Montalban-Ganadora-Primer-Premio-Imagenes-de-Mujer-2024-241x300.png 241w, https:\/\/mula.es\/web\/wp-content\/uploads\/2024\/03\/Ana-Isabel-Montalban-Ganadora-Primer-Premio-Imagenes-de-Mujer-2024.png 257w\" sizes=\"(max-width: 250px) 100vw, 250px\" \/><\/p>\n<p style=\"text-align: center;\"><strong>SEGUNDO PREMIO<\/strong><br \/>\n<em>La mujer con sombra<\/em>, de Francisco Jos\u00e9 Ib\u00e1\u00f1ez Mart\u00ednez<br \/>\n200 euros<\/p>\n<p><a href=\"https:\/\/mula.es\/web\/wp-content\/uploads\/2024\/03\/Francisco-Jose-Ibanez-Ganador-Segundo-Premio-Imagenes-de-Mujer-2024.jpg\"><img decoding=\"async\" data-attachment-id=\"52837\" data-permalink=\"https:\/\/mula.es\/web\/igualdad-ganadores-del-xxiii-certamen-de-relatos-cortos-imagenes-de-mujer\/francisco-jose-ibanez-ganador-segundo-premio-imagenes-de-mujer-2024\/\" data-orig-file=\"https:\/\/mula.es\/web\/wp-content\/uploads\/2024\/03\/Francisco-Jose-Ibanez-Ganador-Segundo-Premio-Imagenes-de-Mujer-2024-e1709541688580.jpg\" data-orig-size=\"587,679\" data-comments-opened=\"0\" data-image-meta=\"{&quot;aperture&quot;:&quot;0&quot;,&quot;credit&quot;:&quot;&quot;,&quot;camera&quot;:&quot;&quot;,&quot;caption&quot;:&quot;&quot;,&quot;created_timestamp&quot;:&quot;0&quot;,&quot;copyright&quot;:&quot;&quot;,&quot;focal_length&quot;:&quot;0&quot;,&quot;iso&quot;:&quot;0&quot;,&quot;shutter_speed&quot;:&quot;0&quot;,&quot;title&quot;:&quot;&quot;,&quot;orientation&quot;:&quot;1&quot;}\" data-image-title=\"Francisco Jos\u00e9 Ib\u00e1\u00f1ez &amp;#8211; Ganador Segundo Premio Im\u00e1genes de Mujer 2024\" data-image-description=\"\" data-image-caption=\"\" data-large-file=\"https:\/\/mula.es\/web\/wp-content\/uploads\/2024\/03\/Francisco-Jose-Ibanez-Ganador-Segundo-Premio-Imagenes-de-Mujer-2024-461x1024.jpg\" class=\"aligncenter wp-image-52837\" src=\"https:\/\/mula.es\/web\/wp-content\/uploads\/2024\/03\/Francisco-Jose-Ibanez-Ganador-Segundo-Premio-Imagenes-de-Mujer-2024-e1709541688580.jpg\" alt=\"\" width=\"250\" height=\"289\" srcset=\"https:\/\/mula.es\/web\/wp-content\/uploads\/2024\/03\/Francisco-Jose-Ibanez-Ganador-Segundo-Premio-Imagenes-de-Mujer-2024-e1709541688580-200x231.jpg 200w, https:\/\/mula.es\/web\/wp-content\/uploads\/2024\/03\/Francisco-Jose-Ibanez-Ganador-Segundo-Premio-Imagenes-de-Mujer-2024-e1709541688580-259x300.jpg 259w, https:\/\/mula.es\/web\/wp-content\/uploads\/2024\/03\/Francisco-Jose-Ibanez-Ganador-Segundo-Premio-Imagenes-de-Mujer-2024-e1709541688580-400x463.jpg 400w, https:\/\/mula.es\/web\/wp-content\/uploads\/2024\/03\/Francisco-Jose-Ibanez-Ganador-Segundo-Premio-Imagenes-de-Mujer-2024-e1709541688580.jpg 587w\" sizes=\"(max-width: 250px) 100vw, 250px\" \/><\/a><\/p>\n<p>&nbsp;<\/p>\n<p style=\"text-align: justify;\">El <strong>acto de entrega de premios<\/strong> y la lectura de los relatos se realizar\u00e1 el<strong> viernes, 8 de marzo<\/strong>, a las 17 horas, en el Refectorio del Convento de San Francisco, durante la celebraci\u00f3n del Acto Institucional con motivo del D\u00eda Internacional de la Mujer.<\/p>\n<p style=\"text-align: justify;\">El Ayuntamiento de Mula, a trav\u00e9s de la Concejal\u00eda de Mujer e Igualdad, expresa su enhorabuena a las personas ganadoras y a todas las que han participado en esta edici\u00f3n, as\u00ed como al jurado calificador por su meritoria y desinteresada colaboraci\u00f3n.<\/p>\n","protected":false},"excerpt":{"rendered":"<p>La Concejal\u00eda de Mujer e Igualdad tiene el gusto de hacer p\u00fablico el fallo del jurado del XXIII Certamen de Relatos Cortos Im\u00e1genes de Mujer: PRIMER PREMIO Un paso hacia el futuro, de Ana Isabel Montalb\u00e1n del Toro 300 euros SEGUNDO PREMIO La mujer con sombra, de Francisco Jos\u00e9 Ib\u00e1\u00f1ez Mart\u00ednez 200 euros &nbsp; El  [&#8230;]<\/p>\n","protected":false},"author":12,"featured_media":51741,"comment_status":"closed","ping_status":"closed","sticky":false,"template":"","format":"standard","meta":{"jetpack_post_was_ever_published":false,"_jetpack_newsletter_access":"","_jetpack_dont_email_post_to_subs":false,"_jetpack_newsletter_tier_id":0,"_jetpack_memberships_contains_paywalled_content":false,"_jetpack_memberships_contains_paid_content":false,"footnotes":"","jetpack_publicize_message":"","jetpack_publicize_feature_enabled":true,"jetpack_social_post_already_shared":false,"jetpack_social_options":{"image_generator_settings":{"template":"highway","default_image_id":0,"font":"","enabled":false},"version":2}},"categories":[147,116],"tags":[],"class_list":["post-52835","post","type-post","status-publish","format-standard","has-post-thumbnail","hentry","category-igualdad","category-mujer"],"yoast_head":"<!-- This site is optimized with the Yoast SEO plugin v27.4 - https:\/\/yoast.com\/product\/yoast-seo-wordpress\/ -->\n<title>IGUALDAD| Ganadores del XXIII Certamen de Relatos Cortos Im\u00e1genes de Mujer - Ayuntamiento de Mula<\/title>\n<meta name=\"robots\" content=\"index, follow, max-snippet:-1, max-image-preview:large, max-video-preview:-1\" \/>\n<link rel=\"canonical\" href=\"https:\/\/mula.es\/web\/igualdad-ganadores-del-xxiii-certamen-de-relatos-cortos-imagenes-de-mujer\/\" \/>\n<meta property=\"og:locale\" content=\"es_ES\" \/>\n<meta property=\"og:type\" content=\"article\" \/>\n<meta property=\"og:title\" content=\"IGUALDAD| Ganadores del XXIII Certamen de Relatos Cortos Im\u00e1genes de Mujer - Ayuntamiento de Mula\" \/>\n<meta property=\"og:description\" content=\"La Concejal\u00eda de Mujer e Igualdad tiene el gusto de hacer p\u00fablico el fallo del jurado del XXIII Certamen de Relatos Cortos Im\u00e1genes de Mujer: PRIMER PREMIO Un paso hacia el futuro, de Ana Isabel Montalb\u00e1n del Toro 300 euros SEGUNDO PREMIO La mujer con sombra, de Francisco Jos\u00e9 Ib\u00e1\u00f1ez Mart\u00ednez 200 euros &nbsp; El [...]\" \/>\n<meta property=\"og:url\" content=\"https:\/\/mula.es\/web\/igualdad-ganadores-del-xxiii-certamen-de-relatos-cortos-imagenes-de-mujer\/\" \/>\n<meta property=\"og:site_name\" content=\"Ayuntamiento de Mula\" \/>\n<meta property=\"article:published_time\" content=\"2024-03-04T09:19:05+00:00\" \/>\n<meta property=\"og:image\" content=\"https:\/\/mula.es\/web\/wp-content\/uploads\/2024\/01\/XXIII-Certamen-de-relatos-cortos-Imagenes-de-mujer.png\" \/>\n\t<meta property=\"og:image:width\" content=\"1587\" \/>\n\t<meta property=\"og:image:height\" content=\"2245\" \/>\n\t<meta property=\"og:image:type\" content=\"image\/png\" \/>\n<meta name=\"author\" content=\"Mar\u00eda Bel\u00e9n Sumba Bravo\" \/>\n<meta name=\"twitter:card\" content=\"summary_large_image\" \/>\n<meta name=\"twitter:creator\" content=\"@AyuntamientMula\" \/>\n<meta name=\"twitter:site\" content=\"@AyuntamientMula\" \/>\n<meta name=\"twitter:label1\" content=\"Escrito por\" \/>\n\t<meta name=\"twitter:data1\" content=\"Mar\u00eda Bel\u00e9n Sumba Bravo\" \/>\n\t<meta name=\"twitter:label2\" content=\"Tiempo de lectura\" \/>\n\t<meta name=\"twitter:data2\" content=\"1 minuto\" \/>\n<script type=\"application\/ld+json\" class=\"yoast-schema-graph\">{\"@context\":\"https:\\\/\\\/schema.org\",\"@graph\":[{\"@type\":\"Article\",\"@id\":\"https:\\\/\\\/mula.es\\\/web\\\/igualdad-ganadores-del-xxiii-certamen-de-relatos-cortos-imagenes-de-mujer\\\/#article\",\"isPartOf\":{\"@id\":\"https:\\\/\\\/mula.es\\\/web\\\/igualdad-ganadores-del-xxiii-certamen-de-relatos-cortos-imagenes-de-mujer\\\/\"},\"author\":{\"name\":\"Mar\u00eda Bel\u00e9n Sumba Bravo\",\"@id\":\"https:\\\/\\\/mula.es\\\/web\\\/#\\\/schema\\\/person\\\/4cc33fc69cd667605e1b6247815ac0c0\"},\"headline\":\"IGUALDAD| Ganadores del XXIII Certamen de Relatos Cortos Im\u00e1genes de Mujer\",\"datePublished\":\"2024-03-04T09:19:05+00:00\",\"mainEntityOfPage\":{\"@id\":\"https:\\\/\\\/mula.es\\\/web\\\/igualdad-ganadores-del-xxiii-certamen-de-relatos-cortos-imagenes-de-mujer\\\/\"},\"wordCount\":160,\"image\":{\"@id\":\"https:\\\/\\\/mula.es\\\/web\\\/igualdad-ganadores-del-xxiii-certamen-de-relatos-cortos-imagenes-de-mujer\\\/#primaryimage\"},\"thumbnailUrl\":\"https:\\\/\\\/mula.es\\\/web\\\/wp-content\\\/uploads\\\/2024\\\/01\\\/XXIII-Certamen-de-relatos-cortos-Imagenes-de-mujer.png\",\"articleSection\":[\"igualdad\",\"mujer\"],\"inLanguage\":\"es\"},{\"@type\":\"WebPage\",\"@id\":\"https:\\\/\\\/mula.es\\\/web\\\/igualdad-ganadores-del-xxiii-certamen-de-relatos-cortos-imagenes-de-mujer\\\/\",\"url\":\"https:\\\/\\\/mula.es\\\/web\\\/igualdad-ganadores-del-xxiii-certamen-de-relatos-cortos-imagenes-de-mujer\\\/\",\"name\":\"IGUALDAD| Ganadores del XXIII Certamen de Relatos Cortos Im\u00e1genes de Mujer - Ayuntamiento de Mula\",\"isPartOf\":{\"@id\":\"https:\\\/\\\/mula.es\\\/web\\\/#website\"},\"primaryImageOfPage\":{\"@id\":\"https:\\\/\\\/mula.es\\\/web\\\/igualdad-ganadores-del-xxiii-certamen-de-relatos-cortos-imagenes-de-mujer\\\/#primaryimage\"},\"image\":{\"@id\":\"https:\\\/\\\/mula.es\\\/web\\\/igualdad-ganadores-del-xxiii-certamen-de-relatos-cortos-imagenes-de-mujer\\\/#primaryimage\"},\"thumbnailUrl\":\"https:\\\/\\\/mula.es\\\/web\\\/wp-content\\\/uploads\\\/2024\\\/01\\\/XXIII-Certamen-de-relatos-cortos-Imagenes-de-mujer.png\",\"datePublished\":\"2024-03-04T09:19:05+00:00\",\"author\":{\"@id\":\"https:\\\/\\\/mula.es\\\/web\\\/#\\\/schema\\\/person\\\/4cc33fc69cd667605e1b6247815ac0c0\"},\"breadcrumb\":{\"@id\":\"https:\\\/\\\/mula.es\\\/web\\\/igualdad-ganadores-del-xxiii-certamen-de-relatos-cortos-imagenes-de-mujer\\\/#breadcrumb\"},\"inLanguage\":\"es\",\"potentialAction\":[{\"@type\":\"ReadAction\",\"target\":[\"https:\\\/\\\/mula.es\\\/web\\\/igualdad-ganadores-del-xxiii-certamen-de-relatos-cortos-imagenes-de-mujer\\\/\"]}]},{\"@type\":\"ImageObject\",\"inLanguage\":\"es\",\"@id\":\"https:\\\/\\\/mula.es\\\/web\\\/igualdad-ganadores-del-xxiii-certamen-de-relatos-cortos-imagenes-de-mujer\\\/#primaryimage\",\"url\":\"https:\\\/\\\/mula.es\\\/web\\\/wp-content\\\/uploads\\\/2024\\\/01\\\/XXIII-Certamen-de-relatos-cortos-Imagenes-de-mujer.png\",\"contentUrl\":\"https:\\\/\\\/mula.es\\\/web\\\/wp-content\\\/uploads\\\/2024\\\/01\\\/XXIII-Certamen-de-relatos-cortos-Imagenes-de-mujer.png\",\"width\":1587,\"height\":2245},{\"@type\":\"BreadcrumbList\",\"@id\":\"https:\\\/\\\/mula.es\\\/web\\\/igualdad-ganadores-del-xxiii-certamen-de-relatos-cortos-imagenes-de-mujer\\\/#breadcrumb\",\"itemListElement\":[{\"@type\":\"ListItem\",\"position\":1,\"name\":\"Portada\",\"item\":\"https:\\\/\\\/mula.es\\\/web\\\/\"},{\"@type\":\"ListItem\",\"position\":2,\"name\":\"IGUALDAD| Ganadores del XXIII Certamen de Relatos Cortos Im\u00e1genes de Mujer\"}]},{\"@type\":\"WebSite\",\"@id\":\"https:\\\/\\\/mula.es\\\/web\\\/#website\",\"url\":\"https:\\\/\\\/mula.es\\\/web\\\/\",\"name\":\"Ayuntamiento de Mula\",\"description\":\"P\u00e1gina web del Ayuntamiento de Mula (Regi\u00f3n de Murcia)\",\"potentialAction\":[{\"@type\":\"SearchAction\",\"target\":{\"@type\":\"EntryPoint\",\"urlTemplate\":\"https:\\\/\\\/mula.es\\\/web\\\/?s={search_term_string}\"},\"query-input\":{\"@type\":\"PropertyValueSpecification\",\"valueRequired\":true,\"valueName\":\"search_term_string\"}}],\"inLanguage\":\"es\"},{\"@type\":\"Person\",\"@id\":\"https:\\\/\\\/mula.es\\\/web\\\/#\\\/schema\\\/person\\\/4cc33fc69cd667605e1b6247815ac0c0\",\"name\":\"Mar\u00eda Bel\u00e9n Sumba Bravo\",\"image\":{\"@type\":\"ImageObject\",\"inLanguage\":\"es\",\"@id\":\"https:\\\/\\\/secure.gravatar.com\\\/avatar\\\/8f65af12a8d72e866f97bba50325bdf89a5362533b6f2c9db8c88130883986b1?s=96&d=mm&r=g\",\"url\":\"https:\\\/\\\/secure.gravatar.com\\\/avatar\\\/8f65af12a8d72e866f97bba50325bdf89a5362533b6f2c9db8c88130883986b1?s=96&d=mm&r=g\",\"contentUrl\":\"https:\\\/\\\/secure.gravatar.com\\\/avatar\\\/8f65af12a8d72e866f97bba50325bdf89a5362533b6f2c9db8c88130883986b1?s=96&d=mm&r=g\",\"caption\":\"Mar\u00eda Bel\u00e9n Sumba Bravo\"},\"url\":\"https:\\\/\\\/mula.es\\\/web\\\/author\\\/mbsumba\\\/\"}]}<\/script>\n<!-- \/ Yoast SEO plugin. -->","yoast_head_json":{"title":"IGUALDAD| Ganadores del XXIII Certamen de Relatos Cortos Im\u00e1genes de Mujer - Ayuntamiento de Mula","robots":{"index":"index","follow":"follow","max-snippet":"max-snippet:-1","max-image-preview":"max-image-preview:large","max-video-preview":"max-video-preview:-1"},"canonical":"https:\/\/mula.es\/web\/igualdad-ganadores-del-xxiii-certamen-de-relatos-cortos-imagenes-de-mujer\/","og_locale":"es_ES","og_type":"article","og_title":"IGUALDAD| Ganadores del XXIII Certamen de Relatos Cortos Im\u00e1genes de Mujer - Ayuntamiento de Mula","og_description":"La Concejal\u00eda de Mujer e Igualdad tiene el gusto de hacer p\u00fablico el fallo del jurado del XXIII Certamen de Relatos Cortos Im\u00e1genes de Mujer: PRIMER PREMIO Un paso hacia el futuro, de Ana Isabel Montalb\u00e1n del Toro 300 euros SEGUNDO PREMIO La mujer con sombra, de Francisco Jos\u00e9 Ib\u00e1\u00f1ez Mart\u00ednez 200 euros &nbsp; El [...]","og_url":"https:\/\/mula.es\/web\/igualdad-ganadores-del-xxiii-certamen-de-relatos-cortos-imagenes-de-mujer\/","og_site_name":"Ayuntamiento de Mula","article_published_time":"2024-03-04T09:19:05+00:00","og_image":[{"width":1587,"height":2245,"url":"https:\/\/mula.es\/web\/wp-content\/uploads\/2024\/01\/XXIII-Certamen-de-relatos-cortos-Imagenes-de-mujer.png","type":"image\/png"}],"author":"Mar\u00eda Bel\u00e9n Sumba Bravo","twitter_card":"summary_large_image","twitter_creator":"@AyuntamientMula","twitter_site":"@AyuntamientMula","twitter_misc":{"Escrito por":"Mar\u00eda Bel\u00e9n Sumba Bravo","Tiempo de lectura":"1 minuto"},"schema":{"@context":"https:\/\/schema.org","@graph":[{"@type":"Article","@id":"https:\/\/mula.es\/web\/igualdad-ganadores-del-xxiii-certamen-de-relatos-cortos-imagenes-de-mujer\/#article","isPartOf":{"@id":"https:\/\/mula.es\/web\/igualdad-ganadores-del-xxiii-certamen-de-relatos-cortos-imagenes-de-mujer\/"},"author":{"name":"Mar\u00eda Bel\u00e9n Sumba Bravo","@id":"https:\/\/mula.es\/web\/#\/schema\/person\/4cc33fc69cd667605e1b6247815ac0c0"},"headline":"IGUALDAD| Ganadores del XXIII Certamen de Relatos Cortos Im\u00e1genes de Mujer","datePublished":"2024-03-04T09:19:05+00:00","mainEntityOfPage":{"@id":"https:\/\/mula.es\/web\/igualdad-ganadores-del-xxiii-certamen-de-relatos-cortos-imagenes-de-mujer\/"},"wordCount":160,"image":{"@id":"https:\/\/mula.es\/web\/igualdad-ganadores-del-xxiii-certamen-de-relatos-cortos-imagenes-de-mujer\/#primaryimage"},"thumbnailUrl":"https:\/\/mula.es\/web\/wp-content\/uploads\/2024\/01\/XXIII-Certamen-de-relatos-cortos-Imagenes-de-mujer.png","articleSection":["igualdad","mujer"],"inLanguage":"es"},{"@type":"WebPage","@id":"https:\/\/mula.es\/web\/igualdad-ganadores-del-xxiii-certamen-de-relatos-cortos-imagenes-de-mujer\/","url":"https:\/\/mula.es\/web\/igualdad-ganadores-del-xxiii-certamen-de-relatos-cortos-imagenes-de-mujer\/","name":"IGUALDAD| Ganadores del XXIII Certamen de Relatos Cortos Im\u00e1genes de Mujer - Ayuntamiento de Mula","isPartOf":{"@id":"https:\/\/mula.es\/web\/#website"},"primaryImageOfPage":{"@id":"https:\/\/mula.es\/web\/igualdad-ganadores-del-xxiii-certamen-de-relatos-cortos-imagenes-de-mujer\/#primaryimage"},"image":{"@id":"https:\/\/mula.es\/web\/igualdad-ganadores-del-xxiii-certamen-de-relatos-cortos-imagenes-de-mujer\/#primaryimage"},"thumbnailUrl":"https:\/\/mula.es\/web\/wp-content\/uploads\/2024\/01\/XXIII-Certamen-de-relatos-cortos-Imagenes-de-mujer.png","datePublished":"2024-03-04T09:19:05+00:00","author":{"@id":"https:\/\/mula.es\/web\/#\/schema\/person\/4cc33fc69cd667605e1b6247815ac0c0"},"breadcrumb":{"@id":"https:\/\/mula.es\/web\/igualdad-ganadores-del-xxiii-certamen-de-relatos-cortos-imagenes-de-mujer\/#breadcrumb"},"inLanguage":"es","potentialAction":[{"@type":"ReadAction","target":["https:\/\/mula.es\/web\/igualdad-ganadores-del-xxiii-certamen-de-relatos-cortos-imagenes-de-mujer\/"]}]},{"@type":"ImageObject","inLanguage":"es","@id":"https:\/\/mula.es\/web\/igualdad-ganadores-del-xxiii-certamen-de-relatos-cortos-imagenes-de-mujer\/#primaryimage","url":"https:\/\/mula.es\/web\/wp-content\/uploads\/2024\/01\/XXIII-Certamen-de-relatos-cortos-Imagenes-de-mujer.png","contentUrl":"https:\/\/mula.es\/web\/wp-content\/uploads\/2024\/01\/XXIII-Certamen-de-relatos-cortos-Imagenes-de-mujer.png","width":1587,"height":2245},{"@type":"BreadcrumbList","@id":"https:\/\/mula.es\/web\/igualdad-ganadores-del-xxiii-certamen-de-relatos-cortos-imagenes-de-mujer\/#breadcrumb","itemListElement":[{"@type":"ListItem","position":1,"name":"Portada","item":"https:\/\/mula.es\/web\/"},{"@type":"ListItem","position":2,"name":"IGUALDAD| Ganadores del XXIII Certamen de Relatos Cortos Im\u00e1genes de Mujer"}]},{"@type":"WebSite","@id":"https:\/\/mula.es\/web\/#website","url":"https:\/\/mula.es\/web\/","name":"Ayuntamiento de Mula","description":"P\u00e1gina web del Ayuntamiento de Mula (Regi\u00f3n de Murcia)","potentialAction":[{"@type":"SearchAction","target":{"@type":"EntryPoint","urlTemplate":"https:\/\/mula.es\/web\/?s={search_term_string}"},"query-input":{"@type":"PropertyValueSpecification","valueRequired":true,"valueName":"search_term_string"}}],"inLanguage":"es"},{"@type":"Person","@id":"https:\/\/mula.es\/web\/#\/schema\/person\/4cc33fc69cd667605e1b6247815ac0c0","name":"Mar\u00eda Bel\u00e9n Sumba Bravo","image":{"@type":"ImageObject","inLanguage":"es","@id":"https:\/\/secure.gravatar.com\/avatar\/8f65af12a8d72e866f97bba50325bdf89a5362533b6f2c9db8c88130883986b1?s=96&d=mm&r=g","url":"https:\/\/secure.gravatar.com\/avatar\/8f65af12a8d72e866f97bba50325bdf89a5362533b6f2c9db8c88130883986b1?s=96&d=mm&r=g","contentUrl":"https:\/\/secure.gravatar.com\/avatar\/8f65af12a8d72e866f97bba50325bdf89a5362533b6f2c9db8c88130883986b1?s=96&d=mm&r=g","caption":"Mar\u00eda Bel\u00e9n Sumba Bravo"},"url":"https:\/\/mula.es\/web\/author\/mbsumba\/"}]}},"jetpack_publicize_connections":[],"jetpack_featured_media_url":"https:\/\/mula.es\/web\/wp-content\/uploads\/2024\/01\/XXIII-Certamen-de-relatos-cortos-Imagenes-de-mujer.png","jetpack_sharing_enabled":true,"jetpack_shortlink":"https:\/\/wp.me\/pa9DMY-dKb","jetpack-related-posts":[],"_links":{"self":[{"href":"https:\/\/mula.es\/web\/wp-json\/wp\/v2\/posts\/52835","targetHints":{"allow":["GET"]}}],"collection":[{"href":"https:\/\/mula.es\/web\/wp-json\/wp\/v2\/posts"}],"about":[{"href":"https:\/\/mula.es\/web\/wp-json\/wp\/v2\/types\/post"}],"author":[{"embeddable":true,"href":"https:\/\/mula.es\/web\/wp-json\/wp\/v2\/users\/12"}],"replies":[{"embeddable":true,"href":"https:\/\/mula.es\/web\/wp-json\/wp\/v2\/comments?post=52835"}],"version-history":[{"count":1,"href":"https:\/\/mula.es\/web\/wp-json\/wp\/v2\/posts\/52835\/revisions"}],"predecessor-version":[{"id":52838,"href":"https:\/\/mula.es\/web\/wp-json\/wp\/v2\/posts\/52835\/revisions\/52838"}],"wp:featuredmedia":[{"embeddable":true,"href":"https:\/\/mula.es\/web\/wp-json\/wp\/v2\/media\/51741"}],"wp:attachment":[{"href":"https:\/\/mula.es\/web\/wp-json\/wp\/v2\/media?parent=52835"}],"wp:term":[{"taxonomy":"category","embeddable":true,"href":"https:\/\/mula.es\/web\/wp-json\/wp\/v2\/categories?post=52835"},{"taxonomy":"post_tag","embeddable":true,"href":"https:\/\/mula.es\/web\/wp-json\/wp\/v2\/tags?post=52835"}],"curies":[{"name":"wp","href":"https:\/\/api.w.org\/{rel}","templated":true}]}}