{"id":53099,"date":"2024-03-16T10:25:10","date_gmt":"2024-03-16T09:25:10","guid":{"rendered":"https:\/\/mula.es\/web\/?p=53099"},"modified":"2024-03-21T09:50:05","modified_gmt":"2024-03-21T08:50:05","slug":"tambores-gala-de-clausura-de-la-escuela-del-tambor-2023-2024","status":"publish","type":"post","link":"https:\/\/mula.es\/web\/tambores-gala-de-clausura-de-la-escuela-del-tambor-2023-2024\/","title":{"rendered":"TAMBORES| Gala de Clausura de la Escuela del Tambor 2023-2024"},"content":{"rendered":"<p style=\"text-align: justify;\">Este viernes, el Teatro Lope de Vega de Mula acogi\u00f3 la Gala de Clausura de la Escuela del Tambor 2023\/2024,\u00a0 en la que participaron 100 alumnos y alumnas. El evento cont\u00f3 con la presencia del alcalde de Mula, Juan Jes\u00fas Moreno, miembros de la corporaci\u00f3n municipal y el presidente de la Asociaci\u00f3n de Tamboristas, Pedro Manuel Ruiz.<\/p>\n<p style=\"text-align: justify;\">Durante la Gala de Clausura de la Escuela del Tambor, los alumnos y alumnas tocaron el tambor para todos los presentes y se hizo entrega de su primer panganico a los m\u00e1s peque\u00f1os. Un acto en el que el alcalde de Mula destac\u00f3 \u00abla gran labor de la Escuela del Tambor, a trav\u00e9s de la que se preserva nuestro patrimonio y el sentimiento tamborista que une a todos los mule\u00f1os y mule\u00f1as\u00bb. Asimismo, el concejal de Tambores, Diego Boluda, reiter\u00f3 la importancia de la instituci\u00f3n, \u00abque pone en un primer plano la necesidad de proteger y transmitir nuestra esencia cultural y tradicional\u00bb.<\/p>\n<p style=\"text-align: justify;\">La Asociaci\u00f3n de Tamboristas tambi\u00e9n entreg\u00f3 sus galardones anuales, otorgando el t\u00edtulo de Tamborista del A\u00f1o a Juan Lentisco Moreno, el de Mujer Tamborista a Ana Requena Moreno, y el de Pe\u00f1a Tamborista a Separados por una semana.\u00a0 Adem\u00e1s, se rindi\u00f3 homenaje a Diego Fern\u00e1ndez Sandoval por su gran aportaci\u00f3n a la fiesta del tambor, as\u00ed como a los tamboristas recientemente fallecidos, Pascual Yepes Ortega (\u00abEl Periciales\u00bb) y Jes\u00fas Zapata P\u00e1rraga (\u00abEl Mecheros\u00bb).<\/p>\n<p>&nbsp;<\/p>\n<p style=\"text-align: justify;\">Por otro lado, durante la gala se entregaron los premios del concurso de dibujo infantil &#8216;Cartel Tamborada Infantil&#8217;, convocado por la Concejal\u00eda de Tambores del Ayuntamiento de Mula, al que se presentaron un total de 63 trabajos del alumnado de 6\u00ba de Primaria de todos los colegios de Mula y pedan\u00edas. El dibujo ganador fue el de Victoria Naychik, del colegio Cristo Crucificado, galardonada con un vale de 100 euros para canjear por material escolar en Librer\u00eda Marisa. Adem\u00e1s, el dibujo ilustra el cartel de la Tamborada Infantil 2024, que se celebrar\u00e1 el viernes, 22 de marzo, a las 12 horas, en la plaza del Ayuntamiento. Irene S\u00e1nchez Asensio y Mar\u00eda Fern\u00e1ndez Guti\u00e9rrez, ambas del CEIP Anita Arnao, se hicieron con los Acc\u00e9sits del certamen, ganando cada una un vale de 50 euros para canjear por material escolar en la Librer\u00eda Marisa.<\/p>\n<p style=\"text-align: justify;\">Finalmente, la delegaci\u00f3n de tamboristas que acudi\u00f3 a las XXXVII Jornadas de Exaltaci\u00f3n del Tambor y el Bombo recre\u00f3 su intervenci\u00f3n en Andorra (Teruel) para todos los mule\u00f1os y mule\u00f1as.<\/p>\n<p>&nbsp;<\/p>\n\n\t\t<style type=\"text\/css\">\n\t\t\t#gallery-1 {\n\t\t\t\tmargin: auto;\n\t\t\t}\n\t\t\t#gallery-1 .gallery-item {\n\t\t\t\tfloat: left;\n\t\t\t\tmargin-top: 10px;\n\t\t\t\ttext-align: center;\n\t\t\t\twidth: 33%;\n\t\t\t}\n\t\t\t#gallery-1 img {\n\t\t\t\tborder: 2px solid #cfcfcf;\n\t\t\t}\n\t\t\t#gallery-1 .gallery-caption {\n\t\t\t\tmargin-left: 0;\n\t\t\t}\n\t\t\t\/* see gallery_shortcode() in wp-includes\/media.php *\/\n\t\t<\/style>\n\t\t<div data-carousel-extra='{&quot;blog_id&quot;:1,&quot;permalink&quot;:&quot;https:\/\/mula.es\/web\/tambores-gala-de-clausura-de-la-escuela-del-tambor-2023-2024\/&quot;}' id='gallery-1' class='gallery galleryid-53099 gallery-columns-3 gallery-size-medium'><dl class='gallery-item'>\n\t\t\t<dt class='gallery-icon portrait'>\n\t\t\t\t<a data-rel=\"iLightbox[postimages]\" data-title=\"Gala Clausura Escuela del Tambor 23-24(4)\" data-caption=\"\" href='https:\/\/mula.es\/web\/tambores-gala-de-clausura-de-la-escuela-del-tambor-2023-2024\/gala-clausura-escuela-del-tambor-23-244\/'><img decoding=\"async\" width=\"225\" height=\"300\" src=\"https:\/\/mula.es\/web\/wp-content\/uploads\/2024\/03\/Gala-Clausura-Escuela-del-Tambor-23-244-225x300.jpg\" class=\"attachment-medium size-medium\" alt=\"\" srcset=\"https:\/\/mula.es\/web\/wp-content\/uploads\/2024\/03\/Gala-Clausura-Escuela-del-Tambor-23-244-200x267.jpg 200w, https:\/\/mula.es\/web\/wp-content\/uploads\/2024\/03\/Gala-Clausura-Escuela-del-Tambor-23-244-225x300.jpg 225w, https:\/\/mula.es\/web\/wp-content\/uploads\/2024\/03\/Gala-Clausura-Escuela-del-Tambor-23-244-400x533.jpg 400w, https:\/\/mula.es\/web\/wp-content\/uploads\/2024\/03\/Gala-Clausura-Escuela-del-Tambor-23-244-600x800.jpg 600w, https:\/\/mula.es\/web\/wp-content\/uploads\/2024\/03\/Gala-Clausura-Escuela-del-Tambor-23-244-768x1024.jpg 768w, https:\/\/mula.es\/web\/wp-content\/uploads\/2024\/03\/Gala-Clausura-Escuela-del-Tambor-23-244-800x1067.jpg 800w, https:\/\/mula.es\/web\/wp-content\/uploads\/2024\/03\/Gala-Clausura-Escuela-del-Tambor-23-244-1152x1536.jpg 1152w, https:\/\/mula.es\/web\/wp-content\/uploads\/2024\/03\/Gala-Clausura-Escuela-del-Tambor-23-244.jpg 1200w\" sizes=\"(max-width: 225px) 100vw, 225px\" data-attachment-id=\"53109\" data-permalink=\"https:\/\/mula.es\/web\/tambores-gala-de-clausura-de-la-escuela-del-tambor-2023-2024\/gala-clausura-escuela-del-tambor-23-244\/\" data-orig-file=\"https:\/\/mula.es\/web\/wp-content\/uploads\/2024\/03\/Gala-Clausura-Escuela-del-Tambor-23-244.jpg\" data-orig-size=\"1200,1600\" data-comments-opened=\"0\" data-image-meta=\"{&quot;aperture&quot;:&quot;0&quot;,&quot;credit&quot;:&quot;&quot;,&quot;camera&quot;:&quot;&quot;,&quot;caption&quot;:&quot;&quot;,&quot;created_timestamp&quot;:&quot;0&quot;,&quot;copyright&quot;:&quot;&quot;,&quot;focal_length&quot;:&quot;0&quot;,&quot;iso&quot;:&quot;0&quot;,&quot;shutter_speed&quot;:&quot;0&quot;,&quot;title&quot;:&quot;&quot;,&quot;orientation&quot;:&quot;0&quot;}\" data-image-title=\"Gala Clausura Escuela del Tambor 23-24(4)\" data-image-description=\"\" data-image-caption=\"\" data-large-file=\"https:\/\/mula.es\/web\/wp-content\/uploads\/2024\/03\/Gala-Clausura-Escuela-del-Tambor-23-244-768x1024.jpg\" \/><\/a>\n\t\t\t<\/dt><\/dl><dl class='gallery-item'>\n\t\t\t<dt class='gallery-icon portrait'>\n\t\t\t\t<a data-rel=\"iLightbox[postimages]\" data-title=\"tamborada_infantil_2024\" data-caption=\"\" href='https:\/\/mula.es\/web\/tamborada-infantil\/tamborada_infantil_2024\/'><img decoding=\"async\" width=\"234\" height=\"300\" src=\"https:\/\/mula.es\/web\/wp-content\/uploads\/2024\/03\/tamborada_infantil_2024-234x300.jpg\" class=\"attachment-medium size-medium\" alt=\"\" srcset=\"https:\/\/mula.es\/web\/wp-content\/uploads\/2024\/03\/tamborada_infantil_2024-200x256.jpg 200w, https:\/\/mula.es\/web\/wp-content\/uploads\/2024\/03\/tamborada_infantil_2024-234x300.jpg 234w, https:\/\/mula.es\/web\/wp-content\/uploads\/2024\/03\/tamborada_infantil_2024-400x512.jpg 400w, https:\/\/mula.es\/web\/wp-content\/uploads\/2024\/03\/tamborada_infantil_2024-600x768.jpg 600w, https:\/\/mula.es\/web\/wp-content\/uploads\/2024\/03\/tamborada_infantil_2024-768x983.jpg 768w, https:\/\/mula.es\/web\/wp-content\/uploads\/2024\/03\/tamborada_infantil_2024-800x1024.jpg 800w, https:\/\/mula.es\/web\/wp-content\/uploads\/2024\/03\/tamborada_infantil_2024-1200x1536.jpg 1200w, https:\/\/mula.es\/web\/wp-content\/uploads\/2024\/03\/tamborada_infantil_2024.jpg 1250w\" sizes=\"(max-width: 234px) 100vw, 234px\" data-attachment-id=\"53156\" data-permalink=\"https:\/\/mula.es\/web\/tamborada-infantil\/tamborada_infantil_2024\/\" data-orig-file=\"https:\/\/mula.es\/web\/wp-content\/uploads\/2024\/03\/tamborada_infantil_2024.jpg\" data-orig-size=\"1250,1600\" data-comments-opened=\"0\" data-image-meta=\"{&quot;aperture&quot;:&quot;0&quot;,&quot;credit&quot;:&quot;&quot;,&quot;camera&quot;:&quot;&quot;,&quot;caption&quot;:&quot;&quot;,&quot;created_timestamp&quot;:&quot;0&quot;,&quot;copyright&quot;:&quot;&quot;,&quot;focal_length&quot;:&quot;0&quot;,&quot;iso&quot;:&quot;0&quot;,&quot;shutter_speed&quot;:&quot;0&quot;,&quot;title&quot;:&quot;&quot;,&quot;orientation&quot;:&quot;0&quot;}\" data-image-title=\"tamborada_infantil_2024\" data-image-description=\"\" data-image-caption=\"\" data-large-file=\"https:\/\/mula.es\/web\/wp-content\/uploads\/2024\/03\/tamborada_infantil_2024-800x1024.jpg\" \/><\/a>\n\t\t\t<\/dt><\/dl><dl class='gallery-item'>\n\t\t\t<dt class='gallery-icon portrait'>\n\t\t\t\t<a data-rel=\"iLightbox[postimages]\" data-title=\"Gala Clausura Escuela del Tambor 23-24(7)\" data-caption=\"\" href='https:\/\/mula.es\/web\/tambores-gala-de-clausura-de-la-escuela-del-tambor-2023-2024\/gala-clausura-escuela-del-tambor-23-247\/'><img decoding=\"async\" width=\"225\" height=\"300\" src=\"https:\/\/mula.es\/web\/wp-content\/uploads\/2024\/03\/Gala-Clausura-Escuela-del-Tambor-23-247-225x300.jpg\" class=\"attachment-medium size-medium\" alt=\"\" srcset=\"https:\/\/mula.es\/web\/wp-content\/uploads\/2024\/03\/Gala-Clausura-Escuela-del-Tambor-23-247-200x266.jpg 200w, https:\/\/mula.es\/web\/wp-content\/uploads\/2024\/03\/Gala-Clausura-Escuela-del-Tambor-23-247-225x300.jpg 225w, https:\/\/mula.es\/web\/wp-content\/uploads\/2024\/03\/Gala-Clausura-Escuela-del-Tambor-23-247-400x533.jpg 400w, https:\/\/mula.es\/web\/wp-content\/uploads\/2024\/03\/Gala-Clausura-Escuela-del-Tambor-23-247-600x799.jpg 600w, https:\/\/mula.es\/web\/wp-content\/uploads\/2024\/03\/Gala-Clausura-Escuela-del-Tambor-23-247-768x1023.jpg 768w, https:\/\/mula.es\/web\/wp-content\/uploads\/2024\/03\/Gala-Clausura-Escuela-del-Tambor-23-247-769x1024.jpg 769w, https:\/\/mula.es\/web\/wp-content\/uploads\/2024\/03\/Gala-Clausura-Escuela-del-Tambor-23-247-800x1066.jpg 800w, https:\/\/mula.es\/web\/wp-content\/uploads\/2024\/03\/Gala-Clausura-Escuela-del-Tambor-23-247-1153x1536.jpg 1153w, https:\/\/mula.es\/web\/wp-content\/uploads\/2024\/03\/Gala-Clausura-Escuela-del-Tambor-23-247.jpg 1201w\" sizes=\"(max-width: 225px) 100vw, 225px\" data-attachment-id=\"53112\" data-permalink=\"https:\/\/mula.es\/web\/tambores-gala-de-clausura-de-la-escuela-del-tambor-2023-2024\/gala-clausura-escuela-del-tambor-23-247\/\" data-orig-file=\"https:\/\/mula.es\/web\/wp-content\/uploads\/2024\/03\/Gala-Clausura-Escuela-del-Tambor-23-247.jpg\" data-orig-size=\"1201,1600\" data-comments-opened=\"0\" data-image-meta=\"{&quot;aperture&quot;:&quot;0&quot;,&quot;credit&quot;:&quot;&quot;,&quot;camera&quot;:&quot;&quot;,&quot;caption&quot;:&quot;&quot;,&quot;created_timestamp&quot;:&quot;0&quot;,&quot;copyright&quot;:&quot;&quot;,&quot;focal_length&quot;:&quot;0&quot;,&quot;iso&quot;:&quot;0&quot;,&quot;shutter_speed&quot;:&quot;0&quot;,&quot;title&quot;:&quot;&quot;,&quot;orientation&quot;:&quot;0&quot;}\" data-image-title=\"Gala Clausura Escuela del Tambor 23-24(7)\" data-image-description=\"\" data-image-caption=\"\" data-large-file=\"https:\/\/mula.es\/web\/wp-content\/uploads\/2024\/03\/Gala-Clausura-Escuela-del-Tambor-23-247-769x1024.jpg\" \/><\/a>\n\t\t\t<\/dt><\/dl><br style=\"clear: both\" \/><dl class='gallery-item'>\n\t\t\t<dt class='gallery-icon landscape'>\n\t\t\t\t<a data-rel=\"iLightbox[postimages]\" data-title=\"Gala Clausura Escuela del Tambor 23-24(9)\" data-caption=\"\" href='https:\/\/mula.es\/web\/tambores-gala-de-clausura-de-la-escuela-del-tambor-2023-2024\/gala-clausura-escuela-del-tambor-23-249\/'><img decoding=\"async\" width=\"300\" height=\"225\" src=\"https:\/\/mula.es\/web\/wp-content\/uploads\/2024\/03\/Gala-Clausura-Escuela-del-Tambor-23-249-300x225.jpg\" class=\"attachment-medium size-medium\" alt=\"\" srcset=\"https:\/\/mula.es\/web\/wp-content\/uploads\/2024\/03\/Gala-Clausura-Escuela-del-Tambor-23-249-200x150.jpg 200w, https:\/\/mula.es\/web\/wp-content\/uploads\/2024\/03\/Gala-Clausura-Escuela-del-Tambor-23-249-300x225.jpg 300w, https:\/\/mula.es\/web\/wp-content\/uploads\/2024\/03\/Gala-Clausura-Escuela-del-Tambor-23-249-400x300.jpg 400w, https:\/\/mula.es\/web\/wp-content\/uploads\/2024\/03\/Gala-Clausura-Escuela-del-Tambor-23-249-600x450.jpg 600w, https:\/\/mula.es\/web\/wp-content\/uploads\/2024\/03\/Gala-Clausura-Escuela-del-Tambor-23-249-768x576.jpg 768w, https:\/\/mula.es\/web\/wp-content\/uploads\/2024\/03\/Gala-Clausura-Escuela-del-Tambor-23-249-800x600.jpg 800w, https:\/\/mula.es\/web\/wp-content\/uploads\/2024\/03\/Gala-Clausura-Escuela-del-Tambor-23-249-1024x768.jpg 1024w, https:\/\/mula.es\/web\/wp-content\/uploads\/2024\/03\/Gala-Clausura-Escuela-del-Tambor-23-249-1200x900.jpg 1200w, https:\/\/mula.es\/web\/wp-content\/uploads\/2024\/03\/Gala-Clausura-Escuela-del-Tambor-23-249-1536x1152.jpg 1536w, https:\/\/mula.es\/web\/wp-content\/uploads\/2024\/03\/Gala-Clausura-Escuela-del-Tambor-23-249.jpg 1600w\" sizes=\"(max-width: 300px) 100vw, 300px\" data-attachment-id=\"53114\" data-permalink=\"https:\/\/mula.es\/web\/tambores-gala-de-clausura-de-la-escuela-del-tambor-2023-2024\/gala-clausura-escuela-del-tambor-23-249\/\" data-orig-file=\"https:\/\/mula.es\/web\/wp-content\/uploads\/2024\/03\/Gala-Clausura-Escuela-del-Tambor-23-249.jpg\" data-orig-size=\"1600,1200\" data-comments-opened=\"0\" data-image-meta=\"{&quot;aperture&quot;:&quot;0&quot;,&quot;credit&quot;:&quot;&quot;,&quot;camera&quot;:&quot;&quot;,&quot;caption&quot;:&quot;&quot;,&quot;created_timestamp&quot;:&quot;0&quot;,&quot;copyright&quot;:&quot;&quot;,&quot;focal_length&quot;:&quot;0&quot;,&quot;iso&quot;:&quot;0&quot;,&quot;shutter_speed&quot;:&quot;0&quot;,&quot;title&quot;:&quot;&quot;,&quot;orientation&quot;:&quot;0&quot;}\" data-image-title=\"Gala Clausura Escuela del Tambor 23-24(9)\" data-image-description=\"\" data-image-caption=\"\" data-large-file=\"https:\/\/mula.es\/web\/wp-content\/uploads\/2024\/03\/Gala-Clausura-Escuela-del-Tambor-23-249-1024x768.jpg\" \/><\/a>\n\t\t\t<\/dt><\/dl><dl class='gallery-item'>\n\t\t\t<dt class='gallery-icon landscape'>\n\t\t\t\t<a data-rel=\"iLightbox[postimages]\" data-title=\"Gala Clausura Escuela del Tambor 23-24(6)\" data-caption=\"\" href='https:\/\/mula.es\/web\/tambores-gala-de-clausura-de-la-escuela-del-tambor-2023-2024\/gala-clausura-escuela-del-tambor-23-246\/'><img decoding=\"async\" width=\"300\" height=\"225\" src=\"https:\/\/mula.es\/web\/wp-content\/uploads\/2024\/03\/Gala-Clausura-Escuela-del-Tambor-23-246-300x225.jpg\" class=\"attachment-medium size-medium\" alt=\"\" srcset=\"https:\/\/mula.es\/web\/wp-content\/uploads\/2024\/03\/Gala-Clausura-Escuela-del-Tambor-23-246-200x150.jpg 200w, https:\/\/mula.es\/web\/wp-content\/uploads\/2024\/03\/Gala-Clausura-Escuela-del-Tambor-23-246-300x225.jpg 300w, https:\/\/mula.es\/web\/wp-content\/uploads\/2024\/03\/Gala-Clausura-Escuela-del-Tambor-23-246-400x300.jpg 400w, https:\/\/mula.es\/web\/wp-content\/uploads\/2024\/03\/Gala-Clausura-Escuela-del-Tambor-23-246-600x450.jpg 600w, https:\/\/mula.es\/web\/wp-content\/uploads\/2024\/03\/Gala-Clausura-Escuela-del-Tambor-23-246-768x576.jpg 768w, https:\/\/mula.es\/web\/wp-content\/uploads\/2024\/03\/Gala-Clausura-Escuela-del-Tambor-23-246-800x600.jpg 800w, https:\/\/mula.es\/web\/wp-content\/uploads\/2024\/03\/Gala-Clausura-Escuela-del-Tambor-23-246-1024x768.jpg 1024w, https:\/\/mula.es\/web\/wp-content\/uploads\/2024\/03\/Gala-Clausura-Escuela-del-Tambor-23-246-1200x900.jpg 1200w, https:\/\/mula.es\/web\/wp-content\/uploads\/2024\/03\/Gala-Clausura-Escuela-del-Tambor-23-246-1536x1152.jpg 1536w, https:\/\/mula.es\/web\/wp-content\/uploads\/2024\/03\/Gala-Clausura-Escuela-del-Tambor-23-246.jpg 1600w\" sizes=\"(max-width: 300px) 100vw, 300px\" data-attachment-id=\"53111\" data-permalink=\"https:\/\/mula.es\/web\/tambores-gala-de-clausura-de-la-escuela-del-tambor-2023-2024\/gala-clausura-escuela-del-tambor-23-246\/\" data-orig-file=\"https:\/\/mula.es\/web\/wp-content\/uploads\/2024\/03\/Gala-Clausura-Escuela-del-Tambor-23-246.jpg\" data-orig-size=\"1600,1200\" data-comments-opened=\"0\" data-image-meta=\"{&quot;aperture&quot;:&quot;0&quot;,&quot;credit&quot;:&quot;&quot;,&quot;camera&quot;:&quot;&quot;,&quot;caption&quot;:&quot;&quot;,&quot;created_timestamp&quot;:&quot;0&quot;,&quot;copyright&quot;:&quot;&quot;,&quot;focal_length&quot;:&quot;0&quot;,&quot;iso&quot;:&quot;0&quot;,&quot;shutter_speed&quot;:&quot;0&quot;,&quot;title&quot;:&quot;&quot;,&quot;orientation&quot;:&quot;0&quot;}\" data-image-title=\"Gala Clausura Escuela del Tambor 23-24(6)\" data-image-description=\"\" data-image-caption=\"\" data-large-file=\"https:\/\/mula.es\/web\/wp-content\/uploads\/2024\/03\/Gala-Clausura-Escuela-del-Tambor-23-246-1024x768.jpg\" \/><\/a>\n\t\t\t<\/dt><\/dl><dl class='gallery-item'>\n\t\t\t<dt class='gallery-icon landscape'>\n\t\t\t\t<a data-rel=\"iLightbox[postimages]\" data-title=\"Gala Clausura Escuela del Tambor 23-24\" data-caption=\"\" href='https:\/\/mula.es\/web\/tambores-gala-de-clausura-de-la-escuela-del-tambor-2023-2024\/gala-clausura-escuela-del-tambor-23-24\/'><img decoding=\"async\" width=\"300\" height=\"225\" src=\"https:\/\/mula.es\/web\/wp-content\/uploads\/2024\/03\/Gala-Clausura-Escuela-del-Tambor-23-24-300x225.jpg\" class=\"attachment-medium size-medium\" alt=\"\" srcset=\"https:\/\/mula.es\/web\/wp-content\/uploads\/2024\/03\/Gala-Clausura-Escuela-del-Tambor-23-24-200x150.jpg 200w, https:\/\/mula.es\/web\/wp-content\/uploads\/2024\/03\/Gala-Clausura-Escuela-del-Tambor-23-24-300x225.jpg 300w, https:\/\/mula.es\/web\/wp-content\/uploads\/2024\/03\/Gala-Clausura-Escuela-del-Tambor-23-24-400x300.jpg 400w, https:\/\/mula.es\/web\/wp-content\/uploads\/2024\/03\/Gala-Clausura-Escuela-del-Tambor-23-24-600x450.jpg 600w, https:\/\/mula.es\/web\/wp-content\/uploads\/2024\/03\/Gala-Clausura-Escuela-del-Tambor-23-24-768x576.jpg 768w, https:\/\/mula.es\/web\/wp-content\/uploads\/2024\/03\/Gala-Clausura-Escuela-del-Tambor-23-24-800x600.jpg 800w, https:\/\/mula.es\/web\/wp-content\/uploads\/2024\/03\/Gala-Clausura-Escuela-del-Tambor-23-24-1024x768.jpg 1024w, https:\/\/mula.es\/web\/wp-content\/uploads\/2024\/03\/Gala-Clausura-Escuela-del-Tambor-23-24-1200x900.jpg 1200w, https:\/\/mula.es\/web\/wp-content\/uploads\/2024\/03\/Gala-Clausura-Escuela-del-Tambor-23-24-1536x1152.jpg 1536w, https:\/\/mula.es\/web\/wp-content\/uploads\/2024\/03\/Gala-Clausura-Escuela-del-Tambor-23-24.jpg 1600w\" sizes=\"(max-width: 300px) 100vw, 300px\" data-attachment-id=\"53106\" data-permalink=\"https:\/\/mula.es\/web\/tambores-gala-de-clausura-de-la-escuela-del-tambor-2023-2024\/gala-clausura-escuela-del-tambor-23-24\/\" data-orig-file=\"https:\/\/mula.es\/web\/wp-content\/uploads\/2024\/03\/Gala-Clausura-Escuela-del-Tambor-23-24.jpg\" data-orig-size=\"1600,1200\" data-comments-opened=\"0\" data-image-meta=\"{&quot;aperture&quot;:&quot;0&quot;,&quot;credit&quot;:&quot;&quot;,&quot;camera&quot;:&quot;&quot;,&quot;caption&quot;:&quot;&quot;,&quot;created_timestamp&quot;:&quot;0&quot;,&quot;copyright&quot;:&quot;&quot;,&quot;focal_length&quot;:&quot;0&quot;,&quot;iso&quot;:&quot;0&quot;,&quot;shutter_speed&quot;:&quot;0&quot;,&quot;title&quot;:&quot;&quot;,&quot;orientation&quot;:&quot;0&quot;}\" data-image-title=\"Gala Clausura Escuela del Tambor 23-24\" data-image-description=\"\" data-image-caption=\"\" data-large-file=\"https:\/\/mula.es\/web\/wp-content\/uploads\/2024\/03\/Gala-Clausura-Escuela-del-Tambor-23-24-1024x768.jpg\" \/><\/a>\n\t\t\t<\/dt><\/dl><br style=\"clear: both\" \/><dl class='gallery-item'>\n\t\t\t<dt class='gallery-icon landscape'>\n\t\t\t\t<a data-rel=\"iLightbox[postimages]\" data-title=\"Gala Clausura Escuela del Tambor 23-24(8)\" data-caption=\"\" href='https:\/\/mula.es\/web\/tambores-gala-de-clausura-de-la-escuela-del-tambor-2023-2024\/gala-clausura-escuela-del-tambor-23-248\/'><img decoding=\"async\" width=\"300\" height=\"225\" src=\"https:\/\/mula.es\/web\/wp-content\/uploads\/2024\/03\/Gala-Clausura-Escuela-del-Tambor-23-248-300x225.jpg\" class=\"attachment-medium size-medium\" alt=\"\" srcset=\"https:\/\/mula.es\/web\/wp-content\/uploads\/2024\/03\/Gala-Clausura-Escuela-del-Tambor-23-248-200x150.jpg 200w, https:\/\/mula.es\/web\/wp-content\/uploads\/2024\/03\/Gala-Clausura-Escuela-del-Tambor-23-248-300x225.jpg 300w, https:\/\/mula.es\/web\/wp-content\/uploads\/2024\/03\/Gala-Clausura-Escuela-del-Tambor-23-248-400x300.jpg 400w, https:\/\/mula.es\/web\/wp-content\/uploads\/2024\/03\/Gala-Clausura-Escuela-del-Tambor-23-248-600x450.jpg 600w, https:\/\/mula.es\/web\/wp-content\/uploads\/2024\/03\/Gala-Clausura-Escuela-del-Tambor-23-248-768x576.jpg 768w, https:\/\/mula.es\/web\/wp-content\/uploads\/2024\/03\/Gala-Clausura-Escuela-del-Tambor-23-248-800x600.jpg 800w, https:\/\/mula.es\/web\/wp-content\/uploads\/2024\/03\/Gala-Clausura-Escuela-del-Tambor-23-248-1024x768.jpg 1024w, https:\/\/mula.es\/web\/wp-content\/uploads\/2024\/03\/Gala-Clausura-Escuela-del-Tambor-23-248-1200x900.jpg 1200w, https:\/\/mula.es\/web\/wp-content\/uploads\/2024\/03\/Gala-Clausura-Escuela-del-Tambor-23-248-1536x1152.jpg 1536w, https:\/\/mula.es\/web\/wp-content\/uploads\/2024\/03\/Gala-Clausura-Escuela-del-Tambor-23-248.jpg 1600w\" sizes=\"(max-width: 300px) 100vw, 300px\" data-attachment-id=\"53113\" data-permalink=\"https:\/\/mula.es\/web\/tambores-gala-de-clausura-de-la-escuela-del-tambor-2023-2024\/gala-clausura-escuela-del-tambor-23-248\/\" data-orig-file=\"https:\/\/mula.es\/web\/wp-content\/uploads\/2024\/03\/Gala-Clausura-Escuela-del-Tambor-23-248.jpg\" data-orig-size=\"1600,1200\" data-comments-opened=\"0\" data-image-meta=\"{&quot;aperture&quot;:&quot;0&quot;,&quot;credit&quot;:&quot;&quot;,&quot;camera&quot;:&quot;&quot;,&quot;caption&quot;:&quot;&quot;,&quot;created_timestamp&quot;:&quot;0&quot;,&quot;copyright&quot;:&quot;&quot;,&quot;focal_length&quot;:&quot;0&quot;,&quot;iso&quot;:&quot;0&quot;,&quot;shutter_speed&quot;:&quot;0&quot;,&quot;title&quot;:&quot;&quot;,&quot;orientation&quot;:&quot;0&quot;}\" data-image-title=\"Gala Clausura Escuela del Tambor 23-24(8)\" data-image-description=\"\" data-image-caption=\"\" data-large-file=\"https:\/\/mula.es\/web\/wp-content\/uploads\/2024\/03\/Gala-Clausura-Escuela-del-Tambor-23-248-1024x768.jpg\" \/><\/a>\n\t\t\t<\/dt><\/dl><dl class='gallery-item'>\n\t\t\t<dt class='gallery-icon landscape'>\n\t\t\t\t<a data-rel=\"iLightbox[postimages]\" data-title=\"Gala Clausura Escuela del Tambor 23-24 (11)\" data-caption=\"\" href='https:\/\/mula.es\/web\/tambores-gala-de-clausura-de-la-escuela-del-tambor-2023-2024\/gala-clausura-escuela-del-tambor-23-24-11\/'><img decoding=\"async\" width=\"300\" height=\"240\" src=\"https:\/\/mula.es\/web\/wp-content\/uploads\/2024\/03\/Gala-Clausura-Escuela-del-Tambor-23-24-11-300x240.jpg\" class=\"attachment-medium size-medium\" alt=\"\" srcset=\"https:\/\/mula.es\/web\/wp-content\/uploads\/2024\/03\/Gala-Clausura-Escuela-del-Tambor-23-24-11-177x142.jpg 177w, https:\/\/mula.es\/web\/wp-content\/uploads\/2024\/03\/Gala-Clausura-Escuela-del-Tambor-23-24-11-200x160.jpg 200w, https:\/\/mula.es\/web\/wp-content\/uploads\/2024\/03\/Gala-Clausura-Escuela-del-Tambor-23-24-11-300x240.jpg 300w, https:\/\/mula.es\/web\/wp-content\/uploads\/2024\/03\/Gala-Clausura-Escuela-del-Tambor-23-24-11-400x320.jpg 400w, https:\/\/mula.es\/web\/wp-content\/uploads\/2024\/03\/Gala-Clausura-Escuela-del-Tambor-23-24-11-600x480.jpg 600w, https:\/\/mula.es\/web\/wp-content\/uploads\/2024\/03\/Gala-Clausura-Escuela-del-Tambor-23-24-11-768x614.jpg 768w, https:\/\/mula.es\/web\/wp-content\/uploads\/2024\/03\/Gala-Clausura-Escuela-del-Tambor-23-24-11-800x640.jpg 800w, https:\/\/mula.es\/web\/wp-content\/uploads\/2024\/03\/Gala-Clausura-Escuela-del-Tambor-23-24-11-1024x819.jpg 1024w, https:\/\/mula.es\/web\/wp-content\/uploads\/2024\/03\/Gala-Clausura-Escuela-del-Tambor-23-24-11-1200x960.jpg 1200w, https:\/\/mula.es\/web\/wp-content\/uploads\/2024\/03\/Gala-Clausura-Escuela-del-Tambor-23-24-11.jpg 1350w\" sizes=\"(max-width: 300px) 100vw, 300px\" data-attachment-id=\"53115\" data-permalink=\"https:\/\/mula.es\/web\/tambores-gala-de-clausura-de-la-escuela-del-tambor-2023-2024\/gala-clausura-escuela-del-tambor-23-24-11\/\" data-orig-file=\"https:\/\/mula.es\/web\/wp-content\/uploads\/2024\/03\/Gala-Clausura-Escuela-del-Tambor-23-24-11.jpg\" data-orig-size=\"1350,1080\" data-comments-opened=\"0\" data-image-meta=\"{&quot;aperture&quot;:&quot;0&quot;,&quot;credit&quot;:&quot;&quot;,&quot;camera&quot;:&quot;&quot;,&quot;caption&quot;:&quot;&quot;,&quot;created_timestamp&quot;:&quot;0&quot;,&quot;copyright&quot;:&quot;&quot;,&quot;focal_length&quot;:&quot;0&quot;,&quot;iso&quot;:&quot;0&quot;,&quot;shutter_speed&quot;:&quot;0&quot;,&quot;title&quot;:&quot;&quot;,&quot;orientation&quot;:&quot;0&quot;}\" data-image-title=\"Gala Clausura Escuela del Tambor 23-24 (11)\" data-image-description=\"\" data-image-caption=\"\" data-large-file=\"https:\/\/mula.es\/web\/wp-content\/uploads\/2024\/03\/Gala-Clausura-Escuela-del-Tambor-23-24-11-1024x819.jpg\" \/><\/a>\n\t\t\t<\/dt><\/dl><dl class='gallery-item'>\n\t\t\t<dt class='gallery-icon portrait'>\n\t\t\t\t<a data-rel=\"iLightbox[postimages]\" data-title=\"Gala Clausura Escuela del Tambor 23-24 (12)\" data-caption=\"\" href='https:\/\/mula.es\/web\/tambores-gala-de-clausura-de-la-escuela-del-tambor-2023-2024\/gala-clausura-escuela-del-tambor-23-24-12\/'><img decoding=\"async\" width=\"225\" height=\"300\" src=\"https:\/\/mula.es\/web\/wp-content\/uploads\/2024\/03\/Gala-Clausura-Escuela-del-Tambor-23-24-12-225x300.jpg\" class=\"attachment-medium size-medium\" alt=\"\" srcset=\"https:\/\/mula.es\/web\/wp-content\/uploads\/2024\/03\/Gala-Clausura-Escuela-del-Tambor-23-24-12-200x267.jpg 200w, https:\/\/mula.es\/web\/wp-content\/uploads\/2024\/03\/Gala-Clausura-Escuela-del-Tambor-23-24-12-225x300.jpg 225w, https:\/\/mula.es\/web\/wp-content\/uploads\/2024\/03\/Gala-Clausura-Escuela-del-Tambor-23-24-12-400x533.jpg 400w, https:\/\/mula.es\/web\/wp-content\/uploads\/2024\/03\/Gala-Clausura-Escuela-del-Tambor-23-24-12-600x800.jpg 600w, https:\/\/mula.es\/web\/wp-content\/uploads\/2024\/03\/Gala-Clausura-Escuela-del-Tambor-23-24-12-768x1024.jpg 768w, https:\/\/mula.es\/web\/wp-content\/uploads\/2024\/03\/Gala-Clausura-Escuela-del-Tambor-23-24-12-800x1067.jpg 800w, https:\/\/mula.es\/web\/wp-content\/uploads\/2024\/03\/Gala-Clausura-Escuela-del-Tambor-23-24-12-1152x1536.jpg 1152w, https:\/\/mula.es\/web\/wp-content\/uploads\/2024\/03\/Gala-Clausura-Escuela-del-Tambor-23-24-12.jpg 1200w\" sizes=\"(max-width: 225px) 100vw, 225px\" data-attachment-id=\"53120\" data-permalink=\"https:\/\/mula.es\/web\/tambores-gala-de-clausura-de-la-escuela-del-tambor-2023-2024\/gala-clausura-escuela-del-tambor-23-24-12\/\" data-orig-file=\"https:\/\/mula.es\/web\/wp-content\/uploads\/2024\/03\/Gala-Clausura-Escuela-del-Tambor-23-24-12.jpg\" data-orig-size=\"1200,1600\" data-comments-opened=\"0\" data-image-meta=\"{&quot;aperture&quot;:&quot;0&quot;,&quot;credit&quot;:&quot;&quot;,&quot;camera&quot;:&quot;&quot;,&quot;caption&quot;:&quot;&quot;,&quot;created_timestamp&quot;:&quot;0&quot;,&quot;copyright&quot;:&quot;&quot;,&quot;focal_length&quot;:&quot;0&quot;,&quot;iso&quot;:&quot;0&quot;,&quot;shutter_speed&quot;:&quot;0&quot;,&quot;title&quot;:&quot;&quot;,&quot;orientation&quot;:&quot;0&quot;}\" data-image-title=\"Gala Clausura Escuela del Tambor 23-24 (12)\" data-image-description=\"\" data-image-caption=\"\" data-large-file=\"https:\/\/mula.es\/web\/wp-content\/uploads\/2024\/03\/Gala-Clausura-Escuela-del-Tambor-23-24-12-768x1024.jpg\" \/><\/a>\n\t\t\t<\/dt><\/dl><br style=\"clear: both\" \/><dl class='gallery-item'>\n\t\t\t<dt class='gallery-icon landscape'>\n\t\t\t\t<a data-rel=\"iLightbox[postimages]\" data-title=\"Gala Clausura Escuela del Tambor 23-24(2)\" data-caption=\"\" href='https:\/\/mula.es\/web\/tambores-gala-de-clausura-de-la-escuela-del-tambor-2023-2024\/gala-clausura-escuela-del-tambor-23-242\/'><img decoding=\"async\" width=\"300\" height=\"225\" src=\"https:\/\/mula.es\/web\/wp-content\/uploads\/2024\/03\/Gala-Clausura-Escuela-del-Tambor-23-242-300x225.jpg\" class=\"attachment-medium size-medium\" alt=\"\" srcset=\"https:\/\/mula.es\/web\/wp-content\/uploads\/2024\/03\/Gala-Clausura-Escuela-del-Tambor-23-242-200x150.jpg 200w, https:\/\/mula.es\/web\/wp-content\/uploads\/2024\/03\/Gala-Clausura-Escuela-del-Tambor-23-242-300x225.jpg 300w, https:\/\/mula.es\/web\/wp-content\/uploads\/2024\/03\/Gala-Clausura-Escuela-del-Tambor-23-242-400x300.jpg 400w, https:\/\/mula.es\/web\/wp-content\/uploads\/2024\/03\/Gala-Clausura-Escuela-del-Tambor-23-242-600x450.jpg 600w, https:\/\/mula.es\/web\/wp-content\/uploads\/2024\/03\/Gala-Clausura-Escuela-del-Tambor-23-242-768x576.jpg 768w, https:\/\/mula.es\/web\/wp-content\/uploads\/2024\/03\/Gala-Clausura-Escuela-del-Tambor-23-242-800x600.jpg 800w, https:\/\/mula.es\/web\/wp-content\/uploads\/2024\/03\/Gala-Clausura-Escuela-del-Tambor-23-242-1024x768.jpg 1024w, https:\/\/mula.es\/web\/wp-content\/uploads\/2024\/03\/Gala-Clausura-Escuela-del-Tambor-23-242-1200x900.jpg 1200w, https:\/\/mula.es\/web\/wp-content\/uploads\/2024\/03\/Gala-Clausura-Escuela-del-Tambor-23-242-1536x1152.jpg 1536w, https:\/\/mula.es\/web\/wp-content\/uploads\/2024\/03\/Gala-Clausura-Escuela-del-Tambor-23-242.jpg 1600w\" sizes=\"(max-width: 300px) 100vw, 300px\" data-attachment-id=\"53107\" data-permalink=\"https:\/\/mula.es\/web\/tambores-gala-de-clausura-de-la-escuela-del-tambor-2023-2024\/gala-clausura-escuela-del-tambor-23-242\/\" data-orig-file=\"https:\/\/mula.es\/web\/wp-content\/uploads\/2024\/03\/Gala-Clausura-Escuela-del-Tambor-23-242.jpg\" data-orig-size=\"1600,1200\" data-comments-opened=\"0\" data-image-meta=\"{&quot;aperture&quot;:&quot;0&quot;,&quot;credit&quot;:&quot;&quot;,&quot;camera&quot;:&quot;&quot;,&quot;caption&quot;:&quot;&quot;,&quot;created_timestamp&quot;:&quot;0&quot;,&quot;copyright&quot;:&quot;&quot;,&quot;focal_length&quot;:&quot;0&quot;,&quot;iso&quot;:&quot;0&quot;,&quot;shutter_speed&quot;:&quot;0&quot;,&quot;title&quot;:&quot;&quot;,&quot;orientation&quot;:&quot;0&quot;}\" data-image-title=\"Gala Clausura Escuela del Tambor 23-24(2)\" data-image-description=\"\" data-image-caption=\"\" data-large-file=\"https:\/\/mula.es\/web\/wp-content\/uploads\/2024\/03\/Gala-Clausura-Escuela-del-Tambor-23-242-1024x768.jpg\" \/><\/a>\n\t\t\t<\/dt><\/dl><dl class='gallery-item'>\n\t\t\t<dt class='gallery-icon landscape'>\n\t\t\t\t<a data-rel=\"iLightbox[postimages]\" data-title=\"Gala Clausura Escuela del Tambor 23-24(10)\" data-caption=\"\" href='https:\/\/mula.es\/web\/tambores-gala-de-clausura-de-la-escuela-del-tambor-2023-2024\/gala-clausura-escuela-del-tambor-23-2410\/'><img decoding=\"async\" width=\"300\" height=\"225\" src=\"https:\/\/mula.es\/web\/wp-content\/uploads\/2024\/03\/Gala-Clausura-Escuela-del-Tambor-23-2410-300x225.jpg\" class=\"attachment-medium size-medium\" alt=\"\" srcset=\"https:\/\/mula.es\/web\/wp-content\/uploads\/2024\/03\/Gala-Clausura-Escuela-del-Tambor-23-2410-200x150.jpg 200w, https:\/\/mula.es\/web\/wp-content\/uploads\/2024\/03\/Gala-Clausura-Escuela-del-Tambor-23-2410-300x225.jpg 300w, https:\/\/mula.es\/web\/wp-content\/uploads\/2024\/03\/Gala-Clausura-Escuela-del-Tambor-23-2410-400x300.jpg 400w, https:\/\/mula.es\/web\/wp-content\/uploads\/2024\/03\/Gala-Clausura-Escuela-del-Tambor-23-2410-600x450.jpg 600w, https:\/\/mula.es\/web\/wp-content\/uploads\/2024\/03\/Gala-Clausura-Escuela-del-Tambor-23-2410-768x576.jpg 768w, https:\/\/mula.es\/web\/wp-content\/uploads\/2024\/03\/Gala-Clausura-Escuela-del-Tambor-23-2410-800x600.jpg 800w, https:\/\/mula.es\/web\/wp-content\/uploads\/2024\/03\/Gala-Clausura-Escuela-del-Tambor-23-2410-1024x768.jpg 1024w, https:\/\/mula.es\/web\/wp-content\/uploads\/2024\/03\/Gala-Clausura-Escuela-del-Tambor-23-2410-1200x900.jpg 1200w, https:\/\/mula.es\/web\/wp-content\/uploads\/2024\/03\/Gala-Clausura-Escuela-del-Tambor-23-2410-1536x1152.jpg 1536w, https:\/\/mula.es\/web\/wp-content\/uploads\/2024\/03\/Gala-Clausura-Escuela-del-Tambor-23-2410.jpg 1600w\" sizes=\"(max-width: 300px) 100vw, 300px\" data-attachment-id=\"53105\" data-permalink=\"https:\/\/mula.es\/web\/tambores-gala-de-clausura-de-la-escuela-del-tambor-2023-2024\/gala-clausura-escuela-del-tambor-23-2410\/\" data-orig-file=\"https:\/\/mula.es\/web\/wp-content\/uploads\/2024\/03\/Gala-Clausura-Escuela-del-Tambor-23-2410.jpg\" data-orig-size=\"1600,1200\" data-comments-opened=\"0\" data-image-meta=\"{&quot;aperture&quot;:&quot;0&quot;,&quot;credit&quot;:&quot;&quot;,&quot;camera&quot;:&quot;&quot;,&quot;caption&quot;:&quot;&quot;,&quot;created_timestamp&quot;:&quot;0&quot;,&quot;copyright&quot;:&quot;&quot;,&quot;focal_length&quot;:&quot;0&quot;,&quot;iso&quot;:&quot;0&quot;,&quot;shutter_speed&quot;:&quot;0&quot;,&quot;title&quot;:&quot;&quot;,&quot;orientation&quot;:&quot;0&quot;}\" data-image-title=\"Gala Clausura Escuela del Tambor 23-24(10)\" data-image-description=\"\" data-image-caption=\"\" data-large-file=\"https:\/\/mula.es\/web\/wp-content\/uploads\/2024\/03\/Gala-Clausura-Escuela-del-Tambor-23-2410-1024x768.jpg\" \/><\/a>\n\t\t\t<\/dt><\/dl><dl class='gallery-item'>\n\t\t\t<dt class='gallery-icon landscape'>\n\t\t\t\t<a data-rel=\"iLightbox[postimages]\" data-title=\"Gala Clausura Escuela del Tambor 23-24(5)\" data-caption=\"\" href='https:\/\/mula.es\/web\/tambores-gala-de-clausura-de-la-escuela-del-tambor-2023-2024\/gala-clausura-escuela-del-tambor-23-245\/'><img decoding=\"async\" width=\"300\" height=\"225\" src=\"https:\/\/mula.es\/web\/wp-content\/uploads\/2024\/03\/Gala-Clausura-Escuela-del-Tambor-23-245-300x225.jpg\" class=\"attachment-medium size-medium\" alt=\"\" srcset=\"https:\/\/mula.es\/web\/wp-content\/uploads\/2024\/03\/Gala-Clausura-Escuela-del-Tambor-23-245-200x150.jpg 200w, https:\/\/mula.es\/web\/wp-content\/uploads\/2024\/03\/Gala-Clausura-Escuela-del-Tambor-23-245-300x225.jpg 300w, https:\/\/mula.es\/web\/wp-content\/uploads\/2024\/03\/Gala-Clausura-Escuela-del-Tambor-23-245-400x300.jpg 400w, https:\/\/mula.es\/web\/wp-content\/uploads\/2024\/03\/Gala-Clausura-Escuela-del-Tambor-23-245-600x450.jpg 600w, https:\/\/mula.es\/web\/wp-content\/uploads\/2024\/03\/Gala-Clausura-Escuela-del-Tambor-23-245-768x576.jpg 768w, https:\/\/mula.es\/web\/wp-content\/uploads\/2024\/03\/Gala-Clausura-Escuela-del-Tambor-23-245-800x600.jpg 800w, https:\/\/mula.es\/web\/wp-content\/uploads\/2024\/03\/Gala-Clausura-Escuela-del-Tambor-23-245-1024x768.jpg 1024w, https:\/\/mula.es\/web\/wp-content\/uploads\/2024\/03\/Gala-Clausura-Escuela-del-Tambor-23-245-1200x900.jpg 1200w, https:\/\/mula.es\/web\/wp-content\/uploads\/2024\/03\/Gala-Clausura-Escuela-del-Tambor-23-245-1536x1152.jpg 1536w, https:\/\/mula.es\/web\/wp-content\/uploads\/2024\/03\/Gala-Clausura-Escuela-del-Tambor-23-245.jpg 1600w\" sizes=\"(max-width: 300px) 100vw, 300px\" data-attachment-id=\"53110\" data-permalink=\"https:\/\/mula.es\/web\/tambores-gala-de-clausura-de-la-escuela-del-tambor-2023-2024\/gala-clausura-escuela-del-tambor-23-245\/\" data-orig-file=\"https:\/\/mula.es\/web\/wp-content\/uploads\/2024\/03\/Gala-Clausura-Escuela-del-Tambor-23-245.jpg\" data-orig-size=\"1600,1200\" data-comments-opened=\"0\" data-image-meta=\"{&quot;aperture&quot;:&quot;0&quot;,&quot;credit&quot;:&quot;&quot;,&quot;camera&quot;:&quot;&quot;,&quot;caption&quot;:&quot;&quot;,&quot;created_timestamp&quot;:&quot;0&quot;,&quot;copyright&quot;:&quot;&quot;,&quot;focal_length&quot;:&quot;0&quot;,&quot;iso&quot;:&quot;0&quot;,&quot;shutter_speed&quot;:&quot;0&quot;,&quot;title&quot;:&quot;&quot;,&quot;orientation&quot;:&quot;0&quot;}\" data-image-title=\"Gala Clausura Escuela del Tambor 23-24(5)\" data-image-description=\"\" data-image-caption=\"\" data-large-file=\"https:\/\/mula.es\/web\/wp-content\/uploads\/2024\/03\/Gala-Clausura-Escuela-del-Tambor-23-245-1024x768.jpg\" \/><\/a>\n\t\t\t<\/dt><\/dl><br style=\"clear: both\" \/>\n\t\t<\/div>\n\n","protected":false},"excerpt":{"rendered":"<p>Este viernes, el Teatro Lope de Vega de Mula acogi\u00f3 la Gala de Clausura de la Escuela del Tambor 2023\/2024,\u00a0 en la que participaron 100 alumnos y alumnas. El evento cont\u00f3 con la presencia del alcalde de Mula, Juan Jes\u00fas Moreno, miembros de la corporaci\u00f3n municipal y el presidente de la Asociaci\u00f3n de Tamboristas, Pedro  [&#8230;]<\/p>\n","protected":false},"author":12,"featured_media":53108,"comment_status":"closed","ping_status":"closed","sticky":false,"template":"","format":"standard","meta":{"jetpack_post_was_ever_published":false,"_jetpack_newsletter_access":"","_jetpack_dont_email_post_to_subs":false,"_jetpack_newsletter_tier_id":0,"_jetpack_memberships_contains_paywalled_content":false,"_jetpack_memberships_contains_paid_content":false,"footnotes":"","jetpack_publicize_message":"","jetpack_publicize_feature_enabled":true,"jetpack_social_post_already_shared":false,"jetpack_social_options":{"image_generator_settings":{"template":"highway","default_image_id":0,"font":"","enabled":false},"version":2}},"categories":[123],"tags":[],"class_list":["post-53099","post","type-post","status-publish","format-standard","has-post-thumbnail","hentry","category-tambores"],"yoast_head":"<!-- This site is optimized with the Yoast SEO plugin v27.4 - https:\/\/yoast.com\/product\/yoast-seo-wordpress\/ -->\n<title>TAMBORES| Gala de Clausura de la Escuela del Tambor 2023-2024 - Ayuntamiento de Mula<\/title>\n<meta name=\"robots\" content=\"index, follow, max-snippet:-1, max-image-preview:large, max-video-preview:-1\" \/>\n<link rel=\"canonical\" href=\"https:\/\/mula.es\/web\/tambores-gala-de-clausura-de-la-escuela-del-tambor-2023-2024\/\" \/>\n<meta property=\"og:locale\" content=\"es_ES\" \/>\n<meta property=\"og:type\" content=\"article\" \/>\n<meta property=\"og:title\" content=\"TAMBORES| Gala de Clausura de la Escuela del Tambor 2023-2024 - Ayuntamiento de Mula\" \/>\n<meta property=\"og:description\" content=\"Este viernes, el Teatro Lope de Vega de Mula acogi\u00f3 la Gala de Clausura de la Escuela del Tambor 2023\/2024,\u00a0 en la que participaron 100 alumnos y alumnas. El evento cont\u00f3 con la presencia del alcalde de Mula, Juan Jes\u00fas Moreno, miembros de la corporaci\u00f3n municipal y el presidente de la Asociaci\u00f3n de Tamboristas, Pedro [...]\" \/>\n<meta property=\"og:url\" content=\"https:\/\/mula.es\/web\/tambores-gala-de-clausura-de-la-escuela-del-tambor-2023-2024\/\" \/>\n<meta property=\"og:site_name\" content=\"Ayuntamiento de Mula\" \/>\n<meta property=\"article:published_time\" content=\"2024-03-16T09:25:10+00:00\" \/>\n<meta property=\"article:modified_time\" content=\"2024-03-21T08:50:05+00:00\" \/>\n<meta property=\"og:image\" content=\"https:\/\/mula.es\/web\/wp-content\/uploads\/2024\/03\/Gala-Clausura-Escuela-del-Tambor-23-243.jpg\" \/>\n\t<meta property=\"og:image:width\" content=\"1600\" \/>\n\t<meta property=\"og:image:height\" content=\"1200\" \/>\n\t<meta property=\"og:image:type\" content=\"image\/jpeg\" \/>\n<meta name=\"author\" content=\"Mar\u00eda Bel\u00e9n Sumba Bravo\" \/>\n<meta name=\"twitter:card\" content=\"summary_large_image\" \/>\n<meta name=\"twitter:creator\" content=\"@AyuntamientMula\" \/>\n<meta name=\"twitter:site\" content=\"@AyuntamientMula\" \/>\n<meta name=\"twitter:label1\" content=\"Escrito por\" \/>\n\t<meta name=\"twitter:data1\" content=\"Mar\u00eda Bel\u00e9n Sumba Bravo\" \/>\n\t<meta name=\"twitter:label2\" content=\"Tiempo de lectura\" \/>\n\t<meta name=\"twitter:data2\" content=\"5 minutos\" \/>\n<script type=\"application\/ld+json\" class=\"yoast-schema-graph\">{\"@context\":\"https:\\\/\\\/schema.org\",\"@graph\":[{\"@type\":\"Article\",\"@id\":\"https:\\\/\\\/mula.es\\\/web\\\/tambores-gala-de-clausura-de-la-escuela-del-tambor-2023-2024\\\/#article\",\"isPartOf\":{\"@id\":\"https:\\\/\\\/mula.es\\\/web\\\/tambores-gala-de-clausura-de-la-escuela-del-tambor-2023-2024\\\/\"},\"author\":{\"name\":\"Mar\u00eda Bel\u00e9n Sumba Bravo\",\"@id\":\"https:\\\/\\\/mula.es\\\/web\\\/#\\\/schema\\\/person\\\/4cc33fc69cd667605e1b6247815ac0c0\"},\"headline\":\"TAMBORES| Gala de Clausura de la Escuela del Tambor 2023-2024\",\"datePublished\":\"2024-03-16T09:25:10+00:00\",\"dateModified\":\"2024-03-21T08:50:05+00:00\",\"mainEntityOfPage\":{\"@id\":\"https:\\\/\\\/mula.es\\\/web\\\/tambores-gala-de-clausura-de-la-escuela-del-tambor-2023-2024\\\/\"},\"wordCount\":447,\"image\":{\"@id\":\"https:\\\/\\\/mula.es\\\/web\\\/tambores-gala-de-clausura-de-la-escuela-del-tambor-2023-2024\\\/#primaryimage\"},\"thumbnailUrl\":\"https:\\\/\\\/mula.es\\\/web\\\/wp-content\\\/uploads\\\/2024\\\/03\\\/Gala-Clausura-Escuela-del-Tambor-23-243.jpg\",\"articleSection\":[\"tambores\"],\"inLanguage\":\"es\"},{\"@type\":\"WebPage\",\"@id\":\"https:\\\/\\\/mula.es\\\/web\\\/tambores-gala-de-clausura-de-la-escuela-del-tambor-2023-2024\\\/\",\"url\":\"https:\\\/\\\/mula.es\\\/web\\\/tambores-gala-de-clausura-de-la-escuela-del-tambor-2023-2024\\\/\",\"name\":\"TAMBORES| Gala de Clausura de la Escuela del Tambor 2023-2024 - Ayuntamiento de Mula\",\"isPartOf\":{\"@id\":\"https:\\\/\\\/mula.es\\\/web\\\/#website\"},\"primaryImageOfPage\":{\"@id\":\"https:\\\/\\\/mula.es\\\/web\\\/tambores-gala-de-clausura-de-la-escuela-del-tambor-2023-2024\\\/#primaryimage\"},\"image\":{\"@id\":\"https:\\\/\\\/mula.es\\\/web\\\/tambores-gala-de-clausura-de-la-escuela-del-tambor-2023-2024\\\/#primaryimage\"},\"thumbnailUrl\":\"https:\\\/\\\/mula.es\\\/web\\\/wp-content\\\/uploads\\\/2024\\\/03\\\/Gala-Clausura-Escuela-del-Tambor-23-243.jpg\",\"datePublished\":\"2024-03-16T09:25:10+00:00\",\"dateModified\":\"2024-03-21T08:50:05+00:00\",\"author\":{\"@id\":\"https:\\\/\\\/mula.es\\\/web\\\/#\\\/schema\\\/person\\\/4cc33fc69cd667605e1b6247815ac0c0\"},\"breadcrumb\":{\"@id\":\"https:\\\/\\\/mula.es\\\/web\\\/tambores-gala-de-clausura-de-la-escuela-del-tambor-2023-2024\\\/#breadcrumb\"},\"inLanguage\":\"es\",\"potentialAction\":[{\"@type\":\"ReadAction\",\"target\":[\"https:\\\/\\\/mula.es\\\/web\\\/tambores-gala-de-clausura-de-la-escuela-del-tambor-2023-2024\\\/\"]}]},{\"@type\":\"ImageObject\",\"inLanguage\":\"es\",\"@id\":\"https:\\\/\\\/mula.es\\\/web\\\/tambores-gala-de-clausura-de-la-escuela-del-tambor-2023-2024\\\/#primaryimage\",\"url\":\"https:\\\/\\\/mula.es\\\/web\\\/wp-content\\\/uploads\\\/2024\\\/03\\\/Gala-Clausura-Escuela-del-Tambor-23-243.jpg\",\"contentUrl\":\"https:\\\/\\\/mula.es\\\/web\\\/wp-content\\\/uploads\\\/2024\\\/03\\\/Gala-Clausura-Escuela-del-Tambor-23-243.jpg\",\"width\":1600,\"height\":1200},{\"@type\":\"BreadcrumbList\",\"@id\":\"https:\\\/\\\/mula.es\\\/web\\\/tambores-gala-de-clausura-de-la-escuela-del-tambor-2023-2024\\\/#breadcrumb\",\"itemListElement\":[{\"@type\":\"ListItem\",\"position\":1,\"name\":\"Portada\",\"item\":\"https:\\\/\\\/mula.es\\\/web\\\/\"},{\"@type\":\"ListItem\",\"position\":2,\"name\":\"TAMBORES| Gala de Clausura de la Escuela del Tambor 2023-2024\"}]},{\"@type\":\"WebSite\",\"@id\":\"https:\\\/\\\/mula.es\\\/web\\\/#website\",\"url\":\"https:\\\/\\\/mula.es\\\/web\\\/\",\"name\":\"Ayuntamiento de Mula\",\"description\":\"P\u00e1gina web del Ayuntamiento de Mula (Regi\u00f3n de Murcia)\",\"potentialAction\":[{\"@type\":\"SearchAction\",\"target\":{\"@type\":\"EntryPoint\",\"urlTemplate\":\"https:\\\/\\\/mula.es\\\/web\\\/?s={search_term_string}\"},\"query-input\":{\"@type\":\"PropertyValueSpecification\",\"valueRequired\":true,\"valueName\":\"search_term_string\"}}],\"inLanguage\":\"es\"},{\"@type\":\"Person\",\"@id\":\"https:\\\/\\\/mula.es\\\/web\\\/#\\\/schema\\\/person\\\/4cc33fc69cd667605e1b6247815ac0c0\",\"name\":\"Mar\u00eda Bel\u00e9n Sumba Bravo\",\"image\":{\"@type\":\"ImageObject\",\"inLanguage\":\"es\",\"@id\":\"https:\\\/\\\/secure.gravatar.com\\\/avatar\\\/8f65af12a8d72e866f97bba50325bdf89a5362533b6f2c9db8c88130883986b1?s=96&d=mm&r=g\",\"url\":\"https:\\\/\\\/secure.gravatar.com\\\/avatar\\\/8f65af12a8d72e866f97bba50325bdf89a5362533b6f2c9db8c88130883986b1?s=96&d=mm&r=g\",\"contentUrl\":\"https:\\\/\\\/secure.gravatar.com\\\/avatar\\\/8f65af12a8d72e866f97bba50325bdf89a5362533b6f2c9db8c88130883986b1?s=96&d=mm&r=g\",\"caption\":\"Mar\u00eda Bel\u00e9n Sumba Bravo\"},\"url\":\"https:\\\/\\\/mula.es\\\/web\\\/author\\\/mbsumba\\\/\"}]}<\/script>\n<!-- \/ Yoast SEO plugin. -->","yoast_head_json":{"title":"TAMBORES| Gala de Clausura de la Escuela del Tambor 2023-2024 - Ayuntamiento de Mula","robots":{"index":"index","follow":"follow","max-snippet":"max-snippet:-1","max-image-preview":"max-image-preview:large","max-video-preview":"max-video-preview:-1"},"canonical":"https:\/\/mula.es\/web\/tambores-gala-de-clausura-de-la-escuela-del-tambor-2023-2024\/","og_locale":"es_ES","og_type":"article","og_title":"TAMBORES| Gala de Clausura de la Escuela del Tambor 2023-2024 - Ayuntamiento de Mula","og_description":"Este viernes, el Teatro Lope de Vega de Mula acogi\u00f3 la Gala de Clausura de la Escuela del Tambor 2023\/2024,\u00a0 en la que participaron 100 alumnos y alumnas. El evento cont\u00f3 con la presencia del alcalde de Mula, Juan Jes\u00fas Moreno, miembros de la corporaci\u00f3n municipal y el presidente de la Asociaci\u00f3n de Tamboristas, Pedro [...]","og_url":"https:\/\/mula.es\/web\/tambores-gala-de-clausura-de-la-escuela-del-tambor-2023-2024\/","og_site_name":"Ayuntamiento de Mula","article_published_time":"2024-03-16T09:25:10+00:00","article_modified_time":"2024-03-21T08:50:05+00:00","og_image":[{"width":1600,"height":1200,"url":"https:\/\/mula.es\/web\/wp-content\/uploads\/2024\/03\/Gala-Clausura-Escuela-del-Tambor-23-243.jpg","type":"image\/jpeg"}],"author":"Mar\u00eda Bel\u00e9n Sumba Bravo","twitter_card":"summary_large_image","twitter_creator":"@AyuntamientMula","twitter_site":"@AyuntamientMula","twitter_misc":{"Escrito por":"Mar\u00eda Bel\u00e9n Sumba Bravo","Tiempo de lectura":"5 minutos"},"schema":{"@context":"https:\/\/schema.org","@graph":[{"@type":"Article","@id":"https:\/\/mula.es\/web\/tambores-gala-de-clausura-de-la-escuela-del-tambor-2023-2024\/#article","isPartOf":{"@id":"https:\/\/mula.es\/web\/tambores-gala-de-clausura-de-la-escuela-del-tambor-2023-2024\/"},"author":{"name":"Mar\u00eda Bel\u00e9n Sumba Bravo","@id":"https:\/\/mula.es\/web\/#\/schema\/person\/4cc33fc69cd667605e1b6247815ac0c0"},"headline":"TAMBORES| Gala de Clausura de la Escuela del Tambor 2023-2024","datePublished":"2024-03-16T09:25:10+00:00","dateModified":"2024-03-21T08:50:05+00:00","mainEntityOfPage":{"@id":"https:\/\/mula.es\/web\/tambores-gala-de-clausura-de-la-escuela-del-tambor-2023-2024\/"},"wordCount":447,"image":{"@id":"https:\/\/mula.es\/web\/tambores-gala-de-clausura-de-la-escuela-del-tambor-2023-2024\/#primaryimage"},"thumbnailUrl":"https:\/\/mula.es\/web\/wp-content\/uploads\/2024\/03\/Gala-Clausura-Escuela-del-Tambor-23-243.jpg","articleSection":["tambores"],"inLanguage":"es"},{"@type":"WebPage","@id":"https:\/\/mula.es\/web\/tambores-gala-de-clausura-de-la-escuela-del-tambor-2023-2024\/","url":"https:\/\/mula.es\/web\/tambores-gala-de-clausura-de-la-escuela-del-tambor-2023-2024\/","name":"TAMBORES| Gala de Clausura de la Escuela del Tambor 2023-2024 - Ayuntamiento de Mula","isPartOf":{"@id":"https:\/\/mula.es\/web\/#website"},"primaryImageOfPage":{"@id":"https:\/\/mula.es\/web\/tambores-gala-de-clausura-de-la-escuela-del-tambor-2023-2024\/#primaryimage"},"image":{"@id":"https:\/\/mula.es\/web\/tambores-gala-de-clausura-de-la-escuela-del-tambor-2023-2024\/#primaryimage"},"thumbnailUrl":"https:\/\/mula.es\/web\/wp-content\/uploads\/2024\/03\/Gala-Clausura-Escuela-del-Tambor-23-243.jpg","datePublished":"2024-03-16T09:25:10+00:00","dateModified":"2024-03-21T08:50:05+00:00","author":{"@id":"https:\/\/mula.es\/web\/#\/schema\/person\/4cc33fc69cd667605e1b6247815ac0c0"},"breadcrumb":{"@id":"https:\/\/mula.es\/web\/tambores-gala-de-clausura-de-la-escuela-del-tambor-2023-2024\/#breadcrumb"},"inLanguage":"es","potentialAction":[{"@type":"ReadAction","target":["https:\/\/mula.es\/web\/tambores-gala-de-clausura-de-la-escuela-del-tambor-2023-2024\/"]}]},{"@type":"ImageObject","inLanguage":"es","@id":"https:\/\/mula.es\/web\/tambores-gala-de-clausura-de-la-escuela-del-tambor-2023-2024\/#primaryimage","url":"https:\/\/mula.es\/web\/wp-content\/uploads\/2024\/03\/Gala-Clausura-Escuela-del-Tambor-23-243.jpg","contentUrl":"https:\/\/mula.es\/web\/wp-content\/uploads\/2024\/03\/Gala-Clausura-Escuela-del-Tambor-23-243.jpg","width":1600,"height":1200},{"@type":"BreadcrumbList","@id":"https:\/\/mula.es\/web\/tambores-gala-de-clausura-de-la-escuela-del-tambor-2023-2024\/#breadcrumb","itemListElement":[{"@type":"ListItem","position":1,"name":"Portada","item":"https:\/\/mula.es\/web\/"},{"@type":"ListItem","position":2,"name":"TAMBORES| Gala de Clausura de la Escuela del Tambor 2023-2024"}]},{"@type":"WebSite","@id":"https:\/\/mula.es\/web\/#website","url":"https:\/\/mula.es\/web\/","name":"Ayuntamiento de Mula","description":"P\u00e1gina web del Ayuntamiento de Mula (Regi\u00f3n de Murcia)","potentialAction":[{"@type":"SearchAction","target":{"@type":"EntryPoint","urlTemplate":"https:\/\/mula.es\/web\/?s={search_term_string}"},"query-input":{"@type":"PropertyValueSpecification","valueRequired":true,"valueName":"search_term_string"}}],"inLanguage":"es"},{"@type":"Person","@id":"https:\/\/mula.es\/web\/#\/schema\/person\/4cc33fc69cd667605e1b6247815ac0c0","name":"Mar\u00eda Bel\u00e9n Sumba Bravo","image":{"@type":"ImageObject","inLanguage":"es","@id":"https:\/\/secure.gravatar.com\/avatar\/8f65af12a8d72e866f97bba50325bdf89a5362533b6f2c9db8c88130883986b1?s=96&d=mm&r=g","url":"https:\/\/secure.gravatar.com\/avatar\/8f65af12a8d72e866f97bba50325bdf89a5362533b6f2c9db8c88130883986b1?s=96&d=mm&r=g","contentUrl":"https:\/\/secure.gravatar.com\/avatar\/8f65af12a8d72e866f97bba50325bdf89a5362533b6f2c9db8c88130883986b1?s=96&d=mm&r=g","caption":"Mar\u00eda Bel\u00e9n Sumba Bravo"},"url":"https:\/\/mula.es\/web\/author\/mbsumba\/"}]}},"jetpack_publicize_connections":[],"jetpack_featured_media_url":"https:\/\/mula.es\/web\/wp-content\/uploads\/2024\/03\/Gala-Clausura-Escuela-del-Tambor-23-243.jpg","jetpack_sharing_enabled":true,"jetpack_shortlink":"https:\/\/wp.me\/pa9DMY-dOr","jetpack-related-posts":[],"_links":{"self":[{"href":"https:\/\/mula.es\/web\/wp-json\/wp\/v2\/posts\/53099","targetHints":{"allow":["GET"]}}],"collection":[{"href":"https:\/\/mula.es\/web\/wp-json\/wp\/v2\/posts"}],"about":[{"href":"https:\/\/mula.es\/web\/wp-json\/wp\/v2\/types\/post"}],"author":[{"embeddable":true,"href":"https:\/\/mula.es\/web\/wp-json\/wp\/v2\/users\/12"}],"replies":[{"embeddable":true,"href":"https:\/\/mula.es\/web\/wp-json\/wp\/v2\/comments?post=53099"}],"version-history":[{"count":9,"href":"https:\/\/mula.es\/web\/wp-json\/wp\/v2\/posts\/53099\/revisions"}],"predecessor-version":[{"id":53163,"href":"https:\/\/mula.es\/web\/wp-json\/wp\/v2\/posts\/53099\/revisions\/53163"}],"wp:featuredmedia":[{"embeddable":true,"href":"https:\/\/mula.es\/web\/wp-json\/wp\/v2\/media\/53108"}],"wp:attachment":[{"href":"https:\/\/mula.es\/web\/wp-json\/wp\/v2\/media?parent=53099"}],"wp:term":[{"taxonomy":"category","embeddable":true,"href":"https:\/\/mula.es\/web\/wp-json\/wp\/v2\/categories?post=53099"},{"taxonomy":"post_tag","embeddable":true,"href":"https:\/\/mula.es\/web\/wp-json\/wp\/v2\/tags?post=53099"}],"curies":[{"name":"wp","href":"https:\/\/api.w.org\/{rel}","templated":true}]}}