{"id":53228,"date":"2024-03-26T13:25:34","date_gmt":"2024-03-26T12:25:34","guid":{"rendered":"https:\/\/mula.es\/web\/?p=53228"},"modified":"2024-03-26T13:25:58","modified_gmt":"2024-03-26T12:25:58","slug":"tambores-el-ayuntamiento-de-mula-aprueba-la-propuesta-para-la-celebracion-de-las-jornadas-nacionales-de-exaltacion-del-tambor-y-el-bombo-en-mula-para-el-ano-2033","status":"publish","type":"post","link":"https:\/\/mula.es\/web\/tambores-el-ayuntamiento-de-mula-aprueba-la-propuesta-para-la-celebracion-de-las-jornadas-nacionales-de-exaltacion-del-tambor-y-el-bombo-en-mula-para-el-ano-2033\/","title":{"rendered":"TAMBORES| El Ayuntamiento de Mula aprueba la propuesta para la celebraci\u00f3n de las Jornadas Nacionales de Exaltaci\u00f3n del Tambor y el Bombo en Mula para el a\u00f1o 2033"},"content":{"rendered":"<p style=\"text-align: justify;\">El concejal de Tambores, Diego Boluda, elev\u00f3 al Pleno del Ayuntamiento de Mula una significativa propuesta que busca enaltecer la tradici\u00f3n, cultura y patrimonio de nuestra ciudad.<\/p>\n<p style=\"text-align: justify;\">En la sesi\u00f3n plenaria del pasado lunes 25 de marzo, se present\u00f3 una solicitud respaldada por la Asociaci\u00f3n de Tamboristas de Mula, encabezada por su presidente, Pedro Manuel Ruiz Espinosa, instando a la corporaci\u00f3n municipal a llevar a cabo las gestiones necesarias para<br \/>\nsolicitar las Jornadas Nacionales de Exaltaci\u00f3n del Tambor y el Bombo para el a\u00f1o 2033.<\/p>\n<p style=\"text-align: justify;\">La propuesta, que fue aprobada por unanimidad por todos los grupos pol\u00edticos presentes en el Pleno, se fundamenta en la relevancia hist\u00f3rica de este evento para Mula. En el a\u00f1o 2033, se conmemorar\u00e1n 50 a\u00f1os desde la realizaci\u00f3n de la I Muestra del Tambor en septiembre de 1983, evento que cont\u00f3 con la participaci\u00f3n de tamboristas de Hell\u00edn, Moratalla y Mula. Esta muestra fue el germen que dio origen a las Jornadas Nacionales que actualmente congregan a 22 pueblos. Desde entonces, Mula ha sido anfitriona de estas jornadas en los a\u00f1os 1994, 2002 y 2018, demostrando su arraigo y compromiso con esta manifestaci\u00f3n cultural.<\/p>\n<p style=\"text-align: justify;\">Considerando la relevancia del 50 aniversario de las primeras jornadas, el concejal de Tambores, Diego Boluda, propone que el Ayuntamiento de Mula inste al Consorcio Nacional de los Pueblos del Tambor y el Bombo a conceder a nuestra ciudad las Jornadas Nacionales de Exaltaci\u00f3n del Tambor y el Bombo para cualquiera de los a\u00f1os comprendidos entre 2032 y 2035.<\/p>\n<p style=\"text-align: justify;\">Esta medida permitir\u00e1 celebrar este evento emblem\u00e1tico en una fecha tan significativa como es el aniversario de su origen.<\/p>\n","protected":false},"excerpt":{"rendered":"<p>El concejal de Tambores, Diego Boluda, elev\u00f3 al Pleno del Ayuntamiento de Mula una significativa propuesta que busca enaltecer la tradici\u00f3n, cultura y patrimonio de nuestra ciudad. En la sesi\u00f3n plenaria del pasado lunes 25 de marzo, se present\u00f3 una solicitud respaldada por la Asociaci\u00f3n de Tamboristas de Mula, encabezada por su presidente, Pedro Manuel  [&#8230;]<\/p>\n","protected":false},"author":12,"featured_media":53230,"comment_status":"closed","ping_status":"closed","sticky":false,"template":"","format":"standard","meta":{"jetpack_post_was_ever_published":false,"_jetpack_newsletter_access":"","_jetpack_dont_email_post_to_subs":false,"_jetpack_newsletter_tier_id":0,"_jetpack_memberships_contains_paywalled_content":false,"_jetpack_memberships_contains_paid_content":false,"footnotes":"","jetpack_publicize_message":"","jetpack_publicize_feature_enabled":true,"jetpack_social_post_already_shared":false,"jetpack_social_options":{"image_generator_settings":{"template":"highway","default_image_id":0,"font":"","enabled":false},"version":2}},"categories":[123],"tags":[],"class_list":["post-53228","post","type-post","status-publish","format-standard","has-post-thumbnail","hentry","category-tambores"],"yoast_head":"<!-- This site is optimized with the Yoast SEO plugin v27.5 - https:\/\/yoast.com\/product\/yoast-seo-wordpress\/ -->\n<title>TAMBORES| El Ayuntamiento de Mula aprueba la propuesta para la celebraci\u00f3n de las Jornadas Nacionales de Exaltaci\u00f3n del Tambor y el Bombo en Mula para el a\u00f1o 2033 - Ayuntamiento de Mula<\/title>\n<meta name=\"robots\" content=\"index, follow, max-snippet:-1, max-image-preview:large, max-video-preview:-1\" \/>\n<link rel=\"canonical\" href=\"https:\/\/mula.es\/web\/tambores-el-ayuntamiento-de-mula-aprueba-la-propuesta-para-la-celebracion-de-las-jornadas-nacionales-de-exaltacion-del-tambor-y-el-bombo-en-mula-para-el-ano-2033\/\" \/>\n<meta property=\"og:locale\" content=\"es_ES\" \/>\n<meta property=\"og:type\" content=\"article\" \/>\n<meta property=\"og:title\" content=\"TAMBORES| El Ayuntamiento de Mula aprueba la propuesta para la celebraci\u00f3n de las Jornadas Nacionales de Exaltaci\u00f3n del Tambor y el Bombo en Mula para el a\u00f1o 2033 - Ayuntamiento de Mula\" \/>\n<meta property=\"og:description\" content=\"El concejal de Tambores, Diego Boluda, elev\u00f3 al Pleno del Ayuntamiento de Mula una significativa propuesta que busca enaltecer la tradici\u00f3n, cultura y patrimonio de nuestra ciudad. En la sesi\u00f3n plenaria del pasado lunes 25 de marzo, se present\u00f3 una solicitud respaldada por la Asociaci\u00f3n de Tamboristas de Mula, encabezada por su presidente, Pedro Manuel [...]\" \/>\n<meta property=\"og:url\" content=\"https:\/\/mula.es\/web\/tambores-el-ayuntamiento-de-mula-aprueba-la-propuesta-para-la-celebracion-de-las-jornadas-nacionales-de-exaltacion-del-tambor-y-el-bombo-en-mula-para-el-ano-2033\/\" \/>\n<meta property=\"og:site_name\" content=\"Ayuntamiento de Mula\" \/>\n<meta property=\"article:published_time\" content=\"2024-03-26T12:25:34+00:00\" \/>\n<meta property=\"article:modified_time\" content=\"2024-03-26T12:25:58+00:00\" \/>\n<meta property=\"og:image\" content=\"https:\/\/mula.es\/web\/wp-content\/uploads\/2024\/03\/Jornadas-Nacionales-Tambor-aprobacion-20233.jpg\" \/>\n\t<meta property=\"og:image:width\" content=\"1080\" \/>\n\t<meta property=\"og:image:height\" content=\"1080\" \/>\n\t<meta property=\"og:image:type\" content=\"image\/jpeg\" \/>\n<meta name=\"author\" content=\"Mar\u00eda Bel\u00e9n Sumba Bravo\" \/>\n<meta name=\"twitter:card\" content=\"summary_large_image\" \/>\n<meta name=\"twitter:creator\" content=\"@AyuntamientMula\" \/>\n<meta name=\"twitter:site\" content=\"@AyuntamientMula\" \/>\n<meta name=\"twitter:label1\" content=\"Escrito por\" \/>\n\t<meta name=\"twitter:data1\" content=\"Mar\u00eda Bel\u00e9n Sumba Bravo\" \/>\n\t<meta name=\"twitter:label2\" content=\"Tiempo de lectura\" \/>\n\t<meta name=\"twitter:data2\" content=\"2 minutos\" \/>\n<script type=\"application\/ld+json\" class=\"yoast-schema-graph\">{\"@context\":\"https:\\\/\\\/schema.org\",\"@graph\":[{\"@type\":\"Article\",\"@id\":\"https:\\\/\\\/mula.es\\\/web\\\/tambores-el-ayuntamiento-de-mula-aprueba-la-propuesta-para-la-celebracion-de-las-jornadas-nacionales-de-exaltacion-del-tambor-y-el-bombo-en-mula-para-el-ano-2033\\\/#article\",\"isPartOf\":{\"@id\":\"https:\\\/\\\/mula.es\\\/web\\\/tambores-el-ayuntamiento-de-mula-aprueba-la-propuesta-para-la-celebracion-de-las-jornadas-nacionales-de-exaltacion-del-tambor-y-el-bombo-en-mula-para-el-ano-2033\\\/\"},\"author\":{\"name\":\"Mar\u00eda Bel\u00e9n Sumba Bravo\",\"@id\":\"https:\\\/\\\/mula.es\\\/web\\\/#\\\/schema\\\/person\\\/4cc33fc69cd667605e1b6247815ac0c0\"},\"headline\":\"TAMBORES| El Ayuntamiento de Mula aprueba la propuesta para la celebraci\u00f3n de las Jornadas Nacionales de Exaltaci\u00f3n del Tambor y el Bombo en Mula para el a\u00f1o 2033\",\"datePublished\":\"2024-03-26T12:25:34+00:00\",\"dateModified\":\"2024-03-26T12:25:58+00:00\",\"mainEntityOfPage\":{\"@id\":\"https:\\\/\\\/mula.es\\\/web\\\/tambores-el-ayuntamiento-de-mula-aprueba-la-propuesta-para-la-celebracion-de-las-jornadas-nacionales-de-exaltacion-del-tambor-y-el-bombo-en-mula-para-el-ano-2033\\\/\"},\"wordCount\":304,\"image\":{\"@id\":\"https:\\\/\\\/mula.es\\\/web\\\/tambores-el-ayuntamiento-de-mula-aprueba-la-propuesta-para-la-celebracion-de-las-jornadas-nacionales-de-exaltacion-del-tambor-y-el-bombo-en-mula-para-el-ano-2033\\\/#primaryimage\"},\"thumbnailUrl\":\"https:\\\/\\\/mula.es\\\/web\\\/wp-content\\\/uploads\\\/2024\\\/03\\\/Jornadas-Nacionales-Tambor-aprobacion-20233.jpg\",\"articleSection\":[\"tambores\"],\"inLanguage\":\"es\"},{\"@type\":\"WebPage\",\"@id\":\"https:\\\/\\\/mula.es\\\/web\\\/tambores-el-ayuntamiento-de-mula-aprueba-la-propuesta-para-la-celebracion-de-las-jornadas-nacionales-de-exaltacion-del-tambor-y-el-bombo-en-mula-para-el-ano-2033\\\/\",\"url\":\"https:\\\/\\\/mula.es\\\/web\\\/tambores-el-ayuntamiento-de-mula-aprueba-la-propuesta-para-la-celebracion-de-las-jornadas-nacionales-de-exaltacion-del-tambor-y-el-bombo-en-mula-para-el-ano-2033\\\/\",\"name\":\"TAMBORES| El Ayuntamiento de Mula aprueba la propuesta para la celebraci\u00f3n de las Jornadas Nacionales de Exaltaci\u00f3n del Tambor y el Bombo en Mula para el a\u00f1o 2033 - Ayuntamiento de Mula\",\"isPartOf\":{\"@id\":\"https:\\\/\\\/mula.es\\\/web\\\/#website\"},\"primaryImageOfPage\":{\"@id\":\"https:\\\/\\\/mula.es\\\/web\\\/tambores-el-ayuntamiento-de-mula-aprueba-la-propuesta-para-la-celebracion-de-las-jornadas-nacionales-de-exaltacion-del-tambor-y-el-bombo-en-mula-para-el-ano-2033\\\/#primaryimage\"},\"image\":{\"@id\":\"https:\\\/\\\/mula.es\\\/web\\\/tambores-el-ayuntamiento-de-mula-aprueba-la-propuesta-para-la-celebracion-de-las-jornadas-nacionales-de-exaltacion-del-tambor-y-el-bombo-en-mula-para-el-ano-2033\\\/#primaryimage\"},\"thumbnailUrl\":\"https:\\\/\\\/mula.es\\\/web\\\/wp-content\\\/uploads\\\/2024\\\/03\\\/Jornadas-Nacionales-Tambor-aprobacion-20233.jpg\",\"datePublished\":\"2024-03-26T12:25:34+00:00\",\"dateModified\":\"2024-03-26T12:25:58+00:00\",\"author\":{\"@id\":\"https:\\\/\\\/mula.es\\\/web\\\/#\\\/schema\\\/person\\\/4cc33fc69cd667605e1b6247815ac0c0\"},\"breadcrumb\":{\"@id\":\"https:\\\/\\\/mula.es\\\/web\\\/tambores-el-ayuntamiento-de-mula-aprueba-la-propuesta-para-la-celebracion-de-las-jornadas-nacionales-de-exaltacion-del-tambor-y-el-bombo-en-mula-para-el-ano-2033\\\/#breadcrumb\"},\"inLanguage\":\"es\",\"potentialAction\":[{\"@type\":\"ReadAction\",\"target\":[\"https:\\\/\\\/mula.es\\\/web\\\/tambores-el-ayuntamiento-de-mula-aprueba-la-propuesta-para-la-celebracion-de-las-jornadas-nacionales-de-exaltacion-del-tambor-y-el-bombo-en-mula-para-el-ano-2033\\\/\"]}]},{\"@type\":\"ImageObject\",\"inLanguage\":\"es\",\"@id\":\"https:\\\/\\\/mula.es\\\/web\\\/tambores-el-ayuntamiento-de-mula-aprueba-la-propuesta-para-la-celebracion-de-las-jornadas-nacionales-de-exaltacion-del-tambor-y-el-bombo-en-mula-para-el-ano-2033\\\/#primaryimage\",\"url\":\"https:\\\/\\\/mula.es\\\/web\\\/wp-content\\\/uploads\\\/2024\\\/03\\\/Jornadas-Nacionales-Tambor-aprobacion-20233.jpg\",\"contentUrl\":\"https:\\\/\\\/mula.es\\\/web\\\/wp-content\\\/uploads\\\/2024\\\/03\\\/Jornadas-Nacionales-Tambor-aprobacion-20233.jpg\",\"width\":1080,\"height\":1080},{\"@type\":\"BreadcrumbList\",\"@id\":\"https:\\\/\\\/mula.es\\\/web\\\/tambores-el-ayuntamiento-de-mula-aprueba-la-propuesta-para-la-celebracion-de-las-jornadas-nacionales-de-exaltacion-del-tambor-y-el-bombo-en-mula-para-el-ano-2033\\\/#breadcrumb\",\"itemListElement\":[{\"@type\":\"ListItem\",\"position\":1,\"name\":\"Portada\",\"item\":\"https:\\\/\\\/mula.es\\\/web\\\/\"},{\"@type\":\"ListItem\",\"position\":2,\"name\":\"TAMBORES| El Ayuntamiento de Mula aprueba la propuesta para la celebraci\u00f3n de las Jornadas Nacionales de Exaltaci\u00f3n del Tambor y el Bombo en Mula para el a\u00f1o 2033\"}]},{\"@type\":\"WebSite\",\"@id\":\"https:\\\/\\\/mula.es\\\/web\\\/#website\",\"url\":\"https:\\\/\\\/mula.es\\\/web\\\/\",\"name\":\"Ayuntamiento de Mula\",\"description\":\"P\u00e1gina web del Ayuntamiento de Mula (Regi\u00f3n de Murcia)\",\"potentialAction\":[{\"@type\":\"SearchAction\",\"target\":{\"@type\":\"EntryPoint\",\"urlTemplate\":\"https:\\\/\\\/mula.es\\\/web\\\/?s={search_term_string}\"},\"query-input\":{\"@type\":\"PropertyValueSpecification\",\"valueRequired\":true,\"valueName\":\"search_term_string\"}}],\"inLanguage\":\"es\"},{\"@type\":\"Person\",\"@id\":\"https:\\\/\\\/mula.es\\\/web\\\/#\\\/schema\\\/person\\\/4cc33fc69cd667605e1b6247815ac0c0\",\"name\":\"Mar\u00eda Bel\u00e9n Sumba Bravo\",\"image\":{\"@type\":\"ImageObject\",\"inLanguage\":\"es\",\"@id\":\"https:\\\/\\\/secure.gravatar.com\\\/avatar\\\/8f65af12a8d72e866f97bba50325bdf89a5362533b6f2c9db8c88130883986b1?s=96&d=mm&r=g\",\"url\":\"https:\\\/\\\/secure.gravatar.com\\\/avatar\\\/8f65af12a8d72e866f97bba50325bdf89a5362533b6f2c9db8c88130883986b1?s=96&d=mm&r=g\",\"contentUrl\":\"https:\\\/\\\/secure.gravatar.com\\\/avatar\\\/8f65af12a8d72e866f97bba50325bdf89a5362533b6f2c9db8c88130883986b1?s=96&d=mm&r=g\",\"caption\":\"Mar\u00eda Bel\u00e9n Sumba Bravo\"},\"url\":\"https:\\\/\\\/mula.es\\\/web\\\/author\\\/mbsumba\\\/\"}]}<\/script>\n<!-- \/ Yoast SEO plugin. -->","yoast_head_json":{"title":"TAMBORES| El Ayuntamiento de Mula aprueba la propuesta para la celebraci\u00f3n de las Jornadas Nacionales de Exaltaci\u00f3n del Tambor y el Bombo en Mula para el a\u00f1o 2033 - Ayuntamiento de Mula","robots":{"index":"index","follow":"follow","max-snippet":"max-snippet:-1","max-image-preview":"max-image-preview:large","max-video-preview":"max-video-preview:-1"},"canonical":"https:\/\/mula.es\/web\/tambores-el-ayuntamiento-de-mula-aprueba-la-propuesta-para-la-celebracion-de-las-jornadas-nacionales-de-exaltacion-del-tambor-y-el-bombo-en-mula-para-el-ano-2033\/","og_locale":"es_ES","og_type":"article","og_title":"TAMBORES| El Ayuntamiento de Mula aprueba la propuesta para la celebraci\u00f3n de las Jornadas Nacionales de Exaltaci\u00f3n del Tambor y el Bombo en Mula para el a\u00f1o 2033 - Ayuntamiento de Mula","og_description":"El concejal de Tambores, Diego Boluda, elev\u00f3 al Pleno del Ayuntamiento de Mula una significativa propuesta que busca enaltecer la tradici\u00f3n, cultura y patrimonio de nuestra ciudad. En la sesi\u00f3n plenaria del pasado lunes 25 de marzo, se present\u00f3 una solicitud respaldada por la Asociaci\u00f3n de Tamboristas de Mula, encabezada por su presidente, Pedro Manuel [...]","og_url":"https:\/\/mula.es\/web\/tambores-el-ayuntamiento-de-mula-aprueba-la-propuesta-para-la-celebracion-de-las-jornadas-nacionales-de-exaltacion-del-tambor-y-el-bombo-en-mula-para-el-ano-2033\/","og_site_name":"Ayuntamiento de Mula","article_published_time":"2024-03-26T12:25:34+00:00","article_modified_time":"2024-03-26T12:25:58+00:00","og_image":[{"width":1080,"height":1080,"url":"https:\/\/mula.es\/web\/wp-content\/uploads\/2024\/03\/Jornadas-Nacionales-Tambor-aprobacion-20233.jpg","type":"image\/jpeg"}],"author":"Mar\u00eda Bel\u00e9n Sumba Bravo","twitter_card":"summary_large_image","twitter_creator":"@AyuntamientMula","twitter_site":"@AyuntamientMula","twitter_misc":{"Escrito por":"Mar\u00eda Bel\u00e9n Sumba Bravo","Tiempo de lectura":"2 minutos"},"schema":{"@context":"https:\/\/schema.org","@graph":[{"@type":"Article","@id":"https:\/\/mula.es\/web\/tambores-el-ayuntamiento-de-mula-aprueba-la-propuesta-para-la-celebracion-de-las-jornadas-nacionales-de-exaltacion-del-tambor-y-el-bombo-en-mula-para-el-ano-2033\/#article","isPartOf":{"@id":"https:\/\/mula.es\/web\/tambores-el-ayuntamiento-de-mula-aprueba-la-propuesta-para-la-celebracion-de-las-jornadas-nacionales-de-exaltacion-del-tambor-y-el-bombo-en-mula-para-el-ano-2033\/"},"author":{"name":"Mar\u00eda Bel\u00e9n Sumba Bravo","@id":"https:\/\/mula.es\/web\/#\/schema\/person\/4cc33fc69cd667605e1b6247815ac0c0"},"headline":"TAMBORES| El Ayuntamiento de Mula aprueba la propuesta para la celebraci\u00f3n de las Jornadas Nacionales de Exaltaci\u00f3n del Tambor y el Bombo en Mula para el a\u00f1o 2033","datePublished":"2024-03-26T12:25:34+00:00","dateModified":"2024-03-26T12:25:58+00:00","mainEntityOfPage":{"@id":"https:\/\/mula.es\/web\/tambores-el-ayuntamiento-de-mula-aprueba-la-propuesta-para-la-celebracion-de-las-jornadas-nacionales-de-exaltacion-del-tambor-y-el-bombo-en-mula-para-el-ano-2033\/"},"wordCount":304,"image":{"@id":"https:\/\/mula.es\/web\/tambores-el-ayuntamiento-de-mula-aprueba-la-propuesta-para-la-celebracion-de-las-jornadas-nacionales-de-exaltacion-del-tambor-y-el-bombo-en-mula-para-el-ano-2033\/#primaryimage"},"thumbnailUrl":"https:\/\/mula.es\/web\/wp-content\/uploads\/2024\/03\/Jornadas-Nacionales-Tambor-aprobacion-20233.jpg","articleSection":["tambores"],"inLanguage":"es"},{"@type":"WebPage","@id":"https:\/\/mula.es\/web\/tambores-el-ayuntamiento-de-mula-aprueba-la-propuesta-para-la-celebracion-de-las-jornadas-nacionales-de-exaltacion-del-tambor-y-el-bombo-en-mula-para-el-ano-2033\/","url":"https:\/\/mula.es\/web\/tambores-el-ayuntamiento-de-mula-aprueba-la-propuesta-para-la-celebracion-de-las-jornadas-nacionales-de-exaltacion-del-tambor-y-el-bombo-en-mula-para-el-ano-2033\/","name":"TAMBORES| El Ayuntamiento de Mula aprueba la propuesta para la celebraci\u00f3n de las Jornadas Nacionales de Exaltaci\u00f3n del Tambor y el Bombo en Mula para el a\u00f1o 2033 - Ayuntamiento de Mula","isPartOf":{"@id":"https:\/\/mula.es\/web\/#website"},"primaryImageOfPage":{"@id":"https:\/\/mula.es\/web\/tambores-el-ayuntamiento-de-mula-aprueba-la-propuesta-para-la-celebracion-de-las-jornadas-nacionales-de-exaltacion-del-tambor-y-el-bombo-en-mula-para-el-ano-2033\/#primaryimage"},"image":{"@id":"https:\/\/mula.es\/web\/tambores-el-ayuntamiento-de-mula-aprueba-la-propuesta-para-la-celebracion-de-las-jornadas-nacionales-de-exaltacion-del-tambor-y-el-bombo-en-mula-para-el-ano-2033\/#primaryimage"},"thumbnailUrl":"https:\/\/mula.es\/web\/wp-content\/uploads\/2024\/03\/Jornadas-Nacionales-Tambor-aprobacion-20233.jpg","datePublished":"2024-03-26T12:25:34+00:00","dateModified":"2024-03-26T12:25:58+00:00","author":{"@id":"https:\/\/mula.es\/web\/#\/schema\/person\/4cc33fc69cd667605e1b6247815ac0c0"},"breadcrumb":{"@id":"https:\/\/mula.es\/web\/tambores-el-ayuntamiento-de-mula-aprueba-la-propuesta-para-la-celebracion-de-las-jornadas-nacionales-de-exaltacion-del-tambor-y-el-bombo-en-mula-para-el-ano-2033\/#breadcrumb"},"inLanguage":"es","potentialAction":[{"@type":"ReadAction","target":["https:\/\/mula.es\/web\/tambores-el-ayuntamiento-de-mula-aprueba-la-propuesta-para-la-celebracion-de-las-jornadas-nacionales-de-exaltacion-del-tambor-y-el-bombo-en-mula-para-el-ano-2033\/"]}]},{"@type":"ImageObject","inLanguage":"es","@id":"https:\/\/mula.es\/web\/tambores-el-ayuntamiento-de-mula-aprueba-la-propuesta-para-la-celebracion-de-las-jornadas-nacionales-de-exaltacion-del-tambor-y-el-bombo-en-mula-para-el-ano-2033\/#primaryimage","url":"https:\/\/mula.es\/web\/wp-content\/uploads\/2024\/03\/Jornadas-Nacionales-Tambor-aprobacion-20233.jpg","contentUrl":"https:\/\/mula.es\/web\/wp-content\/uploads\/2024\/03\/Jornadas-Nacionales-Tambor-aprobacion-20233.jpg","width":1080,"height":1080},{"@type":"BreadcrumbList","@id":"https:\/\/mula.es\/web\/tambores-el-ayuntamiento-de-mula-aprueba-la-propuesta-para-la-celebracion-de-las-jornadas-nacionales-de-exaltacion-del-tambor-y-el-bombo-en-mula-para-el-ano-2033\/#breadcrumb","itemListElement":[{"@type":"ListItem","position":1,"name":"Portada","item":"https:\/\/mula.es\/web\/"},{"@type":"ListItem","position":2,"name":"TAMBORES| El Ayuntamiento de Mula aprueba la propuesta para la celebraci\u00f3n de las Jornadas Nacionales de Exaltaci\u00f3n del Tambor y el Bombo en Mula para el a\u00f1o 2033"}]},{"@type":"WebSite","@id":"https:\/\/mula.es\/web\/#website","url":"https:\/\/mula.es\/web\/","name":"Ayuntamiento de Mula","description":"P\u00e1gina web del Ayuntamiento de Mula (Regi\u00f3n de Murcia)","potentialAction":[{"@type":"SearchAction","target":{"@type":"EntryPoint","urlTemplate":"https:\/\/mula.es\/web\/?s={search_term_string}"},"query-input":{"@type":"PropertyValueSpecification","valueRequired":true,"valueName":"search_term_string"}}],"inLanguage":"es"},{"@type":"Person","@id":"https:\/\/mula.es\/web\/#\/schema\/person\/4cc33fc69cd667605e1b6247815ac0c0","name":"Mar\u00eda Bel\u00e9n Sumba Bravo","image":{"@type":"ImageObject","inLanguage":"es","@id":"https:\/\/secure.gravatar.com\/avatar\/8f65af12a8d72e866f97bba50325bdf89a5362533b6f2c9db8c88130883986b1?s=96&d=mm&r=g","url":"https:\/\/secure.gravatar.com\/avatar\/8f65af12a8d72e866f97bba50325bdf89a5362533b6f2c9db8c88130883986b1?s=96&d=mm&r=g","contentUrl":"https:\/\/secure.gravatar.com\/avatar\/8f65af12a8d72e866f97bba50325bdf89a5362533b6f2c9db8c88130883986b1?s=96&d=mm&r=g","caption":"Mar\u00eda Bel\u00e9n Sumba Bravo"},"url":"https:\/\/mula.es\/web\/author\/mbsumba\/"}]}},"jetpack_publicize_connections":[],"jetpack_featured_media_url":"https:\/\/mula.es\/web\/wp-content\/uploads\/2024\/03\/Jornadas-Nacionales-Tambor-aprobacion-20233.jpg","jetpack_sharing_enabled":true,"jetpack_shortlink":"https:\/\/wp.me\/pa9DMY-dQw","jetpack-related-posts":[],"_links":{"self":[{"href":"https:\/\/mula.es\/web\/wp-json\/wp\/v2\/posts\/53228","targetHints":{"allow":["GET"]}}],"collection":[{"href":"https:\/\/mula.es\/web\/wp-json\/wp\/v2\/posts"}],"about":[{"href":"https:\/\/mula.es\/web\/wp-json\/wp\/v2\/types\/post"}],"author":[{"embeddable":true,"href":"https:\/\/mula.es\/web\/wp-json\/wp\/v2\/users\/12"}],"replies":[{"embeddable":true,"href":"https:\/\/mula.es\/web\/wp-json\/wp\/v2\/comments?post=53228"}],"version-history":[{"count":2,"href":"https:\/\/mula.es\/web\/wp-json\/wp\/v2\/posts\/53228\/revisions"}],"predecessor-version":[{"id":53232,"href":"https:\/\/mula.es\/web\/wp-json\/wp\/v2\/posts\/53228\/revisions\/53232"}],"wp:featuredmedia":[{"embeddable":true,"href":"https:\/\/mula.es\/web\/wp-json\/wp\/v2\/media\/53230"}],"wp:attachment":[{"href":"https:\/\/mula.es\/web\/wp-json\/wp\/v2\/media?parent=53228"}],"wp:term":[{"taxonomy":"category","embeddable":true,"href":"https:\/\/mula.es\/web\/wp-json\/wp\/v2\/categories?post=53228"},{"taxonomy":"post_tag","embeddable":true,"href":"https:\/\/mula.es\/web\/wp-json\/wp\/v2\/tags?post=53228"}],"curies":[{"name":"wp","href":"https:\/\/api.w.org\/{rel}","templated":true}]}}