{"id":53273,"date":"2024-04-04T09:53:57","date_gmt":"2024-04-04T07:53:57","guid":{"rendered":"https:\/\/mula.es\/web\/?p=53273"},"modified":"2024-04-04T13:11:07","modified_gmt":"2024-04-04T11:11:07","slug":"servicios-sociales-el-alcalde-y-la-concejala-de-servicios-sociales-se-reunen-con-caixabank-para-abordar-la-cuestion-de-la-vivienda-social","status":"publish","type":"post","link":"https:\/\/mula.es\/web\/servicios-sociales-el-alcalde-y-la-concejala-de-servicios-sociales-se-reunen-con-caixabank-para-abordar-la-cuestion-de-la-vivienda-social\/","title":{"rendered":"SERVICIOS SOCIALES | El Alcalde y la Concejala de Servicios Sociales se re\u00fanen  con Caixabank para abordar la cuesti\u00f3n de la vivienda social"},"content":{"rendered":"<p class=\"Standard\" style=\"text-align: justify;\"><span lang=\"es\">El pasado martes 26 de marzo, el alcalde de Mula, Juan Jes\u00fas Moreno, junto con la concejala de Servicios Sociales, Antonia Gabarr\u00f3n, sostuvieron una reuni\u00f3n crucial con representantes de la entidad finianciera Caixabank. <\/span><\/p>\n<p class=\"Standard\" style=\"text-align: justify;\"><span lang=\"es\">En este encuentro, se abordaron asuntos de vital importancia para los ciudadanos, centr\u00e1ndose particularmente en el tema de la vivienda social en el municipio.<\/span><\/p>\n<p class=\"Standard\" style=\"text-align: justify;\"><span lang=\"es\">La vivienda social es un derecho fundamental que garantiza que todas las personas, sin importar su situaci\u00f3n econ\u00f3mica, tengan acceso a un hogar digno. <\/span><\/p>\n<p class=\"Standard\" style=\"text-align: justify;\"><span lang=\"es\">\u00a0<\/span><span lang=\"es\">El objetivo principal de esta reuni\u00f3n fue explorar v\u00edas de colaboraci\u00f3n con entidades financieras como Caixabank para desarrollar proyectos que impulsen la vivienda social en nuestra localidad. Es fundamental trabajar en estrecha colaboraci\u00f3n con actores clave como los bancos para encontrar soluciones sostenibles y viables que permitan aumentar la oferta de vivienda social en Mula.<\/span><\/p>\n<p class=\"Standard\" style=\"text-align: justify;\"><i><span lang=\"es\">\u201cTrabajar por los derechos sociales es una responsabilidad compartida que requiere la colaboraci\u00f3n activa de todos: el gobierno local, las instituciones financieras, la sociedad civil y la comunidad en general\u201d, <\/span><\/i><span lang=\"es\">asegura la concejala de Servicios Sociales, Antonia Gabarr\u00f3n.<\/span><\/p>\n<p><a href=\"https:\/\/mula.es\/web\/wp-content\/uploads\/2024\/04\/2.jpg\"><img decoding=\"async\" data-attachment-id=\"53275\" data-permalink=\"https:\/\/mula.es\/web\/servicios-sociales-el-alcalde-y-la-concejala-de-servicios-sociales-se-reunen-con-caixabank-para-abordar-la-cuestion-de-la-vivienda-social\/2-4\/\" data-orig-file=\"https:\/\/mula.es\/web\/wp-content\/uploads\/2024\/04\/2.jpg\" data-orig-size=\"1080,1080\" data-comments-opened=\"0\" data-image-meta=\"{&quot;aperture&quot;:&quot;0&quot;,&quot;credit&quot;:&quot;&quot;,&quot;camera&quot;:&quot;&quot;,&quot;caption&quot;:&quot;&quot;,&quot;created_timestamp&quot;:&quot;0&quot;,&quot;copyright&quot;:&quot;&quot;,&quot;focal_length&quot;:&quot;0&quot;,&quot;iso&quot;:&quot;0&quot;,&quot;shutter_speed&quot;:&quot;0&quot;,&quot;title&quot;:&quot;&quot;,&quot;orientation&quot;:&quot;1&quot;}\" data-image-title=\"El Alcalde de Mula y la Concejala de Servicios Sociales se re\u00fanen  con Caixabank para abordar la cuesti\u00f3n de la vivienda social\" data-image-description=\"\" data-image-caption=\"&lt;p&gt;El Alcalde de Mula y la Concejala de Servicios Sociales se re\u00fanen&lt;br \/&gt;\ncon Caixabank para abordar la cuesti\u00f3n de la vivienda social&lt;\/p&gt;\n\" data-large-file=\"https:\/\/mula.es\/web\/wp-content\/uploads\/2024\/04\/2-1024x1024.jpg\" class=\"size-medium wp-image-53275\" src=\"https:\/\/mula.es\/web\/wp-content\/uploads\/2024\/04\/2-300x300.jpg\" alt=\"El Alcalde de Mula y la Concejala de Servicios Sociales se re\u00fanen con Caixabank para abordar la cuesti\u00f3n de la vivienda social\" width=\"300\" height=\"300\" srcset=\"https:\/\/mula.es\/web\/wp-content\/uploads\/2024\/04\/2-66x66.jpg 66w, https:\/\/mula.es\/web\/wp-content\/uploads\/2024\/04\/2-150x150.jpg 150w, https:\/\/mula.es\/web\/wp-content\/uploads\/2024\/04\/2-200x200.jpg 200w, https:\/\/mula.es\/web\/wp-content\/uploads\/2024\/04\/2-300x300.jpg 300w, https:\/\/mula.es\/web\/wp-content\/uploads\/2024\/04\/2-400x400.jpg 400w, https:\/\/mula.es\/web\/wp-content\/uploads\/2024\/04\/2-600x600.jpg 600w, https:\/\/mula.es\/web\/wp-content\/uploads\/2024\/04\/2-768x768.jpg 768w, https:\/\/mula.es\/web\/wp-content\/uploads\/2024\/04\/2-800x800.jpg 800w, https:\/\/mula.es\/web\/wp-content\/uploads\/2024\/04\/2-1024x1024.jpg 1024w, https:\/\/mula.es\/web\/wp-content\/uploads\/2024\/04\/2.jpg 1080w\" sizes=\"(max-width: 300px) 100vw, 300px\" \/><\/a><\/p>\n<p class=\"Standard\" style=\"text-align: justify;\"><i><span lang=\"es\">\u201cNuestro equipo de gobierno est\u00e1 comprometido en seguir trabajando incansablemente para garantizar que la vivienda social sea una realidad accesible para todos nuestros ciudadanos\u201d,<\/span><\/i><span lang=\"es\"> afirma el Alcalde.<\/span><\/p>\n<p><a href=\"https:\/\/mula.es\/web\/wp-content\/uploads\/2024\/04\/1.jpg\"><img decoding=\"async\" data-attachment-id=\"53274\" data-permalink=\"https:\/\/mula.es\/web\/servicios-sociales-el-alcalde-y-la-concejala-de-servicios-sociales-se-reunen-con-caixabank-para-abordar-la-cuestion-de-la-vivienda-social\/1-6\/\" data-orig-file=\"https:\/\/mula.es\/web\/wp-content\/uploads\/2024\/04\/1.jpg\" data-orig-size=\"1080,1080\" data-comments-opened=\"0\" data-image-meta=\"{&quot;aperture&quot;:&quot;0&quot;,&quot;credit&quot;:&quot;&quot;,&quot;camera&quot;:&quot;&quot;,&quot;caption&quot;:&quot;&quot;,&quot;created_timestamp&quot;:&quot;0&quot;,&quot;copyright&quot;:&quot;&quot;,&quot;focal_length&quot;:&quot;0&quot;,&quot;iso&quot;:&quot;0&quot;,&quot;shutter_speed&quot;:&quot;0&quot;,&quot;title&quot;:&quot;&quot;,&quot;orientation&quot;:&quot;1&quot;}\" data-image-title=\"El Alcalde de Mula y la Concejala de Servicios Sociales se re\u00fanen  con Caixabank para abordar la cuesti\u00f3n de la vivienda social\" data-image-description=\"\" data-image-caption=\"&lt;p&gt;El Alcalde de Mula y la Concejala de Servicios Sociales se re\u00fanen&lt;br \/&gt;\ncon Caixabank para abordar la cuesti\u00f3n de la vivienda social&lt;\/p&gt;\n\" data-large-file=\"https:\/\/mula.es\/web\/wp-content\/uploads\/2024\/04\/1-1024x1024.jpg\" class=\"size-medium wp-image-53274\" src=\"https:\/\/mula.es\/web\/wp-content\/uploads\/2024\/04\/1-300x300.jpg\" alt=\"El Alcalde de Mula y la Concejala de Servicios Sociales se re\u00fanen con Caixabank para abordar la cuesti\u00f3n de la vivienda social\" width=\"300\" height=\"300\" srcset=\"https:\/\/mula.es\/web\/wp-content\/uploads\/2024\/04\/1-66x66.jpg 66w, https:\/\/mula.es\/web\/wp-content\/uploads\/2024\/04\/1-150x150.jpg 150w, https:\/\/mula.es\/web\/wp-content\/uploads\/2024\/04\/1-200x200.jpg 200w, https:\/\/mula.es\/web\/wp-content\/uploads\/2024\/04\/1-300x300.jpg 300w, https:\/\/mula.es\/web\/wp-content\/uploads\/2024\/04\/1-400x400.jpg 400w, https:\/\/mula.es\/web\/wp-content\/uploads\/2024\/04\/1-600x600.jpg 600w, https:\/\/mula.es\/web\/wp-content\/uploads\/2024\/04\/1-768x768.jpg 768w, https:\/\/mula.es\/web\/wp-content\/uploads\/2024\/04\/1-800x800.jpg 800w, https:\/\/mula.es\/web\/wp-content\/uploads\/2024\/04\/1-1024x1024.jpg 1024w, https:\/\/mula.es\/web\/wp-content\/uploads\/2024\/04\/1.jpg 1080w\" sizes=\"(max-width: 300px) 100vw, 300px\" \/><\/a><\/p>\n","protected":false},"excerpt":{"rendered":"<p>El pasado martes 26 de marzo, el alcalde de Mula, Juan Jes\u00fas Moreno, junto con la concejala de Servicios Sociales, Antonia Gabarr\u00f3n, sostuvieron una reuni\u00f3n crucial con representantes de la entidad finianciera Caixabank. En este encuentro, se abordaron asuntos de vital importancia para los ciudadanos, centr\u00e1ndose particularmente en el tema de la vivienda social en  [&#8230;]<\/p>\n","protected":false},"author":13,"featured_media":53274,"comment_status":"closed","ping_status":"closed","sticky":false,"template":"","format":"standard","meta":{"jetpack_post_was_ever_published":false,"_jetpack_newsletter_access":"","_jetpack_dont_email_post_to_subs":false,"_jetpack_newsletter_tier_id":0,"_jetpack_memberships_contains_paywalled_content":false,"_jetpack_memberships_contains_paid_content":false,"footnotes":"","jetpack_publicize_message":"","jetpack_publicize_feature_enabled":true,"jetpack_social_post_already_shared":false,"jetpack_social_options":{"image_generator_settings":{"template":"highway","default_image_id":0,"font":"","enabled":false},"version":2}},"categories":[93],"tags":[],"class_list":["post-53273","post","type-post","status-publish","format-standard","has-post-thumbnail","hentry","category-servicios-sociales"],"yoast_head":"<!-- This site is optimized with the Yoast SEO plugin v27.4 - https:\/\/yoast.com\/product\/yoast-seo-wordpress\/ -->\n<title>El Alcalde de Mula y la Concejala de Servicios Sociales se re\u00fanen con Caixabank para abordar la cuesti\u00f3n de la vivienda social<\/title>\n<meta name=\"description\" content=\"El Alcalde de Mula y la Concejala de Servicios Sociales se re\u00fanen con Caixabank para abordar la cuesti\u00f3n de la vivienda social.\" \/>\n<meta name=\"robots\" content=\"index, follow, max-snippet:-1, max-image-preview:large, max-video-preview:-1\" \/>\n<link rel=\"canonical\" href=\"https:\/\/mula.es\/web\/servicios-sociales-el-alcalde-y-la-concejala-de-servicios-sociales-se-reunen-con-caixabank-para-abordar-la-cuestion-de-la-vivienda-social\/\" \/>\n<meta property=\"og:locale\" content=\"es_ES\" \/>\n<meta property=\"og:type\" content=\"article\" \/>\n<meta property=\"og:title\" content=\"El Alcalde de Mula y la Concejala de Servicios Sociales se re\u00fanen con Caixabank para abordar la cuesti\u00f3n de la vivienda social\" \/>\n<meta property=\"og:description\" content=\"El Alcalde de Mula y la Concejala de Servicios Sociales se re\u00fanen con Caixabank para abordar la cuesti\u00f3n de la vivienda social.\" \/>\n<meta property=\"og:url\" content=\"https:\/\/mula.es\/web\/servicios-sociales-el-alcalde-y-la-concejala-de-servicios-sociales-se-reunen-con-caixabank-para-abordar-la-cuestion-de-la-vivienda-social\/\" \/>\n<meta property=\"og:site_name\" content=\"Ayuntamiento de Mula\" \/>\n<meta property=\"article:published_time\" content=\"2024-04-04T07:53:57+00:00\" \/>\n<meta property=\"article:modified_time\" content=\"2024-04-04T11:11:07+00:00\" \/>\n<meta property=\"og:image\" content=\"https:\/\/mula.es\/web\/wp-content\/uploads\/2024\/04\/1.jpg\" \/>\n\t<meta property=\"og:image:width\" content=\"1080\" \/>\n\t<meta property=\"og:image:height\" content=\"1080\" \/>\n\t<meta property=\"og:image:type\" content=\"image\/jpeg\" \/>\n<meta name=\"author\" content=\"Laura Salas Orcajada\" \/>\n<meta name=\"twitter:card\" content=\"summary_large_image\" \/>\n<meta name=\"twitter:creator\" content=\"@AyuntamientMula\" \/>\n<meta name=\"twitter:site\" content=\"@AyuntamientMula\" \/>\n<meta name=\"twitter:label1\" content=\"Escrito por\" \/>\n\t<meta name=\"twitter:data1\" content=\"Laura Salas Orcajada\" \/>\n\t<meta name=\"twitter:label2\" content=\"Tiempo de lectura\" \/>\n\t<meta name=\"twitter:data2\" content=\"2 minutos\" \/>\n<script type=\"application\/ld+json\" class=\"yoast-schema-graph\">{\"@context\":\"https:\\\/\\\/schema.org\",\"@graph\":[{\"@type\":\"Article\",\"@id\":\"https:\\\/\\\/mula.es\\\/web\\\/servicios-sociales-el-alcalde-y-la-concejala-de-servicios-sociales-se-reunen-con-caixabank-para-abordar-la-cuestion-de-la-vivienda-social\\\/#article\",\"isPartOf\":{\"@id\":\"https:\\\/\\\/mula.es\\\/web\\\/servicios-sociales-el-alcalde-y-la-concejala-de-servicios-sociales-se-reunen-con-caixabank-para-abordar-la-cuestion-de-la-vivienda-social\\\/\"},\"author\":{\"name\":\"Laura Salas Orcajada\",\"@id\":\"https:\\\/\\\/mula.es\\\/web\\\/#\\\/schema\\\/person\\\/4f10179bd364f40dceed361e61e4033f\"},\"headline\":\"SERVICIOS SOCIALES | El Alcalde y la Concejala de Servicios Sociales se re\u00fanen con Caixabank para abordar la cuesti\u00f3n de la vivienda social\",\"datePublished\":\"2024-04-04T07:53:57+00:00\",\"dateModified\":\"2024-04-04T11:11:07+00:00\",\"mainEntityOfPage\":{\"@id\":\"https:\\\/\\\/mula.es\\\/web\\\/servicios-sociales-el-alcalde-y-la-concejala-de-servicios-sociales-se-reunen-con-caixabank-para-abordar-la-cuestion-de-la-vivienda-social\\\/\"},\"wordCount\":236,\"image\":{\"@id\":\"https:\\\/\\\/mula.es\\\/web\\\/servicios-sociales-el-alcalde-y-la-concejala-de-servicios-sociales-se-reunen-con-caixabank-para-abordar-la-cuestion-de-la-vivienda-social\\\/#primaryimage\"},\"thumbnailUrl\":\"https:\\\/\\\/mula.es\\\/web\\\/wp-content\\\/uploads\\\/2024\\\/04\\\/1.jpg\",\"articleSection\":[\"servicios sociales\"],\"inLanguage\":\"es\"},{\"@type\":\"WebPage\",\"@id\":\"https:\\\/\\\/mula.es\\\/web\\\/servicios-sociales-el-alcalde-y-la-concejala-de-servicios-sociales-se-reunen-con-caixabank-para-abordar-la-cuestion-de-la-vivienda-social\\\/\",\"url\":\"https:\\\/\\\/mula.es\\\/web\\\/servicios-sociales-el-alcalde-y-la-concejala-de-servicios-sociales-se-reunen-con-caixabank-para-abordar-la-cuestion-de-la-vivienda-social\\\/\",\"name\":\"El Alcalde de Mula y la Concejala de Servicios Sociales se re\u00fanen con Caixabank para abordar la cuesti\u00f3n de la vivienda social\",\"isPartOf\":{\"@id\":\"https:\\\/\\\/mula.es\\\/web\\\/#website\"},\"primaryImageOfPage\":{\"@id\":\"https:\\\/\\\/mula.es\\\/web\\\/servicios-sociales-el-alcalde-y-la-concejala-de-servicios-sociales-se-reunen-con-caixabank-para-abordar-la-cuestion-de-la-vivienda-social\\\/#primaryimage\"},\"image\":{\"@id\":\"https:\\\/\\\/mula.es\\\/web\\\/servicios-sociales-el-alcalde-y-la-concejala-de-servicios-sociales-se-reunen-con-caixabank-para-abordar-la-cuestion-de-la-vivienda-social\\\/#primaryimage\"},\"thumbnailUrl\":\"https:\\\/\\\/mula.es\\\/web\\\/wp-content\\\/uploads\\\/2024\\\/04\\\/1.jpg\",\"datePublished\":\"2024-04-04T07:53:57+00:00\",\"dateModified\":\"2024-04-04T11:11:07+00:00\",\"author\":{\"@id\":\"https:\\\/\\\/mula.es\\\/web\\\/#\\\/schema\\\/person\\\/4f10179bd364f40dceed361e61e4033f\"},\"description\":\"El Alcalde de Mula y la Concejala de Servicios Sociales se re\u00fanen con Caixabank para abordar la cuesti\u00f3n de la vivienda social.\",\"breadcrumb\":{\"@id\":\"https:\\\/\\\/mula.es\\\/web\\\/servicios-sociales-el-alcalde-y-la-concejala-de-servicios-sociales-se-reunen-con-caixabank-para-abordar-la-cuestion-de-la-vivienda-social\\\/#breadcrumb\"},\"inLanguage\":\"es\",\"potentialAction\":[{\"@type\":\"ReadAction\",\"target\":[\"https:\\\/\\\/mula.es\\\/web\\\/servicios-sociales-el-alcalde-y-la-concejala-de-servicios-sociales-se-reunen-con-caixabank-para-abordar-la-cuestion-de-la-vivienda-social\\\/\"]}]},{\"@type\":\"ImageObject\",\"inLanguage\":\"es\",\"@id\":\"https:\\\/\\\/mula.es\\\/web\\\/servicios-sociales-el-alcalde-y-la-concejala-de-servicios-sociales-se-reunen-con-caixabank-para-abordar-la-cuestion-de-la-vivienda-social\\\/#primaryimage\",\"url\":\"https:\\\/\\\/mula.es\\\/web\\\/wp-content\\\/uploads\\\/2024\\\/04\\\/1.jpg\",\"contentUrl\":\"https:\\\/\\\/mula.es\\\/web\\\/wp-content\\\/uploads\\\/2024\\\/04\\\/1.jpg\",\"width\":1080,\"height\":1080,\"caption\":\"El Alcalde de Mula y la Concejala de Servicios Sociales se re\u00fanen con Caixabank para abordar la cuesti\u00f3n de la vivienda social\"},{\"@type\":\"BreadcrumbList\",\"@id\":\"https:\\\/\\\/mula.es\\\/web\\\/servicios-sociales-el-alcalde-y-la-concejala-de-servicios-sociales-se-reunen-con-caixabank-para-abordar-la-cuestion-de-la-vivienda-social\\\/#breadcrumb\",\"itemListElement\":[{\"@type\":\"ListItem\",\"position\":1,\"name\":\"Portada\",\"item\":\"https:\\\/\\\/mula.es\\\/web\\\/\"},{\"@type\":\"ListItem\",\"position\":2,\"name\":\"SERVICIOS SOCIALES | El Alcalde y la Concejala de Servicios Sociales se re\u00fanen con Caixabank para abordar la cuesti\u00f3n de la vivienda social\"}]},{\"@type\":\"WebSite\",\"@id\":\"https:\\\/\\\/mula.es\\\/web\\\/#website\",\"url\":\"https:\\\/\\\/mula.es\\\/web\\\/\",\"name\":\"Ayuntamiento de Mula\",\"description\":\"P\u00e1gina web del Ayuntamiento de Mula (Regi\u00f3n de Murcia)\",\"potentialAction\":[{\"@type\":\"SearchAction\",\"target\":{\"@type\":\"EntryPoint\",\"urlTemplate\":\"https:\\\/\\\/mula.es\\\/web\\\/?s={search_term_string}\"},\"query-input\":{\"@type\":\"PropertyValueSpecification\",\"valueRequired\":true,\"valueName\":\"search_term_string\"}}],\"inLanguage\":\"es\"},{\"@type\":\"Person\",\"@id\":\"https:\\\/\\\/mula.es\\\/web\\\/#\\\/schema\\\/person\\\/4f10179bd364f40dceed361e61e4033f\",\"name\":\"Laura Salas Orcajada\",\"image\":{\"@type\":\"ImageObject\",\"inLanguage\":\"es\",\"@id\":\"https:\\\/\\\/secure.gravatar.com\\\/avatar\\\/786f2a223d9a455e2a448f78b5dcc1117207ef56ef3d9a04df338c0f775cd403?s=96&d=mm&r=g\",\"url\":\"https:\\\/\\\/secure.gravatar.com\\\/avatar\\\/786f2a223d9a455e2a448f78b5dcc1117207ef56ef3d9a04df338c0f775cd403?s=96&d=mm&r=g\",\"contentUrl\":\"https:\\\/\\\/secure.gravatar.com\\\/avatar\\\/786f2a223d9a455e2a448f78b5dcc1117207ef56ef3d9a04df338c0f775cd403?s=96&d=mm&r=g\",\"caption\":\"Laura Salas Orcajada\"},\"url\":\"https:\\\/\\\/mula.es\\\/web\\\/author\\\/lsalas\\\/\"}]}<\/script>\n<!-- \/ Yoast SEO plugin. -->","yoast_head_json":{"title":"El Alcalde de Mula y la Concejala de Servicios Sociales se re\u00fanen con Caixabank para abordar la cuesti\u00f3n de la vivienda social","description":"El Alcalde de Mula y la Concejala de Servicios Sociales se re\u00fanen con Caixabank para abordar la cuesti\u00f3n de la vivienda social.","robots":{"index":"index","follow":"follow","max-snippet":"max-snippet:-1","max-image-preview":"max-image-preview:large","max-video-preview":"max-video-preview:-1"},"canonical":"https:\/\/mula.es\/web\/servicios-sociales-el-alcalde-y-la-concejala-de-servicios-sociales-se-reunen-con-caixabank-para-abordar-la-cuestion-de-la-vivienda-social\/","og_locale":"es_ES","og_type":"article","og_title":"El Alcalde de Mula y la Concejala de Servicios Sociales se re\u00fanen con Caixabank para abordar la cuesti\u00f3n de la vivienda social","og_description":"El Alcalde de Mula y la Concejala de Servicios Sociales se re\u00fanen con Caixabank para abordar la cuesti\u00f3n de la vivienda social.","og_url":"https:\/\/mula.es\/web\/servicios-sociales-el-alcalde-y-la-concejala-de-servicios-sociales-se-reunen-con-caixabank-para-abordar-la-cuestion-de-la-vivienda-social\/","og_site_name":"Ayuntamiento de Mula","article_published_time":"2024-04-04T07:53:57+00:00","article_modified_time":"2024-04-04T11:11:07+00:00","og_image":[{"width":1080,"height":1080,"url":"https:\/\/mula.es\/web\/wp-content\/uploads\/2024\/04\/1.jpg","type":"image\/jpeg"}],"author":"Laura Salas Orcajada","twitter_card":"summary_large_image","twitter_creator":"@AyuntamientMula","twitter_site":"@AyuntamientMula","twitter_misc":{"Escrito por":"Laura Salas Orcajada","Tiempo de lectura":"2 minutos"},"schema":{"@context":"https:\/\/schema.org","@graph":[{"@type":"Article","@id":"https:\/\/mula.es\/web\/servicios-sociales-el-alcalde-y-la-concejala-de-servicios-sociales-se-reunen-con-caixabank-para-abordar-la-cuestion-de-la-vivienda-social\/#article","isPartOf":{"@id":"https:\/\/mula.es\/web\/servicios-sociales-el-alcalde-y-la-concejala-de-servicios-sociales-se-reunen-con-caixabank-para-abordar-la-cuestion-de-la-vivienda-social\/"},"author":{"name":"Laura Salas Orcajada","@id":"https:\/\/mula.es\/web\/#\/schema\/person\/4f10179bd364f40dceed361e61e4033f"},"headline":"SERVICIOS SOCIALES | El Alcalde y la Concejala de Servicios Sociales se re\u00fanen con Caixabank para abordar la cuesti\u00f3n de la vivienda social","datePublished":"2024-04-04T07:53:57+00:00","dateModified":"2024-04-04T11:11:07+00:00","mainEntityOfPage":{"@id":"https:\/\/mula.es\/web\/servicios-sociales-el-alcalde-y-la-concejala-de-servicios-sociales-se-reunen-con-caixabank-para-abordar-la-cuestion-de-la-vivienda-social\/"},"wordCount":236,"image":{"@id":"https:\/\/mula.es\/web\/servicios-sociales-el-alcalde-y-la-concejala-de-servicios-sociales-se-reunen-con-caixabank-para-abordar-la-cuestion-de-la-vivienda-social\/#primaryimage"},"thumbnailUrl":"https:\/\/mula.es\/web\/wp-content\/uploads\/2024\/04\/1.jpg","articleSection":["servicios sociales"],"inLanguage":"es"},{"@type":"WebPage","@id":"https:\/\/mula.es\/web\/servicios-sociales-el-alcalde-y-la-concejala-de-servicios-sociales-se-reunen-con-caixabank-para-abordar-la-cuestion-de-la-vivienda-social\/","url":"https:\/\/mula.es\/web\/servicios-sociales-el-alcalde-y-la-concejala-de-servicios-sociales-se-reunen-con-caixabank-para-abordar-la-cuestion-de-la-vivienda-social\/","name":"El Alcalde de Mula y la Concejala de Servicios Sociales se re\u00fanen con Caixabank para abordar la cuesti\u00f3n de la vivienda social","isPartOf":{"@id":"https:\/\/mula.es\/web\/#website"},"primaryImageOfPage":{"@id":"https:\/\/mula.es\/web\/servicios-sociales-el-alcalde-y-la-concejala-de-servicios-sociales-se-reunen-con-caixabank-para-abordar-la-cuestion-de-la-vivienda-social\/#primaryimage"},"image":{"@id":"https:\/\/mula.es\/web\/servicios-sociales-el-alcalde-y-la-concejala-de-servicios-sociales-se-reunen-con-caixabank-para-abordar-la-cuestion-de-la-vivienda-social\/#primaryimage"},"thumbnailUrl":"https:\/\/mula.es\/web\/wp-content\/uploads\/2024\/04\/1.jpg","datePublished":"2024-04-04T07:53:57+00:00","dateModified":"2024-04-04T11:11:07+00:00","author":{"@id":"https:\/\/mula.es\/web\/#\/schema\/person\/4f10179bd364f40dceed361e61e4033f"},"description":"El Alcalde de Mula y la Concejala de Servicios Sociales se re\u00fanen con Caixabank para abordar la cuesti\u00f3n de la vivienda social.","breadcrumb":{"@id":"https:\/\/mula.es\/web\/servicios-sociales-el-alcalde-y-la-concejala-de-servicios-sociales-se-reunen-con-caixabank-para-abordar-la-cuestion-de-la-vivienda-social\/#breadcrumb"},"inLanguage":"es","potentialAction":[{"@type":"ReadAction","target":["https:\/\/mula.es\/web\/servicios-sociales-el-alcalde-y-la-concejala-de-servicios-sociales-se-reunen-con-caixabank-para-abordar-la-cuestion-de-la-vivienda-social\/"]}]},{"@type":"ImageObject","inLanguage":"es","@id":"https:\/\/mula.es\/web\/servicios-sociales-el-alcalde-y-la-concejala-de-servicios-sociales-se-reunen-con-caixabank-para-abordar-la-cuestion-de-la-vivienda-social\/#primaryimage","url":"https:\/\/mula.es\/web\/wp-content\/uploads\/2024\/04\/1.jpg","contentUrl":"https:\/\/mula.es\/web\/wp-content\/uploads\/2024\/04\/1.jpg","width":1080,"height":1080,"caption":"El Alcalde de Mula y la Concejala de Servicios Sociales se re\u00fanen con Caixabank para abordar la cuesti\u00f3n de la vivienda social"},{"@type":"BreadcrumbList","@id":"https:\/\/mula.es\/web\/servicios-sociales-el-alcalde-y-la-concejala-de-servicios-sociales-se-reunen-con-caixabank-para-abordar-la-cuestion-de-la-vivienda-social\/#breadcrumb","itemListElement":[{"@type":"ListItem","position":1,"name":"Portada","item":"https:\/\/mula.es\/web\/"},{"@type":"ListItem","position":2,"name":"SERVICIOS SOCIALES | El Alcalde y la Concejala de Servicios Sociales se re\u00fanen con Caixabank para abordar la cuesti\u00f3n de la vivienda social"}]},{"@type":"WebSite","@id":"https:\/\/mula.es\/web\/#website","url":"https:\/\/mula.es\/web\/","name":"Ayuntamiento de Mula","description":"P\u00e1gina web del Ayuntamiento de Mula (Regi\u00f3n de Murcia)","potentialAction":[{"@type":"SearchAction","target":{"@type":"EntryPoint","urlTemplate":"https:\/\/mula.es\/web\/?s={search_term_string}"},"query-input":{"@type":"PropertyValueSpecification","valueRequired":true,"valueName":"search_term_string"}}],"inLanguage":"es"},{"@type":"Person","@id":"https:\/\/mula.es\/web\/#\/schema\/person\/4f10179bd364f40dceed361e61e4033f","name":"Laura Salas Orcajada","image":{"@type":"ImageObject","inLanguage":"es","@id":"https:\/\/secure.gravatar.com\/avatar\/786f2a223d9a455e2a448f78b5dcc1117207ef56ef3d9a04df338c0f775cd403?s=96&d=mm&r=g","url":"https:\/\/secure.gravatar.com\/avatar\/786f2a223d9a455e2a448f78b5dcc1117207ef56ef3d9a04df338c0f775cd403?s=96&d=mm&r=g","contentUrl":"https:\/\/secure.gravatar.com\/avatar\/786f2a223d9a455e2a448f78b5dcc1117207ef56ef3d9a04df338c0f775cd403?s=96&d=mm&r=g","caption":"Laura Salas Orcajada"},"url":"https:\/\/mula.es\/web\/author\/lsalas\/"}]}},"jetpack_publicize_connections":[],"jetpack_featured_media_url":"https:\/\/mula.es\/web\/wp-content\/uploads\/2024\/04\/1.jpg","jetpack_sharing_enabled":true,"jetpack_shortlink":"https:\/\/wp.me\/pa9DMY-dRf","jetpack-related-posts":[],"_links":{"self":[{"href":"https:\/\/mula.es\/web\/wp-json\/wp\/v2\/posts\/53273","targetHints":{"allow":["GET"]}}],"collection":[{"href":"https:\/\/mula.es\/web\/wp-json\/wp\/v2\/posts"}],"about":[{"href":"https:\/\/mula.es\/web\/wp-json\/wp\/v2\/types\/post"}],"author":[{"embeddable":true,"href":"https:\/\/mula.es\/web\/wp-json\/wp\/v2\/users\/13"}],"replies":[{"embeddable":true,"href":"https:\/\/mula.es\/web\/wp-json\/wp\/v2\/comments?post=53273"}],"version-history":[{"count":4,"href":"https:\/\/mula.es\/web\/wp-json\/wp\/v2\/posts\/53273\/revisions"}],"predecessor-version":[{"id":53279,"href":"https:\/\/mula.es\/web\/wp-json\/wp\/v2\/posts\/53273\/revisions\/53279"}],"wp:featuredmedia":[{"embeddable":true,"href":"https:\/\/mula.es\/web\/wp-json\/wp\/v2\/media\/53274"}],"wp:attachment":[{"href":"https:\/\/mula.es\/web\/wp-json\/wp\/v2\/media?parent=53273"}],"wp:term":[{"taxonomy":"category","embeddable":true,"href":"https:\/\/mula.es\/web\/wp-json\/wp\/v2\/categories?post=53273"},{"taxonomy":"post_tag","embeddable":true,"href":"https:\/\/mula.es\/web\/wp-json\/wp\/v2\/tags?post=53273"}],"curies":[{"name":"wp","href":"https:\/\/api.w.org\/{rel}","templated":true}]}}