{"id":53280,"date":"2024-04-04T13:17:44","date_gmt":"2024-04-04T11:17:44","guid":{"rendered":"https:\/\/mula.es\/web\/?p=53280"},"modified":"2024-04-04T13:32:52","modified_gmt":"2024-04-04T11:32:52","slug":"obras-y-servicios-el-equipo-de-gobierno-visita-las-obras-de-mejora-en-el-centro-de-dia-municipal","status":"publish","type":"post","link":"https:\/\/mula.es\/web\/obras-y-servicios-el-equipo-de-gobierno-visita-las-obras-de-mejora-en-el-centro-de-dia-municipal\/","title":{"rendered":"OBRAS Y SERVICIOS | El equipo de gobierno visita las obras de mejora en el Centro de D\u00eda Municipal"},"content":{"rendered":"<p>El alcalde de Mula, Juan Jes\u00fas Moreno, acompa\u00f1ado del concejal de Obras y Servicios, Vicente L\u00f3pez; de la concejala de Servicios Sociales, Antonia Gabarr\u00f3n; y del arquitecto municipal, Juan Fern\u00e1ndez, realiz\u00f3 una visita a las obras en curso en el Centro de D\u00eda Municipal.<\/p>\n<p>Las obras en el Centro de Estancias Diurnas Municipal tienen como objetivo principal mejorar la accesibilidad y la calidad del espacio para los usuarios. En particular, se est\u00e1 llevando a cabo la reforma del acceso exterior del centro, que incluye la eliminaci\u00f3n de las jardineras existentes para crear una zona de recreo.<\/p>\n<p>Se va a hacer una inversi\u00f3n por encima de los 30.000\u20ac que se financia a trav\u00e9s del IMAS y del Ayuntamiento de Mula.<\/p>\n<p>Esta transformaci\u00f3n proporcionar\u00e1 a los usuarios un nuevo espacio al aire libre donde podr\u00e1n disfrutar del sol y el aire fresco sin tener que abandonar las instalaciones del centro.<\/p>\n<p>Adem\u00e1s de la creaci\u00f3n de esta nueva \u00e1rea de esparcimiento, se est\u00e1 realizando una mejora significativa en la iluminaci\u00f3n interior del centro, que en la actualidad es insuficiente. Esta mejora garantizar\u00e1 un ambiente m\u00e1s c\u00f3modo y acogedor para los usuarios durante su estancia en el Centro de D\u00eda.<\/p>\n<p>El alcalde expres\u00f3 su satisfacci\u00f3n por el progreso de las obras y destac\u00f3 la importancia de estas mejoras para el bienestar de los usuarios del Centro de D\u00eda Municipal. Asimismo, agradeci\u00f3 el esfuerzo y la dedicaci\u00f3n del personal municipal y de los trabajadores involucrados en el proyecto.<\/p>\n<p>Las obras en el Centro de D\u00eda Municipal reflejan el compromiso continuo del Ayuntamiento de Mula con la mejora de los servicios sociales y el bienestar de todos los ciudadanos.<\/p>\n<p><a href=\"https:\/\/mula.es\/web\/wp-content\/uploads\/2024\/04\/2-1.jpg\"><img decoding=\"async\" data-attachment-id=\"53282\" data-permalink=\"https:\/\/mula.es\/web\/obras-y-servicios-el-equipo-de-gobierno-visita-las-obras-de-mejora-en-el-centro-de-dia-municipal\/2-5\/\" data-orig-file=\"https:\/\/mula.es\/web\/wp-content\/uploads\/2024\/04\/2-1.jpg\" data-orig-size=\"1080,1080\" data-comments-opened=\"0\" data-image-meta=\"{&quot;aperture&quot;:&quot;0&quot;,&quot;credit&quot;:&quot;&quot;,&quot;camera&quot;:&quot;&quot;,&quot;caption&quot;:&quot;&quot;,&quot;created_timestamp&quot;:&quot;0&quot;,&quot;copyright&quot;:&quot;&quot;,&quot;focal_length&quot;:&quot;0&quot;,&quot;iso&quot;:&quot;0&quot;,&quot;shutter_speed&quot;:&quot;0&quot;,&quot;title&quot;:&quot;&quot;,&quot;orientation&quot;:&quot;1&quot;}\" data-image-title=\"Obras en el Centro de D\u00eda\" data-image-description=\"\" data-image-caption=\"&lt;p&gt;Obras en el Centro de D\u00eda&lt;\/p&gt;\n\" data-large-file=\"https:\/\/mula.es\/web\/wp-content\/uploads\/2024\/04\/2-1-1024x1024.jpg\" class=\"size-medium wp-image-53282\" src=\"https:\/\/mula.es\/web\/wp-content\/uploads\/2024\/04\/2-1-300x300.jpg\" alt=\"Obras en el Centro de D\u00eda\" width=\"300\" height=\"300\" srcset=\"https:\/\/mula.es\/web\/wp-content\/uploads\/2024\/04\/2-1-66x66.jpg 66w, https:\/\/mula.es\/web\/wp-content\/uploads\/2024\/04\/2-1-150x150.jpg 150w, https:\/\/mula.es\/web\/wp-content\/uploads\/2024\/04\/2-1-200x200.jpg 200w, https:\/\/mula.es\/web\/wp-content\/uploads\/2024\/04\/2-1-300x300.jpg 300w, https:\/\/mula.es\/web\/wp-content\/uploads\/2024\/04\/2-1-400x400.jpg 400w, https:\/\/mula.es\/web\/wp-content\/uploads\/2024\/04\/2-1-600x600.jpg 600w, https:\/\/mula.es\/web\/wp-content\/uploads\/2024\/04\/2-1-768x768.jpg 768w, https:\/\/mula.es\/web\/wp-content\/uploads\/2024\/04\/2-1-800x800.jpg 800w, https:\/\/mula.es\/web\/wp-content\/uploads\/2024\/04\/2-1-1024x1024.jpg 1024w, https:\/\/mula.es\/web\/wp-content\/uploads\/2024\/04\/2-1.jpg 1080w\" sizes=\"(max-width: 300px) 100vw, 300px\" \/><\/a><\/p>\n<p><a href=\"https:\/\/mula.es\/web\/wp-content\/uploads\/2024\/04\/1-1.jpg\"><img decoding=\"async\" data-attachment-id=\"53281\" data-permalink=\"https:\/\/mula.es\/web\/obras-y-servicios-el-equipo-de-gobierno-visita-las-obras-de-mejora-en-el-centro-de-dia-municipal\/1-7\/\" data-orig-file=\"https:\/\/mula.es\/web\/wp-content\/uploads\/2024\/04\/1-1.jpg\" data-orig-size=\"1080,1080\" data-comments-opened=\"0\" data-image-meta=\"{&quot;aperture&quot;:&quot;0&quot;,&quot;credit&quot;:&quot;&quot;,&quot;camera&quot;:&quot;&quot;,&quot;caption&quot;:&quot;&quot;,&quot;created_timestamp&quot;:&quot;0&quot;,&quot;copyright&quot;:&quot;&quot;,&quot;focal_length&quot;:&quot;0&quot;,&quot;iso&quot;:&quot;0&quot;,&quot;shutter_speed&quot;:&quot;0&quot;,&quot;title&quot;:&quot;&quot;,&quot;orientation&quot;:&quot;1&quot;}\" data-image-title=\"Obras en el Centro de D\u00eda\" data-image-description=\"&lt;p&gt;Obras en el Centro de D\u00eda&lt;\/p&gt;\n\" data-image-caption=\"&lt;p&gt;Obras en el Centro de D\u00eda&lt;\/p&gt;\n\" data-large-file=\"https:\/\/mula.es\/web\/wp-content\/uploads\/2024\/04\/1-1-1024x1024.jpg\" class=\"size-medium wp-image-53281\" src=\"https:\/\/mula.es\/web\/wp-content\/uploads\/2024\/04\/1-1-300x300.jpg\" alt=\"Obras en el Centro de D\u00eda\" width=\"300\" height=\"300\" srcset=\"https:\/\/mula.es\/web\/wp-content\/uploads\/2024\/04\/1-1-66x66.jpg 66w, https:\/\/mula.es\/web\/wp-content\/uploads\/2024\/04\/1-1-150x150.jpg 150w, https:\/\/mula.es\/web\/wp-content\/uploads\/2024\/04\/1-1-200x200.jpg 200w, https:\/\/mula.es\/web\/wp-content\/uploads\/2024\/04\/1-1-300x300.jpg 300w, https:\/\/mula.es\/web\/wp-content\/uploads\/2024\/04\/1-1-400x400.jpg 400w, https:\/\/mula.es\/web\/wp-content\/uploads\/2024\/04\/1-1-600x600.jpg 600w, https:\/\/mula.es\/web\/wp-content\/uploads\/2024\/04\/1-1-768x768.jpg 768w, https:\/\/mula.es\/web\/wp-content\/uploads\/2024\/04\/1-1-800x800.jpg 800w, https:\/\/mula.es\/web\/wp-content\/uploads\/2024\/04\/1-1-1024x1024.jpg 1024w, https:\/\/mula.es\/web\/wp-content\/uploads\/2024\/04\/1-1.jpg 1080w\" sizes=\"(max-width: 300px) 100vw, 300px\" \/><\/a><\/p>\n<p>&nbsp;<\/p>\n","protected":false},"excerpt":{"rendered":"<p>El alcalde de Mula, Juan Jes\u00fas Moreno, acompa\u00f1ado del concejal de Obras y Servicios, Vicente L\u00f3pez; de la concejala de Servicios Sociales, Antonia Gabarr\u00f3n; y del arquitecto municipal, Juan Fern\u00e1ndez, realiz\u00f3 una visita a las obras en curso en el Centro de D\u00eda Municipal. Las obras en el Centro de Estancias Diurnas Municipal tienen como  [&#8230;]<\/p>\n","protected":false},"author":13,"featured_media":53281,"comment_status":"closed","ping_status":"closed","sticky":false,"template":"","format":"standard","meta":{"jetpack_post_was_ever_published":false,"_jetpack_newsletter_access":"","_jetpack_dont_email_post_to_subs":false,"_jetpack_newsletter_tier_id":0,"_jetpack_memberships_contains_paywalled_content":false,"_jetpack_memberships_contains_paid_content":false,"footnotes":"","jetpack_publicize_message":"","jetpack_publicize_feature_enabled":true,"jetpack_social_post_already_shared":false,"jetpack_social_options":{"image_generator_settings":{"template":"highway","default_image_id":0,"font":"","enabled":false},"version":2}},"categories":[338],"tags":[],"class_list":["post-53280","post","type-post","status-publish","format-standard","has-post-thumbnail","hentry","category-obras-y-servicios"],"yoast_head":"<!-- This site is optimized with the Yoast SEO plugin v27.4 - https:\/\/yoast.com\/product\/yoast-seo-wordpress\/ -->\n<title>El equipo de gobierno visita las obras de mejora en el Centro de D\u00eda Municipal<\/title>\n<meta name=\"description\" content=\"El equipo de gobierno visita las obras de mejora en el Centro de D\u00eda Municipal.\" \/>\n<meta name=\"robots\" content=\"index, follow, max-snippet:-1, max-image-preview:large, max-video-preview:-1\" \/>\n<link rel=\"canonical\" href=\"https:\/\/mula.es\/web\/obras-y-servicios-el-equipo-de-gobierno-visita-las-obras-de-mejora-en-el-centro-de-dia-municipal\/\" \/>\n<meta property=\"og:locale\" content=\"es_ES\" \/>\n<meta property=\"og:type\" content=\"article\" \/>\n<meta property=\"og:title\" content=\"El equipo de gobierno visita las obras de mejora en el Centro de D\u00eda Municipal\" \/>\n<meta property=\"og:description\" content=\"El equipo de gobierno visita las obras de mejora en el Centro de D\u00eda Municipal.\" \/>\n<meta property=\"og:url\" content=\"https:\/\/mula.es\/web\/obras-y-servicios-el-equipo-de-gobierno-visita-las-obras-de-mejora-en-el-centro-de-dia-municipal\/\" \/>\n<meta property=\"og:site_name\" content=\"Ayuntamiento de Mula\" \/>\n<meta property=\"article:published_time\" content=\"2024-04-04T11:17:44+00:00\" \/>\n<meta property=\"article:modified_time\" content=\"2024-04-04T11:32:52+00:00\" \/>\n<meta property=\"og:image\" content=\"https:\/\/mula.es\/web\/wp-content\/uploads\/2024\/04\/1-1.jpg\" \/>\n\t<meta property=\"og:image:width\" content=\"1080\" \/>\n\t<meta property=\"og:image:height\" content=\"1080\" \/>\n\t<meta property=\"og:image:type\" content=\"image\/jpeg\" \/>\n<meta name=\"author\" content=\"Laura Salas Orcajada\" \/>\n<meta name=\"twitter:card\" content=\"summary_large_image\" \/>\n<meta name=\"twitter:creator\" content=\"@AyuntamientMula\" \/>\n<meta name=\"twitter:site\" content=\"@AyuntamientMula\" \/>\n<meta name=\"twitter:label1\" content=\"Escrito por\" \/>\n\t<meta name=\"twitter:data1\" content=\"Laura Salas Orcajada\" \/>\n\t<meta name=\"twitter:label2\" content=\"Tiempo de lectura\" \/>\n\t<meta name=\"twitter:data2\" content=\"2 minutos\" \/>\n<script type=\"application\/ld+json\" class=\"yoast-schema-graph\">{\"@context\":\"https:\\\/\\\/schema.org\",\"@graph\":[{\"@type\":\"Article\",\"@id\":\"https:\\\/\\\/mula.es\\\/web\\\/obras-y-servicios-el-equipo-de-gobierno-visita-las-obras-de-mejora-en-el-centro-de-dia-municipal\\\/#article\",\"isPartOf\":{\"@id\":\"https:\\\/\\\/mula.es\\\/web\\\/obras-y-servicios-el-equipo-de-gobierno-visita-las-obras-de-mejora-en-el-centro-de-dia-municipal\\\/\"},\"author\":{\"name\":\"Laura Salas Orcajada\",\"@id\":\"https:\\\/\\\/mula.es\\\/web\\\/#\\\/schema\\\/person\\\/4f10179bd364f40dceed361e61e4033f\"},\"headline\":\"OBRAS Y SERVICIOS | El equipo de gobierno visita las obras de mejora en el Centro de D\u00eda Municipal\",\"datePublished\":\"2024-04-04T11:17:44+00:00\",\"dateModified\":\"2024-04-04T11:32:52+00:00\",\"mainEntityOfPage\":{\"@id\":\"https:\\\/\\\/mula.es\\\/web\\\/obras-y-servicios-el-equipo-de-gobierno-visita-las-obras-de-mejora-en-el-centro-de-dia-municipal\\\/\"},\"wordCount\":313,\"image\":{\"@id\":\"https:\\\/\\\/mula.es\\\/web\\\/obras-y-servicios-el-equipo-de-gobierno-visita-las-obras-de-mejora-en-el-centro-de-dia-municipal\\\/#primaryimage\"},\"thumbnailUrl\":\"https:\\\/\\\/mula.es\\\/web\\\/wp-content\\\/uploads\\\/2024\\\/04\\\/1-1.jpg\",\"articleSection\":[\"obras y servicios\"],\"inLanguage\":\"es\"},{\"@type\":\"WebPage\",\"@id\":\"https:\\\/\\\/mula.es\\\/web\\\/obras-y-servicios-el-equipo-de-gobierno-visita-las-obras-de-mejora-en-el-centro-de-dia-municipal\\\/\",\"url\":\"https:\\\/\\\/mula.es\\\/web\\\/obras-y-servicios-el-equipo-de-gobierno-visita-las-obras-de-mejora-en-el-centro-de-dia-municipal\\\/\",\"name\":\"El equipo de gobierno visita las obras de mejora en el Centro de D\u00eda Municipal\",\"isPartOf\":{\"@id\":\"https:\\\/\\\/mula.es\\\/web\\\/#website\"},\"primaryImageOfPage\":{\"@id\":\"https:\\\/\\\/mula.es\\\/web\\\/obras-y-servicios-el-equipo-de-gobierno-visita-las-obras-de-mejora-en-el-centro-de-dia-municipal\\\/#primaryimage\"},\"image\":{\"@id\":\"https:\\\/\\\/mula.es\\\/web\\\/obras-y-servicios-el-equipo-de-gobierno-visita-las-obras-de-mejora-en-el-centro-de-dia-municipal\\\/#primaryimage\"},\"thumbnailUrl\":\"https:\\\/\\\/mula.es\\\/web\\\/wp-content\\\/uploads\\\/2024\\\/04\\\/1-1.jpg\",\"datePublished\":\"2024-04-04T11:17:44+00:00\",\"dateModified\":\"2024-04-04T11:32:52+00:00\",\"author\":{\"@id\":\"https:\\\/\\\/mula.es\\\/web\\\/#\\\/schema\\\/person\\\/4f10179bd364f40dceed361e61e4033f\"},\"description\":\"El equipo de gobierno visita las obras de mejora en el Centro de D\u00eda Municipal.\",\"breadcrumb\":{\"@id\":\"https:\\\/\\\/mula.es\\\/web\\\/obras-y-servicios-el-equipo-de-gobierno-visita-las-obras-de-mejora-en-el-centro-de-dia-municipal\\\/#breadcrumb\"},\"inLanguage\":\"es\",\"potentialAction\":[{\"@type\":\"ReadAction\",\"target\":[\"https:\\\/\\\/mula.es\\\/web\\\/obras-y-servicios-el-equipo-de-gobierno-visita-las-obras-de-mejora-en-el-centro-de-dia-municipal\\\/\"]}]},{\"@type\":\"ImageObject\",\"inLanguage\":\"es\",\"@id\":\"https:\\\/\\\/mula.es\\\/web\\\/obras-y-servicios-el-equipo-de-gobierno-visita-las-obras-de-mejora-en-el-centro-de-dia-municipal\\\/#primaryimage\",\"url\":\"https:\\\/\\\/mula.es\\\/web\\\/wp-content\\\/uploads\\\/2024\\\/04\\\/1-1.jpg\",\"contentUrl\":\"https:\\\/\\\/mula.es\\\/web\\\/wp-content\\\/uploads\\\/2024\\\/04\\\/1-1.jpg\",\"width\":1080,\"height\":1080,\"caption\":\"Obras en el Centro de D\u00eda\"},{\"@type\":\"BreadcrumbList\",\"@id\":\"https:\\\/\\\/mula.es\\\/web\\\/obras-y-servicios-el-equipo-de-gobierno-visita-las-obras-de-mejora-en-el-centro-de-dia-municipal\\\/#breadcrumb\",\"itemListElement\":[{\"@type\":\"ListItem\",\"position\":1,\"name\":\"Portada\",\"item\":\"https:\\\/\\\/mula.es\\\/web\\\/\"},{\"@type\":\"ListItem\",\"position\":2,\"name\":\"OBRAS Y SERVICIOS | El equipo de gobierno visita las obras de mejora en el Centro de D\u00eda Municipal\"}]},{\"@type\":\"WebSite\",\"@id\":\"https:\\\/\\\/mula.es\\\/web\\\/#website\",\"url\":\"https:\\\/\\\/mula.es\\\/web\\\/\",\"name\":\"Ayuntamiento de Mula\",\"description\":\"P\u00e1gina web del Ayuntamiento de Mula (Regi\u00f3n de Murcia)\",\"potentialAction\":[{\"@type\":\"SearchAction\",\"target\":{\"@type\":\"EntryPoint\",\"urlTemplate\":\"https:\\\/\\\/mula.es\\\/web\\\/?s={search_term_string}\"},\"query-input\":{\"@type\":\"PropertyValueSpecification\",\"valueRequired\":true,\"valueName\":\"search_term_string\"}}],\"inLanguage\":\"es\"},{\"@type\":\"Person\",\"@id\":\"https:\\\/\\\/mula.es\\\/web\\\/#\\\/schema\\\/person\\\/4f10179bd364f40dceed361e61e4033f\",\"name\":\"Laura Salas Orcajada\",\"image\":{\"@type\":\"ImageObject\",\"inLanguage\":\"es\",\"@id\":\"https:\\\/\\\/secure.gravatar.com\\\/avatar\\\/786f2a223d9a455e2a448f78b5dcc1117207ef56ef3d9a04df338c0f775cd403?s=96&d=mm&r=g\",\"url\":\"https:\\\/\\\/secure.gravatar.com\\\/avatar\\\/786f2a223d9a455e2a448f78b5dcc1117207ef56ef3d9a04df338c0f775cd403?s=96&d=mm&r=g\",\"contentUrl\":\"https:\\\/\\\/secure.gravatar.com\\\/avatar\\\/786f2a223d9a455e2a448f78b5dcc1117207ef56ef3d9a04df338c0f775cd403?s=96&d=mm&r=g\",\"caption\":\"Laura Salas Orcajada\"},\"url\":\"https:\\\/\\\/mula.es\\\/web\\\/author\\\/lsalas\\\/\"}]}<\/script>\n<!-- \/ Yoast SEO plugin. -->","yoast_head_json":{"title":"El equipo de gobierno visita las obras de mejora en el Centro de D\u00eda Municipal","description":"El equipo de gobierno visita las obras de mejora en el Centro de D\u00eda Municipal.","robots":{"index":"index","follow":"follow","max-snippet":"max-snippet:-1","max-image-preview":"max-image-preview:large","max-video-preview":"max-video-preview:-1"},"canonical":"https:\/\/mula.es\/web\/obras-y-servicios-el-equipo-de-gobierno-visita-las-obras-de-mejora-en-el-centro-de-dia-municipal\/","og_locale":"es_ES","og_type":"article","og_title":"El equipo de gobierno visita las obras de mejora en el Centro de D\u00eda Municipal","og_description":"El equipo de gobierno visita las obras de mejora en el Centro de D\u00eda Municipal.","og_url":"https:\/\/mula.es\/web\/obras-y-servicios-el-equipo-de-gobierno-visita-las-obras-de-mejora-en-el-centro-de-dia-municipal\/","og_site_name":"Ayuntamiento de Mula","article_published_time":"2024-04-04T11:17:44+00:00","article_modified_time":"2024-04-04T11:32:52+00:00","og_image":[{"width":1080,"height":1080,"url":"https:\/\/mula.es\/web\/wp-content\/uploads\/2024\/04\/1-1.jpg","type":"image\/jpeg"}],"author":"Laura Salas Orcajada","twitter_card":"summary_large_image","twitter_creator":"@AyuntamientMula","twitter_site":"@AyuntamientMula","twitter_misc":{"Escrito por":"Laura Salas Orcajada","Tiempo de lectura":"2 minutos"},"schema":{"@context":"https:\/\/schema.org","@graph":[{"@type":"Article","@id":"https:\/\/mula.es\/web\/obras-y-servicios-el-equipo-de-gobierno-visita-las-obras-de-mejora-en-el-centro-de-dia-municipal\/#article","isPartOf":{"@id":"https:\/\/mula.es\/web\/obras-y-servicios-el-equipo-de-gobierno-visita-las-obras-de-mejora-en-el-centro-de-dia-municipal\/"},"author":{"name":"Laura Salas Orcajada","@id":"https:\/\/mula.es\/web\/#\/schema\/person\/4f10179bd364f40dceed361e61e4033f"},"headline":"OBRAS Y SERVICIOS | El equipo de gobierno visita las obras de mejora en el Centro de D\u00eda Municipal","datePublished":"2024-04-04T11:17:44+00:00","dateModified":"2024-04-04T11:32:52+00:00","mainEntityOfPage":{"@id":"https:\/\/mula.es\/web\/obras-y-servicios-el-equipo-de-gobierno-visita-las-obras-de-mejora-en-el-centro-de-dia-municipal\/"},"wordCount":313,"image":{"@id":"https:\/\/mula.es\/web\/obras-y-servicios-el-equipo-de-gobierno-visita-las-obras-de-mejora-en-el-centro-de-dia-municipal\/#primaryimage"},"thumbnailUrl":"https:\/\/mula.es\/web\/wp-content\/uploads\/2024\/04\/1-1.jpg","articleSection":["obras y servicios"],"inLanguage":"es"},{"@type":"WebPage","@id":"https:\/\/mula.es\/web\/obras-y-servicios-el-equipo-de-gobierno-visita-las-obras-de-mejora-en-el-centro-de-dia-municipal\/","url":"https:\/\/mula.es\/web\/obras-y-servicios-el-equipo-de-gobierno-visita-las-obras-de-mejora-en-el-centro-de-dia-municipal\/","name":"El equipo de gobierno visita las obras de mejora en el Centro de D\u00eda Municipal","isPartOf":{"@id":"https:\/\/mula.es\/web\/#website"},"primaryImageOfPage":{"@id":"https:\/\/mula.es\/web\/obras-y-servicios-el-equipo-de-gobierno-visita-las-obras-de-mejora-en-el-centro-de-dia-municipal\/#primaryimage"},"image":{"@id":"https:\/\/mula.es\/web\/obras-y-servicios-el-equipo-de-gobierno-visita-las-obras-de-mejora-en-el-centro-de-dia-municipal\/#primaryimage"},"thumbnailUrl":"https:\/\/mula.es\/web\/wp-content\/uploads\/2024\/04\/1-1.jpg","datePublished":"2024-04-04T11:17:44+00:00","dateModified":"2024-04-04T11:32:52+00:00","author":{"@id":"https:\/\/mula.es\/web\/#\/schema\/person\/4f10179bd364f40dceed361e61e4033f"},"description":"El equipo de gobierno visita las obras de mejora en el Centro de D\u00eda Municipal.","breadcrumb":{"@id":"https:\/\/mula.es\/web\/obras-y-servicios-el-equipo-de-gobierno-visita-las-obras-de-mejora-en-el-centro-de-dia-municipal\/#breadcrumb"},"inLanguage":"es","potentialAction":[{"@type":"ReadAction","target":["https:\/\/mula.es\/web\/obras-y-servicios-el-equipo-de-gobierno-visita-las-obras-de-mejora-en-el-centro-de-dia-municipal\/"]}]},{"@type":"ImageObject","inLanguage":"es","@id":"https:\/\/mula.es\/web\/obras-y-servicios-el-equipo-de-gobierno-visita-las-obras-de-mejora-en-el-centro-de-dia-municipal\/#primaryimage","url":"https:\/\/mula.es\/web\/wp-content\/uploads\/2024\/04\/1-1.jpg","contentUrl":"https:\/\/mula.es\/web\/wp-content\/uploads\/2024\/04\/1-1.jpg","width":1080,"height":1080,"caption":"Obras en el Centro de D\u00eda"},{"@type":"BreadcrumbList","@id":"https:\/\/mula.es\/web\/obras-y-servicios-el-equipo-de-gobierno-visita-las-obras-de-mejora-en-el-centro-de-dia-municipal\/#breadcrumb","itemListElement":[{"@type":"ListItem","position":1,"name":"Portada","item":"https:\/\/mula.es\/web\/"},{"@type":"ListItem","position":2,"name":"OBRAS Y SERVICIOS | El equipo de gobierno visita las obras de mejora en el Centro de D\u00eda Municipal"}]},{"@type":"WebSite","@id":"https:\/\/mula.es\/web\/#website","url":"https:\/\/mula.es\/web\/","name":"Ayuntamiento de Mula","description":"P\u00e1gina web del Ayuntamiento de Mula (Regi\u00f3n de Murcia)","potentialAction":[{"@type":"SearchAction","target":{"@type":"EntryPoint","urlTemplate":"https:\/\/mula.es\/web\/?s={search_term_string}"},"query-input":{"@type":"PropertyValueSpecification","valueRequired":true,"valueName":"search_term_string"}}],"inLanguage":"es"},{"@type":"Person","@id":"https:\/\/mula.es\/web\/#\/schema\/person\/4f10179bd364f40dceed361e61e4033f","name":"Laura Salas Orcajada","image":{"@type":"ImageObject","inLanguage":"es","@id":"https:\/\/secure.gravatar.com\/avatar\/786f2a223d9a455e2a448f78b5dcc1117207ef56ef3d9a04df338c0f775cd403?s=96&d=mm&r=g","url":"https:\/\/secure.gravatar.com\/avatar\/786f2a223d9a455e2a448f78b5dcc1117207ef56ef3d9a04df338c0f775cd403?s=96&d=mm&r=g","contentUrl":"https:\/\/secure.gravatar.com\/avatar\/786f2a223d9a455e2a448f78b5dcc1117207ef56ef3d9a04df338c0f775cd403?s=96&d=mm&r=g","caption":"Laura Salas Orcajada"},"url":"https:\/\/mula.es\/web\/author\/lsalas\/"}]}},"jetpack_publicize_connections":[],"jetpack_featured_media_url":"https:\/\/mula.es\/web\/wp-content\/uploads\/2024\/04\/1-1.jpg","jetpack_sharing_enabled":true,"jetpack_shortlink":"https:\/\/wp.me\/pa9DMY-dRm","jetpack-related-posts":[],"_links":{"self":[{"href":"https:\/\/mula.es\/web\/wp-json\/wp\/v2\/posts\/53280","targetHints":{"allow":["GET"]}}],"collection":[{"href":"https:\/\/mula.es\/web\/wp-json\/wp\/v2\/posts"}],"about":[{"href":"https:\/\/mula.es\/web\/wp-json\/wp\/v2\/types\/post"}],"author":[{"embeddable":true,"href":"https:\/\/mula.es\/web\/wp-json\/wp\/v2\/users\/13"}],"replies":[{"embeddable":true,"href":"https:\/\/mula.es\/web\/wp-json\/wp\/v2\/comments?post=53280"}],"version-history":[{"count":1,"href":"https:\/\/mula.es\/web\/wp-json\/wp\/v2\/posts\/53280\/revisions"}],"predecessor-version":[{"id":53283,"href":"https:\/\/mula.es\/web\/wp-json\/wp\/v2\/posts\/53280\/revisions\/53283"}],"wp:featuredmedia":[{"embeddable":true,"href":"https:\/\/mula.es\/web\/wp-json\/wp\/v2\/media\/53281"}],"wp:attachment":[{"href":"https:\/\/mula.es\/web\/wp-json\/wp\/v2\/media?parent=53280"}],"wp:term":[{"taxonomy":"category","embeddable":true,"href":"https:\/\/mula.es\/web\/wp-json\/wp\/v2\/categories?post=53280"},{"taxonomy":"post_tag","embeddable":true,"href":"https:\/\/mula.es\/web\/wp-json\/wp\/v2\/tags?post=53280"}],"curies":[{"name":"wp","href":"https:\/\/api.w.org\/{rel}","templated":true}]}}