{"id":53303,"date":"2024-04-05T09:36:55","date_gmt":"2024-04-05T07:36:55","guid":{"rendered":"https:\/\/mula.es\/web\/?p=53303"},"modified":"2024-04-05T09:49:10","modified_gmt":"2024-04-05T07:49:10","slug":"parques-y-jardines-el-alcalde-y-el-concejal-de-obras-y-servicios-visitan-las-intervenciones-realizadas-en-parques-y-jardines","status":"publish","type":"post","link":"https:\/\/mula.es\/web\/parques-y-jardines-el-alcalde-y-el-concejal-de-obras-y-servicios-visitan-las-intervenciones-realizadas-en-parques-y-jardines\/","title":{"rendered":"PARQUES Y JARDINES | El alcalde y el concejal de Obras y Servicios visitan las intervenciones realizadas en parques y jardines"},"content":{"rendered":"<p>El alcalde de Mula, Juan Jes\u00fas Moreno, junto al concejal de Obras y Servicios y Parques y Jardines, Vicente L\u00f3pez, realizan una visita a las obras de reacondicionamiento de parques y jardines que se est\u00e1n llevando a cabo en el municipio de Mula.<\/p>\n<p>La inversi\u00f3n ya realizada en estas mejoras supera los 100.000\u20ac, reflejando el compromiso continuo del Ayuntamiento de Mula con el acondicionamiento y embellecimiento de los espacios verdes tanto en la ciudad como en las pedan\u00edas. El equipo de gobierno continuar\u00e1 estas inversiones por los diferentes parques y jardines de Mula y pedan\u00edas.<\/p>\n<p>Algunos de los parques ya reacondicionados incluyen el Parque Familia S\u00e1nchez Gil, el Parque Ciudad Jard\u00edn y el Parque frente al Centro de D\u00eda, entre otros. Estas mejoras no solo transforman la est\u00e9tica de los espacios p\u00fablicos, sino que tambi\u00e9n promueven el bienestar y la calidad de vida de los ciudadanos.<\/p>\n<p>En particular, en el Parque Familia S\u00e1nchez Gil se ha recreado un <em>pipican<\/em> en colaboraci\u00f3n estrecha con el Club Agility Mula. El concejal Vicente L\u00f3pez expres\u00f3 su agradecimiento por esta colaboraci\u00f3n: <em>\u201cQueremos agradecer la colaboraci\u00f3n del Club Agility Mula en el dise\u00f1o del primer parque canino de Mula. Es una demanda que ven\u00edan realizando nuestros vecinos y vecinas y que proporcionar\u00e1 un espacio seguro y adecuado para que los perros hagan ejercicio y socialicen. Adem\u00e1s, al dirigir las actividades de los perros a un \u00e1rea en concreto, preservamos la limpieza de otros espacios p\u00fablicos\u201d.<\/em><\/p>\n<p>El alcalde Moreno subray\u00f3 la importancia del reacondicionamiento de parques y jardines para el municipio de Mula, afirmando que<em> \u201cestas mejoras no solo embellecen nuestro entorno, sino que tambi\u00e9n promueven la convivencia, la salud y el bienestar de nuestros ciudadanos. Los espacios verdes son fundamentales para la calidad de vida de nuestro municipio y estamos comprometidos en seguir invirtiendo en su mejora y mantenimiento\u00bb.<\/em><\/p>\n<p><em>\u00a0<\/em><\/p>\n","protected":false},"excerpt":{"rendered":"<p>El alcalde de Mula, Juan Jes\u00fas Moreno, junto al concejal de Obras y Servicios y Parques y Jardines, Vicente L\u00f3pez, realizan una visita a las obras de reacondicionamiento de parques y jardines que se est\u00e1n llevando a cabo en el municipio de Mula. La inversi\u00f3n ya realizada en estas mejoras supera los 100.000\u20ac, reflejando el  [&#8230;]<\/p>\n","protected":false},"author":13,"featured_media":53307,"comment_status":"closed","ping_status":"closed","sticky":false,"template":"","format":"standard","meta":{"jetpack_post_was_ever_published":false,"_jetpack_newsletter_access":"","_jetpack_dont_email_post_to_subs":false,"_jetpack_newsletter_tier_id":0,"_jetpack_memberships_contains_paywalled_content":false,"_jetpack_memberships_contains_paid_content":false,"footnotes":"","jetpack_publicize_message":"","jetpack_publicize_feature_enabled":true,"jetpack_social_post_already_shared":false,"jetpack_social_options":{"image_generator_settings":{"template":"highway","default_image_id":0,"font":"","enabled":false},"version":2}},"categories":[666],"tags":[],"class_list":["post-53303","post","type-post","status-publish","format-standard","has-post-thumbnail","hentry","category-parques-y-jardines"],"yoast_head":"<!-- This site is optimized with the Yoast SEO plugin v27.4 - https:\/\/yoast.com\/product\/yoast-seo-wordpress\/ -->\n<title>El alcalde y el concejal de Obras y Servicios visitan las intervenciones realizadas en parques y jardines<\/title>\n<meta name=\"description\" content=\"El alcalde y el concejal de Obras y Servicios visitan las intervenciones realizadas en parques y jardines. Nuevo Pipican en Mula.\" \/>\n<meta name=\"robots\" content=\"index, follow, max-snippet:-1, max-image-preview:large, max-video-preview:-1\" \/>\n<link rel=\"canonical\" href=\"https:\/\/mula.es\/web\/parques-y-jardines-el-alcalde-y-el-concejal-de-obras-y-servicios-visitan-las-intervenciones-realizadas-en-parques-y-jardines\/\" \/>\n<meta property=\"og:locale\" content=\"es_ES\" \/>\n<meta property=\"og:type\" content=\"article\" \/>\n<meta property=\"og:title\" content=\"El alcalde y el concejal de Obras y Servicios visitan las intervenciones realizadas en parques y jardines\" \/>\n<meta property=\"og:description\" content=\"El alcalde y el concejal de Obras y Servicios visitan las intervenciones realizadas en parques y jardines. Nuevo Pipican en Mula.\" \/>\n<meta property=\"og:url\" content=\"https:\/\/mula.es\/web\/parques-y-jardines-el-alcalde-y-el-concejal-de-obras-y-servicios-visitan-las-intervenciones-realizadas-en-parques-y-jardines\/\" \/>\n<meta property=\"og:site_name\" content=\"Ayuntamiento de Mula\" \/>\n<meta property=\"article:published_time\" content=\"2024-04-05T07:36:55+00:00\" \/>\n<meta property=\"article:modified_time\" content=\"2024-04-05T07:49:10+00:00\" \/>\n<meta property=\"og:image\" content=\"https:\/\/mula.es\/web\/wp-content\/uploads\/2024\/04\/4.jpg\" \/>\n\t<meta property=\"og:image:width\" content=\"1080\" \/>\n\t<meta property=\"og:image:height\" content=\"1080\" \/>\n\t<meta property=\"og:image:type\" content=\"image\/jpeg\" \/>\n<meta name=\"author\" content=\"Laura Salas Orcajada\" \/>\n<meta name=\"twitter:card\" content=\"summary_large_image\" \/>\n<meta name=\"twitter:creator\" content=\"@AyuntamientMula\" \/>\n<meta name=\"twitter:site\" content=\"@AyuntamientMula\" \/>\n<meta name=\"twitter:label1\" content=\"Escrito por\" \/>\n\t<meta name=\"twitter:data1\" content=\"Laura Salas Orcajada\" \/>\n\t<meta name=\"twitter:label2\" content=\"Tiempo de lectura\" \/>\n\t<meta name=\"twitter:data2\" content=\"2 minutos\" \/>\n<script type=\"application\/ld+json\" class=\"yoast-schema-graph\">{\"@context\":\"https:\\\/\\\/schema.org\",\"@graph\":[{\"@type\":\"Article\",\"@id\":\"https:\\\/\\\/mula.es\\\/web\\\/parques-y-jardines-el-alcalde-y-el-concejal-de-obras-y-servicios-visitan-las-intervenciones-realizadas-en-parques-y-jardines\\\/#article\",\"isPartOf\":{\"@id\":\"https:\\\/\\\/mula.es\\\/web\\\/parques-y-jardines-el-alcalde-y-el-concejal-de-obras-y-servicios-visitan-las-intervenciones-realizadas-en-parques-y-jardines\\\/\"},\"author\":{\"name\":\"Laura Salas Orcajada\",\"@id\":\"https:\\\/\\\/mula.es\\\/web\\\/#\\\/schema\\\/person\\\/4f10179bd364f40dceed361e61e4033f\"},\"headline\":\"PARQUES Y JARDINES | El alcalde y el concejal de Obras y Servicios visitan las intervenciones realizadas en parques y jardines\",\"datePublished\":\"2024-04-05T07:36:55+00:00\",\"dateModified\":\"2024-04-05T07:49:10+00:00\",\"mainEntityOfPage\":{\"@id\":\"https:\\\/\\\/mula.es\\\/web\\\/parques-y-jardines-el-alcalde-y-el-concejal-de-obras-y-servicios-visitan-las-intervenciones-realizadas-en-parques-y-jardines\\\/\"},\"wordCount\":345,\"image\":{\"@id\":\"https:\\\/\\\/mula.es\\\/web\\\/parques-y-jardines-el-alcalde-y-el-concejal-de-obras-y-servicios-visitan-las-intervenciones-realizadas-en-parques-y-jardines\\\/#primaryimage\"},\"thumbnailUrl\":\"https:\\\/\\\/mula.es\\\/web\\\/wp-content\\\/uploads\\\/2024\\\/04\\\/4.jpg\",\"articleSection\":[\"parques y jardines\"],\"inLanguage\":\"es\"},{\"@type\":\"WebPage\",\"@id\":\"https:\\\/\\\/mula.es\\\/web\\\/parques-y-jardines-el-alcalde-y-el-concejal-de-obras-y-servicios-visitan-las-intervenciones-realizadas-en-parques-y-jardines\\\/\",\"url\":\"https:\\\/\\\/mula.es\\\/web\\\/parques-y-jardines-el-alcalde-y-el-concejal-de-obras-y-servicios-visitan-las-intervenciones-realizadas-en-parques-y-jardines\\\/\",\"name\":\"El alcalde y el concejal de Obras y Servicios visitan las intervenciones realizadas en parques y jardines\",\"isPartOf\":{\"@id\":\"https:\\\/\\\/mula.es\\\/web\\\/#website\"},\"primaryImageOfPage\":{\"@id\":\"https:\\\/\\\/mula.es\\\/web\\\/parques-y-jardines-el-alcalde-y-el-concejal-de-obras-y-servicios-visitan-las-intervenciones-realizadas-en-parques-y-jardines\\\/#primaryimage\"},\"image\":{\"@id\":\"https:\\\/\\\/mula.es\\\/web\\\/parques-y-jardines-el-alcalde-y-el-concejal-de-obras-y-servicios-visitan-las-intervenciones-realizadas-en-parques-y-jardines\\\/#primaryimage\"},\"thumbnailUrl\":\"https:\\\/\\\/mula.es\\\/web\\\/wp-content\\\/uploads\\\/2024\\\/04\\\/4.jpg\",\"datePublished\":\"2024-04-05T07:36:55+00:00\",\"dateModified\":\"2024-04-05T07:49:10+00:00\",\"author\":{\"@id\":\"https:\\\/\\\/mula.es\\\/web\\\/#\\\/schema\\\/person\\\/4f10179bd364f40dceed361e61e4033f\"},\"description\":\"El alcalde y el concejal de Obras y Servicios visitan las intervenciones realizadas en parques y jardines. Nuevo Pipican en Mula.\",\"breadcrumb\":{\"@id\":\"https:\\\/\\\/mula.es\\\/web\\\/parques-y-jardines-el-alcalde-y-el-concejal-de-obras-y-servicios-visitan-las-intervenciones-realizadas-en-parques-y-jardines\\\/#breadcrumb\"},\"inLanguage\":\"es\",\"potentialAction\":[{\"@type\":\"ReadAction\",\"target\":[\"https:\\\/\\\/mula.es\\\/web\\\/parques-y-jardines-el-alcalde-y-el-concejal-de-obras-y-servicios-visitan-las-intervenciones-realizadas-en-parques-y-jardines\\\/\"]}]},{\"@type\":\"ImageObject\",\"inLanguage\":\"es\",\"@id\":\"https:\\\/\\\/mula.es\\\/web\\\/parques-y-jardines-el-alcalde-y-el-concejal-de-obras-y-servicios-visitan-las-intervenciones-realizadas-en-parques-y-jardines\\\/#primaryimage\",\"url\":\"https:\\\/\\\/mula.es\\\/web\\\/wp-content\\\/uploads\\\/2024\\\/04\\\/4.jpg\",\"contentUrl\":\"https:\\\/\\\/mula.es\\\/web\\\/wp-content\\\/uploads\\\/2024\\\/04\\\/4.jpg\",\"width\":1080,\"height\":1080},{\"@type\":\"BreadcrumbList\",\"@id\":\"https:\\\/\\\/mula.es\\\/web\\\/parques-y-jardines-el-alcalde-y-el-concejal-de-obras-y-servicios-visitan-las-intervenciones-realizadas-en-parques-y-jardines\\\/#breadcrumb\",\"itemListElement\":[{\"@type\":\"ListItem\",\"position\":1,\"name\":\"Portada\",\"item\":\"https:\\\/\\\/mula.es\\\/web\\\/\"},{\"@type\":\"ListItem\",\"position\":2,\"name\":\"PARQUES Y JARDINES | El alcalde y el concejal de Obras y Servicios visitan las intervenciones realizadas en parques y jardines\"}]},{\"@type\":\"WebSite\",\"@id\":\"https:\\\/\\\/mula.es\\\/web\\\/#website\",\"url\":\"https:\\\/\\\/mula.es\\\/web\\\/\",\"name\":\"Ayuntamiento de Mula\",\"description\":\"P\u00e1gina web del Ayuntamiento de Mula (Regi\u00f3n de Murcia)\",\"potentialAction\":[{\"@type\":\"SearchAction\",\"target\":{\"@type\":\"EntryPoint\",\"urlTemplate\":\"https:\\\/\\\/mula.es\\\/web\\\/?s={search_term_string}\"},\"query-input\":{\"@type\":\"PropertyValueSpecification\",\"valueRequired\":true,\"valueName\":\"search_term_string\"}}],\"inLanguage\":\"es\"},{\"@type\":\"Person\",\"@id\":\"https:\\\/\\\/mula.es\\\/web\\\/#\\\/schema\\\/person\\\/4f10179bd364f40dceed361e61e4033f\",\"name\":\"Laura Salas Orcajada\",\"image\":{\"@type\":\"ImageObject\",\"inLanguage\":\"es\",\"@id\":\"https:\\\/\\\/secure.gravatar.com\\\/avatar\\\/786f2a223d9a455e2a448f78b5dcc1117207ef56ef3d9a04df338c0f775cd403?s=96&d=mm&r=g\",\"url\":\"https:\\\/\\\/secure.gravatar.com\\\/avatar\\\/786f2a223d9a455e2a448f78b5dcc1117207ef56ef3d9a04df338c0f775cd403?s=96&d=mm&r=g\",\"contentUrl\":\"https:\\\/\\\/secure.gravatar.com\\\/avatar\\\/786f2a223d9a455e2a448f78b5dcc1117207ef56ef3d9a04df338c0f775cd403?s=96&d=mm&r=g\",\"caption\":\"Laura Salas Orcajada\"},\"url\":\"https:\\\/\\\/mula.es\\\/web\\\/author\\\/lsalas\\\/\"}]}<\/script>\n<!-- \/ Yoast SEO plugin. -->","yoast_head_json":{"title":"El alcalde y el concejal de Obras y Servicios visitan las intervenciones realizadas en parques y jardines","description":"El alcalde y el concejal de Obras y Servicios visitan las intervenciones realizadas en parques y jardines. Nuevo Pipican en Mula.","robots":{"index":"index","follow":"follow","max-snippet":"max-snippet:-1","max-image-preview":"max-image-preview:large","max-video-preview":"max-video-preview:-1"},"canonical":"https:\/\/mula.es\/web\/parques-y-jardines-el-alcalde-y-el-concejal-de-obras-y-servicios-visitan-las-intervenciones-realizadas-en-parques-y-jardines\/","og_locale":"es_ES","og_type":"article","og_title":"El alcalde y el concejal de Obras y Servicios visitan las intervenciones realizadas en parques y jardines","og_description":"El alcalde y el concejal de Obras y Servicios visitan las intervenciones realizadas en parques y jardines. Nuevo Pipican en Mula.","og_url":"https:\/\/mula.es\/web\/parques-y-jardines-el-alcalde-y-el-concejal-de-obras-y-servicios-visitan-las-intervenciones-realizadas-en-parques-y-jardines\/","og_site_name":"Ayuntamiento de Mula","article_published_time":"2024-04-05T07:36:55+00:00","article_modified_time":"2024-04-05T07:49:10+00:00","og_image":[{"width":1080,"height":1080,"url":"https:\/\/mula.es\/web\/wp-content\/uploads\/2024\/04\/4.jpg","type":"image\/jpeg"}],"author":"Laura Salas Orcajada","twitter_card":"summary_large_image","twitter_creator":"@AyuntamientMula","twitter_site":"@AyuntamientMula","twitter_misc":{"Escrito por":"Laura Salas Orcajada","Tiempo de lectura":"2 minutos"},"schema":{"@context":"https:\/\/schema.org","@graph":[{"@type":"Article","@id":"https:\/\/mula.es\/web\/parques-y-jardines-el-alcalde-y-el-concejal-de-obras-y-servicios-visitan-las-intervenciones-realizadas-en-parques-y-jardines\/#article","isPartOf":{"@id":"https:\/\/mula.es\/web\/parques-y-jardines-el-alcalde-y-el-concejal-de-obras-y-servicios-visitan-las-intervenciones-realizadas-en-parques-y-jardines\/"},"author":{"name":"Laura Salas Orcajada","@id":"https:\/\/mula.es\/web\/#\/schema\/person\/4f10179bd364f40dceed361e61e4033f"},"headline":"PARQUES Y JARDINES | El alcalde y el concejal de Obras y Servicios visitan las intervenciones realizadas en parques y jardines","datePublished":"2024-04-05T07:36:55+00:00","dateModified":"2024-04-05T07:49:10+00:00","mainEntityOfPage":{"@id":"https:\/\/mula.es\/web\/parques-y-jardines-el-alcalde-y-el-concejal-de-obras-y-servicios-visitan-las-intervenciones-realizadas-en-parques-y-jardines\/"},"wordCount":345,"image":{"@id":"https:\/\/mula.es\/web\/parques-y-jardines-el-alcalde-y-el-concejal-de-obras-y-servicios-visitan-las-intervenciones-realizadas-en-parques-y-jardines\/#primaryimage"},"thumbnailUrl":"https:\/\/mula.es\/web\/wp-content\/uploads\/2024\/04\/4.jpg","articleSection":["parques y jardines"],"inLanguage":"es"},{"@type":"WebPage","@id":"https:\/\/mula.es\/web\/parques-y-jardines-el-alcalde-y-el-concejal-de-obras-y-servicios-visitan-las-intervenciones-realizadas-en-parques-y-jardines\/","url":"https:\/\/mula.es\/web\/parques-y-jardines-el-alcalde-y-el-concejal-de-obras-y-servicios-visitan-las-intervenciones-realizadas-en-parques-y-jardines\/","name":"El alcalde y el concejal de Obras y Servicios visitan las intervenciones realizadas en parques y jardines","isPartOf":{"@id":"https:\/\/mula.es\/web\/#website"},"primaryImageOfPage":{"@id":"https:\/\/mula.es\/web\/parques-y-jardines-el-alcalde-y-el-concejal-de-obras-y-servicios-visitan-las-intervenciones-realizadas-en-parques-y-jardines\/#primaryimage"},"image":{"@id":"https:\/\/mula.es\/web\/parques-y-jardines-el-alcalde-y-el-concejal-de-obras-y-servicios-visitan-las-intervenciones-realizadas-en-parques-y-jardines\/#primaryimage"},"thumbnailUrl":"https:\/\/mula.es\/web\/wp-content\/uploads\/2024\/04\/4.jpg","datePublished":"2024-04-05T07:36:55+00:00","dateModified":"2024-04-05T07:49:10+00:00","author":{"@id":"https:\/\/mula.es\/web\/#\/schema\/person\/4f10179bd364f40dceed361e61e4033f"},"description":"El alcalde y el concejal de Obras y Servicios visitan las intervenciones realizadas en parques y jardines. Nuevo Pipican en Mula.","breadcrumb":{"@id":"https:\/\/mula.es\/web\/parques-y-jardines-el-alcalde-y-el-concejal-de-obras-y-servicios-visitan-las-intervenciones-realizadas-en-parques-y-jardines\/#breadcrumb"},"inLanguage":"es","potentialAction":[{"@type":"ReadAction","target":["https:\/\/mula.es\/web\/parques-y-jardines-el-alcalde-y-el-concejal-de-obras-y-servicios-visitan-las-intervenciones-realizadas-en-parques-y-jardines\/"]}]},{"@type":"ImageObject","inLanguage":"es","@id":"https:\/\/mula.es\/web\/parques-y-jardines-el-alcalde-y-el-concejal-de-obras-y-servicios-visitan-las-intervenciones-realizadas-en-parques-y-jardines\/#primaryimage","url":"https:\/\/mula.es\/web\/wp-content\/uploads\/2024\/04\/4.jpg","contentUrl":"https:\/\/mula.es\/web\/wp-content\/uploads\/2024\/04\/4.jpg","width":1080,"height":1080},{"@type":"BreadcrumbList","@id":"https:\/\/mula.es\/web\/parques-y-jardines-el-alcalde-y-el-concejal-de-obras-y-servicios-visitan-las-intervenciones-realizadas-en-parques-y-jardines\/#breadcrumb","itemListElement":[{"@type":"ListItem","position":1,"name":"Portada","item":"https:\/\/mula.es\/web\/"},{"@type":"ListItem","position":2,"name":"PARQUES Y JARDINES | El alcalde y el concejal de Obras y Servicios visitan las intervenciones realizadas en parques y jardines"}]},{"@type":"WebSite","@id":"https:\/\/mula.es\/web\/#website","url":"https:\/\/mula.es\/web\/","name":"Ayuntamiento de Mula","description":"P\u00e1gina web del Ayuntamiento de Mula (Regi\u00f3n de Murcia)","potentialAction":[{"@type":"SearchAction","target":{"@type":"EntryPoint","urlTemplate":"https:\/\/mula.es\/web\/?s={search_term_string}"},"query-input":{"@type":"PropertyValueSpecification","valueRequired":true,"valueName":"search_term_string"}}],"inLanguage":"es"},{"@type":"Person","@id":"https:\/\/mula.es\/web\/#\/schema\/person\/4f10179bd364f40dceed361e61e4033f","name":"Laura Salas Orcajada","image":{"@type":"ImageObject","inLanguage":"es","@id":"https:\/\/secure.gravatar.com\/avatar\/786f2a223d9a455e2a448f78b5dcc1117207ef56ef3d9a04df338c0f775cd403?s=96&d=mm&r=g","url":"https:\/\/secure.gravatar.com\/avatar\/786f2a223d9a455e2a448f78b5dcc1117207ef56ef3d9a04df338c0f775cd403?s=96&d=mm&r=g","contentUrl":"https:\/\/secure.gravatar.com\/avatar\/786f2a223d9a455e2a448f78b5dcc1117207ef56ef3d9a04df338c0f775cd403?s=96&d=mm&r=g","caption":"Laura Salas Orcajada"},"url":"https:\/\/mula.es\/web\/author\/lsalas\/"}]}},"jetpack_publicize_connections":[],"jetpack_featured_media_url":"https:\/\/mula.es\/web\/wp-content\/uploads\/2024\/04\/4.jpg","jetpack_sharing_enabled":true,"jetpack_shortlink":"https:\/\/wp.me\/pa9DMY-dRJ","jetpack-related-posts":[],"_links":{"self":[{"href":"https:\/\/mula.es\/web\/wp-json\/wp\/v2\/posts\/53303","targetHints":{"allow":["GET"]}}],"collection":[{"href":"https:\/\/mula.es\/web\/wp-json\/wp\/v2\/posts"}],"about":[{"href":"https:\/\/mula.es\/web\/wp-json\/wp\/v2\/types\/post"}],"author":[{"embeddable":true,"href":"https:\/\/mula.es\/web\/wp-json\/wp\/v2\/users\/13"}],"replies":[{"embeddable":true,"href":"https:\/\/mula.es\/web\/wp-json\/wp\/v2\/comments?post=53303"}],"version-history":[{"count":3,"href":"https:\/\/mula.es\/web\/wp-json\/wp\/v2\/posts\/53303\/revisions"}],"predecessor-version":[{"id":53311,"href":"https:\/\/mula.es\/web\/wp-json\/wp\/v2\/posts\/53303\/revisions\/53311"}],"wp:featuredmedia":[{"embeddable":true,"href":"https:\/\/mula.es\/web\/wp-json\/wp\/v2\/media\/53307"}],"wp:attachment":[{"href":"https:\/\/mula.es\/web\/wp-json\/wp\/v2\/media?parent=53303"}],"wp:term":[{"taxonomy":"category","embeddable":true,"href":"https:\/\/mula.es\/web\/wp-json\/wp\/v2\/categories?post=53303"},{"taxonomy":"post_tag","embeddable":true,"href":"https:\/\/mula.es\/web\/wp-json\/wp\/v2\/tags?post=53303"}],"curies":[{"name":"wp","href":"https:\/\/api.w.org\/{rel}","templated":true}]}}