{"id":53312,"date":"2024-04-05T11:51:33","date_gmt":"2024-04-05T09:51:33","guid":{"rendered":"https:\/\/mula.es\/web\/?p=53312"},"modified":"2024-04-05T11:51:33","modified_gmt":"2024-04-05T09:51:33","slug":"obras-y-servicios-visita-a-las-obras-de-las-pistas-polideportivas-de-yechar-y-la-puebla-de-mula","status":"publish","type":"post","link":"https:\/\/mula.es\/web\/obras-y-servicios-visita-a-las-obras-de-las-pistas-polideportivas-de-yechar-y-la-puebla-de-mula\/","title":{"rendered":"OBRAS Y SERVICIOS | Visita a las obras de las pistas polideportivas de Y\u00e9char y La Puebla de Mula"},"content":{"rendered":"<p>El alcalde Juan Jes\u00fas Moreno visita las pistas polideportivas de Y\u00e9char y de La Puebla de Mula, que ya han comenzado sus proyectos de mejora, junto al concejal de Obras y Servicios, Vicente L\u00f3pez, y a los Servicios T\u00e9cnicos.<\/p>\n<p>La inversi\u00f3n total de ambas obras asciende entorno a los 50.000\u20ac. Ambos proyectos se han financiado \u00edntegramente desde el Ayuntamiento de Mula.<\/p>\n<p>El alcalde afirma que <em>\u201cestas pistas polideportivas son un reclamo para todos los mule\u00f1os y mule\u00f1as, no solo para los que viven en nuestras pedan\u00edas. Poder mejorar la calidad de estas pistas polideportivas es una prioridad, y por ello el Ayuntamiento de Mula lo ha financiado para poder disfrutar del deporte en las pedan\u00edas como se merece y sin m\u00e1s dilaciones en el tiempo\u201d.<\/em><\/p>\n<p><em>\u201cQueremos proporcionar unas instalaciones deportivas de calidad a nuestros vecinos de Mula y pedan\u00edas. Estas dos pistas se encuentran en una ubicaci\u00f3n excepcional para poder disfrutar del deporte al aire libre, por ello, acondicionarlas como es debido podr\u00e1 potenciar el deporte en pedan\u00edas en un marco paisaj\u00edstico \u00fanico\u201d,<\/em> asegura el concejal de Deportes.<\/p>\n<p><a href=\"https:\/\/mula.es\/web\/wp-content\/uploads\/2024\/04\/1-3.jpg\"><img decoding=\"async\" data-attachment-id=\"53318\" data-permalink=\"https:\/\/mula.es\/web\/obras-y-servicios-visita-a-las-obras-de-las-pistas-polideportivas-de-yechar-y-la-puebla-de-mula\/1-9\/\" data-orig-file=\"https:\/\/mula.es\/web\/wp-content\/uploads\/2024\/04\/1-3.jpg\" data-orig-size=\"1080,1080\" data-comments-opened=\"0\" data-image-meta=\"{&quot;aperture&quot;:&quot;0&quot;,&quot;credit&quot;:&quot;&quot;,&quot;camera&quot;:&quot;&quot;,&quot;caption&quot;:&quot;&quot;,&quot;created_timestamp&quot;:&quot;0&quot;,&quot;copyright&quot;:&quot;&quot;,&quot;focal_length&quot;:&quot;0&quot;,&quot;iso&quot;:&quot;0&quot;,&quot;shutter_speed&quot;:&quot;0&quot;,&quot;title&quot;:&quot;&quot;,&quot;orientation&quot;:&quot;1&quot;}\" data-image-title=\"Visita a las obras de las pistas polideportivas de Y\u00e9char y La Puebla de Mula\" data-image-description=\"\" data-image-caption=\"\" data-large-file=\"https:\/\/mula.es\/web\/wp-content\/uploads\/2024\/04\/1-3-1024x1024.jpg\" class=\"alignnone size-medium wp-image-53318\" src=\"https:\/\/mula.es\/web\/wp-content\/uploads\/2024\/04\/1-3-300x300.jpg\" alt=\"Visita a las obras de las pistas polideportivas de Y\u00e9char y La Puebla de Mula\" width=\"300\" height=\"300\" srcset=\"https:\/\/mula.es\/web\/wp-content\/uploads\/2024\/04\/1-3-66x66.jpg 66w, https:\/\/mula.es\/web\/wp-content\/uploads\/2024\/04\/1-3-150x150.jpg 150w, https:\/\/mula.es\/web\/wp-content\/uploads\/2024\/04\/1-3-200x200.jpg 200w, https:\/\/mula.es\/web\/wp-content\/uploads\/2024\/04\/1-3-300x300.jpg 300w, https:\/\/mula.es\/web\/wp-content\/uploads\/2024\/04\/1-3-400x400.jpg 400w, https:\/\/mula.es\/web\/wp-content\/uploads\/2024\/04\/1-3-600x600.jpg 600w, https:\/\/mula.es\/web\/wp-content\/uploads\/2024\/04\/1-3-768x768.jpg 768w, https:\/\/mula.es\/web\/wp-content\/uploads\/2024\/04\/1-3-800x800.jpg 800w, https:\/\/mula.es\/web\/wp-content\/uploads\/2024\/04\/1-3-1024x1024.jpg 1024w, https:\/\/mula.es\/web\/wp-content\/uploads\/2024\/04\/1-3.jpg 1080w\" sizes=\"(max-width: 300px) 100vw, 300px\" \/><\/a> <a href=\"https:\/\/mula.es\/web\/wp-content\/uploads\/2024\/04\/2-3.jpg\"><img decoding=\"async\" data-attachment-id=\"53319\" data-permalink=\"https:\/\/mula.es\/web\/obras-y-servicios-visita-a-las-obras-de-las-pistas-polideportivas-de-yechar-y-la-puebla-de-mula\/2-7\/\" data-orig-file=\"https:\/\/mula.es\/web\/wp-content\/uploads\/2024\/04\/2-3.jpg\" data-orig-size=\"1080,1080\" data-comments-opened=\"0\" data-image-meta=\"{&quot;aperture&quot;:&quot;0&quot;,&quot;credit&quot;:&quot;&quot;,&quot;camera&quot;:&quot;&quot;,&quot;caption&quot;:&quot;&quot;,&quot;created_timestamp&quot;:&quot;0&quot;,&quot;copyright&quot;:&quot;&quot;,&quot;focal_length&quot;:&quot;0&quot;,&quot;iso&quot;:&quot;0&quot;,&quot;shutter_speed&quot;:&quot;0&quot;,&quot;title&quot;:&quot;&quot;,&quot;orientation&quot;:&quot;1&quot;}\" data-image-title=\"Visita a las obras de las pistas polideportivas de Y\u00e9char y La Puebla de Mula\" data-image-description=\"\" data-image-caption=\"\" data-large-file=\"https:\/\/mula.es\/web\/wp-content\/uploads\/2024\/04\/2-3-1024x1024.jpg\" class=\"alignnone size-medium wp-image-53319\" src=\"https:\/\/mula.es\/web\/wp-content\/uploads\/2024\/04\/2-3-300x300.jpg\" alt=\"\" width=\"300\" height=\"300\" srcset=\"https:\/\/mula.es\/web\/wp-content\/uploads\/2024\/04\/2-3-66x66.jpg 66w, https:\/\/mula.es\/web\/wp-content\/uploads\/2024\/04\/2-3-150x150.jpg 150w, https:\/\/mula.es\/web\/wp-content\/uploads\/2024\/04\/2-3-200x200.jpg 200w, https:\/\/mula.es\/web\/wp-content\/uploads\/2024\/04\/2-3-300x300.jpg 300w, https:\/\/mula.es\/web\/wp-content\/uploads\/2024\/04\/2-3-400x400.jpg 400w, https:\/\/mula.es\/web\/wp-content\/uploads\/2024\/04\/2-3-600x600.jpg 600w, https:\/\/mula.es\/web\/wp-content\/uploads\/2024\/04\/2-3-768x768.jpg 768w, https:\/\/mula.es\/web\/wp-content\/uploads\/2024\/04\/2-3-800x800.jpg 800w, https:\/\/mula.es\/web\/wp-content\/uploads\/2024\/04\/2-3-1024x1024.jpg 1024w, https:\/\/mula.es\/web\/wp-content\/uploads\/2024\/04\/2-3.jpg 1080w\" sizes=\"(max-width: 300px) 100vw, 300px\" \/><\/a> <a href=\"https:\/\/mula.es\/web\/wp-content\/uploads\/2024\/04\/3-1.jpg\"><img decoding=\"async\" data-attachment-id=\"53320\" data-permalink=\"https:\/\/mula.es\/web\/obras-y-servicios-visita-a-las-obras-de-las-pistas-polideportivas-de-yechar-y-la-puebla-de-mula\/3-5\/\" data-orig-file=\"https:\/\/mula.es\/web\/wp-content\/uploads\/2024\/04\/3-1.jpg\" data-orig-size=\"1080,1080\" data-comments-opened=\"0\" data-image-meta=\"{&quot;aperture&quot;:&quot;0&quot;,&quot;credit&quot;:&quot;&quot;,&quot;camera&quot;:&quot;&quot;,&quot;caption&quot;:&quot;&quot;,&quot;created_timestamp&quot;:&quot;0&quot;,&quot;copyright&quot;:&quot;&quot;,&quot;focal_length&quot;:&quot;0&quot;,&quot;iso&quot;:&quot;0&quot;,&quot;shutter_speed&quot;:&quot;0&quot;,&quot;title&quot;:&quot;&quot;,&quot;orientation&quot;:&quot;1&quot;}\" data-image-title=\"Visita a las obras de las pistas polideportivas de Y\u00e9char y La Puebla de Mula\" data-image-description=\"\" data-image-caption=\"\" data-large-file=\"https:\/\/mula.es\/web\/wp-content\/uploads\/2024\/04\/3-1-1024x1024.jpg\" class=\"alignnone size-medium wp-image-53320\" src=\"https:\/\/mula.es\/web\/wp-content\/uploads\/2024\/04\/3-1-300x300.jpg\" alt=\"\" width=\"300\" height=\"300\" srcset=\"https:\/\/mula.es\/web\/wp-content\/uploads\/2024\/04\/3-1-66x66.jpg 66w, https:\/\/mula.es\/web\/wp-content\/uploads\/2024\/04\/3-1-150x150.jpg 150w, https:\/\/mula.es\/web\/wp-content\/uploads\/2024\/04\/3-1-200x200.jpg 200w, https:\/\/mula.es\/web\/wp-content\/uploads\/2024\/04\/3-1-300x300.jpg 300w, https:\/\/mula.es\/web\/wp-content\/uploads\/2024\/04\/3-1-400x400.jpg 400w, https:\/\/mula.es\/web\/wp-content\/uploads\/2024\/04\/3-1-600x600.jpg 600w, https:\/\/mula.es\/web\/wp-content\/uploads\/2024\/04\/3-1-768x768.jpg 768w, https:\/\/mula.es\/web\/wp-content\/uploads\/2024\/04\/3-1-800x800.jpg 800w, https:\/\/mula.es\/web\/wp-content\/uploads\/2024\/04\/3-1-1024x1024.jpg 1024w, https:\/\/mula.es\/web\/wp-content\/uploads\/2024\/04\/3-1.jpg 1080w\" sizes=\"(max-width: 300px) 100vw, 300px\" \/><\/a> <a href=\"https:\/\/mula.es\/web\/wp-content\/uploads\/2024\/04\/4-1.jpg\"><img decoding=\"async\" data-attachment-id=\"53321\" data-permalink=\"https:\/\/mula.es\/web\/obras-y-servicios-visita-a-las-obras-de-las-pistas-polideportivas-de-yechar-y-la-puebla-de-mula\/4-5\/\" data-orig-file=\"https:\/\/mula.es\/web\/wp-content\/uploads\/2024\/04\/4-1.jpg\" data-orig-size=\"1080,1080\" data-comments-opened=\"0\" data-image-meta=\"{&quot;aperture&quot;:&quot;0&quot;,&quot;credit&quot;:&quot;&quot;,&quot;camera&quot;:&quot;&quot;,&quot;caption&quot;:&quot;&quot;,&quot;created_timestamp&quot;:&quot;0&quot;,&quot;copyright&quot;:&quot;&quot;,&quot;focal_length&quot;:&quot;0&quot;,&quot;iso&quot;:&quot;0&quot;,&quot;shutter_speed&quot;:&quot;0&quot;,&quot;title&quot;:&quot;&quot;,&quot;orientation&quot;:&quot;1&quot;}\" data-image-title=\"Visita a las obras de las pistas polideportivas de Y\u00e9char y La Puebla de Mula\" data-image-description=\"\" data-image-caption=\"\" data-large-file=\"https:\/\/mula.es\/web\/wp-content\/uploads\/2024\/04\/4-1-1024x1024.jpg\" class=\"alignnone size-medium wp-image-53321\" src=\"https:\/\/mula.es\/web\/wp-content\/uploads\/2024\/04\/4-1-300x300.jpg\" alt=\"\" width=\"300\" height=\"300\" srcset=\"https:\/\/mula.es\/web\/wp-content\/uploads\/2024\/04\/4-1-66x66.jpg 66w, https:\/\/mula.es\/web\/wp-content\/uploads\/2024\/04\/4-1-150x150.jpg 150w, https:\/\/mula.es\/web\/wp-content\/uploads\/2024\/04\/4-1-200x200.jpg 200w, https:\/\/mula.es\/web\/wp-content\/uploads\/2024\/04\/4-1-300x300.jpg 300w, https:\/\/mula.es\/web\/wp-content\/uploads\/2024\/04\/4-1-400x400.jpg 400w, https:\/\/mula.es\/web\/wp-content\/uploads\/2024\/04\/4-1-600x600.jpg 600w, https:\/\/mula.es\/web\/wp-content\/uploads\/2024\/04\/4-1-768x768.jpg 768w, https:\/\/mula.es\/web\/wp-content\/uploads\/2024\/04\/4-1-800x800.jpg 800w, https:\/\/mula.es\/web\/wp-content\/uploads\/2024\/04\/4-1-1024x1024.jpg 1024w, https:\/\/mula.es\/web\/wp-content\/uploads\/2024\/04\/4-1.jpg 1080w\" sizes=\"(max-width: 300px) 100vw, 300px\" \/><\/a><\/p>\n<p>Ambas obras han comenzado y se espera que puedan finalizar en las pr\u00f3ximas semanas.<\/p>\n","protected":false},"excerpt":{"rendered":"<p>El alcalde Juan Jes\u00fas Moreno visita las pistas polideportivas de Y\u00e9char y de La Puebla de Mula, que ya han comenzado sus proyectos de mejora, junto al concejal de Obras y Servicios, Vicente L\u00f3pez, y a los Servicios T\u00e9cnicos. La inversi\u00f3n total de ambas obras asciende entorno a los 50.000\u20ac. Ambos proyectos se han financiado  [&#8230;]<\/p>\n","protected":false},"author":13,"featured_media":53318,"comment_status":"closed","ping_status":"closed","sticky":false,"template":"","format":"standard","meta":{"jetpack_post_was_ever_published":false,"_jetpack_newsletter_access":"","_jetpack_dont_email_post_to_subs":false,"_jetpack_newsletter_tier_id":0,"_jetpack_memberships_contains_paywalled_content":false,"_jetpack_memberships_contains_paid_content":false,"footnotes":"","jetpack_publicize_message":"","jetpack_publicize_feature_enabled":true,"jetpack_social_post_already_shared":false,"jetpack_social_options":{"image_generator_settings":{"template":"highway","default_image_id":0,"font":"","enabled":false},"version":2}},"categories":[338],"tags":[],"class_list":["post-53312","post","type-post","status-publish","format-standard","has-post-thumbnail","hentry","category-obras-y-servicios"],"yoast_head":"<!-- This site is optimized with the Yoast SEO plugin v27.4 - https:\/\/yoast.com\/product\/yoast-seo-wordpress\/ -->\n<title>Visita a las obras de las pistas polideportivas de Y\u00e9char y La Puebla de Mula<\/title>\n<meta name=\"description\" content=\"El alcalde y el concejal de Obras y Servicios visitan las obras de las pistas polideportivas de Y\u00e9char y La Puebla de Mula.\" \/>\n<meta name=\"robots\" content=\"index, follow, max-snippet:-1, max-image-preview:large, max-video-preview:-1\" \/>\n<link rel=\"canonical\" href=\"https:\/\/mula.es\/web\/obras-y-servicios-visita-a-las-obras-de-las-pistas-polideportivas-de-yechar-y-la-puebla-de-mula\/\" \/>\n<meta property=\"og:locale\" content=\"es_ES\" \/>\n<meta property=\"og:type\" content=\"article\" \/>\n<meta property=\"og:title\" content=\"Visita a las obras de las pistas polideportivas de Y\u00e9char y La Puebla de Mula\" \/>\n<meta property=\"og:description\" content=\"El alcalde y el concejal de Obras y Servicios visitan las obras de las pistas polideportivas de Y\u00e9char y La Puebla de Mula.\" \/>\n<meta property=\"og:url\" content=\"https:\/\/mula.es\/web\/obras-y-servicios-visita-a-las-obras-de-las-pistas-polideportivas-de-yechar-y-la-puebla-de-mula\/\" \/>\n<meta property=\"og:site_name\" content=\"Ayuntamiento de Mula\" \/>\n<meta property=\"article:published_time\" content=\"2024-04-05T09:51:33+00:00\" \/>\n<meta property=\"og:image\" content=\"https:\/\/mula.es\/web\/wp-content\/uploads\/2024\/04\/1-3.jpg\" \/>\n\t<meta property=\"og:image:width\" content=\"1080\" \/>\n\t<meta property=\"og:image:height\" content=\"1080\" \/>\n\t<meta property=\"og:image:type\" content=\"image\/jpeg\" \/>\n<meta name=\"author\" content=\"Laura Salas Orcajada\" \/>\n<meta name=\"twitter:card\" content=\"summary_large_image\" \/>\n<meta name=\"twitter:creator\" content=\"@AyuntamientMula\" \/>\n<meta name=\"twitter:site\" content=\"@AyuntamientMula\" \/>\n<meta name=\"twitter:label1\" content=\"Escrito por\" \/>\n\t<meta name=\"twitter:data1\" content=\"Laura Salas Orcajada\" \/>\n\t<meta name=\"twitter:label2\" content=\"Tiempo de lectura\" \/>\n\t<meta name=\"twitter:data2\" content=\"2 minutos\" \/>\n<script type=\"application\/ld+json\" class=\"yoast-schema-graph\">{\"@context\":\"https:\\\/\\\/schema.org\",\"@graph\":[{\"@type\":\"Article\",\"@id\":\"https:\\\/\\\/mula.es\\\/web\\\/obras-y-servicios-visita-a-las-obras-de-las-pistas-polideportivas-de-yechar-y-la-puebla-de-mula\\\/#article\",\"isPartOf\":{\"@id\":\"https:\\\/\\\/mula.es\\\/web\\\/obras-y-servicios-visita-a-las-obras-de-las-pistas-polideportivas-de-yechar-y-la-puebla-de-mula\\\/\"},\"author\":{\"name\":\"Laura Salas Orcajada\",\"@id\":\"https:\\\/\\\/mula.es\\\/web\\\/#\\\/schema\\\/person\\\/4f10179bd364f40dceed361e61e4033f\"},\"headline\":\"OBRAS Y SERVICIOS | Visita a las obras de las pistas polideportivas de Y\u00e9char y La Puebla de Mula\",\"datePublished\":\"2024-04-05T09:51:33+00:00\",\"mainEntityOfPage\":{\"@id\":\"https:\\\/\\\/mula.es\\\/web\\\/obras-y-servicios-visita-a-las-obras-de-las-pistas-polideportivas-de-yechar-y-la-puebla-de-mula\\\/\"},\"wordCount\":225,\"image\":{\"@id\":\"https:\\\/\\\/mula.es\\\/web\\\/obras-y-servicios-visita-a-las-obras-de-las-pistas-polideportivas-de-yechar-y-la-puebla-de-mula\\\/#primaryimage\"},\"thumbnailUrl\":\"https:\\\/\\\/mula.es\\\/web\\\/wp-content\\\/uploads\\\/2024\\\/04\\\/1-3.jpg\",\"articleSection\":[\"obras y servicios\"],\"inLanguage\":\"es\"},{\"@type\":\"WebPage\",\"@id\":\"https:\\\/\\\/mula.es\\\/web\\\/obras-y-servicios-visita-a-las-obras-de-las-pistas-polideportivas-de-yechar-y-la-puebla-de-mula\\\/\",\"url\":\"https:\\\/\\\/mula.es\\\/web\\\/obras-y-servicios-visita-a-las-obras-de-las-pistas-polideportivas-de-yechar-y-la-puebla-de-mula\\\/\",\"name\":\"Visita a las obras de las pistas polideportivas de Y\u00e9char y La Puebla de Mula\",\"isPartOf\":{\"@id\":\"https:\\\/\\\/mula.es\\\/web\\\/#website\"},\"primaryImageOfPage\":{\"@id\":\"https:\\\/\\\/mula.es\\\/web\\\/obras-y-servicios-visita-a-las-obras-de-las-pistas-polideportivas-de-yechar-y-la-puebla-de-mula\\\/#primaryimage\"},\"image\":{\"@id\":\"https:\\\/\\\/mula.es\\\/web\\\/obras-y-servicios-visita-a-las-obras-de-las-pistas-polideportivas-de-yechar-y-la-puebla-de-mula\\\/#primaryimage\"},\"thumbnailUrl\":\"https:\\\/\\\/mula.es\\\/web\\\/wp-content\\\/uploads\\\/2024\\\/04\\\/1-3.jpg\",\"datePublished\":\"2024-04-05T09:51:33+00:00\",\"author\":{\"@id\":\"https:\\\/\\\/mula.es\\\/web\\\/#\\\/schema\\\/person\\\/4f10179bd364f40dceed361e61e4033f\"},\"description\":\"El alcalde y el concejal de Obras y Servicios visitan las obras de las pistas polideportivas de Y\u00e9char y La Puebla de Mula.\",\"breadcrumb\":{\"@id\":\"https:\\\/\\\/mula.es\\\/web\\\/obras-y-servicios-visita-a-las-obras-de-las-pistas-polideportivas-de-yechar-y-la-puebla-de-mula\\\/#breadcrumb\"},\"inLanguage\":\"es\",\"potentialAction\":[{\"@type\":\"ReadAction\",\"target\":[\"https:\\\/\\\/mula.es\\\/web\\\/obras-y-servicios-visita-a-las-obras-de-las-pistas-polideportivas-de-yechar-y-la-puebla-de-mula\\\/\"]}]},{\"@type\":\"ImageObject\",\"inLanguage\":\"es\",\"@id\":\"https:\\\/\\\/mula.es\\\/web\\\/obras-y-servicios-visita-a-las-obras-de-las-pistas-polideportivas-de-yechar-y-la-puebla-de-mula\\\/#primaryimage\",\"url\":\"https:\\\/\\\/mula.es\\\/web\\\/wp-content\\\/uploads\\\/2024\\\/04\\\/1-3.jpg\",\"contentUrl\":\"https:\\\/\\\/mula.es\\\/web\\\/wp-content\\\/uploads\\\/2024\\\/04\\\/1-3.jpg\",\"width\":1080,\"height\":1080,\"caption\":\"Visita a las obras de las pistas polideportivas de Y\u00e9char y La Puebla de Mula\"},{\"@type\":\"BreadcrumbList\",\"@id\":\"https:\\\/\\\/mula.es\\\/web\\\/obras-y-servicios-visita-a-las-obras-de-las-pistas-polideportivas-de-yechar-y-la-puebla-de-mula\\\/#breadcrumb\",\"itemListElement\":[{\"@type\":\"ListItem\",\"position\":1,\"name\":\"Portada\",\"item\":\"https:\\\/\\\/mula.es\\\/web\\\/\"},{\"@type\":\"ListItem\",\"position\":2,\"name\":\"OBRAS Y SERVICIOS | Visita a las obras de las pistas polideportivas de Y\u00e9char y La Puebla de Mula\"}]},{\"@type\":\"WebSite\",\"@id\":\"https:\\\/\\\/mula.es\\\/web\\\/#website\",\"url\":\"https:\\\/\\\/mula.es\\\/web\\\/\",\"name\":\"Ayuntamiento de Mula\",\"description\":\"P\u00e1gina web del Ayuntamiento de Mula (Regi\u00f3n de Murcia)\",\"potentialAction\":[{\"@type\":\"SearchAction\",\"target\":{\"@type\":\"EntryPoint\",\"urlTemplate\":\"https:\\\/\\\/mula.es\\\/web\\\/?s={search_term_string}\"},\"query-input\":{\"@type\":\"PropertyValueSpecification\",\"valueRequired\":true,\"valueName\":\"search_term_string\"}}],\"inLanguage\":\"es\"},{\"@type\":\"Person\",\"@id\":\"https:\\\/\\\/mula.es\\\/web\\\/#\\\/schema\\\/person\\\/4f10179bd364f40dceed361e61e4033f\",\"name\":\"Laura Salas Orcajada\",\"image\":{\"@type\":\"ImageObject\",\"inLanguage\":\"es\",\"@id\":\"https:\\\/\\\/secure.gravatar.com\\\/avatar\\\/786f2a223d9a455e2a448f78b5dcc1117207ef56ef3d9a04df338c0f775cd403?s=96&d=mm&r=g\",\"url\":\"https:\\\/\\\/secure.gravatar.com\\\/avatar\\\/786f2a223d9a455e2a448f78b5dcc1117207ef56ef3d9a04df338c0f775cd403?s=96&d=mm&r=g\",\"contentUrl\":\"https:\\\/\\\/secure.gravatar.com\\\/avatar\\\/786f2a223d9a455e2a448f78b5dcc1117207ef56ef3d9a04df338c0f775cd403?s=96&d=mm&r=g\",\"caption\":\"Laura Salas Orcajada\"},\"url\":\"https:\\\/\\\/mula.es\\\/web\\\/author\\\/lsalas\\\/\"}]}<\/script>\n<!-- \/ Yoast SEO plugin. -->","yoast_head_json":{"title":"Visita a las obras de las pistas polideportivas de Y\u00e9char y La Puebla de Mula","description":"El alcalde y el concejal de Obras y Servicios visitan las obras de las pistas polideportivas de Y\u00e9char y La Puebla de Mula.","robots":{"index":"index","follow":"follow","max-snippet":"max-snippet:-1","max-image-preview":"max-image-preview:large","max-video-preview":"max-video-preview:-1"},"canonical":"https:\/\/mula.es\/web\/obras-y-servicios-visita-a-las-obras-de-las-pistas-polideportivas-de-yechar-y-la-puebla-de-mula\/","og_locale":"es_ES","og_type":"article","og_title":"Visita a las obras de las pistas polideportivas de Y\u00e9char y La Puebla de Mula","og_description":"El alcalde y el concejal de Obras y Servicios visitan las obras de las pistas polideportivas de Y\u00e9char y La Puebla de Mula.","og_url":"https:\/\/mula.es\/web\/obras-y-servicios-visita-a-las-obras-de-las-pistas-polideportivas-de-yechar-y-la-puebla-de-mula\/","og_site_name":"Ayuntamiento de Mula","article_published_time":"2024-04-05T09:51:33+00:00","og_image":[{"width":1080,"height":1080,"url":"https:\/\/mula.es\/web\/wp-content\/uploads\/2024\/04\/1-3.jpg","type":"image\/jpeg"}],"author":"Laura Salas Orcajada","twitter_card":"summary_large_image","twitter_creator":"@AyuntamientMula","twitter_site":"@AyuntamientMula","twitter_misc":{"Escrito por":"Laura Salas Orcajada","Tiempo de lectura":"2 minutos"},"schema":{"@context":"https:\/\/schema.org","@graph":[{"@type":"Article","@id":"https:\/\/mula.es\/web\/obras-y-servicios-visita-a-las-obras-de-las-pistas-polideportivas-de-yechar-y-la-puebla-de-mula\/#article","isPartOf":{"@id":"https:\/\/mula.es\/web\/obras-y-servicios-visita-a-las-obras-de-las-pistas-polideportivas-de-yechar-y-la-puebla-de-mula\/"},"author":{"name":"Laura Salas Orcajada","@id":"https:\/\/mula.es\/web\/#\/schema\/person\/4f10179bd364f40dceed361e61e4033f"},"headline":"OBRAS Y SERVICIOS | Visita a las obras de las pistas polideportivas de Y\u00e9char y La Puebla de Mula","datePublished":"2024-04-05T09:51:33+00:00","mainEntityOfPage":{"@id":"https:\/\/mula.es\/web\/obras-y-servicios-visita-a-las-obras-de-las-pistas-polideportivas-de-yechar-y-la-puebla-de-mula\/"},"wordCount":225,"image":{"@id":"https:\/\/mula.es\/web\/obras-y-servicios-visita-a-las-obras-de-las-pistas-polideportivas-de-yechar-y-la-puebla-de-mula\/#primaryimage"},"thumbnailUrl":"https:\/\/mula.es\/web\/wp-content\/uploads\/2024\/04\/1-3.jpg","articleSection":["obras y servicios"],"inLanguage":"es"},{"@type":"WebPage","@id":"https:\/\/mula.es\/web\/obras-y-servicios-visita-a-las-obras-de-las-pistas-polideportivas-de-yechar-y-la-puebla-de-mula\/","url":"https:\/\/mula.es\/web\/obras-y-servicios-visita-a-las-obras-de-las-pistas-polideportivas-de-yechar-y-la-puebla-de-mula\/","name":"Visita a las obras de las pistas polideportivas de Y\u00e9char y La Puebla de Mula","isPartOf":{"@id":"https:\/\/mula.es\/web\/#website"},"primaryImageOfPage":{"@id":"https:\/\/mula.es\/web\/obras-y-servicios-visita-a-las-obras-de-las-pistas-polideportivas-de-yechar-y-la-puebla-de-mula\/#primaryimage"},"image":{"@id":"https:\/\/mula.es\/web\/obras-y-servicios-visita-a-las-obras-de-las-pistas-polideportivas-de-yechar-y-la-puebla-de-mula\/#primaryimage"},"thumbnailUrl":"https:\/\/mula.es\/web\/wp-content\/uploads\/2024\/04\/1-3.jpg","datePublished":"2024-04-05T09:51:33+00:00","author":{"@id":"https:\/\/mula.es\/web\/#\/schema\/person\/4f10179bd364f40dceed361e61e4033f"},"description":"El alcalde y el concejal de Obras y Servicios visitan las obras de las pistas polideportivas de Y\u00e9char y La Puebla de Mula.","breadcrumb":{"@id":"https:\/\/mula.es\/web\/obras-y-servicios-visita-a-las-obras-de-las-pistas-polideportivas-de-yechar-y-la-puebla-de-mula\/#breadcrumb"},"inLanguage":"es","potentialAction":[{"@type":"ReadAction","target":["https:\/\/mula.es\/web\/obras-y-servicios-visita-a-las-obras-de-las-pistas-polideportivas-de-yechar-y-la-puebla-de-mula\/"]}]},{"@type":"ImageObject","inLanguage":"es","@id":"https:\/\/mula.es\/web\/obras-y-servicios-visita-a-las-obras-de-las-pistas-polideportivas-de-yechar-y-la-puebla-de-mula\/#primaryimage","url":"https:\/\/mula.es\/web\/wp-content\/uploads\/2024\/04\/1-3.jpg","contentUrl":"https:\/\/mula.es\/web\/wp-content\/uploads\/2024\/04\/1-3.jpg","width":1080,"height":1080,"caption":"Visita a las obras de las pistas polideportivas de Y\u00e9char y La Puebla de Mula"},{"@type":"BreadcrumbList","@id":"https:\/\/mula.es\/web\/obras-y-servicios-visita-a-las-obras-de-las-pistas-polideportivas-de-yechar-y-la-puebla-de-mula\/#breadcrumb","itemListElement":[{"@type":"ListItem","position":1,"name":"Portada","item":"https:\/\/mula.es\/web\/"},{"@type":"ListItem","position":2,"name":"OBRAS Y SERVICIOS | Visita a las obras de las pistas polideportivas de Y\u00e9char y La Puebla de Mula"}]},{"@type":"WebSite","@id":"https:\/\/mula.es\/web\/#website","url":"https:\/\/mula.es\/web\/","name":"Ayuntamiento de Mula","description":"P\u00e1gina web del Ayuntamiento de Mula (Regi\u00f3n de Murcia)","potentialAction":[{"@type":"SearchAction","target":{"@type":"EntryPoint","urlTemplate":"https:\/\/mula.es\/web\/?s={search_term_string}"},"query-input":{"@type":"PropertyValueSpecification","valueRequired":true,"valueName":"search_term_string"}}],"inLanguage":"es"},{"@type":"Person","@id":"https:\/\/mula.es\/web\/#\/schema\/person\/4f10179bd364f40dceed361e61e4033f","name":"Laura Salas Orcajada","image":{"@type":"ImageObject","inLanguage":"es","@id":"https:\/\/secure.gravatar.com\/avatar\/786f2a223d9a455e2a448f78b5dcc1117207ef56ef3d9a04df338c0f775cd403?s=96&d=mm&r=g","url":"https:\/\/secure.gravatar.com\/avatar\/786f2a223d9a455e2a448f78b5dcc1117207ef56ef3d9a04df338c0f775cd403?s=96&d=mm&r=g","contentUrl":"https:\/\/secure.gravatar.com\/avatar\/786f2a223d9a455e2a448f78b5dcc1117207ef56ef3d9a04df338c0f775cd403?s=96&d=mm&r=g","caption":"Laura Salas Orcajada"},"url":"https:\/\/mula.es\/web\/author\/lsalas\/"}]}},"jetpack_publicize_connections":[],"jetpack_featured_media_url":"https:\/\/mula.es\/web\/wp-content\/uploads\/2024\/04\/1-3.jpg","jetpack_sharing_enabled":true,"jetpack_shortlink":"https:\/\/wp.me\/pa9DMY-dRS","jetpack-related-posts":[],"_links":{"self":[{"href":"https:\/\/mula.es\/web\/wp-json\/wp\/v2\/posts\/53312","targetHints":{"allow":["GET"]}}],"collection":[{"href":"https:\/\/mula.es\/web\/wp-json\/wp\/v2\/posts"}],"about":[{"href":"https:\/\/mula.es\/web\/wp-json\/wp\/v2\/types\/post"}],"author":[{"embeddable":true,"href":"https:\/\/mula.es\/web\/wp-json\/wp\/v2\/users\/13"}],"replies":[{"embeddable":true,"href":"https:\/\/mula.es\/web\/wp-json\/wp\/v2\/comments?post=53312"}],"version-history":[{"count":2,"href":"https:\/\/mula.es\/web\/wp-json\/wp\/v2\/posts\/53312\/revisions"}],"predecessor-version":[{"id":53325,"href":"https:\/\/mula.es\/web\/wp-json\/wp\/v2\/posts\/53312\/revisions\/53325"}],"wp:featuredmedia":[{"embeddable":true,"href":"https:\/\/mula.es\/web\/wp-json\/wp\/v2\/media\/53318"}],"wp:attachment":[{"href":"https:\/\/mula.es\/web\/wp-json\/wp\/v2\/media?parent=53312"}],"wp:term":[{"taxonomy":"category","embeddable":true,"href":"https:\/\/mula.es\/web\/wp-json\/wp\/v2\/categories?post=53312"},{"taxonomy":"post_tag","embeddable":true,"href":"https:\/\/mula.es\/web\/wp-json\/wp\/v2\/tags?post=53312"}],"curies":[{"name":"wp","href":"https:\/\/api.w.org\/{rel}","templated":true}]}}