{"id":53405,"date":"2024-04-15T12:16:59","date_gmt":"2024-04-15T10:16:59","guid":{"rendered":"https:\/\/mula.es\/web\/?p=53405"},"modified":"2024-04-15T16:48:02","modified_gmt":"2024-04-15T14:48:02","slug":"empleo-e-industria-visita-del-alcalde-y-del-concejal-de-empleo-e-industria-a-cynara","status":"publish","type":"post","link":"https:\/\/mula.es\/web\/empleo-e-industria-visita-del-alcalde-y-del-concejal-de-empleo-e-industria-a-cynara\/","title":{"rendered":"EMPLEO E INDUSTRIA | Visita del alcalde y del concejal de Empleo e Industria a Cynara"},"content":{"rendered":"<p>En un esfuerzo por fortalecer las pol\u00edticas de industrializaci\u00f3n y empleo en el Pol\u00edgono Industrial de Mula, el alcalde Juan Jes\u00fas Moreno y el concejal de Empleo e Industria, Vicente L\u00f3pez, realizaron una visita a la empresa Cynara.<\/p>\n<p>El objetivo es conocer de primera mano las necesidades y perspectivas de las empresas en la zona para implementar estrategias efectivas que impulsen el desarrollo econ\u00f3mico local.<\/p>\n<p>Durante la visita, el alcalde destac\u00f3: <em>\u00abEs fundamental para nosotros entender las necesidades y desaf\u00edos que enfrentan nuestras empresas locales. Estamos comprometidos en apoyar su crecimiento y contribuir al progreso econ\u00f3mico de Mula\u00bb.<\/em><\/p>\n<p>Por su parte, el concejal de Empleo e Industria, Vicente L\u00f3pez, a\u00f1adi\u00f3: <em>\u00abCynara es un claro ejemplo del potencial industrial de Mula. Estamos trabajando para crear un entorno propicio para el crecimiento de nuestras empresas y la generaci\u00f3n de empleo en nuestro municipio\u00bb.<\/em><\/p>\n<p><em>\u00a0<\/em>Durante la reuni\u00f3n con Fernando Puerta, CEO de Cynara, se resalt\u00f3 el compromiso de la empresa con la calidad, la variedad y la disponibilidad de productos derivados de la alcachofa. Puerta enfatiz\u00f3:<em> \u00abNuestro prop\u00f3sito es ofrecer alcachofas y productos derivados de la alcachofa para que el mundo pueda disfrutar. Nos enorgullece que toda nuestra log\u00edstica se desarrolle desde Mula\u00bb.<\/em><\/p>\n<p>Con m\u00e1s de 20 a\u00f1os de experiencia en el sector, Cynara produce entre 25 y 30 millones de kilos de alcachofa fresca al a\u00f1o de la m\u00e1s alta calidad, manteniendo un enfoque en la innovaci\u00f3n y el cuidado de su equipo humano.<\/p>\n<p>La empresa exporta a pa\u00edses de la Uni\u00f3n Europea, Jap\u00f3n, China y Norteam\u00e9rica, destacando su compromiso con el desarrollo local y la calidad de sus productos.Final del formulario<\/p>\n<p>El equipo de gobierno continuar\u00e1 visitando a las empresas del Pol\u00edgono Industrial de Mula con el objetivo de fortalecer el tejido empresarial y promover la creaci\u00f3n de empleo en Mula.<\/p>\n<p>&nbsp;<\/p>\n<p><a href=\"https:\/\/mula.es\/web\/wp-content\/uploads\/2024\/04\/1-8.jpg\"><img decoding=\"async\" data-attachment-id=\"53406\" data-permalink=\"https:\/\/mula.es\/web\/empleo-e-industria-visita-del-alcalde-y-del-concejal-de-empleo-e-industria-a-cynara\/xrddagcekczwey3j4808017537990692383t24041510\/\" data-orig-file=\"https:\/\/mula.es\/web\/wp-content\/uploads\/2024\/04\/1-8.jpg\" data-orig-size=\"1080,1080\" data-comments-opened=\"0\" data-image-meta=\"{&quot;aperture&quot;:&quot;0&quot;,&quot;credit&quot;:&quot;&quot;,&quot;camera&quot;:&quot;&quot;,&quot;caption&quot;:&quot;xr:d:DAGCekCzweY:3,j:4808017537990692383,t:24041510&quot;,&quot;created_timestamp&quot;:&quot;0&quot;,&quot;copyright&quot;:&quot;&quot;,&quot;focal_length&quot;:&quot;0&quot;,&quot;iso&quot;:&quot;0&quot;,&quot;shutter_speed&quot;:&quot;0&quot;,&quot;title&quot;:&quot;xr:d:DAGCekCzweY:3,j:4808017537990692383,t:24041510&quot;,&quot;orientation&quot;:&quot;1&quot;}\" data-image-title=\"Cynara &amp;#8211; Visita\" data-image-description=\"&lt;p&gt;Cynara &amp;#8211; Visita&lt;\/p&gt;\n\" data-image-caption=\"&lt;p&gt;Cynara &amp;#8211; Visita&lt;\/p&gt;\n\" data-large-file=\"https:\/\/mula.es\/web\/wp-content\/uploads\/2024\/04\/1-8-1024x1024.jpg\" class=\"size-medium wp-image-53406\" src=\"https:\/\/mula.es\/web\/wp-content\/uploads\/2024\/04\/1-8-300x300.jpg\" alt=\"\" width=\"300\" height=\"300\" srcset=\"https:\/\/mula.es\/web\/wp-content\/uploads\/2024\/04\/1-8-66x66.jpg 66w, https:\/\/mula.es\/web\/wp-content\/uploads\/2024\/04\/1-8-150x150.jpg 150w, https:\/\/mula.es\/web\/wp-content\/uploads\/2024\/04\/1-8-200x200.jpg 200w, https:\/\/mula.es\/web\/wp-content\/uploads\/2024\/04\/1-8-300x300.jpg 300w, https:\/\/mula.es\/web\/wp-content\/uploads\/2024\/04\/1-8-400x400.jpg 400w, https:\/\/mula.es\/web\/wp-content\/uploads\/2024\/04\/1-8-600x600.jpg 600w, https:\/\/mula.es\/web\/wp-content\/uploads\/2024\/04\/1-8-768x768.jpg 768w, https:\/\/mula.es\/web\/wp-content\/uploads\/2024\/04\/1-8-800x800.jpg 800w, https:\/\/mula.es\/web\/wp-content\/uploads\/2024\/04\/1-8-1024x1024.jpg 1024w, https:\/\/mula.es\/web\/wp-content\/uploads\/2024\/04\/1-8.jpg 1080w\" sizes=\"(max-width: 300px) 100vw, 300px\" \/><\/a><\/p>\n<p><a href=\"https:\/\/mula.es\/web\/wp-content\/uploads\/2024\/04\/2-8.jpg\"><img decoding=\"async\" data-attachment-id=\"53407\" data-permalink=\"https:\/\/mula.es\/web\/empleo-e-industria-visita-del-alcalde-y-del-concejal-de-empleo-e-industria-a-cynara\/xrddagcekczwey3j4808017537990692383t24041510-2\/\" data-orig-file=\"https:\/\/mula.es\/web\/wp-content\/uploads\/2024\/04\/2-8.jpg\" data-orig-size=\"1080,1080\" data-comments-opened=\"0\" data-image-meta=\"{&quot;aperture&quot;:&quot;0&quot;,&quot;credit&quot;:&quot;&quot;,&quot;camera&quot;:&quot;&quot;,&quot;caption&quot;:&quot;xr:d:DAGCekCzweY:3,j:4808017537990692383,t:24041510&quot;,&quot;created_timestamp&quot;:&quot;0&quot;,&quot;copyright&quot;:&quot;&quot;,&quot;focal_length&quot;:&quot;0&quot;,&quot;iso&quot;:&quot;0&quot;,&quot;shutter_speed&quot;:&quot;0&quot;,&quot;title&quot;:&quot;xr:d:DAGCekCzweY:3,j:4808017537990692383,t:24041510&quot;,&quot;orientation&quot;:&quot;1&quot;}\" data-image-title=\"Cynara &amp;#8211; Visita\" data-image-description=\"\" data-image-caption=\"&lt;p&gt;Cynara &amp;#8211; Visita&lt;\/p&gt;\n\" data-large-file=\"https:\/\/mula.es\/web\/wp-content\/uploads\/2024\/04\/2-8-1024x1024.jpg\" class=\"size-medium wp-image-53407\" src=\"https:\/\/mula.es\/web\/wp-content\/uploads\/2024\/04\/2-8-300x300.jpg\" alt=\"\" width=\"300\" height=\"300\" srcset=\"https:\/\/mula.es\/web\/wp-content\/uploads\/2024\/04\/2-8-66x66.jpg 66w, https:\/\/mula.es\/web\/wp-content\/uploads\/2024\/04\/2-8-150x150.jpg 150w, https:\/\/mula.es\/web\/wp-content\/uploads\/2024\/04\/2-8-200x200.jpg 200w, https:\/\/mula.es\/web\/wp-content\/uploads\/2024\/04\/2-8-300x300.jpg 300w, https:\/\/mula.es\/web\/wp-content\/uploads\/2024\/04\/2-8-400x400.jpg 400w, https:\/\/mula.es\/web\/wp-content\/uploads\/2024\/04\/2-8-600x600.jpg 600w, https:\/\/mula.es\/web\/wp-content\/uploads\/2024\/04\/2-8-768x768.jpg 768w, https:\/\/mula.es\/web\/wp-content\/uploads\/2024\/04\/2-8-800x800.jpg 800w, https:\/\/mula.es\/web\/wp-content\/uploads\/2024\/04\/2-8-1024x1024.jpg 1024w, https:\/\/mula.es\/web\/wp-content\/uploads\/2024\/04\/2-8.jpg 1080w\" sizes=\"(max-width: 300px) 100vw, 300px\" \/><\/a><\/p>\n","protected":false},"excerpt":{"rendered":"<p>En un esfuerzo por fortalecer las pol\u00edticas de industrializaci\u00f3n y empleo en el Pol\u00edgono Industrial de Mula, el alcalde Juan Jes\u00fas Moreno y el concejal de Empleo e Industria, Vicente L\u00f3pez, realizaron una visita a la empresa Cynara. El objetivo es conocer de primera mano las necesidades y perspectivas de las empresas en la zona  [&#8230;]<\/p>\n","protected":false},"author":13,"featured_media":53406,"comment_status":"closed","ping_status":"closed","sticky":false,"template":"","format":"standard","meta":{"jetpack_post_was_ever_published":false,"_jetpack_newsletter_access":"","_jetpack_dont_email_post_to_subs":false,"_jetpack_newsletter_tier_id":0,"_jetpack_memberships_contains_paywalled_content":false,"_jetpack_memberships_contains_paid_content":false,"footnotes":"","jetpack_publicize_message":"","jetpack_publicize_feature_enabled":true,"jetpack_social_post_already_shared":false,"jetpack_social_options":{"image_generator_settings":{"template":"highway","default_image_id":0,"font":"","enabled":false},"version":2}},"categories":[132],"tags":[],"class_list":["post-53405","post","type-post","status-publish","format-standard","has-post-thumbnail","hentry","category-empleo"],"yoast_head":"<!-- This site is optimized with the Yoast SEO plugin v27.5 - https:\/\/yoast.com\/product\/yoast-seo-wordpress\/ -->\n<title>Visita del alcalde y del concejal de Empleo e Industria a Cynara<\/title>\n<meta name=\"description\" content=\"El equipo de gobierno continuar\u00e1 visitando a las empresas del Pol\u00edgono Industrial con el objetivo de fortalecer el tejido empresarial.\" \/>\n<meta name=\"robots\" content=\"index, follow, max-snippet:-1, max-image-preview:large, max-video-preview:-1\" \/>\n<link rel=\"canonical\" href=\"https:\/\/mula.es\/web\/empleo-e-industria-visita-del-alcalde-y-del-concejal-de-empleo-e-industria-a-cynara\/\" \/>\n<meta property=\"og:locale\" content=\"es_ES\" \/>\n<meta property=\"og:type\" content=\"article\" \/>\n<meta property=\"og:title\" content=\"Visita del alcalde y del concejal de Empleo e Industria a Cynara\" \/>\n<meta property=\"og:description\" content=\"El equipo de gobierno continuar\u00e1 visitando a las empresas del Pol\u00edgono Industrial con el objetivo de fortalecer el tejido empresarial.\" \/>\n<meta property=\"og:url\" content=\"https:\/\/mula.es\/web\/empleo-e-industria-visita-del-alcalde-y-del-concejal-de-empleo-e-industria-a-cynara\/\" \/>\n<meta property=\"og:site_name\" content=\"Ayuntamiento de Mula\" \/>\n<meta property=\"article:published_time\" content=\"2024-04-15T10:16:59+00:00\" \/>\n<meta property=\"article:modified_time\" content=\"2024-04-15T14:48:02+00:00\" \/>\n<meta property=\"og:image\" content=\"https:\/\/mula.es\/web\/wp-content\/uploads\/2024\/04\/1-8.jpg\" \/>\n\t<meta property=\"og:image:width\" content=\"1080\" \/>\n\t<meta property=\"og:image:height\" content=\"1080\" \/>\n\t<meta property=\"og:image:type\" content=\"image\/jpeg\" \/>\n<meta name=\"author\" content=\"Laura Salas Orcajada\" \/>\n<meta name=\"twitter:card\" content=\"summary_large_image\" \/>\n<meta name=\"twitter:creator\" content=\"@AyuntamientMula\" \/>\n<meta name=\"twitter:site\" content=\"@AyuntamientMula\" \/>\n<meta name=\"twitter:label1\" content=\"Escrito por\" \/>\n\t<meta name=\"twitter:data1\" content=\"Laura Salas Orcajada\" \/>\n\t<meta name=\"twitter:label2\" content=\"Tiempo de lectura\" \/>\n\t<meta name=\"twitter:data2\" content=\"2 minutos\" \/>\n<script type=\"application\/ld+json\" class=\"yoast-schema-graph\">{\"@context\":\"https:\\\/\\\/schema.org\",\"@graph\":[{\"@type\":\"Article\",\"@id\":\"https:\\\/\\\/mula.es\\\/web\\\/empleo-e-industria-visita-del-alcalde-y-del-concejal-de-empleo-e-industria-a-cynara\\\/#article\",\"isPartOf\":{\"@id\":\"https:\\\/\\\/mula.es\\\/web\\\/empleo-e-industria-visita-del-alcalde-y-del-concejal-de-empleo-e-industria-a-cynara\\\/\"},\"author\":{\"name\":\"Laura Salas Orcajada\",\"@id\":\"https:\\\/\\\/mula.es\\\/web\\\/#\\\/schema\\\/person\\\/4f10179bd364f40dceed361e61e4033f\"},\"headline\":\"EMPLEO E INDUSTRIA | Visita del alcalde y del concejal de Empleo e Industria a Cynara\",\"datePublished\":\"2024-04-15T10:16:59+00:00\",\"dateModified\":\"2024-04-15T14:48:02+00:00\",\"mainEntityOfPage\":{\"@id\":\"https:\\\/\\\/mula.es\\\/web\\\/empleo-e-industria-visita-del-alcalde-y-del-concejal-de-empleo-e-industria-a-cynara\\\/\"},\"wordCount\":339,\"image\":{\"@id\":\"https:\\\/\\\/mula.es\\\/web\\\/empleo-e-industria-visita-del-alcalde-y-del-concejal-de-empleo-e-industria-a-cynara\\\/#primaryimage\"},\"thumbnailUrl\":\"https:\\\/\\\/mula.es\\\/web\\\/wp-content\\\/uploads\\\/2024\\\/04\\\/1-8.jpg\",\"articleSection\":[\"empleo\"],\"inLanguage\":\"es\"},{\"@type\":\"WebPage\",\"@id\":\"https:\\\/\\\/mula.es\\\/web\\\/empleo-e-industria-visita-del-alcalde-y-del-concejal-de-empleo-e-industria-a-cynara\\\/\",\"url\":\"https:\\\/\\\/mula.es\\\/web\\\/empleo-e-industria-visita-del-alcalde-y-del-concejal-de-empleo-e-industria-a-cynara\\\/\",\"name\":\"Visita del alcalde y del concejal de Empleo e Industria a Cynara\",\"isPartOf\":{\"@id\":\"https:\\\/\\\/mula.es\\\/web\\\/#website\"},\"primaryImageOfPage\":{\"@id\":\"https:\\\/\\\/mula.es\\\/web\\\/empleo-e-industria-visita-del-alcalde-y-del-concejal-de-empleo-e-industria-a-cynara\\\/#primaryimage\"},\"image\":{\"@id\":\"https:\\\/\\\/mula.es\\\/web\\\/empleo-e-industria-visita-del-alcalde-y-del-concejal-de-empleo-e-industria-a-cynara\\\/#primaryimage\"},\"thumbnailUrl\":\"https:\\\/\\\/mula.es\\\/web\\\/wp-content\\\/uploads\\\/2024\\\/04\\\/1-8.jpg\",\"datePublished\":\"2024-04-15T10:16:59+00:00\",\"dateModified\":\"2024-04-15T14:48:02+00:00\",\"author\":{\"@id\":\"https:\\\/\\\/mula.es\\\/web\\\/#\\\/schema\\\/person\\\/4f10179bd364f40dceed361e61e4033f\"},\"description\":\"El equipo de gobierno continuar\u00e1 visitando a las empresas del Pol\u00edgono Industrial con el objetivo de fortalecer el tejido empresarial.\",\"breadcrumb\":{\"@id\":\"https:\\\/\\\/mula.es\\\/web\\\/empleo-e-industria-visita-del-alcalde-y-del-concejal-de-empleo-e-industria-a-cynara\\\/#breadcrumb\"},\"inLanguage\":\"es\",\"potentialAction\":[{\"@type\":\"ReadAction\",\"target\":[\"https:\\\/\\\/mula.es\\\/web\\\/empleo-e-industria-visita-del-alcalde-y-del-concejal-de-empleo-e-industria-a-cynara\\\/\"]}]},{\"@type\":\"ImageObject\",\"inLanguage\":\"es\",\"@id\":\"https:\\\/\\\/mula.es\\\/web\\\/empleo-e-industria-visita-del-alcalde-y-del-concejal-de-empleo-e-industria-a-cynara\\\/#primaryimage\",\"url\":\"https:\\\/\\\/mula.es\\\/web\\\/wp-content\\\/uploads\\\/2024\\\/04\\\/1-8.jpg\",\"contentUrl\":\"https:\\\/\\\/mula.es\\\/web\\\/wp-content\\\/uploads\\\/2024\\\/04\\\/1-8.jpg\",\"width\":1080,\"height\":1080,\"caption\":\"Cynara - Visita\"},{\"@type\":\"BreadcrumbList\",\"@id\":\"https:\\\/\\\/mula.es\\\/web\\\/empleo-e-industria-visita-del-alcalde-y-del-concejal-de-empleo-e-industria-a-cynara\\\/#breadcrumb\",\"itemListElement\":[{\"@type\":\"ListItem\",\"position\":1,\"name\":\"Portada\",\"item\":\"https:\\\/\\\/mula.es\\\/web\\\/\"},{\"@type\":\"ListItem\",\"position\":2,\"name\":\"EMPLEO E INDUSTRIA | Visita del alcalde y del concejal de Empleo e Industria a Cynara\"}]},{\"@type\":\"WebSite\",\"@id\":\"https:\\\/\\\/mula.es\\\/web\\\/#website\",\"url\":\"https:\\\/\\\/mula.es\\\/web\\\/\",\"name\":\"Ayuntamiento de Mula\",\"description\":\"P\u00e1gina web del Ayuntamiento de Mula (Regi\u00f3n de Murcia)\",\"potentialAction\":[{\"@type\":\"SearchAction\",\"target\":{\"@type\":\"EntryPoint\",\"urlTemplate\":\"https:\\\/\\\/mula.es\\\/web\\\/?s={search_term_string}\"},\"query-input\":{\"@type\":\"PropertyValueSpecification\",\"valueRequired\":true,\"valueName\":\"search_term_string\"}}],\"inLanguage\":\"es\"},{\"@type\":\"Person\",\"@id\":\"https:\\\/\\\/mula.es\\\/web\\\/#\\\/schema\\\/person\\\/4f10179bd364f40dceed361e61e4033f\",\"name\":\"Laura Salas Orcajada\",\"image\":{\"@type\":\"ImageObject\",\"inLanguage\":\"es\",\"@id\":\"https:\\\/\\\/secure.gravatar.com\\\/avatar\\\/786f2a223d9a455e2a448f78b5dcc1117207ef56ef3d9a04df338c0f775cd403?s=96&d=mm&r=g\",\"url\":\"https:\\\/\\\/secure.gravatar.com\\\/avatar\\\/786f2a223d9a455e2a448f78b5dcc1117207ef56ef3d9a04df338c0f775cd403?s=96&d=mm&r=g\",\"contentUrl\":\"https:\\\/\\\/secure.gravatar.com\\\/avatar\\\/786f2a223d9a455e2a448f78b5dcc1117207ef56ef3d9a04df338c0f775cd403?s=96&d=mm&r=g\",\"caption\":\"Laura Salas Orcajada\"},\"url\":\"https:\\\/\\\/mula.es\\\/web\\\/author\\\/lsalas\\\/\"}]}<\/script>\n<!-- \/ Yoast SEO plugin. -->","yoast_head_json":{"title":"Visita del alcalde y del concejal de Empleo e Industria a Cynara","description":"El equipo de gobierno continuar\u00e1 visitando a las empresas del Pol\u00edgono Industrial con el objetivo de fortalecer el tejido empresarial.","robots":{"index":"index","follow":"follow","max-snippet":"max-snippet:-1","max-image-preview":"max-image-preview:large","max-video-preview":"max-video-preview:-1"},"canonical":"https:\/\/mula.es\/web\/empleo-e-industria-visita-del-alcalde-y-del-concejal-de-empleo-e-industria-a-cynara\/","og_locale":"es_ES","og_type":"article","og_title":"Visita del alcalde y del concejal de Empleo e Industria a Cynara","og_description":"El equipo de gobierno continuar\u00e1 visitando a las empresas del Pol\u00edgono Industrial con el objetivo de fortalecer el tejido empresarial.","og_url":"https:\/\/mula.es\/web\/empleo-e-industria-visita-del-alcalde-y-del-concejal-de-empleo-e-industria-a-cynara\/","og_site_name":"Ayuntamiento de Mula","article_published_time":"2024-04-15T10:16:59+00:00","article_modified_time":"2024-04-15T14:48:02+00:00","og_image":[{"width":1080,"height":1080,"url":"https:\/\/mula.es\/web\/wp-content\/uploads\/2024\/04\/1-8.jpg","type":"image\/jpeg"}],"author":"Laura Salas Orcajada","twitter_card":"summary_large_image","twitter_creator":"@AyuntamientMula","twitter_site":"@AyuntamientMula","twitter_misc":{"Escrito por":"Laura Salas Orcajada","Tiempo de lectura":"2 minutos"},"schema":{"@context":"https:\/\/schema.org","@graph":[{"@type":"Article","@id":"https:\/\/mula.es\/web\/empleo-e-industria-visita-del-alcalde-y-del-concejal-de-empleo-e-industria-a-cynara\/#article","isPartOf":{"@id":"https:\/\/mula.es\/web\/empleo-e-industria-visita-del-alcalde-y-del-concejal-de-empleo-e-industria-a-cynara\/"},"author":{"name":"Laura Salas Orcajada","@id":"https:\/\/mula.es\/web\/#\/schema\/person\/4f10179bd364f40dceed361e61e4033f"},"headline":"EMPLEO E INDUSTRIA | Visita del alcalde y del concejal de Empleo e Industria a Cynara","datePublished":"2024-04-15T10:16:59+00:00","dateModified":"2024-04-15T14:48:02+00:00","mainEntityOfPage":{"@id":"https:\/\/mula.es\/web\/empleo-e-industria-visita-del-alcalde-y-del-concejal-de-empleo-e-industria-a-cynara\/"},"wordCount":339,"image":{"@id":"https:\/\/mula.es\/web\/empleo-e-industria-visita-del-alcalde-y-del-concejal-de-empleo-e-industria-a-cynara\/#primaryimage"},"thumbnailUrl":"https:\/\/mula.es\/web\/wp-content\/uploads\/2024\/04\/1-8.jpg","articleSection":["empleo"],"inLanguage":"es"},{"@type":"WebPage","@id":"https:\/\/mula.es\/web\/empleo-e-industria-visita-del-alcalde-y-del-concejal-de-empleo-e-industria-a-cynara\/","url":"https:\/\/mula.es\/web\/empleo-e-industria-visita-del-alcalde-y-del-concejal-de-empleo-e-industria-a-cynara\/","name":"Visita del alcalde y del concejal de Empleo e Industria a Cynara","isPartOf":{"@id":"https:\/\/mula.es\/web\/#website"},"primaryImageOfPage":{"@id":"https:\/\/mula.es\/web\/empleo-e-industria-visita-del-alcalde-y-del-concejal-de-empleo-e-industria-a-cynara\/#primaryimage"},"image":{"@id":"https:\/\/mula.es\/web\/empleo-e-industria-visita-del-alcalde-y-del-concejal-de-empleo-e-industria-a-cynara\/#primaryimage"},"thumbnailUrl":"https:\/\/mula.es\/web\/wp-content\/uploads\/2024\/04\/1-8.jpg","datePublished":"2024-04-15T10:16:59+00:00","dateModified":"2024-04-15T14:48:02+00:00","author":{"@id":"https:\/\/mula.es\/web\/#\/schema\/person\/4f10179bd364f40dceed361e61e4033f"},"description":"El equipo de gobierno continuar\u00e1 visitando a las empresas del Pol\u00edgono Industrial con el objetivo de fortalecer el tejido empresarial.","breadcrumb":{"@id":"https:\/\/mula.es\/web\/empleo-e-industria-visita-del-alcalde-y-del-concejal-de-empleo-e-industria-a-cynara\/#breadcrumb"},"inLanguage":"es","potentialAction":[{"@type":"ReadAction","target":["https:\/\/mula.es\/web\/empleo-e-industria-visita-del-alcalde-y-del-concejal-de-empleo-e-industria-a-cynara\/"]}]},{"@type":"ImageObject","inLanguage":"es","@id":"https:\/\/mula.es\/web\/empleo-e-industria-visita-del-alcalde-y-del-concejal-de-empleo-e-industria-a-cynara\/#primaryimage","url":"https:\/\/mula.es\/web\/wp-content\/uploads\/2024\/04\/1-8.jpg","contentUrl":"https:\/\/mula.es\/web\/wp-content\/uploads\/2024\/04\/1-8.jpg","width":1080,"height":1080,"caption":"Cynara - Visita"},{"@type":"BreadcrumbList","@id":"https:\/\/mula.es\/web\/empleo-e-industria-visita-del-alcalde-y-del-concejal-de-empleo-e-industria-a-cynara\/#breadcrumb","itemListElement":[{"@type":"ListItem","position":1,"name":"Portada","item":"https:\/\/mula.es\/web\/"},{"@type":"ListItem","position":2,"name":"EMPLEO E INDUSTRIA | Visita del alcalde y del concejal de Empleo e Industria a Cynara"}]},{"@type":"WebSite","@id":"https:\/\/mula.es\/web\/#website","url":"https:\/\/mula.es\/web\/","name":"Ayuntamiento de Mula","description":"P\u00e1gina web del Ayuntamiento de Mula (Regi\u00f3n de Murcia)","potentialAction":[{"@type":"SearchAction","target":{"@type":"EntryPoint","urlTemplate":"https:\/\/mula.es\/web\/?s={search_term_string}"},"query-input":{"@type":"PropertyValueSpecification","valueRequired":true,"valueName":"search_term_string"}}],"inLanguage":"es"},{"@type":"Person","@id":"https:\/\/mula.es\/web\/#\/schema\/person\/4f10179bd364f40dceed361e61e4033f","name":"Laura Salas Orcajada","image":{"@type":"ImageObject","inLanguage":"es","@id":"https:\/\/secure.gravatar.com\/avatar\/786f2a223d9a455e2a448f78b5dcc1117207ef56ef3d9a04df338c0f775cd403?s=96&d=mm&r=g","url":"https:\/\/secure.gravatar.com\/avatar\/786f2a223d9a455e2a448f78b5dcc1117207ef56ef3d9a04df338c0f775cd403?s=96&d=mm&r=g","contentUrl":"https:\/\/secure.gravatar.com\/avatar\/786f2a223d9a455e2a448f78b5dcc1117207ef56ef3d9a04df338c0f775cd403?s=96&d=mm&r=g","caption":"Laura Salas Orcajada"},"url":"https:\/\/mula.es\/web\/author\/lsalas\/"}]}},"jetpack_publicize_connections":[],"jetpack_featured_media_url":"https:\/\/mula.es\/web\/wp-content\/uploads\/2024\/04\/1-8.jpg","jetpack_sharing_enabled":true,"jetpack_shortlink":"https:\/\/wp.me\/pa9DMY-dTn","jetpack-related-posts":[],"_links":{"self":[{"href":"https:\/\/mula.es\/web\/wp-json\/wp\/v2\/posts\/53405","targetHints":{"allow":["GET"]}}],"collection":[{"href":"https:\/\/mula.es\/web\/wp-json\/wp\/v2\/posts"}],"about":[{"href":"https:\/\/mula.es\/web\/wp-json\/wp\/v2\/types\/post"}],"author":[{"embeddable":true,"href":"https:\/\/mula.es\/web\/wp-json\/wp\/v2\/users\/13"}],"replies":[{"embeddable":true,"href":"https:\/\/mula.es\/web\/wp-json\/wp\/v2\/comments?post=53405"}],"version-history":[{"count":1,"href":"https:\/\/mula.es\/web\/wp-json\/wp\/v2\/posts\/53405\/revisions"}],"predecessor-version":[{"id":53409,"href":"https:\/\/mula.es\/web\/wp-json\/wp\/v2\/posts\/53405\/revisions\/53409"}],"wp:featuredmedia":[{"embeddable":true,"href":"https:\/\/mula.es\/web\/wp-json\/wp\/v2\/media\/53406"}],"wp:attachment":[{"href":"https:\/\/mula.es\/web\/wp-json\/wp\/v2\/media?parent=53405"}],"wp:term":[{"taxonomy":"category","embeddable":true,"href":"https:\/\/mula.es\/web\/wp-json\/wp\/v2\/categories?post=53405"},{"taxonomy":"post_tag","embeddable":true,"href":"https:\/\/mula.es\/web\/wp-json\/wp\/v2\/tags?post=53405"}],"curies":[{"name":"wp","href":"https:\/\/api.w.org\/{rel}","templated":true}]}}