{"id":53410,"date":"2024-04-15T12:39:42","date_gmt":"2024-04-15T10:39:42","guid":{"rendered":"https:\/\/mula.es\/web\/?p=53410"},"modified":"2024-04-15T16:45:47","modified_gmt":"2024-04-15T14:45:47","slug":"cultura-mula-celebra-el-xxvii-festival-nacional-de-folklore-un-encuentro-de-tradiciones-y-cultura","status":"publish","type":"post","link":"https:\/\/mula.es\/web\/cultura-mula-celebra-el-xxvii-festival-nacional-de-folklore-un-encuentro-de-tradiciones-y-cultura\/","title":{"rendered":"CULTURA | Mula celebra el XXVII Festival Nacional de Folklore,  un encuentro de tradiciones y cultura"},"content":{"rendered":"<p>El pasado s\u00e1bado 13 de abril, en el Teatro Lope de Vega de Mula tuvo lugar el XXVII Festival Nacional de Folklore, un evento de gran relevancia cultural organizado por la Pe\u00f1a Huertana Los Mule\u00f1icos. Esta cita anual celebra la riqueza del folklore y las tradiciones, promoviendo el intercambio cultural y el disfrute de la m\u00fasica y la danza tradicional en Mula.<\/p>\n<p>Diego Boluda, concejal de Cultura del Ayuntamiento de Mula, expres\u00f3 su agradecimiento a la Pe\u00f1a Huertana Los Mule\u00f1icos por su arduo trabajo en la organizaci\u00f3n de este evento: <em>\u00abQuiero agradecer a la Pe\u00f1a Huertana Los Mule\u00f1icos por su dedicaci\u00f3n y esfuerzo en la organizaci\u00f3n de este festival. Su compromiso con la preservaci\u00f3n y difusi\u00f3n de nuestras tradiciones es esencial para apoyar y salvaguardar nuestra identidad cultural\u00bb.<\/em><\/p>\n<p>Este a\u00f1o, el festival cont\u00f3 con la participaci\u00f3n de dos destacados grupos folkl\u00f3ricos de diferentes regiones de Espa\u00f1a, enriqueciendo la diversidad cultural del evento. Desde Extremadura, nos acompa\u00f1\u00f3 el grupo folkl\u00f3rico \u00abVirgen de Sopetr\u00e1n\u00bb de Jarandilla de la Vera (C\u00e1ceres), mientras que desde el Pa\u00eds Vasco tuvimos el placer de recibir al grupo Amilotx Munguiako Danza Taldea de Mungu\u00eda (Vizcaya).<\/p>\n<p><em>\u00abEs un honor para nosotros contar con la presencia de estos talentosos grupos que comparten con nosotros sus tradiciones y ra\u00edces culturales\u00bb,<\/em> destac\u00f3 Diego Boluda. <em>\u00abEventos como este nos permiten celebrar la diversidad cultural y fortalecer los lazos entre las diferentes comunidades a trav\u00e9s del arte y la m\u00fasica\u00bb, <\/em>afirma el alcalde Juan Jes\u00fas Moreno.<\/p>\n<p>El Ayuntamiento de Mula se enorgullece de apoyar eventos culturales como el XXVII Festival Nacional de Folklore y se compromete a seguir promoviendo y preservando nuestras tradiciones para las generaciones futuras.<\/p>\n<p><a href=\"https:\/\/mula.es\/web\/wp-content\/uploads\/2024\/04\/WhatsApp-Image-2024-04-13-at-21.53.22-1.jpeg\"><img decoding=\"async\" data-attachment-id=\"53411\" data-permalink=\"https:\/\/mula.es\/web\/cultura-mula-celebra-el-xxvii-festival-nacional-de-folklore-un-encuentro-de-tradiciones-y-cultura\/whatsapp-image-2024-04-13-at-21-53-22-1\/\" data-orig-file=\"https:\/\/mula.es\/web\/wp-content\/uploads\/2024\/04\/WhatsApp-Image-2024-04-13-at-21.53.22-1.jpeg\" data-orig-size=\"1200,1600\" data-comments-opened=\"0\" data-image-meta=\"{&quot;aperture&quot;:&quot;0&quot;,&quot;credit&quot;:&quot;&quot;,&quot;camera&quot;:&quot;&quot;,&quot;caption&quot;:&quot;&quot;,&quot;created_timestamp&quot;:&quot;0&quot;,&quot;copyright&quot;:&quot;&quot;,&quot;focal_length&quot;:&quot;0&quot;,&quot;iso&quot;:&quot;0&quot;,&quot;shutter_speed&quot;:&quot;0&quot;,&quot;title&quot;:&quot;&quot;,&quot;orientation&quot;:&quot;0&quot;}\" data-image-title=\"Festival de Folklore\" data-image-description=\"\" data-image-caption=\"&lt;p&gt;Festival de Folklore&lt;\/p&gt;\n\" data-large-file=\"https:\/\/mula.es\/web\/wp-content\/uploads\/2024\/04\/WhatsApp-Image-2024-04-13-at-21.53.22-1-768x1024.jpeg\" class=\"size-medium wp-image-53411\" src=\"https:\/\/mula.es\/web\/wp-content\/uploads\/2024\/04\/WhatsApp-Image-2024-04-13-at-21.53.22-1-225x300.jpeg\" alt=\"\" width=\"225\" height=\"300\" srcset=\"https:\/\/mula.es\/web\/wp-content\/uploads\/2024\/04\/WhatsApp-Image-2024-04-13-at-21.53.22-1-200x267.jpeg 200w, https:\/\/mula.es\/web\/wp-content\/uploads\/2024\/04\/WhatsApp-Image-2024-04-13-at-21.53.22-1-225x300.jpeg 225w, https:\/\/mula.es\/web\/wp-content\/uploads\/2024\/04\/WhatsApp-Image-2024-04-13-at-21.53.22-1-400x533.jpeg 400w, https:\/\/mula.es\/web\/wp-content\/uploads\/2024\/04\/WhatsApp-Image-2024-04-13-at-21.53.22-1-600x800.jpeg 600w, https:\/\/mula.es\/web\/wp-content\/uploads\/2024\/04\/WhatsApp-Image-2024-04-13-at-21.53.22-1-768x1024.jpeg 768w, https:\/\/mula.es\/web\/wp-content\/uploads\/2024\/04\/WhatsApp-Image-2024-04-13-at-21.53.22-1-800x1067.jpeg 800w, https:\/\/mula.es\/web\/wp-content\/uploads\/2024\/04\/WhatsApp-Image-2024-04-13-at-21.53.22-1-1152x1536.jpeg 1152w, https:\/\/mula.es\/web\/wp-content\/uploads\/2024\/04\/WhatsApp-Image-2024-04-13-at-21.53.22-1.jpeg 1200w\" sizes=\"(max-width: 225px) 100vw, 225px\" \/><\/a><\/p>\n<p><a href=\"https:\/\/mula.es\/web\/wp-content\/uploads\/2024\/04\/WhatsApp-Image-2024-04-13-at-21.53.21.jpeg\"><img decoding=\"async\" data-attachment-id=\"53412\" data-permalink=\"https:\/\/mula.es\/web\/cultura-mula-celebra-el-xxvii-festival-nacional-de-folklore-un-encuentro-de-tradiciones-y-cultura\/whatsapp-image-2024-04-13-at-21-53-21\/\" data-orig-file=\"https:\/\/mula.es\/web\/wp-content\/uploads\/2024\/04\/WhatsApp-Image-2024-04-13-at-21.53.21.jpeg\" data-orig-size=\"1201,1600\" data-comments-opened=\"0\" data-image-meta=\"{&quot;aperture&quot;:&quot;0&quot;,&quot;credit&quot;:&quot;&quot;,&quot;camera&quot;:&quot;&quot;,&quot;caption&quot;:&quot;&quot;,&quot;created_timestamp&quot;:&quot;0&quot;,&quot;copyright&quot;:&quot;&quot;,&quot;focal_length&quot;:&quot;0&quot;,&quot;iso&quot;:&quot;0&quot;,&quot;shutter_speed&quot;:&quot;0&quot;,&quot;title&quot;:&quot;&quot;,&quot;orientation&quot;:&quot;0&quot;}\" data-image-title=\"Festival de Folklore\" data-image-description=\"\" data-image-caption=\"&lt;p&gt;Festival de Folklore&lt;\/p&gt;\n\" data-large-file=\"https:\/\/mula.es\/web\/wp-content\/uploads\/2024\/04\/WhatsApp-Image-2024-04-13-at-21.53.21-769x1024.jpeg\" class=\"size-medium wp-image-53412\" src=\"https:\/\/mula.es\/web\/wp-content\/uploads\/2024\/04\/WhatsApp-Image-2024-04-13-at-21.53.21-225x300.jpeg\" alt=\"\" width=\"225\" height=\"300\" srcset=\"https:\/\/mula.es\/web\/wp-content\/uploads\/2024\/04\/WhatsApp-Image-2024-04-13-at-21.53.21-200x266.jpeg 200w, https:\/\/mula.es\/web\/wp-content\/uploads\/2024\/04\/WhatsApp-Image-2024-04-13-at-21.53.21-225x300.jpeg 225w, https:\/\/mula.es\/web\/wp-content\/uploads\/2024\/04\/WhatsApp-Image-2024-04-13-at-21.53.21-400x533.jpeg 400w, https:\/\/mula.es\/web\/wp-content\/uploads\/2024\/04\/WhatsApp-Image-2024-04-13-at-21.53.21-600x799.jpeg 600w, https:\/\/mula.es\/web\/wp-content\/uploads\/2024\/04\/WhatsApp-Image-2024-04-13-at-21.53.21-768x1023.jpeg 768w, https:\/\/mula.es\/web\/wp-content\/uploads\/2024\/04\/WhatsApp-Image-2024-04-13-at-21.53.21-769x1024.jpeg 769w, https:\/\/mula.es\/web\/wp-content\/uploads\/2024\/04\/WhatsApp-Image-2024-04-13-at-21.53.21-800x1066.jpeg 800w, https:\/\/mula.es\/web\/wp-content\/uploads\/2024\/04\/WhatsApp-Image-2024-04-13-at-21.53.21-1153x1536.jpeg 1153w, https:\/\/mula.es\/web\/wp-content\/uploads\/2024\/04\/WhatsApp-Image-2024-04-13-at-21.53.21.jpeg 1201w\" sizes=\"(max-width: 225px) 100vw, 225px\" \/><\/a><\/p>\n","protected":false},"excerpt":{"rendered":"<p>El pasado s\u00e1bado 13 de abril, en el Teatro Lope de Vega de Mula tuvo lugar el XXVII Festival Nacional de Folklore, un evento de gran relevancia cultural organizado por la Pe\u00f1a Huertana Los Mule\u00f1icos. Esta cita anual celebra la riqueza del folklore y las tradiciones, promoviendo el intercambio cultural y el disfrute de la  [&#8230;]<\/p>\n","protected":false},"author":13,"featured_media":53412,"comment_status":"closed","ping_status":"closed","sticky":false,"template":"","format":"standard","meta":{"jetpack_post_was_ever_published":false,"_jetpack_newsletter_access":"","_jetpack_dont_email_post_to_subs":false,"_jetpack_newsletter_tier_id":0,"_jetpack_memberships_contains_paywalled_content":false,"_jetpack_memberships_contains_paid_content":false,"footnotes":"","jetpack_publicize_message":"","jetpack_publicize_feature_enabled":true,"jetpack_social_post_already_shared":false,"jetpack_social_options":{"image_generator_settings":{"template":"highway","default_image_id":0,"font":"","enabled":false},"version":2}},"categories":[97],"tags":[],"class_list":["post-53410","post","type-post","status-publish","format-standard","has-post-thumbnail","hentry","category-cultura"],"yoast_head":"<!-- This site is optimized with the Yoast SEO plugin v27.4 - https:\/\/yoast.com\/product\/yoast-seo-wordpress\/ -->\n<title>Mula celebra el XXVII Festival Nacional de Folklore<\/title>\n<meta name=\"description\" content=\"El Ayuntamiento de Mula se compromete a seguir promoviendo y preservando nuestras tradiciones para las generaciones futuras.\" \/>\n<meta name=\"robots\" content=\"index, follow, max-snippet:-1, max-image-preview:large, max-video-preview:-1\" \/>\n<link rel=\"canonical\" href=\"https:\/\/mula.es\/web\/cultura-mula-celebra-el-xxvii-festival-nacional-de-folklore-un-encuentro-de-tradiciones-y-cultura\/\" \/>\n<meta property=\"og:locale\" content=\"es_ES\" \/>\n<meta property=\"og:type\" content=\"article\" \/>\n<meta property=\"og:title\" content=\"Mula celebra el XXVII Festival Nacional de Folklore\" \/>\n<meta property=\"og:description\" content=\"El Ayuntamiento de Mula se compromete a seguir promoviendo y preservando nuestras tradiciones para las generaciones futuras.\" \/>\n<meta property=\"og:url\" content=\"https:\/\/mula.es\/web\/cultura-mula-celebra-el-xxvii-festival-nacional-de-folklore-un-encuentro-de-tradiciones-y-cultura\/\" \/>\n<meta property=\"og:site_name\" content=\"Ayuntamiento de Mula\" \/>\n<meta property=\"article:published_time\" content=\"2024-04-15T10:39:42+00:00\" \/>\n<meta property=\"article:modified_time\" content=\"2024-04-15T14:45:47+00:00\" \/>\n<meta property=\"og:image\" content=\"https:\/\/mula.es\/web\/wp-content\/uploads\/2024\/04\/WhatsApp-Image-2024-04-13-at-21.53.21.jpeg\" \/>\n\t<meta property=\"og:image:width\" content=\"1201\" \/>\n\t<meta property=\"og:image:height\" content=\"1600\" \/>\n\t<meta property=\"og:image:type\" content=\"image\/jpeg\" \/>\n<meta name=\"author\" content=\"Laura Salas Orcajada\" \/>\n<meta name=\"twitter:card\" content=\"summary_large_image\" \/>\n<meta name=\"twitter:creator\" content=\"@AyuntamientMula\" \/>\n<meta name=\"twitter:site\" content=\"@AyuntamientMula\" \/>\n<meta name=\"twitter:label1\" content=\"Escrito por\" \/>\n\t<meta name=\"twitter:data1\" content=\"Laura Salas Orcajada\" \/>\n\t<meta name=\"twitter:label2\" content=\"Tiempo de lectura\" \/>\n\t<meta name=\"twitter:data2\" content=\"2 minutos\" \/>\n<script type=\"application\/ld+json\" class=\"yoast-schema-graph\">{\"@context\":\"https:\\\/\\\/schema.org\",\"@graph\":[{\"@type\":\"Article\",\"@id\":\"https:\\\/\\\/mula.es\\\/web\\\/cultura-mula-celebra-el-xxvii-festival-nacional-de-folklore-un-encuentro-de-tradiciones-y-cultura\\\/#article\",\"isPartOf\":{\"@id\":\"https:\\\/\\\/mula.es\\\/web\\\/cultura-mula-celebra-el-xxvii-festival-nacional-de-folklore-un-encuentro-de-tradiciones-y-cultura\\\/\"},\"author\":{\"name\":\"Laura Salas Orcajada\",\"@id\":\"https:\\\/\\\/mula.es\\\/web\\\/#\\\/schema\\\/person\\\/4f10179bd364f40dceed361e61e4033f\"},\"headline\":\"CULTURA | Mula celebra el XXVII Festival Nacional de Folklore, un encuentro de tradiciones y cultura\",\"datePublished\":\"2024-04-15T10:39:42+00:00\",\"dateModified\":\"2024-04-15T14:45:47+00:00\",\"mainEntityOfPage\":{\"@id\":\"https:\\\/\\\/mula.es\\\/web\\\/cultura-mula-celebra-el-xxvii-festival-nacional-de-folklore-un-encuentro-de-tradiciones-y-cultura\\\/\"},\"wordCount\":314,\"image\":{\"@id\":\"https:\\\/\\\/mula.es\\\/web\\\/cultura-mula-celebra-el-xxvii-festival-nacional-de-folklore-un-encuentro-de-tradiciones-y-cultura\\\/#primaryimage\"},\"thumbnailUrl\":\"https:\\\/\\\/mula.es\\\/web\\\/wp-content\\\/uploads\\\/2024\\\/04\\\/WhatsApp-Image-2024-04-13-at-21.53.21.jpeg\",\"articleSection\":[\"cultura\"],\"inLanguage\":\"es\"},{\"@type\":\"WebPage\",\"@id\":\"https:\\\/\\\/mula.es\\\/web\\\/cultura-mula-celebra-el-xxvii-festival-nacional-de-folklore-un-encuentro-de-tradiciones-y-cultura\\\/\",\"url\":\"https:\\\/\\\/mula.es\\\/web\\\/cultura-mula-celebra-el-xxvii-festival-nacional-de-folklore-un-encuentro-de-tradiciones-y-cultura\\\/\",\"name\":\"Mula celebra el XXVII Festival Nacional de Folklore\",\"isPartOf\":{\"@id\":\"https:\\\/\\\/mula.es\\\/web\\\/#website\"},\"primaryImageOfPage\":{\"@id\":\"https:\\\/\\\/mula.es\\\/web\\\/cultura-mula-celebra-el-xxvii-festival-nacional-de-folklore-un-encuentro-de-tradiciones-y-cultura\\\/#primaryimage\"},\"image\":{\"@id\":\"https:\\\/\\\/mula.es\\\/web\\\/cultura-mula-celebra-el-xxvii-festival-nacional-de-folklore-un-encuentro-de-tradiciones-y-cultura\\\/#primaryimage\"},\"thumbnailUrl\":\"https:\\\/\\\/mula.es\\\/web\\\/wp-content\\\/uploads\\\/2024\\\/04\\\/WhatsApp-Image-2024-04-13-at-21.53.21.jpeg\",\"datePublished\":\"2024-04-15T10:39:42+00:00\",\"dateModified\":\"2024-04-15T14:45:47+00:00\",\"author\":{\"@id\":\"https:\\\/\\\/mula.es\\\/web\\\/#\\\/schema\\\/person\\\/4f10179bd364f40dceed361e61e4033f\"},\"description\":\"El Ayuntamiento de Mula se compromete a seguir promoviendo y preservando nuestras tradiciones para las generaciones futuras.\",\"breadcrumb\":{\"@id\":\"https:\\\/\\\/mula.es\\\/web\\\/cultura-mula-celebra-el-xxvii-festival-nacional-de-folklore-un-encuentro-de-tradiciones-y-cultura\\\/#breadcrumb\"},\"inLanguage\":\"es\",\"potentialAction\":[{\"@type\":\"ReadAction\",\"target\":[\"https:\\\/\\\/mula.es\\\/web\\\/cultura-mula-celebra-el-xxvii-festival-nacional-de-folklore-un-encuentro-de-tradiciones-y-cultura\\\/\"]}]},{\"@type\":\"ImageObject\",\"inLanguage\":\"es\",\"@id\":\"https:\\\/\\\/mula.es\\\/web\\\/cultura-mula-celebra-el-xxvii-festival-nacional-de-folklore-un-encuentro-de-tradiciones-y-cultura\\\/#primaryimage\",\"url\":\"https:\\\/\\\/mula.es\\\/web\\\/wp-content\\\/uploads\\\/2024\\\/04\\\/WhatsApp-Image-2024-04-13-at-21.53.21.jpeg\",\"contentUrl\":\"https:\\\/\\\/mula.es\\\/web\\\/wp-content\\\/uploads\\\/2024\\\/04\\\/WhatsApp-Image-2024-04-13-at-21.53.21.jpeg\",\"width\":1201,\"height\":1600,\"caption\":\"Festival de Folklore\"},{\"@type\":\"BreadcrumbList\",\"@id\":\"https:\\\/\\\/mula.es\\\/web\\\/cultura-mula-celebra-el-xxvii-festival-nacional-de-folklore-un-encuentro-de-tradiciones-y-cultura\\\/#breadcrumb\",\"itemListElement\":[{\"@type\":\"ListItem\",\"position\":1,\"name\":\"Portada\",\"item\":\"https:\\\/\\\/mula.es\\\/web\\\/\"},{\"@type\":\"ListItem\",\"position\":2,\"name\":\"CULTURA | Mula celebra el XXVII Festival Nacional de Folklore, un encuentro de tradiciones y cultura\"}]},{\"@type\":\"WebSite\",\"@id\":\"https:\\\/\\\/mula.es\\\/web\\\/#website\",\"url\":\"https:\\\/\\\/mula.es\\\/web\\\/\",\"name\":\"Ayuntamiento de Mula\",\"description\":\"P\u00e1gina web del Ayuntamiento de Mula (Regi\u00f3n de Murcia)\",\"potentialAction\":[{\"@type\":\"SearchAction\",\"target\":{\"@type\":\"EntryPoint\",\"urlTemplate\":\"https:\\\/\\\/mula.es\\\/web\\\/?s={search_term_string}\"},\"query-input\":{\"@type\":\"PropertyValueSpecification\",\"valueRequired\":true,\"valueName\":\"search_term_string\"}}],\"inLanguage\":\"es\"},{\"@type\":\"Person\",\"@id\":\"https:\\\/\\\/mula.es\\\/web\\\/#\\\/schema\\\/person\\\/4f10179bd364f40dceed361e61e4033f\",\"name\":\"Laura Salas Orcajada\",\"image\":{\"@type\":\"ImageObject\",\"inLanguage\":\"es\",\"@id\":\"https:\\\/\\\/secure.gravatar.com\\\/avatar\\\/786f2a223d9a455e2a448f78b5dcc1117207ef56ef3d9a04df338c0f775cd403?s=96&d=mm&r=g\",\"url\":\"https:\\\/\\\/secure.gravatar.com\\\/avatar\\\/786f2a223d9a455e2a448f78b5dcc1117207ef56ef3d9a04df338c0f775cd403?s=96&d=mm&r=g\",\"contentUrl\":\"https:\\\/\\\/secure.gravatar.com\\\/avatar\\\/786f2a223d9a455e2a448f78b5dcc1117207ef56ef3d9a04df338c0f775cd403?s=96&d=mm&r=g\",\"caption\":\"Laura Salas Orcajada\"},\"url\":\"https:\\\/\\\/mula.es\\\/web\\\/author\\\/lsalas\\\/\"}]}<\/script>\n<!-- \/ Yoast SEO plugin. -->","yoast_head_json":{"title":"Mula celebra el XXVII Festival Nacional de Folklore","description":"El Ayuntamiento de Mula se compromete a seguir promoviendo y preservando nuestras tradiciones para las generaciones futuras.","robots":{"index":"index","follow":"follow","max-snippet":"max-snippet:-1","max-image-preview":"max-image-preview:large","max-video-preview":"max-video-preview:-1"},"canonical":"https:\/\/mula.es\/web\/cultura-mula-celebra-el-xxvii-festival-nacional-de-folklore-un-encuentro-de-tradiciones-y-cultura\/","og_locale":"es_ES","og_type":"article","og_title":"Mula celebra el XXVII Festival Nacional de Folklore","og_description":"El Ayuntamiento de Mula se compromete a seguir promoviendo y preservando nuestras tradiciones para las generaciones futuras.","og_url":"https:\/\/mula.es\/web\/cultura-mula-celebra-el-xxvii-festival-nacional-de-folklore-un-encuentro-de-tradiciones-y-cultura\/","og_site_name":"Ayuntamiento de Mula","article_published_time":"2024-04-15T10:39:42+00:00","article_modified_time":"2024-04-15T14:45:47+00:00","og_image":[{"width":1201,"height":1600,"url":"https:\/\/mula.es\/web\/wp-content\/uploads\/2024\/04\/WhatsApp-Image-2024-04-13-at-21.53.21.jpeg","type":"image\/jpeg"}],"author":"Laura Salas Orcajada","twitter_card":"summary_large_image","twitter_creator":"@AyuntamientMula","twitter_site":"@AyuntamientMula","twitter_misc":{"Escrito por":"Laura Salas Orcajada","Tiempo de lectura":"2 minutos"},"schema":{"@context":"https:\/\/schema.org","@graph":[{"@type":"Article","@id":"https:\/\/mula.es\/web\/cultura-mula-celebra-el-xxvii-festival-nacional-de-folklore-un-encuentro-de-tradiciones-y-cultura\/#article","isPartOf":{"@id":"https:\/\/mula.es\/web\/cultura-mula-celebra-el-xxvii-festival-nacional-de-folklore-un-encuentro-de-tradiciones-y-cultura\/"},"author":{"name":"Laura Salas Orcajada","@id":"https:\/\/mula.es\/web\/#\/schema\/person\/4f10179bd364f40dceed361e61e4033f"},"headline":"CULTURA | Mula celebra el XXVII Festival Nacional de Folklore, un encuentro de tradiciones y cultura","datePublished":"2024-04-15T10:39:42+00:00","dateModified":"2024-04-15T14:45:47+00:00","mainEntityOfPage":{"@id":"https:\/\/mula.es\/web\/cultura-mula-celebra-el-xxvii-festival-nacional-de-folklore-un-encuentro-de-tradiciones-y-cultura\/"},"wordCount":314,"image":{"@id":"https:\/\/mula.es\/web\/cultura-mula-celebra-el-xxvii-festival-nacional-de-folklore-un-encuentro-de-tradiciones-y-cultura\/#primaryimage"},"thumbnailUrl":"https:\/\/mula.es\/web\/wp-content\/uploads\/2024\/04\/WhatsApp-Image-2024-04-13-at-21.53.21.jpeg","articleSection":["cultura"],"inLanguage":"es"},{"@type":"WebPage","@id":"https:\/\/mula.es\/web\/cultura-mula-celebra-el-xxvii-festival-nacional-de-folklore-un-encuentro-de-tradiciones-y-cultura\/","url":"https:\/\/mula.es\/web\/cultura-mula-celebra-el-xxvii-festival-nacional-de-folklore-un-encuentro-de-tradiciones-y-cultura\/","name":"Mula celebra el XXVII Festival Nacional de Folklore","isPartOf":{"@id":"https:\/\/mula.es\/web\/#website"},"primaryImageOfPage":{"@id":"https:\/\/mula.es\/web\/cultura-mula-celebra-el-xxvii-festival-nacional-de-folklore-un-encuentro-de-tradiciones-y-cultura\/#primaryimage"},"image":{"@id":"https:\/\/mula.es\/web\/cultura-mula-celebra-el-xxvii-festival-nacional-de-folklore-un-encuentro-de-tradiciones-y-cultura\/#primaryimage"},"thumbnailUrl":"https:\/\/mula.es\/web\/wp-content\/uploads\/2024\/04\/WhatsApp-Image-2024-04-13-at-21.53.21.jpeg","datePublished":"2024-04-15T10:39:42+00:00","dateModified":"2024-04-15T14:45:47+00:00","author":{"@id":"https:\/\/mula.es\/web\/#\/schema\/person\/4f10179bd364f40dceed361e61e4033f"},"description":"El Ayuntamiento de Mula se compromete a seguir promoviendo y preservando nuestras tradiciones para las generaciones futuras.","breadcrumb":{"@id":"https:\/\/mula.es\/web\/cultura-mula-celebra-el-xxvii-festival-nacional-de-folklore-un-encuentro-de-tradiciones-y-cultura\/#breadcrumb"},"inLanguage":"es","potentialAction":[{"@type":"ReadAction","target":["https:\/\/mula.es\/web\/cultura-mula-celebra-el-xxvii-festival-nacional-de-folklore-un-encuentro-de-tradiciones-y-cultura\/"]}]},{"@type":"ImageObject","inLanguage":"es","@id":"https:\/\/mula.es\/web\/cultura-mula-celebra-el-xxvii-festival-nacional-de-folklore-un-encuentro-de-tradiciones-y-cultura\/#primaryimage","url":"https:\/\/mula.es\/web\/wp-content\/uploads\/2024\/04\/WhatsApp-Image-2024-04-13-at-21.53.21.jpeg","contentUrl":"https:\/\/mula.es\/web\/wp-content\/uploads\/2024\/04\/WhatsApp-Image-2024-04-13-at-21.53.21.jpeg","width":1201,"height":1600,"caption":"Festival de Folklore"},{"@type":"BreadcrumbList","@id":"https:\/\/mula.es\/web\/cultura-mula-celebra-el-xxvii-festival-nacional-de-folklore-un-encuentro-de-tradiciones-y-cultura\/#breadcrumb","itemListElement":[{"@type":"ListItem","position":1,"name":"Portada","item":"https:\/\/mula.es\/web\/"},{"@type":"ListItem","position":2,"name":"CULTURA | Mula celebra el XXVII Festival Nacional de Folklore, un encuentro de tradiciones y cultura"}]},{"@type":"WebSite","@id":"https:\/\/mula.es\/web\/#website","url":"https:\/\/mula.es\/web\/","name":"Ayuntamiento de Mula","description":"P\u00e1gina web del Ayuntamiento de Mula (Regi\u00f3n de Murcia)","potentialAction":[{"@type":"SearchAction","target":{"@type":"EntryPoint","urlTemplate":"https:\/\/mula.es\/web\/?s={search_term_string}"},"query-input":{"@type":"PropertyValueSpecification","valueRequired":true,"valueName":"search_term_string"}}],"inLanguage":"es"},{"@type":"Person","@id":"https:\/\/mula.es\/web\/#\/schema\/person\/4f10179bd364f40dceed361e61e4033f","name":"Laura Salas Orcajada","image":{"@type":"ImageObject","inLanguage":"es","@id":"https:\/\/secure.gravatar.com\/avatar\/786f2a223d9a455e2a448f78b5dcc1117207ef56ef3d9a04df338c0f775cd403?s=96&d=mm&r=g","url":"https:\/\/secure.gravatar.com\/avatar\/786f2a223d9a455e2a448f78b5dcc1117207ef56ef3d9a04df338c0f775cd403?s=96&d=mm&r=g","contentUrl":"https:\/\/secure.gravatar.com\/avatar\/786f2a223d9a455e2a448f78b5dcc1117207ef56ef3d9a04df338c0f775cd403?s=96&d=mm&r=g","caption":"Laura Salas Orcajada"},"url":"https:\/\/mula.es\/web\/author\/lsalas\/"}]}},"jetpack_publicize_connections":[],"jetpack_featured_media_url":"https:\/\/mula.es\/web\/wp-content\/uploads\/2024\/04\/WhatsApp-Image-2024-04-13-at-21.53.21.jpeg","jetpack_sharing_enabled":true,"jetpack_shortlink":"https:\/\/wp.me\/pa9DMY-dTs","jetpack-related-posts":[],"_links":{"self":[{"href":"https:\/\/mula.es\/web\/wp-json\/wp\/v2\/posts\/53410","targetHints":{"allow":["GET"]}}],"collection":[{"href":"https:\/\/mula.es\/web\/wp-json\/wp\/v2\/posts"}],"about":[{"href":"https:\/\/mula.es\/web\/wp-json\/wp\/v2\/types\/post"}],"author":[{"embeddable":true,"href":"https:\/\/mula.es\/web\/wp-json\/wp\/v2\/users\/13"}],"replies":[{"embeddable":true,"href":"https:\/\/mula.es\/web\/wp-json\/wp\/v2\/comments?post=53410"}],"version-history":[{"count":1,"href":"https:\/\/mula.es\/web\/wp-json\/wp\/v2\/posts\/53410\/revisions"}],"predecessor-version":[{"id":53413,"href":"https:\/\/mula.es\/web\/wp-json\/wp\/v2\/posts\/53410\/revisions\/53413"}],"wp:featuredmedia":[{"embeddable":true,"href":"https:\/\/mula.es\/web\/wp-json\/wp\/v2\/media\/53412"}],"wp:attachment":[{"href":"https:\/\/mula.es\/web\/wp-json\/wp\/v2\/media?parent=53410"}],"wp:term":[{"taxonomy":"category","embeddable":true,"href":"https:\/\/mula.es\/web\/wp-json\/wp\/v2\/categories?post=53410"},{"taxonomy":"post_tag","embeddable":true,"href":"https:\/\/mula.es\/web\/wp-json\/wp\/v2\/tags?post=53410"}],"curies":[{"name":"wp","href":"https:\/\/api.w.org\/{rel}","templated":true}]}}