{"id":53508,"date":"2024-04-25T14:47:48","date_gmt":"2024-04-25T12:47:48","guid":{"rendered":"https:\/\/mula.es\/web\/?p=53508"},"modified":"2024-04-26T10:48:42","modified_gmt":"2024-04-26T08:48:42","slug":"festejos-fiestas-de-san-isidro-2024-no-hay-disponibilidad-de-carpas-para-nuevas-inscripciones","status":"publish","type":"post","link":"https:\/\/mula.es\/web\/festejos-fiestas-de-san-isidro-2024-no-hay-disponibilidad-de-carpas-para-nuevas-inscripciones\/","title":{"rendered":"FESTEJOS |  Fiestas de San Isidro 2024: No hay disponibilidad de carpas para nuevas inscripciones"},"content":{"rendered":"<p>La concejal\u00eda de Festejos del Ayuntamiento de Mula informa a la ciudadan\u00eda que todas las carpas disponibles para el recinto de pe\u00f1as durante las pr\u00f3ximas Fiestas de San Isidro 2024 han sido confirmadas y no se encuentran disponibles para nuevas inscripciones, de acuerdo con la normativa vigente.<\/p>\n<p>En total, se han completado las 72 carpas disponibles, agotando completamente el aforo. Por tanto, no habr\u00e1 ning\u00fan sorteo para fijar carpas, ya que todas han sido asignadas.<\/p>\n<p>Sin embargo, para aquellos interesados que no hayan podido asegurar una carpa en esta fase inicial, a partir del <strong>26 de abril a las 9:00 horas <\/strong>se abrira\u0301 el registro de solicitudes para instalacio\u0301n de carpas conforme a renuncias que pueda haber habido o aquellas que pueden generarse por optimizacio\u0301n de espacios. La solicitud se hara\u0301 a nombre de una pen\u0303a y debera\u0301 acompan\u0303ar todos los datos que se estimen convenientes pero como m\u00ednimo habra\u0301 de incluirse un mi\u0301nimo de tres representantes (con DNI, nombre y apellidos asi\u0301 como tel\u00e9fono y direcci\u00f3n de e-mail). Esas personas no podra\u0301n figurar en ninguna otra solicitud de carpa que se presente. El Ayuntamiento queda facultado para comprobar la veracidad de los datos asi\u0301 como para pedir el listado total de participantes a fin de complementar la informaci\u00f3n obrante en el registro de pen\u0303as. El registro de la solicitud podr\u00e1\u0301 realizarse mediante sede electr\u00f3nica o registro general del Ayuntamiento.<\/p>\n<p>La concejal\u00eda de Festejos del Ayuntamiento de Mula adjunta la <a href=\"https:\/\/mula.es\/web\/wp-content\/uploads\/2024\/04\/NORMATIVA-CARPAS-SAN-ISIDRO.-2024.pdf\">NORMATIVA CARPAS SAN ISIDRO. 2024<\/a>\u00a0\u00a0para el uso de todas las carpas durante las Fiestas de San Isidro 2024.<\/p>\n<p>Se insta a todas las pe\u00f1as interesadas a revisar detenidamente esta normativa para asegurar el cumplimiento de las regulaciones establecidas.<\/p>\n","protected":false},"excerpt":{"rendered":"<p>La concejal\u00eda de Festejos del Ayuntamiento de Mula informa a la ciudadan\u00eda que todas las carpas disponibles para el recinto de pe\u00f1as durante las pr\u00f3ximas Fiestas de San Isidro 2024 han sido confirmadas y no se encuentran disponibles para nuevas inscripciones, de acuerdo con la normativa vigente. En total, se han completado las 72 carpas  [&#8230;]<\/p>\n","protected":false},"author":13,"featured_media":53580,"comment_status":"closed","ping_status":"closed","sticky":false,"template":"","format":"standard","meta":{"jetpack_post_was_ever_published":false,"_jetpack_newsletter_access":"","_jetpack_dont_email_post_to_subs":false,"_jetpack_newsletter_tier_id":0,"_jetpack_memberships_contains_paywalled_content":false,"_jetpack_memberships_contains_paid_content":false,"footnotes":"","jetpack_publicize_message":"","jetpack_publicize_feature_enabled":true,"jetpack_social_post_already_shared":false,"jetpack_social_options":{"image_generator_settings":{"template":"highway","default_image_id":0,"font":"","enabled":false},"version":2}},"categories":[171],"tags":[],"class_list":["post-53508","post","type-post","status-publish","format-standard","has-post-thumbnail","hentry","category-festejos"],"yoast_head":"<!-- This site is optimized with the Yoast SEO plugin v27.5 - https:\/\/yoast.com\/product\/yoast-seo-wordpress\/ -->\n<title>San Isidro 2024: No hay disponibilidad de carpas para nuevas inscripciones<\/title>\n<meta name=\"description\" content=\"Para aquellos interesados que no hayan podido asegurar una carpa en esta fase inicial, y que quieran que se les tenga en cuenta ante pr\u00f3ximas renuncias se establecer\u00e1 un registro para solicitudes de carpa a partir del viernes 26 de abril.\" \/>\n<meta name=\"robots\" content=\"index, follow, max-snippet:-1, max-image-preview:large, max-video-preview:-1\" \/>\n<link rel=\"canonical\" href=\"https:\/\/mula.es\/web\/festejos-fiestas-de-san-isidro-2024-no-hay-disponibilidad-de-carpas-para-nuevas-inscripciones\/\" \/>\n<meta property=\"og:locale\" content=\"es_ES\" \/>\n<meta property=\"og:type\" content=\"article\" \/>\n<meta property=\"og:title\" content=\"San Isidro 2024: No hay disponibilidad de carpas para nuevas inscripciones\" \/>\n<meta property=\"og:description\" content=\"Para aquellos interesados que no hayan podido asegurar una carpa en esta fase inicial, y que quieran que se les tenga en cuenta ante pr\u00f3ximas renuncias se establecer\u00e1 un registro para solicitudes de carpa a partir del viernes 26 de abril.\" \/>\n<meta property=\"og:url\" content=\"https:\/\/mula.es\/web\/festejos-fiestas-de-san-isidro-2024-no-hay-disponibilidad-de-carpas-para-nuevas-inscripciones\/\" \/>\n<meta property=\"og:site_name\" content=\"Ayuntamiento de Mula\" \/>\n<meta property=\"article:published_time\" content=\"2024-04-25T12:47:48+00:00\" \/>\n<meta property=\"article:modified_time\" content=\"2024-04-26T08:48:42+00:00\" \/>\n<meta property=\"og:image\" content=\"https:\/\/mula.es\/web\/wp-content\/uploads\/2024\/04\/Carpas-para-San-Isidro-2024-1.jpg\" \/>\n\t<meta property=\"og:image:width\" content=\"1080\" \/>\n\t<meta property=\"og:image:height\" content=\"1080\" \/>\n\t<meta property=\"og:image:type\" content=\"image\/jpeg\" \/>\n<meta name=\"author\" content=\"Laura Salas Orcajada\" \/>\n<meta name=\"twitter:card\" content=\"summary_large_image\" \/>\n<meta name=\"twitter:creator\" content=\"@AyuntamientMula\" \/>\n<meta name=\"twitter:site\" content=\"@AyuntamientMula\" \/>\n<meta name=\"twitter:label1\" content=\"Escrito por\" \/>\n\t<meta name=\"twitter:data1\" content=\"Laura Salas Orcajada\" \/>\n\t<meta name=\"twitter:label2\" content=\"Tiempo de lectura\" \/>\n\t<meta name=\"twitter:data2\" content=\"2 minutos\" \/>\n<script type=\"application\/ld+json\" class=\"yoast-schema-graph\">{\"@context\":\"https:\\\/\\\/schema.org\",\"@graph\":[{\"@type\":\"Article\",\"@id\":\"https:\\\/\\\/mula.es\\\/web\\\/festejos-fiestas-de-san-isidro-2024-no-hay-disponibilidad-de-carpas-para-nuevas-inscripciones\\\/#article\",\"isPartOf\":{\"@id\":\"https:\\\/\\\/mula.es\\\/web\\\/festejos-fiestas-de-san-isidro-2024-no-hay-disponibilidad-de-carpas-para-nuevas-inscripciones\\\/\"},\"author\":{\"name\":\"Laura Salas Orcajada\",\"@id\":\"https:\\\/\\\/mula.es\\\/web\\\/#\\\/schema\\\/person\\\/4f10179bd364f40dceed361e61e4033f\"},\"headline\":\"FESTEJOS | Fiestas de San Isidro 2024: No hay disponibilidad de carpas para nuevas inscripciones\",\"datePublished\":\"2024-04-25T12:47:48+00:00\",\"dateModified\":\"2024-04-26T08:48:42+00:00\",\"mainEntityOfPage\":{\"@id\":\"https:\\\/\\\/mula.es\\\/web\\\/festejos-fiestas-de-san-isidro-2024-no-hay-disponibilidad-de-carpas-para-nuevas-inscripciones\\\/\"},\"wordCount\":305,\"image\":{\"@id\":\"https:\\\/\\\/mula.es\\\/web\\\/festejos-fiestas-de-san-isidro-2024-no-hay-disponibilidad-de-carpas-para-nuevas-inscripciones\\\/#primaryimage\"},\"thumbnailUrl\":\"https:\\\/\\\/mula.es\\\/web\\\/wp-content\\\/uploads\\\/2024\\\/04\\\/Carpas-para-San-Isidro-2024-1.jpg\",\"articleSection\":[\"festejos\"],\"inLanguage\":\"es\"},{\"@type\":\"WebPage\",\"@id\":\"https:\\\/\\\/mula.es\\\/web\\\/festejos-fiestas-de-san-isidro-2024-no-hay-disponibilidad-de-carpas-para-nuevas-inscripciones\\\/\",\"url\":\"https:\\\/\\\/mula.es\\\/web\\\/festejos-fiestas-de-san-isidro-2024-no-hay-disponibilidad-de-carpas-para-nuevas-inscripciones\\\/\",\"name\":\"San Isidro 2024: No hay disponibilidad de carpas para nuevas inscripciones\",\"isPartOf\":{\"@id\":\"https:\\\/\\\/mula.es\\\/web\\\/#website\"},\"primaryImageOfPage\":{\"@id\":\"https:\\\/\\\/mula.es\\\/web\\\/festejos-fiestas-de-san-isidro-2024-no-hay-disponibilidad-de-carpas-para-nuevas-inscripciones\\\/#primaryimage\"},\"image\":{\"@id\":\"https:\\\/\\\/mula.es\\\/web\\\/festejos-fiestas-de-san-isidro-2024-no-hay-disponibilidad-de-carpas-para-nuevas-inscripciones\\\/#primaryimage\"},\"thumbnailUrl\":\"https:\\\/\\\/mula.es\\\/web\\\/wp-content\\\/uploads\\\/2024\\\/04\\\/Carpas-para-San-Isidro-2024-1.jpg\",\"datePublished\":\"2024-04-25T12:47:48+00:00\",\"dateModified\":\"2024-04-26T08:48:42+00:00\",\"author\":{\"@id\":\"https:\\\/\\\/mula.es\\\/web\\\/#\\\/schema\\\/person\\\/4f10179bd364f40dceed361e61e4033f\"},\"description\":\"Para aquellos interesados que no hayan podido asegurar una carpa en esta fase inicial, y que quieran que se les tenga en cuenta ante pr\u00f3ximas renuncias se establecer\u00e1 un registro para solicitudes de carpa a partir del viernes 26 de abril.\",\"breadcrumb\":{\"@id\":\"https:\\\/\\\/mula.es\\\/web\\\/festejos-fiestas-de-san-isidro-2024-no-hay-disponibilidad-de-carpas-para-nuevas-inscripciones\\\/#breadcrumb\"},\"inLanguage\":\"es\",\"potentialAction\":[{\"@type\":\"ReadAction\",\"target\":[\"https:\\\/\\\/mula.es\\\/web\\\/festejos-fiestas-de-san-isidro-2024-no-hay-disponibilidad-de-carpas-para-nuevas-inscripciones\\\/\"]}]},{\"@type\":\"ImageObject\",\"inLanguage\":\"es\",\"@id\":\"https:\\\/\\\/mula.es\\\/web\\\/festejos-fiestas-de-san-isidro-2024-no-hay-disponibilidad-de-carpas-para-nuevas-inscripciones\\\/#primaryimage\",\"url\":\"https:\\\/\\\/mula.es\\\/web\\\/wp-content\\\/uploads\\\/2024\\\/04\\\/Carpas-para-San-Isidro-2024-1.jpg\",\"contentUrl\":\"https:\\\/\\\/mula.es\\\/web\\\/wp-content\\\/uploads\\\/2024\\\/04\\\/Carpas-para-San-Isidro-2024-1.jpg\",\"width\":1080,\"height\":1080},{\"@type\":\"BreadcrumbList\",\"@id\":\"https:\\\/\\\/mula.es\\\/web\\\/festejos-fiestas-de-san-isidro-2024-no-hay-disponibilidad-de-carpas-para-nuevas-inscripciones\\\/#breadcrumb\",\"itemListElement\":[{\"@type\":\"ListItem\",\"position\":1,\"name\":\"Portada\",\"item\":\"https:\\\/\\\/mula.es\\\/web\\\/\"},{\"@type\":\"ListItem\",\"position\":2,\"name\":\"FESTEJOS | Fiestas de San Isidro 2024: No hay disponibilidad de carpas para nuevas inscripciones\"}]},{\"@type\":\"WebSite\",\"@id\":\"https:\\\/\\\/mula.es\\\/web\\\/#website\",\"url\":\"https:\\\/\\\/mula.es\\\/web\\\/\",\"name\":\"Ayuntamiento de Mula\",\"description\":\"P\u00e1gina web del Ayuntamiento de Mula (Regi\u00f3n de Murcia)\",\"potentialAction\":[{\"@type\":\"SearchAction\",\"target\":{\"@type\":\"EntryPoint\",\"urlTemplate\":\"https:\\\/\\\/mula.es\\\/web\\\/?s={search_term_string}\"},\"query-input\":{\"@type\":\"PropertyValueSpecification\",\"valueRequired\":true,\"valueName\":\"search_term_string\"}}],\"inLanguage\":\"es\"},{\"@type\":\"Person\",\"@id\":\"https:\\\/\\\/mula.es\\\/web\\\/#\\\/schema\\\/person\\\/4f10179bd364f40dceed361e61e4033f\",\"name\":\"Laura Salas Orcajada\",\"image\":{\"@type\":\"ImageObject\",\"inLanguage\":\"es\",\"@id\":\"https:\\\/\\\/secure.gravatar.com\\\/avatar\\\/786f2a223d9a455e2a448f78b5dcc1117207ef56ef3d9a04df338c0f775cd403?s=96&d=mm&r=g\",\"url\":\"https:\\\/\\\/secure.gravatar.com\\\/avatar\\\/786f2a223d9a455e2a448f78b5dcc1117207ef56ef3d9a04df338c0f775cd403?s=96&d=mm&r=g\",\"contentUrl\":\"https:\\\/\\\/secure.gravatar.com\\\/avatar\\\/786f2a223d9a455e2a448f78b5dcc1117207ef56ef3d9a04df338c0f775cd403?s=96&d=mm&r=g\",\"caption\":\"Laura Salas Orcajada\"},\"url\":\"https:\\\/\\\/mula.es\\\/web\\\/author\\\/lsalas\\\/\"}]}<\/script>\n<!-- \/ Yoast SEO plugin. -->","yoast_head_json":{"title":"San Isidro 2024: No hay disponibilidad de carpas para nuevas inscripciones","description":"Para aquellos interesados que no hayan podido asegurar una carpa en esta fase inicial, y que quieran que se les tenga en cuenta ante pr\u00f3ximas renuncias se establecer\u00e1 un registro para solicitudes de carpa a partir del viernes 26 de abril.","robots":{"index":"index","follow":"follow","max-snippet":"max-snippet:-1","max-image-preview":"max-image-preview:large","max-video-preview":"max-video-preview:-1"},"canonical":"https:\/\/mula.es\/web\/festejos-fiestas-de-san-isidro-2024-no-hay-disponibilidad-de-carpas-para-nuevas-inscripciones\/","og_locale":"es_ES","og_type":"article","og_title":"San Isidro 2024: No hay disponibilidad de carpas para nuevas inscripciones","og_description":"Para aquellos interesados que no hayan podido asegurar una carpa en esta fase inicial, y que quieran que se les tenga en cuenta ante pr\u00f3ximas renuncias se establecer\u00e1 un registro para solicitudes de carpa a partir del viernes 26 de abril.","og_url":"https:\/\/mula.es\/web\/festejos-fiestas-de-san-isidro-2024-no-hay-disponibilidad-de-carpas-para-nuevas-inscripciones\/","og_site_name":"Ayuntamiento de Mula","article_published_time":"2024-04-25T12:47:48+00:00","article_modified_time":"2024-04-26T08:48:42+00:00","og_image":[{"width":1080,"height":1080,"url":"https:\/\/mula.es\/web\/wp-content\/uploads\/2024\/04\/Carpas-para-San-Isidro-2024-1.jpg","type":"image\/jpeg"}],"author":"Laura Salas Orcajada","twitter_card":"summary_large_image","twitter_creator":"@AyuntamientMula","twitter_site":"@AyuntamientMula","twitter_misc":{"Escrito por":"Laura Salas Orcajada","Tiempo de lectura":"2 minutos"},"schema":{"@context":"https:\/\/schema.org","@graph":[{"@type":"Article","@id":"https:\/\/mula.es\/web\/festejos-fiestas-de-san-isidro-2024-no-hay-disponibilidad-de-carpas-para-nuevas-inscripciones\/#article","isPartOf":{"@id":"https:\/\/mula.es\/web\/festejos-fiestas-de-san-isidro-2024-no-hay-disponibilidad-de-carpas-para-nuevas-inscripciones\/"},"author":{"name":"Laura Salas Orcajada","@id":"https:\/\/mula.es\/web\/#\/schema\/person\/4f10179bd364f40dceed361e61e4033f"},"headline":"FESTEJOS | Fiestas de San Isidro 2024: No hay disponibilidad de carpas para nuevas inscripciones","datePublished":"2024-04-25T12:47:48+00:00","dateModified":"2024-04-26T08:48:42+00:00","mainEntityOfPage":{"@id":"https:\/\/mula.es\/web\/festejos-fiestas-de-san-isidro-2024-no-hay-disponibilidad-de-carpas-para-nuevas-inscripciones\/"},"wordCount":305,"image":{"@id":"https:\/\/mula.es\/web\/festejos-fiestas-de-san-isidro-2024-no-hay-disponibilidad-de-carpas-para-nuevas-inscripciones\/#primaryimage"},"thumbnailUrl":"https:\/\/mula.es\/web\/wp-content\/uploads\/2024\/04\/Carpas-para-San-Isidro-2024-1.jpg","articleSection":["festejos"],"inLanguage":"es"},{"@type":"WebPage","@id":"https:\/\/mula.es\/web\/festejos-fiestas-de-san-isidro-2024-no-hay-disponibilidad-de-carpas-para-nuevas-inscripciones\/","url":"https:\/\/mula.es\/web\/festejos-fiestas-de-san-isidro-2024-no-hay-disponibilidad-de-carpas-para-nuevas-inscripciones\/","name":"San Isidro 2024: No hay disponibilidad de carpas para nuevas inscripciones","isPartOf":{"@id":"https:\/\/mula.es\/web\/#website"},"primaryImageOfPage":{"@id":"https:\/\/mula.es\/web\/festejos-fiestas-de-san-isidro-2024-no-hay-disponibilidad-de-carpas-para-nuevas-inscripciones\/#primaryimage"},"image":{"@id":"https:\/\/mula.es\/web\/festejos-fiestas-de-san-isidro-2024-no-hay-disponibilidad-de-carpas-para-nuevas-inscripciones\/#primaryimage"},"thumbnailUrl":"https:\/\/mula.es\/web\/wp-content\/uploads\/2024\/04\/Carpas-para-San-Isidro-2024-1.jpg","datePublished":"2024-04-25T12:47:48+00:00","dateModified":"2024-04-26T08:48:42+00:00","author":{"@id":"https:\/\/mula.es\/web\/#\/schema\/person\/4f10179bd364f40dceed361e61e4033f"},"description":"Para aquellos interesados que no hayan podido asegurar una carpa en esta fase inicial, y que quieran que se les tenga en cuenta ante pr\u00f3ximas renuncias se establecer\u00e1 un registro para solicitudes de carpa a partir del viernes 26 de abril.","breadcrumb":{"@id":"https:\/\/mula.es\/web\/festejos-fiestas-de-san-isidro-2024-no-hay-disponibilidad-de-carpas-para-nuevas-inscripciones\/#breadcrumb"},"inLanguage":"es","potentialAction":[{"@type":"ReadAction","target":["https:\/\/mula.es\/web\/festejos-fiestas-de-san-isidro-2024-no-hay-disponibilidad-de-carpas-para-nuevas-inscripciones\/"]}]},{"@type":"ImageObject","inLanguage":"es","@id":"https:\/\/mula.es\/web\/festejos-fiestas-de-san-isidro-2024-no-hay-disponibilidad-de-carpas-para-nuevas-inscripciones\/#primaryimage","url":"https:\/\/mula.es\/web\/wp-content\/uploads\/2024\/04\/Carpas-para-San-Isidro-2024-1.jpg","contentUrl":"https:\/\/mula.es\/web\/wp-content\/uploads\/2024\/04\/Carpas-para-San-Isidro-2024-1.jpg","width":1080,"height":1080},{"@type":"BreadcrumbList","@id":"https:\/\/mula.es\/web\/festejos-fiestas-de-san-isidro-2024-no-hay-disponibilidad-de-carpas-para-nuevas-inscripciones\/#breadcrumb","itemListElement":[{"@type":"ListItem","position":1,"name":"Portada","item":"https:\/\/mula.es\/web\/"},{"@type":"ListItem","position":2,"name":"FESTEJOS | Fiestas de San Isidro 2024: No hay disponibilidad de carpas para nuevas inscripciones"}]},{"@type":"WebSite","@id":"https:\/\/mula.es\/web\/#website","url":"https:\/\/mula.es\/web\/","name":"Ayuntamiento de Mula","description":"P\u00e1gina web del Ayuntamiento de Mula (Regi\u00f3n de Murcia)","potentialAction":[{"@type":"SearchAction","target":{"@type":"EntryPoint","urlTemplate":"https:\/\/mula.es\/web\/?s={search_term_string}"},"query-input":{"@type":"PropertyValueSpecification","valueRequired":true,"valueName":"search_term_string"}}],"inLanguage":"es"},{"@type":"Person","@id":"https:\/\/mula.es\/web\/#\/schema\/person\/4f10179bd364f40dceed361e61e4033f","name":"Laura Salas Orcajada","image":{"@type":"ImageObject","inLanguage":"es","@id":"https:\/\/secure.gravatar.com\/avatar\/786f2a223d9a455e2a448f78b5dcc1117207ef56ef3d9a04df338c0f775cd403?s=96&d=mm&r=g","url":"https:\/\/secure.gravatar.com\/avatar\/786f2a223d9a455e2a448f78b5dcc1117207ef56ef3d9a04df338c0f775cd403?s=96&d=mm&r=g","contentUrl":"https:\/\/secure.gravatar.com\/avatar\/786f2a223d9a455e2a448f78b5dcc1117207ef56ef3d9a04df338c0f775cd403?s=96&d=mm&r=g","caption":"Laura Salas Orcajada"},"url":"https:\/\/mula.es\/web\/author\/lsalas\/"}]}},"jetpack_publicize_connections":[],"jetpack_featured_media_url":"https:\/\/mula.es\/web\/wp-content\/uploads\/2024\/04\/Carpas-para-San-Isidro-2024-1.jpg","jetpack_sharing_enabled":true,"jetpack_shortlink":"https:\/\/wp.me\/pa9DMY-dV2","jetpack-related-posts":[],"_links":{"self":[{"href":"https:\/\/mula.es\/web\/wp-json\/wp\/v2\/posts\/53508","targetHints":{"allow":["GET"]}}],"collection":[{"href":"https:\/\/mula.es\/web\/wp-json\/wp\/v2\/posts"}],"about":[{"href":"https:\/\/mula.es\/web\/wp-json\/wp\/v2\/types\/post"}],"author":[{"embeddable":true,"href":"https:\/\/mula.es\/web\/wp-json\/wp\/v2\/users\/13"}],"replies":[{"embeddable":true,"href":"https:\/\/mula.es\/web\/wp-json\/wp\/v2\/comments?post=53508"}],"version-history":[{"count":5,"href":"https:\/\/mula.es\/web\/wp-json\/wp\/v2\/posts\/53508\/revisions"}],"predecessor-version":[{"id":53663,"href":"https:\/\/mula.es\/web\/wp-json\/wp\/v2\/posts\/53508\/revisions\/53663"}],"wp:featuredmedia":[{"embeddable":true,"href":"https:\/\/mula.es\/web\/wp-json\/wp\/v2\/media\/53580"}],"wp:attachment":[{"href":"https:\/\/mula.es\/web\/wp-json\/wp\/v2\/media?parent=53508"}],"wp:term":[{"taxonomy":"category","embeddable":true,"href":"https:\/\/mula.es\/web\/wp-json\/wp\/v2\/categories?post=53508"},{"taxonomy":"post_tag","embeddable":true,"href":"https:\/\/mula.es\/web\/wp-json\/wp\/v2\/tags?post=53508"}],"curies":[{"name":"wp","href":"https:\/\/api.w.org\/{rel}","templated":true}]}}