{"id":53517,"date":"2024-04-24T18:00:47","date_gmt":"2024-04-24T16:00:47","guid":{"rendered":"https:\/\/mula.es\/web\/?p=53517"},"modified":"2024-04-24T16:44:04","modified_gmt":"2024-04-24T14:44:04","slug":"turismo-el-ayuntamiento-de-mula-celebra-la-primera-edicion-de-los-premios-mulaflor-coincidiendo-con-el-inicio-de-la-ii-feria-agricola","status":"publish","type":"post","link":"https:\/\/mula.es\/web\/turismo-el-ayuntamiento-de-mula-celebra-la-primera-edicion-de-los-premios-mulaflor-coincidiendo-con-el-inicio-de-la-ii-feria-agricola\/","title":{"rendered":"TURISMO | El Ayuntamiento de Mula celebra la primera edici\u00f3n de los Premios MulaFlor coincidiendo con el inicio de la II Feria Agr\u00edcola"},"content":{"rendered":"<p>Tras inaugurar por la ma\u00f1ana la II Feria Agr\u00edcola, el Ayuntamiento de Mula har\u00e1 entrega de los Premios MulaFLor 2024, el pr\u00f3ximos viernes 26 de abril, a las 20 horas, en el Casino de la localidad. Se trata de una primera edici\u00f3n muy esperada que pone el broche de oro a la Fiesta del Almendro en Flor de Mula y que pretende convertirse en una cita anual de referencia.<\/p>\n<p>Los Premios MulaFlor nacen con el objetivo de reconocer la dedicaci\u00f3n, innovaci\u00f3n y contribuciones al desarrollo y la promoci\u00f3n de la localidad de mule\u00f1os y mule\u00f1as destacados en cuatro categor\u00edas distintas.<\/p>\n<p>El Premio Agricultor\/a del A\u00f1o, reconoce la labor de un agricultor o agricultora de Mula por su incansable trabajo, su dedicaci\u00f3n a uno de los grandes motores econ\u00f3micos de Mula y su valiosa aportaci\u00f3n al municipio. Este a\u00f1o recae en Raimunda del Ba\u00f1o Gonz\u00e1lez; el Premio Legado, destaca a aquellos mule\u00f1os o mule\u00f1as que llevan con orgullo su tierra fuera de la Regi\u00f3n de Murcia. En esta primera edici\u00f3n, es para el laureado ciclista Luis Le\u00f3n; el Premio Emprendimiento, distingue la aportaci\u00f3n de aquellos emprendedores que con su esfuerzo diario contribuyen al crecimiento econ\u00f3mico, cultural y tur\u00edstico del municipio. Se le entregar\u00e1 a Luisa Rubio Hern\u00e1ndez, propietaria de la Casa Coy; y, por \u00faltimo, el Premio Extraordinario es para Fundaci\u00f3n Camino de la Cruz, por su labor de mecenazgo en preservar la cultura, tradiciones y valores identitarios del territorio.<\/p>\n<p>Sin duda, una noche de celebraci\u00f3n y reconocimiento para todos los mule\u00f1os.<\/p>\n","protected":false},"excerpt":{"rendered":"<p>Tras inaugurar por la ma\u00f1ana la II Feria Agr\u00edcola, el Ayuntamiento de Mula har\u00e1 entrega de los Premios MulaFLor 2024, el pr\u00f3ximos viernes 26 de abril, a las 20 horas, en el Casino de la localidad. Se trata de una primera edici\u00f3n muy esperada que pone el broche de oro a la Fiesta del Almendro  [&#8230;]<\/p>\n","protected":false},"author":13,"featured_media":53528,"comment_status":"closed","ping_status":"closed","sticky":false,"template":"","format":"standard","meta":{"jetpack_post_was_ever_published":false,"_jetpack_newsletter_access":"","_jetpack_dont_email_post_to_subs":false,"_jetpack_newsletter_tier_id":0,"_jetpack_memberships_contains_paywalled_content":false,"_jetpack_memberships_contains_paid_content":false,"footnotes":"","jetpack_publicize_message":"","jetpack_publicize_feature_enabled":true,"jetpack_social_post_already_shared":false,"jetpack_social_options":{"image_generator_settings":{"template":"highway","default_image_id":0,"font":"","enabled":false},"version":2}},"categories":[75],"tags":[],"class_list":["post-53517","post","type-post","status-publish","format-standard","has-post-thumbnail","hentry","category-turismo"],"yoast_head":"<!-- This site is optimized with the Yoast SEO plugin v27.5 - https:\/\/yoast.com\/product\/yoast-seo-wordpress\/ -->\n<title>El Ayuntamiento de Mula celebra la primera edici\u00f3n de los Premios MulaFlor coincidiendo con el inicio de la II Feria Agr\u00edcola<\/title>\n<meta name=\"description\" content=\"El Ayuntamiento de Mula celebra la primera edici\u00f3n de los Premios MulaFlor coincidiendo con el inicio de la II Feria Agr\u00edcola\" \/>\n<meta name=\"robots\" content=\"index, follow, max-snippet:-1, max-image-preview:large, max-video-preview:-1\" \/>\n<link rel=\"canonical\" href=\"https:\/\/mula.es\/web\/turismo-el-ayuntamiento-de-mula-celebra-la-primera-edicion-de-los-premios-mulaflor-coincidiendo-con-el-inicio-de-la-ii-feria-agricola\/\" \/>\n<meta property=\"og:locale\" content=\"es_ES\" \/>\n<meta property=\"og:type\" content=\"article\" \/>\n<meta property=\"og:title\" content=\"El Ayuntamiento de Mula celebra la primera edici\u00f3n de los Premios MulaFlor coincidiendo con el inicio de la II Feria Agr\u00edcola\" \/>\n<meta property=\"og:description\" content=\"El Ayuntamiento de Mula celebra la primera edici\u00f3n de los Premios MulaFlor coincidiendo con el inicio de la II Feria Agr\u00edcola\" \/>\n<meta property=\"og:url\" content=\"https:\/\/mula.es\/web\/turismo-el-ayuntamiento-de-mula-celebra-la-primera-edicion-de-los-premios-mulaflor-coincidiendo-con-el-inicio-de-la-ii-feria-agricola\/\" \/>\n<meta property=\"og:site_name\" content=\"Ayuntamiento de Mula\" \/>\n<meta property=\"article:published_time\" content=\"2024-04-24T16:00:47+00:00\" \/>\n<meta property=\"og:image\" content=\"https:\/\/i0.wp.com\/mula.es\/web\/wp-content\/uploads\/2024\/04\/PREMIOS-MULAFLOR.jpg?fit=1080%2C1080&ssl=1\" \/>\n\t<meta property=\"og:image:width\" content=\"1080\" \/>\n\t<meta property=\"og:image:height\" content=\"1080\" \/>\n\t<meta property=\"og:image:type\" content=\"image\/jpeg\" \/>\n<meta name=\"author\" content=\"Laura Salas Orcajada\" \/>\n<meta name=\"twitter:card\" content=\"summary_large_image\" \/>\n<meta name=\"twitter:creator\" content=\"@AyuntamientMula\" \/>\n<meta name=\"twitter:site\" content=\"@AyuntamientMula\" \/>\n<meta name=\"twitter:label1\" content=\"Escrito por\" \/>\n\t<meta name=\"twitter:data1\" content=\"Laura Salas Orcajada\" \/>\n\t<meta name=\"twitter:label2\" content=\"Tiempo de lectura\" \/>\n\t<meta name=\"twitter:data2\" content=\"2 minutos\" \/>\n<script type=\"application\/ld+json\" class=\"yoast-schema-graph\">{\"@context\":\"https:\\\/\\\/schema.org\",\"@graph\":[{\"@type\":\"Article\",\"@id\":\"https:\\\/\\\/mula.es\\\/web\\\/turismo-el-ayuntamiento-de-mula-celebra-la-primera-edicion-de-los-premios-mulaflor-coincidiendo-con-el-inicio-de-la-ii-feria-agricola\\\/#article\",\"isPartOf\":{\"@id\":\"https:\\\/\\\/mula.es\\\/web\\\/turismo-el-ayuntamiento-de-mula-celebra-la-primera-edicion-de-los-premios-mulaflor-coincidiendo-con-el-inicio-de-la-ii-feria-agricola\\\/\"},\"author\":{\"name\":\"Laura Salas Orcajada\",\"@id\":\"https:\\\/\\\/mula.es\\\/web\\\/#\\\/schema\\\/person\\\/4f10179bd364f40dceed361e61e4033f\"},\"headline\":\"TURISMO | El Ayuntamiento de Mula celebra la primera edici\u00f3n de los Premios MulaFlor coincidiendo con el inicio de la II Feria Agr\u00edcola\",\"datePublished\":\"2024-04-24T16:00:47+00:00\",\"mainEntityOfPage\":{\"@id\":\"https:\\\/\\\/mula.es\\\/web\\\/turismo-el-ayuntamiento-de-mula-celebra-la-primera-edicion-de-los-premios-mulaflor-coincidiendo-con-el-inicio-de-la-ii-feria-agricola\\\/\"},\"wordCount\":302,\"image\":{\"@id\":\"https:\\\/\\\/mula.es\\\/web\\\/turismo-el-ayuntamiento-de-mula-celebra-la-primera-edicion-de-los-premios-mulaflor-coincidiendo-con-el-inicio-de-la-ii-feria-agricola\\\/#primaryimage\"},\"thumbnailUrl\":\"https:\\\/\\\/mula.es\\\/web\\\/wp-content\\\/uploads\\\/2024\\\/04\\\/PREMIOS-MULAFLOR.jpg\",\"articleSection\":[\"turismo\"],\"inLanguage\":\"es\"},{\"@type\":\"WebPage\",\"@id\":\"https:\\\/\\\/mula.es\\\/web\\\/turismo-el-ayuntamiento-de-mula-celebra-la-primera-edicion-de-los-premios-mulaflor-coincidiendo-con-el-inicio-de-la-ii-feria-agricola\\\/\",\"url\":\"https:\\\/\\\/mula.es\\\/web\\\/turismo-el-ayuntamiento-de-mula-celebra-la-primera-edicion-de-los-premios-mulaflor-coincidiendo-con-el-inicio-de-la-ii-feria-agricola\\\/\",\"name\":\"El Ayuntamiento de Mula celebra la primera edici\u00f3n de los Premios MulaFlor coincidiendo con el inicio de la II Feria Agr\u00edcola\",\"isPartOf\":{\"@id\":\"https:\\\/\\\/mula.es\\\/web\\\/#website\"},\"primaryImageOfPage\":{\"@id\":\"https:\\\/\\\/mula.es\\\/web\\\/turismo-el-ayuntamiento-de-mula-celebra-la-primera-edicion-de-los-premios-mulaflor-coincidiendo-con-el-inicio-de-la-ii-feria-agricola\\\/#primaryimage\"},\"image\":{\"@id\":\"https:\\\/\\\/mula.es\\\/web\\\/turismo-el-ayuntamiento-de-mula-celebra-la-primera-edicion-de-los-premios-mulaflor-coincidiendo-con-el-inicio-de-la-ii-feria-agricola\\\/#primaryimage\"},\"thumbnailUrl\":\"https:\\\/\\\/mula.es\\\/web\\\/wp-content\\\/uploads\\\/2024\\\/04\\\/PREMIOS-MULAFLOR.jpg\",\"datePublished\":\"2024-04-24T16:00:47+00:00\",\"author\":{\"@id\":\"https:\\\/\\\/mula.es\\\/web\\\/#\\\/schema\\\/person\\\/4f10179bd364f40dceed361e61e4033f\"},\"description\":\"El Ayuntamiento de Mula celebra la primera edici\u00f3n de los Premios MulaFlor coincidiendo con el inicio de la II Feria Agr\u00edcola\",\"breadcrumb\":{\"@id\":\"https:\\\/\\\/mula.es\\\/web\\\/turismo-el-ayuntamiento-de-mula-celebra-la-primera-edicion-de-los-premios-mulaflor-coincidiendo-con-el-inicio-de-la-ii-feria-agricola\\\/#breadcrumb\"},\"inLanguage\":\"es\",\"potentialAction\":[{\"@type\":\"ReadAction\",\"target\":[\"https:\\\/\\\/mula.es\\\/web\\\/turismo-el-ayuntamiento-de-mula-celebra-la-primera-edicion-de-los-premios-mulaflor-coincidiendo-con-el-inicio-de-la-ii-feria-agricola\\\/\"]}]},{\"@type\":\"ImageObject\",\"inLanguage\":\"es\",\"@id\":\"https:\\\/\\\/mula.es\\\/web\\\/turismo-el-ayuntamiento-de-mula-celebra-la-primera-edicion-de-los-premios-mulaflor-coincidiendo-con-el-inicio-de-la-ii-feria-agricola\\\/#primaryimage\",\"url\":\"https:\\\/\\\/mula.es\\\/web\\\/wp-content\\\/uploads\\\/2024\\\/04\\\/PREMIOS-MULAFLOR.jpg\",\"contentUrl\":\"https:\\\/\\\/mula.es\\\/web\\\/wp-content\\\/uploads\\\/2024\\\/04\\\/PREMIOS-MULAFLOR.jpg\",\"width\":1080,\"height\":1080},{\"@type\":\"BreadcrumbList\",\"@id\":\"https:\\\/\\\/mula.es\\\/web\\\/turismo-el-ayuntamiento-de-mula-celebra-la-primera-edicion-de-los-premios-mulaflor-coincidiendo-con-el-inicio-de-la-ii-feria-agricola\\\/#breadcrumb\",\"itemListElement\":[{\"@type\":\"ListItem\",\"position\":1,\"name\":\"Portada\",\"item\":\"https:\\\/\\\/mula.es\\\/web\\\/\"},{\"@type\":\"ListItem\",\"position\":2,\"name\":\"TURISMO | El Ayuntamiento de Mula celebra la primera edici\u00f3n de los Premios MulaFlor coincidiendo con el inicio de la II Feria Agr\u00edcola\"}]},{\"@type\":\"WebSite\",\"@id\":\"https:\\\/\\\/mula.es\\\/web\\\/#website\",\"url\":\"https:\\\/\\\/mula.es\\\/web\\\/\",\"name\":\"Ayuntamiento de Mula\",\"description\":\"P\u00e1gina web del Ayuntamiento de Mula (Regi\u00f3n de Murcia)\",\"potentialAction\":[{\"@type\":\"SearchAction\",\"target\":{\"@type\":\"EntryPoint\",\"urlTemplate\":\"https:\\\/\\\/mula.es\\\/web\\\/?s={search_term_string}\"},\"query-input\":{\"@type\":\"PropertyValueSpecification\",\"valueRequired\":true,\"valueName\":\"search_term_string\"}}],\"inLanguage\":\"es\"},{\"@type\":\"Person\",\"@id\":\"https:\\\/\\\/mula.es\\\/web\\\/#\\\/schema\\\/person\\\/4f10179bd364f40dceed361e61e4033f\",\"name\":\"Laura Salas Orcajada\",\"image\":{\"@type\":\"ImageObject\",\"inLanguage\":\"es\",\"@id\":\"https:\\\/\\\/secure.gravatar.com\\\/avatar\\\/786f2a223d9a455e2a448f78b5dcc1117207ef56ef3d9a04df338c0f775cd403?s=96&d=mm&r=g\",\"url\":\"https:\\\/\\\/secure.gravatar.com\\\/avatar\\\/786f2a223d9a455e2a448f78b5dcc1117207ef56ef3d9a04df338c0f775cd403?s=96&d=mm&r=g\",\"contentUrl\":\"https:\\\/\\\/secure.gravatar.com\\\/avatar\\\/786f2a223d9a455e2a448f78b5dcc1117207ef56ef3d9a04df338c0f775cd403?s=96&d=mm&r=g\",\"caption\":\"Laura Salas Orcajada\"},\"url\":\"https:\\\/\\\/mula.es\\\/web\\\/author\\\/lsalas\\\/\"}]}<\/script>\n<!-- \/ Yoast SEO plugin. -->","yoast_head_json":{"title":"El Ayuntamiento de Mula celebra la primera edici\u00f3n de los Premios MulaFlor coincidiendo con el inicio de la II Feria Agr\u00edcola","description":"El Ayuntamiento de Mula celebra la primera edici\u00f3n de los Premios MulaFlor coincidiendo con el inicio de la II Feria Agr\u00edcola","robots":{"index":"index","follow":"follow","max-snippet":"max-snippet:-1","max-image-preview":"max-image-preview:large","max-video-preview":"max-video-preview:-1"},"canonical":"https:\/\/mula.es\/web\/turismo-el-ayuntamiento-de-mula-celebra-la-primera-edicion-de-los-premios-mulaflor-coincidiendo-con-el-inicio-de-la-ii-feria-agricola\/","og_locale":"es_ES","og_type":"article","og_title":"El Ayuntamiento de Mula celebra la primera edici\u00f3n de los Premios MulaFlor coincidiendo con el inicio de la II Feria Agr\u00edcola","og_description":"El Ayuntamiento de Mula celebra la primera edici\u00f3n de los Premios MulaFlor coincidiendo con el inicio de la II Feria Agr\u00edcola","og_url":"https:\/\/mula.es\/web\/turismo-el-ayuntamiento-de-mula-celebra-la-primera-edicion-de-los-premios-mulaflor-coincidiendo-con-el-inicio-de-la-ii-feria-agricola\/","og_site_name":"Ayuntamiento de Mula","article_published_time":"2024-04-24T16:00:47+00:00","og_image":[{"width":1080,"height":1080,"url":"https:\/\/i0.wp.com\/mula.es\/web\/wp-content\/uploads\/2024\/04\/PREMIOS-MULAFLOR.jpg?fit=1080%2C1080&ssl=1","type":"image\/jpeg"}],"author":"Laura Salas Orcajada","twitter_card":"summary_large_image","twitter_creator":"@AyuntamientMula","twitter_site":"@AyuntamientMula","twitter_misc":{"Escrito por":"Laura Salas Orcajada","Tiempo de lectura":"2 minutos"},"schema":{"@context":"https:\/\/schema.org","@graph":[{"@type":"Article","@id":"https:\/\/mula.es\/web\/turismo-el-ayuntamiento-de-mula-celebra-la-primera-edicion-de-los-premios-mulaflor-coincidiendo-con-el-inicio-de-la-ii-feria-agricola\/#article","isPartOf":{"@id":"https:\/\/mula.es\/web\/turismo-el-ayuntamiento-de-mula-celebra-la-primera-edicion-de-los-premios-mulaflor-coincidiendo-con-el-inicio-de-la-ii-feria-agricola\/"},"author":{"name":"Laura Salas Orcajada","@id":"https:\/\/mula.es\/web\/#\/schema\/person\/4f10179bd364f40dceed361e61e4033f"},"headline":"TURISMO | El Ayuntamiento de Mula celebra la primera edici\u00f3n de los Premios MulaFlor coincidiendo con el inicio de la II Feria Agr\u00edcola","datePublished":"2024-04-24T16:00:47+00:00","mainEntityOfPage":{"@id":"https:\/\/mula.es\/web\/turismo-el-ayuntamiento-de-mula-celebra-la-primera-edicion-de-los-premios-mulaflor-coincidiendo-con-el-inicio-de-la-ii-feria-agricola\/"},"wordCount":302,"image":{"@id":"https:\/\/mula.es\/web\/turismo-el-ayuntamiento-de-mula-celebra-la-primera-edicion-de-los-premios-mulaflor-coincidiendo-con-el-inicio-de-la-ii-feria-agricola\/#primaryimage"},"thumbnailUrl":"https:\/\/mula.es\/web\/wp-content\/uploads\/2024\/04\/PREMIOS-MULAFLOR.jpg","articleSection":["turismo"],"inLanguage":"es"},{"@type":"WebPage","@id":"https:\/\/mula.es\/web\/turismo-el-ayuntamiento-de-mula-celebra-la-primera-edicion-de-los-premios-mulaflor-coincidiendo-con-el-inicio-de-la-ii-feria-agricola\/","url":"https:\/\/mula.es\/web\/turismo-el-ayuntamiento-de-mula-celebra-la-primera-edicion-de-los-premios-mulaflor-coincidiendo-con-el-inicio-de-la-ii-feria-agricola\/","name":"El Ayuntamiento de Mula celebra la primera edici\u00f3n de los Premios MulaFlor coincidiendo con el inicio de la II Feria Agr\u00edcola","isPartOf":{"@id":"https:\/\/mula.es\/web\/#website"},"primaryImageOfPage":{"@id":"https:\/\/mula.es\/web\/turismo-el-ayuntamiento-de-mula-celebra-la-primera-edicion-de-los-premios-mulaflor-coincidiendo-con-el-inicio-de-la-ii-feria-agricola\/#primaryimage"},"image":{"@id":"https:\/\/mula.es\/web\/turismo-el-ayuntamiento-de-mula-celebra-la-primera-edicion-de-los-premios-mulaflor-coincidiendo-con-el-inicio-de-la-ii-feria-agricola\/#primaryimage"},"thumbnailUrl":"https:\/\/mula.es\/web\/wp-content\/uploads\/2024\/04\/PREMIOS-MULAFLOR.jpg","datePublished":"2024-04-24T16:00:47+00:00","author":{"@id":"https:\/\/mula.es\/web\/#\/schema\/person\/4f10179bd364f40dceed361e61e4033f"},"description":"El Ayuntamiento de Mula celebra la primera edici\u00f3n de los Premios MulaFlor coincidiendo con el inicio de la II Feria Agr\u00edcola","breadcrumb":{"@id":"https:\/\/mula.es\/web\/turismo-el-ayuntamiento-de-mula-celebra-la-primera-edicion-de-los-premios-mulaflor-coincidiendo-con-el-inicio-de-la-ii-feria-agricola\/#breadcrumb"},"inLanguage":"es","potentialAction":[{"@type":"ReadAction","target":["https:\/\/mula.es\/web\/turismo-el-ayuntamiento-de-mula-celebra-la-primera-edicion-de-los-premios-mulaflor-coincidiendo-con-el-inicio-de-la-ii-feria-agricola\/"]}]},{"@type":"ImageObject","inLanguage":"es","@id":"https:\/\/mula.es\/web\/turismo-el-ayuntamiento-de-mula-celebra-la-primera-edicion-de-los-premios-mulaflor-coincidiendo-con-el-inicio-de-la-ii-feria-agricola\/#primaryimage","url":"https:\/\/mula.es\/web\/wp-content\/uploads\/2024\/04\/PREMIOS-MULAFLOR.jpg","contentUrl":"https:\/\/mula.es\/web\/wp-content\/uploads\/2024\/04\/PREMIOS-MULAFLOR.jpg","width":1080,"height":1080},{"@type":"BreadcrumbList","@id":"https:\/\/mula.es\/web\/turismo-el-ayuntamiento-de-mula-celebra-la-primera-edicion-de-los-premios-mulaflor-coincidiendo-con-el-inicio-de-la-ii-feria-agricola\/#breadcrumb","itemListElement":[{"@type":"ListItem","position":1,"name":"Portada","item":"https:\/\/mula.es\/web\/"},{"@type":"ListItem","position":2,"name":"TURISMO | El Ayuntamiento de Mula celebra la primera edici\u00f3n de los Premios MulaFlor coincidiendo con el inicio de la II Feria Agr\u00edcola"}]},{"@type":"WebSite","@id":"https:\/\/mula.es\/web\/#website","url":"https:\/\/mula.es\/web\/","name":"Ayuntamiento de Mula","description":"P\u00e1gina web del Ayuntamiento de Mula (Regi\u00f3n de Murcia)","potentialAction":[{"@type":"SearchAction","target":{"@type":"EntryPoint","urlTemplate":"https:\/\/mula.es\/web\/?s={search_term_string}"},"query-input":{"@type":"PropertyValueSpecification","valueRequired":true,"valueName":"search_term_string"}}],"inLanguage":"es"},{"@type":"Person","@id":"https:\/\/mula.es\/web\/#\/schema\/person\/4f10179bd364f40dceed361e61e4033f","name":"Laura Salas Orcajada","image":{"@type":"ImageObject","inLanguage":"es","@id":"https:\/\/secure.gravatar.com\/avatar\/786f2a223d9a455e2a448f78b5dcc1117207ef56ef3d9a04df338c0f775cd403?s=96&d=mm&r=g","url":"https:\/\/secure.gravatar.com\/avatar\/786f2a223d9a455e2a448f78b5dcc1117207ef56ef3d9a04df338c0f775cd403?s=96&d=mm&r=g","contentUrl":"https:\/\/secure.gravatar.com\/avatar\/786f2a223d9a455e2a448f78b5dcc1117207ef56ef3d9a04df338c0f775cd403?s=96&d=mm&r=g","caption":"Laura Salas Orcajada"},"url":"https:\/\/mula.es\/web\/author\/lsalas\/"}]}},"jetpack_publicize_connections":[],"jetpack_featured_media_url":"https:\/\/mula.es\/web\/wp-content\/uploads\/2024\/04\/PREMIOS-MULAFLOR.jpg","jetpack_sharing_enabled":true,"jetpack_shortlink":"https:\/\/wp.me\/pa9DMY-dVb","jetpack-related-posts":[],"_links":{"self":[{"href":"https:\/\/mula.es\/web\/wp-json\/wp\/v2\/posts\/53517","targetHints":{"allow":["GET"]}}],"collection":[{"href":"https:\/\/mula.es\/web\/wp-json\/wp\/v2\/posts"}],"about":[{"href":"https:\/\/mula.es\/web\/wp-json\/wp\/v2\/types\/post"}],"author":[{"embeddable":true,"href":"https:\/\/mula.es\/web\/wp-json\/wp\/v2\/users\/13"}],"replies":[{"embeddable":true,"href":"https:\/\/mula.es\/web\/wp-json\/wp\/v2\/comments?post=53517"}],"version-history":[{"count":1,"href":"https:\/\/mula.es\/web\/wp-json\/wp\/v2\/posts\/53517\/revisions"}],"predecessor-version":[{"id":53519,"href":"https:\/\/mula.es\/web\/wp-json\/wp\/v2\/posts\/53517\/revisions\/53519"}],"wp:featuredmedia":[{"embeddable":true,"href":"https:\/\/mula.es\/web\/wp-json\/wp\/v2\/media\/53528"}],"wp:attachment":[{"href":"https:\/\/mula.es\/web\/wp-json\/wp\/v2\/media?parent=53517"}],"wp:term":[{"taxonomy":"category","embeddable":true,"href":"https:\/\/mula.es\/web\/wp-json\/wp\/v2\/categories?post=53517"},{"taxonomy":"post_tag","embeddable":true,"href":"https:\/\/mula.es\/web\/wp-json\/wp\/v2\/tags?post=53517"}],"curies":[{"name":"wp","href":"https:\/\/api.w.org\/{rel}","templated":true}]}}