{"id":53529,"date":"2024-04-24T19:53:50","date_gmt":"2024-04-24T17:53:50","guid":{"rendered":"https:\/\/mula.es\/web\/?p=53529"},"modified":"2024-04-24T19:53:50","modified_gmt":"2024-04-24T17:53:50","slug":"patrimonio-historico-el-museo-ciudad-de-mula-adquiere-una-destacada-obra-del-escultor-vicente-benedito","status":"publish","type":"post","link":"https:\/\/mula.es\/web\/patrimonio-historico-el-museo-ciudad-de-mula-adquiere-una-destacada-obra-del-escultor-vicente-benedito\/","title":{"rendered":"PATRIMONIO HIST\u00d3RICO | El Museo Ciudad de Mula adquiere una destacada obra  del escultor Vicente Benedito"},"content":{"rendered":"<p>El concejal de Cultura, Diego Boluda, ha anunciado hoy que la concejal\u00eda de Cultura y Patrimonio Hist\u00f3rico del Ayuntamiento de Mula ha recibido una generosa donaci\u00f3n de la Familia Valc\u00e1rcel y Mart\u00ednez de Miguel: una escultura realizada por el renombrado escultor valenciano Vicente Benedito.<\/p>\n<p>La obra, tallada en madera, retrata la figura de San Juan besando al Ni\u00f1o Jes\u00fas. Esta escultura, creada en 1944 por encargo de la familia, se une a la conocida talla del San Miguel Arc\u00e1ngel, tambi\u00e9n obra de Benedito, que preside el Altar Mayor de la iglesia hom\u00f3nima en la Plaza del Ayuntamiento, siendo una imagen emblem\u00e1tica de inter\u00e9s general.<\/p>\n<p>La donaci\u00f3n, realizada al Museo Ciudad de Mula por Bego\u00f1a Valc\u00e1rcel y Mart\u00ednez de Miguel en nombre de su familia, permite ahora la contemplaci\u00f3n de la escultura en la escalera del Convento de San Francisco, sede del museo.<\/p>\n<p>Seg\u00fan Bego\u00f1a, el modelo para la figura del Ni\u00f1o Jes\u00fas fue su hermana Mar\u00eda del Carmen, a quien la escultura est\u00e1 dedicada.<\/p>\n<p>El concejal de Cultura comentaba que <em>\u00absin duda, se trata de una obra de primer nivel de este escultor valenciano que viene a sumarse al San Miguel Arc\u00e1ngel que puede verse en la referida Iglesia y que enriquece el Patrimonio Hist\u00f3rico de nuestra localidad.\u00bb<\/em><\/p>\n<p>Asimismo, Diego Boluda, mostraba p\u00fablicamente en nombre del Ayuntamiento de Mula y del Museo Ciudad de Mula a Bego\u00f1a y a la Familia Valc\u00e1rcel y Mart\u00ednez de Miguel, la donaci\u00f3n de la escultura de San Juan. Un gesto generoso y que refleja la confianza de la familia en esta instituci\u00f3n cultural que supone nuestro Museo.<\/p>\n<p><a href=\"https:\/\/mula.es\/web\/wp-content\/uploads\/2024\/04\/1-13.jpg\"><img decoding=\"async\" data-attachment-id=\"53530\" data-permalink=\"https:\/\/mula.es\/web\/patrimonio-historico-el-museo-ciudad-de-mula-adquiere-una-destacada-obra-del-escultor-vicente-benedito\/1-13\/\" data-orig-file=\"https:\/\/mula.es\/web\/wp-content\/uploads\/2024\/04\/1-13.jpg\" data-orig-size=\"1080,1080\" data-comments-opened=\"0\" data-image-meta=\"{&quot;aperture&quot;:&quot;0&quot;,&quot;credit&quot;:&quot;&quot;,&quot;camera&quot;:&quot;&quot;,&quot;caption&quot;:&quot;&quot;,&quot;created_timestamp&quot;:&quot;0&quot;,&quot;copyright&quot;:&quot;&quot;,&quot;focal_length&quot;:&quot;0&quot;,&quot;iso&quot;:&quot;0&quot;,&quot;shutter_speed&quot;:&quot;0&quot;,&quot;title&quot;:&quot;&quot;,&quot;orientation&quot;:&quot;1&quot;}\" data-image-title=\"El Museo Ciudad de Mula adquiere una destacada obra  del escultor Vicente Benedito\" data-image-description=\"\" data-image-caption=\"\" data-large-file=\"https:\/\/mula.es\/web\/wp-content\/uploads\/2024\/04\/1-13-1024x1024.jpg\" class=\"alignnone size-medium wp-image-53530\" src=\"https:\/\/mula.es\/web\/wp-content\/uploads\/2024\/04\/1-13-300x300.jpg\" alt=\"\" width=\"300\" height=\"300\" srcset=\"https:\/\/mula.es\/web\/wp-content\/uploads\/2024\/04\/1-13-66x66.jpg 66w, https:\/\/mula.es\/web\/wp-content\/uploads\/2024\/04\/1-13-150x150.jpg 150w, https:\/\/mula.es\/web\/wp-content\/uploads\/2024\/04\/1-13-200x200.jpg 200w, https:\/\/mula.es\/web\/wp-content\/uploads\/2024\/04\/1-13-300x300.jpg 300w, https:\/\/mula.es\/web\/wp-content\/uploads\/2024\/04\/1-13-400x400.jpg 400w, https:\/\/mula.es\/web\/wp-content\/uploads\/2024\/04\/1-13-600x600.jpg 600w, https:\/\/mula.es\/web\/wp-content\/uploads\/2024\/04\/1-13-768x768.jpg 768w, https:\/\/mula.es\/web\/wp-content\/uploads\/2024\/04\/1-13-800x800.jpg 800w, https:\/\/mula.es\/web\/wp-content\/uploads\/2024\/04\/1-13-1024x1024.jpg 1024w, https:\/\/mula.es\/web\/wp-content\/uploads\/2024\/04\/1-13.jpg 1080w\" sizes=\"(max-width: 300px) 100vw, 300px\" \/><\/a><\/p>\n<p><a href=\"https:\/\/mula.es\/web\/wp-content\/uploads\/2024\/04\/2-12.jpg\"><img decoding=\"async\" data-attachment-id=\"53531\" data-permalink=\"https:\/\/mula.es\/web\/patrimonio-historico-el-museo-ciudad-de-mula-adquiere-una-destacada-obra-del-escultor-vicente-benedito\/2-11\/\" data-orig-file=\"https:\/\/mula.es\/web\/wp-content\/uploads\/2024\/04\/2-12.jpg\" data-orig-size=\"1080,1080\" data-comments-opened=\"0\" data-image-meta=\"{&quot;aperture&quot;:&quot;0&quot;,&quot;credit&quot;:&quot;&quot;,&quot;camera&quot;:&quot;&quot;,&quot;caption&quot;:&quot;&quot;,&quot;created_timestamp&quot;:&quot;0&quot;,&quot;copyright&quot;:&quot;&quot;,&quot;focal_length&quot;:&quot;0&quot;,&quot;iso&quot;:&quot;0&quot;,&quot;shutter_speed&quot;:&quot;0&quot;,&quot;title&quot;:&quot;&quot;,&quot;orientation&quot;:&quot;1&quot;}\" data-image-title=\"El Museo Ciudad de Mula adquiere una destacada obra  del escultor Vicente Benedito\" data-image-description=\"\" data-image-caption=\"\" data-large-file=\"https:\/\/mula.es\/web\/wp-content\/uploads\/2024\/04\/2-12-1024x1024.jpg\" class=\"size-medium wp-image-53531 alignleft\" src=\"https:\/\/mula.es\/web\/wp-content\/uploads\/2024\/04\/2-12-300x300.jpg\" alt=\"\" width=\"300\" height=\"300\" srcset=\"https:\/\/mula.es\/web\/wp-content\/uploads\/2024\/04\/2-12-66x66.jpg 66w, https:\/\/mula.es\/web\/wp-content\/uploads\/2024\/04\/2-12-150x150.jpg 150w, https:\/\/mula.es\/web\/wp-content\/uploads\/2024\/04\/2-12-200x200.jpg 200w, https:\/\/mula.es\/web\/wp-content\/uploads\/2024\/04\/2-12-300x300.jpg 300w, https:\/\/mula.es\/web\/wp-content\/uploads\/2024\/04\/2-12-400x400.jpg 400w, https:\/\/mula.es\/web\/wp-content\/uploads\/2024\/04\/2-12-600x600.jpg 600w, https:\/\/mula.es\/web\/wp-content\/uploads\/2024\/04\/2-12-768x768.jpg 768w, https:\/\/mula.es\/web\/wp-content\/uploads\/2024\/04\/2-12-800x800.jpg 800w, https:\/\/mula.es\/web\/wp-content\/uploads\/2024\/04\/2-12-1024x1024.jpg 1024w, https:\/\/mula.es\/web\/wp-content\/uploads\/2024\/04\/2-12.jpg 1080w\" sizes=\"(max-width: 300px) 100vw, 300px\" \/><\/a><\/p>\n<p>&nbsp;<\/p>\n<p>&nbsp;<\/p>\n<p>&nbsp;<\/p>\n<p>&nbsp;<\/p>\n<p>&nbsp;<\/p>\n<p>&nbsp;<\/p>\n<p>&nbsp;<\/p>\n<p><a href=\"https:\/\/mula.es\/web\/wp-content\/uploads\/2024\/04\/3-7.jpg\"><img decoding=\"async\" data-attachment-id=\"53532\" data-permalink=\"https:\/\/mula.es\/web\/patrimonio-historico-el-museo-ciudad-de-mula-adquiere-una-destacada-obra-del-escultor-vicente-benedito\/3-8\/\" data-orig-file=\"https:\/\/mula.es\/web\/wp-content\/uploads\/2024\/04\/3-7.jpg\" data-orig-size=\"1080,1080\" data-comments-opened=\"0\" data-image-meta=\"{&quot;aperture&quot;:&quot;0&quot;,&quot;credit&quot;:&quot;&quot;,&quot;camera&quot;:&quot;&quot;,&quot;caption&quot;:&quot;&quot;,&quot;created_timestamp&quot;:&quot;0&quot;,&quot;copyright&quot;:&quot;&quot;,&quot;focal_length&quot;:&quot;0&quot;,&quot;iso&quot;:&quot;0&quot;,&quot;shutter_speed&quot;:&quot;0&quot;,&quot;title&quot;:&quot;&quot;,&quot;orientation&quot;:&quot;1&quot;}\" data-image-title=\"El Museo Ciudad de Mula adquiere una destacada obra  del escultor Vicente Benedito\" data-image-description=\"\" data-image-caption=\"\" data-large-file=\"https:\/\/mula.es\/web\/wp-content\/uploads\/2024\/04\/3-7-1024x1024.jpg\" class=\"alignnone size-medium wp-image-53532\" src=\"https:\/\/mula.es\/web\/wp-content\/uploads\/2024\/04\/3-7-300x300.jpg\" alt=\"\" width=\"300\" height=\"300\" srcset=\"https:\/\/mula.es\/web\/wp-content\/uploads\/2024\/04\/3-7-66x66.jpg 66w, https:\/\/mula.es\/web\/wp-content\/uploads\/2024\/04\/3-7-150x150.jpg 150w, https:\/\/mula.es\/web\/wp-content\/uploads\/2024\/04\/3-7-200x200.jpg 200w, https:\/\/mula.es\/web\/wp-content\/uploads\/2024\/04\/3-7-300x300.jpg 300w, https:\/\/mula.es\/web\/wp-content\/uploads\/2024\/04\/3-7-400x400.jpg 400w, https:\/\/mula.es\/web\/wp-content\/uploads\/2024\/04\/3-7-600x600.jpg 600w, https:\/\/mula.es\/web\/wp-content\/uploads\/2024\/04\/3-7-768x768.jpg 768w, https:\/\/mula.es\/web\/wp-content\/uploads\/2024\/04\/3-7-800x800.jpg 800w, https:\/\/mula.es\/web\/wp-content\/uploads\/2024\/04\/3-7-1024x1024.jpg 1024w, https:\/\/mula.es\/web\/wp-content\/uploads\/2024\/04\/3-7.jpg 1080w\" sizes=\"(max-width: 300px) 100vw, 300px\" \/><\/a><\/p>\n","protected":false},"excerpt":{"rendered":"<p>El concejal de Cultura, Diego Boluda, ha anunciado hoy que la concejal\u00eda de Cultura y Patrimonio Hist\u00f3rico del Ayuntamiento de Mula ha recibido una generosa donaci\u00f3n de la Familia Valc\u00e1rcel y Mart\u00ednez de Miguel: una escultura realizada por el renombrado escultor valenciano Vicente Benedito. La obra, tallada en madera, retrata la figura de San Juan  [&#8230;]<\/p>\n","protected":false},"author":13,"featured_media":53530,"comment_status":"closed","ping_status":"closed","sticky":false,"template":"","format":"standard","meta":{"jetpack_post_was_ever_published":false,"_jetpack_newsletter_access":"","_jetpack_dont_email_post_to_subs":false,"_jetpack_newsletter_tier_id":0,"_jetpack_memberships_contains_paywalled_content":false,"_jetpack_memberships_contains_paid_content":false,"footnotes":"","jetpack_publicize_message":"","jetpack_publicize_feature_enabled":true,"jetpack_social_post_already_shared":false,"jetpack_social_options":{"image_generator_settings":{"template":"highway","default_image_id":0,"font":"","enabled":false},"version":2}},"categories":[357],"tags":[],"class_list":["post-53529","post","type-post","status-publish","format-standard","has-post-thumbnail","hentry","category-patrimonio-historico"],"yoast_head":"<!-- This site is optimized with the Yoast SEO plugin v27.5 - https:\/\/yoast.com\/product\/yoast-seo-wordpress\/ -->\n<title>PATRIMONIO | Adquirimos una obra del escultor Vicente Benedito<\/title>\n<meta name=\"description\" content=\"El Museo Ciudad de Mula adquiere una destacada obra del escultor Vicente Benedito.\" \/>\n<meta name=\"robots\" content=\"index, follow, max-snippet:-1, max-image-preview:large, max-video-preview:-1\" \/>\n<link rel=\"canonical\" href=\"https:\/\/mula.es\/web\/patrimonio-historico-el-museo-ciudad-de-mula-adquiere-una-destacada-obra-del-escultor-vicente-benedito\/\" \/>\n<meta property=\"og:locale\" content=\"es_ES\" \/>\n<meta property=\"og:type\" content=\"article\" \/>\n<meta property=\"og:title\" content=\"PATRIMONIO | Adquirimos una obra del escultor Vicente Benedito\" \/>\n<meta property=\"og:description\" content=\"El Museo Ciudad de Mula adquiere una destacada obra del escultor Vicente Benedito.\" \/>\n<meta property=\"og:url\" content=\"https:\/\/mula.es\/web\/patrimonio-historico-el-museo-ciudad-de-mula-adquiere-una-destacada-obra-del-escultor-vicente-benedito\/\" \/>\n<meta property=\"og:site_name\" content=\"Ayuntamiento de Mula\" \/>\n<meta property=\"article:published_time\" content=\"2024-04-24T17:53:50+00:00\" \/>\n<meta property=\"og:image\" content=\"https:\/\/mula.es\/web\/wp-content\/uploads\/2024\/04\/1-13.jpg\" \/>\n\t<meta property=\"og:image:width\" content=\"1080\" \/>\n\t<meta property=\"og:image:height\" content=\"1080\" \/>\n\t<meta property=\"og:image:type\" content=\"image\/jpeg\" \/>\n<meta name=\"author\" content=\"Laura Salas Orcajada\" \/>\n<meta name=\"twitter:card\" content=\"summary_large_image\" \/>\n<meta name=\"twitter:creator\" content=\"@AyuntamientMula\" \/>\n<meta name=\"twitter:site\" content=\"@AyuntamientMula\" \/>\n<meta name=\"twitter:label1\" content=\"Escrito por\" \/>\n\t<meta name=\"twitter:data1\" content=\"Laura Salas Orcajada\" \/>\n\t<meta name=\"twitter:label2\" content=\"Tiempo de lectura\" \/>\n\t<meta name=\"twitter:data2\" content=\"1 minuto\" \/>\n<script type=\"application\/ld+json\" class=\"yoast-schema-graph\">{\"@context\":\"https:\\\/\\\/schema.org\",\"@graph\":[{\"@type\":\"Article\",\"@id\":\"https:\\\/\\\/mula.es\\\/web\\\/patrimonio-historico-el-museo-ciudad-de-mula-adquiere-una-destacada-obra-del-escultor-vicente-benedito\\\/#article\",\"isPartOf\":{\"@id\":\"https:\\\/\\\/mula.es\\\/web\\\/patrimonio-historico-el-museo-ciudad-de-mula-adquiere-una-destacada-obra-del-escultor-vicente-benedito\\\/\"},\"author\":{\"name\":\"Laura Salas Orcajada\",\"@id\":\"https:\\\/\\\/mula.es\\\/web\\\/#\\\/schema\\\/person\\\/4f10179bd364f40dceed361e61e4033f\"},\"headline\":\"PATRIMONIO HIST\u00d3RICO | El Museo Ciudad de Mula adquiere una destacada obra del escultor Vicente Benedito\",\"datePublished\":\"2024-04-24T17:53:50+00:00\",\"mainEntityOfPage\":{\"@id\":\"https:\\\/\\\/mula.es\\\/web\\\/patrimonio-historico-el-museo-ciudad-de-mula-adquiere-una-destacada-obra-del-escultor-vicente-benedito\\\/\"},\"wordCount\":315,\"image\":{\"@id\":\"https:\\\/\\\/mula.es\\\/web\\\/patrimonio-historico-el-museo-ciudad-de-mula-adquiere-una-destacada-obra-del-escultor-vicente-benedito\\\/#primaryimage\"},\"thumbnailUrl\":\"https:\\\/\\\/mula.es\\\/web\\\/wp-content\\\/uploads\\\/2024\\\/04\\\/1-13.jpg\",\"articleSection\":[\"patrimonio hist\u00f3rico\"],\"inLanguage\":\"es\"},{\"@type\":\"WebPage\",\"@id\":\"https:\\\/\\\/mula.es\\\/web\\\/patrimonio-historico-el-museo-ciudad-de-mula-adquiere-una-destacada-obra-del-escultor-vicente-benedito\\\/\",\"url\":\"https:\\\/\\\/mula.es\\\/web\\\/patrimonio-historico-el-museo-ciudad-de-mula-adquiere-una-destacada-obra-del-escultor-vicente-benedito\\\/\",\"name\":\"PATRIMONIO | Adquirimos una obra del escultor Vicente Benedito\",\"isPartOf\":{\"@id\":\"https:\\\/\\\/mula.es\\\/web\\\/#website\"},\"primaryImageOfPage\":{\"@id\":\"https:\\\/\\\/mula.es\\\/web\\\/patrimonio-historico-el-museo-ciudad-de-mula-adquiere-una-destacada-obra-del-escultor-vicente-benedito\\\/#primaryimage\"},\"image\":{\"@id\":\"https:\\\/\\\/mula.es\\\/web\\\/patrimonio-historico-el-museo-ciudad-de-mula-adquiere-una-destacada-obra-del-escultor-vicente-benedito\\\/#primaryimage\"},\"thumbnailUrl\":\"https:\\\/\\\/mula.es\\\/web\\\/wp-content\\\/uploads\\\/2024\\\/04\\\/1-13.jpg\",\"datePublished\":\"2024-04-24T17:53:50+00:00\",\"author\":{\"@id\":\"https:\\\/\\\/mula.es\\\/web\\\/#\\\/schema\\\/person\\\/4f10179bd364f40dceed361e61e4033f\"},\"description\":\"El Museo Ciudad de Mula adquiere una destacada obra del escultor Vicente Benedito.\",\"breadcrumb\":{\"@id\":\"https:\\\/\\\/mula.es\\\/web\\\/patrimonio-historico-el-museo-ciudad-de-mula-adquiere-una-destacada-obra-del-escultor-vicente-benedito\\\/#breadcrumb\"},\"inLanguage\":\"es\",\"potentialAction\":[{\"@type\":\"ReadAction\",\"target\":[\"https:\\\/\\\/mula.es\\\/web\\\/patrimonio-historico-el-museo-ciudad-de-mula-adquiere-una-destacada-obra-del-escultor-vicente-benedito\\\/\"]}]},{\"@type\":\"ImageObject\",\"inLanguage\":\"es\",\"@id\":\"https:\\\/\\\/mula.es\\\/web\\\/patrimonio-historico-el-museo-ciudad-de-mula-adquiere-una-destacada-obra-del-escultor-vicente-benedito\\\/#primaryimage\",\"url\":\"https:\\\/\\\/mula.es\\\/web\\\/wp-content\\\/uploads\\\/2024\\\/04\\\/1-13.jpg\",\"contentUrl\":\"https:\\\/\\\/mula.es\\\/web\\\/wp-content\\\/uploads\\\/2024\\\/04\\\/1-13.jpg\",\"width\":1080,\"height\":1080},{\"@type\":\"BreadcrumbList\",\"@id\":\"https:\\\/\\\/mula.es\\\/web\\\/patrimonio-historico-el-museo-ciudad-de-mula-adquiere-una-destacada-obra-del-escultor-vicente-benedito\\\/#breadcrumb\",\"itemListElement\":[{\"@type\":\"ListItem\",\"position\":1,\"name\":\"Portada\",\"item\":\"https:\\\/\\\/mula.es\\\/web\\\/\"},{\"@type\":\"ListItem\",\"position\":2,\"name\":\"PATRIMONIO HIST\u00d3RICO | El Museo Ciudad de Mula adquiere una destacada obra del escultor Vicente Benedito\"}]},{\"@type\":\"WebSite\",\"@id\":\"https:\\\/\\\/mula.es\\\/web\\\/#website\",\"url\":\"https:\\\/\\\/mula.es\\\/web\\\/\",\"name\":\"Ayuntamiento de Mula\",\"description\":\"P\u00e1gina web del Ayuntamiento de Mula (Regi\u00f3n de Murcia)\",\"potentialAction\":[{\"@type\":\"SearchAction\",\"target\":{\"@type\":\"EntryPoint\",\"urlTemplate\":\"https:\\\/\\\/mula.es\\\/web\\\/?s={search_term_string}\"},\"query-input\":{\"@type\":\"PropertyValueSpecification\",\"valueRequired\":true,\"valueName\":\"search_term_string\"}}],\"inLanguage\":\"es\"},{\"@type\":\"Person\",\"@id\":\"https:\\\/\\\/mula.es\\\/web\\\/#\\\/schema\\\/person\\\/4f10179bd364f40dceed361e61e4033f\",\"name\":\"Laura Salas Orcajada\",\"image\":{\"@type\":\"ImageObject\",\"inLanguage\":\"es\",\"@id\":\"https:\\\/\\\/secure.gravatar.com\\\/avatar\\\/786f2a223d9a455e2a448f78b5dcc1117207ef56ef3d9a04df338c0f775cd403?s=96&d=mm&r=g\",\"url\":\"https:\\\/\\\/secure.gravatar.com\\\/avatar\\\/786f2a223d9a455e2a448f78b5dcc1117207ef56ef3d9a04df338c0f775cd403?s=96&d=mm&r=g\",\"contentUrl\":\"https:\\\/\\\/secure.gravatar.com\\\/avatar\\\/786f2a223d9a455e2a448f78b5dcc1117207ef56ef3d9a04df338c0f775cd403?s=96&d=mm&r=g\",\"caption\":\"Laura Salas Orcajada\"},\"url\":\"https:\\\/\\\/mula.es\\\/web\\\/author\\\/lsalas\\\/\"}]}<\/script>\n<!-- \/ Yoast SEO plugin. -->","yoast_head_json":{"title":"PATRIMONIO | Adquirimos una obra del escultor Vicente Benedito","description":"El Museo Ciudad de Mula adquiere una destacada obra del escultor Vicente Benedito.","robots":{"index":"index","follow":"follow","max-snippet":"max-snippet:-1","max-image-preview":"max-image-preview:large","max-video-preview":"max-video-preview:-1"},"canonical":"https:\/\/mula.es\/web\/patrimonio-historico-el-museo-ciudad-de-mula-adquiere-una-destacada-obra-del-escultor-vicente-benedito\/","og_locale":"es_ES","og_type":"article","og_title":"PATRIMONIO | Adquirimos una obra del escultor Vicente Benedito","og_description":"El Museo Ciudad de Mula adquiere una destacada obra del escultor Vicente Benedito.","og_url":"https:\/\/mula.es\/web\/patrimonio-historico-el-museo-ciudad-de-mula-adquiere-una-destacada-obra-del-escultor-vicente-benedito\/","og_site_name":"Ayuntamiento de Mula","article_published_time":"2024-04-24T17:53:50+00:00","og_image":[{"width":1080,"height":1080,"url":"https:\/\/mula.es\/web\/wp-content\/uploads\/2024\/04\/1-13.jpg","type":"image\/jpeg"}],"author":"Laura Salas Orcajada","twitter_card":"summary_large_image","twitter_creator":"@AyuntamientMula","twitter_site":"@AyuntamientMula","twitter_misc":{"Escrito por":"Laura Salas Orcajada","Tiempo de lectura":"1 minuto"},"schema":{"@context":"https:\/\/schema.org","@graph":[{"@type":"Article","@id":"https:\/\/mula.es\/web\/patrimonio-historico-el-museo-ciudad-de-mula-adquiere-una-destacada-obra-del-escultor-vicente-benedito\/#article","isPartOf":{"@id":"https:\/\/mula.es\/web\/patrimonio-historico-el-museo-ciudad-de-mula-adquiere-una-destacada-obra-del-escultor-vicente-benedito\/"},"author":{"name":"Laura Salas Orcajada","@id":"https:\/\/mula.es\/web\/#\/schema\/person\/4f10179bd364f40dceed361e61e4033f"},"headline":"PATRIMONIO HIST\u00d3RICO | El Museo Ciudad de Mula adquiere una destacada obra del escultor Vicente Benedito","datePublished":"2024-04-24T17:53:50+00:00","mainEntityOfPage":{"@id":"https:\/\/mula.es\/web\/patrimonio-historico-el-museo-ciudad-de-mula-adquiere-una-destacada-obra-del-escultor-vicente-benedito\/"},"wordCount":315,"image":{"@id":"https:\/\/mula.es\/web\/patrimonio-historico-el-museo-ciudad-de-mula-adquiere-una-destacada-obra-del-escultor-vicente-benedito\/#primaryimage"},"thumbnailUrl":"https:\/\/mula.es\/web\/wp-content\/uploads\/2024\/04\/1-13.jpg","articleSection":["patrimonio hist\u00f3rico"],"inLanguage":"es"},{"@type":"WebPage","@id":"https:\/\/mula.es\/web\/patrimonio-historico-el-museo-ciudad-de-mula-adquiere-una-destacada-obra-del-escultor-vicente-benedito\/","url":"https:\/\/mula.es\/web\/patrimonio-historico-el-museo-ciudad-de-mula-adquiere-una-destacada-obra-del-escultor-vicente-benedito\/","name":"PATRIMONIO | Adquirimos una obra del escultor Vicente Benedito","isPartOf":{"@id":"https:\/\/mula.es\/web\/#website"},"primaryImageOfPage":{"@id":"https:\/\/mula.es\/web\/patrimonio-historico-el-museo-ciudad-de-mula-adquiere-una-destacada-obra-del-escultor-vicente-benedito\/#primaryimage"},"image":{"@id":"https:\/\/mula.es\/web\/patrimonio-historico-el-museo-ciudad-de-mula-adquiere-una-destacada-obra-del-escultor-vicente-benedito\/#primaryimage"},"thumbnailUrl":"https:\/\/mula.es\/web\/wp-content\/uploads\/2024\/04\/1-13.jpg","datePublished":"2024-04-24T17:53:50+00:00","author":{"@id":"https:\/\/mula.es\/web\/#\/schema\/person\/4f10179bd364f40dceed361e61e4033f"},"description":"El Museo Ciudad de Mula adquiere una destacada obra del escultor Vicente Benedito.","breadcrumb":{"@id":"https:\/\/mula.es\/web\/patrimonio-historico-el-museo-ciudad-de-mula-adquiere-una-destacada-obra-del-escultor-vicente-benedito\/#breadcrumb"},"inLanguage":"es","potentialAction":[{"@type":"ReadAction","target":["https:\/\/mula.es\/web\/patrimonio-historico-el-museo-ciudad-de-mula-adquiere-una-destacada-obra-del-escultor-vicente-benedito\/"]}]},{"@type":"ImageObject","inLanguage":"es","@id":"https:\/\/mula.es\/web\/patrimonio-historico-el-museo-ciudad-de-mula-adquiere-una-destacada-obra-del-escultor-vicente-benedito\/#primaryimage","url":"https:\/\/mula.es\/web\/wp-content\/uploads\/2024\/04\/1-13.jpg","contentUrl":"https:\/\/mula.es\/web\/wp-content\/uploads\/2024\/04\/1-13.jpg","width":1080,"height":1080},{"@type":"BreadcrumbList","@id":"https:\/\/mula.es\/web\/patrimonio-historico-el-museo-ciudad-de-mula-adquiere-una-destacada-obra-del-escultor-vicente-benedito\/#breadcrumb","itemListElement":[{"@type":"ListItem","position":1,"name":"Portada","item":"https:\/\/mula.es\/web\/"},{"@type":"ListItem","position":2,"name":"PATRIMONIO HIST\u00d3RICO | El Museo Ciudad de Mula adquiere una destacada obra del escultor Vicente Benedito"}]},{"@type":"WebSite","@id":"https:\/\/mula.es\/web\/#website","url":"https:\/\/mula.es\/web\/","name":"Ayuntamiento de Mula","description":"P\u00e1gina web del Ayuntamiento de Mula (Regi\u00f3n de Murcia)","potentialAction":[{"@type":"SearchAction","target":{"@type":"EntryPoint","urlTemplate":"https:\/\/mula.es\/web\/?s={search_term_string}"},"query-input":{"@type":"PropertyValueSpecification","valueRequired":true,"valueName":"search_term_string"}}],"inLanguage":"es"},{"@type":"Person","@id":"https:\/\/mula.es\/web\/#\/schema\/person\/4f10179bd364f40dceed361e61e4033f","name":"Laura Salas Orcajada","image":{"@type":"ImageObject","inLanguage":"es","@id":"https:\/\/secure.gravatar.com\/avatar\/786f2a223d9a455e2a448f78b5dcc1117207ef56ef3d9a04df338c0f775cd403?s=96&d=mm&r=g","url":"https:\/\/secure.gravatar.com\/avatar\/786f2a223d9a455e2a448f78b5dcc1117207ef56ef3d9a04df338c0f775cd403?s=96&d=mm&r=g","contentUrl":"https:\/\/secure.gravatar.com\/avatar\/786f2a223d9a455e2a448f78b5dcc1117207ef56ef3d9a04df338c0f775cd403?s=96&d=mm&r=g","caption":"Laura Salas Orcajada"},"url":"https:\/\/mula.es\/web\/author\/lsalas\/"}]}},"jetpack_publicize_connections":[],"jetpack_featured_media_url":"https:\/\/mula.es\/web\/wp-content\/uploads\/2024\/04\/1-13.jpg","jetpack_sharing_enabled":true,"jetpack_shortlink":"https:\/\/wp.me\/pa9DMY-dVn","jetpack-related-posts":[],"_links":{"self":[{"href":"https:\/\/mula.es\/web\/wp-json\/wp\/v2\/posts\/53529","targetHints":{"allow":["GET"]}}],"collection":[{"href":"https:\/\/mula.es\/web\/wp-json\/wp\/v2\/posts"}],"about":[{"href":"https:\/\/mula.es\/web\/wp-json\/wp\/v2\/types\/post"}],"author":[{"embeddable":true,"href":"https:\/\/mula.es\/web\/wp-json\/wp\/v2\/users\/13"}],"replies":[{"embeddable":true,"href":"https:\/\/mula.es\/web\/wp-json\/wp\/v2\/comments?post=53529"}],"version-history":[{"count":1,"href":"https:\/\/mula.es\/web\/wp-json\/wp\/v2\/posts\/53529\/revisions"}],"predecessor-version":[{"id":53533,"href":"https:\/\/mula.es\/web\/wp-json\/wp\/v2\/posts\/53529\/revisions\/53533"}],"wp:featuredmedia":[{"embeddable":true,"href":"https:\/\/mula.es\/web\/wp-json\/wp\/v2\/media\/53530"}],"wp:attachment":[{"href":"https:\/\/mula.es\/web\/wp-json\/wp\/v2\/media?parent=53529"}],"wp:term":[{"taxonomy":"category","embeddable":true,"href":"https:\/\/mula.es\/web\/wp-json\/wp\/v2\/categories?post=53529"},{"taxonomy":"post_tag","embeddable":true,"href":"https:\/\/mula.es\/web\/wp-json\/wp\/v2\/tags?post=53529"}],"curies":[{"name":"wp","href":"https:\/\/api.w.org\/{rel}","templated":true}]}}