{"id":53669,"date":"2024-04-26T12:26:43","date_gmt":"2024-04-26T10:26:43","guid":{"rendered":"https:\/\/mula.es\/web\/?p=53669"},"modified":"2024-04-26T12:26:43","modified_gmt":"2024-04-26T10:26:43","slug":"sigue-en-directo-la-inauguracion-de-la-ii-feria-agricola-en-mula","status":"publish","type":"post","link":"https:\/\/mula.es\/web\/sigue-en-directo-la-inauguracion-de-la-ii-feria-agricola-en-mula\/","title":{"rendered":"Sigue en directo la inauguraci\u00f3n de la II Feria Agr\u00edcola en Mula"},"content":{"rendered":"<p>Sigue en directo la inauguraci\u00f3n de la II Feria Agr\u00edcola en Mula <strong><a href=\"https:\/\/youtube.com\/live\/b0snnIWAkvk?feature=share\">aqu\u00ed<\/a><\/strong>.<\/p>\n","protected":false},"excerpt":{"rendered":"<p>Sigue en directo la inauguraci\u00f3n de la II Feria Agr\u00edcola en Mula aqu\u00ed.<\/p>\n","protected":false},"author":13,"featured_media":53518,"comment_status":"closed","ping_status":"closed","sticky":false,"template":"","format":"standard","meta":{"jetpack_post_was_ever_published":false,"_jetpack_newsletter_access":"","_jetpack_dont_email_post_to_subs":false,"_jetpack_newsletter_tier_id":0,"_jetpack_memberships_contains_paywalled_content":false,"_jetpack_memberships_contains_paid_content":false,"footnotes":"","jetpack_publicize_message":"","jetpack_publicize_feature_enabled":true,"jetpack_social_post_already_shared":false,"jetpack_social_options":{"image_generator_settings":{"template":"highway","default_image_id":0,"font":"","enabled":false},"version":2}},"categories":[75],"tags":[],"class_list":["post-53669","post","type-post","status-publish","format-standard","has-post-thumbnail","hentry","category-turismo"],"yoast_head":"<!-- This site is optimized with the Yoast SEO plugin v27.5 - https:\/\/yoast.com\/product\/yoast-seo-wordpress\/ -->\n<title>Sigue en directo la inauguraci\u00f3n de la II Feria Agr\u00edcola en Mula - Ayuntamiento de Mula<\/title>\n<meta name=\"robots\" content=\"index, follow, max-snippet:-1, max-image-preview:large, max-video-preview:-1\" \/>\n<link rel=\"canonical\" href=\"https:\/\/mula.es\/web\/sigue-en-directo-la-inauguracion-de-la-ii-feria-agricola-en-mula\/\" \/>\n<meta property=\"og:locale\" content=\"es_ES\" \/>\n<meta property=\"og:type\" content=\"article\" \/>\n<meta property=\"og:title\" content=\"Sigue en directo la inauguraci\u00f3n de la II Feria Agr\u00edcola en Mula - Ayuntamiento de Mula\" \/>\n<meta property=\"og:description\" content=\"Sigue en directo la inauguraci\u00f3n de la II Feria Agr\u00edcola en Mula aqu\u00ed.\" \/>\n<meta property=\"og:url\" content=\"https:\/\/mula.es\/web\/sigue-en-directo-la-inauguracion-de-la-ii-feria-agricola-en-mula\/\" \/>\n<meta property=\"og:site_name\" content=\"Ayuntamiento de Mula\" \/>\n<meta property=\"article:published_time\" content=\"2024-04-26T10:26:43+00:00\" \/>\n<meta property=\"og:image\" content=\"https:\/\/mula.es\/web\/wp-content\/uploads\/2024\/04\/POST-INAUGURACION-FERIA-AGRICOLA-scaled.jpg\" \/>\n\t<meta property=\"og:image:width\" content=\"2560\" \/>\n\t<meta property=\"og:image:height\" content=\"2560\" \/>\n\t<meta property=\"og:image:type\" content=\"image\/jpeg\" \/>\n<meta name=\"author\" content=\"Laura Salas Orcajada\" \/>\n<meta name=\"twitter:card\" content=\"summary_large_image\" \/>\n<meta name=\"twitter:creator\" content=\"@AyuntamientMula\" \/>\n<meta name=\"twitter:site\" content=\"@AyuntamientMula\" \/>\n<meta name=\"twitter:label1\" content=\"Escrito por\" \/>\n\t<meta name=\"twitter:data1\" content=\"Laura Salas Orcajada\" \/>\n\t<meta name=\"twitter:label2\" content=\"Tiempo de lectura\" \/>\n\t<meta name=\"twitter:data2\" content=\"1 minuto\" \/>\n<script type=\"application\/ld+json\" class=\"yoast-schema-graph\">{\"@context\":\"https:\\\/\\\/schema.org\",\"@graph\":[{\"@type\":\"Article\",\"@id\":\"https:\\\/\\\/mula.es\\\/web\\\/sigue-en-directo-la-inauguracion-de-la-ii-feria-agricola-en-mula\\\/#article\",\"isPartOf\":{\"@id\":\"https:\\\/\\\/mula.es\\\/web\\\/sigue-en-directo-la-inauguracion-de-la-ii-feria-agricola-en-mula\\\/\"},\"author\":{\"name\":\"Laura Salas Orcajada\",\"@id\":\"https:\\\/\\\/mula.es\\\/web\\\/#\\\/schema\\\/person\\\/4f10179bd364f40dceed361e61e4033f\"},\"headline\":\"Sigue en directo la inauguraci\u00f3n de la II Feria Agr\u00edcola en Mula\",\"datePublished\":\"2024-04-26T10:26:43+00:00\",\"mainEntityOfPage\":{\"@id\":\"https:\\\/\\\/mula.es\\\/web\\\/sigue-en-directo-la-inauguracion-de-la-ii-feria-agricola-en-mula\\\/\"},\"wordCount\":29,\"image\":{\"@id\":\"https:\\\/\\\/mula.es\\\/web\\\/sigue-en-directo-la-inauguracion-de-la-ii-feria-agricola-en-mula\\\/#primaryimage\"},\"thumbnailUrl\":\"https:\\\/\\\/mula.es\\\/web\\\/wp-content\\\/uploads\\\/2024\\\/04\\\/POST-INAUGURACION-FERIA-AGRICOLA-scaled.jpg\",\"articleSection\":[\"turismo\"],\"inLanguage\":\"es\"},{\"@type\":\"WebPage\",\"@id\":\"https:\\\/\\\/mula.es\\\/web\\\/sigue-en-directo-la-inauguracion-de-la-ii-feria-agricola-en-mula\\\/\",\"url\":\"https:\\\/\\\/mula.es\\\/web\\\/sigue-en-directo-la-inauguracion-de-la-ii-feria-agricola-en-mula\\\/\",\"name\":\"Sigue en directo la inauguraci\u00f3n de la II Feria Agr\u00edcola en Mula - Ayuntamiento de Mula\",\"isPartOf\":{\"@id\":\"https:\\\/\\\/mula.es\\\/web\\\/#website\"},\"primaryImageOfPage\":{\"@id\":\"https:\\\/\\\/mula.es\\\/web\\\/sigue-en-directo-la-inauguracion-de-la-ii-feria-agricola-en-mula\\\/#primaryimage\"},\"image\":{\"@id\":\"https:\\\/\\\/mula.es\\\/web\\\/sigue-en-directo-la-inauguracion-de-la-ii-feria-agricola-en-mula\\\/#primaryimage\"},\"thumbnailUrl\":\"https:\\\/\\\/mula.es\\\/web\\\/wp-content\\\/uploads\\\/2024\\\/04\\\/POST-INAUGURACION-FERIA-AGRICOLA-scaled.jpg\",\"datePublished\":\"2024-04-26T10:26:43+00:00\",\"author\":{\"@id\":\"https:\\\/\\\/mula.es\\\/web\\\/#\\\/schema\\\/person\\\/4f10179bd364f40dceed361e61e4033f\"},\"breadcrumb\":{\"@id\":\"https:\\\/\\\/mula.es\\\/web\\\/sigue-en-directo-la-inauguracion-de-la-ii-feria-agricola-en-mula\\\/#breadcrumb\"},\"inLanguage\":\"es\",\"potentialAction\":[{\"@type\":\"ReadAction\",\"target\":[\"https:\\\/\\\/mula.es\\\/web\\\/sigue-en-directo-la-inauguracion-de-la-ii-feria-agricola-en-mula\\\/\"]}]},{\"@type\":\"ImageObject\",\"inLanguage\":\"es\",\"@id\":\"https:\\\/\\\/mula.es\\\/web\\\/sigue-en-directo-la-inauguracion-de-la-ii-feria-agricola-en-mula\\\/#primaryimage\",\"url\":\"https:\\\/\\\/mula.es\\\/web\\\/wp-content\\\/uploads\\\/2024\\\/04\\\/POST-INAUGURACION-FERIA-AGRICOLA-scaled.jpg\",\"contentUrl\":\"https:\\\/\\\/mula.es\\\/web\\\/wp-content\\\/uploads\\\/2024\\\/04\\\/POST-INAUGURACION-FERIA-AGRICOLA-scaled.jpg\",\"width\":2560,\"height\":2560},{\"@type\":\"BreadcrumbList\",\"@id\":\"https:\\\/\\\/mula.es\\\/web\\\/sigue-en-directo-la-inauguracion-de-la-ii-feria-agricola-en-mula\\\/#breadcrumb\",\"itemListElement\":[{\"@type\":\"ListItem\",\"position\":1,\"name\":\"Portada\",\"item\":\"https:\\\/\\\/mula.es\\\/web\\\/\"},{\"@type\":\"ListItem\",\"position\":2,\"name\":\"Sigue en directo la inauguraci\u00f3n de la II Feria Agr\u00edcola en Mula\"}]},{\"@type\":\"WebSite\",\"@id\":\"https:\\\/\\\/mula.es\\\/web\\\/#website\",\"url\":\"https:\\\/\\\/mula.es\\\/web\\\/\",\"name\":\"Ayuntamiento de Mula\",\"description\":\"P\u00e1gina web del Ayuntamiento de Mula (Regi\u00f3n de Murcia)\",\"potentialAction\":[{\"@type\":\"SearchAction\",\"target\":{\"@type\":\"EntryPoint\",\"urlTemplate\":\"https:\\\/\\\/mula.es\\\/web\\\/?s={search_term_string}\"},\"query-input\":{\"@type\":\"PropertyValueSpecification\",\"valueRequired\":true,\"valueName\":\"search_term_string\"}}],\"inLanguage\":\"es\"},{\"@type\":\"Person\",\"@id\":\"https:\\\/\\\/mula.es\\\/web\\\/#\\\/schema\\\/person\\\/4f10179bd364f40dceed361e61e4033f\",\"name\":\"Laura Salas Orcajada\",\"image\":{\"@type\":\"ImageObject\",\"inLanguage\":\"es\",\"@id\":\"https:\\\/\\\/secure.gravatar.com\\\/avatar\\\/786f2a223d9a455e2a448f78b5dcc1117207ef56ef3d9a04df338c0f775cd403?s=96&d=mm&r=g\",\"url\":\"https:\\\/\\\/secure.gravatar.com\\\/avatar\\\/786f2a223d9a455e2a448f78b5dcc1117207ef56ef3d9a04df338c0f775cd403?s=96&d=mm&r=g\",\"contentUrl\":\"https:\\\/\\\/secure.gravatar.com\\\/avatar\\\/786f2a223d9a455e2a448f78b5dcc1117207ef56ef3d9a04df338c0f775cd403?s=96&d=mm&r=g\",\"caption\":\"Laura Salas Orcajada\"},\"url\":\"https:\\\/\\\/mula.es\\\/web\\\/author\\\/lsalas\\\/\"}]}<\/script>\n<!-- \/ Yoast SEO plugin. -->","yoast_head_json":{"title":"Sigue en directo la inauguraci\u00f3n de la II Feria Agr\u00edcola en Mula - Ayuntamiento de Mula","robots":{"index":"index","follow":"follow","max-snippet":"max-snippet:-1","max-image-preview":"max-image-preview:large","max-video-preview":"max-video-preview:-1"},"canonical":"https:\/\/mula.es\/web\/sigue-en-directo-la-inauguracion-de-la-ii-feria-agricola-en-mula\/","og_locale":"es_ES","og_type":"article","og_title":"Sigue en directo la inauguraci\u00f3n de la II Feria Agr\u00edcola en Mula - Ayuntamiento de Mula","og_description":"Sigue en directo la inauguraci\u00f3n de la II Feria Agr\u00edcola en Mula aqu\u00ed.","og_url":"https:\/\/mula.es\/web\/sigue-en-directo-la-inauguracion-de-la-ii-feria-agricola-en-mula\/","og_site_name":"Ayuntamiento de Mula","article_published_time":"2024-04-26T10:26:43+00:00","og_image":[{"width":2560,"height":2560,"url":"https:\/\/mula.es\/web\/wp-content\/uploads\/2024\/04\/POST-INAUGURACION-FERIA-AGRICOLA-scaled.jpg","type":"image\/jpeg"}],"author":"Laura Salas Orcajada","twitter_card":"summary_large_image","twitter_creator":"@AyuntamientMula","twitter_site":"@AyuntamientMula","twitter_misc":{"Escrito por":"Laura Salas Orcajada","Tiempo de lectura":"1 minuto"},"schema":{"@context":"https:\/\/schema.org","@graph":[{"@type":"Article","@id":"https:\/\/mula.es\/web\/sigue-en-directo-la-inauguracion-de-la-ii-feria-agricola-en-mula\/#article","isPartOf":{"@id":"https:\/\/mula.es\/web\/sigue-en-directo-la-inauguracion-de-la-ii-feria-agricola-en-mula\/"},"author":{"name":"Laura Salas Orcajada","@id":"https:\/\/mula.es\/web\/#\/schema\/person\/4f10179bd364f40dceed361e61e4033f"},"headline":"Sigue en directo la inauguraci\u00f3n de la II Feria Agr\u00edcola en Mula","datePublished":"2024-04-26T10:26:43+00:00","mainEntityOfPage":{"@id":"https:\/\/mula.es\/web\/sigue-en-directo-la-inauguracion-de-la-ii-feria-agricola-en-mula\/"},"wordCount":29,"image":{"@id":"https:\/\/mula.es\/web\/sigue-en-directo-la-inauguracion-de-la-ii-feria-agricola-en-mula\/#primaryimage"},"thumbnailUrl":"https:\/\/mula.es\/web\/wp-content\/uploads\/2024\/04\/POST-INAUGURACION-FERIA-AGRICOLA-scaled.jpg","articleSection":["turismo"],"inLanguage":"es"},{"@type":"WebPage","@id":"https:\/\/mula.es\/web\/sigue-en-directo-la-inauguracion-de-la-ii-feria-agricola-en-mula\/","url":"https:\/\/mula.es\/web\/sigue-en-directo-la-inauguracion-de-la-ii-feria-agricola-en-mula\/","name":"Sigue en directo la inauguraci\u00f3n de la II Feria Agr\u00edcola en Mula - Ayuntamiento de Mula","isPartOf":{"@id":"https:\/\/mula.es\/web\/#website"},"primaryImageOfPage":{"@id":"https:\/\/mula.es\/web\/sigue-en-directo-la-inauguracion-de-la-ii-feria-agricola-en-mula\/#primaryimage"},"image":{"@id":"https:\/\/mula.es\/web\/sigue-en-directo-la-inauguracion-de-la-ii-feria-agricola-en-mula\/#primaryimage"},"thumbnailUrl":"https:\/\/mula.es\/web\/wp-content\/uploads\/2024\/04\/POST-INAUGURACION-FERIA-AGRICOLA-scaled.jpg","datePublished":"2024-04-26T10:26:43+00:00","author":{"@id":"https:\/\/mula.es\/web\/#\/schema\/person\/4f10179bd364f40dceed361e61e4033f"},"breadcrumb":{"@id":"https:\/\/mula.es\/web\/sigue-en-directo-la-inauguracion-de-la-ii-feria-agricola-en-mula\/#breadcrumb"},"inLanguage":"es","potentialAction":[{"@type":"ReadAction","target":["https:\/\/mula.es\/web\/sigue-en-directo-la-inauguracion-de-la-ii-feria-agricola-en-mula\/"]}]},{"@type":"ImageObject","inLanguage":"es","@id":"https:\/\/mula.es\/web\/sigue-en-directo-la-inauguracion-de-la-ii-feria-agricola-en-mula\/#primaryimage","url":"https:\/\/mula.es\/web\/wp-content\/uploads\/2024\/04\/POST-INAUGURACION-FERIA-AGRICOLA-scaled.jpg","contentUrl":"https:\/\/mula.es\/web\/wp-content\/uploads\/2024\/04\/POST-INAUGURACION-FERIA-AGRICOLA-scaled.jpg","width":2560,"height":2560},{"@type":"BreadcrumbList","@id":"https:\/\/mula.es\/web\/sigue-en-directo-la-inauguracion-de-la-ii-feria-agricola-en-mula\/#breadcrumb","itemListElement":[{"@type":"ListItem","position":1,"name":"Portada","item":"https:\/\/mula.es\/web\/"},{"@type":"ListItem","position":2,"name":"Sigue en directo la inauguraci\u00f3n de la II Feria Agr\u00edcola en Mula"}]},{"@type":"WebSite","@id":"https:\/\/mula.es\/web\/#website","url":"https:\/\/mula.es\/web\/","name":"Ayuntamiento de Mula","description":"P\u00e1gina web del Ayuntamiento de Mula (Regi\u00f3n de Murcia)","potentialAction":[{"@type":"SearchAction","target":{"@type":"EntryPoint","urlTemplate":"https:\/\/mula.es\/web\/?s={search_term_string}"},"query-input":{"@type":"PropertyValueSpecification","valueRequired":true,"valueName":"search_term_string"}}],"inLanguage":"es"},{"@type":"Person","@id":"https:\/\/mula.es\/web\/#\/schema\/person\/4f10179bd364f40dceed361e61e4033f","name":"Laura Salas Orcajada","image":{"@type":"ImageObject","inLanguage":"es","@id":"https:\/\/secure.gravatar.com\/avatar\/786f2a223d9a455e2a448f78b5dcc1117207ef56ef3d9a04df338c0f775cd403?s=96&d=mm&r=g","url":"https:\/\/secure.gravatar.com\/avatar\/786f2a223d9a455e2a448f78b5dcc1117207ef56ef3d9a04df338c0f775cd403?s=96&d=mm&r=g","contentUrl":"https:\/\/secure.gravatar.com\/avatar\/786f2a223d9a455e2a448f78b5dcc1117207ef56ef3d9a04df338c0f775cd403?s=96&d=mm&r=g","caption":"Laura Salas Orcajada"},"url":"https:\/\/mula.es\/web\/author\/lsalas\/"}]}},"jetpack_publicize_connections":[],"jetpack_featured_media_url":"https:\/\/mula.es\/web\/wp-content\/uploads\/2024\/04\/POST-INAUGURACION-FERIA-AGRICOLA-scaled.jpg","jetpack_sharing_enabled":true,"jetpack_shortlink":"https:\/\/wp.me\/pa9DMY-dXD","jetpack-related-posts":[],"_links":{"self":[{"href":"https:\/\/mula.es\/web\/wp-json\/wp\/v2\/posts\/53669","targetHints":{"allow":["GET"]}}],"collection":[{"href":"https:\/\/mula.es\/web\/wp-json\/wp\/v2\/posts"}],"about":[{"href":"https:\/\/mula.es\/web\/wp-json\/wp\/v2\/types\/post"}],"author":[{"embeddable":true,"href":"https:\/\/mula.es\/web\/wp-json\/wp\/v2\/users\/13"}],"replies":[{"embeddable":true,"href":"https:\/\/mula.es\/web\/wp-json\/wp\/v2\/comments?post=53669"}],"version-history":[{"count":1,"href":"https:\/\/mula.es\/web\/wp-json\/wp\/v2\/posts\/53669\/revisions"}],"predecessor-version":[{"id":53670,"href":"https:\/\/mula.es\/web\/wp-json\/wp\/v2\/posts\/53669\/revisions\/53670"}],"wp:featuredmedia":[{"embeddable":true,"href":"https:\/\/mula.es\/web\/wp-json\/wp\/v2\/media\/53518"}],"wp:attachment":[{"href":"https:\/\/mula.es\/web\/wp-json\/wp\/v2\/media?parent=53669"}],"wp:term":[{"taxonomy":"category","embeddable":true,"href":"https:\/\/mula.es\/web\/wp-json\/wp\/v2\/categories?post=53669"},{"taxonomy":"post_tag","embeddable":true,"href":"https:\/\/mula.es\/web\/wp-json\/wp\/v2\/tags?post=53669"}],"curies":[{"name":"wp","href":"https:\/\/api.w.org\/{rel}","templated":true}]}}