{"id":53671,"date":"2024-04-26T20:57:48","date_gmt":"2024-04-26T18:57:48","guid":{"rendered":"https:\/\/mula.es\/web\/?p=53671"},"modified":"2024-04-26T20:57:48","modified_gmt":"2024-04-26T18:57:48","slug":"turismo-exito-rotundo-en-la-gala-de-los-premios-mulaflor-durante-la-ii-feria-agricola-de-mula","status":"publish","type":"post","link":"https:\/\/mula.es\/web\/turismo-exito-rotundo-en-la-gala-de-los-premios-mulaflor-durante-la-ii-feria-agricola-de-mula\/","title":{"rendered":"TURISMO | \u00c9xito rotundo en la Gala de los Premios MulaFlor durante la II Feria Agr\u00edcola de Mula"},"content":{"rendered":"<p>La Gala de los Premios MulaFlor, celebrada como parte de la II Feria Agr\u00edcola de Mula, ha concluido con un emocionante homenaje a la tradici\u00f3n, el compromiso y la excelencia en la ciudad de Mula. El evento, que tuvo lugar en el Casino de Mula, reuni\u00f3 a destacadas figuras del turismo y del mundo de la agricultura, para reconocer el esfuerzo y la dedicaci\u00f3n de aquellos que han contribuido al crecimiento y la promoci\u00f3n de la ciudad.<\/p>\n<p>En la gala no faltaron menciones especiales al almendro, pero tambi\u00e9n al toque dulce que pusieron a la noche los deliciosos dulces \u201cLos Mule\u00f1icos\u201d, quienes, a trav\u00e9s de la exclusiva receta de uno de los mejores pasteleros del mundo, Paco Torreblanca, consiguieron conquistar a quienes todav\u00eda no los hab\u00edan probado. Una delicia creada para poder saborear la historia, la cultura y la naturaleza de Mula.<\/p>\n<p>El director general del Instituto de Turismo de la Regi\u00f3n de Murcia, Juan Francisco Mart\u00ednez Carrasco, tom\u00f3 la palabra para destacar el impacto positivo de la fiesta de MulaFlor en la Regi\u00f3n de Murcia. Posteriormente, Micaela continu\u00f3 con el recorrido por los premiados, anunciando a los galardonados sin mencionar sus nombres.<\/p>\n<p>Los premiados fueron entregados por destacadas personalidades y empresas:<\/p>\n<p>&nbsp;<\/p>\n<ul>\n<li>Agricultora del A\u00f1o: Sergio Garc\u00eda Mart\u00ednez, director de Oficina Zona 3 de Mula, CAJARURAL CENTRAL, entreg\u00f3 el premio a Raimunda del Ba\u00f1o Gonz\u00e1lez, en reconocimiento a su dedicaci\u00f3n y colaboraci\u00f3n en el sector agr\u00edcola.<\/li>\n<li>Premio Legado: Juan Jes\u00fas Moreno, alcalde de Mula, entreg\u00f3 el premio a un representante de Luis Le\u00f3n S\u00e1nchez Gil, destacado ciclista profesional y embajador de Mula.<\/li>\n<li>Premio Emprendimiento: Patricio S\u00e1nchez, director general de Competitividad y Calidad Tur\u00edstica de la Regi\u00f3n de Murcia, entreg\u00f3 el premio a Luisa Rubio Hern\u00e1ndez, propietaria de La Casa de los Coy, por su valent\u00eda y visi\u00f3n empresarial.<\/li>\n<li>Premio Extraordinario: Antonio David Ruiz Morales, director de Comunicaci\u00f3n y Marketing Grupo Salzillo Global, entreg\u00f3 el premio a la Fundaci\u00f3n Camino de la Cruz, destacada por su apoyo al desarrollo cultural y tradicional de Mula.<\/li>\n<\/ul>\n<p>&nbsp;<\/p>\n<p>El evento culmin\u00f3 con un emotivo discurso del alcalde de Mula, quien agradeci\u00f3 la colaboraci\u00f3n de los patrocinadores y anim\u00f3 a todos los presentes a disfrutar de la degustaci\u00f3n ofrecida por los colaboradores, resaltando la calidad de los productos artesanales de Mula y la diversidad de estos.<\/p>\n<p>La Gala de los Premios MulaFlor ha sido un tributo vibrante a la cultura, la tradici\u00f3n y el compromiso de Mula, consolid\u00e1ndose como un evento emblem\u00e1tico dentro de la programaci\u00f3n de la II Feria Agr\u00edcola.<\/p>\n","protected":false},"excerpt":{"rendered":"<p>La Gala de los Premios MulaFlor, celebrada como parte de la II Feria Agr\u00edcola de Mula, ha concluido con un emocionante homenaje a la tradici\u00f3n, el compromiso y la excelencia en la ciudad de Mula. El evento, que tuvo lugar en el Casino de Mula, reuni\u00f3 a destacadas figuras del turismo y del mundo de  [&#8230;]<\/p>\n","protected":false},"author":13,"featured_media":53672,"comment_status":"closed","ping_status":"closed","sticky":false,"template":"","format":"standard","meta":{"jetpack_post_was_ever_published":false,"_jetpack_newsletter_access":"","_jetpack_dont_email_post_to_subs":false,"_jetpack_newsletter_tier_id":0,"_jetpack_memberships_contains_paywalled_content":false,"_jetpack_memberships_contains_paid_content":false,"footnotes":"","jetpack_publicize_message":"","jetpack_publicize_feature_enabled":true,"jetpack_social_post_already_shared":false,"jetpack_social_options":{"image_generator_settings":{"template":"highway","default_image_id":0,"font":"","enabled":false},"version":2}},"categories":[75],"tags":[],"class_list":["post-53671","post","type-post","status-publish","format-standard","has-post-thumbnail","hentry","category-turismo"],"yoast_head":"<!-- This site is optimized with the Yoast SEO plugin v27.5 - https:\/\/yoast.com\/product\/yoast-seo-wordpress\/ -->\n<title>TURISMO | \u00c9xito rotundo en la Gala de los Premios MulaFlor durante la II Feria Agr\u00edcola de Mula - Ayuntamiento de Mula<\/title>\n<meta name=\"description\" content=\"\u00c9xito Rotundo en la Gala de los Premios MulaFlor durante la II Feria Agr\u00edcola de Mula.\" \/>\n<meta name=\"robots\" content=\"index, follow, max-snippet:-1, max-image-preview:large, max-video-preview:-1\" \/>\n<link rel=\"canonical\" href=\"https:\/\/mula.es\/web\/turismo-exito-rotundo-en-la-gala-de-los-premios-mulaflor-durante-la-ii-feria-agricola-de-mula\/\" \/>\n<meta property=\"og:locale\" content=\"es_ES\" \/>\n<meta property=\"og:type\" content=\"article\" \/>\n<meta property=\"og:title\" content=\"TURISMO | \u00c9xito rotundo en la Gala de los Premios MulaFlor durante la II Feria Agr\u00edcola de Mula - Ayuntamiento de Mula\" \/>\n<meta property=\"og:description\" content=\"\u00c9xito Rotundo en la Gala de los Premios MulaFlor durante la II Feria Agr\u00edcola de Mula.\" \/>\n<meta property=\"og:url\" content=\"https:\/\/mula.es\/web\/turismo-exito-rotundo-en-la-gala-de-los-premios-mulaflor-durante-la-ii-feria-agricola-de-mula\/\" \/>\n<meta property=\"og:site_name\" content=\"Ayuntamiento de Mula\" \/>\n<meta property=\"article:published_time\" content=\"2024-04-26T18:57:48+00:00\" \/>\n<meta property=\"og:image\" content=\"https:\/\/mula.es\/web\/wp-content\/uploads\/2024\/04\/3-8.jpg\" \/>\n\t<meta property=\"og:image:width\" content=\"1080\" \/>\n\t<meta property=\"og:image:height\" content=\"1080\" \/>\n\t<meta property=\"og:image:type\" content=\"image\/jpeg\" \/>\n<meta name=\"author\" content=\"Laura Salas Orcajada\" \/>\n<meta name=\"twitter:card\" content=\"summary_large_image\" \/>\n<meta name=\"twitter:creator\" content=\"@AyuntamientMula\" \/>\n<meta name=\"twitter:site\" content=\"@AyuntamientMula\" \/>\n<meta name=\"twitter:label1\" content=\"Escrito por\" \/>\n\t<meta name=\"twitter:data1\" content=\"Laura Salas Orcajada\" \/>\n\t<meta name=\"twitter:label2\" content=\"Tiempo de lectura\" \/>\n\t<meta name=\"twitter:data2\" content=\"1 minuto\" \/>\n<script type=\"application\/ld+json\" class=\"yoast-schema-graph\">{\"@context\":\"https:\\\/\\\/schema.org\",\"@graph\":[{\"@type\":\"Article\",\"@id\":\"https:\\\/\\\/mula.es\\\/web\\\/turismo-exito-rotundo-en-la-gala-de-los-premios-mulaflor-durante-la-ii-feria-agricola-de-mula\\\/#article\",\"isPartOf\":{\"@id\":\"https:\\\/\\\/mula.es\\\/web\\\/turismo-exito-rotundo-en-la-gala-de-los-premios-mulaflor-durante-la-ii-feria-agricola-de-mula\\\/\"},\"author\":{\"name\":\"Laura Salas Orcajada\",\"@id\":\"https:\\\/\\\/mula.es\\\/web\\\/#\\\/schema\\\/person\\\/4f10179bd364f40dceed361e61e4033f\"},\"headline\":\"TURISMO | \u00c9xito rotundo en la Gala de los Premios MulaFlor durante la II Feria Agr\u00edcola de Mula\",\"datePublished\":\"2024-04-26T18:57:48+00:00\",\"mainEntityOfPage\":{\"@id\":\"https:\\\/\\\/mula.es\\\/web\\\/turismo-exito-rotundo-en-la-gala-de-los-premios-mulaflor-durante-la-ii-feria-agricola-de-mula\\\/\"},\"wordCount\":472,\"image\":{\"@id\":\"https:\\\/\\\/mula.es\\\/web\\\/turismo-exito-rotundo-en-la-gala-de-los-premios-mulaflor-durante-la-ii-feria-agricola-de-mula\\\/#primaryimage\"},\"thumbnailUrl\":\"https:\\\/\\\/mula.es\\\/web\\\/wp-content\\\/uploads\\\/2024\\\/04\\\/3-8.jpg\",\"articleSection\":[\"turismo\"],\"inLanguage\":\"es\"},{\"@type\":\"WebPage\",\"@id\":\"https:\\\/\\\/mula.es\\\/web\\\/turismo-exito-rotundo-en-la-gala-de-los-premios-mulaflor-durante-la-ii-feria-agricola-de-mula\\\/\",\"url\":\"https:\\\/\\\/mula.es\\\/web\\\/turismo-exito-rotundo-en-la-gala-de-los-premios-mulaflor-durante-la-ii-feria-agricola-de-mula\\\/\",\"name\":\"TURISMO | \u00c9xito rotundo en la Gala de los Premios MulaFlor durante la II Feria Agr\u00edcola de Mula - Ayuntamiento de Mula\",\"isPartOf\":{\"@id\":\"https:\\\/\\\/mula.es\\\/web\\\/#website\"},\"primaryImageOfPage\":{\"@id\":\"https:\\\/\\\/mula.es\\\/web\\\/turismo-exito-rotundo-en-la-gala-de-los-premios-mulaflor-durante-la-ii-feria-agricola-de-mula\\\/#primaryimage\"},\"image\":{\"@id\":\"https:\\\/\\\/mula.es\\\/web\\\/turismo-exito-rotundo-en-la-gala-de-los-premios-mulaflor-durante-la-ii-feria-agricola-de-mula\\\/#primaryimage\"},\"thumbnailUrl\":\"https:\\\/\\\/mula.es\\\/web\\\/wp-content\\\/uploads\\\/2024\\\/04\\\/3-8.jpg\",\"datePublished\":\"2024-04-26T18:57:48+00:00\",\"author\":{\"@id\":\"https:\\\/\\\/mula.es\\\/web\\\/#\\\/schema\\\/person\\\/4f10179bd364f40dceed361e61e4033f\"},\"description\":\"\u00c9xito Rotundo en la Gala de los Premios MulaFlor durante la II Feria Agr\u00edcola de Mula.\",\"breadcrumb\":{\"@id\":\"https:\\\/\\\/mula.es\\\/web\\\/turismo-exito-rotundo-en-la-gala-de-los-premios-mulaflor-durante-la-ii-feria-agricola-de-mula\\\/#breadcrumb\"},\"inLanguage\":\"es\",\"potentialAction\":[{\"@type\":\"ReadAction\",\"target\":[\"https:\\\/\\\/mula.es\\\/web\\\/turismo-exito-rotundo-en-la-gala-de-los-premios-mulaflor-durante-la-ii-feria-agricola-de-mula\\\/\"]}]},{\"@type\":\"ImageObject\",\"inLanguage\":\"es\",\"@id\":\"https:\\\/\\\/mula.es\\\/web\\\/turismo-exito-rotundo-en-la-gala-de-los-premios-mulaflor-durante-la-ii-feria-agricola-de-mula\\\/#primaryimage\",\"url\":\"https:\\\/\\\/mula.es\\\/web\\\/wp-content\\\/uploads\\\/2024\\\/04\\\/3-8.jpg\",\"contentUrl\":\"https:\\\/\\\/mula.es\\\/web\\\/wp-content\\\/uploads\\\/2024\\\/04\\\/3-8.jpg\",\"width\":1080,\"height\":1080},{\"@type\":\"BreadcrumbList\",\"@id\":\"https:\\\/\\\/mula.es\\\/web\\\/turismo-exito-rotundo-en-la-gala-de-los-premios-mulaflor-durante-la-ii-feria-agricola-de-mula\\\/#breadcrumb\",\"itemListElement\":[{\"@type\":\"ListItem\",\"position\":1,\"name\":\"Portada\",\"item\":\"https:\\\/\\\/mula.es\\\/web\\\/\"},{\"@type\":\"ListItem\",\"position\":2,\"name\":\"TURISMO | \u00c9xito rotundo en la Gala de los Premios MulaFlor durante la II Feria Agr\u00edcola de Mula\"}]},{\"@type\":\"WebSite\",\"@id\":\"https:\\\/\\\/mula.es\\\/web\\\/#website\",\"url\":\"https:\\\/\\\/mula.es\\\/web\\\/\",\"name\":\"Ayuntamiento de Mula\",\"description\":\"P\u00e1gina web del Ayuntamiento de Mula (Regi\u00f3n de Murcia)\",\"potentialAction\":[{\"@type\":\"SearchAction\",\"target\":{\"@type\":\"EntryPoint\",\"urlTemplate\":\"https:\\\/\\\/mula.es\\\/web\\\/?s={search_term_string}\"},\"query-input\":{\"@type\":\"PropertyValueSpecification\",\"valueRequired\":true,\"valueName\":\"search_term_string\"}}],\"inLanguage\":\"es\"},{\"@type\":\"Person\",\"@id\":\"https:\\\/\\\/mula.es\\\/web\\\/#\\\/schema\\\/person\\\/4f10179bd364f40dceed361e61e4033f\",\"name\":\"Laura Salas Orcajada\",\"image\":{\"@type\":\"ImageObject\",\"inLanguage\":\"es\",\"@id\":\"https:\\\/\\\/secure.gravatar.com\\\/avatar\\\/786f2a223d9a455e2a448f78b5dcc1117207ef56ef3d9a04df338c0f775cd403?s=96&d=mm&r=g\",\"url\":\"https:\\\/\\\/secure.gravatar.com\\\/avatar\\\/786f2a223d9a455e2a448f78b5dcc1117207ef56ef3d9a04df338c0f775cd403?s=96&d=mm&r=g\",\"contentUrl\":\"https:\\\/\\\/secure.gravatar.com\\\/avatar\\\/786f2a223d9a455e2a448f78b5dcc1117207ef56ef3d9a04df338c0f775cd403?s=96&d=mm&r=g\",\"caption\":\"Laura Salas Orcajada\"},\"url\":\"https:\\\/\\\/mula.es\\\/web\\\/author\\\/lsalas\\\/\"}]}<\/script>\n<!-- \/ Yoast SEO plugin. -->","yoast_head_json":{"title":"TURISMO | \u00c9xito rotundo en la Gala de los Premios MulaFlor durante la II Feria Agr\u00edcola de Mula - Ayuntamiento de Mula","description":"\u00c9xito Rotundo en la Gala de los Premios MulaFlor durante la II Feria Agr\u00edcola de Mula.","robots":{"index":"index","follow":"follow","max-snippet":"max-snippet:-1","max-image-preview":"max-image-preview:large","max-video-preview":"max-video-preview:-1"},"canonical":"https:\/\/mula.es\/web\/turismo-exito-rotundo-en-la-gala-de-los-premios-mulaflor-durante-la-ii-feria-agricola-de-mula\/","og_locale":"es_ES","og_type":"article","og_title":"TURISMO | \u00c9xito rotundo en la Gala de los Premios MulaFlor durante la II Feria Agr\u00edcola de Mula - Ayuntamiento de Mula","og_description":"\u00c9xito Rotundo en la Gala de los Premios MulaFlor durante la II Feria Agr\u00edcola de Mula.","og_url":"https:\/\/mula.es\/web\/turismo-exito-rotundo-en-la-gala-de-los-premios-mulaflor-durante-la-ii-feria-agricola-de-mula\/","og_site_name":"Ayuntamiento de Mula","article_published_time":"2024-04-26T18:57:48+00:00","og_image":[{"width":1080,"height":1080,"url":"https:\/\/mula.es\/web\/wp-content\/uploads\/2024\/04\/3-8.jpg","type":"image\/jpeg"}],"author":"Laura Salas Orcajada","twitter_card":"summary_large_image","twitter_creator":"@AyuntamientMula","twitter_site":"@AyuntamientMula","twitter_misc":{"Escrito por":"Laura Salas Orcajada","Tiempo de lectura":"1 minuto"},"schema":{"@context":"https:\/\/schema.org","@graph":[{"@type":"Article","@id":"https:\/\/mula.es\/web\/turismo-exito-rotundo-en-la-gala-de-los-premios-mulaflor-durante-la-ii-feria-agricola-de-mula\/#article","isPartOf":{"@id":"https:\/\/mula.es\/web\/turismo-exito-rotundo-en-la-gala-de-los-premios-mulaflor-durante-la-ii-feria-agricola-de-mula\/"},"author":{"name":"Laura Salas Orcajada","@id":"https:\/\/mula.es\/web\/#\/schema\/person\/4f10179bd364f40dceed361e61e4033f"},"headline":"TURISMO | \u00c9xito rotundo en la Gala de los Premios MulaFlor durante la II Feria Agr\u00edcola de Mula","datePublished":"2024-04-26T18:57:48+00:00","mainEntityOfPage":{"@id":"https:\/\/mula.es\/web\/turismo-exito-rotundo-en-la-gala-de-los-premios-mulaflor-durante-la-ii-feria-agricola-de-mula\/"},"wordCount":472,"image":{"@id":"https:\/\/mula.es\/web\/turismo-exito-rotundo-en-la-gala-de-los-premios-mulaflor-durante-la-ii-feria-agricola-de-mula\/#primaryimage"},"thumbnailUrl":"https:\/\/mula.es\/web\/wp-content\/uploads\/2024\/04\/3-8.jpg","articleSection":["turismo"],"inLanguage":"es"},{"@type":"WebPage","@id":"https:\/\/mula.es\/web\/turismo-exito-rotundo-en-la-gala-de-los-premios-mulaflor-durante-la-ii-feria-agricola-de-mula\/","url":"https:\/\/mula.es\/web\/turismo-exito-rotundo-en-la-gala-de-los-premios-mulaflor-durante-la-ii-feria-agricola-de-mula\/","name":"TURISMO | \u00c9xito rotundo en la Gala de los Premios MulaFlor durante la II Feria Agr\u00edcola de Mula - Ayuntamiento de Mula","isPartOf":{"@id":"https:\/\/mula.es\/web\/#website"},"primaryImageOfPage":{"@id":"https:\/\/mula.es\/web\/turismo-exito-rotundo-en-la-gala-de-los-premios-mulaflor-durante-la-ii-feria-agricola-de-mula\/#primaryimage"},"image":{"@id":"https:\/\/mula.es\/web\/turismo-exito-rotundo-en-la-gala-de-los-premios-mulaflor-durante-la-ii-feria-agricola-de-mula\/#primaryimage"},"thumbnailUrl":"https:\/\/mula.es\/web\/wp-content\/uploads\/2024\/04\/3-8.jpg","datePublished":"2024-04-26T18:57:48+00:00","author":{"@id":"https:\/\/mula.es\/web\/#\/schema\/person\/4f10179bd364f40dceed361e61e4033f"},"description":"\u00c9xito Rotundo en la Gala de los Premios MulaFlor durante la II Feria Agr\u00edcola de Mula.","breadcrumb":{"@id":"https:\/\/mula.es\/web\/turismo-exito-rotundo-en-la-gala-de-los-premios-mulaflor-durante-la-ii-feria-agricola-de-mula\/#breadcrumb"},"inLanguage":"es","potentialAction":[{"@type":"ReadAction","target":["https:\/\/mula.es\/web\/turismo-exito-rotundo-en-la-gala-de-los-premios-mulaflor-durante-la-ii-feria-agricola-de-mula\/"]}]},{"@type":"ImageObject","inLanguage":"es","@id":"https:\/\/mula.es\/web\/turismo-exito-rotundo-en-la-gala-de-los-premios-mulaflor-durante-la-ii-feria-agricola-de-mula\/#primaryimage","url":"https:\/\/mula.es\/web\/wp-content\/uploads\/2024\/04\/3-8.jpg","contentUrl":"https:\/\/mula.es\/web\/wp-content\/uploads\/2024\/04\/3-8.jpg","width":1080,"height":1080},{"@type":"BreadcrumbList","@id":"https:\/\/mula.es\/web\/turismo-exito-rotundo-en-la-gala-de-los-premios-mulaflor-durante-la-ii-feria-agricola-de-mula\/#breadcrumb","itemListElement":[{"@type":"ListItem","position":1,"name":"Portada","item":"https:\/\/mula.es\/web\/"},{"@type":"ListItem","position":2,"name":"TURISMO | \u00c9xito rotundo en la Gala de los Premios MulaFlor durante la II Feria Agr\u00edcola de Mula"}]},{"@type":"WebSite","@id":"https:\/\/mula.es\/web\/#website","url":"https:\/\/mula.es\/web\/","name":"Ayuntamiento de Mula","description":"P\u00e1gina web del Ayuntamiento de Mula (Regi\u00f3n de Murcia)","potentialAction":[{"@type":"SearchAction","target":{"@type":"EntryPoint","urlTemplate":"https:\/\/mula.es\/web\/?s={search_term_string}"},"query-input":{"@type":"PropertyValueSpecification","valueRequired":true,"valueName":"search_term_string"}}],"inLanguage":"es"},{"@type":"Person","@id":"https:\/\/mula.es\/web\/#\/schema\/person\/4f10179bd364f40dceed361e61e4033f","name":"Laura Salas Orcajada","image":{"@type":"ImageObject","inLanguage":"es","@id":"https:\/\/secure.gravatar.com\/avatar\/786f2a223d9a455e2a448f78b5dcc1117207ef56ef3d9a04df338c0f775cd403?s=96&d=mm&r=g","url":"https:\/\/secure.gravatar.com\/avatar\/786f2a223d9a455e2a448f78b5dcc1117207ef56ef3d9a04df338c0f775cd403?s=96&d=mm&r=g","contentUrl":"https:\/\/secure.gravatar.com\/avatar\/786f2a223d9a455e2a448f78b5dcc1117207ef56ef3d9a04df338c0f775cd403?s=96&d=mm&r=g","caption":"Laura Salas Orcajada"},"url":"https:\/\/mula.es\/web\/author\/lsalas\/"}]}},"jetpack_publicize_connections":[],"jetpack_featured_media_url":"https:\/\/mula.es\/web\/wp-content\/uploads\/2024\/04\/3-8.jpg","jetpack_sharing_enabled":true,"jetpack_shortlink":"https:\/\/wp.me\/pa9DMY-dXF","jetpack-related-posts":[],"_links":{"self":[{"href":"https:\/\/mula.es\/web\/wp-json\/wp\/v2\/posts\/53671","targetHints":{"allow":["GET"]}}],"collection":[{"href":"https:\/\/mula.es\/web\/wp-json\/wp\/v2\/posts"}],"about":[{"href":"https:\/\/mula.es\/web\/wp-json\/wp\/v2\/types\/post"}],"author":[{"embeddable":true,"href":"https:\/\/mula.es\/web\/wp-json\/wp\/v2\/users\/13"}],"replies":[{"embeddable":true,"href":"https:\/\/mula.es\/web\/wp-json\/wp\/v2\/comments?post=53671"}],"version-history":[{"count":1,"href":"https:\/\/mula.es\/web\/wp-json\/wp\/v2\/posts\/53671\/revisions"}],"predecessor-version":[{"id":53673,"href":"https:\/\/mula.es\/web\/wp-json\/wp\/v2\/posts\/53671\/revisions\/53673"}],"wp:featuredmedia":[{"embeddable":true,"href":"https:\/\/mula.es\/web\/wp-json\/wp\/v2\/media\/53672"}],"wp:attachment":[{"href":"https:\/\/mula.es\/web\/wp-json\/wp\/v2\/media?parent=53671"}],"wp:term":[{"taxonomy":"category","embeddable":true,"href":"https:\/\/mula.es\/web\/wp-json\/wp\/v2\/categories?post=53671"},{"taxonomy":"post_tag","embeddable":true,"href":"https:\/\/mula.es\/web\/wp-json\/wp\/v2\/tags?post=53671"}],"curies":[{"name":"wp","href":"https:\/\/api.w.org\/{rel}","templated":true}]}}