{"id":53678,"date":"2024-04-29T14:13:52","date_gmt":"2024-04-29T12:13:52","guid":{"rendered":"https:\/\/mula.es\/web\/?p=53678"},"modified":"2024-04-29T14:13:52","modified_gmt":"2024-04-29T12:13:52","slug":"turismo-la-ii-feria-agricola-de-mula-celebra-el-trabajo-de-sus-empresas","status":"publish","type":"post","link":"https:\/\/mula.es\/web\/turismo-la-ii-feria-agricola-de-mula-celebra-el-trabajo-de-sus-empresas\/","title":{"rendered":"TURISMO | La II Feria Agr\u00edcola de Mula celebra el trabajo de sus empresas"},"content":{"rendered":"<p>La II Feria Agr\u00edcola de Mula ha concluido con un rotundo \u00e9xito, consolid\u00e1ndose como un evento emblem\u00e1tico en la regi\u00f3n y un tributo vibrante al arduo trabajo de las empresas agr\u00edcola. Celebrada durante todo el fin de semana en el Parque Crist\u00f3bal Gabarr\u00f3n y la Gran V\u00eda, esta feria ha sido una oportunidad para reconocer y valorar la dedicaci\u00f3n de quienes contribuyen al desarrollo econ\u00f3mico y cultural de nuestro municipio.<\/p>\n<p>Con una amplia variedad de actividades para todos los asistentes, desde exposiciones de maquinaria agr\u00edcola y tractores antiguos hasta mercados de productos artesanales y visitas guiadas a lugares emblem\u00e1ticos de la regi\u00f3n, la II Feria Agr\u00edcola ha cautivado tanto a residentes como a visitantes.<\/p>\n<p>Juan Jes\u00fas Moreno, alcalde de Mula, afirm\u00f3: \u00abLa II Feria Agr\u00edcola es una oportunidad para reconocer y valorar el arduo trabajo de nuestras empresas agr\u00edcolas, quienes son fundamentales para el desarrollo econ\u00f3mico y cultural de nuestro municipio\u00bb.<\/p>\n<p>Por su parte, Alejandra Mart\u00ednez, concejal de Turismo de Mula, a\u00f1adi\u00f3: \u00abEste evento, que se ha consolidado como uno de los m\u00e1s destacados en el mundo de la agricultura, es una muestra de la importancia que tiene para la Regi\u00f3n de Murcia apoyar y promover nuestra industria agr\u00edcola\u00bb.<\/p>\n<p>Desde exposiciones innovadoras hasta actividades educativas, la II Feria Agr\u00edcola ha promovido la rica tradici\u00f3n agr\u00edcola de Mula y ha destacado su papel crucial en la identidad regional.<\/p>\n<p>Este evento ha sido posible gracias al esfuerzo conjunto de las empresas agr\u00edcolas, autoridades locales y colaboradores, quienes han trabajado incansablemente para ofrecer una experiencia inolvidable a todos los participantes.<\/p>\n","protected":false},"excerpt":{"rendered":"<p>La II Feria Agr\u00edcola de Mula ha concluido con un rotundo \u00e9xito, consolid\u00e1ndose como un evento emblem\u00e1tico en la regi\u00f3n y un tributo vibrante al arduo trabajo de las empresas agr\u00edcola. Celebrada durante todo el fin de semana en el Parque Crist\u00f3bal Gabarr\u00f3n y la Gran V\u00eda, esta feria ha sido una oportunidad para reconocer  [&#8230;]<\/p>\n","protected":false},"author":13,"featured_media":53680,"comment_status":"closed","ping_status":"closed","sticky":false,"template":"","format":"standard","meta":{"jetpack_post_was_ever_published":false,"_jetpack_newsletter_access":"","_jetpack_dont_email_post_to_subs":false,"_jetpack_newsletter_tier_id":0,"_jetpack_memberships_contains_paywalled_content":false,"_jetpack_memberships_contains_paid_content":false,"footnotes":"","jetpack_publicize_message":"","jetpack_publicize_feature_enabled":true,"jetpack_social_post_already_shared":false,"jetpack_social_options":{"image_generator_settings":{"template":"highway","default_image_id":0,"font":"","enabled":false},"version":2}},"categories":[75],"tags":[],"class_list":["post-53678","post","type-post","status-publish","format-standard","has-post-thumbnail","hentry","category-turismo"],"yoast_head":"<!-- This site is optimized with the Yoast SEO plugin v27.5 - https:\/\/yoast.com\/product\/yoast-seo-wordpress\/ -->\n<title>TURISMO | La II Feria Agr\u00edcola de Mula celebra el trabajo de sus empresas - Ayuntamiento de Mula<\/title>\n<meta name=\"description\" content=\"La II Feria Agr\u00edcola de Mula celebra el trabajo de las empresas agr\u00edcolas\" \/>\n<meta name=\"robots\" content=\"index, follow, max-snippet:-1, max-image-preview:large, max-video-preview:-1\" \/>\n<link rel=\"canonical\" href=\"https:\/\/mula.es\/web\/turismo-la-ii-feria-agricola-de-mula-celebra-el-trabajo-de-sus-empresas\/\" \/>\n<meta property=\"og:locale\" content=\"es_ES\" \/>\n<meta property=\"og:type\" content=\"article\" \/>\n<meta property=\"og:title\" content=\"TURISMO | La II Feria Agr\u00edcola de Mula celebra el trabajo de sus empresas - Ayuntamiento de Mula\" \/>\n<meta property=\"og:description\" content=\"La II Feria Agr\u00edcola de Mula celebra el trabajo de las empresas agr\u00edcolas\" \/>\n<meta property=\"og:url\" content=\"https:\/\/mula.es\/web\/turismo-la-ii-feria-agricola-de-mula-celebra-el-trabajo-de-sus-empresas\/\" \/>\n<meta property=\"og:site_name\" content=\"Ayuntamiento de Mula\" \/>\n<meta property=\"article:published_time\" content=\"2024-04-29T12:13:52+00:00\" \/>\n<meta property=\"og:image\" content=\"https:\/\/mula.es\/web\/wp-content\/uploads\/2024\/04\/1-14.jpg\" \/>\n\t<meta property=\"og:image:width\" content=\"1080\" \/>\n\t<meta property=\"og:image:height\" content=\"1080\" \/>\n\t<meta property=\"og:image:type\" content=\"image\/jpeg\" \/>\n<meta name=\"author\" content=\"Laura Salas Orcajada\" \/>\n<meta name=\"twitter:card\" content=\"summary_large_image\" \/>\n<meta name=\"twitter:creator\" content=\"@AyuntamientMula\" \/>\n<meta name=\"twitter:site\" content=\"@AyuntamientMula\" \/>\n<meta name=\"twitter:label1\" content=\"Escrito por\" \/>\n\t<meta name=\"twitter:data1\" content=\"Laura Salas Orcajada\" \/>\n\t<meta name=\"twitter:label2\" content=\"Tiempo de lectura\" \/>\n\t<meta name=\"twitter:data2\" content=\"1 minuto\" \/>\n<script type=\"application\/ld+json\" class=\"yoast-schema-graph\">{\"@context\":\"https:\\\/\\\/schema.org\",\"@graph\":[{\"@type\":\"Article\",\"@id\":\"https:\\\/\\\/mula.es\\\/web\\\/turismo-la-ii-feria-agricola-de-mula-celebra-el-trabajo-de-sus-empresas\\\/#article\",\"isPartOf\":{\"@id\":\"https:\\\/\\\/mula.es\\\/web\\\/turismo-la-ii-feria-agricola-de-mula-celebra-el-trabajo-de-sus-empresas\\\/\"},\"author\":{\"name\":\"Laura Salas Orcajada\",\"@id\":\"https:\\\/\\\/mula.es\\\/web\\\/#\\\/schema\\\/person\\\/4f10179bd364f40dceed361e61e4033f\"},\"headline\":\"TURISMO | La II Feria Agr\u00edcola de Mula celebra el trabajo de sus empresas\",\"datePublished\":\"2024-04-29T12:13:52+00:00\",\"mainEntityOfPage\":{\"@id\":\"https:\\\/\\\/mula.es\\\/web\\\/turismo-la-ii-feria-agricola-de-mula-celebra-el-trabajo-de-sus-empresas\\\/\"},\"wordCount\":298,\"image\":{\"@id\":\"https:\\\/\\\/mula.es\\\/web\\\/turismo-la-ii-feria-agricola-de-mula-celebra-el-trabajo-de-sus-empresas\\\/#primaryimage\"},\"thumbnailUrl\":\"https:\\\/\\\/mula.es\\\/web\\\/wp-content\\\/uploads\\\/2024\\\/04\\\/1-14.jpg\",\"articleSection\":[\"turismo\"],\"inLanguage\":\"es\"},{\"@type\":\"WebPage\",\"@id\":\"https:\\\/\\\/mula.es\\\/web\\\/turismo-la-ii-feria-agricola-de-mula-celebra-el-trabajo-de-sus-empresas\\\/\",\"url\":\"https:\\\/\\\/mula.es\\\/web\\\/turismo-la-ii-feria-agricola-de-mula-celebra-el-trabajo-de-sus-empresas\\\/\",\"name\":\"TURISMO | La II Feria Agr\u00edcola de Mula celebra el trabajo de sus empresas - Ayuntamiento de Mula\",\"isPartOf\":{\"@id\":\"https:\\\/\\\/mula.es\\\/web\\\/#website\"},\"primaryImageOfPage\":{\"@id\":\"https:\\\/\\\/mula.es\\\/web\\\/turismo-la-ii-feria-agricola-de-mula-celebra-el-trabajo-de-sus-empresas\\\/#primaryimage\"},\"image\":{\"@id\":\"https:\\\/\\\/mula.es\\\/web\\\/turismo-la-ii-feria-agricola-de-mula-celebra-el-trabajo-de-sus-empresas\\\/#primaryimage\"},\"thumbnailUrl\":\"https:\\\/\\\/mula.es\\\/web\\\/wp-content\\\/uploads\\\/2024\\\/04\\\/1-14.jpg\",\"datePublished\":\"2024-04-29T12:13:52+00:00\",\"author\":{\"@id\":\"https:\\\/\\\/mula.es\\\/web\\\/#\\\/schema\\\/person\\\/4f10179bd364f40dceed361e61e4033f\"},\"description\":\"La II Feria Agr\u00edcola de Mula celebra el trabajo de las empresas agr\u00edcolas\",\"breadcrumb\":{\"@id\":\"https:\\\/\\\/mula.es\\\/web\\\/turismo-la-ii-feria-agricola-de-mula-celebra-el-trabajo-de-sus-empresas\\\/#breadcrumb\"},\"inLanguage\":\"es\",\"potentialAction\":[{\"@type\":\"ReadAction\",\"target\":[\"https:\\\/\\\/mula.es\\\/web\\\/turismo-la-ii-feria-agricola-de-mula-celebra-el-trabajo-de-sus-empresas\\\/\"]}]},{\"@type\":\"ImageObject\",\"inLanguage\":\"es\",\"@id\":\"https:\\\/\\\/mula.es\\\/web\\\/turismo-la-ii-feria-agricola-de-mula-celebra-el-trabajo-de-sus-empresas\\\/#primaryimage\",\"url\":\"https:\\\/\\\/mula.es\\\/web\\\/wp-content\\\/uploads\\\/2024\\\/04\\\/1-14.jpg\",\"contentUrl\":\"https:\\\/\\\/mula.es\\\/web\\\/wp-content\\\/uploads\\\/2024\\\/04\\\/1-14.jpg\",\"width\":1080,\"height\":1080},{\"@type\":\"BreadcrumbList\",\"@id\":\"https:\\\/\\\/mula.es\\\/web\\\/turismo-la-ii-feria-agricola-de-mula-celebra-el-trabajo-de-sus-empresas\\\/#breadcrumb\",\"itemListElement\":[{\"@type\":\"ListItem\",\"position\":1,\"name\":\"Portada\",\"item\":\"https:\\\/\\\/mula.es\\\/web\\\/\"},{\"@type\":\"ListItem\",\"position\":2,\"name\":\"TURISMO | La II Feria Agr\u00edcola de Mula celebra el trabajo de sus empresas\"}]},{\"@type\":\"WebSite\",\"@id\":\"https:\\\/\\\/mula.es\\\/web\\\/#website\",\"url\":\"https:\\\/\\\/mula.es\\\/web\\\/\",\"name\":\"Ayuntamiento de Mula\",\"description\":\"P\u00e1gina web del Ayuntamiento de Mula (Regi\u00f3n de Murcia)\",\"potentialAction\":[{\"@type\":\"SearchAction\",\"target\":{\"@type\":\"EntryPoint\",\"urlTemplate\":\"https:\\\/\\\/mula.es\\\/web\\\/?s={search_term_string}\"},\"query-input\":{\"@type\":\"PropertyValueSpecification\",\"valueRequired\":true,\"valueName\":\"search_term_string\"}}],\"inLanguage\":\"es\"},{\"@type\":\"Person\",\"@id\":\"https:\\\/\\\/mula.es\\\/web\\\/#\\\/schema\\\/person\\\/4f10179bd364f40dceed361e61e4033f\",\"name\":\"Laura Salas Orcajada\",\"image\":{\"@type\":\"ImageObject\",\"inLanguage\":\"es\",\"@id\":\"https:\\\/\\\/secure.gravatar.com\\\/avatar\\\/786f2a223d9a455e2a448f78b5dcc1117207ef56ef3d9a04df338c0f775cd403?s=96&d=mm&r=g\",\"url\":\"https:\\\/\\\/secure.gravatar.com\\\/avatar\\\/786f2a223d9a455e2a448f78b5dcc1117207ef56ef3d9a04df338c0f775cd403?s=96&d=mm&r=g\",\"contentUrl\":\"https:\\\/\\\/secure.gravatar.com\\\/avatar\\\/786f2a223d9a455e2a448f78b5dcc1117207ef56ef3d9a04df338c0f775cd403?s=96&d=mm&r=g\",\"caption\":\"Laura Salas Orcajada\"},\"url\":\"https:\\\/\\\/mula.es\\\/web\\\/author\\\/lsalas\\\/\"}]}<\/script>\n<!-- \/ Yoast SEO plugin. -->","yoast_head_json":{"title":"TURISMO | La II Feria Agr\u00edcola de Mula celebra el trabajo de sus empresas - Ayuntamiento de Mula","description":"La II Feria Agr\u00edcola de Mula celebra el trabajo de las empresas agr\u00edcolas","robots":{"index":"index","follow":"follow","max-snippet":"max-snippet:-1","max-image-preview":"max-image-preview:large","max-video-preview":"max-video-preview:-1"},"canonical":"https:\/\/mula.es\/web\/turismo-la-ii-feria-agricola-de-mula-celebra-el-trabajo-de-sus-empresas\/","og_locale":"es_ES","og_type":"article","og_title":"TURISMO | La II Feria Agr\u00edcola de Mula celebra el trabajo de sus empresas - Ayuntamiento de Mula","og_description":"La II Feria Agr\u00edcola de Mula celebra el trabajo de las empresas agr\u00edcolas","og_url":"https:\/\/mula.es\/web\/turismo-la-ii-feria-agricola-de-mula-celebra-el-trabajo-de-sus-empresas\/","og_site_name":"Ayuntamiento de Mula","article_published_time":"2024-04-29T12:13:52+00:00","og_image":[{"width":1080,"height":1080,"url":"https:\/\/mula.es\/web\/wp-content\/uploads\/2024\/04\/1-14.jpg","type":"image\/jpeg"}],"author":"Laura Salas Orcajada","twitter_card":"summary_large_image","twitter_creator":"@AyuntamientMula","twitter_site":"@AyuntamientMula","twitter_misc":{"Escrito por":"Laura Salas Orcajada","Tiempo de lectura":"1 minuto"},"schema":{"@context":"https:\/\/schema.org","@graph":[{"@type":"Article","@id":"https:\/\/mula.es\/web\/turismo-la-ii-feria-agricola-de-mula-celebra-el-trabajo-de-sus-empresas\/#article","isPartOf":{"@id":"https:\/\/mula.es\/web\/turismo-la-ii-feria-agricola-de-mula-celebra-el-trabajo-de-sus-empresas\/"},"author":{"name":"Laura Salas Orcajada","@id":"https:\/\/mula.es\/web\/#\/schema\/person\/4f10179bd364f40dceed361e61e4033f"},"headline":"TURISMO | La II Feria Agr\u00edcola de Mula celebra el trabajo de sus empresas","datePublished":"2024-04-29T12:13:52+00:00","mainEntityOfPage":{"@id":"https:\/\/mula.es\/web\/turismo-la-ii-feria-agricola-de-mula-celebra-el-trabajo-de-sus-empresas\/"},"wordCount":298,"image":{"@id":"https:\/\/mula.es\/web\/turismo-la-ii-feria-agricola-de-mula-celebra-el-trabajo-de-sus-empresas\/#primaryimage"},"thumbnailUrl":"https:\/\/mula.es\/web\/wp-content\/uploads\/2024\/04\/1-14.jpg","articleSection":["turismo"],"inLanguage":"es"},{"@type":"WebPage","@id":"https:\/\/mula.es\/web\/turismo-la-ii-feria-agricola-de-mula-celebra-el-trabajo-de-sus-empresas\/","url":"https:\/\/mula.es\/web\/turismo-la-ii-feria-agricola-de-mula-celebra-el-trabajo-de-sus-empresas\/","name":"TURISMO | La II Feria Agr\u00edcola de Mula celebra el trabajo de sus empresas - Ayuntamiento de Mula","isPartOf":{"@id":"https:\/\/mula.es\/web\/#website"},"primaryImageOfPage":{"@id":"https:\/\/mula.es\/web\/turismo-la-ii-feria-agricola-de-mula-celebra-el-trabajo-de-sus-empresas\/#primaryimage"},"image":{"@id":"https:\/\/mula.es\/web\/turismo-la-ii-feria-agricola-de-mula-celebra-el-trabajo-de-sus-empresas\/#primaryimage"},"thumbnailUrl":"https:\/\/mula.es\/web\/wp-content\/uploads\/2024\/04\/1-14.jpg","datePublished":"2024-04-29T12:13:52+00:00","author":{"@id":"https:\/\/mula.es\/web\/#\/schema\/person\/4f10179bd364f40dceed361e61e4033f"},"description":"La II Feria Agr\u00edcola de Mula celebra el trabajo de las empresas agr\u00edcolas","breadcrumb":{"@id":"https:\/\/mula.es\/web\/turismo-la-ii-feria-agricola-de-mula-celebra-el-trabajo-de-sus-empresas\/#breadcrumb"},"inLanguage":"es","potentialAction":[{"@type":"ReadAction","target":["https:\/\/mula.es\/web\/turismo-la-ii-feria-agricola-de-mula-celebra-el-trabajo-de-sus-empresas\/"]}]},{"@type":"ImageObject","inLanguage":"es","@id":"https:\/\/mula.es\/web\/turismo-la-ii-feria-agricola-de-mula-celebra-el-trabajo-de-sus-empresas\/#primaryimage","url":"https:\/\/mula.es\/web\/wp-content\/uploads\/2024\/04\/1-14.jpg","contentUrl":"https:\/\/mula.es\/web\/wp-content\/uploads\/2024\/04\/1-14.jpg","width":1080,"height":1080},{"@type":"BreadcrumbList","@id":"https:\/\/mula.es\/web\/turismo-la-ii-feria-agricola-de-mula-celebra-el-trabajo-de-sus-empresas\/#breadcrumb","itemListElement":[{"@type":"ListItem","position":1,"name":"Portada","item":"https:\/\/mula.es\/web\/"},{"@type":"ListItem","position":2,"name":"TURISMO | La II Feria Agr\u00edcola de Mula celebra el trabajo de sus empresas"}]},{"@type":"WebSite","@id":"https:\/\/mula.es\/web\/#website","url":"https:\/\/mula.es\/web\/","name":"Ayuntamiento de Mula","description":"P\u00e1gina web del Ayuntamiento de Mula (Regi\u00f3n de Murcia)","potentialAction":[{"@type":"SearchAction","target":{"@type":"EntryPoint","urlTemplate":"https:\/\/mula.es\/web\/?s={search_term_string}"},"query-input":{"@type":"PropertyValueSpecification","valueRequired":true,"valueName":"search_term_string"}}],"inLanguage":"es"},{"@type":"Person","@id":"https:\/\/mula.es\/web\/#\/schema\/person\/4f10179bd364f40dceed361e61e4033f","name":"Laura Salas Orcajada","image":{"@type":"ImageObject","inLanguage":"es","@id":"https:\/\/secure.gravatar.com\/avatar\/786f2a223d9a455e2a448f78b5dcc1117207ef56ef3d9a04df338c0f775cd403?s=96&d=mm&r=g","url":"https:\/\/secure.gravatar.com\/avatar\/786f2a223d9a455e2a448f78b5dcc1117207ef56ef3d9a04df338c0f775cd403?s=96&d=mm&r=g","contentUrl":"https:\/\/secure.gravatar.com\/avatar\/786f2a223d9a455e2a448f78b5dcc1117207ef56ef3d9a04df338c0f775cd403?s=96&d=mm&r=g","caption":"Laura Salas Orcajada"},"url":"https:\/\/mula.es\/web\/author\/lsalas\/"}]}},"jetpack_publicize_connections":[],"jetpack_featured_media_url":"https:\/\/mula.es\/web\/wp-content\/uploads\/2024\/04\/1-14.jpg","jetpack_sharing_enabled":true,"jetpack_shortlink":"https:\/\/wp.me\/pa9DMY-dXM","jetpack-related-posts":[],"_links":{"self":[{"href":"https:\/\/mula.es\/web\/wp-json\/wp\/v2\/posts\/53678","targetHints":{"allow":["GET"]}}],"collection":[{"href":"https:\/\/mula.es\/web\/wp-json\/wp\/v2\/posts"}],"about":[{"href":"https:\/\/mula.es\/web\/wp-json\/wp\/v2\/types\/post"}],"author":[{"embeddable":true,"href":"https:\/\/mula.es\/web\/wp-json\/wp\/v2\/users\/13"}],"replies":[{"embeddable":true,"href":"https:\/\/mula.es\/web\/wp-json\/wp\/v2\/comments?post=53678"}],"version-history":[{"count":1,"href":"https:\/\/mula.es\/web\/wp-json\/wp\/v2\/posts\/53678\/revisions"}],"predecessor-version":[{"id":53681,"href":"https:\/\/mula.es\/web\/wp-json\/wp\/v2\/posts\/53678\/revisions\/53681"}],"wp:featuredmedia":[{"embeddable":true,"href":"https:\/\/mula.es\/web\/wp-json\/wp\/v2\/media\/53680"}],"wp:attachment":[{"href":"https:\/\/mula.es\/web\/wp-json\/wp\/v2\/media?parent=53678"}],"wp:term":[{"taxonomy":"category","embeddable":true,"href":"https:\/\/mula.es\/web\/wp-json\/wp\/v2\/categories?post=53678"},{"taxonomy":"post_tag","embeddable":true,"href":"https:\/\/mula.es\/web\/wp-json\/wp\/v2\/tags?post=53678"}],"curies":[{"name":"wp","href":"https:\/\/api.w.org\/{rel}","templated":true}]}}