{"id":53708,"date":"2024-05-02T13:35:26","date_gmt":"2024-05-02T11:35:26","guid":{"rendered":"https:\/\/mula.es\/web\/?p=53708"},"modified":"2024-05-02T13:40:09","modified_gmt":"2024-05-02T11:40:09","slug":"festejos-cartel-ganador-fiestas-de-san-isidro-2024","status":"publish","type":"post","link":"https:\/\/mula.es\/web\/festejos-cartel-ganador-fiestas-de-san-isidro-2024\/","title":{"rendered":"FESTEJOS| Cartel ganador Fiestas de San Isidro 2024"},"content":{"rendered":"<p><div class=\"fusion-fullwidth fullwidth-box fusion-builder-row-1 fusion-flex-container nonhundred-percent-fullwidth non-hundred-percent-height-scrolling\" style=\"--awb-border-radius-top-left:0px;--awb-border-radius-top-right:0px;--awb-border-radius-bottom-right:0px;--awb-border-radius-bottom-left:0px;--awb-flex-wrap:wrap;\" ><div class=\"fusion-builder-row fusion-row fusion-flex-align-items-flex-start fusion-flex-content-wrap\" style=\"max-width:1144px;margin-left: calc(-4% \/ 2 );margin-right: calc(-4% \/ 2 );\"><div class=\"fusion-layout-column fusion_builder_column fusion-builder-column-0 fusion_builder_column_1_1 1_1 fusion-flex-column\" style=\"--awb-bg-size:cover;--awb-width-large:100%;--awb-margin-top-large:0px;--awb-spacing-right-large:1.92%;--awb-margin-bottom-large:0px;--awb-spacing-left-large:1.92%;--awb-width-medium:100%;--awb-spacing-right-medium:1.92%;--awb-spacing-left-medium:1.92%;--awb-width-small:100%;--awb-spacing-right-small:1.92%;--awb-spacing-left-small:1.92%;\"><div class=\"fusion-column-wrapper fusion-flex-justify-content-flex-start fusion-content-layout-column\"><div class=\"fusion-text fusion-text-1\"><p>La Concejal\u00eda de Festejos del Excmo. Ayuntamiento de Mula tiene el gusto de hacer p\u00fablico el fallo del jurado del concurso CARTEL FIESTAS DE SAN ISIDRO 2024<\/p>\n<p>PREMIO CARTEL FIESTAS SAN ISIDRO 2024<br \/>\nT\u00edtulo: LOS PAPARAJOTES<br \/>\nAutores: ANA BOLUDA VALERA Y ANDR\u00c9S P\u00c1RRAGA AND\u00daJAR<br \/>\nMula<\/p>\n<p>Enhorabuena a los autores del cartel premiado y el expreso agradecimiento de la Concejal\u00eda de Festejos a todos los participantes en este concurso por la calidad de los trabajos presentados y al Jurado calificador por su meritoria y desinteresada colaboraci\u00f3n.<\/p>\n<p style=\"text-align: center;\"><strong>T\u00edtulo<\/strong><\/p>\n<p style=\"text-align: center;\"><em>Los Paparajotes<\/em><\/p>\n<p style=\"text-align: center;\"><strong>Autores<\/strong><\/p>\n<p style=\"text-align: center;\">\u00a0Ana Boluda Valera y Andr\u00e9s P\u00e1rraga And\u00fajar<\/p>\n<\/div><\/div><\/div><\/div><\/div><div class=\"fusion-fullwidth fullwidth-box fusion-builder-row-2 fusion-flex-container has-pattern-background has-mask-background nonhundred-percent-fullwidth non-hundred-percent-height-scrolling\" style=\"--awb-border-radius-top-left:0px;--awb-border-radius-top-right:0px;--awb-border-radius-bottom-right:0px;--awb-border-radius-bottom-left:0px;--awb-flex-wrap:wrap;\" ><div class=\"fusion-builder-row fusion-row fusion-flex-align-items-flex-start fusion-flex-content-wrap\" style=\"max-width:1144px;margin-left: calc(-4% \/ 2 );margin-right: calc(-4% \/ 2 );\"><div class=\"fusion-layout-column fusion_builder_column fusion-builder-column-1 fusion_builder_column_1_2 1_2 fusion-flex-column\" style=\"--awb-bg-size:cover;--awb-width-large:50%;--awb-margin-top-large:0px;--awb-spacing-right-large:3.84%;--awb-margin-bottom-large:20px;--awb-spacing-left-large:3.84%;--awb-width-medium:50%;--awb-order-medium:0;--awb-spacing-right-medium:3.84%;--awb-spacing-left-medium:3.84%;--awb-width-small:100%;--awb-order-small:0;--awb-spacing-right-small:1.92%;--awb-spacing-left-small:1.92%;\"><div class=\"fusion-column-wrapper fusion-column-has-shadow fusion-flex-justify-content-flex-start fusion-content-layout-column\"><div class=\"fusion-image-element \" style=\"--awb-aspect-ratio:1 \/ 1;--awb-object-position:22% 30%;--awb-caption-title-font-family:var(--h2_typography-font-family);--awb-caption-title-font-weight:var(--h2_typography-font-weight);--awb-caption-title-font-style:var(--h2_typography-font-style);--awb-caption-title-size:var(--h2_typography-font-size);--awb-caption-title-transform:var(--h2_typography-text-transform);--awb-caption-title-line-height:var(--h2_typography-line-height);--awb-caption-title-letter-spacing:var(--h2_typography-letter-spacing);\"><span class=\" fusion-imageframe imageframe-none imageframe-1 hover-type-none has-aspect-ratio\"><img decoding=\"async\" width=\"300\" height=\"300\" title=\"San Isidro\" src=\"https:\/\/mula.es\/web\/wp-content\/uploads\/2024\/05\/Diseno-sin-titulo-14-300x300.jpg\" class=\"img-responsive wp-image-53709 img-with-aspect-ratio\" data-parent-fit=\"cover\" data-parent-container=\".fusion-image-element\" alt srcset=\"https:\/\/mula.es\/web\/wp-content\/uploads\/2024\/05\/Diseno-sin-titulo-14-200x200.jpg 200w, https:\/\/mula.es\/web\/wp-content\/uploads\/2024\/05\/Diseno-sin-titulo-14-400x400.jpg 400w, https:\/\/mula.es\/web\/wp-content\/uploads\/2024\/05\/Diseno-sin-titulo-14-600x600.jpg 600w, https:\/\/mula.es\/web\/wp-content\/uploads\/2024\/05\/Diseno-sin-titulo-14-800x800.jpg 800w, https:\/\/mula.es\/web\/wp-content\/uploads\/2024\/05\/Diseno-sin-titulo-14.jpg 1080w\" sizes=\"(max-width: 640px) 100vw, 600px\" \/><\/span><\/div><\/div><\/div><div class=\"fusion-layout-column fusion_builder_column fusion-builder-column-2 fusion_builder_column_1_2 1_2 fusion-flex-column\" style=\"--awb-bg-size:cover;--awb-width-large:50%;--awb-margin-top-large:0px;--awb-spacing-right-large:3.84%;--awb-margin-bottom-large:20px;--awb-spacing-left-large:3.84%;--awb-width-medium:50%;--awb-order-medium:0;--awb-spacing-right-medium:3.84%;--awb-spacing-left-medium:3.84%;--awb-width-small:100%;--awb-order-small:0;--awb-spacing-right-small:1.92%;--awb-spacing-left-small:1.92%;\"><div class=\"fusion-column-wrapper fusion-column-has-shadow fusion-flex-justify-content-flex-start fusion-content-layout-column\"><div class=\"fusion-text fusion-text-2\"><p class=\"p1\"><b>Los ganadores del Cartel de San Isidro 2024 han sido Andr\u00e9s P\u00e1rraga And\u00fajar y Ana Boluda Valera, <\/b>naturales de Mula de 29 y 32 a\u00f1os de edad respectivamente.<\/p>\n<p class=\"p2\">Andr\u00e9s cuenta con estudios de T\u00e9cnico Deportivo y Ana de Bellas Artes.<\/p>\n<p class=\"p2\">Cuentan que se han inspirado en el desfile de carrozas de San Isidro, reflejando la vista que pueden tener los mule\u00f1os cuando, desde su carroza, echan la vista afuera y ven desde cualquier punto El Castillo de Mula.<\/p>\n<p class=\"p2\">Quer\u00edamos resaltar El Castillo porque por fin, es de todos los mule\u00f1os, y este a\u00f1o cobra m\u00e1s sentido que nunca.<\/p>\n<p class=\"p2\">En el cartel, podemos ver elementos como refajos y limones t\u00edpicos en esta festividad mule\u00f1a.<\/p>\n<p class=\"p2\">Han buscado la originalidad en los colores y tambi\u00e9n en la t\u00e9cnica, creando una obra a trav\u00e9s de la acuarela y el rotrix.<\/p>\n<\/div><\/div><\/div><\/div><\/div><div class=\"fusion-fullwidth fullwidth-box fusion-builder-row-3 fusion-flex-container has-pattern-background has-mask-background nonhundred-percent-fullwidth non-hundred-percent-height-scrolling\" style=\"--awb-border-radius-top-left:0px;--awb-border-radius-top-right:0px;--awb-border-radius-bottom-right:0px;--awb-border-radius-bottom-left:0px;--awb-flex-wrap:wrap;\" ><div class=\"fusion-builder-row fusion-row fusion-flex-align-items-flex-start fusion-flex-content-wrap\" style=\"max-width:1144px;margin-left: calc(-4% \/ 2 );margin-right: calc(-4% \/ 2 );\"><div class=\"fusion-layout-column fusion_builder_column fusion-builder-column-3 fusion_builder_column_1_1 1_1 fusion-flex-column\" style=\"--awb-bg-size:cover;--awb-width-large:100%;--awb-margin-top-large:0px;--awb-spacing-right-large:1.92%;--awb-margin-bottom-large:20px;--awb-spacing-left-large:1.92%;--awb-width-medium:100%;--awb-order-medium:0;--awb-spacing-right-medium:1.92%;--awb-spacing-left-medium:1.92%;--awb-width-small:100%;--awb-order-small:0;--awb-spacing-right-small:1.92%;--awb-spacing-left-small:1.92%;\"><div class=\"fusion-column-wrapper fusion-column-has-shadow fusion-flex-justify-content-flex-start fusion-content-layout-column\"><div class=\"fusion-text fusion-text-3\"><p><strong>Ganadores del Cartel de San Isidro 2024:\u00a0 <\/strong><strong>Celebrando la identidad mule\u00f1a<\/strong><\/p>\n<p>El Ayuntamiento de Mula se complace en anunciar a los ganadores del concurso del Cartel de San Isidro 2024: Andr\u00e9s P\u00e1rraga And\u00fajar y Ana Boluda Valera, dos talentosos artistas naturales de nuestra querida Mula, con edades de 29 y 32 a\u00f1os respectivamente.<\/p>\n<p>Andr\u00e9s, con una formaci\u00f3n en T\u00e9cnico Deportivo, y Ana, graduada en Bellas Artes, han conjugado sus habilidades y pasiones para crear una obra que captura la esencia vibrante de nuestra festividad local.<\/p>\n<p>Inspirados por el ic\u00f3nico desfile de carrozas de San Isidro, los artistas han plasmado en su obra la vista panor\u00e1mica que los mule\u00f1os experimentan desde las carrozas, contemplando el majestuoso Castillo de Mula. Este a\u00f1o, la presencia del Castillo cobra un significado especial, ya que se convierte en un s\u00edmbolo compartido por todos los habitantes de Mula al ser 100% de sus ciudadanos.<\/p>\n<p>El cartel, impregnado de elementos tradicionales como los refajos y los limones, evoca la riqueza cultural y folcl\u00f3rica de nuestra festividad. Adem\u00e1s, los artistas han innovado en la t\u00e9cnica, utilizando acuarela y rotrix para dar vida a su creaci\u00f3n, buscando as\u00ed una expresi\u00f3n \u00fanica y original.<\/p>\n<p><em>\u00abEstamos encantados de haber podido representar la belleza y la tradici\u00f3n de San Isidro a trav\u00e9s de nuestra obra\u00bb,<\/em> comentaron Andr\u00e9s y Ana. <em>\u00abEs un honor contribuir a la celebraci\u00f3n de una festividad tan arraigada en nuestro municipio\u00bb.<\/em><\/p>\n<p>El Ayuntamiento de Mula felicita a Andr\u00e9s y Ana por su excelente trabajo y agradece su dedicaci\u00f3n para capturar la esencia de San Isidro en este cartel. La obra ganadora ser\u00e1 el emblema de nuestra celebraci\u00f3n y nos recordar\u00e1 la importancia de mantener vivas nuestras tradiciones y nuestra identidad mule\u00f1a.<\/p>\n<\/div><\/div><\/div><\/div><\/div><\/p>\n","protected":false},"excerpt":{"rendered":"","protected":false},"author":13,"featured_media":53710,"comment_status":"closed","ping_status":"closed","sticky":false,"template":"","format":"standard","meta":{"jetpack_post_was_ever_published":false,"_jetpack_newsletter_access":"","_jetpack_dont_email_post_to_subs":false,"_jetpack_newsletter_tier_id":0,"_jetpack_memberships_contains_paywalled_content":false,"_jetpack_memberships_contains_paid_content":false,"footnotes":"","jetpack_publicize_message":"","jetpack_publicize_feature_enabled":true,"jetpack_social_post_already_shared":false,"jetpack_social_options":{"image_generator_settings":{"template":"highway","default_image_id":0,"font":"","enabled":false},"version":2}},"categories":[199,171],"tags":[],"class_list":["post-53708","post","type-post","status-publish","format-standard","has-post-thumbnail","hentry","category-concurso","category-festejos"],"yoast_head":"<!-- This site is optimized with the Yoast SEO plugin v27.5 - https:\/\/yoast.com\/product\/yoast-seo-wordpress\/ -->\n<title>FESTEJOS| Cartel ganador Fiestas de San Isidro 2024 - Ayuntamiento de Mula<\/title>\n<meta name=\"robots\" content=\"index, follow, max-snippet:-1, max-image-preview:large, max-video-preview:-1\" \/>\n<link rel=\"canonical\" href=\"https:\/\/mula.es\/web\/festejos-cartel-ganador-fiestas-de-san-isidro-2024\/\" \/>\n<meta property=\"og:locale\" content=\"es_ES\" \/>\n<meta property=\"og:type\" content=\"article\" \/>\n<meta property=\"og:title\" content=\"FESTEJOS| Cartel ganador Fiestas de San Isidro 2024 - Ayuntamiento de Mula\" \/>\n<meta property=\"og:url\" content=\"https:\/\/mula.es\/web\/festejos-cartel-ganador-fiestas-de-san-isidro-2024\/\" \/>\n<meta property=\"og:site_name\" content=\"Ayuntamiento de Mula\" \/>\n<meta property=\"article:published_time\" content=\"2024-05-02T11:35:26+00:00\" \/>\n<meta property=\"article:modified_time\" content=\"2024-05-02T11:40:09+00:00\" \/>\n<meta property=\"og:image\" content=\"https:\/\/mula.es\/web\/wp-content\/uploads\/2024\/05\/CARTEL-SAN-ISIDRO-2024_Mesa-de-trabajo-1-1.jpeg\" \/>\n\t<meta property=\"og:image:width\" content=\"914\" \/>\n\t<meta property=\"og:image:height\" content=\"1280\" \/>\n\t<meta property=\"og:image:type\" content=\"image\/jpeg\" \/>\n<meta name=\"author\" content=\"Laura Salas Orcajada\" \/>\n<meta name=\"twitter:card\" content=\"summary_large_image\" \/>\n<meta name=\"twitter:creator\" content=\"@AyuntamientMula\" \/>\n<meta name=\"twitter:site\" content=\"@AyuntamientMula\" \/>\n<meta name=\"twitter:label1\" content=\"Escrito por\" \/>\n\t<meta name=\"twitter:data1\" content=\"Laura Salas Orcajada\" \/>\n\t<meta name=\"twitter:label2\" content=\"Tiempo de lectura\" \/>\n\t<meta name=\"twitter:data2\" content=\"2 minutos\" \/>\n<script type=\"application\/ld+json\" class=\"yoast-schema-graph\">{\"@context\":\"https:\\\/\\\/schema.org\",\"@graph\":[{\"@type\":\"Article\",\"@id\":\"https:\\\/\\\/mula.es\\\/web\\\/festejos-cartel-ganador-fiestas-de-san-isidro-2024\\\/#article\",\"isPartOf\":{\"@id\":\"https:\\\/\\\/mula.es\\\/web\\\/festejos-cartel-ganador-fiestas-de-san-isidro-2024\\\/\"},\"author\":{\"name\":\"Laura Salas Orcajada\",\"@id\":\"https:\\\/\\\/mula.es\\\/web\\\/#\\\/schema\\\/person\\\/4f10179bd364f40dceed361e61e4033f\"},\"headline\":\"FESTEJOS| Cartel ganador Fiestas de San Isidro 2024\",\"datePublished\":\"2024-05-02T11:35:26+00:00\",\"dateModified\":\"2024-05-02T11:40:09+00:00\",\"mainEntityOfPage\":{\"@id\":\"https:\\\/\\\/mula.es\\\/web\\\/festejos-cartel-ganador-fiestas-de-san-isidro-2024\\\/\"},\"wordCount\":3344,\"image\":{\"@id\":\"https:\\\/\\\/mula.es\\\/web\\\/festejos-cartel-ganador-fiestas-de-san-isidro-2024\\\/#primaryimage\"},\"thumbnailUrl\":\"https:\\\/\\\/mula.es\\\/web\\\/wp-content\\\/uploads\\\/2024\\\/05\\\/CARTEL-SAN-ISIDRO-2024_Mesa-de-trabajo-1-1.jpeg\",\"articleSection\":[\"concurso\",\"festejos\"],\"inLanguage\":\"es\"},{\"@type\":\"WebPage\",\"@id\":\"https:\\\/\\\/mula.es\\\/web\\\/festejos-cartel-ganador-fiestas-de-san-isidro-2024\\\/\",\"url\":\"https:\\\/\\\/mula.es\\\/web\\\/festejos-cartel-ganador-fiestas-de-san-isidro-2024\\\/\",\"name\":\"FESTEJOS| Cartel ganador Fiestas de San Isidro 2024 - Ayuntamiento de Mula\",\"isPartOf\":{\"@id\":\"https:\\\/\\\/mula.es\\\/web\\\/#website\"},\"primaryImageOfPage\":{\"@id\":\"https:\\\/\\\/mula.es\\\/web\\\/festejos-cartel-ganador-fiestas-de-san-isidro-2024\\\/#primaryimage\"},\"image\":{\"@id\":\"https:\\\/\\\/mula.es\\\/web\\\/festejos-cartel-ganador-fiestas-de-san-isidro-2024\\\/#primaryimage\"},\"thumbnailUrl\":\"https:\\\/\\\/mula.es\\\/web\\\/wp-content\\\/uploads\\\/2024\\\/05\\\/CARTEL-SAN-ISIDRO-2024_Mesa-de-trabajo-1-1.jpeg\",\"datePublished\":\"2024-05-02T11:35:26+00:00\",\"dateModified\":\"2024-05-02T11:40:09+00:00\",\"author\":{\"@id\":\"https:\\\/\\\/mula.es\\\/web\\\/#\\\/schema\\\/person\\\/4f10179bd364f40dceed361e61e4033f\"},\"breadcrumb\":{\"@id\":\"https:\\\/\\\/mula.es\\\/web\\\/festejos-cartel-ganador-fiestas-de-san-isidro-2024\\\/#breadcrumb\"},\"inLanguage\":\"es\",\"potentialAction\":[{\"@type\":\"ReadAction\",\"target\":[\"https:\\\/\\\/mula.es\\\/web\\\/festejos-cartel-ganador-fiestas-de-san-isidro-2024\\\/\"]}]},{\"@type\":\"ImageObject\",\"inLanguage\":\"es\",\"@id\":\"https:\\\/\\\/mula.es\\\/web\\\/festejos-cartel-ganador-fiestas-de-san-isidro-2024\\\/#primaryimage\",\"url\":\"https:\\\/\\\/mula.es\\\/web\\\/wp-content\\\/uploads\\\/2024\\\/05\\\/CARTEL-SAN-ISIDRO-2024_Mesa-de-trabajo-1-1.jpeg\",\"contentUrl\":\"https:\\\/\\\/mula.es\\\/web\\\/wp-content\\\/uploads\\\/2024\\\/05\\\/CARTEL-SAN-ISIDRO-2024_Mesa-de-trabajo-1-1.jpeg\",\"width\":914,\"height\":1280},{\"@type\":\"BreadcrumbList\",\"@id\":\"https:\\\/\\\/mula.es\\\/web\\\/festejos-cartel-ganador-fiestas-de-san-isidro-2024\\\/#breadcrumb\",\"itemListElement\":[{\"@type\":\"ListItem\",\"position\":1,\"name\":\"Portada\",\"item\":\"https:\\\/\\\/mula.es\\\/web\\\/\"},{\"@type\":\"ListItem\",\"position\":2,\"name\":\"FESTEJOS| Cartel ganador Fiestas de San Isidro 2024\"}]},{\"@type\":\"WebSite\",\"@id\":\"https:\\\/\\\/mula.es\\\/web\\\/#website\",\"url\":\"https:\\\/\\\/mula.es\\\/web\\\/\",\"name\":\"Ayuntamiento de Mula\",\"description\":\"P\u00e1gina web del Ayuntamiento de Mula (Regi\u00f3n de Murcia)\",\"potentialAction\":[{\"@type\":\"SearchAction\",\"target\":{\"@type\":\"EntryPoint\",\"urlTemplate\":\"https:\\\/\\\/mula.es\\\/web\\\/?s={search_term_string}\"},\"query-input\":{\"@type\":\"PropertyValueSpecification\",\"valueRequired\":true,\"valueName\":\"search_term_string\"}}],\"inLanguage\":\"es\"},{\"@type\":\"Person\",\"@id\":\"https:\\\/\\\/mula.es\\\/web\\\/#\\\/schema\\\/person\\\/4f10179bd364f40dceed361e61e4033f\",\"name\":\"Laura Salas Orcajada\",\"image\":{\"@type\":\"ImageObject\",\"inLanguage\":\"es\",\"@id\":\"https:\\\/\\\/secure.gravatar.com\\\/avatar\\\/786f2a223d9a455e2a448f78b5dcc1117207ef56ef3d9a04df338c0f775cd403?s=96&d=mm&r=g\",\"url\":\"https:\\\/\\\/secure.gravatar.com\\\/avatar\\\/786f2a223d9a455e2a448f78b5dcc1117207ef56ef3d9a04df338c0f775cd403?s=96&d=mm&r=g\",\"contentUrl\":\"https:\\\/\\\/secure.gravatar.com\\\/avatar\\\/786f2a223d9a455e2a448f78b5dcc1117207ef56ef3d9a04df338c0f775cd403?s=96&d=mm&r=g\",\"caption\":\"Laura Salas Orcajada\"},\"url\":\"https:\\\/\\\/mula.es\\\/web\\\/author\\\/lsalas\\\/\"}]}<\/script>\n<!-- \/ Yoast SEO plugin. -->","yoast_head_json":{"title":"FESTEJOS| Cartel ganador Fiestas de San Isidro 2024 - Ayuntamiento de Mula","robots":{"index":"index","follow":"follow","max-snippet":"max-snippet:-1","max-image-preview":"max-image-preview:large","max-video-preview":"max-video-preview:-1"},"canonical":"https:\/\/mula.es\/web\/festejos-cartel-ganador-fiestas-de-san-isidro-2024\/","og_locale":"es_ES","og_type":"article","og_title":"FESTEJOS| Cartel ganador Fiestas de San Isidro 2024 - Ayuntamiento de Mula","og_url":"https:\/\/mula.es\/web\/festejos-cartel-ganador-fiestas-de-san-isidro-2024\/","og_site_name":"Ayuntamiento de Mula","article_published_time":"2024-05-02T11:35:26+00:00","article_modified_time":"2024-05-02T11:40:09+00:00","og_image":[{"width":914,"height":1280,"url":"https:\/\/mula.es\/web\/wp-content\/uploads\/2024\/05\/CARTEL-SAN-ISIDRO-2024_Mesa-de-trabajo-1-1.jpeg","type":"image\/jpeg"}],"author":"Laura Salas Orcajada","twitter_card":"summary_large_image","twitter_creator":"@AyuntamientMula","twitter_site":"@AyuntamientMula","twitter_misc":{"Escrito por":"Laura Salas Orcajada","Tiempo de lectura":"2 minutos"},"schema":{"@context":"https:\/\/schema.org","@graph":[{"@type":"Article","@id":"https:\/\/mula.es\/web\/festejos-cartel-ganador-fiestas-de-san-isidro-2024\/#article","isPartOf":{"@id":"https:\/\/mula.es\/web\/festejos-cartel-ganador-fiestas-de-san-isidro-2024\/"},"author":{"name":"Laura Salas Orcajada","@id":"https:\/\/mula.es\/web\/#\/schema\/person\/4f10179bd364f40dceed361e61e4033f"},"headline":"FESTEJOS| Cartel ganador Fiestas de San Isidro 2024","datePublished":"2024-05-02T11:35:26+00:00","dateModified":"2024-05-02T11:40:09+00:00","mainEntityOfPage":{"@id":"https:\/\/mula.es\/web\/festejos-cartel-ganador-fiestas-de-san-isidro-2024\/"},"wordCount":3344,"image":{"@id":"https:\/\/mula.es\/web\/festejos-cartel-ganador-fiestas-de-san-isidro-2024\/#primaryimage"},"thumbnailUrl":"https:\/\/mula.es\/web\/wp-content\/uploads\/2024\/05\/CARTEL-SAN-ISIDRO-2024_Mesa-de-trabajo-1-1.jpeg","articleSection":["concurso","festejos"],"inLanguage":"es"},{"@type":"WebPage","@id":"https:\/\/mula.es\/web\/festejos-cartel-ganador-fiestas-de-san-isidro-2024\/","url":"https:\/\/mula.es\/web\/festejos-cartel-ganador-fiestas-de-san-isidro-2024\/","name":"FESTEJOS| Cartel ganador Fiestas de San Isidro 2024 - Ayuntamiento de Mula","isPartOf":{"@id":"https:\/\/mula.es\/web\/#website"},"primaryImageOfPage":{"@id":"https:\/\/mula.es\/web\/festejos-cartel-ganador-fiestas-de-san-isidro-2024\/#primaryimage"},"image":{"@id":"https:\/\/mula.es\/web\/festejos-cartel-ganador-fiestas-de-san-isidro-2024\/#primaryimage"},"thumbnailUrl":"https:\/\/mula.es\/web\/wp-content\/uploads\/2024\/05\/CARTEL-SAN-ISIDRO-2024_Mesa-de-trabajo-1-1.jpeg","datePublished":"2024-05-02T11:35:26+00:00","dateModified":"2024-05-02T11:40:09+00:00","author":{"@id":"https:\/\/mula.es\/web\/#\/schema\/person\/4f10179bd364f40dceed361e61e4033f"},"breadcrumb":{"@id":"https:\/\/mula.es\/web\/festejos-cartel-ganador-fiestas-de-san-isidro-2024\/#breadcrumb"},"inLanguage":"es","potentialAction":[{"@type":"ReadAction","target":["https:\/\/mula.es\/web\/festejos-cartel-ganador-fiestas-de-san-isidro-2024\/"]}]},{"@type":"ImageObject","inLanguage":"es","@id":"https:\/\/mula.es\/web\/festejos-cartel-ganador-fiestas-de-san-isidro-2024\/#primaryimage","url":"https:\/\/mula.es\/web\/wp-content\/uploads\/2024\/05\/CARTEL-SAN-ISIDRO-2024_Mesa-de-trabajo-1-1.jpeg","contentUrl":"https:\/\/mula.es\/web\/wp-content\/uploads\/2024\/05\/CARTEL-SAN-ISIDRO-2024_Mesa-de-trabajo-1-1.jpeg","width":914,"height":1280},{"@type":"BreadcrumbList","@id":"https:\/\/mula.es\/web\/festejos-cartel-ganador-fiestas-de-san-isidro-2024\/#breadcrumb","itemListElement":[{"@type":"ListItem","position":1,"name":"Portada","item":"https:\/\/mula.es\/web\/"},{"@type":"ListItem","position":2,"name":"FESTEJOS| Cartel ganador Fiestas de San Isidro 2024"}]},{"@type":"WebSite","@id":"https:\/\/mula.es\/web\/#website","url":"https:\/\/mula.es\/web\/","name":"Ayuntamiento de Mula","description":"P\u00e1gina web del Ayuntamiento de Mula (Regi\u00f3n de Murcia)","potentialAction":[{"@type":"SearchAction","target":{"@type":"EntryPoint","urlTemplate":"https:\/\/mula.es\/web\/?s={search_term_string}"},"query-input":{"@type":"PropertyValueSpecification","valueRequired":true,"valueName":"search_term_string"}}],"inLanguage":"es"},{"@type":"Person","@id":"https:\/\/mula.es\/web\/#\/schema\/person\/4f10179bd364f40dceed361e61e4033f","name":"Laura Salas Orcajada","image":{"@type":"ImageObject","inLanguage":"es","@id":"https:\/\/secure.gravatar.com\/avatar\/786f2a223d9a455e2a448f78b5dcc1117207ef56ef3d9a04df338c0f775cd403?s=96&d=mm&r=g","url":"https:\/\/secure.gravatar.com\/avatar\/786f2a223d9a455e2a448f78b5dcc1117207ef56ef3d9a04df338c0f775cd403?s=96&d=mm&r=g","contentUrl":"https:\/\/secure.gravatar.com\/avatar\/786f2a223d9a455e2a448f78b5dcc1117207ef56ef3d9a04df338c0f775cd403?s=96&d=mm&r=g","caption":"Laura Salas Orcajada"},"url":"https:\/\/mula.es\/web\/author\/lsalas\/"}]}},"jetpack_publicize_connections":[],"jetpack_featured_media_url":"https:\/\/mula.es\/web\/wp-content\/uploads\/2024\/05\/CARTEL-SAN-ISIDRO-2024_Mesa-de-trabajo-1-1.jpeg","jetpack_sharing_enabled":true,"jetpack_shortlink":"https:\/\/wp.me\/pa9DMY-dYg","jetpack-related-posts":[],"_links":{"self":[{"href":"https:\/\/mula.es\/web\/wp-json\/wp\/v2\/posts\/53708","targetHints":{"allow":["GET"]}}],"collection":[{"href":"https:\/\/mula.es\/web\/wp-json\/wp\/v2\/posts"}],"about":[{"href":"https:\/\/mula.es\/web\/wp-json\/wp\/v2\/types\/post"}],"author":[{"embeddable":true,"href":"https:\/\/mula.es\/web\/wp-json\/wp\/v2\/users\/13"}],"replies":[{"embeddable":true,"href":"https:\/\/mula.es\/web\/wp-json\/wp\/v2\/comments?post=53708"}],"version-history":[{"count":2,"href":"https:\/\/mula.es\/web\/wp-json\/wp\/v2\/posts\/53708\/revisions"}],"predecessor-version":[{"id":53712,"href":"https:\/\/mula.es\/web\/wp-json\/wp\/v2\/posts\/53708\/revisions\/53712"}],"wp:featuredmedia":[{"embeddable":true,"href":"https:\/\/mula.es\/web\/wp-json\/wp\/v2\/media\/53710"}],"wp:attachment":[{"href":"https:\/\/mula.es\/web\/wp-json\/wp\/v2\/media?parent=53708"}],"wp:term":[{"taxonomy":"category","embeddable":true,"href":"https:\/\/mula.es\/web\/wp-json\/wp\/v2\/categories?post=53708"},{"taxonomy":"post_tag","embeddable":true,"href":"https:\/\/mula.es\/web\/wp-json\/wp\/v2\/tags?post=53708"}],"curies":[{"name":"wp","href":"https:\/\/api.w.org\/{rel}","templated":true}]}}