{"id":53836,"date":"2024-05-09T10:20:52","date_gmt":"2024-05-09T08:20:52","guid":{"rendered":"https:\/\/mula.es\/web\/?p=53836"},"modified":"2024-05-09T10:20:52","modified_gmt":"2024-05-09T08:20:52","slug":"turismo-comienza-el-ciclo-de-jornadas-saber-espacios-del-proyecto-murcia-rural-en-integral","status":"publish","type":"post","link":"https:\/\/mula.es\/web\/turismo-comienza-el-ciclo-de-jornadas-saber-espacios-del-proyecto-murcia-rural-en-integral\/","title":{"rendered":"TURISMO | Comienza el ciclo de jornadas \u00abSaber Espacios\u00bb del proyecto \u00abMurcia Rural\u00bb en INTEGRAL"},"content":{"rendered":"<p>El alcalde, junto a la concejal de Turismo, Alejandra Mart\u00ednez, han recibido hoy en el Convento de San Francisco a los empresarios integrados en la Ruta del Vino. As\u00ed, ha comenzado en Mula el ciclo de jornadas \u201cSaber Espacios\u201d del proyecto \u201cMurcia Rural\u201d en Integral, para visibilizar, valorar y promover los espacios, los productos y las iniciativas del \u00e1mbito de actuaci\u00f3n de los Grupos de Acci\u00f3n Local rurales de la Regi\u00f3n de Murcia, MURCIA RURAL\u201d, enmarcado dentro del Programa de Desarrollo Rural 2014-2022.<\/p>\n<p>La primera de estas jornadas, titulada <em>\u00abConocer la Ruta del Vino de Bullas: un maridaje cultural, natural y enogastron\u00f3mico\u00bb,<\/em> se ha llevado a cabo en Mula. Durante esta jornada, se dar\u00e1 a conocer la Ruta del Vino de Bullas y se ofrecer\u00e1 la oportunidad de visitar algunos recursos y establecimientos asociados, a trav\u00e9s de un recorrido experiencial que discurrir\u00e1 entre Mula, Ceheg\u00edn y Bullas.<\/p>\n<p>Junto a destacados expertos en turismo y enolog\u00eda, se podr\u00e1 disfrutar de presentaciones sobre proyectos de desarrollo rural, la prestigiosa Ruta del Vino de Bullas y la fascinante historia de la Villa Romana de los Villaricos. Adem\u00e1s, se ofrece la oportunidad de visitar la Casa de Los Coy, la Escuela del Vino de Ceheg\u00edn y la Bodega Balcona, donde se podr\u00e1n degustar exquisitos vinos de la Regi\u00f3n.<\/p>\n<p><a href=\"https:\/\/mula.es\/web\/wp-content\/uploads\/2024\/05\/1-5.jpg\"><img decoding=\"async\" data-attachment-id=\"53837\" data-permalink=\"https:\/\/mula.es\/web\/turismo-comienza-el-ciclo-de-jornadas-saber-espacios-del-proyecto-murcia-rural-en-integral\/1-21\/\" data-orig-file=\"https:\/\/mula.es\/web\/wp-content\/uploads\/2024\/05\/1-5.jpg\" data-orig-size=\"1080,1080\" data-comments-opened=\"0\" data-image-meta=\"{&quot;aperture&quot;:&quot;0&quot;,&quot;credit&quot;:&quot;&quot;,&quot;camera&quot;:&quot;&quot;,&quot;caption&quot;:&quot;&quot;,&quot;created_timestamp&quot;:&quot;0&quot;,&quot;copyright&quot;:&quot;&quot;,&quot;focal_length&quot;:&quot;0&quot;,&quot;iso&quot;:&quot;0&quot;,&quot;shutter_speed&quot;:&quot;0&quot;,&quot;title&quot;:&quot;&quot;,&quot;orientation&quot;:&quot;1&quot;}\" data-image-title=\"1\" data-image-description=\"\" data-image-caption=\"\" data-large-file=\"https:\/\/mula.es\/web\/wp-content\/uploads\/2024\/05\/1-5-1024x1024.jpg\" class=\"alignnone size-medium wp-image-53837\" src=\"https:\/\/mula.es\/web\/wp-content\/uploads\/2024\/05\/1-5-300x300.jpg\" alt=\"\" width=\"300\" height=\"300\" srcset=\"https:\/\/mula.es\/web\/wp-content\/uploads\/2024\/05\/1-5-66x66.jpg 66w, https:\/\/mula.es\/web\/wp-content\/uploads\/2024\/05\/1-5-150x150.jpg 150w, https:\/\/mula.es\/web\/wp-content\/uploads\/2024\/05\/1-5-200x200.jpg 200w, https:\/\/mula.es\/web\/wp-content\/uploads\/2024\/05\/1-5-300x300.jpg 300w, https:\/\/mula.es\/web\/wp-content\/uploads\/2024\/05\/1-5-400x400.jpg 400w, https:\/\/mula.es\/web\/wp-content\/uploads\/2024\/05\/1-5-600x600.jpg 600w, https:\/\/mula.es\/web\/wp-content\/uploads\/2024\/05\/1-5-768x768.jpg 768w, https:\/\/mula.es\/web\/wp-content\/uploads\/2024\/05\/1-5-800x800.jpg 800w, https:\/\/mula.es\/web\/wp-content\/uploads\/2024\/05\/1-5-1024x1024.jpg 1024w, https:\/\/mula.es\/web\/wp-content\/uploads\/2024\/05\/1-5.jpg 1080w\" sizes=\"(max-width: 300px) 100vw, 300px\" \/><\/a> <a href=\"https:\/\/mula.es\/web\/wp-content\/uploads\/2024\/05\/2-4.jpg\"><img decoding=\"async\" data-attachment-id=\"53838\" data-permalink=\"https:\/\/mula.es\/web\/turismo-comienza-el-ciclo-de-jornadas-saber-espacios-del-proyecto-murcia-rural-en-integral\/2-18\/\" data-orig-file=\"https:\/\/mula.es\/web\/wp-content\/uploads\/2024\/05\/2-4.jpg\" data-orig-size=\"1080,1080\" data-comments-opened=\"0\" data-image-meta=\"{&quot;aperture&quot;:&quot;0&quot;,&quot;credit&quot;:&quot;&quot;,&quot;camera&quot;:&quot;&quot;,&quot;caption&quot;:&quot;&quot;,&quot;created_timestamp&quot;:&quot;0&quot;,&quot;copyright&quot;:&quot;&quot;,&quot;focal_length&quot;:&quot;0&quot;,&quot;iso&quot;:&quot;0&quot;,&quot;shutter_speed&quot;:&quot;0&quot;,&quot;title&quot;:&quot;&quot;,&quot;orientation&quot;:&quot;1&quot;}\" data-image-title=\"2\" data-image-description=\"\" data-image-caption=\"\" data-large-file=\"https:\/\/mula.es\/web\/wp-content\/uploads\/2024\/05\/2-4-1024x1024.jpg\" class=\"alignnone size-medium wp-image-53838\" src=\"https:\/\/mula.es\/web\/wp-content\/uploads\/2024\/05\/2-4-300x300.jpg\" alt=\"\" width=\"300\" height=\"300\" srcset=\"https:\/\/mula.es\/web\/wp-content\/uploads\/2024\/05\/2-4-66x66.jpg 66w, https:\/\/mula.es\/web\/wp-content\/uploads\/2024\/05\/2-4-150x150.jpg 150w, https:\/\/mula.es\/web\/wp-content\/uploads\/2024\/05\/2-4-200x200.jpg 200w, https:\/\/mula.es\/web\/wp-content\/uploads\/2024\/05\/2-4-300x300.jpg 300w, https:\/\/mula.es\/web\/wp-content\/uploads\/2024\/05\/2-4-400x400.jpg 400w, https:\/\/mula.es\/web\/wp-content\/uploads\/2024\/05\/2-4-600x600.jpg 600w, https:\/\/mula.es\/web\/wp-content\/uploads\/2024\/05\/2-4-768x768.jpg 768w, https:\/\/mula.es\/web\/wp-content\/uploads\/2024\/05\/2-4-800x800.jpg 800w, https:\/\/mula.es\/web\/wp-content\/uploads\/2024\/05\/2-4-1024x1024.jpg 1024w, https:\/\/mula.es\/web\/wp-content\/uploads\/2024\/05\/2-4.jpg 1080w\" sizes=\"(max-width: 300px) 100vw, 300px\" \/><\/a> <a href=\"https:\/\/mula.es\/web\/wp-content\/uploads\/2024\/05\/3-4.jpg\"><img decoding=\"async\" data-attachment-id=\"53839\" data-permalink=\"https:\/\/mula.es\/web\/turismo-comienza-el-ciclo-de-jornadas-saber-espacios-del-proyecto-murcia-rural-en-integral\/3-15\/\" data-orig-file=\"https:\/\/mula.es\/web\/wp-content\/uploads\/2024\/05\/3-4.jpg\" data-orig-size=\"1080,1080\" data-comments-opened=\"0\" data-image-meta=\"{&quot;aperture&quot;:&quot;0&quot;,&quot;credit&quot;:&quot;&quot;,&quot;camera&quot;:&quot;&quot;,&quot;caption&quot;:&quot;&quot;,&quot;created_timestamp&quot;:&quot;0&quot;,&quot;copyright&quot;:&quot;&quot;,&quot;focal_length&quot;:&quot;0&quot;,&quot;iso&quot;:&quot;0&quot;,&quot;shutter_speed&quot;:&quot;0&quot;,&quot;title&quot;:&quot;&quot;,&quot;orientation&quot;:&quot;1&quot;}\" data-image-title=\"3\" data-image-description=\"\" data-image-caption=\"\" data-large-file=\"https:\/\/mula.es\/web\/wp-content\/uploads\/2024\/05\/3-4-1024x1024.jpg\" class=\"alignnone size-medium wp-image-53839\" src=\"https:\/\/mula.es\/web\/wp-content\/uploads\/2024\/05\/3-4-300x300.jpg\" alt=\"\" width=\"300\" height=\"300\" srcset=\"https:\/\/mula.es\/web\/wp-content\/uploads\/2024\/05\/3-4-66x66.jpg 66w, https:\/\/mula.es\/web\/wp-content\/uploads\/2024\/05\/3-4-150x150.jpg 150w, https:\/\/mula.es\/web\/wp-content\/uploads\/2024\/05\/3-4-200x200.jpg 200w, https:\/\/mula.es\/web\/wp-content\/uploads\/2024\/05\/3-4-300x300.jpg 300w, https:\/\/mula.es\/web\/wp-content\/uploads\/2024\/05\/3-4-400x400.jpg 400w, https:\/\/mula.es\/web\/wp-content\/uploads\/2024\/05\/3-4-600x600.jpg 600w, https:\/\/mula.es\/web\/wp-content\/uploads\/2024\/05\/3-4-768x768.jpg 768w, https:\/\/mula.es\/web\/wp-content\/uploads\/2024\/05\/3-4-800x800.jpg 800w, https:\/\/mula.es\/web\/wp-content\/uploads\/2024\/05\/3-4-1024x1024.jpg 1024w, https:\/\/mula.es\/web\/wp-content\/uploads\/2024\/05\/3-4.jpg 1080w\" sizes=\"(max-width: 300px) 100vw, 300px\" \/><\/a> <a href=\"https:\/\/mula.es\/web\/wp-content\/uploads\/2024\/05\/4-4.jpg\"><img decoding=\"async\" data-attachment-id=\"53840\" data-permalink=\"https:\/\/mula.es\/web\/turismo-comienza-el-ciclo-de-jornadas-saber-espacios-del-proyecto-murcia-rural-en-integral\/4-11\/\" data-orig-file=\"https:\/\/mula.es\/web\/wp-content\/uploads\/2024\/05\/4-4.jpg\" data-orig-size=\"1080,1080\" data-comments-opened=\"0\" data-image-meta=\"{&quot;aperture&quot;:&quot;0&quot;,&quot;credit&quot;:&quot;&quot;,&quot;camera&quot;:&quot;&quot;,&quot;caption&quot;:&quot;&quot;,&quot;created_timestamp&quot;:&quot;0&quot;,&quot;copyright&quot;:&quot;&quot;,&quot;focal_length&quot;:&quot;0&quot;,&quot;iso&quot;:&quot;0&quot;,&quot;shutter_speed&quot;:&quot;0&quot;,&quot;title&quot;:&quot;&quot;,&quot;orientation&quot;:&quot;1&quot;}\" data-image-title=\"4\" data-image-description=\"\" data-image-caption=\"\" data-large-file=\"https:\/\/mula.es\/web\/wp-content\/uploads\/2024\/05\/4-4-1024x1024.jpg\" class=\"alignnone size-medium wp-image-53840\" src=\"https:\/\/mula.es\/web\/wp-content\/uploads\/2024\/05\/4-4-300x300.jpg\" alt=\"\" width=\"300\" height=\"300\" srcset=\"https:\/\/mula.es\/web\/wp-content\/uploads\/2024\/05\/4-4-66x66.jpg 66w, https:\/\/mula.es\/web\/wp-content\/uploads\/2024\/05\/4-4-150x150.jpg 150w, https:\/\/mula.es\/web\/wp-content\/uploads\/2024\/05\/4-4-200x200.jpg 200w, https:\/\/mula.es\/web\/wp-content\/uploads\/2024\/05\/4-4-300x300.jpg 300w, https:\/\/mula.es\/web\/wp-content\/uploads\/2024\/05\/4-4-400x400.jpg 400w, https:\/\/mula.es\/web\/wp-content\/uploads\/2024\/05\/4-4-600x600.jpg 600w, https:\/\/mula.es\/web\/wp-content\/uploads\/2024\/05\/4-4-768x768.jpg 768w, https:\/\/mula.es\/web\/wp-content\/uploads\/2024\/05\/4-4-800x800.jpg 800w, https:\/\/mula.es\/web\/wp-content\/uploads\/2024\/05\/4-4-1024x1024.jpg 1024w, https:\/\/mula.es\/web\/wp-content\/uploads\/2024\/05\/4-4.jpg 1080w\" sizes=\"(max-width: 300px) 100vw, 300px\" \/><\/a><\/p>\n<p>&nbsp;<\/p>\n<p>&nbsp;<\/p>\n","protected":false},"excerpt":{"rendered":"<p>El alcalde, junto a la concejal de Turismo, Alejandra Mart\u00ednez, han recibido hoy en el Convento de San Francisco a los empresarios integrados en la Ruta del Vino. As\u00ed, ha comenzado en Mula el ciclo de jornadas \u201cSaber Espacios\u201d del proyecto \u201cMurcia Rural\u201d en Integral, para visibilizar, valorar y promover los espacios, los productos y  [&#8230;]<\/p>\n","protected":false},"author":13,"featured_media":33512,"comment_status":"closed","ping_status":"closed","sticky":false,"template":"","format":"standard","meta":{"jetpack_post_was_ever_published":false,"_jetpack_newsletter_access":"","_jetpack_dont_email_post_to_subs":false,"_jetpack_newsletter_tier_id":0,"_jetpack_memberships_contains_paywalled_content":false,"_jetpack_memberships_contains_paid_content":false,"footnotes":"","jetpack_publicize_message":"","jetpack_publicize_feature_enabled":true,"jetpack_social_post_already_shared":false,"jetpack_social_options":{"image_generator_settings":{"template":"highway","default_image_id":0,"font":"","enabled":false},"version":2}},"categories":[75],"tags":[],"class_list":["post-53836","post","type-post","status-publish","format-standard","has-post-thumbnail","hentry","category-turismo"],"yoast_head":"<!-- This site is optimized with the Yoast SEO plugin v27.4 - https:\/\/yoast.com\/product\/yoast-seo-wordpress\/ -->\n<title>TURISMO | Comienza el ciclo de jornadas &quot;Saber Espacios&quot; del proyecto &quot;Murcia Rural&quot; en INTEGRAL - Ayuntamiento de Mula<\/title>\n<meta name=\"robots\" content=\"index, follow, max-snippet:-1, max-image-preview:large, max-video-preview:-1\" \/>\n<link rel=\"canonical\" href=\"https:\/\/mula.es\/web\/turismo-comienza-el-ciclo-de-jornadas-saber-espacios-del-proyecto-murcia-rural-en-integral\/\" \/>\n<meta property=\"og:locale\" content=\"es_ES\" \/>\n<meta property=\"og:type\" content=\"article\" \/>\n<meta property=\"og:title\" content=\"TURISMO | Comienza el ciclo de jornadas &quot;Saber Espacios&quot; del proyecto &quot;Murcia Rural&quot; en INTEGRAL - Ayuntamiento de Mula\" \/>\n<meta property=\"og:description\" content=\"El alcalde, junto a la concejal de Turismo, Alejandra Mart\u00ednez, han recibido hoy en el Convento de San Francisco a los empresarios integrados en la Ruta del Vino. As\u00ed, ha comenzado en Mula el ciclo de jornadas \u201cSaber Espacios\u201d del proyecto \u201cMurcia Rural\u201d en Integral, para visibilizar, valorar y promover los espacios, los productos y [...]\" \/>\n<meta property=\"og:url\" content=\"https:\/\/mula.es\/web\/turismo-comienza-el-ciclo-de-jornadas-saber-espacios-del-proyecto-murcia-rural-en-integral\/\" \/>\n<meta property=\"og:site_name\" content=\"Ayuntamiento de Mula\" \/>\n<meta property=\"article:published_time\" content=\"2024-05-09T08:20:52+00:00\" \/>\n<meta property=\"og:image\" content=\"https:\/\/mula.es\/web\/wp-content\/uploads\/2020\/06\/escudo-cuadrado-e1591045058235.jpg\" \/>\n\t<meta property=\"og:image:width\" content=\"200\" \/>\n\t<meta property=\"og:image:height\" content=\"218\" \/>\n\t<meta property=\"og:image:type\" content=\"image\/jpeg\" \/>\n<meta name=\"author\" content=\"Laura Salas Orcajada\" \/>\n<meta name=\"twitter:card\" content=\"summary_large_image\" \/>\n<meta name=\"twitter:creator\" content=\"@AyuntamientMula\" \/>\n<meta name=\"twitter:site\" content=\"@AyuntamientMula\" \/>\n<meta name=\"twitter:label1\" content=\"Escrito por\" \/>\n\t<meta name=\"twitter:data1\" content=\"Laura Salas Orcajada\" \/>\n\t<meta name=\"twitter:label2\" content=\"Tiempo de lectura\" \/>\n\t<meta name=\"twitter:data2\" content=\"1 minuto\" \/>\n<script type=\"application\/ld+json\" class=\"yoast-schema-graph\">{\"@context\":\"https:\\\/\\\/schema.org\",\"@graph\":[{\"@type\":\"Article\",\"@id\":\"https:\\\/\\\/mula.es\\\/web\\\/turismo-comienza-el-ciclo-de-jornadas-saber-espacios-del-proyecto-murcia-rural-en-integral\\\/#article\",\"isPartOf\":{\"@id\":\"https:\\\/\\\/mula.es\\\/web\\\/turismo-comienza-el-ciclo-de-jornadas-saber-espacios-del-proyecto-murcia-rural-en-integral\\\/\"},\"author\":{\"name\":\"Laura Salas Orcajada\",\"@id\":\"https:\\\/\\\/mula.es\\\/web\\\/#\\\/schema\\\/person\\\/4f10179bd364f40dceed361e61e4033f\"},\"headline\":\"TURISMO | Comienza el ciclo de jornadas \u00abSaber Espacios\u00bb del proyecto \u00abMurcia Rural\u00bb en INTEGRAL\",\"datePublished\":\"2024-05-09T08:20:52+00:00\",\"mainEntityOfPage\":{\"@id\":\"https:\\\/\\\/mula.es\\\/web\\\/turismo-comienza-el-ciclo-de-jornadas-saber-espacios-del-proyecto-murcia-rural-en-integral\\\/\"},\"wordCount\":242,\"image\":{\"@id\":\"https:\\\/\\\/mula.es\\\/web\\\/turismo-comienza-el-ciclo-de-jornadas-saber-espacios-del-proyecto-murcia-rural-en-integral\\\/#primaryimage\"},\"thumbnailUrl\":\"https:\\\/\\\/mula.es\\\/web\\\/wp-content\\\/uploads\\\/2020\\\/06\\\/escudo-cuadrado-e1591045058235.jpg\",\"articleSection\":[\"turismo\"],\"inLanguage\":\"es\"},{\"@type\":\"WebPage\",\"@id\":\"https:\\\/\\\/mula.es\\\/web\\\/turismo-comienza-el-ciclo-de-jornadas-saber-espacios-del-proyecto-murcia-rural-en-integral\\\/\",\"url\":\"https:\\\/\\\/mula.es\\\/web\\\/turismo-comienza-el-ciclo-de-jornadas-saber-espacios-del-proyecto-murcia-rural-en-integral\\\/\",\"name\":\"TURISMO | Comienza el ciclo de jornadas \\\"Saber Espacios\\\" del proyecto \\\"Murcia Rural\\\" en INTEGRAL - Ayuntamiento de Mula\",\"isPartOf\":{\"@id\":\"https:\\\/\\\/mula.es\\\/web\\\/#website\"},\"primaryImageOfPage\":{\"@id\":\"https:\\\/\\\/mula.es\\\/web\\\/turismo-comienza-el-ciclo-de-jornadas-saber-espacios-del-proyecto-murcia-rural-en-integral\\\/#primaryimage\"},\"image\":{\"@id\":\"https:\\\/\\\/mula.es\\\/web\\\/turismo-comienza-el-ciclo-de-jornadas-saber-espacios-del-proyecto-murcia-rural-en-integral\\\/#primaryimage\"},\"thumbnailUrl\":\"https:\\\/\\\/mula.es\\\/web\\\/wp-content\\\/uploads\\\/2020\\\/06\\\/escudo-cuadrado-e1591045058235.jpg\",\"datePublished\":\"2024-05-09T08:20:52+00:00\",\"author\":{\"@id\":\"https:\\\/\\\/mula.es\\\/web\\\/#\\\/schema\\\/person\\\/4f10179bd364f40dceed361e61e4033f\"},\"breadcrumb\":{\"@id\":\"https:\\\/\\\/mula.es\\\/web\\\/turismo-comienza-el-ciclo-de-jornadas-saber-espacios-del-proyecto-murcia-rural-en-integral\\\/#breadcrumb\"},\"inLanguage\":\"es\",\"potentialAction\":[{\"@type\":\"ReadAction\",\"target\":[\"https:\\\/\\\/mula.es\\\/web\\\/turismo-comienza-el-ciclo-de-jornadas-saber-espacios-del-proyecto-murcia-rural-en-integral\\\/\"]}]},{\"@type\":\"ImageObject\",\"inLanguage\":\"es\",\"@id\":\"https:\\\/\\\/mula.es\\\/web\\\/turismo-comienza-el-ciclo-de-jornadas-saber-espacios-del-proyecto-murcia-rural-en-integral\\\/#primaryimage\",\"url\":\"https:\\\/\\\/mula.es\\\/web\\\/wp-content\\\/uploads\\\/2020\\\/06\\\/escudo-cuadrado-e1591045058235.jpg\",\"contentUrl\":\"https:\\\/\\\/mula.es\\\/web\\\/wp-content\\\/uploads\\\/2020\\\/06\\\/escudo-cuadrado-e1591045058235.jpg\",\"width\":200,\"height\":218},{\"@type\":\"BreadcrumbList\",\"@id\":\"https:\\\/\\\/mula.es\\\/web\\\/turismo-comienza-el-ciclo-de-jornadas-saber-espacios-del-proyecto-murcia-rural-en-integral\\\/#breadcrumb\",\"itemListElement\":[{\"@type\":\"ListItem\",\"position\":1,\"name\":\"Portada\",\"item\":\"https:\\\/\\\/mula.es\\\/web\\\/\"},{\"@type\":\"ListItem\",\"position\":2,\"name\":\"TURISMO | Comienza el ciclo de jornadas \u00abSaber Espacios\u00bb del proyecto \u00abMurcia Rural\u00bb en INTEGRAL\"}]},{\"@type\":\"WebSite\",\"@id\":\"https:\\\/\\\/mula.es\\\/web\\\/#website\",\"url\":\"https:\\\/\\\/mula.es\\\/web\\\/\",\"name\":\"Ayuntamiento de Mula\",\"description\":\"P\u00e1gina web del Ayuntamiento de Mula (Regi\u00f3n de Murcia)\",\"potentialAction\":[{\"@type\":\"SearchAction\",\"target\":{\"@type\":\"EntryPoint\",\"urlTemplate\":\"https:\\\/\\\/mula.es\\\/web\\\/?s={search_term_string}\"},\"query-input\":{\"@type\":\"PropertyValueSpecification\",\"valueRequired\":true,\"valueName\":\"search_term_string\"}}],\"inLanguage\":\"es\"},{\"@type\":\"Person\",\"@id\":\"https:\\\/\\\/mula.es\\\/web\\\/#\\\/schema\\\/person\\\/4f10179bd364f40dceed361e61e4033f\",\"name\":\"Laura Salas Orcajada\",\"image\":{\"@type\":\"ImageObject\",\"inLanguage\":\"es\",\"@id\":\"https:\\\/\\\/secure.gravatar.com\\\/avatar\\\/786f2a223d9a455e2a448f78b5dcc1117207ef56ef3d9a04df338c0f775cd403?s=96&d=mm&r=g\",\"url\":\"https:\\\/\\\/secure.gravatar.com\\\/avatar\\\/786f2a223d9a455e2a448f78b5dcc1117207ef56ef3d9a04df338c0f775cd403?s=96&d=mm&r=g\",\"contentUrl\":\"https:\\\/\\\/secure.gravatar.com\\\/avatar\\\/786f2a223d9a455e2a448f78b5dcc1117207ef56ef3d9a04df338c0f775cd403?s=96&d=mm&r=g\",\"caption\":\"Laura Salas Orcajada\"},\"url\":\"https:\\\/\\\/mula.es\\\/web\\\/author\\\/lsalas\\\/\"}]}<\/script>\n<!-- \/ Yoast SEO plugin. -->","yoast_head_json":{"title":"TURISMO | Comienza el ciclo de jornadas \"Saber Espacios\" del proyecto \"Murcia Rural\" en INTEGRAL - Ayuntamiento de Mula","robots":{"index":"index","follow":"follow","max-snippet":"max-snippet:-1","max-image-preview":"max-image-preview:large","max-video-preview":"max-video-preview:-1"},"canonical":"https:\/\/mula.es\/web\/turismo-comienza-el-ciclo-de-jornadas-saber-espacios-del-proyecto-murcia-rural-en-integral\/","og_locale":"es_ES","og_type":"article","og_title":"TURISMO | Comienza el ciclo de jornadas \"Saber Espacios\" del proyecto \"Murcia Rural\" en INTEGRAL - Ayuntamiento de Mula","og_description":"El alcalde, junto a la concejal de Turismo, Alejandra Mart\u00ednez, han recibido hoy en el Convento de San Francisco a los empresarios integrados en la Ruta del Vino. As\u00ed, ha comenzado en Mula el ciclo de jornadas \u201cSaber Espacios\u201d del proyecto \u201cMurcia Rural\u201d en Integral, para visibilizar, valorar y promover los espacios, los productos y [...]","og_url":"https:\/\/mula.es\/web\/turismo-comienza-el-ciclo-de-jornadas-saber-espacios-del-proyecto-murcia-rural-en-integral\/","og_site_name":"Ayuntamiento de Mula","article_published_time":"2024-05-09T08:20:52+00:00","og_image":[{"width":200,"height":218,"url":"https:\/\/mula.es\/web\/wp-content\/uploads\/2020\/06\/escudo-cuadrado-e1591045058235.jpg","type":"image\/jpeg"}],"author":"Laura Salas Orcajada","twitter_card":"summary_large_image","twitter_creator":"@AyuntamientMula","twitter_site":"@AyuntamientMula","twitter_misc":{"Escrito por":"Laura Salas Orcajada","Tiempo de lectura":"1 minuto"},"schema":{"@context":"https:\/\/schema.org","@graph":[{"@type":"Article","@id":"https:\/\/mula.es\/web\/turismo-comienza-el-ciclo-de-jornadas-saber-espacios-del-proyecto-murcia-rural-en-integral\/#article","isPartOf":{"@id":"https:\/\/mula.es\/web\/turismo-comienza-el-ciclo-de-jornadas-saber-espacios-del-proyecto-murcia-rural-en-integral\/"},"author":{"name":"Laura Salas Orcajada","@id":"https:\/\/mula.es\/web\/#\/schema\/person\/4f10179bd364f40dceed361e61e4033f"},"headline":"TURISMO | Comienza el ciclo de jornadas \u00abSaber Espacios\u00bb del proyecto \u00abMurcia Rural\u00bb en INTEGRAL","datePublished":"2024-05-09T08:20:52+00:00","mainEntityOfPage":{"@id":"https:\/\/mula.es\/web\/turismo-comienza-el-ciclo-de-jornadas-saber-espacios-del-proyecto-murcia-rural-en-integral\/"},"wordCount":242,"image":{"@id":"https:\/\/mula.es\/web\/turismo-comienza-el-ciclo-de-jornadas-saber-espacios-del-proyecto-murcia-rural-en-integral\/#primaryimage"},"thumbnailUrl":"https:\/\/mula.es\/web\/wp-content\/uploads\/2020\/06\/escudo-cuadrado-e1591045058235.jpg","articleSection":["turismo"],"inLanguage":"es"},{"@type":"WebPage","@id":"https:\/\/mula.es\/web\/turismo-comienza-el-ciclo-de-jornadas-saber-espacios-del-proyecto-murcia-rural-en-integral\/","url":"https:\/\/mula.es\/web\/turismo-comienza-el-ciclo-de-jornadas-saber-espacios-del-proyecto-murcia-rural-en-integral\/","name":"TURISMO | Comienza el ciclo de jornadas \"Saber Espacios\" del proyecto \"Murcia Rural\" en INTEGRAL - Ayuntamiento de Mula","isPartOf":{"@id":"https:\/\/mula.es\/web\/#website"},"primaryImageOfPage":{"@id":"https:\/\/mula.es\/web\/turismo-comienza-el-ciclo-de-jornadas-saber-espacios-del-proyecto-murcia-rural-en-integral\/#primaryimage"},"image":{"@id":"https:\/\/mula.es\/web\/turismo-comienza-el-ciclo-de-jornadas-saber-espacios-del-proyecto-murcia-rural-en-integral\/#primaryimage"},"thumbnailUrl":"https:\/\/mula.es\/web\/wp-content\/uploads\/2020\/06\/escudo-cuadrado-e1591045058235.jpg","datePublished":"2024-05-09T08:20:52+00:00","author":{"@id":"https:\/\/mula.es\/web\/#\/schema\/person\/4f10179bd364f40dceed361e61e4033f"},"breadcrumb":{"@id":"https:\/\/mula.es\/web\/turismo-comienza-el-ciclo-de-jornadas-saber-espacios-del-proyecto-murcia-rural-en-integral\/#breadcrumb"},"inLanguage":"es","potentialAction":[{"@type":"ReadAction","target":["https:\/\/mula.es\/web\/turismo-comienza-el-ciclo-de-jornadas-saber-espacios-del-proyecto-murcia-rural-en-integral\/"]}]},{"@type":"ImageObject","inLanguage":"es","@id":"https:\/\/mula.es\/web\/turismo-comienza-el-ciclo-de-jornadas-saber-espacios-del-proyecto-murcia-rural-en-integral\/#primaryimage","url":"https:\/\/mula.es\/web\/wp-content\/uploads\/2020\/06\/escudo-cuadrado-e1591045058235.jpg","contentUrl":"https:\/\/mula.es\/web\/wp-content\/uploads\/2020\/06\/escudo-cuadrado-e1591045058235.jpg","width":200,"height":218},{"@type":"BreadcrumbList","@id":"https:\/\/mula.es\/web\/turismo-comienza-el-ciclo-de-jornadas-saber-espacios-del-proyecto-murcia-rural-en-integral\/#breadcrumb","itemListElement":[{"@type":"ListItem","position":1,"name":"Portada","item":"https:\/\/mula.es\/web\/"},{"@type":"ListItem","position":2,"name":"TURISMO | Comienza el ciclo de jornadas \u00abSaber Espacios\u00bb del proyecto \u00abMurcia Rural\u00bb en INTEGRAL"}]},{"@type":"WebSite","@id":"https:\/\/mula.es\/web\/#website","url":"https:\/\/mula.es\/web\/","name":"Ayuntamiento de Mula","description":"P\u00e1gina web del Ayuntamiento de Mula (Regi\u00f3n de Murcia)","potentialAction":[{"@type":"SearchAction","target":{"@type":"EntryPoint","urlTemplate":"https:\/\/mula.es\/web\/?s={search_term_string}"},"query-input":{"@type":"PropertyValueSpecification","valueRequired":true,"valueName":"search_term_string"}}],"inLanguage":"es"},{"@type":"Person","@id":"https:\/\/mula.es\/web\/#\/schema\/person\/4f10179bd364f40dceed361e61e4033f","name":"Laura Salas Orcajada","image":{"@type":"ImageObject","inLanguage":"es","@id":"https:\/\/secure.gravatar.com\/avatar\/786f2a223d9a455e2a448f78b5dcc1117207ef56ef3d9a04df338c0f775cd403?s=96&d=mm&r=g","url":"https:\/\/secure.gravatar.com\/avatar\/786f2a223d9a455e2a448f78b5dcc1117207ef56ef3d9a04df338c0f775cd403?s=96&d=mm&r=g","contentUrl":"https:\/\/secure.gravatar.com\/avatar\/786f2a223d9a455e2a448f78b5dcc1117207ef56ef3d9a04df338c0f775cd403?s=96&d=mm&r=g","caption":"Laura Salas Orcajada"},"url":"https:\/\/mula.es\/web\/author\/lsalas\/"}]}},"jetpack_publicize_connections":[],"jetpack_featured_media_url":"https:\/\/mula.es\/web\/wp-content\/uploads\/2020\/06\/escudo-cuadrado-e1591045058235.jpg","jetpack_sharing_enabled":true,"jetpack_shortlink":"https:\/\/wp.me\/pa9DMY-e0k","jetpack-related-posts":[],"_links":{"self":[{"href":"https:\/\/mula.es\/web\/wp-json\/wp\/v2\/posts\/53836","targetHints":{"allow":["GET"]}}],"collection":[{"href":"https:\/\/mula.es\/web\/wp-json\/wp\/v2\/posts"}],"about":[{"href":"https:\/\/mula.es\/web\/wp-json\/wp\/v2\/types\/post"}],"author":[{"embeddable":true,"href":"https:\/\/mula.es\/web\/wp-json\/wp\/v2\/users\/13"}],"replies":[{"embeddable":true,"href":"https:\/\/mula.es\/web\/wp-json\/wp\/v2\/comments?post=53836"}],"version-history":[{"count":1,"href":"https:\/\/mula.es\/web\/wp-json\/wp\/v2\/posts\/53836\/revisions"}],"predecessor-version":[{"id":53841,"href":"https:\/\/mula.es\/web\/wp-json\/wp\/v2\/posts\/53836\/revisions\/53841"}],"wp:featuredmedia":[{"embeddable":true,"href":"https:\/\/mula.es\/web\/wp-json\/wp\/v2\/media\/33512"}],"wp:attachment":[{"href":"https:\/\/mula.es\/web\/wp-json\/wp\/v2\/media?parent=53836"}],"wp:term":[{"taxonomy":"category","embeddable":true,"href":"https:\/\/mula.es\/web\/wp-json\/wp\/v2\/categories?post=53836"},{"taxonomy":"post_tag","embeddable":true,"href":"https:\/\/mula.es\/web\/wp-json\/wp\/v2\/tags?post=53836"}],"curies":[{"name":"wp","href":"https:\/\/api.w.org\/{rel}","templated":true}]}}