{"id":53842,"date":"2024-05-09T13:20:55","date_gmt":"2024-05-09T11:20:55","guid":{"rendered":"https:\/\/mula.es\/web\/?p=53842"},"modified":"2024-05-10T10:29:33","modified_gmt":"2024-05-10T08:29:33","slug":"turismo-san-isidro-declarada-fiesta-de-interes-turistico-regional","status":"publish","type":"post","link":"https:\/\/mula.es\/web\/turismo-san-isidro-declarada-fiesta-de-interes-turistico-regional\/","title":{"rendered":"TURISMO | San Isidro declarada Fiesta de Inter\u00e9s Tur\u00edstico Regional"},"content":{"rendered":"<p>El Ayuntamiento de Mula celebra la declaraci\u00f3n de Inter\u00e9s Tur\u00edstico Regional de las fiestas de San Isidro\u2063<br \/>\n\u2063<br \/>\nEn un encuentro hist\u00f3rico celebrado hoy en Murcia, el alcalde de Mula, junto con la concejala de Turismo, Alejandra Mart\u00ednez; el concejal de Cultura, Diego Boluda y la concejala de Festejos, Alicia Zapata, se han reunido con la consejera de Cultura, Turismo, Juventud, Deportes y con la destacada Hermandad de San Isidro de Mula, en v\u00edsperas de las festividades en honor al venerado patr\u00f3n de los agricultores. \u2063<br \/>\n\u2063<br \/>\nEn este significativo encuentro, la consejera entreg\u00f3 al alcalde la codiciada declaraci\u00f3n de Inter\u00e9s Tur\u00edstico Regional para las festividades de San Isidro.\u2063<br \/>\n\u2063<br \/>\nLa Hermandad de San Isidro, reconocida por su incansable labor en preservar las tradiciones y en enriquecer el patrimonio cultural de Mula, ha sido fundamental en el proceso de obtenci\u00f3n de este importante reconocimiento. Su dedicaci\u00f3n y compromiso con la organizaci\u00f3n de estas festividades han sido clave para consolidar a San Isidro como una celebraci\u00f3n emblem\u00e1tica en la Regi\u00f3n.\u2063<br \/>\n\u2063<br \/>\nEl alcalde de Mula expres\u00f3 su gratitud hacia la Hermandad de San Isidro, destacando su invaluable contribuci\u00f3n al enriquecimiento de la vida cultural y tur\u00edstica del municipio: \u00abEstamos profundamente agradecidos por el incansable trabajo y la dedicaci\u00f3n de la Hermandad de San Isidro, quienes han mantenido viva la esencia de nuestras tradiciones durante generaciones. Esta declaraci\u00f3n de Inter\u00e9s Tur\u00edstico Regional es un merecido reconocimiento a su labor\u00bb.\u2063<br \/>\n\u2063<br \/>\nPor su parte, la concejala de Turismo subray\u00f3 la importancia de San Isidro como una festividad arraigada en la identidad de Mula y su relevancia en el \u00e1mbito tur\u00edstico: \u00abLas festividades de San Isidro son un tesoro cultural que atrae a visitantes de todas partes. Esta declaraci\u00f3n de Inter\u00e9s Tur\u00edstico Regional abre nuevas oportunidades para promover nuestra riqueza cultural y atraer a m\u00e1s personas a disfrutar de nuestras tradiciones y hospitalidad\u00bb.\u2063<br \/>\n\u2063<br \/>\nLa obtenci\u00f3n de la declaraci\u00f3n de Inter\u00e9s Tur\u00edstico Regional para las festividades de San Isidro representa un hito significativo para Mula, consolidando su posici\u00f3n como destino tur\u00edstico de gran valor cultural y patrimonial.\u2063<br \/>\n\u2063<\/p>\n","protected":false},"excerpt":{"rendered":"<p>El Ayuntamiento de Mula celebra la declaraci\u00f3n de Inter\u00e9s Tur\u00edstico Regional de las fiestas de San Isidro\u2063 \u2063 En un encuentro hist\u00f3rico celebrado hoy en Murcia, el alcalde de Mula, junto con la concejala de Turismo, Alejandra Mart\u00ednez; el concejal de Cultura, Diego Boluda y la concejala de Festejos, Alicia Zapata, se han reunido con  [&#8230;]<\/p>\n","protected":false},"author":13,"featured_media":33512,"comment_status":"closed","ping_status":"closed","sticky":false,"template":"","format":"standard","meta":{"jetpack_post_was_ever_published":false,"_jetpack_newsletter_access":"","_jetpack_dont_email_post_to_subs":false,"_jetpack_newsletter_tier_id":0,"_jetpack_memberships_contains_paywalled_content":false,"_jetpack_memberships_contains_paid_content":false,"footnotes":"","jetpack_publicize_message":"","jetpack_publicize_feature_enabled":true,"jetpack_social_post_already_shared":false,"jetpack_social_options":{"image_generator_settings":{"template":"highway","default_image_id":0,"font":"","enabled":false},"version":2}},"categories":[171],"tags":[],"class_list":["post-53842","post","type-post","status-publish","format-standard","has-post-thumbnail","hentry","category-festejos"],"yoast_head":"<!-- This site is optimized with the Yoast SEO plugin v27.4 - https:\/\/yoast.com\/product\/yoast-seo-wordpress\/ -->\n<title>TURISMO | San Isidro declarada Fiesta de Inter\u00e9s Tur\u00edstico Regional - Ayuntamiento de Mula<\/title>\n<meta name=\"robots\" content=\"index, follow, max-snippet:-1, max-image-preview:large, max-video-preview:-1\" \/>\n<link rel=\"canonical\" href=\"https:\/\/mula.es\/web\/turismo-san-isidro-declarada-fiesta-de-interes-turistico-regional\/\" \/>\n<meta property=\"og:locale\" content=\"es_ES\" \/>\n<meta property=\"og:type\" content=\"article\" \/>\n<meta property=\"og:title\" content=\"TURISMO | San Isidro declarada Fiesta de Inter\u00e9s Tur\u00edstico Regional - Ayuntamiento de Mula\" \/>\n<meta property=\"og:description\" content=\"El Ayuntamiento de Mula celebra la declaraci\u00f3n de Inter\u00e9s Tur\u00edstico Regional de las fiestas de San Isidro\u2063 \u2063 En un encuentro hist\u00f3rico celebrado hoy en Murcia, el alcalde de Mula, junto con la concejala de Turismo, Alejandra Mart\u00ednez; el concejal de Cultura, Diego Boluda y la concejala de Festejos, Alicia Zapata, se han reunido con [...]\" \/>\n<meta property=\"og:url\" content=\"https:\/\/mula.es\/web\/turismo-san-isidro-declarada-fiesta-de-interes-turistico-regional\/\" \/>\n<meta property=\"og:site_name\" content=\"Ayuntamiento de Mula\" \/>\n<meta property=\"article:published_time\" content=\"2024-05-09T11:20:55+00:00\" \/>\n<meta property=\"article:modified_time\" content=\"2024-05-10T08:29:33+00:00\" \/>\n<meta property=\"og:image\" content=\"https:\/\/mula.es\/web\/wp-content\/uploads\/2020\/06\/escudo-cuadrado-e1591045058235.jpg\" \/>\n\t<meta property=\"og:image:width\" content=\"200\" \/>\n\t<meta property=\"og:image:height\" content=\"218\" \/>\n\t<meta property=\"og:image:type\" content=\"image\/jpeg\" \/>\n<meta name=\"author\" content=\"Laura Salas Orcajada\" \/>\n<meta name=\"twitter:card\" content=\"summary_large_image\" \/>\n<meta name=\"twitter:creator\" content=\"@AyuntamientMula\" \/>\n<meta name=\"twitter:site\" content=\"@AyuntamientMula\" \/>\n<meta name=\"twitter:label1\" content=\"Escrito por\" \/>\n\t<meta name=\"twitter:data1\" content=\"Laura Salas Orcajada\" \/>\n\t<meta name=\"twitter:label2\" content=\"Tiempo de lectura\" \/>\n\t<meta name=\"twitter:data2\" content=\"2 minutos\" \/>\n<script type=\"application\/ld+json\" class=\"yoast-schema-graph\">{\"@context\":\"https:\\\/\\\/schema.org\",\"@graph\":[{\"@type\":\"Article\",\"@id\":\"https:\\\/\\\/mula.es\\\/web\\\/turismo-san-isidro-declarada-fiesta-de-interes-turistico-regional\\\/#article\",\"isPartOf\":{\"@id\":\"https:\\\/\\\/mula.es\\\/web\\\/turismo-san-isidro-declarada-fiesta-de-interes-turistico-regional\\\/\"},\"author\":{\"name\":\"Laura Salas Orcajada\",\"@id\":\"https:\\\/\\\/mula.es\\\/web\\\/#\\\/schema\\\/person\\\/4f10179bd364f40dceed361e61e4033f\"},\"headline\":\"TURISMO | San Isidro declarada Fiesta de Inter\u00e9s Tur\u00edstico Regional\",\"datePublished\":\"2024-05-09T11:20:55+00:00\",\"dateModified\":\"2024-05-10T08:29:33+00:00\",\"mainEntityOfPage\":{\"@id\":\"https:\\\/\\\/mula.es\\\/web\\\/turismo-san-isidro-declarada-fiesta-de-interes-turistico-regional\\\/\"},\"wordCount\":380,\"image\":{\"@id\":\"https:\\\/\\\/mula.es\\\/web\\\/turismo-san-isidro-declarada-fiesta-de-interes-turistico-regional\\\/#primaryimage\"},\"thumbnailUrl\":\"https:\\\/\\\/mula.es\\\/web\\\/wp-content\\\/uploads\\\/2020\\\/06\\\/escudo-cuadrado-e1591045058235.jpg\",\"articleSection\":[\"festejos\"],\"inLanguage\":\"es\"},{\"@type\":\"WebPage\",\"@id\":\"https:\\\/\\\/mula.es\\\/web\\\/turismo-san-isidro-declarada-fiesta-de-interes-turistico-regional\\\/\",\"url\":\"https:\\\/\\\/mula.es\\\/web\\\/turismo-san-isidro-declarada-fiesta-de-interes-turistico-regional\\\/\",\"name\":\"TURISMO | San Isidro declarada Fiesta de Inter\u00e9s Tur\u00edstico Regional - Ayuntamiento de Mula\",\"isPartOf\":{\"@id\":\"https:\\\/\\\/mula.es\\\/web\\\/#website\"},\"primaryImageOfPage\":{\"@id\":\"https:\\\/\\\/mula.es\\\/web\\\/turismo-san-isidro-declarada-fiesta-de-interes-turistico-regional\\\/#primaryimage\"},\"image\":{\"@id\":\"https:\\\/\\\/mula.es\\\/web\\\/turismo-san-isidro-declarada-fiesta-de-interes-turistico-regional\\\/#primaryimage\"},\"thumbnailUrl\":\"https:\\\/\\\/mula.es\\\/web\\\/wp-content\\\/uploads\\\/2020\\\/06\\\/escudo-cuadrado-e1591045058235.jpg\",\"datePublished\":\"2024-05-09T11:20:55+00:00\",\"dateModified\":\"2024-05-10T08:29:33+00:00\",\"author\":{\"@id\":\"https:\\\/\\\/mula.es\\\/web\\\/#\\\/schema\\\/person\\\/4f10179bd364f40dceed361e61e4033f\"},\"breadcrumb\":{\"@id\":\"https:\\\/\\\/mula.es\\\/web\\\/turismo-san-isidro-declarada-fiesta-de-interes-turistico-regional\\\/#breadcrumb\"},\"inLanguage\":\"es\",\"potentialAction\":[{\"@type\":\"ReadAction\",\"target\":[\"https:\\\/\\\/mula.es\\\/web\\\/turismo-san-isidro-declarada-fiesta-de-interes-turistico-regional\\\/\"]}]},{\"@type\":\"ImageObject\",\"inLanguage\":\"es\",\"@id\":\"https:\\\/\\\/mula.es\\\/web\\\/turismo-san-isidro-declarada-fiesta-de-interes-turistico-regional\\\/#primaryimage\",\"url\":\"https:\\\/\\\/mula.es\\\/web\\\/wp-content\\\/uploads\\\/2020\\\/06\\\/escudo-cuadrado-e1591045058235.jpg\",\"contentUrl\":\"https:\\\/\\\/mula.es\\\/web\\\/wp-content\\\/uploads\\\/2020\\\/06\\\/escudo-cuadrado-e1591045058235.jpg\",\"width\":200,\"height\":218},{\"@type\":\"BreadcrumbList\",\"@id\":\"https:\\\/\\\/mula.es\\\/web\\\/turismo-san-isidro-declarada-fiesta-de-interes-turistico-regional\\\/#breadcrumb\",\"itemListElement\":[{\"@type\":\"ListItem\",\"position\":1,\"name\":\"Portada\",\"item\":\"https:\\\/\\\/mula.es\\\/web\\\/\"},{\"@type\":\"ListItem\",\"position\":2,\"name\":\"TURISMO | San Isidro declarada Fiesta de Inter\u00e9s Tur\u00edstico Regional\"}]},{\"@type\":\"WebSite\",\"@id\":\"https:\\\/\\\/mula.es\\\/web\\\/#website\",\"url\":\"https:\\\/\\\/mula.es\\\/web\\\/\",\"name\":\"Ayuntamiento de Mula\",\"description\":\"P\u00e1gina web del Ayuntamiento de Mula (Regi\u00f3n de Murcia)\",\"potentialAction\":[{\"@type\":\"SearchAction\",\"target\":{\"@type\":\"EntryPoint\",\"urlTemplate\":\"https:\\\/\\\/mula.es\\\/web\\\/?s={search_term_string}\"},\"query-input\":{\"@type\":\"PropertyValueSpecification\",\"valueRequired\":true,\"valueName\":\"search_term_string\"}}],\"inLanguage\":\"es\"},{\"@type\":\"Person\",\"@id\":\"https:\\\/\\\/mula.es\\\/web\\\/#\\\/schema\\\/person\\\/4f10179bd364f40dceed361e61e4033f\",\"name\":\"Laura Salas Orcajada\",\"image\":{\"@type\":\"ImageObject\",\"inLanguage\":\"es\",\"@id\":\"https:\\\/\\\/secure.gravatar.com\\\/avatar\\\/786f2a223d9a455e2a448f78b5dcc1117207ef56ef3d9a04df338c0f775cd403?s=96&d=mm&r=g\",\"url\":\"https:\\\/\\\/secure.gravatar.com\\\/avatar\\\/786f2a223d9a455e2a448f78b5dcc1117207ef56ef3d9a04df338c0f775cd403?s=96&d=mm&r=g\",\"contentUrl\":\"https:\\\/\\\/secure.gravatar.com\\\/avatar\\\/786f2a223d9a455e2a448f78b5dcc1117207ef56ef3d9a04df338c0f775cd403?s=96&d=mm&r=g\",\"caption\":\"Laura Salas Orcajada\"},\"url\":\"https:\\\/\\\/mula.es\\\/web\\\/author\\\/lsalas\\\/\"}]}<\/script>\n<!-- \/ Yoast SEO plugin. -->","yoast_head_json":{"title":"TURISMO | San Isidro declarada Fiesta de Inter\u00e9s Tur\u00edstico Regional - Ayuntamiento de Mula","robots":{"index":"index","follow":"follow","max-snippet":"max-snippet:-1","max-image-preview":"max-image-preview:large","max-video-preview":"max-video-preview:-1"},"canonical":"https:\/\/mula.es\/web\/turismo-san-isidro-declarada-fiesta-de-interes-turistico-regional\/","og_locale":"es_ES","og_type":"article","og_title":"TURISMO | San Isidro declarada Fiesta de Inter\u00e9s Tur\u00edstico Regional - Ayuntamiento de Mula","og_description":"El Ayuntamiento de Mula celebra la declaraci\u00f3n de Inter\u00e9s Tur\u00edstico Regional de las fiestas de San Isidro\u2063 \u2063 En un encuentro hist\u00f3rico celebrado hoy en Murcia, el alcalde de Mula, junto con la concejala de Turismo, Alejandra Mart\u00ednez; el concejal de Cultura, Diego Boluda y la concejala de Festejos, Alicia Zapata, se han reunido con [...]","og_url":"https:\/\/mula.es\/web\/turismo-san-isidro-declarada-fiesta-de-interes-turistico-regional\/","og_site_name":"Ayuntamiento de Mula","article_published_time":"2024-05-09T11:20:55+00:00","article_modified_time":"2024-05-10T08:29:33+00:00","og_image":[{"width":200,"height":218,"url":"https:\/\/mula.es\/web\/wp-content\/uploads\/2020\/06\/escudo-cuadrado-e1591045058235.jpg","type":"image\/jpeg"}],"author":"Laura Salas Orcajada","twitter_card":"summary_large_image","twitter_creator":"@AyuntamientMula","twitter_site":"@AyuntamientMula","twitter_misc":{"Escrito por":"Laura Salas Orcajada","Tiempo de lectura":"2 minutos"},"schema":{"@context":"https:\/\/schema.org","@graph":[{"@type":"Article","@id":"https:\/\/mula.es\/web\/turismo-san-isidro-declarada-fiesta-de-interes-turistico-regional\/#article","isPartOf":{"@id":"https:\/\/mula.es\/web\/turismo-san-isidro-declarada-fiesta-de-interes-turistico-regional\/"},"author":{"name":"Laura Salas Orcajada","@id":"https:\/\/mula.es\/web\/#\/schema\/person\/4f10179bd364f40dceed361e61e4033f"},"headline":"TURISMO | San Isidro declarada Fiesta de Inter\u00e9s Tur\u00edstico Regional","datePublished":"2024-05-09T11:20:55+00:00","dateModified":"2024-05-10T08:29:33+00:00","mainEntityOfPage":{"@id":"https:\/\/mula.es\/web\/turismo-san-isidro-declarada-fiesta-de-interes-turistico-regional\/"},"wordCount":380,"image":{"@id":"https:\/\/mula.es\/web\/turismo-san-isidro-declarada-fiesta-de-interes-turistico-regional\/#primaryimage"},"thumbnailUrl":"https:\/\/mula.es\/web\/wp-content\/uploads\/2020\/06\/escudo-cuadrado-e1591045058235.jpg","articleSection":["festejos"],"inLanguage":"es"},{"@type":"WebPage","@id":"https:\/\/mula.es\/web\/turismo-san-isidro-declarada-fiesta-de-interes-turistico-regional\/","url":"https:\/\/mula.es\/web\/turismo-san-isidro-declarada-fiesta-de-interes-turistico-regional\/","name":"TURISMO | San Isidro declarada Fiesta de Inter\u00e9s Tur\u00edstico Regional - Ayuntamiento de Mula","isPartOf":{"@id":"https:\/\/mula.es\/web\/#website"},"primaryImageOfPage":{"@id":"https:\/\/mula.es\/web\/turismo-san-isidro-declarada-fiesta-de-interes-turistico-regional\/#primaryimage"},"image":{"@id":"https:\/\/mula.es\/web\/turismo-san-isidro-declarada-fiesta-de-interes-turistico-regional\/#primaryimage"},"thumbnailUrl":"https:\/\/mula.es\/web\/wp-content\/uploads\/2020\/06\/escudo-cuadrado-e1591045058235.jpg","datePublished":"2024-05-09T11:20:55+00:00","dateModified":"2024-05-10T08:29:33+00:00","author":{"@id":"https:\/\/mula.es\/web\/#\/schema\/person\/4f10179bd364f40dceed361e61e4033f"},"breadcrumb":{"@id":"https:\/\/mula.es\/web\/turismo-san-isidro-declarada-fiesta-de-interes-turistico-regional\/#breadcrumb"},"inLanguage":"es","potentialAction":[{"@type":"ReadAction","target":["https:\/\/mula.es\/web\/turismo-san-isidro-declarada-fiesta-de-interes-turistico-regional\/"]}]},{"@type":"ImageObject","inLanguage":"es","@id":"https:\/\/mula.es\/web\/turismo-san-isidro-declarada-fiesta-de-interes-turistico-regional\/#primaryimage","url":"https:\/\/mula.es\/web\/wp-content\/uploads\/2020\/06\/escudo-cuadrado-e1591045058235.jpg","contentUrl":"https:\/\/mula.es\/web\/wp-content\/uploads\/2020\/06\/escudo-cuadrado-e1591045058235.jpg","width":200,"height":218},{"@type":"BreadcrumbList","@id":"https:\/\/mula.es\/web\/turismo-san-isidro-declarada-fiesta-de-interes-turistico-regional\/#breadcrumb","itemListElement":[{"@type":"ListItem","position":1,"name":"Portada","item":"https:\/\/mula.es\/web\/"},{"@type":"ListItem","position":2,"name":"TURISMO | San Isidro declarada Fiesta de Inter\u00e9s Tur\u00edstico Regional"}]},{"@type":"WebSite","@id":"https:\/\/mula.es\/web\/#website","url":"https:\/\/mula.es\/web\/","name":"Ayuntamiento de Mula","description":"P\u00e1gina web del Ayuntamiento de Mula (Regi\u00f3n de Murcia)","potentialAction":[{"@type":"SearchAction","target":{"@type":"EntryPoint","urlTemplate":"https:\/\/mula.es\/web\/?s={search_term_string}"},"query-input":{"@type":"PropertyValueSpecification","valueRequired":true,"valueName":"search_term_string"}}],"inLanguage":"es"},{"@type":"Person","@id":"https:\/\/mula.es\/web\/#\/schema\/person\/4f10179bd364f40dceed361e61e4033f","name":"Laura Salas Orcajada","image":{"@type":"ImageObject","inLanguage":"es","@id":"https:\/\/secure.gravatar.com\/avatar\/786f2a223d9a455e2a448f78b5dcc1117207ef56ef3d9a04df338c0f775cd403?s=96&d=mm&r=g","url":"https:\/\/secure.gravatar.com\/avatar\/786f2a223d9a455e2a448f78b5dcc1117207ef56ef3d9a04df338c0f775cd403?s=96&d=mm&r=g","contentUrl":"https:\/\/secure.gravatar.com\/avatar\/786f2a223d9a455e2a448f78b5dcc1117207ef56ef3d9a04df338c0f775cd403?s=96&d=mm&r=g","caption":"Laura Salas Orcajada"},"url":"https:\/\/mula.es\/web\/author\/lsalas\/"}]}},"jetpack_publicize_connections":[],"jetpack_featured_media_url":"https:\/\/mula.es\/web\/wp-content\/uploads\/2020\/06\/escudo-cuadrado-e1591045058235.jpg","jetpack_sharing_enabled":true,"jetpack_shortlink":"https:\/\/wp.me\/pa9DMY-e0q","jetpack-related-posts":[],"_links":{"self":[{"href":"https:\/\/mula.es\/web\/wp-json\/wp\/v2\/posts\/53842","targetHints":{"allow":["GET"]}}],"collection":[{"href":"https:\/\/mula.es\/web\/wp-json\/wp\/v2\/posts"}],"about":[{"href":"https:\/\/mula.es\/web\/wp-json\/wp\/v2\/types\/post"}],"author":[{"embeddable":true,"href":"https:\/\/mula.es\/web\/wp-json\/wp\/v2\/users\/13"}],"replies":[{"embeddable":true,"href":"https:\/\/mula.es\/web\/wp-json\/wp\/v2\/comments?post=53842"}],"version-history":[{"count":1,"href":"https:\/\/mula.es\/web\/wp-json\/wp\/v2\/posts\/53842\/revisions"}],"predecessor-version":[{"id":53843,"href":"https:\/\/mula.es\/web\/wp-json\/wp\/v2\/posts\/53842\/revisions\/53843"}],"wp:featuredmedia":[{"embeddable":true,"href":"https:\/\/mula.es\/web\/wp-json\/wp\/v2\/media\/33512"}],"wp:attachment":[{"href":"https:\/\/mula.es\/web\/wp-json\/wp\/v2\/media?parent=53842"}],"wp:term":[{"taxonomy":"category","embeddable":true,"href":"https:\/\/mula.es\/web\/wp-json\/wp\/v2\/categories?post=53842"},{"taxonomy":"post_tag","embeddable":true,"href":"https:\/\/mula.es\/web\/wp-json\/wp\/v2\/tags?post=53842"}],"curies":[{"name":"wp","href":"https:\/\/api.w.org\/{rel}","templated":true}]}}