{"id":53844,"date":"2024-05-09T20:39:42","date_gmt":"2024-05-09T18:39:42","guid":{"rendered":"https:\/\/mula.es\/web\/?p=53844"},"modified":"2024-05-09T20:39:42","modified_gmt":"2024-05-09T18:39:42","slug":"cultura-los-museos-de-mula-presentan-su-programacion-especial-con-motivo-del-dia-internacional-de-los-museos","status":"publish","type":"post","link":"https:\/\/mula.es\/web\/cultura-los-museos-de-mula-presentan-su-programacion-especial-con-motivo-del-dia-internacional-de-los-museos\/","title":{"rendered":"CULTURA | Los museos de Mula presentan su programaci\u00f3n especial con motivo del D\u00eda Internacional de los Museos"},"content":{"rendered":"<p>El pr\u00f3ximo s\u00e1bado 18 de mayo, los amantes del arte y la cultura tienen una cita ineludible en Mula con \u00abLa Noche de los Museos\u00bb. Por primera vez, los tres museos del municipio se unen en una actividad conjunta para celebrar el D\u00eda Internacional de los Museos, en un evento que promete una experiencia cultural \u00fanica y enriquecedora donde los museos permanecer\u00e1n abiertos hasta altas horas de la noche, ofreciendo visitas guiadas, talleres y recitales po\u00e9ticos en un ambiente \u00fanico y envolvente.<\/p>\n<p>En la presentaci\u00f3n de dicha programaci\u00f3n, han estado presentes el concejal de Cultura, Diego Boluda; Virginia Page, directora del museo El Cigarralejo; Cris Gabarr\u00f3n, director del Museo Crist\u00f3bal Gabarr\u00f3n junto a la coordinadora de dicho museo, Aurora Rodr\u00edguez; y Jose Antonio Zapata, director del Museo Ciudad de Mula, a quienes el concejal agradece el esfuerzo y trabajo que han realizado para llevar a cabo esta rica e interesante programaci\u00f3n.<\/p>\n<p>Los museos de Mula: El Museo de Arte Ib\u00e9rico El Cigarralejo, Museo Crist\u00f3bal Gabarr\u00f3n y Museo Ciudad de Mula, han preparado un programa repleto de actividades que se desarrollar\u00e1n durante todo el fin de semana, del 17 al 19 de mayo.<\/p>\n<p>La programaci\u00f3n incluye una amplia variedad de actividades para disfrutar en familia o con amigos. En el Museo de Arte Ib\u00e9rico El Cigarralejo, los visitantes tuvieron la oportunidad de sumergirse en la historia del Santuario del Cigarralejo a trav\u00e9s de una emocionante visita guiada a sus exposiciones. En el Museo Crist\u00f3bal Gabarr\u00f3n, en la Casa Pintada, se llevar\u00e1 a cabo un evocador recital de poes\u00eda \u00abSpoken Word\u00bb, cautivando a la audiencia con la talentosa interpretaci\u00f3n de \u00c1ngela Salcedo. Y,entre otras muchas actividades, en el Museo Ciudad de Mula, se ofrecer\u00e1 una fascinante visita guiada al Abrigo del Milano, transportando a los participantes a la \u00e9poca prehist\u00f3rica y revelando los secretos de este importante sitio arqueol\u00f3gico. Estos son solo algunas de las muchas actividades que se desarrollar\u00e1n para destacar la riqueza cultural y la diversidad de experiencias que los museos de Mula tienen para ofrecer.<\/p>\n<p>El concejal de Cultura, Diego Boluda, expres\u00f3 su entusiasmo por esta iniciativa, afirmando:<em> \u00abEstamos encantados de poder ofrecer esta experiencia cultural tan especial a nuestros vecinos y visitantes. Es la primera vez que nuestros tres museos se unen en una actividad conjunta, y estamos seguros de que ser\u00e1 una ocasi\u00f3n inolvidable para todos\u00bb.<\/em><\/p>\n<p>Con esta iniciativa, el Ayuntamiento de Mula busca fomentar el acceso a la cultura y el patrimonio local, as\u00ed como promover la participaci\u00f3n de los ciudadanos en eventos culturales de calidad.<\/p>\n<p><a href=\"https:\/\/mula.es\/web\/wp-content\/uploads\/2024\/05\/1-6.jpg\"><img decoding=\"async\" data-attachment-id=\"53845\" data-permalink=\"https:\/\/mula.es\/web\/cultura-los-museos-de-mula-presentan-su-programacion-especial-con-motivo-del-dia-internacional-de-los-museos\/1-22\/\" data-orig-file=\"https:\/\/mula.es\/web\/wp-content\/uploads\/2024\/05\/1-6.jpg\" data-orig-size=\"1080,1080\" data-comments-opened=\"0\" data-image-meta=\"{&quot;aperture&quot;:&quot;0&quot;,&quot;credit&quot;:&quot;&quot;,&quot;camera&quot;:&quot;&quot;,&quot;caption&quot;:&quot;&quot;,&quot;created_timestamp&quot;:&quot;0&quot;,&quot;copyright&quot;:&quot;&quot;,&quot;focal_length&quot;:&quot;0&quot;,&quot;iso&quot;:&quot;0&quot;,&quot;shutter_speed&quot;:&quot;0&quot;,&quot;title&quot;:&quot;&quot;,&quot;orientation&quot;:&quot;1&quot;}\" data-image-title=\"1\" data-image-description=\"\" data-image-caption=\"\" data-large-file=\"https:\/\/mula.es\/web\/wp-content\/uploads\/2024\/05\/1-6-1024x1024.jpg\" class=\"alignnone size-medium wp-image-53845\" src=\"https:\/\/mula.es\/web\/wp-content\/uploads\/2024\/05\/1-6-300x300.jpg\" alt=\"\" width=\"300\" height=\"300\" srcset=\"https:\/\/mula.es\/web\/wp-content\/uploads\/2024\/05\/1-6-66x66.jpg 66w, https:\/\/mula.es\/web\/wp-content\/uploads\/2024\/05\/1-6-150x150.jpg 150w, https:\/\/mula.es\/web\/wp-content\/uploads\/2024\/05\/1-6-200x200.jpg 200w, https:\/\/mula.es\/web\/wp-content\/uploads\/2024\/05\/1-6-300x300.jpg 300w, https:\/\/mula.es\/web\/wp-content\/uploads\/2024\/05\/1-6-400x400.jpg 400w, https:\/\/mula.es\/web\/wp-content\/uploads\/2024\/05\/1-6-600x600.jpg 600w, https:\/\/mula.es\/web\/wp-content\/uploads\/2024\/05\/1-6-768x768.jpg 768w, https:\/\/mula.es\/web\/wp-content\/uploads\/2024\/05\/1-6-800x800.jpg 800w, https:\/\/mula.es\/web\/wp-content\/uploads\/2024\/05\/1-6-1024x1024.jpg 1024w, https:\/\/mula.es\/web\/wp-content\/uploads\/2024\/05\/1-6.jpg 1080w\" sizes=\"(max-width: 300px) 100vw, 300px\" \/><\/a> <a href=\"https:\/\/mula.es\/web\/wp-content\/uploads\/2024\/05\/2-5.jpg\"><img decoding=\"async\" data-attachment-id=\"53846\" data-permalink=\"https:\/\/mula.es\/web\/cultura-los-museos-de-mula-presentan-su-programacion-especial-con-motivo-del-dia-internacional-de-los-museos\/2-19\/\" data-orig-file=\"https:\/\/mula.es\/web\/wp-content\/uploads\/2024\/05\/2-5.jpg\" data-orig-size=\"1080,1080\" data-comments-opened=\"0\" data-image-meta=\"{&quot;aperture&quot;:&quot;0&quot;,&quot;credit&quot;:&quot;&quot;,&quot;camera&quot;:&quot;&quot;,&quot;caption&quot;:&quot;&quot;,&quot;created_timestamp&quot;:&quot;0&quot;,&quot;copyright&quot;:&quot;&quot;,&quot;focal_length&quot;:&quot;0&quot;,&quot;iso&quot;:&quot;0&quot;,&quot;shutter_speed&quot;:&quot;0&quot;,&quot;title&quot;:&quot;&quot;,&quot;orientation&quot;:&quot;1&quot;}\" data-image-title=\"2\" data-image-description=\"\" data-image-caption=\"\" data-large-file=\"https:\/\/mula.es\/web\/wp-content\/uploads\/2024\/05\/2-5-1024x1024.jpg\" class=\"alignnone size-medium wp-image-53846\" src=\"https:\/\/mula.es\/web\/wp-content\/uploads\/2024\/05\/2-5-300x300.jpg\" alt=\"\" width=\"300\" height=\"300\" srcset=\"https:\/\/mula.es\/web\/wp-content\/uploads\/2024\/05\/2-5-66x66.jpg 66w, https:\/\/mula.es\/web\/wp-content\/uploads\/2024\/05\/2-5-150x150.jpg 150w, https:\/\/mula.es\/web\/wp-content\/uploads\/2024\/05\/2-5-200x200.jpg 200w, https:\/\/mula.es\/web\/wp-content\/uploads\/2024\/05\/2-5-300x300.jpg 300w, https:\/\/mula.es\/web\/wp-content\/uploads\/2024\/05\/2-5-400x400.jpg 400w, https:\/\/mula.es\/web\/wp-content\/uploads\/2024\/05\/2-5-600x600.jpg 600w, https:\/\/mula.es\/web\/wp-content\/uploads\/2024\/05\/2-5-768x768.jpg 768w, https:\/\/mula.es\/web\/wp-content\/uploads\/2024\/05\/2-5-800x800.jpg 800w, https:\/\/mula.es\/web\/wp-content\/uploads\/2024\/05\/2-5-1024x1024.jpg 1024w, https:\/\/mula.es\/web\/wp-content\/uploads\/2024\/05\/2-5.jpg 1080w\" sizes=\"(max-width: 300px) 100vw, 300px\" \/><\/a> <a href=\"https:\/\/mula.es\/web\/wp-content\/uploads\/2024\/05\/3-5.jpg\"><img decoding=\"async\" data-attachment-id=\"53847\" data-permalink=\"https:\/\/mula.es\/web\/cultura-los-museos-de-mula-presentan-su-programacion-especial-con-motivo-del-dia-internacional-de-los-museos\/3-16\/\" data-orig-file=\"https:\/\/mula.es\/web\/wp-content\/uploads\/2024\/05\/3-5.jpg\" data-orig-size=\"1080,1080\" data-comments-opened=\"0\" data-image-meta=\"{&quot;aperture&quot;:&quot;0&quot;,&quot;credit&quot;:&quot;&quot;,&quot;camera&quot;:&quot;&quot;,&quot;caption&quot;:&quot;&quot;,&quot;created_timestamp&quot;:&quot;0&quot;,&quot;copyright&quot;:&quot;&quot;,&quot;focal_length&quot;:&quot;0&quot;,&quot;iso&quot;:&quot;0&quot;,&quot;shutter_speed&quot;:&quot;0&quot;,&quot;title&quot;:&quot;&quot;,&quot;orientation&quot;:&quot;1&quot;}\" data-image-title=\"3\" data-image-description=\"\" data-image-caption=\"\" data-large-file=\"https:\/\/mula.es\/web\/wp-content\/uploads\/2024\/05\/3-5-1024x1024.jpg\" class=\"alignnone size-medium wp-image-53847\" src=\"https:\/\/mula.es\/web\/wp-content\/uploads\/2024\/05\/3-5-300x300.jpg\" alt=\"\" width=\"300\" height=\"300\" srcset=\"https:\/\/mula.es\/web\/wp-content\/uploads\/2024\/05\/3-5-66x66.jpg 66w, https:\/\/mula.es\/web\/wp-content\/uploads\/2024\/05\/3-5-150x150.jpg 150w, https:\/\/mula.es\/web\/wp-content\/uploads\/2024\/05\/3-5-200x200.jpg 200w, https:\/\/mula.es\/web\/wp-content\/uploads\/2024\/05\/3-5-300x300.jpg 300w, https:\/\/mula.es\/web\/wp-content\/uploads\/2024\/05\/3-5-400x400.jpg 400w, https:\/\/mula.es\/web\/wp-content\/uploads\/2024\/05\/3-5-600x600.jpg 600w, https:\/\/mula.es\/web\/wp-content\/uploads\/2024\/05\/3-5-768x768.jpg 768w, https:\/\/mula.es\/web\/wp-content\/uploads\/2024\/05\/3-5-800x800.jpg 800w, https:\/\/mula.es\/web\/wp-content\/uploads\/2024\/05\/3-5-1024x1024.jpg 1024w, https:\/\/mula.es\/web\/wp-content\/uploads\/2024\/05\/3-5.jpg 1080w\" sizes=\"(max-width: 300px) 100vw, 300px\" \/><\/a> <a href=\"https:\/\/mula.es\/web\/wp-content\/uploads\/2024\/05\/4-5.jpg\"><img decoding=\"async\" data-attachment-id=\"53848\" data-permalink=\"https:\/\/mula.es\/web\/cultura-los-museos-de-mula-presentan-su-programacion-especial-con-motivo-del-dia-internacional-de-los-museos\/4-12\/\" data-orig-file=\"https:\/\/mula.es\/web\/wp-content\/uploads\/2024\/05\/4-5.jpg\" data-orig-size=\"1080,1080\" data-comments-opened=\"0\" data-image-meta=\"{&quot;aperture&quot;:&quot;0&quot;,&quot;credit&quot;:&quot;&quot;,&quot;camera&quot;:&quot;&quot;,&quot;caption&quot;:&quot;&quot;,&quot;created_timestamp&quot;:&quot;0&quot;,&quot;copyright&quot;:&quot;&quot;,&quot;focal_length&quot;:&quot;0&quot;,&quot;iso&quot;:&quot;0&quot;,&quot;shutter_speed&quot;:&quot;0&quot;,&quot;title&quot;:&quot;&quot;,&quot;orientation&quot;:&quot;1&quot;}\" data-image-title=\"4\" data-image-description=\"\" data-image-caption=\"\" data-large-file=\"https:\/\/mula.es\/web\/wp-content\/uploads\/2024\/05\/4-5-1024x1024.jpg\" class=\"alignnone size-medium wp-image-53848\" src=\"https:\/\/mula.es\/web\/wp-content\/uploads\/2024\/05\/4-5-300x300.jpg\" alt=\"\" width=\"300\" height=\"300\" srcset=\"https:\/\/mula.es\/web\/wp-content\/uploads\/2024\/05\/4-5-66x66.jpg 66w, https:\/\/mula.es\/web\/wp-content\/uploads\/2024\/05\/4-5-150x150.jpg 150w, https:\/\/mula.es\/web\/wp-content\/uploads\/2024\/05\/4-5-200x200.jpg 200w, https:\/\/mula.es\/web\/wp-content\/uploads\/2024\/05\/4-5-300x300.jpg 300w, https:\/\/mula.es\/web\/wp-content\/uploads\/2024\/05\/4-5-400x400.jpg 400w, https:\/\/mula.es\/web\/wp-content\/uploads\/2024\/05\/4-5-600x600.jpg 600w, https:\/\/mula.es\/web\/wp-content\/uploads\/2024\/05\/4-5-768x768.jpg 768w, https:\/\/mula.es\/web\/wp-content\/uploads\/2024\/05\/4-5-800x800.jpg 800w, https:\/\/mula.es\/web\/wp-content\/uploads\/2024\/05\/4-5-1024x1024.jpg 1024w, https:\/\/mula.es\/web\/wp-content\/uploads\/2024\/05\/4-5.jpg 1080w\" sizes=\"(max-width: 300px) 100vw, 300px\" \/><\/a><\/p>\n","protected":false},"excerpt":{"rendered":"<p>El pr\u00f3ximo s\u00e1bado 18 de mayo, los amantes del arte y la cultura tienen una cita ineludible en Mula con \u00abLa Noche de los Museos\u00bb. Por primera vez, los tres museos del municipio se unen en una actividad conjunta para celebrar el D\u00eda Internacional de los Museos, en un evento que promete una experiencia cultural  [&#8230;]<\/p>\n","protected":false},"author":13,"featured_media":33512,"comment_status":"closed","ping_status":"closed","sticky":false,"template":"","format":"standard","meta":{"jetpack_post_was_ever_published":false,"_jetpack_newsletter_access":"","_jetpack_dont_email_post_to_subs":false,"_jetpack_newsletter_tier_id":0,"_jetpack_memberships_contains_paywalled_content":false,"_jetpack_memberships_contains_paid_content":false,"footnotes":"","jetpack_publicize_message":"","jetpack_publicize_feature_enabled":true,"jetpack_social_post_already_shared":false,"jetpack_social_options":{"image_generator_settings":{"template":"highway","default_image_id":0,"font":"","enabled":false},"version":2}},"categories":[97],"tags":[],"class_list":["post-53844","post","type-post","status-publish","format-standard","has-post-thumbnail","hentry","category-cultura"],"yoast_head":"<!-- This site is optimized with the Yoast SEO plugin v27.4 - https:\/\/yoast.com\/product\/yoast-seo-wordpress\/ -->\n<title>CULTURA | Los museos de Mula presentan su programaci\u00f3n especial con motivo del D\u00eda Internacional de los Museos - Ayuntamiento de Mula<\/title>\n<meta name=\"robots\" content=\"index, follow, max-snippet:-1, max-image-preview:large, max-video-preview:-1\" \/>\n<link rel=\"canonical\" href=\"https:\/\/mula.es\/web\/cultura-los-museos-de-mula-presentan-su-programacion-especial-con-motivo-del-dia-internacional-de-los-museos\/\" \/>\n<meta property=\"og:locale\" content=\"es_ES\" \/>\n<meta property=\"og:type\" content=\"article\" \/>\n<meta property=\"og:title\" content=\"CULTURA | Los museos de Mula presentan su programaci\u00f3n especial con motivo del D\u00eda Internacional de los Museos - Ayuntamiento de Mula\" \/>\n<meta property=\"og:description\" content=\"El pr\u00f3ximo s\u00e1bado 18 de mayo, los amantes del arte y la cultura tienen una cita ineludible en Mula con \u00abLa Noche de los Museos\u00bb. Por primera vez, los tres museos del municipio se unen en una actividad conjunta para celebrar el D\u00eda Internacional de los Museos, en un evento que promete una experiencia cultural [...]\" \/>\n<meta property=\"og:url\" content=\"https:\/\/mula.es\/web\/cultura-los-museos-de-mula-presentan-su-programacion-especial-con-motivo-del-dia-internacional-de-los-museos\/\" \/>\n<meta property=\"og:site_name\" content=\"Ayuntamiento de Mula\" \/>\n<meta property=\"article:published_time\" content=\"2024-05-09T18:39:42+00:00\" \/>\n<meta property=\"og:image\" content=\"https:\/\/mula.es\/web\/wp-content\/uploads\/2020\/06\/escudo-cuadrado-e1591045058235.jpg\" \/>\n\t<meta property=\"og:image:width\" content=\"200\" \/>\n\t<meta property=\"og:image:height\" content=\"218\" \/>\n\t<meta property=\"og:image:type\" content=\"image\/jpeg\" \/>\n<meta name=\"author\" content=\"Laura Salas Orcajada\" \/>\n<meta name=\"twitter:card\" content=\"summary_large_image\" \/>\n<meta name=\"twitter:creator\" content=\"@AyuntamientMula\" \/>\n<meta name=\"twitter:site\" content=\"@AyuntamientMula\" \/>\n<meta name=\"twitter:label1\" content=\"Escrito por\" \/>\n\t<meta name=\"twitter:data1\" content=\"Laura Salas Orcajada\" \/>\n\t<meta name=\"twitter:label2\" content=\"Tiempo de lectura\" \/>\n\t<meta name=\"twitter:data2\" content=\"1 minuto\" \/>\n<script type=\"application\/ld+json\" class=\"yoast-schema-graph\">{\"@context\":\"https:\\\/\\\/schema.org\",\"@graph\":[{\"@type\":\"Article\",\"@id\":\"https:\\\/\\\/mula.es\\\/web\\\/cultura-los-museos-de-mula-presentan-su-programacion-especial-con-motivo-del-dia-internacional-de-los-museos\\\/#article\",\"isPartOf\":{\"@id\":\"https:\\\/\\\/mula.es\\\/web\\\/cultura-los-museos-de-mula-presentan-su-programacion-especial-con-motivo-del-dia-internacional-de-los-museos\\\/\"},\"author\":{\"name\":\"Laura Salas Orcajada\",\"@id\":\"https:\\\/\\\/mula.es\\\/web\\\/#\\\/schema\\\/person\\\/4f10179bd364f40dceed361e61e4033f\"},\"headline\":\"CULTURA | Los museos de Mula presentan su programaci\u00f3n especial con motivo del D\u00eda Internacional de los Museos\",\"datePublished\":\"2024-05-09T18:39:42+00:00\",\"mainEntityOfPage\":{\"@id\":\"https:\\\/\\\/mula.es\\\/web\\\/cultura-los-museos-de-mula-presentan-su-programacion-especial-con-motivo-del-dia-internacional-de-los-museos\\\/\"},\"wordCount\":465,\"image\":{\"@id\":\"https:\\\/\\\/mula.es\\\/web\\\/cultura-los-museos-de-mula-presentan-su-programacion-especial-con-motivo-del-dia-internacional-de-los-museos\\\/#primaryimage\"},\"thumbnailUrl\":\"https:\\\/\\\/mula.es\\\/web\\\/wp-content\\\/uploads\\\/2020\\\/06\\\/escudo-cuadrado-e1591045058235.jpg\",\"articleSection\":[\"cultura\"],\"inLanguage\":\"es\"},{\"@type\":\"WebPage\",\"@id\":\"https:\\\/\\\/mula.es\\\/web\\\/cultura-los-museos-de-mula-presentan-su-programacion-especial-con-motivo-del-dia-internacional-de-los-museos\\\/\",\"url\":\"https:\\\/\\\/mula.es\\\/web\\\/cultura-los-museos-de-mula-presentan-su-programacion-especial-con-motivo-del-dia-internacional-de-los-museos\\\/\",\"name\":\"CULTURA | Los museos de Mula presentan su programaci\u00f3n especial con motivo del D\u00eda Internacional de los Museos - Ayuntamiento de Mula\",\"isPartOf\":{\"@id\":\"https:\\\/\\\/mula.es\\\/web\\\/#website\"},\"primaryImageOfPage\":{\"@id\":\"https:\\\/\\\/mula.es\\\/web\\\/cultura-los-museos-de-mula-presentan-su-programacion-especial-con-motivo-del-dia-internacional-de-los-museos\\\/#primaryimage\"},\"image\":{\"@id\":\"https:\\\/\\\/mula.es\\\/web\\\/cultura-los-museos-de-mula-presentan-su-programacion-especial-con-motivo-del-dia-internacional-de-los-museos\\\/#primaryimage\"},\"thumbnailUrl\":\"https:\\\/\\\/mula.es\\\/web\\\/wp-content\\\/uploads\\\/2020\\\/06\\\/escudo-cuadrado-e1591045058235.jpg\",\"datePublished\":\"2024-05-09T18:39:42+00:00\",\"author\":{\"@id\":\"https:\\\/\\\/mula.es\\\/web\\\/#\\\/schema\\\/person\\\/4f10179bd364f40dceed361e61e4033f\"},\"breadcrumb\":{\"@id\":\"https:\\\/\\\/mula.es\\\/web\\\/cultura-los-museos-de-mula-presentan-su-programacion-especial-con-motivo-del-dia-internacional-de-los-museos\\\/#breadcrumb\"},\"inLanguage\":\"es\",\"potentialAction\":[{\"@type\":\"ReadAction\",\"target\":[\"https:\\\/\\\/mula.es\\\/web\\\/cultura-los-museos-de-mula-presentan-su-programacion-especial-con-motivo-del-dia-internacional-de-los-museos\\\/\"]}]},{\"@type\":\"ImageObject\",\"inLanguage\":\"es\",\"@id\":\"https:\\\/\\\/mula.es\\\/web\\\/cultura-los-museos-de-mula-presentan-su-programacion-especial-con-motivo-del-dia-internacional-de-los-museos\\\/#primaryimage\",\"url\":\"https:\\\/\\\/mula.es\\\/web\\\/wp-content\\\/uploads\\\/2020\\\/06\\\/escudo-cuadrado-e1591045058235.jpg\",\"contentUrl\":\"https:\\\/\\\/mula.es\\\/web\\\/wp-content\\\/uploads\\\/2020\\\/06\\\/escudo-cuadrado-e1591045058235.jpg\",\"width\":200,\"height\":218},{\"@type\":\"BreadcrumbList\",\"@id\":\"https:\\\/\\\/mula.es\\\/web\\\/cultura-los-museos-de-mula-presentan-su-programacion-especial-con-motivo-del-dia-internacional-de-los-museos\\\/#breadcrumb\",\"itemListElement\":[{\"@type\":\"ListItem\",\"position\":1,\"name\":\"Portada\",\"item\":\"https:\\\/\\\/mula.es\\\/web\\\/\"},{\"@type\":\"ListItem\",\"position\":2,\"name\":\"CULTURA | Los museos de Mula presentan su programaci\u00f3n especial con motivo del D\u00eda Internacional de los Museos\"}]},{\"@type\":\"WebSite\",\"@id\":\"https:\\\/\\\/mula.es\\\/web\\\/#website\",\"url\":\"https:\\\/\\\/mula.es\\\/web\\\/\",\"name\":\"Ayuntamiento de Mula\",\"description\":\"P\u00e1gina web del Ayuntamiento de Mula (Regi\u00f3n de Murcia)\",\"potentialAction\":[{\"@type\":\"SearchAction\",\"target\":{\"@type\":\"EntryPoint\",\"urlTemplate\":\"https:\\\/\\\/mula.es\\\/web\\\/?s={search_term_string}\"},\"query-input\":{\"@type\":\"PropertyValueSpecification\",\"valueRequired\":true,\"valueName\":\"search_term_string\"}}],\"inLanguage\":\"es\"},{\"@type\":\"Person\",\"@id\":\"https:\\\/\\\/mula.es\\\/web\\\/#\\\/schema\\\/person\\\/4f10179bd364f40dceed361e61e4033f\",\"name\":\"Laura Salas Orcajada\",\"image\":{\"@type\":\"ImageObject\",\"inLanguage\":\"es\",\"@id\":\"https:\\\/\\\/secure.gravatar.com\\\/avatar\\\/786f2a223d9a455e2a448f78b5dcc1117207ef56ef3d9a04df338c0f775cd403?s=96&d=mm&r=g\",\"url\":\"https:\\\/\\\/secure.gravatar.com\\\/avatar\\\/786f2a223d9a455e2a448f78b5dcc1117207ef56ef3d9a04df338c0f775cd403?s=96&d=mm&r=g\",\"contentUrl\":\"https:\\\/\\\/secure.gravatar.com\\\/avatar\\\/786f2a223d9a455e2a448f78b5dcc1117207ef56ef3d9a04df338c0f775cd403?s=96&d=mm&r=g\",\"caption\":\"Laura Salas Orcajada\"},\"url\":\"https:\\\/\\\/mula.es\\\/web\\\/author\\\/lsalas\\\/\"}]}<\/script>\n<!-- \/ Yoast SEO plugin. -->","yoast_head_json":{"title":"CULTURA | Los museos de Mula presentan su programaci\u00f3n especial con motivo del D\u00eda Internacional de los Museos - Ayuntamiento de Mula","robots":{"index":"index","follow":"follow","max-snippet":"max-snippet:-1","max-image-preview":"max-image-preview:large","max-video-preview":"max-video-preview:-1"},"canonical":"https:\/\/mula.es\/web\/cultura-los-museos-de-mula-presentan-su-programacion-especial-con-motivo-del-dia-internacional-de-los-museos\/","og_locale":"es_ES","og_type":"article","og_title":"CULTURA | Los museos de Mula presentan su programaci\u00f3n especial con motivo del D\u00eda Internacional de los Museos - Ayuntamiento de Mula","og_description":"El pr\u00f3ximo s\u00e1bado 18 de mayo, los amantes del arte y la cultura tienen una cita ineludible en Mula con \u00abLa Noche de los Museos\u00bb. Por primera vez, los tres museos del municipio se unen en una actividad conjunta para celebrar el D\u00eda Internacional de los Museos, en un evento que promete una experiencia cultural [...]","og_url":"https:\/\/mula.es\/web\/cultura-los-museos-de-mula-presentan-su-programacion-especial-con-motivo-del-dia-internacional-de-los-museos\/","og_site_name":"Ayuntamiento de Mula","article_published_time":"2024-05-09T18:39:42+00:00","og_image":[{"width":200,"height":218,"url":"https:\/\/mula.es\/web\/wp-content\/uploads\/2020\/06\/escudo-cuadrado-e1591045058235.jpg","type":"image\/jpeg"}],"author":"Laura Salas Orcajada","twitter_card":"summary_large_image","twitter_creator":"@AyuntamientMula","twitter_site":"@AyuntamientMula","twitter_misc":{"Escrito por":"Laura Salas Orcajada","Tiempo de lectura":"1 minuto"},"schema":{"@context":"https:\/\/schema.org","@graph":[{"@type":"Article","@id":"https:\/\/mula.es\/web\/cultura-los-museos-de-mula-presentan-su-programacion-especial-con-motivo-del-dia-internacional-de-los-museos\/#article","isPartOf":{"@id":"https:\/\/mula.es\/web\/cultura-los-museos-de-mula-presentan-su-programacion-especial-con-motivo-del-dia-internacional-de-los-museos\/"},"author":{"name":"Laura Salas Orcajada","@id":"https:\/\/mula.es\/web\/#\/schema\/person\/4f10179bd364f40dceed361e61e4033f"},"headline":"CULTURA | Los museos de Mula presentan su programaci\u00f3n especial con motivo del D\u00eda Internacional de los Museos","datePublished":"2024-05-09T18:39:42+00:00","mainEntityOfPage":{"@id":"https:\/\/mula.es\/web\/cultura-los-museos-de-mula-presentan-su-programacion-especial-con-motivo-del-dia-internacional-de-los-museos\/"},"wordCount":465,"image":{"@id":"https:\/\/mula.es\/web\/cultura-los-museos-de-mula-presentan-su-programacion-especial-con-motivo-del-dia-internacional-de-los-museos\/#primaryimage"},"thumbnailUrl":"https:\/\/mula.es\/web\/wp-content\/uploads\/2020\/06\/escudo-cuadrado-e1591045058235.jpg","articleSection":["cultura"],"inLanguage":"es"},{"@type":"WebPage","@id":"https:\/\/mula.es\/web\/cultura-los-museos-de-mula-presentan-su-programacion-especial-con-motivo-del-dia-internacional-de-los-museos\/","url":"https:\/\/mula.es\/web\/cultura-los-museos-de-mula-presentan-su-programacion-especial-con-motivo-del-dia-internacional-de-los-museos\/","name":"CULTURA | Los museos de Mula presentan su programaci\u00f3n especial con motivo del D\u00eda Internacional de los Museos - Ayuntamiento de Mula","isPartOf":{"@id":"https:\/\/mula.es\/web\/#website"},"primaryImageOfPage":{"@id":"https:\/\/mula.es\/web\/cultura-los-museos-de-mula-presentan-su-programacion-especial-con-motivo-del-dia-internacional-de-los-museos\/#primaryimage"},"image":{"@id":"https:\/\/mula.es\/web\/cultura-los-museos-de-mula-presentan-su-programacion-especial-con-motivo-del-dia-internacional-de-los-museos\/#primaryimage"},"thumbnailUrl":"https:\/\/mula.es\/web\/wp-content\/uploads\/2020\/06\/escudo-cuadrado-e1591045058235.jpg","datePublished":"2024-05-09T18:39:42+00:00","author":{"@id":"https:\/\/mula.es\/web\/#\/schema\/person\/4f10179bd364f40dceed361e61e4033f"},"breadcrumb":{"@id":"https:\/\/mula.es\/web\/cultura-los-museos-de-mula-presentan-su-programacion-especial-con-motivo-del-dia-internacional-de-los-museos\/#breadcrumb"},"inLanguage":"es","potentialAction":[{"@type":"ReadAction","target":["https:\/\/mula.es\/web\/cultura-los-museos-de-mula-presentan-su-programacion-especial-con-motivo-del-dia-internacional-de-los-museos\/"]}]},{"@type":"ImageObject","inLanguage":"es","@id":"https:\/\/mula.es\/web\/cultura-los-museos-de-mula-presentan-su-programacion-especial-con-motivo-del-dia-internacional-de-los-museos\/#primaryimage","url":"https:\/\/mula.es\/web\/wp-content\/uploads\/2020\/06\/escudo-cuadrado-e1591045058235.jpg","contentUrl":"https:\/\/mula.es\/web\/wp-content\/uploads\/2020\/06\/escudo-cuadrado-e1591045058235.jpg","width":200,"height":218},{"@type":"BreadcrumbList","@id":"https:\/\/mula.es\/web\/cultura-los-museos-de-mula-presentan-su-programacion-especial-con-motivo-del-dia-internacional-de-los-museos\/#breadcrumb","itemListElement":[{"@type":"ListItem","position":1,"name":"Portada","item":"https:\/\/mula.es\/web\/"},{"@type":"ListItem","position":2,"name":"CULTURA | Los museos de Mula presentan su programaci\u00f3n especial con motivo del D\u00eda Internacional de los Museos"}]},{"@type":"WebSite","@id":"https:\/\/mula.es\/web\/#website","url":"https:\/\/mula.es\/web\/","name":"Ayuntamiento de Mula","description":"P\u00e1gina web del Ayuntamiento de Mula (Regi\u00f3n de Murcia)","potentialAction":[{"@type":"SearchAction","target":{"@type":"EntryPoint","urlTemplate":"https:\/\/mula.es\/web\/?s={search_term_string}"},"query-input":{"@type":"PropertyValueSpecification","valueRequired":true,"valueName":"search_term_string"}}],"inLanguage":"es"},{"@type":"Person","@id":"https:\/\/mula.es\/web\/#\/schema\/person\/4f10179bd364f40dceed361e61e4033f","name":"Laura Salas Orcajada","image":{"@type":"ImageObject","inLanguage":"es","@id":"https:\/\/secure.gravatar.com\/avatar\/786f2a223d9a455e2a448f78b5dcc1117207ef56ef3d9a04df338c0f775cd403?s=96&d=mm&r=g","url":"https:\/\/secure.gravatar.com\/avatar\/786f2a223d9a455e2a448f78b5dcc1117207ef56ef3d9a04df338c0f775cd403?s=96&d=mm&r=g","contentUrl":"https:\/\/secure.gravatar.com\/avatar\/786f2a223d9a455e2a448f78b5dcc1117207ef56ef3d9a04df338c0f775cd403?s=96&d=mm&r=g","caption":"Laura Salas Orcajada"},"url":"https:\/\/mula.es\/web\/author\/lsalas\/"}]}},"jetpack_publicize_connections":[],"jetpack_featured_media_url":"https:\/\/mula.es\/web\/wp-content\/uploads\/2020\/06\/escudo-cuadrado-e1591045058235.jpg","jetpack_sharing_enabled":true,"jetpack_shortlink":"https:\/\/wp.me\/pa9DMY-e0s","jetpack-related-posts":[],"_links":{"self":[{"href":"https:\/\/mula.es\/web\/wp-json\/wp\/v2\/posts\/53844","targetHints":{"allow":["GET"]}}],"collection":[{"href":"https:\/\/mula.es\/web\/wp-json\/wp\/v2\/posts"}],"about":[{"href":"https:\/\/mula.es\/web\/wp-json\/wp\/v2\/types\/post"}],"author":[{"embeddable":true,"href":"https:\/\/mula.es\/web\/wp-json\/wp\/v2\/users\/13"}],"replies":[{"embeddable":true,"href":"https:\/\/mula.es\/web\/wp-json\/wp\/v2\/comments?post=53844"}],"version-history":[{"count":1,"href":"https:\/\/mula.es\/web\/wp-json\/wp\/v2\/posts\/53844\/revisions"}],"predecessor-version":[{"id":53849,"href":"https:\/\/mula.es\/web\/wp-json\/wp\/v2\/posts\/53844\/revisions\/53849"}],"wp:featuredmedia":[{"embeddable":true,"href":"https:\/\/mula.es\/web\/wp-json\/wp\/v2\/media\/33512"}],"wp:attachment":[{"href":"https:\/\/mula.es\/web\/wp-json\/wp\/v2\/media?parent=53844"}],"wp:term":[{"taxonomy":"category","embeddable":true,"href":"https:\/\/mula.es\/web\/wp-json\/wp\/v2\/categories?post=53844"},{"taxonomy":"post_tag","embeddable":true,"href":"https:\/\/mula.es\/web\/wp-json\/wp\/v2\/tags?post=53844"}],"curies":[{"name":"wp","href":"https:\/\/api.w.org\/{rel}","templated":true}]}}