{"id":53858,"date":"2024-05-10T12:07:34","date_gmt":"2024-05-10T10:07:34","guid":{"rendered":"https:\/\/mula.es\/web\/?p=53858"},"modified":"2024-05-10T12:09:03","modified_gmt":"2024-05-10T10:09:03","slug":"igualdad-punto-violeta-durante-las-fiestas-de-san-isidro","status":"publish","type":"post","link":"https:\/\/mula.es\/web\/igualdad-punto-violeta-durante-las-fiestas-de-san-isidro\/","title":{"rendered":"IGUALDAD | Punto Violeta durante las Fiestas de San Isidro"},"content":{"rendered":"<h4><strong><em>Punto Violeta en las Fiestas de San Isidro para garantizar <\/em><\/strong><strong><em>un ambiente libre de violencia machista<\/em><\/strong><\/h4>\n<p><strong>\u00a0<\/strong>Durante las festividades de San Isidro, el Ayuntamiento de Mula establece un Punto Violeta, una iniciativa dedicada a asegurar un entorno festivo seguro y libre de agresiones machistas. Este espacio estar\u00e1 ubicado en el Parque Crist\u00f3bal Gabarr\u00f3n y estar\u00e1 operativo el viernes 10 de mayo de 21h a 1h de la madrugada, as\u00ed como el s\u00e1bado 11 de mayo de 22h a 3h de la madrugada.<\/p>\n<p>El Punto Violeta es una medida impuesta por la concejal\u00eda de Igualdad, encabezada por Ana Bel\u00e9n P\u00e9rez, que busca proporcionar apoyo y asistencia a quienes puedan encontrarse en situaciones de vulnerabilidad durante las celebraciones. Como declara la concejala: <em>\u00abEs fundamental garantizar la seguridad y el bienestar de todas las personas que participan en nuestras fiestas. El Punto Violeta es una herramienta clave en la prevenci\u00f3n y respuesta ante posibles casos de agresiones machistas\u00bb.<\/em><\/p>\n<p>El Ayuntamiento de Mula insta a la colaboraci\u00f3n ciudadana para hacer de las Fiestas de San Isidro un espacio seguro y acogedor para todas y todos. Se recuerda que cualquier situaci\u00f3n de emergencia o que requiera atenci\u00f3n, puede ser reportada en el Punto Violeta, donde se ofrecer\u00e1 apoyo y acompa\u00f1amiento inmediato.<\/p>\n<p><a href=\"https:\/\/mula.es\/web\/wp-content\/uploads\/2024\/05\/Punto-violeta_20240508_093450_0000.jpg\"><img decoding=\"async\" data-attachment-id=\"53859\" data-permalink=\"https:\/\/mula.es\/web\/igualdad-punto-violeta-durante-las-fiestas-de-san-isidro\/punto-violeta_20240508_093450_0000\/\" data-orig-file=\"https:\/\/mula.es\/web\/wp-content\/uploads\/2024\/05\/Punto-violeta_20240508_093450_0000.jpg\" data-orig-size=\"1587,2245\" data-comments-opened=\"0\" data-image-meta=\"{&quot;aperture&quot;:&quot;0&quot;,&quot;credit&quot;:&quot;&quot;,&quot;camera&quot;:&quot;&quot;,&quot;caption&quot;:&quot;&quot;,&quot;created_timestamp&quot;:&quot;0&quot;,&quot;copyright&quot;:&quot;&quot;,&quot;focal_length&quot;:&quot;0&quot;,&quot;iso&quot;:&quot;0&quot;,&quot;shutter_speed&quot;:&quot;0&quot;,&quot;title&quot;:&quot;&quot;,&quot;orientation&quot;:&quot;0&quot;}\" data-image-title=\"Punto violeta\" data-image-description=\"\" data-image-caption=\"\" data-large-file=\"https:\/\/mula.es\/web\/wp-content\/uploads\/2024\/05\/Punto-violeta_20240508_093450_0000-724x1024.jpg\" class=\"alignnone size-medium wp-image-53859\" src=\"https:\/\/mula.es\/web\/wp-content\/uploads\/2024\/05\/Punto-violeta_20240508_093450_0000-212x300.jpg\" alt=\"\" width=\"212\" height=\"300\" srcset=\"https:\/\/mula.es\/web\/wp-content\/uploads\/2024\/05\/Punto-violeta_20240508_093450_0000-200x283.jpg 200w, https:\/\/mula.es\/web\/wp-content\/uploads\/2024\/05\/Punto-violeta_20240508_093450_0000-212x300.jpg 212w, https:\/\/mula.es\/web\/wp-content\/uploads\/2024\/05\/Punto-violeta_20240508_093450_0000-400x566.jpg 400w, https:\/\/mula.es\/web\/wp-content\/uploads\/2024\/05\/Punto-violeta_20240508_093450_0000-600x849.jpg 600w, https:\/\/mula.es\/web\/wp-content\/uploads\/2024\/05\/Punto-violeta_20240508_093450_0000-724x1024.jpg 724w, https:\/\/mula.es\/web\/wp-content\/uploads\/2024\/05\/Punto-violeta_20240508_093450_0000-768x1086.jpg 768w, https:\/\/mula.es\/web\/wp-content\/uploads\/2024\/05\/Punto-violeta_20240508_093450_0000-800x1132.jpg 800w, https:\/\/mula.es\/web\/wp-content\/uploads\/2024\/05\/Punto-violeta_20240508_093450_0000-1086x1536.jpg 1086w, https:\/\/mula.es\/web\/wp-content\/uploads\/2024\/05\/Punto-violeta_20240508_093450_0000-1200x1698.jpg 1200w, https:\/\/mula.es\/web\/wp-content\/uploads\/2024\/05\/Punto-violeta_20240508_093450_0000-1448x2048.jpg 1448w, https:\/\/mula.es\/web\/wp-content\/uploads\/2024\/05\/Punto-violeta_20240508_093450_0000.jpg 1587w\" sizes=\"(max-width: 212px) 100vw, 212px\" \/><\/a><\/p>\n","protected":false},"excerpt":{"rendered":"<p>Punto Violeta en las Fiestas de San Isidro para garantizar un ambiente libre de violencia machista \u00a0Durante las festividades de San Isidro, el Ayuntamiento de Mula establece un Punto Violeta, una iniciativa dedicada a asegurar un entorno festivo seguro y libre de agresiones machistas. Este espacio estar\u00e1 ubicado en el Parque Crist\u00f3bal Gabarr\u00f3n y estar\u00e1  [&#8230;]<\/p>\n","protected":false},"author":13,"featured_media":33512,"comment_status":"closed","ping_status":"closed","sticky":false,"template":"","format":"standard","meta":{"jetpack_post_was_ever_published":false,"_jetpack_newsletter_access":"","_jetpack_dont_email_post_to_subs":false,"_jetpack_newsletter_tier_id":0,"_jetpack_memberships_contains_paywalled_content":false,"_jetpack_memberships_contains_paid_content":false,"footnotes":"","jetpack_publicize_message":"","jetpack_publicize_feature_enabled":true,"jetpack_social_post_already_shared":false,"jetpack_social_options":{"image_generator_settings":{"template":"highway","default_image_id":0,"font":"","enabled":false},"version":2}},"categories":[147],"tags":[],"class_list":["post-53858","post","type-post","status-publish","format-standard","has-post-thumbnail","hentry","category-igualdad"],"yoast_head":"<!-- This site is optimized with the Yoast SEO plugin v27.4 - https:\/\/yoast.com\/product\/yoast-seo-wordpress\/ -->\n<title>IGUALDAD | Punto Violeta durante las Fiestas de San Isidro - Ayuntamiento de Mula<\/title>\n<meta name=\"robots\" content=\"index, follow, max-snippet:-1, max-image-preview:large, max-video-preview:-1\" \/>\n<link rel=\"canonical\" href=\"https:\/\/mula.es\/web\/igualdad-punto-violeta-durante-las-fiestas-de-san-isidro\/\" \/>\n<meta property=\"og:locale\" content=\"es_ES\" \/>\n<meta property=\"og:type\" content=\"article\" \/>\n<meta property=\"og:title\" content=\"IGUALDAD | Punto Violeta durante las Fiestas de San Isidro - Ayuntamiento de Mula\" \/>\n<meta property=\"og:description\" content=\"Punto Violeta en las Fiestas de San Isidro para garantizar un ambiente libre de violencia machista \u00a0Durante las festividades de San Isidro, el Ayuntamiento de Mula establece un Punto Violeta, una iniciativa dedicada a asegurar un entorno festivo seguro y libre de agresiones machistas. Este espacio estar\u00e1 ubicado en el Parque Crist\u00f3bal Gabarr\u00f3n y estar\u00e1 [...]\" \/>\n<meta property=\"og:url\" content=\"https:\/\/mula.es\/web\/igualdad-punto-violeta-durante-las-fiestas-de-san-isidro\/\" \/>\n<meta property=\"og:site_name\" content=\"Ayuntamiento de Mula\" \/>\n<meta property=\"article:published_time\" content=\"2024-05-10T10:07:34+00:00\" \/>\n<meta property=\"article:modified_time\" content=\"2024-05-10T10:09:03+00:00\" \/>\n<meta property=\"og:image\" content=\"https:\/\/mula.es\/web\/wp-content\/uploads\/2020\/06\/escudo-cuadrado-e1591045058235.jpg\" \/>\n\t<meta property=\"og:image:width\" content=\"200\" \/>\n\t<meta property=\"og:image:height\" content=\"218\" \/>\n\t<meta property=\"og:image:type\" content=\"image\/jpeg\" \/>\n<meta name=\"author\" content=\"Laura Salas Orcajada\" \/>\n<meta name=\"twitter:card\" content=\"summary_large_image\" \/>\n<meta name=\"twitter:creator\" content=\"@AyuntamientMula\" \/>\n<meta name=\"twitter:site\" content=\"@AyuntamientMula\" \/>\n<meta name=\"twitter:label1\" content=\"Escrito por\" \/>\n\t<meta name=\"twitter:data1\" content=\"Laura Salas Orcajada\" \/>\n\t<meta name=\"twitter:label2\" content=\"Tiempo de lectura\" \/>\n\t<meta name=\"twitter:data2\" content=\"2 minutos\" \/>\n<script type=\"application\/ld+json\" class=\"yoast-schema-graph\">{\"@context\":\"https:\\\/\\\/schema.org\",\"@graph\":[{\"@type\":\"Article\",\"@id\":\"https:\\\/\\\/mula.es\\\/web\\\/igualdad-punto-violeta-durante-las-fiestas-de-san-isidro\\\/#article\",\"isPartOf\":{\"@id\":\"https:\\\/\\\/mula.es\\\/web\\\/igualdad-punto-violeta-durante-las-fiestas-de-san-isidro\\\/\"},\"author\":{\"name\":\"Laura Salas Orcajada\",\"@id\":\"https:\\\/\\\/mula.es\\\/web\\\/#\\\/schema\\\/person\\\/4f10179bd364f40dceed361e61e4033f\"},\"headline\":\"IGUALDAD | Punto Violeta durante las Fiestas de San Isidro\",\"datePublished\":\"2024-05-10T10:07:34+00:00\",\"dateModified\":\"2024-05-10T10:09:03+00:00\",\"mainEntityOfPage\":{\"@id\":\"https:\\\/\\\/mula.es\\\/web\\\/igualdad-punto-violeta-durante-las-fiestas-de-san-isidro\\\/\"},\"wordCount\":224,\"image\":{\"@id\":\"https:\\\/\\\/mula.es\\\/web\\\/igualdad-punto-violeta-durante-las-fiestas-de-san-isidro\\\/#primaryimage\"},\"thumbnailUrl\":\"https:\\\/\\\/mula.es\\\/web\\\/wp-content\\\/uploads\\\/2020\\\/06\\\/escudo-cuadrado-e1591045058235.jpg\",\"articleSection\":[\"igualdad\"],\"inLanguage\":\"es\"},{\"@type\":\"WebPage\",\"@id\":\"https:\\\/\\\/mula.es\\\/web\\\/igualdad-punto-violeta-durante-las-fiestas-de-san-isidro\\\/\",\"url\":\"https:\\\/\\\/mula.es\\\/web\\\/igualdad-punto-violeta-durante-las-fiestas-de-san-isidro\\\/\",\"name\":\"IGUALDAD | Punto Violeta durante las Fiestas de San Isidro - Ayuntamiento de Mula\",\"isPartOf\":{\"@id\":\"https:\\\/\\\/mula.es\\\/web\\\/#website\"},\"primaryImageOfPage\":{\"@id\":\"https:\\\/\\\/mula.es\\\/web\\\/igualdad-punto-violeta-durante-las-fiestas-de-san-isidro\\\/#primaryimage\"},\"image\":{\"@id\":\"https:\\\/\\\/mula.es\\\/web\\\/igualdad-punto-violeta-durante-las-fiestas-de-san-isidro\\\/#primaryimage\"},\"thumbnailUrl\":\"https:\\\/\\\/mula.es\\\/web\\\/wp-content\\\/uploads\\\/2020\\\/06\\\/escudo-cuadrado-e1591045058235.jpg\",\"datePublished\":\"2024-05-10T10:07:34+00:00\",\"dateModified\":\"2024-05-10T10:09:03+00:00\",\"author\":{\"@id\":\"https:\\\/\\\/mula.es\\\/web\\\/#\\\/schema\\\/person\\\/4f10179bd364f40dceed361e61e4033f\"},\"breadcrumb\":{\"@id\":\"https:\\\/\\\/mula.es\\\/web\\\/igualdad-punto-violeta-durante-las-fiestas-de-san-isidro\\\/#breadcrumb\"},\"inLanguage\":\"es\",\"potentialAction\":[{\"@type\":\"ReadAction\",\"target\":[\"https:\\\/\\\/mula.es\\\/web\\\/igualdad-punto-violeta-durante-las-fiestas-de-san-isidro\\\/\"]}]},{\"@type\":\"ImageObject\",\"inLanguage\":\"es\",\"@id\":\"https:\\\/\\\/mula.es\\\/web\\\/igualdad-punto-violeta-durante-las-fiestas-de-san-isidro\\\/#primaryimage\",\"url\":\"https:\\\/\\\/mula.es\\\/web\\\/wp-content\\\/uploads\\\/2020\\\/06\\\/escudo-cuadrado-e1591045058235.jpg\",\"contentUrl\":\"https:\\\/\\\/mula.es\\\/web\\\/wp-content\\\/uploads\\\/2020\\\/06\\\/escudo-cuadrado-e1591045058235.jpg\",\"width\":200,\"height\":218},{\"@type\":\"BreadcrumbList\",\"@id\":\"https:\\\/\\\/mula.es\\\/web\\\/igualdad-punto-violeta-durante-las-fiestas-de-san-isidro\\\/#breadcrumb\",\"itemListElement\":[{\"@type\":\"ListItem\",\"position\":1,\"name\":\"Portada\",\"item\":\"https:\\\/\\\/mula.es\\\/web\\\/\"},{\"@type\":\"ListItem\",\"position\":2,\"name\":\"IGUALDAD | Punto Violeta durante las Fiestas de San Isidro\"}]},{\"@type\":\"WebSite\",\"@id\":\"https:\\\/\\\/mula.es\\\/web\\\/#website\",\"url\":\"https:\\\/\\\/mula.es\\\/web\\\/\",\"name\":\"Ayuntamiento de Mula\",\"description\":\"P\u00e1gina web del Ayuntamiento de Mula (Regi\u00f3n de Murcia)\",\"potentialAction\":[{\"@type\":\"SearchAction\",\"target\":{\"@type\":\"EntryPoint\",\"urlTemplate\":\"https:\\\/\\\/mula.es\\\/web\\\/?s={search_term_string}\"},\"query-input\":{\"@type\":\"PropertyValueSpecification\",\"valueRequired\":true,\"valueName\":\"search_term_string\"}}],\"inLanguage\":\"es\"},{\"@type\":\"Person\",\"@id\":\"https:\\\/\\\/mula.es\\\/web\\\/#\\\/schema\\\/person\\\/4f10179bd364f40dceed361e61e4033f\",\"name\":\"Laura Salas Orcajada\",\"image\":{\"@type\":\"ImageObject\",\"inLanguage\":\"es\",\"@id\":\"https:\\\/\\\/secure.gravatar.com\\\/avatar\\\/786f2a223d9a455e2a448f78b5dcc1117207ef56ef3d9a04df338c0f775cd403?s=96&d=mm&r=g\",\"url\":\"https:\\\/\\\/secure.gravatar.com\\\/avatar\\\/786f2a223d9a455e2a448f78b5dcc1117207ef56ef3d9a04df338c0f775cd403?s=96&d=mm&r=g\",\"contentUrl\":\"https:\\\/\\\/secure.gravatar.com\\\/avatar\\\/786f2a223d9a455e2a448f78b5dcc1117207ef56ef3d9a04df338c0f775cd403?s=96&d=mm&r=g\",\"caption\":\"Laura Salas Orcajada\"},\"url\":\"https:\\\/\\\/mula.es\\\/web\\\/author\\\/lsalas\\\/\"}]}<\/script>\n<!-- \/ Yoast SEO plugin. -->","yoast_head_json":{"title":"IGUALDAD | Punto Violeta durante las Fiestas de San Isidro - Ayuntamiento de Mula","robots":{"index":"index","follow":"follow","max-snippet":"max-snippet:-1","max-image-preview":"max-image-preview:large","max-video-preview":"max-video-preview:-1"},"canonical":"https:\/\/mula.es\/web\/igualdad-punto-violeta-durante-las-fiestas-de-san-isidro\/","og_locale":"es_ES","og_type":"article","og_title":"IGUALDAD | Punto Violeta durante las Fiestas de San Isidro - Ayuntamiento de Mula","og_description":"Punto Violeta en las Fiestas de San Isidro para garantizar un ambiente libre de violencia machista \u00a0Durante las festividades de San Isidro, el Ayuntamiento de Mula establece un Punto Violeta, una iniciativa dedicada a asegurar un entorno festivo seguro y libre de agresiones machistas. Este espacio estar\u00e1 ubicado en el Parque Crist\u00f3bal Gabarr\u00f3n y estar\u00e1 [...]","og_url":"https:\/\/mula.es\/web\/igualdad-punto-violeta-durante-las-fiestas-de-san-isidro\/","og_site_name":"Ayuntamiento de Mula","article_published_time":"2024-05-10T10:07:34+00:00","article_modified_time":"2024-05-10T10:09:03+00:00","og_image":[{"width":200,"height":218,"url":"https:\/\/mula.es\/web\/wp-content\/uploads\/2020\/06\/escudo-cuadrado-e1591045058235.jpg","type":"image\/jpeg"}],"author":"Laura Salas Orcajada","twitter_card":"summary_large_image","twitter_creator":"@AyuntamientMula","twitter_site":"@AyuntamientMula","twitter_misc":{"Escrito por":"Laura Salas Orcajada","Tiempo de lectura":"2 minutos"},"schema":{"@context":"https:\/\/schema.org","@graph":[{"@type":"Article","@id":"https:\/\/mula.es\/web\/igualdad-punto-violeta-durante-las-fiestas-de-san-isidro\/#article","isPartOf":{"@id":"https:\/\/mula.es\/web\/igualdad-punto-violeta-durante-las-fiestas-de-san-isidro\/"},"author":{"name":"Laura Salas Orcajada","@id":"https:\/\/mula.es\/web\/#\/schema\/person\/4f10179bd364f40dceed361e61e4033f"},"headline":"IGUALDAD | Punto Violeta durante las Fiestas de San Isidro","datePublished":"2024-05-10T10:07:34+00:00","dateModified":"2024-05-10T10:09:03+00:00","mainEntityOfPage":{"@id":"https:\/\/mula.es\/web\/igualdad-punto-violeta-durante-las-fiestas-de-san-isidro\/"},"wordCount":224,"image":{"@id":"https:\/\/mula.es\/web\/igualdad-punto-violeta-durante-las-fiestas-de-san-isidro\/#primaryimage"},"thumbnailUrl":"https:\/\/mula.es\/web\/wp-content\/uploads\/2020\/06\/escudo-cuadrado-e1591045058235.jpg","articleSection":["igualdad"],"inLanguage":"es"},{"@type":"WebPage","@id":"https:\/\/mula.es\/web\/igualdad-punto-violeta-durante-las-fiestas-de-san-isidro\/","url":"https:\/\/mula.es\/web\/igualdad-punto-violeta-durante-las-fiestas-de-san-isidro\/","name":"IGUALDAD | Punto Violeta durante las Fiestas de San Isidro - Ayuntamiento de Mula","isPartOf":{"@id":"https:\/\/mula.es\/web\/#website"},"primaryImageOfPage":{"@id":"https:\/\/mula.es\/web\/igualdad-punto-violeta-durante-las-fiestas-de-san-isidro\/#primaryimage"},"image":{"@id":"https:\/\/mula.es\/web\/igualdad-punto-violeta-durante-las-fiestas-de-san-isidro\/#primaryimage"},"thumbnailUrl":"https:\/\/mula.es\/web\/wp-content\/uploads\/2020\/06\/escudo-cuadrado-e1591045058235.jpg","datePublished":"2024-05-10T10:07:34+00:00","dateModified":"2024-05-10T10:09:03+00:00","author":{"@id":"https:\/\/mula.es\/web\/#\/schema\/person\/4f10179bd364f40dceed361e61e4033f"},"breadcrumb":{"@id":"https:\/\/mula.es\/web\/igualdad-punto-violeta-durante-las-fiestas-de-san-isidro\/#breadcrumb"},"inLanguage":"es","potentialAction":[{"@type":"ReadAction","target":["https:\/\/mula.es\/web\/igualdad-punto-violeta-durante-las-fiestas-de-san-isidro\/"]}]},{"@type":"ImageObject","inLanguage":"es","@id":"https:\/\/mula.es\/web\/igualdad-punto-violeta-durante-las-fiestas-de-san-isidro\/#primaryimage","url":"https:\/\/mula.es\/web\/wp-content\/uploads\/2020\/06\/escudo-cuadrado-e1591045058235.jpg","contentUrl":"https:\/\/mula.es\/web\/wp-content\/uploads\/2020\/06\/escudo-cuadrado-e1591045058235.jpg","width":200,"height":218},{"@type":"BreadcrumbList","@id":"https:\/\/mula.es\/web\/igualdad-punto-violeta-durante-las-fiestas-de-san-isidro\/#breadcrumb","itemListElement":[{"@type":"ListItem","position":1,"name":"Portada","item":"https:\/\/mula.es\/web\/"},{"@type":"ListItem","position":2,"name":"IGUALDAD | Punto Violeta durante las Fiestas de San Isidro"}]},{"@type":"WebSite","@id":"https:\/\/mula.es\/web\/#website","url":"https:\/\/mula.es\/web\/","name":"Ayuntamiento de Mula","description":"P\u00e1gina web del Ayuntamiento de Mula (Regi\u00f3n de Murcia)","potentialAction":[{"@type":"SearchAction","target":{"@type":"EntryPoint","urlTemplate":"https:\/\/mula.es\/web\/?s={search_term_string}"},"query-input":{"@type":"PropertyValueSpecification","valueRequired":true,"valueName":"search_term_string"}}],"inLanguage":"es"},{"@type":"Person","@id":"https:\/\/mula.es\/web\/#\/schema\/person\/4f10179bd364f40dceed361e61e4033f","name":"Laura Salas Orcajada","image":{"@type":"ImageObject","inLanguage":"es","@id":"https:\/\/secure.gravatar.com\/avatar\/786f2a223d9a455e2a448f78b5dcc1117207ef56ef3d9a04df338c0f775cd403?s=96&d=mm&r=g","url":"https:\/\/secure.gravatar.com\/avatar\/786f2a223d9a455e2a448f78b5dcc1117207ef56ef3d9a04df338c0f775cd403?s=96&d=mm&r=g","contentUrl":"https:\/\/secure.gravatar.com\/avatar\/786f2a223d9a455e2a448f78b5dcc1117207ef56ef3d9a04df338c0f775cd403?s=96&d=mm&r=g","caption":"Laura Salas Orcajada"},"url":"https:\/\/mula.es\/web\/author\/lsalas\/"}]}},"jetpack_publicize_connections":[],"jetpack_featured_media_url":"https:\/\/mula.es\/web\/wp-content\/uploads\/2020\/06\/escudo-cuadrado-e1591045058235.jpg","jetpack_sharing_enabled":true,"jetpack_shortlink":"https:\/\/wp.me\/pa9DMY-e0G","jetpack-related-posts":[],"_links":{"self":[{"href":"https:\/\/mula.es\/web\/wp-json\/wp\/v2\/posts\/53858","targetHints":{"allow":["GET"]}}],"collection":[{"href":"https:\/\/mula.es\/web\/wp-json\/wp\/v2\/posts"}],"about":[{"href":"https:\/\/mula.es\/web\/wp-json\/wp\/v2\/types\/post"}],"author":[{"embeddable":true,"href":"https:\/\/mula.es\/web\/wp-json\/wp\/v2\/users\/13"}],"replies":[{"embeddable":true,"href":"https:\/\/mula.es\/web\/wp-json\/wp\/v2\/comments?post=53858"}],"version-history":[{"count":1,"href":"https:\/\/mula.es\/web\/wp-json\/wp\/v2\/posts\/53858\/revisions"}],"predecessor-version":[{"id":53860,"href":"https:\/\/mula.es\/web\/wp-json\/wp\/v2\/posts\/53858\/revisions\/53860"}],"wp:featuredmedia":[{"embeddable":true,"href":"https:\/\/mula.es\/web\/wp-json\/wp\/v2\/media\/33512"}],"wp:attachment":[{"href":"https:\/\/mula.es\/web\/wp-json\/wp\/v2\/media?parent=53858"}],"wp:term":[{"taxonomy":"category","embeddable":true,"href":"https:\/\/mula.es\/web\/wp-json\/wp\/v2\/categories?post=53858"},{"taxonomy":"post_tag","embeddable":true,"href":"https:\/\/mula.es\/web\/wp-json\/wp\/v2\/tags?post=53858"}],"curies":[{"name":"wp","href":"https:\/\/api.w.org\/{rel}","templated":true}]}}