{"id":54147,"date":"2024-05-31T11:14:24","date_gmt":"2024-05-31T09:14:24","guid":{"rendered":"https:\/\/mula.es\/web\/?p=54147"},"modified":"2024-05-31T11:14:46","modified_gmt":"2024-05-31T09:14:46","slug":"servicios-sociales-y-obras-y-servicios","status":"publish","type":"post","link":"https:\/\/mula.es\/web\/servicios-sociales-y-obras-y-servicios\/","title":{"rendered":"OBRAS Y SERVICIOS SOCIALES | El Centro Cultural Barrio de los Molinos renueva sus instalaciones gracias a la colaboraci\u00f3n de la asociaci\u00f3n INTEDIS"},"content":{"rendered":"<p><strong>El Centro Cultural Barrio de los Molinos renueva sus instalaciones gracias a la colaboraci\u00f3n de la asociaci\u00f3n INTEDIS<\/strong><\/p>\n<p>Finalizan las obras de restauraci\u00f3n del Centro Cultural Barrio de los Molinos llevadas a cabo gracias a la colaboraci\u00f3n de la asociaci\u00f3n INTEDIS (Integraci\u00f3n de la Discapacidad). Estas mejoras permitir\u00e1n que el centro contin\u00fae siendo un espacio de encuentro y actividades para los vecinos de la zona.<\/p>\n<p>La asociaci\u00f3n INTEDIS ha desempe\u00f1ado un papel crucial en este proyecto, aportando no solo mano de obra sino tambi\u00e9n su compromiso a la hora de realizar diversas tareas. A trav\u00e9s de su esfuerzo, se ha logrado restaurar y acondicionar el centro cultural, asegurando que sea un lugar accesible y acogedor para todos los vecinos.<\/p>\n<p>El Centro Cultural Barrio de los Molinos ha sido durante a\u00f1os un pilar fundamental para la vida social y cultural del barrio. Con la renovaci\u00f3n de sus instalaciones, se garantiza que seguir\u00e1 siendo un punto de referencia para la realizaci\u00f3n de actividades educativas, recreativas y sociales.<\/p>\n<p>El Ayuntamiento de Mula agradece el trabajo realizado por INTEDIS, ha sido esencial para que el centro cultural sea remodelado. Esta iniciativa es un ejemplo de c\u00f3mo la cooperaci\u00f3n entre entidades puede generar beneficios significativos para nuestros ciudadanos, promoviendo la inclusi\u00f3n y el respeto por la diversidad.<\/p>\n<p>&nbsp;<\/p>\n<p><a href=\"https:\/\/mula.es\/web\/wp-content\/uploads\/2024\/05\/1-19.jpg\"><img decoding=\"async\" data-attachment-id=\"54148\" data-permalink=\"https:\/\/mula.es\/web\/servicios-sociales-y-obras-y-servicios\/1-35\/\" data-orig-file=\"https:\/\/mula.es\/web\/wp-content\/uploads\/2024\/05\/1-19.jpg\" data-orig-size=\"1080,1080\" data-comments-opened=\"0\" data-image-meta=\"{&quot;aperture&quot;:&quot;0&quot;,&quot;credit&quot;:&quot;&quot;,&quot;camera&quot;:&quot;&quot;,&quot;caption&quot;:&quot;&quot;,&quot;created_timestamp&quot;:&quot;0&quot;,&quot;copyright&quot;:&quot;&quot;,&quot;focal_length&quot;:&quot;0&quot;,&quot;iso&quot;:&quot;0&quot;,&quot;shutter_speed&quot;:&quot;0&quot;,&quot;title&quot;:&quot;&quot;,&quot;orientation&quot;:&quot;1&quot;}\" data-image-title=\"1\" data-image-description=\"\" data-image-caption=\"\" data-large-file=\"https:\/\/mula.es\/web\/wp-content\/uploads\/2024\/05\/1-19-1024x1024.jpg\" class=\"alignnone size-medium wp-image-54148\" src=\"https:\/\/mula.es\/web\/wp-content\/uploads\/2024\/05\/1-19-300x300.jpg\" alt=\"\" width=\"300\" height=\"300\" srcset=\"https:\/\/mula.es\/web\/wp-content\/uploads\/2024\/05\/1-19-66x66.jpg 66w, https:\/\/mula.es\/web\/wp-content\/uploads\/2024\/05\/1-19-150x150.jpg 150w, https:\/\/mula.es\/web\/wp-content\/uploads\/2024\/05\/1-19-200x200.jpg 200w, https:\/\/mula.es\/web\/wp-content\/uploads\/2024\/05\/1-19-300x300.jpg 300w, https:\/\/mula.es\/web\/wp-content\/uploads\/2024\/05\/1-19-400x400.jpg 400w, https:\/\/mula.es\/web\/wp-content\/uploads\/2024\/05\/1-19-600x600.jpg 600w, https:\/\/mula.es\/web\/wp-content\/uploads\/2024\/05\/1-19-768x768.jpg 768w, https:\/\/mula.es\/web\/wp-content\/uploads\/2024\/05\/1-19-800x800.jpg 800w, https:\/\/mula.es\/web\/wp-content\/uploads\/2024\/05\/1-19-1024x1024.jpg 1024w, https:\/\/mula.es\/web\/wp-content\/uploads\/2024\/05\/1-19.jpg 1080w\" sizes=\"(max-width: 300px) 100vw, 300px\" \/><\/a> <a href=\"https:\/\/mula.es\/web\/wp-content\/uploads\/2024\/05\/2-17.jpg\"><img decoding=\"async\" data-attachment-id=\"54149\" data-permalink=\"https:\/\/mula.es\/web\/servicios-sociales-y-obras-y-servicios\/2-31\/\" data-orig-file=\"https:\/\/mula.es\/web\/wp-content\/uploads\/2024\/05\/2-17.jpg\" data-orig-size=\"1080,1080\" data-comments-opened=\"0\" data-image-meta=\"{&quot;aperture&quot;:&quot;0&quot;,&quot;credit&quot;:&quot;&quot;,&quot;camera&quot;:&quot;&quot;,&quot;caption&quot;:&quot;&quot;,&quot;created_timestamp&quot;:&quot;0&quot;,&quot;copyright&quot;:&quot;&quot;,&quot;focal_length&quot;:&quot;0&quot;,&quot;iso&quot;:&quot;0&quot;,&quot;shutter_speed&quot;:&quot;0&quot;,&quot;title&quot;:&quot;&quot;,&quot;orientation&quot;:&quot;1&quot;}\" data-image-title=\"2\" data-image-description=\"\" data-image-caption=\"\" data-large-file=\"https:\/\/mula.es\/web\/wp-content\/uploads\/2024\/05\/2-17-1024x1024.jpg\" class=\"alignnone size-medium wp-image-54149\" src=\"https:\/\/mula.es\/web\/wp-content\/uploads\/2024\/05\/2-17-300x300.jpg\" alt=\"\" width=\"300\" height=\"300\" srcset=\"https:\/\/mula.es\/web\/wp-content\/uploads\/2024\/05\/2-17-66x66.jpg 66w, https:\/\/mula.es\/web\/wp-content\/uploads\/2024\/05\/2-17-150x150.jpg 150w, https:\/\/mula.es\/web\/wp-content\/uploads\/2024\/05\/2-17-200x200.jpg 200w, https:\/\/mula.es\/web\/wp-content\/uploads\/2024\/05\/2-17-300x300.jpg 300w, https:\/\/mula.es\/web\/wp-content\/uploads\/2024\/05\/2-17-400x400.jpg 400w, https:\/\/mula.es\/web\/wp-content\/uploads\/2024\/05\/2-17-600x600.jpg 600w, https:\/\/mula.es\/web\/wp-content\/uploads\/2024\/05\/2-17-768x768.jpg 768w, https:\/\/mula.es\/web\/wp-content\/uploads\/2024\/05\/2-17-800x800.jpg 800w, https:\/\/mula.es\/web\/wp-content\/uploads\/2024\/05\/2-17-1024x1024.jpg 1024w, https:\/\/mula.es\/web\/wp-content\/uploads\/2024\/05\/2-17.jpg 1080w\" sizes=\"(max-width: 300px) 100vw, 300px\" \/><\/a> <a href=\"https:\/\/mula.es\/web\/wp-content\/uploads\/2024\/05\/3-17.jpg\"><img decoding=\"async\" data-attachment-id=\"54150\" data-permalink=\"https:\/\/mula.es\/web\/servicios-sociales-y-obras-y-servicios\/3-28\/\" data-orig-file=\"https:\/\/mula.es\/web\/wp-content\/uploads\/2024\/05\/3-17.jpg\" data-orig-size=\"1080,1080\" data-comments-opened=\"0\" data-image-meta=\"{&quot;aperture&quot;:&quot;0&quot;,&quot;credit&quot;:&quot;&quot;,&quot;camera&quot;:&quot;&quot;,&quot;caption&quot;:&quot;&quot;,&quot;created_timestamp&quot;:&quot;0&quot;,&quot;copyright&quot;:&quot;&quot;,&quot;focal_length&quot;:&quot;0&quot;,&quot;iso&quot;:&quot;0&quot;,&quot;shutter_speed&quot;:&quot;0&quot;,&quot;title&quot;:&quot;&quot;,&quot;orientation&quot;:&quot;1&quot;}\" data-image-title=\"3\" data-image-description=\"\" data-image-caption=\"\" data-large-file=\"https:\/\/mula.es\/web\/wp-content\/uploads\/2024\/05\/3-17-1024x1024.jpg\" class=\"alignnone size-medium wp-image-54150\" src=\"https:\/\/mula.es\/web\/wp-content\/uploads\/2024\/05\/3-17-300x300.jpg\" alt=\"\" width=\"300\" height=\"300\" srcset=\"https:\/\/mula.es\/web\/wp-content\/uploads\/2024\/05\/3-17-66x66.jpg 66w, https:\/\/mula.es\/web\/wp-content\/uploads\/2024\/05\/3-17-150x150.jpg 150w, https:\/\/mula.es\/web\/wp-content\/uploads\/2024\/05\/3-17-200x200.jpg 200w, https:\/\/mula.es\/web\/wp-content\/uploads\/2024\/05\/3-17-300x300.jpg 300w, https:\/\/mula.es\/web\/wp-content\/uploads\/2024\/05\/3-17-400x400.jpg 400w, https:\/\/mula.es\/web\/wp-content\/uploads\/2024\/05\/3-17-600x600.jpg 600w, https:\/\/mula.es\/web\/wp-content\/uploads\/2024\/05\/3-17-768x768.jpg 768w, https:\/\/mula.es\/web\/wp-content\/uploads\/2024\/05\/3-17-800x800.jpg 800w, https:\/\/mula.es\/web\/wp-content\/uploads\/2024\/05\/3-17-1024x1024.jpg 1024w, https:\/\/mula.es\/web\/wp-content\/uploads\/2024\/05\/3-17.jpg 1080w\" sizes=\"(max-width: 300px) 100vw, 300px\" \/><\/a> <a href=\"https:\/\/mula.es\/web\/wp-content\/uploads\/2024\/05\/4-16.jpg\"><img decoding=\"async\" data-attachment-id=\"54151\" data-permalink=\"https:\/\/mula.es\/web\/servicios-sociales-y-obras-y-servicios\/4-23\/\" data-orig-file=\"https:\/\/mula.es\/web\/wp-content\/uploads\/2024\/05\/4-16.jpg\" data-orig-size=\"1080,1080\" data-comments-opened=\"0\" data-image-meta=\"{&quot;aperture&quot;:&quot;0&quot;,&quot;credit&quot;:&quot;&quot;,&quot;camera&quot;:&quot;&quot;,&quot;caption&quot;:&quot;&quot;,&quot;created_timestamp&quot;:&quot;0&quot;,&quot;copyright&quot;:&quot;&quot;,&quot;focal_length&quot;:&quot;0&quot;,&quot;iso&quot;:&quot;0&quot;,&quot;shutter_speed&quot;:&quot;0&quot;,&quot;title&quot;:&quot;&quot;,&quot;orientation&quot;:&quot;1&quot;}\" data-image-title=\"4\" data-image-description=\"\" data-image-caption=\"\" data-large-file=\"https:\/\/mula.es\/web\/wp-content\/uploads\/2024\/05\/4-16-1024x1024.jpg\" class=\"alignnone size-medium wp-image-54151\" src=\"https:\/\/mula.es\/web\/wp-content\/uploads\/2024\/05\/4-16-300x300.jpg\" alt=\"\" width=\"300\" height=\"300\" srcset=\"https:\/\/mula.es\/web\/wp-content\/uploads\/2024\/05\/4-16-66x66.jpg 66w, https:\/\/mula.es\/web\/wp-content\/uploads\/2024\/05\/4-16-150x150.jpg 150w, https:\/\/mula.es\/web\/wp-content\/uploads\/2024\/05\/4-16-200x200.jpg 200w, https:\/\/mula.es\/web\/wp-content\/uploads\/2024\/05\/4-16-300x300.jpg 300w, https:\/\/mula.es\/web\/wp-content\/uploads\/2024\/05\/4-16-400x400.jpg 400w, https:\/\/mula.es\/web\/wp-content\/uploads\/2024\/05\/4-16-600x600.jpg 600w, https:\/\/mula.es\/web\/wp-content\/uploads\/2024\/05\/4-16-768x768.jpg 768w, https:\/\/mula.es\/web\/wp-content\/uploads\/2024\/05\/4-16-800x800.jpg 800w, https:\/\/mula.es\/web\/wp-content\/uploads\/2024\/05\/4-16-1024x1024.jpg 1024w, https:\/\/mula.es\/web\/wp-content\/uploads\/2024\/05\/4-16.jpg 1080w\" sizes=\"(max-width: 300px) 100vw, 300px\" \/><\/a><\/p>\n","protected":false},"excerpt":{"rendered":"<p>El Centro Cultural Barrio de los Molinos renueva sus instalaciones gracias a la colaboraci\u00f3n de la asociaci\u00f3n INTEDIS Finalizan las obras de restauraci\u00f3n del Centro Cultural Barrio de los Molinos llevadas a cabo gracias a la colaboraci\u00f3n de la asociaci\u00f3n INTEDIS (Integraci\u00f3n de la Discapacidad). Estas mejoras permitir\u00e1n que el centro contin\u00fae siendo un espacio  [&#8230;]<\/p>\n","protected":false},"author":13,"featured_media":33512,"comment_status":"closed","ping_status":"closed","sticky":false,"template":"","format":"standard","meta":{"jetpack_post_was_ever_published":false,"_jetpack_newsletter_access":"","_jetpack_dont_email_post_to_subs":false,"_jetpack_newsletter_tier_id":0,"_jetpack_memberships_contains_paywalled_content":false,"_jetpack_memberships_contains_paid_content":false,"footnotes":"","jetpack_publicize_message":"","jetpack_publicize_feature_enabled":true,"jetpack_social_post_already_shared":false,"jetpack_social_options":{"image_generator_settings":{"template":"highway","default_image_id":0,"font":"","enabled":false},"version":2}},"categories":[418,338,93],"tags":[],"class_list":["post-54147","post","type-post","status-publish","format-standard","has-post-thumbnail","hentry","category-intedis","category-obras-y-servicios","category-servicios-sociales"],"yoast_head":"<!-- This site is optimized with the Yoast SEO plugin v27.5 - https:\/\/yoast.com\/product\/yoast-seo-wordpress\/ -->\n<title>OBRAS Y SERVICIOS SOCIALES | El Centro Cultural Barrio de los Molinos renueva sus instalaciones gracias a la colaboraci\u00f3n de la asociaci\u00f3n INTEDIS - Ayuntamiento de Mula<\/title>\n<meta name=\"robots\" content=\"index, follow, max-snippet:-1, max-image-preview:large, max-video-preview:-1\" \/>\n<link rel=\"canonical\" href=\"https:\/\/mula.es\/web\/servicios-sociales-y-obras-y-servicios\/\" \/>\n<meta property=\"og:locale\" content=\"es_ES\" \/>\n<meta property=\"og:type\" content=\"article\" \/>\n<meta property=\"og:title\" content=\"OBRAS Y SERVICIOS SOCIALES | El Centro Cultural Barrio de los Molinos renueva sus instalaciones gracias a la colaboraci\u00f3n de la asociaci\u00f3n INTEDIS - Ayuntamiento de Mula\" \/>\n<meta property=\"og:description\" content=\"El Centro Cultural Barrio de los Molinos renueva sus instalaciones gracias a la colaboraci\u00f3n de la asociaci\u00f3n INTEDIS Finalizan las obras de restauraci\u00f3n del Centro Cultural Barrio de los Molinos llevadas a cabo gracias a la colaboraci\u00f3n de la asociaci\u00f3n INTEDIS (Integraci\u00f3n de la Discapacidad). Estas mejoras permitir\u00e1n que el centro contin\u00fae siendo un espacio [...]\" \/>\n<meta property=\"og:url\" content=\"https:\/\/mula.es\/web\/servicios-sociales-y-obras-y-servicios\/\" \/>\n<meta property=\"og:site_name\" content=\"Ayuntamiento de Mula\" \/>\n<meta property=\"article:published_time\" content=\"2024-05-31T09:14:24+00:00\" \/>\n<meta property=\"article:modified_time\" content=\"2024-05-31T09:14:46+00:00\" \/>\n<meta property=\"og:image\" content=\"https:\/\/mula.es\/web\/wp-content\/uploads\/2020\/06\/escudo-cuadrado-e1591045058235.jpg\" \/>\n\t<meta property=\"og:image:width\" content=\"200\" \/>\n\t<meta property=\"og:image:height\" content=\"218\" \/>\n\t<meta property=\"og:image:type\" content=\"image\/jpeg\" \/>\n<meta name=\"author\" content=\"Laura Salas Orcajada\" \/>\n<meta name=\"twitter:card\" content=\"summary_large_image\" \/>\n<meta name=\"twitter:creator\" content=\"@AyuntamientMula\" \/>\n<meta name=\"twitter:site\" content=\"@AyuntamientMula\" \/>\n<meta name=\"twitter:label1\" content=\"Escrito por\" \/>\n\t<meta name=\"twitter:data1\" content=\"Laura Salas Orcajada\" \/>\n\t<meta name=\"twitter:label2\" content=\"Tiempo de lectura\" \/>\n\t<meta name=\"twitter:data2\" content=\"2 minutos\" \/>\n<script type=\"application\/ld+json\" class=\"yoast-schema-graph\">{\"@context\":\"https:\\\/\\\/schema.org\",\"@graph\":[{\"@type\":\"Article\",\"@id\":\"https:\\\/\\\/mula.es\\\/web\\\/servicios-sociales-y-obras-y-servicios\\\/#article\",\"isPartOf\":{\"@id\":\"https:\\\/\\\/mula.es\\\/web\\\/servicios-sociales-y-obras-y-servicios\\\/\"},\"author\":{\"name\":\"Laura Salas Orcajada\",\"@id\":\"https:\\\/\\\/mula.es\\\/web\\\/#\\\/schema\\\/person\\\/4f10179bd364f40dceed361e61e4033f\"},\"headline\":\"OBRAS Y SERVICIOS SOCIALES | El Centro Cultural Barrio de los Molinos renueva sus instalaciones gracias a la colaboraci\u00f3n de la asociaci\u00f3n INTEDIS\",\"datePublished\":\"2024-05-31T09:14:24+00:00\",\"dateModified\":\"2024-05-31T09:14:46+00:00\",\"mainEntityOfPage\":{\"@id\":\"https:\\\/\\\/mula.es\\\/web\\\/servicios-sociales-y-obras-y-servicios\\\/\"},\"wordCount\":255,\"image\":{\"@id\":\"https:\\\/\\\/mula.es\\\/web\\\/servicios-sociales-y-obras-y-servicios\\\/#primaryimage\"},\"thumbnailUrl\":\"https:\\\/\\\/mula.es\\\/web\\\/wp-content\\\/uploads\\\/2020\\\/06\\\/escudo-cuadrado-e1591045058235.jpg\",\"articleSection\":[\"intedis\",\"obras y servicios\",\"servicios sociales\"],\"inLanguage\":\"es\"},{\"@type\":\"WebPage\",\"@id\":\"https:\\\/\\\/mula.es\\\/web\\\/servicios-sociales-y-obras-y-servicios\\\/\",\"url\":\"https:\\\/\\\/mula.es\\\/web\\\/servicios-sociales-y-obras-y-servicios\\\/\",\"name\":\"OBRAS Y SERVICIOS SOCIALES | El Centro Cultural Barrio de los Molinos renueva sus instalaciones gracias a la colaboraci\u00f3n de la asociaci\u00f3n INTEDIS - Ayuntamiento de Mula\",\"isPartOf\":{\"@id\":\"https:\\\/\\\/mula.es\\\/web\\\/#website\"},\"primaryImageOfPage\":{\"@id\":\"https:\\\/\\\/mula.es\\\/web\\\/servicios-sociales-y-obras-y-servicios\\\/#primaryimage\"},\"image\":{\"@id\":\"https:\\\/\\\/mula.es\\\/web\\\/servicios-sociales-y-obras-y-servicios\\\/#primaryimage\"},\"thumbnailUrl\":\"https:\\\/\\\/mula.es\\\/web\\\/wp-content\\\/uploads\\\/2020\\\/06\\\/escudo-cuadrado-e1591045058235.jpg\",\"datePublished\":\"2024-05-31T09:14:24+00:00\",\"dateModified\":\"2024-05-31T09:14:46+00:00\",\"author\":{\"@id\":\"https:\\\/\\\/mula.es\\\/web\\\/#\\\/schema\\\/person\\\/4f10179bd364f40dceed361e61e4033f\"},\"breadcrumb\":{\"@id\":\"https:\\\/\\\/mula.es\\\/web\\\/servicios-sociales-y-obras-y-servicios\\\/#breadcrumb\"},\"inLanguage\":\"es\",\"potentialAction\":[{\"@type\":\"ReadAction\",\"target\":[\"https:\\\/\\\/mula.es\\\/web\\\/servicios-sociales-y-obras-y-servicios\\\/\"]}]},{\"@type\":\"ImageObject\",\"inLanguage\":\"es\",\"@id\":\"https:\\\/\\\/mula.es\\\/web\\\/servicios-sociales-y-obras-y-servicios\\\/#primaryimage\",\"url\":\"https:\\\/\\\/mula.es\\\/web\\\/wp-content\\\/uploads\\\/2020\\\/06\\\/escudo-cuadrado-e1591045058235.jpg\",\"contentUrl\":\"https:\\\/\\\/mula.es\\\/web\\\/wp-content\\\/uploads\\\/2020\\\/06\\\/escudo-cuadrado-e1591045058235.jpg\",\"width\":200,\"height\":218},{\"@type\":\"BreadcrumbList\",\"@id\":\"https:\\\/\\\/mula.es\\\/web\\\/servicios-sociales-y-obras-y-servicios\\\/#breadcrumb\",\"itemListElement\":[{\"@type\":\"ListItem\",\"position\":1,\"name\":\"Portada\",\"item\":\"https:\\\/\\\/mula.es\\\/web\\\/\"},{\"@type\":\"ListItem\",\"position\":2,\"name\":\"OBRAS Y SERVICIOS SOCIALES | El Centro Cultural Barrio de los Molinos renueva sus instalaciones gracias a la colaboraci\u00f3n de la asociaci\u00f3n INTEDIS\"}]},{\"@type\":\"WebSite\",\"@id\":\"https:\\\/\\\/mula.es\\\/web\\\/#website\",\"url\":\"https:\\\/\\\/mula.es\\\/web\\\/\",\"name\":\"Ayuntamiento de Mula\",\"description\":\"P\u00e1gina web del Ayuntamiento de Mula (Regi\u00f3n de Murcia)\",\"potentialAction\":[{\"@type\":\"SearchAction\",\"target\":{\"@type\":\"EntryPoint\",\"urlTemplate\":\"https:\\\/\\\/mula.es\\\/web\\\/?s={search_term_string}\"},\"query-input\":{\"@type\":\"PropertyValueSpecification\",\"valueRequired\":true,\"valueName\":\"search_term_string\"}}],\"inLanguage\":\"es\"},{\"@type\":\"Person\",\"@id\":\"https:\\\/\\\/mula.es\\\/web\\\/#\\\/schema\\\/person\\\/4f10179bd364f40dceed361e61e4033f\",\"name\":\"Laura Salas Orcajada\",\"image\":{\"@type\":\"ImageObject\",\"inLanguage\":\"es\",\"@id\":\"https:\\\/\\\/secure.gravatar.com\\\/avatar\\\/786f2a223d9a455e2a448f78b5dcc1117207ef56ef3d9a04df338c0f775cd403?s=96&d=mm&r=g\",\"url\":\"https:\\\/\\\/secure.gravatar.com\\\/avatar\\\/786f2a223d9a455e2a448f78b5dcc1117207ef56ef3d9a04df338c0f775cd403?s=96&d=mm&r=g\",\"contentUrl\":\"https:\\\/\\\/secure.gravatar.com\\\/avatar\\\/786f2a223d9a455e2a448f78b5dcc1117207ef56ef3d9a04df338c0f775cd403?s=96&d=mm&r=g\",\"caption\":\"Laura Salas Orcajada\"},\"url\":\"https:\\\/\\\/mula.es\\\/web\\\/author\\\/lsalas\\\/\"}]}<\/script>\n<!-- \/ Yoast SEO plugin. -->","yoast_head_json":{"title":"OBRAS Y SERVICIOS SOCIALES | El Centro Cultural Barrio de los Molinos renueva sus instalaciones gracias a la colaboraci\u00f3n de la asociaci\u00f3n INTEDIS - Ayuntamiento de Mula","robots":{"index":"index","follow":"follow","max-snippet":"max-snippet:-1","max-image-preview":"max-image-preview:large","max-video-preview":"max-video-preview:-1"},"canonical":"https:\/\/mula.es\/web\/servicios-sociales-y-obras-y-servicios\/","og_locale":"es_ES","og_type":"article","og_title":"OBRAS Y SERVICIOS SOCIALES | El Centro Cultural Barrio de los Molinos renueva sus instalaciones gracias a la colaboraci\u00f3n de la asociaci\u00f3n INTEDIS - Ayuntamiento de Mula","og_description":"El Centro Cultural Barrio de los Molinos renueva sus instalaciones gracias a la colaboraci\u00f3n de la asociaci\u00f3n INTEDIS Finalizan las obras de restauraci\u00f3n del Centro Cultural Barrio de los Molinos llevadas a cabo gracias a la colaboraci\u00f3n de la asociaci\u00f3n INTEDIS (Integraci\u00f3n de la Discapacidad). Estas mejoras permitir\u00e1n que el centro contin\u00fae siendo un espacio [...]","og_url":"https:\/\/mula.es\/web\/servicios-sociales-y-obras-y-servicios\/","og_site_name":"Ayuntamiento de Mula","article_published_time":"2024-05-31T09:14:24+00:00","article_modified_time":"2024-05-31T09:14:46+00:00","og_image":[{"width":200,"height":218,"url":"https:\/\/mula.es\/web\/wp-content\/uploads\/2020\/06\/escudo-cuadrado-e1591045058235.jpg","type":"image\/jpeg"}],"author":"Laura Salas Orcajada","twitter_card":"summary_large_image","twitter_creator":"@AyuntamientMula","twitter_site":"@AyuntamientMula","twitter_misc":{"Escrito por":"Laura Salas Orcajada","Tiempo de lectura":"2 minutos"},"schema":{"@context":"https:\/\/schema.org","@graph":[{"@type":"Article","@id":"https:\/\/mula.es\/web\/servicios-sociales-y-obras-y-servicios\/#article","isPartOf":{"@id":"https:\/\/mula.es\/web\/servicios-sociales-y-obras-y-servicios\/"},"author":{"name":"Laura Salas Orcajada","@id":"https:\/\/mula.es\/web\/#\/schema\/person\/4f10179bd364f40dceed361e61e4033f"},"headline":"OBRAS Y SERVICIOS SOCIALES | El Centro Cultural Barrio de los Molinos renueva sus instalaciones gracias a la colaboraci\u00f3n de la asociaci\u00f3n INTEDIS","datePublished":"2024-05-31T09:14:24+00:00","dateModified":"2024-05-31T09:14:46+00:00","mainEntityOfPage":{"@id":"https:\/\/mula.es\/web\/servicios-sociales-y-obras-y-servicios\/"},"wordCount":255,"image":{"@id":"https:\/\/mula.es\/web\/servicios-sociales-y-obras-y-servicios\/#primaryimage"},"thumbnailUrl":"https:\/\/mula.es\/web\/wp-content\/uploads\/2020\/06\/escudo-cuadrado-e1591045058235.jpg","articleSection":["intedis","obras y servicios","servicios sociales"],"inLanguage":"es"},{"@type":"WebPage","@id":"https:\/\/mula.es\/web\/servicios-sociales-y-obras-y-servicios\/","url":"https:\/\/mula.es\/web\/servicios-sociales-y-obras-y-servicios\/","name":"OBRAS Y SERVICIOS SOCIALES | El Centro Cultural Barrio de los Molinos renueva sus instalaciones gracias a la colaboraci\u00f3n de la asociaci\u00f3n INTEDIS - Ayuntamiento de Mula","isPartOf":{"@id":"https:\/\/mula.es\/web\/#website"},"primaryImageOfPage":{"@id":"https:\/\/mula.es\/web\/servicios-sociales-y-obras-y-servicios\/#primaryimage"},"image":{"@id":"https:\/\/mula.es\/web\/servicios-sociales-y-obras-y-servicios\/#primaryimage"},"thumbnailUrl":"https:\/\/mula.es\/web\/wp-content\/uploads\/2020\/06\/escudo-cuadrado-e1591045058235.jpg","datePublished":"2024-05-31T09:14:24+00:00","dateModified":"2024-05-31T09:14:46+00:00","author":{"@id":"https:\/\/mula.es\/web\/#\/schema\/person\/4f10179bd364f40dceed361e61e4033f"},"breadcrumb":{"@id":"https:\/\/mula.es\/web\/servicios-sociales-y-obras-y-servicios\/#breadcrumb"},"inLanguage":"es","potentialAction":[{"@type":"ReadAction","target":["https:\/\/mula.es\/web\/servicios-sociales-y-obras-y-servicios\/"]}]},{"@type":"ImageObject","inLanguage":"es","@id":"https:\/\/mula.es\/web\/servicios-sociales-y-obras-y-servicios\/#primaryimage","url":"https:\/\/mula.es\/web\/wp-content\/uploads\/2020\/06\/escudo-cuadrado-e1591045058235.jpg","contentUrl":"https:\/\/mula.es\/web\/wp-content\/uploads\/2020\/06\/escudo-cuadrado-e1591045058235.jpg","width":200,"height":218},{"@type":"BreadcrumbList","@id":"https:\/\/mula.es\/web\/servicios-sociales-y-obras-y-servicios\/#breadcrumb","itemListElement":[{"@type":"ListItem","position":1,"name":"Portada","item":"https:\/\/mula.es\/web\/"},{"@type":"ListItem","position":2,"name":"OBRAS Y SERVICIOS SOCIALES | El Centro Cultural Barrio de los Molinos renueva sus instalaciones gracias a la colaboraci\u00f3n de la asociaci\u00f3n INTEDIS"}]},{"@type":"WebSite","@id":"https:\/\/mula.es\/web\/#website","url":"https:\/\/mula.es\/web\/","name":"Ayuntamiento de Mula","description":"P\u00e1gina web del Ayuntamiento de Mula (Regi\u00f3n de Murcia)","potentialAction":[{"@type":"SearchAction","target":{"@type":"EntryPoint","urlTemplate":"https:\/\/mula.es\/web\/?s={search_term_string}"},"query-input":{"@type":"PropertyValueSpecification","valueRequired":true,"valueName":"search_term_string"}}],"inLanguage":"es"},{"@type":"Person","@id":"https:\/\/mula.es\/web\/#\/schema\/person\/4f10179bd364f40dceed361e61e4033f","name":"Laura Salas Orcajada","image":{"@type":"ImageObject","inLanguage":"es","@id":"https:\/\/secure.gravatar.com\/avatar\/786f2a223d9a455e2a448f78b5dcc1117207ef56ef3d9a04df338c0f775cd403?s=96&d=mm&r=g","url":"https:\/\/secure.gravatar.com\/avatar\/786f2a223d9a455e2a448f78b5dcc1117207ef56ef3d9a04df338c0f775cd403?s=96&d=mm&r=g","contentUrl":"https:\/\/secure.gravatar.com\/avatar\/786f2a223d9a455e2a448f78b5dcc1117207ef56ef3d9a04df338c0f775cd403?s=96&d=mm&r=g","caption":"Laura Salas Orcajada"},"url":"https:\/\/mula.es\/web\/author\/lsalas\/"}]}},"jetpack_publicize_connections":[],"jetpack_featured_media_url":"https:\/\/mula.es\/web\/wp-content\/uploads\/2020\/06\/escudo-cuadrado-e1591045058235.jpg","jetpack_sharing_enabled":true,"jetpack_shortlink":"https:\/\/wp.me\/pa9DMY-e5l","jetpack-related-posts":[],"_links":{"self":[{"href":"https:\/\/mula.es\/web\/wp-json\/wp\/v2\/posts\/54147","targetHints":{"allow":["GET"]}}],"collection":[{"href":"https:\/\/mula.es\/web\/wp-json\/wp\/v2\/posts"}],"about":[{"href":"https:\/\/mula.es\/web\/wp-json\/wp\/v2\/types\/post"}],"author":[{"embeddable":true,"href":"https:\/\/mula.es\/web\/wp-json\/wp\/v2\/users\/13"}],"replies":[{"embeddable":true,"href":"https:\/\/mula.es\/web\/wp-json\/wp\/v2\/comments?post=54147"}],"version-history":[{"count":2,"href":"https:\/\/mula.es\/web\/wp-json\/wp\/v2\/posts\/54147\/revisions"}],"predecessor-version":[{"id":54153,"href":"https:\/\/mula.es\/web\/wp-json\/wp\/v2\/posts\/54147\/revisions\/54153"}],"wp:featuredmedia":[{"embeddable":true,"href":"https:\/\/mula.es\/web\/wp-json\/wp\/v2\/media\/33512"}],"wp:attachment":[{"href":"https:\/\/mula.es\/web\/wp-json\/wp\/v2\/media?parent=54147"}],"wp:term":[{"taxonomy":"category","embeddable":true,"href":"https:\/\/mula.es\/web\/wp-json\/wp\/v2\/categories?post=54147"},{"taxonomy":"post_tag","embeddable":true,"href":"https:\/\/mula.es\/web\/wp-json\/wp\/v2\/tags?post=54147"}],"curies":[{"name":"wp","href":"https:\/\/api.w.org\/{rel}","templated":true}]}}