{"id":54154,"date":"2024-05-31T13:36:27","date_gmt":"2024-05-31T11:36:27","guid":{"rendered":"https:\/\/mula.es\/web\/?p=54154"},"modified":"2024-05-31T13:36:27","modified_gmt":"2024-05-31T11:36:27","slug":"medio-ambiente-acciones-de-control-y-eliminacion-de-plagas-en-los-pinos-del-castillo-de-mula","status":"publish","type":"post","link":"https:\/\/mula.es\/web\/medio-ambiente-acciones-de-control-y-eliminacion-de-plagas-en-los-pinos-del-castillo-de-mula\/","title":{"rendered":"MEDIO AMBIENTE | Acciones de control y eliminaci\u00f3n de plagas en los pinos del Castillo de Mula"},"content":{"rendered":"<p>Durante la ma\u00f1ana de hoy, se est\u00e1n llevando a cabo acciones intensivas de control y eliminaci\u00f3n de la plaga de Tomicus destruens en los pinos ubicados en la zona del Castillo de Mula.<\/p>\n<p>La concejal\u00eda de Medio Ambiente de Mula, en colaboraci\u00f3n con la jefatura de Comarca Medioambiental, detect\u00f3 cerca de 40 pinos afectados por esta plaga.<\/p>\n<p>En noviembre, a trav\u00e9s de actividades de plantaci\u00f3n, se har\u00e1n las labores de reposici\u00f3n con diferentes especies.<\/p>\n<p>En respuesta, la Unidad de Salud de los Bosques de la Direcci\u00f3n General de Medio Natural ha iniciado trabajos de corta y retirada de los ejemplares afectados.<\/p>\n<p>Estas acciones son esenciales para prevenir la propagaci\u00f3n de la plaga y proteger la salud de nuestros bosques. El Ayuntamiento de Mula est\u00e1 comprometido con la preservaci\u00f3n del entorno natural y trabaja conjuntamente con las autoridades medioambientales para asegurar la eliminaci\u00f3n eficaz de la plaga.<\/p>\n<p>La colaboraci\u00f3n entre las distintas entidades demuestra el esfuerzo conjunto y coordinado para mantener la biodiversidad y el equilibrio ecol\u00f3gico en nuestro municipio.<\/p>\n<p>El Ayuntamiento de Mula agradece a todos los trabajadores involucrados su dedicaci\u00f3n en estas labores para la conservaci\u00f3n de nuestro patrimonio natural.<\/p>\n<p>&nbsp;<\/p>\n<p><a href=\"https:\/\/mula.es\/web\/wp-content\/uploads\/2024\/05\/1-20.jpg\"><img decoding=\"async\" data-attachment-id=\"54155\" data-permalink=\"https:\/\/mula.es\/web\/medio-ambiente-acciones-de-control-y-eliminacion-de-plagas-en-los-pinos-del-castillo-de-mula\/1-36\/\" data-orig-file=\"https:\/\/mula.es\/web\/wp-content\/uploads\/2024\/05\/1-20.jpg\" data-orig-size=\"1080,1080\" data-comments-opened=\"0\" data-image-meta=\"{&quot;aperture&quot;:&quot;0&quot;,&quot;credit&quot;:&quot;&quot;,&quot;camera&quot;:&quot;&quot;,&quot;caption&quot;:&quot;&quot;,&quot;created_timestamp&quot;:&quot;0&quot;,&quot;copyright&quot;:&quot;&quot;,&quot;focal_length&quot;:&quot;0&quot;,&quot;iso&quot;:&quot;0&quot;,&quot;shutter_speed&quot;:&quot;0&quot;,&quot;title&quot;:&quot;&quot;,&quot;orientation&quot;:&quot;1&quot;}\" data-image-title=\"1\" data-image-description=\"\" data-image-caption=\"\" data-large-file=\"https:\/\/mula.es\/web\/wp-content\/uploads\/2024\/05\/1-20-1024x1024.jpg\" class=\"alignnone size-medium wp-image-54155\" src=\"https:\/\/mula.es\/web\/wp-content\/uploads\/2024\/05\/1-20-300x300.jpg\" alt=\"\" width=\"300\" height=\"300\" srcset=\"https:\/\/mula.es\/web\/wp-content\/uploads\/2024\/05\/1-20-66x66.jpg 66w, https:\/\/mula.es\/web\/wp-content\/uploads\/2024\/05\/1-20-150x150.jpg 150w, https:\/\/mula.es\/web\/wp-content\/uploads\/2024\/05\/1-20-200x200.jpg 200w, https:\/\/mula.es\/web\/wp-content\/uploads\/2024\/05\/1-20-300x300.jpg 300w, https:\/\/mula.es\/web\/wp-content\/uploads\/2024\/05\/1-20-400x400.jpg 400w, https:\/\/mula.es\/web\/wp-content\/uploads\/2024\/05\/1-20-600x600.jpg 600w, https:\/\/mula.es\/web\/wp-content\/uploads\/2024\/05\/1-20-768x768.jpg 768w, https:\/\/mula.es\/web\/wp-content\/uploads\/2024\/05\/1-20-800x800.jpg 800w, https:\/\/mula.es\/web\/wp-content\/uploads\/2024\/05\/1-20-1024x1024.jpg 1024w, https:\/\/mula.es\/web\/wp-content\/uploads\/2024\/05\/1-20.jpg 1080w\" sizes=\"(max-width: 300px) 100vw, 300px\" \/><\/a> <a href=\"https:\/\/mula.es\/web\/wp-content\/uploads\/2024\/05\/2-18.jpg\"><img decoding=\"async\" data-attachment-id=\"54156\" data-permalink=\"https:\/\/mula.es\/web\/medio-ambiente-acciones-de-control-y-eliminacion-de-plagas-en-los-pinos-del-castillo-de-mula\/2-32\/\" data-orig-file=\"https:\/\/mula.es\/web\/wp-content\/uploads\/2024\/05\/2-18.jpg\" data-orig-size=\"1080,1080\" data-comments-opened=\"0\" data-image-meta=\"{&quot;aperture&quot;:&quot;0&quot;,&quot;credit&quot;:&quot;&quot;,&quot;camera&quot;:&quot;&quot;,&quot;caption&quot;:&quot;&quot;,&quot;created_timestamp&quot;:&quot;0&quot;,&quot;copyright&quot;:&quot;&quot;,&quot;focal_length&quot;:&quot;0&quot;,&quot;iso&quot;:&quot;0&quot;,&quot;shutter_speed&quot;:&quot;0&quot;,&quot;title&quot;:&quot;&quot;,&quot;orientation&quot;:&quot;1&quot;}\" data-image-title=\"2\" data-image-description=\"\" data-image-caption=\"\" data-large-file=\"https:\/\/mula.es\/web\/wp-content\/uploads\/2024\/05\/2-18-1024x1024.jpg\" class=\"alignnone size-medium wp-image-54156\" src=\"https:\/\/mula.es\/web\/wp-content\/uploads\/2024\/05\/2-18-300x300.jpg\" alt=\"\" width=\"300\" height=\"300\" srcset=\"https:\/\/mula.es\/web\/wp-content\/uploads\/2024\/05\/2-18-66x66.jpg 66w, https:\/\/mula.es\/web\/wp-content\/uploads\/2024\/05\/2-18-150x150.jpg 150w, https:\/\/mula.es\/web\/wp-content\/uploads\/2024\/05\/2-18-200x200.jpg 200w, https:\/\/mula.es\/web\/wp-content\/uploads\/2024\/05\/2-18-300x300.jpg 300w, https:\/\/mula.es\/web\/wp-content\/uploads\/2024\/05\/2-18-400x400.jpg 400w, https:\/\/mula.es\/web\/wp-content\/uploads\/2024\/05\/2-18-600x600.jpg 600w, https:\/\/mula.es\/web\/wp-content\/uploads\/2024\/05\/2-18-768x768.jpg 768w, https:\/\/mula.es\/web\/wp-content\/uploads\/2024\/05\/2-18-800x800.jpg 800w, https:\/\/mula.es\/web\/wp-content\/uploads\/2024\/05\/2-18-1024x1024.jpg 1024w, https:\/\/mula.es\/web\/wp-content\/uploads\/2024\/05\/2-18.jpg 1080w\" sizes=\"(max-width: 300px) 100vw, 300px\" \/><\/a> <a href=\"https:\/\/mula.es\/web\/wp-content\/uploads\/2024\/05\/3-18.jpg\"><img decoding=\"async\" data-attachment-id=\"54157\" data-permalink=\"https:\/\/mula.es\/web\/medio-ambiente-acciones-de-control-y-eliminacion-de-plagas-en-los-pinos-del-castillo-de-mula\/3-29\/\" data-orig-file=\"https:\/\/mula.es\/web\/wp-content\/uploads\/2024\/05\/3-18.jpg\" data-orig-size=\"1080,1080\" data-comments-opened=\"0\" data-image-meta=\"{&quot;aperture&quot;:&quot;0&quot;,&quot;credit&quot;:&quot;&quot;,&quot;camera&quot;:&quot;&quot;,&quot;caption&quot;:&quot;&quot;,&quot;created_timestamp&quot;:&quot;0&quot;,&quot;copyright&quot;:&quot;&quot;,&quot;focal_length&quot;:&quot;0&quot;,&quot;iso&quot;:&quot;0&quot;,&quot;shutter_speed&quot;:&quot;0&quot;,&quot;title&quot;:&quot;&quot;,&quot;orientation&quot;:&quot;1&quot;}\" data-image-title=\"3\" data-image-description=\"\" data-image-caption=\"\" data-large-file=\"https:\/\/mula.es\/web\/wp-content\/uploads\/2024\/05\/3-18-1024x1024.jpg\" class=\"alignnone size-medium wp-image-54157\" src=\"https:\/\/mula.es\/web\/wp-content\/uploads\/2024\/05\/3-18-300x300.jpg\" alt=\"\" width=\"300\" height=\"300\" srcset=\"https:\/\/mula.es\/web\/wp-content\/uploads\/2024\/05\/3-18-66x66.jpg 66w, https:\/\/mula.es\/web\/wp-content\/uploads\/2024\/05\/3-18-150x150.jpg 150w, https:\/\/mula.es\/web\/wp-content\/uploads\/2024\/05\/3-18-200x200.jpg 200w, https:\/\/mula.es\/web\/wp-content\/uploads\/2024\/05\/3-18-300x300.jpg 300w, https:\/\/mula.es\/web\/wp-content\/uploads\/2024\/05\/3-18-400x400.jpg 400w, https:\/\/mula.es\/web\/wp-content\/uploads\/2024\/05\/3-18-600x600.jpg 600w, https:\/\/mula.es\/web\/wp-content\/uploads\/2024\/05\/3-18-768x768.jpg 768w, https:\/\/mula.es\/web\/wp-content\/uploads\/2024\/05\/3-18-800x800.jpg 800w, https:\/\/mula.es\/web\/wp-content\/uploads\/2024\/05\/3-18-1024x1024.jpg 1024w, https:\/\/mula.es\/web\/wp-content\/uploads\/2024\/05\/3-18.jpg 1080w\" sizes=\"(max-width: 300px) 100vw, 300px\" \/><\/a> <a href=\"https:\/\/mula.es\/web\/wp-content\/uploads\/2024\/05\/4-17.jpg\"><img decoding=\"async\" data-attachment-id=\"54158\" data-permalink=\"https:\/\/mula.es\/web\/medio-ambiente-acciones-de-control-y-eliminacion-de-plagas-en-los-pinos-del-castillo-de-mula\/4-24\/\" data-orig-file=\"https:\/\/mula.es\/web\/wp-content\/uploads\/2024\/05\/4-17.jpg\" data-orig-size=\"1080,1080\" data-comments-opened=\"0\" data-image-meta=\"{&quot;aperture&quot;:&quot;0&quot;,&quot;credit&quot;:&quot;&quot;,&quot;camera&quot;:&quot;&quot;,&quot;caption&quot;:&quot;&quot;,&quot;created_timestamp&quot;:&quot;0&quot;,&quot;copyright&quot;:&quot;&quot;,&quot;focal_length&quot;:&quot;0&quot;,&quot;iso&quot;:&quot;0&quot;,&quot;shutter_speed&quot;:&quot;0&quot;,&quot;title&quot;:&quot;&quot;,&quot;orientation&quot;:&quot;1&quot;}\" data-image-title=\"4\" data-image-description=\"\" data-image-caption=\"\" data-large-file=\"https:\/\/mula.es\/web\/wp-content\/uploads\/2024\/05\/4-17-1024x1024.jpg\" class=\"alignnone size-medium wp-image-54158\" src=\"https:\/\/mula.es\/web\/wp-content\/uploads\/2024\/05\/4-17-300x300.jpg\" alt=\"\" width=\"300\" height=\"300\" srcset=\"https:\/\/mula.es\/web\/wp-content\/uploads\/2024\/05\/4-17-66x66.jpg 66w, https:\/\/mula.es\/web\/wp-content\/uploads\/2024\/05\/4-17-150x150.jpg 150w, https:\/\/mula.es\/web\/wp-content\/uploads\/2024\/05\/4-17-200x200.jpg 200w, https:\/\/mula.es\/web\/wp-content\/uploads\/2024\/05\/4-17-300x300.jpg 300w, https:\/\/mula.es\/web\/wp-content\/uploads\/2024\/05\/4-17-400x400.jpg 400w, https:\/\/mula.es\/web\/wp-content\/uploads\/2024\/05\/4-17-600x600.jpg 600w, https:\/\/mula.es\/web\/wp-content\/uploads\/2024\/05\/4-17-768x768.jpg 768w, https:\/\/mula.es\/web\/wp-content\/uploads\/2024\/05\/4-17-800x800.jpg 800w, https:\/\/mula.es\/web\/wp-content\/uploads\/2024\/05\/4-17-1024x1024.jpg 1024w, https:\/\/mula.es\/web\/wp-content\/uploads\/2024\/05\/4-17.jpg 1080w\" sizes=\"(max-width: 300px) 100vw, 300px\" \/><\/a><\/p>\n","protected":false},"excerpt":{"rendered":"<p>Durante la ma\u00f1ana de hoy, se est\u00e1n llevando a cabo acciones intensivas de control y eliminaci\u00f3n de la plaga de Tomicus destruens en los pinos ubicados en la zona del Castillo de Mula. La concejal\u00eda de Medio Ambiente de Mula, en colaboraci\u00f3n con la jefatura de Comarca Medioambiental, detect\u00f3 cerca de 40 pinos afectados por  [&#8230;]<\/p>\n","protected":false},"author":13,"featured_media":33512,"comment_status":"closed","ping_status":"closed","sticky":false,"template":"","format":"standard","meta":{"jetpack_post_was_ever_published":false,"_jetpack_newsletter_access":"","_jetpack_dont_email_post_to_subs":false,"_jetpack_newsletter_tier_id":0,"_jetpack_memberships_contains_paywalled_content":false,"_jetpack_memberships_contains_paid_content":false,"footnotes":"","jetpack_publicize_message":"","jetpack_publicize_feature_enabled":true,"jetpack_social_post_already_shared":false,"jetpack_social_options":{"image_generator_settings":{"template":"highway","default_image_id":0,"font":"","enabled":false},"version":2}},"categories":[153],"tags":[],"class_list":["post-54154","post","type-post","status-publish","format-standard","has-post-thumbnail","hentry","category-medio-ambiente"],"yoast_head":"<!-- This site is optimized with the Yoast SEO plugin v27.5 - https:\/\/yoast.com\/product\/yoast-seo-wordpress\/ -->\n<title>MEDIO AMBIENTE | Acciones de control y eliminaci\u00f3n de plagas en los pinos del Castillo de Mula - Ayuntamiento de Mula<\/title>\n<meta name=\"robots\" content=\"index, follow, max-snippet:-1, max-image-preview:large, max-video-preview:-1\" \/>\n<link rel=\"canonical\" href=\"https:\/\/mula.es\/web\/medio-ambiente-acciones-de-control-y-eliminacion-de-plagas-en-los-pinos-del-castillo-de-mula\/\" \/>\n<meta property=\"og:locale\" content=\"es_ES\" \/>\n<meta property=\"og:type\" content=\"article\" \/>\n<meta property=\"og:title\" content=\"MEDIO AMBIENTE | Acciones de control y eliminaci\u00f3n de plagas en los pinos del Castillo de Mula - Ayuntamiento de Mula\" \/>\n<meta property=\"og:description\" content=\"Durante la ma\u00f1ana de hoy, se est\u00e1n llevando a cabo acciones intensivas de control y eliminaci\u00f3n de la plaga de Tomicus destruens en los pinos ubicados en la zona del Castillo de Mula. La concejal\u00eda de Medio Ambiente de Mula, en colaboraci\u00f3n con la jefatura de Comarca Medioambiental, detect\u00f3 cerca de 40 pinos afectados por [...]\" \/>\n<meta property=\"og:url\" content=\"https:\/\/mula.es\/web\/medio-ambiente-acciones-de-control-y-eliminacion-de-plagas-en-los-pinos-del-castillo-de-mula\/\" \/>\n<meta property=\"og:site_name\" content=\"Ayuntamiento de Mula\" \/>\n<meta property=\"article:published_time\" content=\"2024-05-31T11:36:27+00:00\" \/>\n<meta property=\"og:image\" content=\"https:\/\/mula.es\/web\/wp-content\/uploads\/2020\/06\/escudo-cuadrado-e1591045058235.jpg\" \/>\n\t<meta property=\"og:image:width\" content=\"200\" \/>\n\t<meta property=\"og:image:height\" content=\"218\" \/>\n\t<meta property=\"og:image:type\" content=\"image\/jpeg\" \/>\n<meta name=\"author\" content=\"Laura Salas Orcajada\" \/>\n<meta name=\"twitter:card\" content=\"summary_large_image\" \/>\n<meta name=\"twitter:creator\" content=\"@AyuntamientMula\" \/>\n<meta name=\"twitter:site\" content=\"@AyuntamientMula\" \/>\n<meta name=\"twitter:label1\" content=\"Escrito por\" \/>\n\t<meta name=\"twitter:data1\" content=\"Laura Salas Orcajada\" \/>\n\t<meta name=\"twitter:label2\" content=\"Tiempo de lectura\" \/>\n\t<meta name=\"twitter:data2\" content=\"1 minuto\" \/>\n<script type=\"application\/ld+json\" class=\"yoast-schema-graph\">{\"@context\":\"https:\\\/\\\/schema.org\",\"@graph\":[{\"@type\":\"Article\",\"@id\":\"https:\\\/\\\/mula.es\\\/web\\\/medio-ambiente-acciones-de-control-y-eliminacion-de-plagas-en-los-pinos-del-castillo-de-mula\\\/#article\",\"isPartOf\":{\"@id\":\"https:\\\/\\\/mula.es\\\/web\\\/medio-ambiente-acciones-de-control-y-eliminacion-de-plagas-en-los-pinos-del-castillo-de-mula\\\/\"},\"author\":{\"name\":\"Laura Salas Orcajada\",\"@id\":\"https:\\\/\\\/mula.es\\\/web\\\/#\\\/schema\\\/person\\\/4f10179bd364f40dceed361e61e4033f\"},\"headline\":\"MEDIO AMBIENTE | Acciones de control y eliminaci\u00f3n de plagas en los pinos del Castillo de Mula\",\"datePublished\":\"2024-05-31T11:36:27+00:00\",\"mainEntityOfPage\":{\"@id\":\"https:\\\/\\\/mula.es\\\/web\\\/medio-ambiente-acciones-de-control-y-eliminacion-de-plagas-en-los-pinos-del-castillo-de-mula\\\/\"},\"wordCount\":225,\"image\":{\"@id\":\"https:\\\/\\\/mula.es\\\/web\\\/medio-ambiente-acciones-de-control-y-eliminacion-de-plagas-en-los-pinos-del-castillo-de-mula\\\/#primaryimage\"},\"thumbnailUrl\":\"https:\\\/\\\/mula.es\\\/web\\\/wp-content\\\/uploads\\\/2020\\\/06\\\/escudo-cuadrado-e1591045058235.jpg\",\"articleSection\":[\"medio ambiente\"],\"inLanguage\":\"es\"},{\"@type\":\"WebPage\",\"@id\":\"https:\\\/\\\/mula.es\\\/web\\\/medio-ambiente-acciones-de-control-y-eliminacion-de-plagas-en-los-pinos-del-castillo-de-mula\\\/\",\"url\":\"https:\\\/\\\/mula.es\\\/web\\\/medio-ambiente-acciones-de-control-y-eliminacion-de-plagas-en-los-pinos-del-castillo-de-mula\\\/\",\"name\":\"MEDIO AMBIENTE | Acciones de control y eliminaci\u00f3n de plagas en los pinos del Castillo de Mula - Ayuntamiento de Mula\",\"isPartOf\":{\"@id\":\"https:\\\/\\\/mula.es\\\/web\\\/#website\"},\"primaryImageOfPage\":{\"@id\":\"https:\\\/\\\/mula.es\\\/web\\\/medio-ambiente-acciones-de-control-y-eliminacion-de-plagas-en-los-pinos-del-castillo-de-mula\\\/#primaryimage\"},\"image\":{\"@id\":\"https:\\\/\\\/mula.es\\\/web\\\/medio-ambiente-acciones-de-control-y-eliminacion-de-plagas-en-los-pinos-del-castillo-de-mula\\\/#primaryimage\"},\"thumbnailUrl\":\"https:\\\/\\\/mula.es\\\/web\\\/wp-content\\\/uploads\\\/2020\\\/06\\\/escudo-cuadrado-e1591045058235.jpg\",\"datePublished\":\"2024-05-31T11:36:27+00:00\",\"author\":{\"@id\":\"https:\\\/\\\/mula.es\\\/web\\\/#\\\/schema\\\/person\\\/4f10179bd364f40dceed361e61e4033f\"},\"breadcrumb\":{\"@id\":\"https:\\\/\\\/mula.es\\\/web\\\/medio-ambiente-acciones-de-control-y-eliminacion-de-plagas-en-los-pinos-del-castillo-de-mula\\\/#breadcrumb\"},\"inLanguage\":\"es\",\"potentialAction\":[{\"@type\":\"ReadAction\",\"target\":[\"https:\\\/\\\/mula.es\\\/web\\\/medio-ambiente-acciones-de-control-y-eliminacion-de-plagas-en-los-pinos-del-castillo-de-mula\\\/\"]}]},{\"@type\":\"ImageObject\",\"inLanguage\":\"es\",\"@id\":\"https:\\\/\\\/mula.es\\\/web\\\/medio-ambiente-acciones-de-control-y-eliminacion-de-plagas-en-los-pinos-del-castillo-de-mula\\\/#primaryimage\",\"url\":\"https:\\\/\\\/mula.es\\\/web\\\/wp-content\\\/uploads\\\/2020\\\/06\\\/escudo-cuadrado-e1591045058235.jpg\",\"contentUrl\":\"https:\\\/\\\/mula.es\\\/web\\\/wp-content\\\/uploads\\\/2020\\\/06\\\/escudo-cuadrado-e1591045058235.jpg\",\"width\":200,\"height\":218},{\"@type\":\"BreadcrumbList\",\"@id\":\"https:\\\/\\\/mula.es\\\/web\\\/medio-ambiente-acciones-de-control-y-eliminacion-de-plagas-en-los-pinos-del-castillo-de-mula\\\/#breadcrumb\",\"itemListElement\":[{\"@type\":\"ListItem\",\"position\":1,\"name\":\"Portada\",\"item\":\"https:\\\/\\\/mula.es\\\/web\\\/\"},{\"@type\":\"ListItem\",\"position\":2,\"name\":\"MEDIO AMBIENTE | Acciones de control y eliminaci\u00f3n de plagas en los pinos del Castillo de Mula\"}]},{\"@type\":\"WebSite\",\"@id\":\"https:\\\/\\\/mula.es\\\/web\\\/#website\",\"url\":\"https:\\\/\\\/mula.es\\\/web\\\/\",\"name\":\"Ayuntamiento de Mula\",\"description\":\"P\u00e1gina web del Ayuntamiento de Mula (Regi\u00f3n de Murcia)\",\"potentialAction\":[{\"@type\":\"SearchAction\",\"target\":{\"@type\":\"EntryPoint\",\"urlTemplate\":\"https:\\\/\\\/mula.es\\\/web\\\/?s={search_term_string}\"},\"query-input\":{\"@type\":\"PropertyValueSpecification\",\"valueRequired\":true,\"valueName\":\"search_term_string\"}}],\"inLanguage\":\"es\"},{\"@type\":\"Person\",\"@id\":\"https:\\\/\\\/mula.es\\\/web\\\/#\\\/schema\\\/person\\\/4f10179bd364f40dceed361e61e4033f\",\"name\":\"Laura Salas Orcajada\",\"image\":{\"@type\":\"ImageObject\",\"inLanguage\":\"es\",\"@id\":\"https:\\\/\\\/secure.gravatar.com\\\/avatar\\\/786f2a223d9a455e2a448f78b5dcc1117207ef56ef3d9a04df338c0f775cd403?s=96&d=mm&r=g\",\"url\":\"https:\\\/\\\/secure.gravatar.com\\\/avatar\\\/786f2a223d9a455e2a448f78b5dcc1117207ef56ef3d9a04df338c0f775cd403?s=96&d=mm&r=g\",\"contentUrl\":\"https:\\\/\\\/secure.gravatar.com\\\/avatar\\\/786f2a223d9a455e2a448f78b5dcc1117207ef56ef3d9a04df338c0f775cd403?s=96&d=mm&r=g\",\"caption\":\"Laura Salas Orcajada\"},\"url\":\"https:\\\/\\\/mula.es\\\/web\\\/author\\\/lsalas\\\/\"}]}<\/script>\n<!-- \/ Yoast SEO plugin. -->","yoast_head_json":{"title":"MEDIO AMBIENTE | Acciones de control y eliminaci\u00f3n de plagas en los pinos del Castillo de Mula - Ayuntamiento de Mula","robots":{"index":"index","follow":"follow","max-snippet":"max-snippet:-1","max-image-preview":"max-image-preview:large","max-video-preview":"max-video-preview:-1"},"canonical":"https:\/\/mula.es\/web\/medio-ambiente-acciones-de-control-y-eliminacion-de-plagas-en-los-pinos-del-castillo-de-mula\/","og_locale":"es_ES","og_type":"article","og_title":"MEDIO AMBIENTE | Acciones de control y eliminaci\u00f3n de plagas en los pinos del Castillo de Mula - Ayuntamiento de Mula","og_description":"Durante la ma\u00f1ana de hoy, se est\u00e1n llevando a cabo acciones intensivas de control y eliminaci\u00f3n de la plaga de Tomicus destruens en los pinos ubicados en la zona del Castillo de Mula. La concejal\u00eda de Medio Ambiente de Mula, en colaboraci\u00f3n con la jefatura de Comarca Medioambiental, detect\u00f3 cerca de 40 pinos afectados por [...]","og_url":"https:\/\/mula.es\/web\/medio-ambiente-acciones-de-control-y-eliminacion-de-plagas-en-los-pinos-del-castillo-de-mula\/","og_site_name":"Ayuntamiento de Mula","article_published_time":"2024-05-31T11:36:27+00:00","og_image":[{"width":200,"height":218,"url":"https:\/\/mula.es\/web\/wp-content\/uploads\/2020\/06\/escudo-cuadrado-e1591045058235.jpg","type":"image\/jpeg"}],"author":"Laura Salas Orcajada","twitter_card":"summary_large_image","twitter_creator":"@AyuntamientMula","twitter_site":"@AyuntamientMula","twitter_misc":{"Escrito por":"Laura Salas Orcajada","Tiempo de lectura":"1 minuto"},"schema":{"@context":"https:\/\/schema.org","@graph":[{"@type":"Article","@id":"https:\/\/mula.es\/web\/medio-ambiente-acciones-de-control-y-eliminacion-de-plagas-en-los-pinos-del-castillo-de-mula\/#article","isPartOf":{"@id":"https:\/\/mula.es\/web\/medio-ambiente-acciones-de-control-y-eliminacion-de-plagas-en-los-pinos-del-castillo-de-mula\/"},"author":{"name":"Laura Salas Orcajada","@id":"https:\/\/mula.es\/web\/#\/schema\/person\/4f10179bd364f40dceed361e61e4033f"},"headline":"MEDIO AMBIENTE | Acciones de control y eliminaci\u00f3n de plagas en los pinos del Castillo de Mula","datePublished":"2024-05-31T11:36:27+00:00","mainEntityOfPage":{"@id":"https:\/\/mula.es\/web\/medio-ambiente-acciones-de-control-y-eliminacion-de-plagas-en-los-pinos-del-castillo-de-mula\/"},"wordCount":225,"image":{"@id":"https:\/\/mula.es\/web\/medio-ambiente-acciones-de-control-y-eliminacion-de-plagas-en-los-pinos-del-castillo-de-mula\/#primaryimage"},"thumbnailUrl":"https:\/\/mula.es\/web\/wp-content\/uploads\/2020\/06\/escudo-cuadrado-e1591045058235.jpg","articleSection":["medio ambiente"],"inLanguage":"es"},{"@type":"WebPage","@id":"https:\/\/mula.es\/web\/medio-ambiente-acciones-de-control-y-eliminacion-de-plagas-en-los-pinos-del-castillo-de-mula\/","url":"https:\/\/mula.es\/web\/medio-ambiente-acciones-de-control-y-eliminacion-de-plagas-en-los-pinos-del-castillo-de-mula\/","name":"MEDIO AMBIENTE | Acciones de control y eliminaci\u00f3n de plagas en los pinos del Castillo de Mula - Ayuntamiento de Mula","isPartOf":{"@id":"https:\/\/mula.es\/web\/#website"},"primaryImageOfPage":{"@id":"https:\/\/mula.es\/web\/medio-ambiente-acciones-de-control-y-eliminacion-de-plagas-en-los-pinos-del-castillo-de-mula\/#primaryimage"},"image":{"@id":"https:\/\/mula.es\/web\/medio-ambiente-acciones-de-control-y-eliminacion-de-plagas-en-los-pinos-del-castillo-de-mula\/#primaryimage"},"thumbnailUrl":"https:\/\/mula.es\/web\/wp-content\/uploads\/2020\/06\/escudo-cuadrado-e1591045058235.jpg","datePublished":"2024-05-31T11:36:27+00:00","author":{"@id":"https:\/\/mula.es\/web\/#\/schema\/person\/4f10179bd364f40dceed361e61e4033f"},"breadcrumb":{"@id":"https:\/\/mula.es\/web\/medio-ambiente-acciones-de-control-y-eliminacion-de-plagas-en-los-pinos-del-castillo-de-mula\/#breadcrumb"},"inLanguage":"es","potentialAction":[{"@type":"ReadAction","target":["https:\/\/mula.es\/web\/medio-ambiente-acciones-de-control-y-eliminacion-de-plagas-en-los-pinos-del-castillo-de-mula\/"]}]},{"@type":"ImageObject","inLanguage":"es","@id":"https:\/\/mula.es\/web\/medio-ambiente-acciones-de-control-y-eliminacion-de-plagas-en-los-pinos-del-castillo-de-mula\/#primaryimage","url":"https:\/\/mula.es\/web\/wp-content\/uploads\/2020\/06\/escudo-cuadrado-e1591045058235.jpg","contentUrl":"https:\/\/mula.es\/web\/wp-content\/uploads\/2020\/06\/escudo-cuadrado-e1591045058235.jpg","width":200,"height":218},{"@type":"BreadcrumbList","@id":"https:\/\/mula.es\/web\/medio-ambiente-acciones-de-control-y-eliminacion-de-plagas-en-los-pinos-del-castillo-de-mula\/#breadcrumb","itemListElement":[{"@type":"ListItem","position":1,"name":"Portada","item":"https:\/\/mula.es\/web\/"},{"@type":"ListItem","position":2,"name":"MEDIO AMBIENTE | Acciones de control y eliminaci\u00f3n de plagas en los pinos del Castillo de Mula"}]},{"@type":"WebSite","@id":"https:\/\/mula.es\/web\/#website","url":"https:\/\/mula.es\/web\/","name":"Ayuntamiento de Mula","description":"P\u00e1gina web del Ayuntamiento de Mula (Regi\u00f3n de Murcia)","potentialAction":[{"@type":"SearchAction","target":{"@type":"EntryPoint","urlTemplate":"https:\/\/mula.es\/web\/?s={search_term_string}"},"query-input":{"@type":"PropertyValueSpecification","valueRequired":true,"valueName":"search_term_string"}}],"inLanguage":"es"},{"@type":"Person","@id":"https:\/\/mula.es\/web\/#\/schema\/person\/4f10179bd364f40dceed361e61e4033f","name":"Laura Salas Orcajada","image":{"@type":"ImageObject","inLanguage":"es","@id":"https:\/\/secure.gravatar.com\/avatar\/786f2a223d9a455e2a448f78b5dcc1117207ef56ef3d9a04df338c0f775cd403?s=96&d=mm&r=g","url":"https:\/\/secure.gravatar.com\/avatar\/786f2a223d9a455e2a448f78b5dcc1117207ef56ef3d9a04df338c0f775cd403?s=96&d=mm&r=g","contentUrl":"https:\/\/secure.gravatar.com\/avatar\/786f2a223d9a455e2a448f78b5dcc1117207ef56ef3d9a04df338c0f775cd403?s=96&d=mm&r=g","caption":"Laura Salas Orcajada"},"url":"https:\/\/mula.es\/web\/author\/lsalas\/"}]}},"jetpack_publicize_connections":[],"jetpack_featured_media_url":"https:\/\/mula.es\/web\/wp-content\/uploads\/2020\/06\/escudo-cuadrado-e1591045058235.jpg","jetpack_sharing_enabled":true,"jetpack_shortlink":"https:\/\/wp.me\/pa9DMY-e5s","jetpack-related-posts":[],"_links":{"self":[{"href":"https:\/\/mula.es\/web\/wp-json\/wp\/v2\/posts\/54154","targetHints":{"allow":["GET"]}}],"collection":[{"href":"https:\/\/mula.es\/web\/wp-json\/wp\/v2\/posts"}],"about":[{"href":"https:\/\/mula.es\/web\/wp-json\/wp\/v2\/types\/post"}],"author":[{"embeddable":true,"href":"https:\/\/mula.es\/web\/wp-json\/wp\/v2\/users\/13"}],"replies":[{"embeddable":true,"href":"https:\/\/mula.es\/web\/wp-json\/wp\/v2\/comments?post=54154"}],"version-history":[{"count":1,"href":"https:\/\/mula.es\/web\/wp-json\/wp\/v2\/posts\/54154\/revisions"}],"predecessor-version":[{"id":54159,"href":"https:\/\/mula.es\/web\/wp-json\/wp\/v2\/posts\/54154\/revisions\/54159"}],"wp:featuredmedia":[{"embeddable":true,"href":"https:\/\/mula.es\/web\/wp-json\/wp\/v2\/media\/33512"}],"wp:attachment":[{"href":"https:\/\/mula.es\/web\/wp-json\/wp\/v2\/media?parent=54154"}],"wp:term":[{"taxonomy":"category","embeddable":true,"href":"https:\/\/mula.es\/web\/wp-json\/wp\/v2\/categories?post=54154"},{"taxonomy":"post_tag","embeddable":true,"href":"https:\/\/mula.es\/web\/wp-json\/wp\/v2\/tags?post=54154"}],"curies":[{"name":"wp","href":"https:\/\/api.w.org\/{rel}","templated":true}]}}