{"id":54162,"date":"2024-05-31T16:18:25","date_gmt":"2024-05-31T14:18:25","guid":{"rendered":"https:\/\/mula.es\/web\/?p=54162"},"modified":"2024-05-31T16:18:25","modified_gmt":"2024-05-31T14:18:25","slug":"igualdad-reapertura-de-las-aulas-de-mediodia-en-los-centros-escolares-de-mula","status":"publish","type":"post","link":"https:\/\/mula.es\/web\/igualdad-reapertura-de-las-aulas-de-mediodia-en-los-centros-escolares-de-mula\/","title":{"rendered":"IGUALDAD | Reapertura de las Aulas de Mediod\u00eda en los centros escolares de Mula"},"content":{"rendered":"<p>El Ayuntamiento de Mula, a trav\u00e9s del Plan Corresponsables, financiado en su totalidad por el Ministerio de Igualdad, mediante la Secretar\u00eda de Estado de Igualdad y Contra la Violencia de G\u00e9nero, anuncia la reanudaci\u00f3n de las Aulas de Mediod\u00eda en los cuatro colegios del municipio a partir del pr\u00f3ximo lunes 3 de junio.<\/p>\n<p>Estas aulas, ubicadas en el CEIP Anita Arnao, CEIP Florentino Bayona, Cristo Crucificado y Santa Clara, ofrecer\u00e1n sus servicios de 13:00 a 14:00 horas, brindando apoyo a las familias que, debido a sus horarios laborales, no pueden recoger a sus hijos a la 13 horas, horario establecido durante este mes en los centros escolares.<\/p>\n<p>El objetivo principal del Plan Corresponsables es promover la igualdad entre hombres y mujeres, facilitando la conciliaci\u00f3n de la vida laboral y familiar. Por ello, estas aulas proporcionar\u00e1n un entorno seguro y supervisado donde los estudiantes recibir\u00e1n atenci\u00f3n educativa y participar\u00e1n en actividades recreativas, fomentando su desarrollo integral y brind\u00e1ndoles la oportunidad de compartir experiencias con sus compa\u00f1eros.<\/p>\n<p>Con este servicio gratuito, se ha atendido cada solicitud recibida de los centros educativos, asegurando que todas las familias que lo necesiten puedan beneficiarse de esta iniciativa.<\/p>\n<p><a href=\"https:\/\/mula.es\/web\/wp-content\/uploads\/2024\/05\/cartel-ludoteca-junio-2024-scaled.jpg\"><img decoding=\"async\" data-attachment-id=\"54163\" data-permalink=\"https:\/\/mula.es\/web\/igualdad-reapertura-de-las-aulas-de-mediodia-en-los-centros-escolares-de-mula\/cartel-ludoteca-junio-2024\/\" data-orig-file=\"https:\/\/mula.es\/web\/wp-content\/uploads\/2024\/05\/cartel-ludoteca-junio-2024-scaled.jpg\" data-orig-size=\"1829,2560\" data-comments-opened=\"0\" data-image-meta=\"{&quot;aperture&quot;:&quot;0&quot;,&quot;credit&quot;:&quot;&quot;,&quot;camera&quot;:&quot;&quot;,&quot;caption&quot;:&quot;&quot;,&quot;created_timestamp&quot;:&quot;0&quot;,&quot;copyright&quot;:&quot;&quot;,&quot;focal_length&quot;:&quot;0&quot;,&quot;iso&quot;:&quot;0&quot;,&quot;shutter_speed&quot;:&quot;0&quot;,&quot;title&quot;:&quot;&quot;,&quot;orientation&quot;:&quot;1&quot;}\" data-image-title=\"cartel ludoteca junio 2024\" data-image-description=\"\" data-image-caption=\"\" data-large-file=\"https:\/\/mula.es\/web\/wp-content\/uploads\/2024\/05\/cartel-ludoteca-junio-2024-731x1024.jpg\" class=\"alignnone size-medium wp-image-54163\" src=\"https:\/\/mula.es\/web\/wp-content\/uploads\/2024\/05\/cartel-ludoteca-junio-2024-214x300.jpg\" alt=\"\" width=\"214\" height=\"300\" srcset=\"https:\/\/mula.es\/web\/wp-content\/uploads\/2024\/05\/cartel-ludoteca-junio-2024-200x280.jpg 200w, https:\/\/mula.es\/web\/wp-content\/uploads\/2024\/05\/cartel-ludoteca-junio-2024-214x300.jpg 214w, https:\/\/mula.es\/web\/wp-content\/uploads\/2024\/05\/cartel-ludoteca-junio-2024-400x560.jpg 400w, https:\/\/mula.es\/web\/wp-content\/uploads\/2024\/05\/cartel-ludoteca-junio-2024-600x840.jpg 600w, https:\/\/mula.es\/web\/wp-content\/uploads\/2024\/05\/cartel-ludoteca-junio-2024-731x1024.jpg 731w, https:\/\/mula.es\/web\/wp-content\/uploads\/2024\/05\/cartel-ludoteca-junio-2024-768x1075.jpg 768w, https:\/\/mula.es\/web\/wp-content\/uploads\/2024\/05\/cartel-ludoteca-junio-2024-800x1120.jpg 800w, https:\/\/mula.es\/web\/wp-content\/uploads\/2024\/05\/cartel-ludoteca-junio-2024-1097x1536.jpg 1097w, https:\/\/mula.es\/web\/wp-content\/uploads\/2024\/05\/cartel-ludoteca-junio-2024-1200x1680.jpg 1200w, https:\/\/mula.es\/web\/wp-content\/uploads\/2024\/05\/cartel-ludoteca-junio-2024-1463x2048.jpg 1463w, https:\/\/mula.es\/web\/wp-content\/uploads\/2024\/05\/cartel-ludoteca-junio-2024-scaled.jpg 1829w\" sizes=\"(max-width: 214px) 100vw, 214px\" \/><\/a><\/p>\n","protected":false},"excerpt":{"rendered":"<p>El Ayuntamiento de Mula, a trav\u00e9s del Plan Corresponsables, financiado en su totalidad por el Ministerio de Igualdad, mediante la Secretar\u00eda de Estado de Igualdad y Contra la Violencia de G\u00e9nero, anuncia la reanudaci\u00f3n de las Aulas de Mediod\u00eda en los cuatro colegios del municipio a partir del pr\u00f3ximo lunes 3 de junio. Estas aulas,  [&#8230;]<\/p>\n","protected":false},"author":13,"featured_media":0,"comment_status":"closed","ping_status":"closed","sticky":false,"template":"","format":"standard","meta":{"jetpack_post_was_ever_published":false,"_jetpack_newsletter_access":"","_jetpack_dont_email_post_to_subs":false,"_jetpack_newsletter_tier_id":0,"_jetpack_memberships_contains_paywalled_content":false,"_jetpack_memberships_contains_paid_content":false,"footnotes":"","jetpack_publicize_message":"","jetpack_publicize_feature_enabled":true,"jetpack_social_post_already_shared":false,"jetpack_social_options":{"image_generator_settings":{"template":"highway","default_image_id":0,"font":"","enabled":false},"version":2}},"categories":[1],"tags":[],"class_list":["post-54162","post","type-post","status-publish","format-standard","hentry","category-uncategorized"],"yoast_head":"<!-- This site is optimized with the Yoast SEO plugin v27.5 - https:\/\/yoast.com\/product\/yoast-seo-wordpress\/ -->\n<title>IGUALDAD | Reapertura de las Aulas de Mediod\u00eda en los centros escolares de Mula - Ayuntamiento de Mula<\/title>\n<meta name=\"robots\" content=\"index, follow, max-snippet:-1, max-image-preview:large, max-video-preview:-1\" \/>\n<link rel=\"canonical\" href=\"https:\/\/mula.es\/web\/igualdad-reapertura-de-las-aulas-de-mediodia-en-los-centros-escolares-de-mula\/\" \/>\n<meta property=\"og:locale\" content=\"es_ES\" \/>\n<meta property=\"og:type\" content=\"article\" \/>\n<meta property=\"og:title\" content=\"IGUALDAD | Reapertura de las Aulas de Mediod\u00eda en los centros escolares de Mula - Ayuntamiento de Mula\" \/>\n<meta property=\"og:description\" content=\"El Ayuntamiento de Mula, a trav\u00e9s del Plan Corresponsables, financiado en su totalidad por el Ministerio de Igualdad, mediante la Secretar\u00eda de Estado de Igualdad y Contra la Violencia de G\u00e9nero, anuncia la reanudaci\u00f3n de las Aulas de Mediod\u00eda en los cuatro colegios del municipio a partir del pr\u00f3ximo lunes 3 de junio. Estas aulas, [...]\" \/>\n<meta property=\"og:url\" content=\"https:\/\/mula.es\/web\/igualdad-reapertura-de-las-aulas-de-mediodia-en-los-centros-escolares-de-mula\/\" \/>\n<meta property=\"og:site_name\" content=\"Ayuntamiento de Mula\" \/>\n<meta property=\"article:published_time\" content=\"2024-05-31T14:18:25+00:00\" \/>\n<meta property=\"og:image\" content=\"https:\/\/mula.es\/web\/wp-content\/uploads\/2024\/05\/cartel-ludoteca-junio-2024-214x300.jpg\" \/>\n<meta name=\"author\" content=\"Laura Salas Orcajada\" \/>\n<meta name=\"twitter:card\" content=\"summary_large_image\" \/>\n<meta name=\"twitter:creator\" content=\"@AyuntamientMula\" \/>\n<meta name=\"twitter:site\" content=\"@AyuntamientMula\" \/>\n<meta name=\"twitter:label1\" content=\"Escrito por\" \/>\n\t<meta name=\"twitter:data1\" content=\"Laura Salas Orcajada\" \/>\n<script type=\"application\/ld+json\" class=\"yoast-schema-graph\">{\"@context\":\"https:\\\/\\\/schema.org\",\"@graph\":[{\"@type\":\"Article\",\"@id\":\"https:\\\/\\\/mula.es\\\/web\\\/igualdad-reapertura-de-las-aulas-de-mediodia-en-los-centros-escolares-de-mula\\\/#article\",\"isPartOf\":{\"@id\":\"https:\\\/\\\/mula.es\\\/web\\\/igualdad-reapertura-de-las-aulas-de-mediodia-en-los-centros-escolares-de-mula\\\/\"},\"author\":{\"name\":\"Laura Salas Orcajada\",\"@id\":\"https:\\\/\\\/mula.es\\\/web\\\/#\\\/schema\\\/person\\\/4f10179bd364f40dceed361e61e4033f\"},\"headline\":\"IGUALDAD | Reapertura de las Aulas de Mediod\u00eda en los centros escolares de Mula\",\"datePublished\":\"2024-05-31T14:18:25+00:00\",\"mainEntityOfPage\":{\"@id\":\"https:\\\/\\\/mula.es\\\/web\\\/igualdad-reapertura-de-las-aulas-de-mediodia-en-los-centros-escolares-de-mula\\\/\"},\"wordCount\":216,\"image\":{\"@id\":\"https:\\\/\\\/mula.es\\\/web\\\/igualdad-reapertura-de-las-aulas-de-mediodia-en-los-centros-escolares-de-mula\\\/#primaryimage\"},\"thumbnailUrl\":\"https:\\\/\\\/mula.es\\\/web\\\/wp-content\\\/uploads\\\/2024\\\/05\\\/cartel-ludoteca-junio-2024-214x300.jpg\",\"articleSection\":[\"Uncategorized\"],\"inLanguage\":\"es\"},{\"@type\":\"WebPage\",\"@id\":\"https:\\\/\\\/mula.es\\\/web\\\/igualdad-reapertura-de-las-aulas-de-mediodia-en-los-centros-escolares-de-mula\\\/\",\"url\":\"https:\\\/\\\/mula.es\\\/web\\\/igualdad-reapertura-de-las-aulas-de-mediodia-en-los-centros-escolares-de-mula\\\/\",\"name\":\"IGUALDAD | Reapertura de las Aulas de Mediod\u00eda en los centros escolares de Mula - Ayuntamiento de Mula\",\"isPartOf\":{\"@id\":\"https:\\\/\\\/mula.es\\\/web\\\/#website\"},\"primaryImageOfPage\":{\"@id\":\"https:\\\/\\\/mula.es\\\/web\\\/igualdad-reapertura-de-las-aulas-de-mediodia-en-los-centros-escolares-de-mula\\\/#primaryimage\"},\"image\":{\"@id\":\"https:\\\/\\\/mula.es\\\/web\\\/igualdad-reapertura-de-las-aulas-de-mediodia-en-los-centros-escolares-de-mula\\\/#primaryimage\"},\"thumbnailUrl\":\"https:\\\/\\\/mula.es\\\/web\\\/wp-content\\\/uploads\\\/2024\\\/05\\\/cartel-ludoteca-junio-2024-214x300.jpg\",\"datePublished\":\"2024-05-31T14:18:25+00:00\",\"author\":{\"@id\":\"https:\\\/\\\/mula.es\\\/web\\\/#\\\/schema\\\/person\\\/4f10179bd364f40dceed361e61e4033f\"},\"breadcrumb\":{\"@id\":\"https:\\\/\\\/mula.es\\\/web\\\/igualdad-reapertura-de-las-aulas-de-mediodia-en-los-centros-escolares-de-mula\\\/#breadcrumb\"},\"inLanguage\":\"es\",\"potentialAction\":[{\"@type\":\"ReadAction\",\"target\":[\"https:\\\/\\\/mula.es\\\/web\\\/igualdad-reapertura-de-las-aulas-de-mediodia-en-los-centros-escolares-de-mula\\\/\"]}]},{\"@type\":\"ImageObject\",\"inLanguage\":\"es\",\"@id\":\"https:\\\/\\\/mula.es\\\/web\\\/igualdad-reapertura-de-las-aulas-de-mediodia-en-los-centros-escolares-de-mula\\\/#primaryimage\",\"url\":\"https:\\\/\\\/mula.es\\\/web\\\/wp-content\\\/uploads\\\/2024\\\/05\\\/cartel-ludoteca-junio-2024-scaled.jpg\",\"contentUrl\":\"https:\\\/\\\/mula.es\\\/web\\\/wp-content\\\/uploads\\\/2024\\\/05\\\/cartel-ludoteca-junio-2024-scaled.jpg\",\"width\":1829,\"height\":2560},{\"@type\":\"BreadcrumbList\",\"@id\":\"https:\\\/\\\/mula.es\\\/web\\\/igualdad-reapertura-de-las-aulas-de-mediodia-en-los-centros-escolares-de-mula\\\/#breadcrumb\",\"itemListElement\":[{\"@type\":\"ListItem\",\"position\":1,\"name\":\"Portada\",\"item\":\"https:\\\/\\\/mula.es\\\/web\\\/\"},{\"@type\":\"ListItem\",\"position\":2,\"name\":\"IGUALDAD | Reapertura de las Aulas de Mediod\u00eda en los centros escolares de Mula\"}]},{\"@type\":\"WebSite\",\"@id\":\"https:\\\/\\\/mula.es\\\/web\\\/#website\",\"url\":\"https:\\\/\\\/mula.es\\\/web\\\/\",\"name\":\"Ayuntamiento de Mula\",\"description\":\"P\u00e1gina web del Ayuntamiento de Mula (Regi\u00f3n de Murcia)\",\"potentialAction\":[{\"@type\":\"SearchAction\",\"target\":{\"@type\":\"EntryPoint\",\"urlTemplate\":\"https:\\\/\\\/mula.es\\\/web\\\/?s={search_term_string}\"},\"query-input\":{\"@type\":\"PropertyValueSpecification\",\"valueRequired\":true,\"valueName\":\"search_term_string\"}}],\"inLanguage\":\"es\"},{\"@type\":\"Person\",\"@id\":\"https:\\\/\\\/mula.es\\\/web\\\/#\\\/schema\\\/person\\\/4f10179bd364f40dceed361e61e4033f\",\"name\":\"Laura Salas Orcajada\",\"image\":{\"@type\":\"ImageObject\",\"inLanguage\":\"es\",\"@id\":\"https:\\\/\\\/secure.gravatar.com\\\/avatar\\\/786f2a223d9a455e2a448f78b5dcc1117207ef56ef3d9a04df338c0f775cd403?s=96&d=mm&r=g\",\"url\":\"https:\\\/\\\/secure.gravatar.com\\\/avatar\\\/786f2a223d9a455e2a448f78b5dcc1117207ef56ef3d9a04df338c0f775cd403?s=96&d=mm&r=g\",\"contentUrl\":\"https:\\\/\\\/secure.gravatar.com\\\/avatar\\\/786f2a223d9a455e2a448f78b5dcc1117207ef56ef3d9a04df338c0f775cd403?s=96&d=mm&r=g\",\"caption\":\"Laura Salas Orcajada\"},\"url\":\"https:\\\/\\\/mula.es\\\/web\\\/author\\\/lsalas\\\/\"}]}<\/script>\n<!-- \/ Yoast SEO plugin. -->","yoast_head_json":{"title":"IGUALDAD | Reapertura de las Aulas de Mediod\u00eda en los centros escolares de Mula - Ayuntamiento de Mula","robots":{"index":"index","follow":"follow","max-snippet":"max-snippet:-1","max-image-preview":"max-image-preview:large","max-video-preview":"max-video-preview:-1"},"canonical":"https:\/\/mula.es\/web\/igualdad-reapertura-de-las-aulas-de-mediodia-en-los-centros-escolares-de-mula\/","og_locale":"es_ES","og_type":"article","og_title":"IGUALDAD | Reapertura de las Aulas de Mediod\u00eda en los centros escolares de Mula - Ayuntamiento de Mula","og_description":"El Ayuntamiento de Mula, a trav\u00e9s del Plan Corresponsables, financiado en su totalidad por el Ministerio de Igualdad, mediante la Secretar\u00eda de Estado de Igualdad y Contra la Violencia de G\u00e9nero, anuncia la reanudaci\u00f3n de las Aulas de Mediod\u00eda en los cuatro colegios del municipio a partir del pr\u00f3ximo lunes 3 de junio. Estas aulas, [...]","og_url":"https:\/\/mula.es\/web\/igualdad-reapertura-de-las-aulas-de-mediodia-en-los-centros-escolares-de-mula\/","og_site_name":"Ayuntamiento de Mula","article_published_time":"2024-05-31T14:18:25+00:00","og_image":[{"url":"https:\/\/mula.es\/web\/wp-content\/uploads\/2024\/05\/cartel-ludoteca-junio-2024-214x300.jpg","type":"","width":"","height":""}],"author":"Laura Salas Orcajada","twitter_card":"summary_large_image","twitter_creator":"@AyuntamientMula","twitter_site":"@AyuntamientMula","twitter_misc":{"Escrito por":"Laura Salas Orcajada"},"schema":{"@context":"https:\/\/schema.org","@graph":[{"@type":"Article","@id":"https:\/\/mula.es\/web\/igualdad-reapertura-de-las-aulas-de-mediodia-en-los-centros-escolares-de-mula\/#article","isPartOf":{"@id":"https:\/\/mula.es\/web\/igualdad-reapertura-de-las-aulas-de-mediodia-en-los-centros-escolares-de-mula\/"},"author":{"name":"Laura Salas Orcajada","@id":"https:\/\/mula.es\/web\/#\/schema\/person\/4f10179bd364f40dceed361e61e4033f"},"headline":"IGUALDAD | Reapertura de las Aulas de Mediod\u00eda en los centros escolares de Mula","datePublished":"2024-05-31T14:18:25+00:00","mainEntityOfPage":{"@id":"https:\/\/mula.es\/web\/igualdad-reapertura-de-las-aulas-de-mediodia-en-los-centros-escolares-de-mula\/"},"wordCount":216,"image":{"@id":"https:\/\/mula.es\/web\/igualdad-reapertura-de-las-aulas-de-mediodia-en-los-centros-escolares-de-mula\/#primaryimage"},"thumbnailUrl":"https:\/\/mula.es\/web\/wp-content\/uploads\/2024\/05\/cartel-ludoteca-junio-2024-214x300.jpg","articleSection":["Uncategorized"],"inLanguage":"es"},{"@type":"WebPage","@id":"https:\/\/mula.es\/web\/igualdad-reapertura-de-las-aulas-de-mediodia-en-los-centros-escolares-de-mula\/","url":"https:\/\/mula.es\/web\/igualdad-reapertura-de-las-aulas-de-mediodia-en-los-centros-escolares-de-mula\/","name":"IGUALDAD | Reapertura de las Aulas de Mediod\u00eda en los centros escolares de Mula - Ayuntamiento de Mula","isPartOf":{"@id":"https:\/\/mula.es\/web\/#website"},"primaryImageOfPage":{"@id":"https:\/\/mula.es\/web\/igualdad-reapertura-de-las-aulas-de-mediodia-en-los-centros-escolares-de-mula\/#primaryimage"},"image":{"@id":"https:\/\/mula.es\/web\/igualdad-reapertura-de-las-aulas-de-mediodia-en-los-centros-escolares-de-mula\/#primaryimage"},"thumbnailUrl":"https:\/\/mula.es\/web\/wp-content\/uploads\/2024\/05\/cartel-ludoteca-junio-2024-214x300.jpg","datePublished":"2024-05-31T14:18:25+00:00","author":{"@id":"https:\/\/mula.es\/web\/#\/schema\/person\/4f10179bd364f40dceed361e61e4033f"},"breadcrumb":{"@id":"https:\/\/mula.es\/web\/igualdad-reapertura-de-las-aulas-de-mediodia-en-los-centros-escolares-de-mula\/#breadcrumb"},"inLanguage":"es","potentialAction":[{"@type":"ReadAction","target":["https:\/\/mula.es\/web\/igualdad-reapertura-de-las-aulas-de-mediodia-en-los-centros-escolares-de-mula\/"]}]},{"@type":"ImageObject","inLanguage":"es","@id":"https:\/\/mula.es\/web\/igualdad-reapertura-de-las-aulas-de-mediodia-en-los-centros-escolares-de-mula\/#primaryimage","url":"https:\/\/mula.es\/web\/wp-content\/uploads\/2024\/05\/cartel-ludoteca-junio-2024-scaled.jpg","contentUrl":"https:\/\/mula.es\/web\/wp-content\/uploads\/2024\/05\/cartel-ludoteca-junio-2024-scaled.jpg","width":1829,"height":2560},{"@type":"BreadcrumbList","@id":"https:\/\/mula.es\/web\/igualdad-reapertura-de-las-aulas-de-mediodia-en-los-centros-escolares-de-mula\/#breadcrumb","itemListElement":[{"@type":"ListItem","position":1,"name":"Portada","item":"https:\/\/mula.es\/web\/"},{"@type":"ListItem","position":2,"name":"IGUALDAD | Reapertura de las Aulas de Mediod\u00eda en los centros escolares de Mula"}]},{"@type":"WebSite","@id":"https:\/\/mula.es\/web\/#website","url":"https:\/\/mula.es\/web\/","name":"Ayuntamiento de Mula","description":"P\u00e1gina web del Ayuntamiento de Mula (Regi\u00f3n de Murcia)","potentialAction":[{"@type":"SearchAction","target":{"@type":"EntryPoint","urlTemplate":"https:\/\/mula.es\/web\/?s={search_term_string}"},"query-input":{"@type":"PropertyValueSpecification","valueRequired":true,"valueName":"search_term_string"}}],"inLanguage":"es"},{"@type":"Person","@id":"https:\/\/mula.es\/web\/#\/schema\/person\/4f10179bd364f40dceed361e61e4033f","name":"Laura Salas Orcajada","image":{"@type":"ImageObject","inLanguage":"es","@id":"https:\/\/secure.gravatar.com\/avatar\/786f2a223d9a455e2a448f78b5dcc1117207ef56ef3d9a04df338c0f775cd403?s=96&d=mm&r=g","url":"https:\/\/secure.gravatar.com\/avatar\/786f2a223d9a455e2a448f78b5dcc1117207ef56ef3d9a04df338c0f775cd403?s=96&d=mm&r=g","contentUrl":"https:\/\/secure.gravatar.com\/avatar\/786f2a223d9a455e2a448f78b5dcc1117207ef56ef3d9a04df338c0f775cd403?s=96&d=mm&r=g","caption":"Laura Salas Orcajada"},"url":"https:\/\/mula.es\/web\/author\/lsalas\/"}]}},"jetpack_publicize_connections":[],"jetpack_featured_media_url":"","jetpack_sharing_enabled":true,"jetpack_shortlink":"https:\/\/wp.me\/pa9DMY-e5A","jetpack-related-posts":[],"_links":{"self":[{"href":"https:\/\/mula.es\/web\/wp-json\/wp\/v2\/posts\/54162","targetHints":{"allow":["GET"]}}],"collection":[{"href":"https:\/\/mula.es\/web\/wp-json\/wp\/v2\/posts"}],"about":[{"href":"https:\/\/mula.es\/web\/wp-json\/wp\/v2\/types\/post"}],"author":[{"embeddable":true,"href":"https:\/\/mula.es\/web\/wp-json\/wp\/v2\/users\/13"}],"replies":[{"embeddable":true,"href":"https:\/\/mula.es\/web\/wp-json\/wp\/v2\/comments?post=54162"}],"version-history":[{"count":1,"href":"https:\/\/mula.es\/web\/wp-json\/wp\/v2\/posts\/54162\/revisions"}],"predecessor-version":[{"id":54164,"href":"https:\/\/mula.es\/web\/wp-json\/wp\/v2\/posts\/54162\/revisions\/54164"}],"wp:attachment":[{"href":"https:\/\/mula.es\/web\/wp-json\/wp\/v2\/media?parent=54162"}],"wp:term":[{"taxonomy":"category","embeddable":true,"href":"https:\/\/mula.es\/web\/wp-json\/wp\/v2\/categories?post=54162"},{"taxonomy":"post_tag","embeddable":true,"href":"https:\/\/mula.es\/web\/wp-json\/wp\/v2\/tags?post=54162"}],"curies":[{"name":"wp","href":"https:\/\/api.w.org\/{rel}","templated":true}]}}