{"id":54307,"date":"2024-06-11T12:40:03","date_gmt":"2024-06-11T10:40:03","guid":{"rendered":"https:\/\/mula.es\/web\/?p=54307"},"modified":"2024-06-11T12:43:31","modified_gmt":"2024-06-11T10:43:31","slug":"deportes-homenaje-al-club-voleibol-de-mula","status":"publish","type":"post","link":"https:\/\/mula.es\/web\/deportes-homenaje-al-club-voleibol-de-mula\/","title":{"rendered":"DEPORTES | Homenaje al Club Voleibol de Mula"},"content":{"rendered":"<p>En un emotivo homenaje celebrado en el Pabell\u00f3n Javi Garc\u00eda de Mula, el concejal de Deportes, Vicente L\u00f3pez, junto al alcalde, Juan Jes\u00fas Moreno, han hecho entrega de una placa conmemorativa al equipo de voleibol infantil y cadete de Mula en reconocimiento a su extraordinario trabajo en esta temporada. Los equipos de ambas categor\u00edas han logrado el ascenso a la 1\u00aa Divisi\u00f3n de la FVRM.<\/p>\n<p>El concejal de Deportes, Vicente L\u00f3pez, expres\u00f3 su satisfacci\u00f3n y felicit\u00f3 al equipo<em>: \u00abEste ascenso es el resultado de un trabajo duro, dedicaci\u00f3n y un esp\u00edritu de equipo excepcional. Estoy muy orgulloso de nuestras j\u00f3venes deportistas y del cuerpo t\u00e9cnico que ha trabajado mucho para alcanzar este \u00e9xito.\u00bb<\/em><em>\u00a0<\/em><\/p>\n<p>Por su parte, el alcalde Juan Jes\u00fas Moreno destac\u00f3 la importancia de este logro para el deporte local: <em>\u00abEl ascenso del equipo de voleibol infantil y cadete a la 1\u00aa Divisi\u00f3n una gran noticia para el municipio de Mula. Este logro no solo pone en alto el nombre de nuestro municipio, sino que tambi\u00e9n inspira a otros j\u00f3venes a perseguir sus sue\u00f1os deportivos con constancia y sacrificio. Felicito a todas las jugadoras, entrenadores y a las familias que han apoyado incondicionalmente al equipo.\u00bb<\/em><\/p>\n<p>Las cadetes tambi\u00e9n se coronaron campeonas en el play-off celebrado en Mula, demostrando una vez m\u00e1s la fuerza y determinaci\u00f3n del Club de Voleibol de Mula.<\/p>\n<p>Adem\u00e1s, el equipo de voleibol infantil ha demostrado una gran capacidad competitiva y de compromiso al alcanzar el ascenso en su primer a\u00f1o de competici\u00f3n.<\/p>\n<p>Desde el Ayuntamiento de Mula, queremos felicitar nuevamente a nuestros equipos de voleibol infantil y cadete por estos logros y desearles muchos m\u00e1s \u00e9xitos en su futura trayectoria deportiva.<\/p>\n<p><a href=\"https:\/\/mula.es\/web\/wp-content\/uploads\/2024\/06\/1-4.jpg\"><img decoding=\"async\" data-attachment-id=\"54308\" data-permalink=\"https:\/\/mula.es\/web\/deportes-homenaje-al-club-voleibol-de-mula\/1-41\/\" data-orig-file=\"https:\/\/mula.es\/web\/wp-content\/uploads\/2024\/06\/1-4.jpg\" data-orig-size=\"1080,1080\" data-comments-opened=\"0\" data-image-meta=\"{&quot;aperture&quot;:&quot;0&quot;,&quot;credit&quot;:&quot;&quot;,&quot;camera&quot;:&quot;&quot;,&quot;caption&quot;:&quot;&quot;,&quot;created_timestamp&quot;:&quot;0&quot;,&quot;copyright&quot;:&quot;&quot;,&quot;focal_length&quot;:&quot;0&quot;,&quot;iso&quot;:&quot;0&quot;,&quot;shutter_speed&quot;:&quot;0&quot;,&quot;title&quot;:&quot;&quot;,&quot;orientation&quot;:&quot;1&quot;}\" data-image-title=\"1\" data-image-description=\"\" data-image-caption=\"\" data-large-file=\"https:\/\/mula.es\/web\/wp-content\/uploads\/2024\/06\/1-4-1024x1024.jpg\" class=\"alignnone size-medium wp-image-54308\" src=\"https:\/\/mula.es\/web\/wp-content\/uploads\/2024\/06\/1-4-300x300.jpg\" alt=\"\" width=\"300\" height=\"300\" srcset=\"https:\/\/mula.es\/web\/wp-content\/uploads\/2024\/06\/1-4-66x66.jpg 66w, https:\/\/mula.es\/web\/wp-content\/uploads\/2024\/06\/1-4-150x150.jpg 150w, https:\/\/mula.es\/web\/wp-content\/uploads\/2024\/06\/1-4-200x200.jpg 200w, https:\/\/mula.es\/web\/wp-content\/uploads\/2024\/06\/1-4-300x300.jpg 300w, https:\/\/mula.es\/web\/wp-content\/uploads\/2024\/06\/1-4-400x400.jpg 400w, https:\/\/mula.es\/web\/wp-content\/uploads\/2024\/06\/1-4-600x600.jpg 600w, https:\/\/mula.es\/web\/wp-content\/uploads\/2024\/06\/1-4-768x768.jpg 768w, https:\/\/mula.es\/web\/wp-content\/uploads\/2024\/06\/1-4-800x800.jpg 800w, https:\/\/mula.es\/web\/wp-content\/uploads\/2024\/06\/1-4-1024x1024.jpg 1024w, https:\/\/mula.es\/web\/wp-content\/uploads\/2024\/06\/1-4.jpg 1080w\" sizes=\"(max-width: 300px) 100vw, 300px\" \/><\/a> <a href=\"https:\/\/mula.es\/web\/wp-content\/uploads\/2024\/06\/2-4.jpg\"><img decoding=\"async\" data-attachment-id=\"54309\" data-permalink=\"https:\/\/mula.es\/web\/deportes-homenaje-al-club-voleibol-de-mula\/2-37\/\" data-orig-file=\"https:\/\/mula.es\/web\/wp-content\/uploads\/2024\/06\/2-4.jpg\" data-orig-size=\"1080,1080\" data-comments-opened=\"0\" data-image-meta=\"{&quot;aperture&quot;:&quot;0&quot;,&quot;credit&quot;:&quot;&quot;,&quot;camera&quot;:&quot;&quot;,&quot;caption&quot;:&quot;&quot;,&quot;created_timestamp&quot;:&quot;0&quot;,&quot;copyright&quot;:&quot;&quot;,&quot;focal_length&quot;:&quot;0&quot;,&quot;iso&quot;:&quot;0&quot;,&quot;shutter_speed&quot;:&quot;0&quot;,&quot;title&quot;:&quot;&quot;,&quot;orientation&quot;:&quot;1&quot;}\" data-image-title=\"2\" data-image-description=\"\" data-image-caption=\"\" data-large-file=\"https:\/\/mula.es\/web\/wp-content\/uploads\/2024\/06\/2-4-1024x1024.jpg\" class=\"alignnone size-medium wp-image-54309\" src=\"https:\/\/mula.es\/web\/wp-content\/uploads\/2024\/06\/2-4-300x300.jpg\" alt=\"\" width=\"300\" height=\"300\" srcset=\"https:\/\/mula.es\/web\/wp-content\/uploads\/2024\/06\/2-4-66x66.jpg 66w, https:\/\/mula.es\/web\/wp-content\/uploads\/2024\/06\/2-4-150x150.jpg 150w, https:\/\/mula.es\/web\/wp-content\/uploads\/2024\/06\/2-4-200x200.jpg 200w, https:\/\/mula.es\/web\/wp-content\/uploads\/2024\/06\/2-4-300x300.jpg 300w, https:\/\/mula.es\/web\/wp-content\/uploads\/2024\/06\/2-4-400x400.jpg 400w, https:\/\/mula.es\/web\/wp-content\/uploads\/2024\/06\/2-4-600x600.jpg 600w, https:\/\/mula.es\/web\/wp-content\/uploads\/2024\/06\/2-4-768x768.jpg 768w, https:\/\/mula.es\/web\/wp-content\/uploads\/2024\/06\/2-4-800x800.jpg 800w, https:\/\/mula.es\/web\/wp-content\/uploads\/2024\/06\/2-4-1024x1024.jpg 1024w, https:\/\/mula.es\/web\/wp-content\/uploads\/2024\/06\/2-4.jpg 1080w\" sizes=\"(max-width: 300px) 100vw, 300px\" \/><\/a> <a href=\"https:\/\/mula.es\/web\/wp-content\/uploads\/2024\/06\/3-4.jpg\"><img decoding=\"async\" data-attachment-id=\"54310\" data-permalink=\"https:\/\/mula.es\/web\/deportes-homenaje-al-club-voleibol-de-mula\/3-34\/\" data-orig-file=\"https:\/\/mula.es\/web\/wp-content\/uploads\/2024\/06\/3-4.jpg\" data-orig-size=\"1080,1080\" data-comments-opened=\"0\" data-image-meta=\"{&quot;aperture&quot;:&quot;0&quot;,&quot;credit&quot;:&quot;&quot;,&quot;camera&quot;:&quot;&quot;,&quot;caption&quot;:&quot;&quot;,&quot;created_timestamp&quot;:&quot;0&quot;,&quot;copyright&quot;:&quot;&quot;,&quot;focal_length&quot;:&quot;0&quot;,&quot;iso&quot;:&quot;0&quot;,&quot;shutter_speed&quot;:&quot;0&quot;,&quot;title&quot;:&quot;&quot;,&quot;orientation&quot;:&quot;1&quot;}\" data-image-title=\"3\" data-image-description=\"\" data-image-caption=\"\" data-large-file=\"https:\/\/mula.es\/web\/wp-content\/uploads\/2024\/06\/3-4-1024x1024.jpg\" class=\"alignnone size-medium wp-image-54310\" src=\"https:\/\/mula.es\/web\/wp-content\/uploads\/2024\/06\/3-4-300x300.jpg\" alt=\"\" width=\"300\" height=\"300\" srcset=\"https:\/\/mula.es\/web\/wp-content\/uploads\/2024\/06\/3-4-66x66.jpg 66w, https:\/\/mula.es\/web\/wp-content\/uploads\/2024\/06\/3-4-150x150.jpg 150w, https:\/\/mula.es\/web\/wp-content\/uploads\/2024\/06\/3-4-200x200.jpg 200w, https:\/\/mula.es\/web\/wp-content\/uploads\/2024\/06\/3-4-300x300.jpg 300w, https:\/\/mula.es\/web\/wp-content\/uploads\/2024\/06\/3-4-400x400.jpg 400w, https:\/\/mula.es\/web\/wp-content\/uploads\/2024\/06\/3-4-600x600.jpg 600w, https:\/\/mula.es\/web\/wp-content\/uploads\/2024\/06\/3-4-768x768.jpg 768w, https:\/\/mula.es\/web\/wp-content\/uploads\/2024\/06\/3-4-800x800.jpg 800w, https:\/\/mula.es\/web\/wp-content\/uploads\/2024\/06\/3-4-1024x1024.jpg 1024w, https:\/\/mula.es\/web\/wp-content\/uploads\/2024\/06\/3-4.jpg 1080w\" sizes=\"(max-width: 300px) 100vw, 300px\" \/><\/a> <a href=\"https:\/\/mula.es\/web\/wp-content\/uploads\/2024\/06\/4-2.jpg\"><img decoding=\"async\" data-attachment-id=\"54311\" data-permalink=\"https:\/\/mula.es\/web\/deportes-homenaje-al-club-voleibol-de-mula\/4-27\/\" data-orig-file=\"https:\/\/mula.es\/web\/wp-content\/uploads\/2024\/06\/4-2.jpg\" data-orig-size=\"1080,1080\" data-comments-opened=\"0\" data-image-meta=\"{&quot;aperture&quot;:&quot;0&quot;,&quot;credit&quot;:&quot;&quot;,&quot;camera&quot;:&quot;&quot;,&quot;caption&quot;:&quot;&quot;,&quot;created_timestamp&quot;:&quot;0&quot;,&quot;copyright&quot;:&quot;&quot;,&quot;focal_length&quot;:&quot;0&quot;,&quot;iso&quot;:&quot;0&quot;,&quot;shutter_speed&quot;:&quot;0&quot;,&quot;title&quot;:&quot;&quot;,&quot;orientation&quot;:&quot;1&quot;}\" data-image-title=\"4\" data-image-description=\"\" data-image-caption=\"\" data-large-file=\"https:\/\/mula.es\/web\/wp-content\/uploads\/2024\/06\/4-2-1024x1024.jpg\" class=\"alignnone size-medium wp-image-54311\" src=\"https:\/\/mula.es\/web\/wp-content\/uploads\/2024\/06\/4-2-300x300.jpg\" alt=\"\" width=\"300\" height=\"300\" srcset=\"https:\/\/mula.es\/web\/wp-content\/uploads\/2024\/06\/4-2-66x66.jpg 66w, https:\/\/mula.es\/web\/wp-content\/uploads\/2024\/06\/4-2-150x150.jpg 150w, https:\/\/mula.es\/web\/wp-content\/uploads\/2024\/06\/4-2-200x200.jpg 200w, https:\/\/mula.es\/web\/wp-content\/uploads\/2024\/06\/4-2-300x300.jpg 300w, https:\/\/mula.es\/web\/wp-content\/uploads\/2024\/06\/4-2-400x400.jpg 400w, https:\/\/mula.es\/web\/wp-content\/uploads\/2024\/06\/4-2-600x600.jpg 600w, https:\/\/mula.es\/web\/wp-content\/uploads\/2024\/06\/4-2-768x768.jpg 768w, https:\/\/mula.es\/web\/wp-content\/uploads\/2024\/06\/4-2-800x800.jpg 800w, https:\/\/mula.es\/web\/wp-content\/uploads\/2024\/06\/4-2-1024x1024.jpg 1024w, https:\/\/mula.es\/web\/wp-content\/uploads\/2024\/06\/4-2.jpg 1080w\" sizes=\"(max-width: 300px) 100vw, 300px\" \/><\/a><\/p>\n","protected":false},"excerpt":{"rendered":"<p>En un emotivo homenaje celebrado en el Pabell\u00f3n Javi Garc\u00eda de Mula, el concejal de Deportes, Vicente L\u00f3pez, junto al alcalde, Juan Jes\u00fas Moreno, han hecho entrega de una placa conmemorativa al equipo de voleibol infantil y cadete de Mula en reconocimiento a su extraordinario trabajo en esta temporada. Los equipos de ambas categor\u00edas han  [&#8230;]<\/p>\n","protected":false},"author":13,"featured_media":33512,"comment_status":"closed","ping_status":"closed","sticky":false,"template":"","format":"standard","meta":{"jetpack_post_was_ever_published":false,"_jetpack_newsletter_access":"","_jetpack_dont_email_post_to_subs":false,"_jetpack_newsletter_tier_id":0,"_jetpack_memberships_contains_paywalled_content":false,"_jetpack_memberships_contains_paid_content":false,"footnotes":"","jetpack_publicize_message":"","jetpack_publicize_feature_enabled":true,"jetpack_social_post_already_shared":false,"jetpack_social_options":{"image_generator_settings":{"template":"highway","default_image_id":0,"font":"","enabled":false},"version":2}},"categories":[88],"tags":[],"class_list":["post-54307","post","type-post","status-publish","format-standard","has-post-thumbnail","hentry","category-deportes"],"yoast_head":"<!-- This site is optimized with the Yoast SEO plugin v27.5 - https:\/\/yoast.com\/product\/yoast-seo-wordpress\/ -->\n<title>DEPORTES | Homenaje al Club Voleibol de Mula - Ayuntamiento de Mula<\/title>\n<meta name=\"robots\" content=\"index, follow, max-snippet:-1, max-image-preview:large, max-video-preview:-1\" \/>\n<link rel=\"canonical\" href=\"https:\/\/mula.es\/web\/deportes-homenaje-al-club-voleibol-de-mula\/\" \/>\n<meta property=\"og:locale\" content=\"es_ES\" \/>\n<meta property=\"og:type\" content=\"article\" \/>\n<meta property=\"og:title\" content=\"DEPORTES | Homenaje al Club Voleibol de Mula - Ayuntamiento de Mula\" \/>\n<meta property=\"og:description\" content=\"En un emotivo homenaje celebrado en el Pabell\u00f3n Javi Garc\u00eda de Mula, el concejal de Deportes, Vicente L\u00f3pez, junto al alcalde, Juan Jes\u00fas Moreno, han hecho entrega de una placa conmemorativa al equipo de voleibol infantil y cadete de Mula en reconocimiento a su extraordinario trabajo en esta temporada. Los equipos de ambas categor\u00edas han [...]\" \/>\n<meta property=\"og:url\" content=\"https:\/\/mula.es\/web\/deportes-homenaje-al-club-voleibol-de-mula\/\" \/>\n<meta property=\"og:site_name\" content=\"Ayuntamiento de Mula\" \/>\n<meta property=\"article:published_time\" content=\"2024-06-11T10:40:03+00:00\" \/>\n<meta property=\"article:modified_time\" content=\"2024-06-11T10:43:31+00:00\" \/>\n<meta property=\"og:image\" content=\"https:\/\/mula.es\/web\/wp-content\/uploads\/2020\/06\/escudo-cuadrado-e1591045058235.jpg\" \/>\n\t<meta property=\"og:image:width\" content=\"200\" \/>\n\t<meta property=\"og:image:height\" content=\"218\" \/>\n\t<meta property=\"og:image:type\" content=\"image\/jpeg\" \/>\n<meta name=\"author\" content=\"Laura Salas Orcajada\" \/>\n<meta name=\"twitter:card\" content=\"summary_large_image\" \/>\n<meta name=\"twitter:creator\" content=\"@AyuntamientMula\" \/>\n<meta name=\"twitter:site\" content=\"@AyuntamientMula\" \/>\n<meta name=\"twitter:label1\" content=\"Escrito por\" \/>\n\t<meta name=\"twitter:data1\" content=\"Laura Salas Orcajada\" \/>\n\t<meta name=\"twitter:label2\" content=\"Tiempo de lectura\" \/>\n\t<meta name=\"twitter:data2\" content=\"3 minutos\" \/>\n<script type=\"application\/ld+json\" class=\"yoast-schema-graph\">{\"@context\":\"https:\\\/\\\/schema.org\",\"@graph\":[{\"@type\":\"Article\",\"@id\":\"https:\\\/\\\/mula.es\\\/web\\\/deportes-homenaje-al-club-voleibol-de-mula\\\/#article\",\"isPartOf\":{\"@id\":\"https:\\\/\\\/mula.es\\\/web\\\/deportes-homenaje-al-club-voleibol-de-mula\\\/\"},\"author\":{\"name\":\"Laura Salas Orcajada\",\"@id\":\"https:\\\/\\\/mula.es\\\/web\\\/#\\\/schema\\\/person\\\/4f10179bd364f40dceed361e61e4033f\"},\"headline\":\"DEPORTES | Homenaje al Club Voleibol de Mula\",\"datePublished\":\"2024-06-11T10:40:03+00:00\",\"dateModified\":\"2024-06-11T10:43:31+00:00\",\"mainEntityOfPage\":{\"@id\":\"https:\\\/\\\/mula.es\\\/web\\\/deportes-homenaje-al-club-voleibol-de-mula\\\/\"},\"wordCount\":305,\"image\":{\"@id\":\"https:\\\/\\\/mula.es\\\/web\\\/deportes-homenaje-al-club-voleibol-de-mula\\\/#primaryimage\"},\"thumbnailUrl\":\"https:\\\/\\\/mula.es\\\/web\\\/wp-content\\\/uploads\\\/2020\\\/06\\\/escudo-cuadrado-e1591045058235.jpg\",\"articleSection\":[\"deportes\"],\"inLanguage\":\"es\"},{\"@type\":\"WebPage\",\"@id\":\"https:\\\/\\\/mula.es\\\/web\\\/deportes-homenaje-al-club-voleibol-de-mula\\\/\",\"url\":\"https:\\\/\\\/mula.es\\\/web\\\/deportes-homenaje-al-club-voleibol-de-mula\\\/\",\"name\":\"DEPORTES | Homenaje al Club Voleibol de Mula - Ayuntamiento de Mula\",\"isPartOf\":{\"@id\":\"https:\\\/\\\/mula.es\\\/web\\\/#website\"},\"primaryImageOfPage\":{\"@id\":\"https:\\\/\\\/mula.es\\\/web\\\/deportes-homenaje-al-club-voleibol-de-mula\\\/#primaryimage\"},\"image\":{\"@id\":\"https:\\\/\\\/mula.es\\\/web\\\/deportes-homenaje-al-club-voleibol-de-mula\\\/#primaryimage\"},\"thumbnailUrl\":\"https:\\\/\\\/mula.es\\\/web\\\/wp-content\\\/uploads\\\/2020\\\/06\\\/escudo-cuadrado-e1591045058235.jpg\",\"datePublished\":\"2024-06-11T10:40:03+00:00\",\"dateModified\":\"2024-06-11T10:43:31+00:00\",\"author\":{\"@id\":\"https:\\\/\\\/mula.es\\\/web\\\/#\\\/schema\\\/person\\\/4f10179bd364f40dceed361e61e4033f\"},\"breadcrumb\":{\"@id\":\"https:\\\/\\\/mula.es\\\/web\\\/deportes-homenaje-al-club-voleibol-de-mula\\\/#breadcrumb\"},\"inLanguage\":\"es\",\"potentialAction\":[{\"@type\":\"ReadAction\",\"target\":[\"https:\\\/\\\/mula.es\\\/web\\\/deportes-homenaje-al-club-voleibol-de-mula\\\/\"]}]},{\"@type\":\"ImageObject\",\"inLanguage\":\"es\",\"@id\":\"https:\\\/\\\/mula.es\\\/web\\\/deportes-homenaje-al-club-voleibol-de-mula\\\/#primaryimage\",\"url\":\"https:\\\/\\\/mula.es\\\/web\\\/wp-content\\\/uploads\\\/2020\\\/06\\\/escudo-cuadrado-e1591045058235.jpg\",\"contentUrl\":\"https:\\\/\\\/mula.es\\\/web\\\/wp-content\\\/uploads\\\/2020\\\/06\\\/escudo-cuadrado-e1591045058235.jpg\",\"width\":200,\"height\":218},{\"@type\":\"BreadcrumbList\",\"@id\":\"https:\\\/\\\/mula.es\\\/web\\\/deportes-homenaje-al-club-voleibol-de-mula\\\/#breadcrumb\",\"itemListElement\":[{\"@type\":\"ListItem\",\"position\":1,\"name\":\"Portada\",\"item\":\"https:\\\/\\\/mula.es\\\/web\\\/\"},{\"@type\":\"ListItem\",\"position\":2,\"name\":\"DEPORTES | Homenaje al Club Voleibol de Mula\"}]},{\"@type\":\"WebSite\",\"@id\":\"https:\\\/\\\/mula.es\\\/web\\\/#website\",\"url\":\"https:\\\/\\\/mula.es\\\/web\\\/\",\"name\":\"Ayuntamiento de Mula\",\"description\":\"P\u00e1gina web del Ayuntamiento de Mula (Regi\u00f3n de Murcia)\",\"potentialAction\":[{\"@type\":\"SearchAction\",\"target\":{\"@type\":\"EntryPoint\",\"urlTemplate\":\"https:\\\/\\\/mula.es\\\/web\\\/?s={search_term_string}\"},\"query-input\":{\"@type\":\"PropertyValueSpecification\",\"valueRequired\":true,\"valueName\":\"search_term_string\"}}],\"inLanguage\":\"es\"},{\"@type\":\"Person\",\"@id\":\"https:\\\/\\\/mula.es\\\/web\\\/#\\\/schema\\\/person\\\/4f10179bd364f40dceed361e61e4033f\",\"name\":\"Laura Salas Orcajada\",\"image\":{\"@type\":\"ImageObject\",\"inLanguage\":\"es\",\"@id\":\"https:\\\/\\\/secure.gravatar.com\\\/avatar\\\/786f2a223d9a455e2a448f78b5dcc1117207ef56ef3d9a04df338c0f775cd403?s=96&d=mm&r=g\",\"url\":\"https:\\\/\\\/secure.gravatar.com\\\/avatar\\\/786f2a223d9a455e2a448f78b5dcc1117207ef56ef3d9a04df338c0f775cd403?s=96&d=mm&r=g\",\"contentUrl\":\"https:\\\/\\\/secure.gravatar.com\\\/avatar\\\/786f2a223d9a455e2a448f78b5dcc1117207ef56ef3d9a04df338c0f775cd403?s=96&d=mm&r=g\",\"caption\":\"Laura Salas Orcajada\"},\"url\":\"https:\\\/\\\/mula.es\\\/web\\\/author\\\/lsalas\\\/\"}]}<\/script>\n<!-- \/ Yoast SEO plugin. -->","yoast_head_json":{"title":"DEPORTES | Homenaje al Club Voleibol de Mula - Ayuntamiento de Mula","robots":{"index":"index","follow":"follow","max-snippet":"max-snippet:-1","max-image-preview":"max-image-preview:large","max-video-preview":"max-video-preview:-1"},"canonical":"https:\/\/mula.es\/web\/deportes-homenaje-al-club-voleibol-de-mula\/","og_locale":"es_ES","og_type":"article","og_title":"DEPORTES | Homenaje al Club Voleibol de Mula - Ayuntamiento de Mula","og_description":"En un emotivo homenaje celebrado en el Pabell\u00f3n Javi Garc\u00eda de Mula, el concejal de Deportes, Vicente L\u00f3pez, junto al alcalde, Juan Jes\u00fas Moreno, han hecho entrega de una placa conmemorativa al equipo de voleibol infantil y cadete de Mula en reconocimiento a su extraordinario trabajo en esta temporada. Los equipos de ambas categor\u00edas han [...]","og_url":"https:\/\/mula.es\/web\/deportes-homenaje-al-club-voleibol-de-mula\/","og_site_name":"Ayuntamiento de Mula","article_published_time":"2024-06-11T10:40:03+00:00","article_modified_time":"2024-06-11T10:43:31+00:00","og_image":[{"width":200,"height":218,"url":"https:\/\/mula.es\/web\/wp-content\/uploads\/2020\/06\/escudo-cuadrado-e1591045058235.jpg","type":"image\/jpeg"}],"author":"Laura Salas Orcajada","twitter_card":"summary_large_image","twitter_creator":"@AyuntamientMula","twitter_site":"@AyuntamientMula","twitter_misc":{"Escrito por":"Laura Salas Orcajada","Tiempo de lectura":"3 minutos"},"schema":{"@context":"https:\/\/schema.org","@graph":[{"@type":"Article","@id":"https:\/\/mula.es\/web\/deportes-homenaje-al-club-voleibol-de-mula\/#article","isPartOf":{"@id":"https:\/\/mula.es\/web\/deportes-homenaje-al-club-voleibol-de-mula\/"},"author":{"name":"Laura Salas Orcajada","@id":"https:\/\/mula.es\/web\/#\/schema\/person\/4f10179bd364f40dceed361e61e4033f"},"headline":"DEPORTES | Homenaje al Club Voleibol de Mula","datePublished":"2024-06-11T10:40:03+00:00","dateModified":"2024-06-11T10:43:31+00:00","mainEntityOfPage":{"@id":"https:\/\/mula.es\/web\/deportes-homenaje-al-club-voleibol-de-mula\/"},"wordCount":305,"image":{"@id":"https:\/\/mula.es\/web\/deportes-homenaje-al-club-voleibol-de-mula\/#primaryimage"},"thumbnailUrl":"https:\/\/mula.es\/web\/wp-content\/uploads\/2020\/06\/escudo-cuadrado-e1591045058235.jpg","articleSection":["deportes"],"inLanguage":"es"},{"@type":"WebPage","@id":"https:\/\/mula.es\/web\/deportes-homenaje-al-club-voleibol-de-mula\/","url":"https:\/\/mula.es\/web\/deportes-homenaje-al-club-voleibol-de-mula\/","name":"DEPORTES | Homenaje al Club Voleibol de Mula - Ayuntamiento de Mula","isPartOf":{"@id":"https:\/\/mula.es\/web\/#website"},"primaryImageOfPage":{"@id":"https:\/\/mula.es\/web\/deportes-homenaje-al-club-voleibol-de-mula\/#primaryimage"},"image":{"@id":"https:\/\/mula.es\/web\/deportes-homenaje-al-club-voleibol-de-mula\/#primaryimage"},"thumbnailUrl":"https:\/\/mula.es\/web\/wp-content\/uploads\/2020\/06\/escudo-cuadrado-e1591045058235.jpg","datePublished":"2024-06-11T10:40:03+00:00","dateModified":"2024-06-11T10:43:31+00:00","author":{"@id":"https:\/\/mula.es\/web\/#\/schema\/person\/4f10179bd364f40dceed361e61e4033f"},"breadcrumb":{"@id":"https:\/\/mula.es\/web\/deportes-homenaje-al-club-voleibol-de-mula\/#breadcrumb"},"inLanguage":"es","potentialAction":[{"@type":"ReadAction","target":["https:\/\/mula.es\/web\/deportes-homenaje-al-club-voleibol-de-mula\/"]}]},{"@type":"ImageObject","inLanguage":"es","@id":"https:\/\/mula.es\/web\/deportes-homenaje-al-club-voleibol-de-mula\/#primaryimage","url":"https:\/\/mula.es\/web\/wp-content\/uploads\/2020\/06\/escudo-cuadrado-e1591045058235.jpg","contentUrl":"https:\/\/mula.es\/web\/wp-content\/uploads\/2020\/06\/escudo-cuadrado-e1591045058235.jpg","width":200,"height":218},{"@type":"BreadcrumbList","@id":"https:\/\/mula.es\/web\/deportes-homenaje-al-club-voleibol-de-mula\/#breadcrumb","itemListElement":[{"@type":"ListItem","position":1,"name":"Portada","item":"https:\/\/mula.es\/web\/"},{"@type":"ListItem","position":2,"name":"DEPORTES | Homenaje al Club Voleibol de Mula"}]},{"@type":"WebSite","@id":"https:\/\/mula.es\/web\/#website","url":"https:\/\/mula.es\/web\/","name":"Ayuntamiento de Mula","description":"P\u00e1gina web del Ayuntamiento de Mula (Regi\u00f3n de Murcia)","potentialAction":[{"@type":"SearchAction","target":{"@type":"EntryPoint","urlTemplate":"https:\/\/mula.es\/web\/?s={search_term_string}"},"query-input":{"@type":"PropertyValueSpecification","valueRequired":true,"valueName":"search_term_string"}}],"inLanguage":"es"},{"@type":"Person","@id":"https:\/\/mula.es\/web\/#\/schema\/person\/4f10179bd364f40dceed361e61e4033f","name":"Laura Salas Orcajada","image":{"@type":"ImageObject","inLanguage":"es","@id":"https:\/\/secure.gravatar.com\/avatar\/786f2a223d9a455e2a448f78b5dcc1117207ef56ef3d9a04df338c0f775cd403?s=96&d=mm&r=g","url":"https:\/\/secure.gravatar.com\/avatar\/786f2a223d9a455e2a448f78b5dcc1117207ef56ef3d9a04df338c0f775cd403?s=96&d=mm&r=g","contentUrl":"https:\/\/secure.gravatar.com\/avatar\/786f2a223d9a455e2a448f78b5dcc1117207ef56ef3d9a04df338c0f775cd403?s=96&d=mm&r=g","caption":"Laura Salas Orcajada"},"url":"https:\/\/mula.es\/web\/author\/lsalas\/"}]}},"jetpack_publicize_connections":[],"jetpack_featured_media_url":"https:\/\/mula.es\/web\/wp-content\/uploads\/2020\/06\/escudo-cuadrado-e1591045058235.jpg","jetpack_sharing_enabled":true,"jetpack_shortlink":"https:\/\/wp.me\/pa9DMY-e7V","jetpack-related-posts":[],"_links":{"self":[{"href":"https:\/\/mula.es\/web\/wp-json\/wp\/v2\/posts\/54307","targetHints":{"allow":["GET"]}}],"collection":[{"href":"https:\/\/mula.es\/web\/wp-json\/wp\/v2\/posts"}],"about":[{"href":"https:\/\/mula.es\/web\/wp-json\/wp\/v2\/types\/post"}],"author":[{"embeddable":true,"href":"https:\/\/mula.es\/web\/wp-json\/wp\/v2\/users\/13"}],"replies":[{"embeddable":true,"href":"https:\/\/mula.es\/web\/wp-json\/wp\/v2\/comments?post=54307"}],"version-history":[{"count":1,"href":"https:\/\/mula.es\/web\/wp-json\/wp\/v2\/posts\/54307\/revisions"}],"predecessor-version":[{"id":54312,"href":"https:\/\/mula.es\/web\/wp-json\/wp\/v2\/posts\/54307\/revisions\/54312"}],"wp:featuredmedia":[{"embeddable":true,"href":"https:\/\/mula.es\/web\/wp-json\/wp\/v2\/media\/33512"}],"wp:attachment":[{"href":"https:\/\/mula.es\/web\/wp-json\/wp\/v2\/media?parent=54307"}],"wp:term":[{"taxonomy":"category","embeddable":true,"href":"https:\/\/mula.es\/web\/wp-json\/wp\/v2\/categories?post=54307"},{"taxonomy":"post_tag","embeddable":true,"href":"https:\/\/mula.es\/web\/wp-json\/wp\/v2\/tags?post=54307"}],"curies":[{"name":"wp","href":"https:\/\/api.w.org\/{rel}","templated":true}]}}