{"id":54363,"date":"2024-06-14T11:07:15","date_gmt":"2024-06-14T09:07:15","guid":{"rendered":"https:\/\/mula.es\/web\/?p=54363"},"modified":"2024-06-14T11:08:01","modified_gmt":"2024-06-14T09:08:01","slug":"medio-ambiente-programacion-especial-con-motivo-del-dia-mundial-del-medio-ambiente-2","status":"publish","type":"post","link":"https:\/\/mula.es\/web\/medio-ambiente-programacion-especial-con-motivo-del-dia-mundial-del-medio-ambiente-2\/","title":{"rendered":"MEDIO AMBIENTE | Medidas preventivas en la carretera de Pliego: tala de \u00e1rboles enfermos para evitar accidentes"},"content":{"rendered":"<p>En respuesta a los recientes episodios de lluvias y las ca\u00eddas de \u00e1rboles que han generado preocupaci\u00f3n entre los vecinos, el Ayuntamiento de Mula ha iniciado un plan de acci\u00f3n para evitar accidentes y da\u00f1os en la carretera de Pliego. Los Servicios T\u00e9cnicos Municipales, en colaboraci\u00f3n con Agentes Medioambientales del Centro Comarcal, han llevado a cabo una inspecci\u00f3n exhaustiva de los \u00e1rboles situados en esta v\u00eda, detectando que los ejemplares de Arce Negundo presentan un estado de salud muy deteriorado.<\/p>\n<p>Durante la inspecci\u00f3n, se ha constatado que muchos de estos \u00e1rboles sufren heridas graves y pudriciones que han comprometido su estructura general, representando un riesgo significativo para la seguridad de las personas y los veh\u00edculos que transitan por esta zona. Ante la imposibilidad de recuperar estos \u00e1rboles enfermos, el Ayuntamiento ha decidido proceder a la tala de los ejemplares m\u00e1s afectados para evitar da\u00f1os personales y materiales.<\/p>\n<p>Los trabajos de tala est\u00e1n siendo ejecutados de manera diligente con el objetivo de minimizar las molestias a los vecinos y garantizar la seguridad en todo momento. Esta medida preventiva es esencial para proteger tanto a los residentes como a los transe\u00fantes, asegurando un entorno seguro y libre de riesgos.<\/p>\n<p>Desde las concejal\u00edas de Medio Ambiente y Servicios Municipales del Ayuntamiento de Mula, se est\u00e1 planificando la reposici\u00f3n de los \u00e1rboles talados durante los meses de oto\u00f1o. En su lugar, se plantar\u00e1n especies aut\u00f3ctonas que no solo aportar\u00e1n sombra natural, sino que tambi\u00e9n ser\u00e1n m\u00e1s adecuadas para el entorno urbano, evitando problemas futuros para los vecinos de los edificios colindantes.<\/p>\n<p><a href=\"https:\/\/mula.es\/web\/wp-content\/uploads\/2024\/06\/1-9.jpg\"><img decoding=\"async\" data-attachment-id=\"54364\" data-permalink=\"https:\/\/mula.es\/web\/medio-ambiente-programacion-especial-con-motivo-del-dia-mundial-del-medio-ambiente-2\/1-46\/\" data-orig-file=\"https:\/\/mula.es\/web\/wp-content\/uploads\/2024\/06\/1-9.jpg\" data-orig-size=\"1080,1080\" data-comments-opened=\"0\" data-image-meta=\"{&quot;aperture&quot;:&quot;0&quot;,&quot;credit&quot;:&quot;&quot;,&quot;camera&quot;:&quot;&quot;,&quot;caption&quot;:&quot;&quot;,&quot;created_timestamp&quot;:&quot;0&quot;,&quot;copyright&quot;:&quot;&quot;,&quot;focal_length&quot;:&quot;0&quot;,&quot;iso&quot;:&quot;0&quot;,&quot;shutter_speed&quot;:&quot;0&quot;,&quot;title&quot;:&quot;&quot;,&quot;orientation&quot;:&quot;1&quot;}\" data-image-title=\"1\" data-image-description=\"\" data-image-caption=\"\" data-large-file=\"https:\/\/mula.es\/web\/wp-content\/uploads\/2024\/06\/1-9-1024x1024.jpg\" class=\"alignnone size-medium wp-image-54364\" src=\"https:\/\/mula.es\/web\/wp-content\/uploads\/2024\/06\/1-9-300x300.jpg\" alt=\"\" width=\"300\" height=\"300\" srcset=\"https:\/\/mula.es\/web\/wp-content\/uploads\/2024\/06\/1-9-66x66.jpg 66w, https:\/\/mula.es\/web\/wp-content\/uploads\/2024\/06\/1-9-150x150.jpg 150w, https:\/\/mula.es\/web\/wp-content\/uploads\/2024\/06\/1-9-200x200.jpg 200w, https:\/\/mula.es\/web\/wp-content\/uploads\/2024\/06\/1-9-300x300.jpg 300w, https:\/\/mula.es\/web\/wp-content\/uploads\/2024\/06\/1-9-400x400.jpg 400w, https:\/\/mula.es\/web\/wp-content\/uploads\/2024\/06\/1-9-600x600.jpg 600w, https:\/\/mula.es\/web\/wp-content\/uploads\/2024\/06\/1-9-768x768.jpg 768w, https:\/\/mula.es\/web\/wp-content\/uploads\/2024\/06\/1-9-800x800.jpg 800w, https:\/\/mula.es\/web\/wp-content\/uploads\/2024\/06\/1-9-1024x1024.jpg 1024w, https:\/\/mula.es\/web\/wp-content\/uploads\/2024\/06\/1-9.jpg 1080w\" sizes=\"(max-width: 300px) 100vw, 300px\" \/><\/a> <a href=\"https:\/\/mula.es\/web\/wp-content\/uploads\/2024\/06\/2-9.jpg\"><img decoding=\"async\" data-attachment-id=\"54365\" data-permalink=\"https:\/\/mula.es\/web\/medio-ambiente-programacion-especial-con-motivo-del-dia-mundial-del-medio-ambiente-2\/2-42\/\" data-orig-file=\"https:\/\/mula.es\/web\/wp-content\/uploads\/2024\/06\/2-9.jpg\" data-orig-size=\"1080,1080\" data-comments-opened=\"0\" data-image-meta=\"{&quot;aperture&quot;:&quot;0&quot;,&quot;credit&quot;:&quot;&quot;,&quot;camera&quot;:&quot;&quot;,&quot;caption&quot;:&quot;&quot;,&quot;created_timestamp&quot;:&quot;0&quot;,&quot;copyright&quot;:&quot;&quot;,&quot;focal_length&quot;:&quot;0&quot;,&quot;iso&quot;:&quot;0&quot;,&quot;shutter_speed&quot;:&quot;0&quot;,&quot;title&quot;:&quot;&quot;,&quot;orientation&quot;:&quot;1&quot;}\" data-image-title=\"2\" data-image-description=\"\" data-image-caption=\"\" data-large-file=\"https:\/\/mula.es\/web\/wp-content\/uploads\/2024\/06\/2-9-1024x1024.jpg\" class=\"alignnone size-medium wp-image-54365\" src=\"https:\/\/mula.es\/web\/wp-content\/uploads\/2024\/06\/2-9-300x300.jpg\" alt=\"\" width=\"300\" height=\"300\" srcset=\"https:\/\/mula.es\/web\/wp-content\/uploads\/2024\/06\/2-9-66x66.jpg 66w, https:\/\/mula.es\/web\/wp-content\/uploads\/2024\/06\/2-9-150x150.jpg 150w, https:\/\/mula.es\/web\/wp-content\/uploads\/2024\/06\/2-9-200x200.jpg 200w, https:\/\/mula.es\/web\/wp-content\/uploads\/2024\/06\/2-9-300x300.jpg 300w, https:\/\/mula.es\/web\/wp-content\/uploads\/2024\/06\/2-9-400x400.jpg 400w, https:\/\/mula.es\/web\/wp-content\/uploads\/2024\/06\/2-9-600x600.jpg 600w, https:\/\/mula.es\/web\/wp-content\/uploads\/2024\/06\/2-9-768x768.jpg 768w, https:\/\/mula.es\/web\/wp-content\/uploads\/2024\/06\/2-9-800x800.jpg 800w, https:\/\/mula.es\/web\/wp-content\/uploads\/2024\/06\/2-9-1024x1024.jpg 1024w, https:\/\/mula.es\/web\/wp-content\/uploads\/2024\/06\/2-9.jpg 1080w\" sizes=\"(max-width: 300px) 100vw, 300px\" \/><\/a> <a href=\"https:\/\/mula.es\/web\/wp-content\/uploads\/2024\/06\/3-7.jpg\"><img decoding=\"async\" data-attachment-id=\"54366\" data-permalink=\"https:\/\/mula.es\/web\/medio-ambiente-programacion-especial-con-motivo-del-dia-mundial-del-medio-ambiente-2\/3-37\/\" data-orig-file=\"https:\/\/mula.es\/web\/wp-content\/uploads\/2024\/06\/3-7.jpg\" data-orig-size=\"1080,1080\" data-comments-opened=\"0\" data-image-meta=\"{&quot;aperture&quot;:&quot;0&quot;,&quot;credit&quot;:&quot;&quot;,&quot;camera&quot;:&quot;&quot;,&quot;caption&quot;:&quot;&quot;,&quot;created_timestamp&quot;:&quot;0&quot;,&quot;copyright&quot;:&quot;&quot;,&quot;focal_length&quot;:&quot;0&quot;,&quot;iso&quot;:&quot;0&quot;,&quot;shutter_speed&quot;:&quot;0&quot;,&quot;title&quot;:&quot;&quot;,&quot;orientation&quot;:&quot;1&quot;}\" data-image-title=\"3\" data-image-description=\"\" data-image-caption=\"\" data-large-file=\"https:\/\/mula.es\/web\/wp-content\/uploads\/2024\/06\/3-7-1024x1024.jpg\" class=\"alignnone size-medium wp-image-54366\" src=\"https:\/\/mula.es\/web\/wp-content\/uploads\/2024\/06\/3-7-300x300.jpg\" alt=\"\" width=\"300\" height=\"300\" srcset=\"https:\/\/mula.es\/web\/wp-content\/uploads\/2024\/06\/3-7-66x66.jpg 66w, https:\/\/mula.es\/web\/wp-content\/uploads\/2024\/06\/3-7-150x150.jpg 150w, https:\/\/mula.es\/web\/wp-content\/uploads\/2024\/06\/3-7-200x200.jpg 200w, https:\/\/mula.es\/web\/wp-content\/uploads\/2024\/06\/3-7-300x300.jpg 300w, https:\/\/mula.es\/web\/wp-content\/uploads\/2024\/06\/3-7-400x400.jpg 400w, https:\/\/mula.es\/web\/wp-content\/uploads\/2024\/06\/3-7-600x600.jpg 600w, https:\/\/mula.es\/web\/wp-content\/uploads\/2024\/06\/3-7-768x768.jpg 768w, https:\/\/mula.es\/web\/wp-content\/uploads\/2024\/06\/3-7-800x800.jpg 800w, https:\/\/mula.es\/web\/wp-content\/uploads\/2024\/06\/3-7-1024x1024.jpg 1024w, https:\/\/mula.es\/web\/wp-content\/uploads\/2024\/06\/3-7.jpg 1080w\" sizes=\"(max-width: 300px) 100vw, 300px\" \/><\/a><\/p>\n","protected":false},"excerpt":{"rendered":"<p>En respuesta a los recientes episodios de lluvias y las ca\u00eddas de \u00e1rboles que han generado preocupaci\u00f3n entre los vecinos, el Ayuntamiento de Mula ha iniciado un plan de acci\u00f3n para evitar accidentes y da\u00f1os en la carretera de Pliego. Los Servicios T\u00e9cnicos Municipales, en colaboraci\u00f3n con Agentes Medioambientales del Centro Comarcal, han llevado a  [&#8230;]<\/p>\n","protected":false},"author":13,"featured_media":33512,"comment_status":"closed","ping_status":"closed","sticky":false,"template":"","format":"standard","meta":{"jetpack_post_was_ever_published":false,"_jetpack_newsletter_access":"","_jetpack_dont_email_post_to_subs":false,"_jetpack_newsletter_tier_id":0,"_jetpack_memberships_contains_paywalled_content":false,"_jetpack_memberships_contains_paid_content":false,"footnotes":"","jetpack_publicize_message":"","jetpack_publicize_feature_enabled":true,"jetpack_social_post_already_shared":false,"jetpack_social_options":{"image_generator_settings":{"template":"highway","default_image_id":0,"font":"","enabled":false},"version":2}},"categories":[153],"tags":[],"class_list":["post-54363","post","type-post","status-publish","format-standard","has-post-thumbnail","hentry","category-medio-ambiente"],"yoast_head":"<!-- This site is optimized with the Yoast SEO plugin v27.5 - https:\/\/yoast.com\/product\/yoast-seo-wordpress\/ -->\n<title>MEDIO AMBIENTE | Medidas preventivas en la carretera de Pliego: tala de \u00e1rboles enfermos para evitar accidentes - Ayuntamiento de Mula<\/title>\n<meta name=\"robots\" content=\"index, follow, max-snippet:-1, max-image-preview:large, max-video-preview:-1\" \/>\n<link rel=\"canonical\" href=\"https:\/\/mula.es\/web\/medio-ambiente-programacion-especial-con-motivo-del-dia-mundial-del-medio-ambiente-2\/\" \/>\n<meta property=\"og:locale\" content=\"es_ES\" \/>\n<meta property=\"og:type\" content=\"article\" \/>\n<meta property=\"og:title\" content=\"MEDIO AMBIENTE | Medidas preventivas en la carretera de Pliego: tala de \u00e1rboles enfermos para evitar accidentes - Ayuntamiento de Mula\" \/>\n<meta property=\"og:description\" content=\"En respuesta a los recientes episodios de lluvias y las ca\u00eddas de \u00e1rboles que han generado preocupaci\u00f3n entre los vecinos, el Ayuntamiento de Mula ha iniciado un plan de acci\u00f3n para evitar accidentes y da\u00f1os en la carretera de Pliego. Los Servicios T\u00e9cnicos Municipales, en colaboraci\u00f3n con Agentes Medioambientales del Centro Comarcal, han llevado a [...]\" \/>\n<meta property=\"og:url\" content=\"https:\/\/mula.es\/web\/medio-ambiente-programacion-especial-con-motivo-del-dia-mundial-del-medio-ambiente-2\/\" \/>\n<meta property=\"og:site_name\" content=\"Ayuntamiento de Mula\" \/>\n<meta property=\"article:published_time\" content=\"2024-06-14T09:07:15+00:00\" \/>\n<meta property=\"article:modified_time\" content=\"2024-06-14T09:08:01+00:00\" \/>\n<meta property=\"og:image\" content=\"https:\/\/mula.es\/web\/wp-content\/uploads\/2020\/06\/escudo-cuadrado-e1591045058235.jpg\" \/>\n\t<meta property=\"og:image:width\" content=\"200\" \/>\n\t<meta property=\"og:image:height\" content=\"218\" \/>\n\t<meta property=\"og:image:type\" content=\"image\/jpeg\" \/>\n<meta name=\"author\" content=\"Laura Salas Orcajada\" \/>\n<meta name=\"twitter:card\" content=\"summary_large_image\" \/>\n<meta name=\"twitter:creator\" content=\"@AyuntamientMula\" \/>\n<meta name=\"twitter:site\" content=\"@AyuntamientMula\" \/>\n<meta name=\"twitter:label1\" content=\"Escrito por\" \/>\n\t<meta name=\"twitter:data1\" content=\"Laura Salas Orcajada\" \/>\n\t<meta name=\"twitter:label2\" content=\"Tiempo de lectura\" \/>\n\t<meta name=\"twitter:data2\" content=\"2 minutos\" \/>\n<script type=\"application\/ld+json\" class=\"yoast-schema-graph\">{\"@context\":\"https:\\\/\\\/schema.org\",\"@graph\":[{\"@type\":\"Article\",\"@id\":\"https:\\\/\\\/mula.es\\\/web\\\/medio-ambiente-programacion-especial-con-motivo-del-dia-mundial-del-medio-ambiente-2\\\/#article\",\"isPartOf\":{\"@id\":\"https:\\\/\\\/mula.es\\\/web\\\/medio-ambiente-programacion-especial-con-motivo-del-dia-mundial-del-medio-ambiente-2\\\/\"},\"author\":{\"name\":\"Laura Salas Orcajada\",\"@id\":\"https:\\\/\\\/mula.es\\\/web\\\/#\\\/schema\\\/person\\\/4f10179bd364f40dceed361e61e4033f\"},\"headline\":\"MEDIO AMBIENTE | Medidas preventivas en la carretera de Pliego: tala de \u00e1rboles enfermos para evitar accidentes\",\"datePublished\":\"2024-06-14T09:07:15+00:00\",\"dateModified\":\"2024-06-14T09:08:01+00:00\",\"mainEntityOfPage\":{\"@id\":\"https:\\\/\\\/mula.es\\\/web\\\/medio-ambiente-programacion-especial-con-motivo-del-dia-mundial-del-medio-ambiente-2\\\/\"},\"wordCount\":296,\"image\":{\"@id\":\"https:\\\/\\\/mula.es\\\/web\\\/medio-ambiente-programacion-especial-con-motivo-del-dia-mundial-del-medio-ambiente-2\\\/#primaryimage\"},\"thumbnailUrl\":\"https:\\\/\\\/mula.es\\\/web\\\/wp-content\\\/uploads\\\/2020\\\/06\\\/escudo-cuadrado-e1591045058235.jpg\",\"articleSection\":[\"medio ambiente\"],\"inLanguage\":\"es\"},{\"@type\":\"WebPage\",\"@id\":\"https:\\\/\\\/mula.es\\\/web\\\/medio-ambiente-programacion-especial-con-motivo-del-dia-mundial-del-medio-ambiente-2\\\/\",\"url\":\"https:\\\/\\\/mula.es\\\/web\\\/medio-ambiente-programacion-especial-con-motivo-del-dia-mundial-del-medio-ambiente-2\\\/\",\"name\":\"MEDIO AMBIENTE | Medidas preventivas en la carretera de Pliego: tala de \u00e1rboles enfermos para evitar accidentes - Ayuntamiento de Mula\",\"isPartOf\":{\"@id\":\"https:\\\/\\\/mula.es\\\/web\\\/#website\"},\"primaryImageOfPage\":{\"@id\":\"https:\\\/\\\/mula.es\\\/web\\\/medio-ambiente-programacion-especial-con-motivo-del-dia-mundial-del-medio-ambiente-2\\\/#primaryimage\"},\"image\":{\"@id\":\"https:\\\/\\\/mula.es\\\/web\\\/medio-ambiente-programacion-especial-con-motivo-del-dia-mundial-del-medio-ambiente-2\\\/#primaryimage\"},\"thumbnailUrl\":\"https:\\\/\\\/mula.es\\\/web\\\/wp-content\\\/uploads\\\/2020\\\/06\\\/escudo-cuadrado-e1591045058235.jpg\",\"datePublished\":\"2024-06-14T09:07:15+00:00\",\"dateModified\":\"2024-06-14T09:08:01+00:00\",\"author\":{\"@id\":\"https:\\\/\\\/mula.es\\\/web\\\/#\\\/schema\\\/person\\\/4f10179bd364f40dceed361e61e4033f\"},\"breadcrumb\":{\"@id\":\"https:\\\/\\\/mula.es\\\/web\\\/medio-ambiente-programacion-especial-con-motivo-del-dia-mundial-del-medio-ambiente-2\\\/#breadcrumb\"},\"inLanguage\":\"es\",\"potentialAction\":[{\"@type\":\"ReadAction\",\"target\":[\"https:\\\/\\\/mula.es\\\/web\\\/medio-ambiente-programacion-especial-con-motivo-del-dia-mundial-del-medio-ambiente-2\\\/\"]}]},{\"@type\":\"ImageObject\",\"inLanguage\":\"es\",\"@id\":\"https:\\\/\\\/mula.es\\\/web\\\/medio-ambiente-programacion-especial-con-motivo-del-dia-mundial-del-medio-ambiente-2\\\/#primaryimage\",\"url\":\"https:\\\/\\\/mula.es\\\/web\\\/wp-content\\\/uploads\\\/2020\\\/06\\\/escudo-cuadrado-e1591045058235.jpg\",\"contentUrl\":\"https:\\\/\\\/mula.es\\\/web\\\/wp-content\\\/uploads\\\/2020\\\/06\\\/escudo-cuadrado-e1591045058235.jpg\",\"width\":200,\"height\":218},{\"@type\":\"BreadcrumbList\",\"@id\":\"https:\\\/\\\/mula.es\\\/web\\\/medio-ambiente-programacion-especial-con-motivo-del-dia-mundial-del-medio-ambiente-2\\\/#breadcrumb\",\"itemListElement\":[{\"@type\":\"ListItem\",\"position\":1,\"name\":\"Portada\",\"item\":\"https:\\\/\\\/mula.es\\\/web\\\/\"},{\"@type\":\"ListItem\",\"position\":2,\"name\":\"MEDIO AMBIENTE | Medidas preventivas en la carretera de Pliego: tala de \u00e1rboles enfermos para evitar accidentes\"}]},{\"@type\":\"WebSite\",\"@id\":\"https:\\\/\\\/mula.es\\\/web\\\/#website\",\"url\":\"https:\\\/\\\/mula.es\\\/web\\\/\",\"name\":\"Ayuntamiento de Mula\",\"description\":\"P\u00e1gina web del Ayuntamiento de Mula (Regi\u00f3n de Murcia)\",\"potentialAction\":[{\"@type\":\"SearchAction\",\"target\":{\"@type\":\"EntryPoint\",\"urlTemplate\":\"https:\\\/\\\/mula.es\\\/web\\\/?s={search_term_string}\"},\"query-input\":{\"@type\":\"PropertyValueSpecification\",\"valueRequired\":true,\"valueName\":\"search_term_string\"}}],\"inLanguage\":\"es\"},{\"@type\":\"Person\",\"@id\":\"https:\\\/\\\/mula.es\\\/web\\\/#\\\/schema\\\/person\\\/4f10179bd364f40dceed361e61e4033f\",\"name\":\"Laura Salas Orcajada\",\"image\":{\"@type\":\"ImageObject\",\"inLanguage\":\"es\",\"@id\":\"https:\\\/\\\/secure.gravatar.com\\\/avatar\\\/786f2a223d9a455e2a448f78b5dcc1117207ef56ef3d9a04df338c0f775cd403?s=96&d=mm&r=g\",\"url\":\"https:\\\/\\\/secure.gravatar.com\\\/avatar\\\/786f2a223d9a455e2a448f78b5dcc1117207ef56ef3d9a04df338c0f775cd403?s=96&d=mm&r=g\",\"contentUrl\":\"https:\\\/\\\/secure.gravatar.com\\\/avatar\\\/786f2a223d9a455e2a448f78b5dcc1117207ef56ef3d9a04df338c0f775cd403?s=96&d=mm&r=g\",\"caption\":\"Laura Salas Orcajada\"},\"url\":\"https:\\\/\\\/mula.es\\\/web\\\/author\\\/lsalas\\\/\"}]}<\/script>\n<!-- \/ Yoast SEO plugin. -->","yoast_head_json":{"title":"MEDIO AMBIENTE | Medidas preventivas en la carretera de Pliego: tala de \u00e1rboles enfermos para evitar accidentes - Ayuntamiento de Mula","robots":{"index":"index","follow":"follow","max-snippet":"max-snippet:-1","max-image-preview":"max-image-preview:large","max-video-preview":"max-video-preview:-1"},"canonical":"https:\/\/mula.es\/web\/medio-ambiente-programacion-especial-con-motivo-del-dia-mundial-del-medio-ambiente-2\/","og_locale":"es_ES","og_type":"article","og_title":"MEDIO AMBIENTE | Medidas preventivas en la carretera de Pliego: tala de \u00e1rboles enfermos para evitar accidentes - Ayuntamiento de Mula","og_description":"En respuesta a los recientes episodios de lluvias y las ca\u00eddas de \u00e1rboles que han generado preocupaci\u00f3n entre los vecinos, el Ayuntamiento de Mula ha iniciado un plan de acci\u00f3n para evitar accidentes y da\u00f1os en la carretera de Pliego. Los Servicios T\u00e9cnicos Municipales, en colaboraci\u00f3n con Agentes Medioambientales del Centro Comarcal, han llevado a [...]","og_url":"https:\/\/mula.es\/web\/medio-ambiente-programacion-especial-con-motivo-del-dia-mundial-del-medio-ambiente-2\/","og_site_name":"Ayuntamiento de Mula","article_published_time":"2024-06-14T09:07:15+00:00","article_modified_time":"2024-06-14T09:08:01+00:00","og_image":[{"width":200,"height":218,"url":"https:\/\/mula.es\/web\/wp-content\/uploads\/2020\/06\/escudo-cuadrado-e1591045058235.jpg","type":"image\/jpeg"}],"author":"Laura Salas Orcajada","twitter_card":"summary_large_image","twitter_creator":"@AyuntamientMula","twitter_site":"@AyuntamientMula","twitter_misc":{"Escrito por":"Laura Salas Orcajada","Tiempo de lectura":"2 minutos"},"schema":{"@context":"https:\/\/schema.org","@graph":[{"@type":"Article","@id":"https:\/\/mula.es\/web\/medio-ambiente-programacion-especial-con-motivo-del-dia-mundial-del-medio-ambiente-2\/#article","isPartOf":{"@id":"https:\/\/mula.es\/web\/medio-ambiente-programacion-especial-con-motivo-del-dia-mundial-del-medio-ambiente-2\/"},"author":{"name":"Laura Salas Orcajada","@id":"https:\/\/mula.es\/web\/#\/schema\/person\/4f10179bd364f40dceed361e61e4033f"},"headline":"MEDIO AMBIENTE | Medidas preventivas en la carretera de Pliego: tala de \u00e1rboles enfermos para evitar accidentes","datePublished":"2024-06-14T09:07:15+00:00","dateModified":"2024-06-14T09:08:01+00:00","mainEntityOfPage":{"@id":"https:\/\/mula.es\/web\/medio-ambiente-programacion-especial-con-motivo-del-dia-mundial-del-medio-ambiente-2\/"},"wordCount":296,"image":{"@id":"https:\/\/mula.es\/web\/medio-ambiente-programacion-especial-con-motivo-del-dia-mundial-del-medio-ambiente-2\/#primaryimage"},"thumbnailUrl":"https:\/\/mula.es\/web\/wp-content\/uploads\/2020\/06\/escudo-cuadrado-e1591045058235.jpg","articleSection":["medio ambiente"],"inLanguage":"es"},{"@type":"WebPage","@id":"https:\/\/mula.es\/web\/medio-ambiente-programacion-especial-con-motivo-del-dia-mundial-del-medio-ambiente-2\/","url":"https:\/\/mula.es\/web\/medio-ambiente-programacion-especial-con-motivo-del-dia-mundial-del-medio-ambiente-2\/","name":"MEDIO AMBIENTE | Medidas preventivas en la carretera de Pliego: tala de \u00e1rboles enfermos para evitar accidentes - Ayuntamiento de Mula","isPartOf":{"@id":"https:\/\/mula.es\/web\/#website"},"primaryImageOfPage":{"@id":"https:\/\/mula.es\/web\/medio-ambiente-programacion-especial-con-motivo-del-dia-mundial-del-medio-ambiente-2\/#primaryimage"},"image":{"@id":"https:\/\/mula.es\/web\/medio-ambiente-programacion-especial-con-motivo-del-dia-mundial-del-medio-ambiente-2\/#primaryimage"},"thumbnailUrl":"https:\/\/mula.es\/web\/wp-content\/uploads\/2020\/06\/escudo-cuadrado-e1591045058235.jpg","datePublished":"2024-06-14T09:07:15+00:00","dateModified":"2024-06-14T09:08:01+00:00","author":{"@id":"https:\/\/mula.es\/web\/#\/schema\/person\/4f10179bd364f40dceed361e61e4033f"},"breadcrumb":{"@id":"https:\/\/mula.es\/web\/medio-ambiente-programacion-especial-con-motivo-del-dia-mundial-del-medio-ambiente-2\/#breadcrumb"},"inLanguage":"es","potentialAction":[{"@type":"ReadAction","target":["https:\/\/mula.es\/web\/medio-ambiente-programacion-especial-con-motivo-del-dia-mundial-del-medio-ambiente-2\/"]}]},{"@type":"ImageObject","inLanguage":"es","@id":"https:\/\/mula.es\/web\/medio-ambiente-programacion-especial-con-motivo-del-dia-mundial-del-medio-ambiente-2\/#primaryimage","url":"https:\/\/mula.es\/web\/wp-content\/uploads\/2020\/06\/escudo-cuadrado-e1591045058235.jpg","contentUrl":"https:\/\/mula.es\/web\/wp-content\/uploads\/2020\/06\/escudo-cuadrado-e1591045058235.jpg","width":200,"height":218},{"@type":"BreadcrumbList","@id":"https:\/\/mula.es\/web\/medio-ambiente-programacion-especial-con-motivo-del-dia-mundial-del-medio-ambiente-2\/#breadcrumb","itemListElement":[{"@type":"ListItem","position":1,"name":"Portada","item":"https:\/\/mula.es\/web\/"},{"@type":"ListItem","position":2,"name":"MEDIO AMBIENTE | Medidas preventivas en la carretera de Pliego: tala de \u00e1rboles enfermos para evitar accidentes"}]},{"@type":"WebSite","@id":"https:\/\/mula.es\/web\/#website","url":"https:\/\/mula.es\/web\/","name":"Ayuntamiento de Mula","description":"P\u00e1gina web del Ayuntamiento de Mula (Regi\u00f3n de Murcia)","potentialAction":[{"@type":"SearchAction","target":{"@type":"EntryPoint","urlTemplate":"https:\/\/mula.es\/web\/?s={search_term_string}"},"query-input":{"@type":"PropertyValueSpecification","valueRequired":true,"valueName":"search_term_string"}}],"inLanguage":"es"},{"@type":"Person","@id":"https:\/\/mula.es\/web\/#\/schema\/person\/4f10179bd364f40dceed361e61e4033f","name":"Laura Salas Orcajada","image":{"@type":"ImageObject","inLanguage":"es","@id":"https:\/\/secure.gravatar.com\/avatar\/786f2a223d9a455e2a448f78b5dcc1117207ef56ef3d9a04df338c0f775cd403?s=96&d=mm&r=g","url":"https:\/\/secure.gravatar.com\/avatar\/786f2a223d9a455e2a448f78b5dcc1117207ef56ef3d9a04df338c0f775cd403?s=96&d=mm&r=g","contentUrl":"https:\/\/secure.gravatar.com\/avatar\/786f2a223d9a455e2a448f78b5dcc1117207ef56ef3d9a04df338c0f775cd403?s=96&d=mm&r=g","caption":"Laura Salas Orcajada"},"url":"https:\/\/mula.es\/web\/author\/lsalas\/"}]}},"jetpack_publicize_connections":[],"jetpack_featured_media_url":"https:\/\/mula.es\/web\/wp-content\/uploads\/2020\/06\/escudo-cuadrado-e1591045058235.jpg","jetpack_sharing_enabled":true,"jetpack_shortlink":"https:\/\/wp.me\/pa9DMY-e8P","jetpack-related-posts":[],"_links":{"self":[{"href":"https:\/\/mula.es\/web\/wp-json\/wp\/v2\/posts\/54363","targetHints":{"allow":["GET"]}}],"collection":[{"href":"https:\/\/mula.es\/web\/wp-json\/wp\/v2\/posts"}],"about":[{"href":"https:\/\/mula.es\/web\/wp-json\/wp\/v2\/types\/post"}],"author":[{"embeddable":true,"href":"https:\/\/mula.es\/web\/wp-json\/wp\/v2\/users\/13"}],"replies":[{"embeddable":true,"href":"https:\/\/mula.es\/web\/wp-json\/wp\/v2\/comments?post=54363"}],"version-history":[{"count":1,"href":"https:\/\/mula.es\/web\/wp-json\/wp\/v2\/posts\/54363\/revisions"}],"predecessor-version":[{"id":54367,"href":"https:\/\/mula.es\/web\/wp-json\/wp\/v2\/posts\/54363\/revisions\/54367"}],"wp:featuredmedia":[{"embeddable":true,"href":"https:\/\/mula.es\/web\/wp-json\/wp\/v2\/media\/33512"}],"wp:attachment":[{"href":"https:\/\/mula.es\/web\/wp-json\/wp\/v2\/media?parent=54363"}],"wp:term":[{"taxonomy":"category","embeddable":true,"href":"https:\/\/mula.es\/web\/wp-json\/wp\/v2\/categories?post=54363"},{"taxonomy":"post_tag","embeddable":true,"href":"https:\/\/mula.es\/web\/wp-json\/wp\/v2\/tags?post=54363"}],"curies":[{"name":"wp","href":"https:\/\/api.w.org\/{rel}","templated":true}]}}