{"id":54375,"date":"2024-06-14T13:59:14","date_gmt":"2024-06-14T11:59:14","guid":{"rendered":"https:\/\/mula.es\/web\/?p=54375"},"modified":"2024-06-14T13:59:14","modified_gmt":"2024-06-14T11:59:14","slug":"clausura-de-talleres-y-actividades-para-personas-mayores-en-mula","status":"publish","type":"post","link":"https:\/\/mula.es\/web\/clausura-de-talleres-y-actividades-para-personas-mayores-en-mula\/","title":{"rendered":"MAYORES | Clausura de talleres y actividades para personas mayores en Mula"},"content":{"rendered":"<p>Hoy, el Ayuntamiento de Mula ha celebrado la Clausura de los Talleres y Actividades destinados a personas mayores. El evento, que tuvo lugar en El Sal\u00f3n de Actos del Centro de D\u00eda, cont\u00f3 con la participaci\u00f3n activa de concejales del equipo de gobierno y del alcalde, quien expres\u00f3 su agradecimiento a todos los asistentes y participantes por su dedicaci\u00f3n y entusiasmo en las diversas actividades ofrecidas, entre las que se incluyen risomemoria, baile, pintura y muchas m\u00e1s.<\/p>\n<p>Durante la clausura, los alumnos de estos talleres realizaron demostraciones de lo aprendido llevando a cabo actuaciones de baile y de risomemoria.<\/p>\n<p>Tambi\u00e9n se expusieron cuadros del taller de pintura, ropa realizada en el taller de costura y las diversas prendas realizadas en el taller de bolillo.<\/p>\n<p>Desde el Ayuntamiento de Mula agradecemos a todo el equipo de trabajo involucrado en la organizaci\u00f3n y ejecuci\u00f3n de estos talleres, as\u00ed como al equipo t\u00e9cnico de las concejal\u00edas de Servicios Sociales y Mayores, cuyo esfuerzo y dedicaci\u00f3n han hecho posible el \u00e9xito continuo de estas iniciativas.<\/p>\n<p>Asimismo, se agradece especialmente a la Asociaci\u00f3n de Personas Mayores de Mula por su papel fundamental en la promoci\u00f3n y desarrollo de una amplia gama de actividades l\u00fadicas y formativas, enriqueciendo la vida de nuestros mayores y fortaleciendo el tejido social de nuestro municipio.<\/p>\n<p>&nbsp;<\/p>\n","protected":false},"excerpt":{"rendered":"<p>Hoy, el Ayuntamiento de Mula ha celebrado la Clausura de los Talleres y Actividades destinados a personas mayores. El evento, que tuvo lugar en El Sal\u00f3n de Actos del Centro de D\u00eda, cont\u00f3 con la participaci\u00f3n activa de concejales del equipo de gobierno y del alcalde, quien expres\u00f3 su agradecimiento a todos los asistentes y  [&#8230;]<\/p>\n","protected":false},"author":13,"featured_media":33512,"comment_status":"closed","ping_status":"closed","sticky":false,"template":"","format":"standard","meta":{"jetpack_post_was_ever_published":false,"_jetpack_newsletter_access":"","_jetpack_dont_email_post_to_subs":false,"_jetpack_newsletter_tier_id":0,"_jetpack_memberships_contains_paywalled_content":false,"_jetpack_memberships_contains_paid_content":false,"footnotes":"","jetpack_publicize_message":"","jetpack_publicize_feature_enabled":true,"jetpack_social_post_already_shared":false,"jetpack_social_options":{"image_generator_settings":{"template":"highway","default_image_id":0,"font":"","enabled":false},"version":2}},"categories":[100],"tags":[],"class_list":["post-54375","post","type-post","status-publish","format-standard","has-post-thumbnail","hentry","category-mayores"],"yoast_head":"<!-- This site is optimized with the Yoast SEO plugin v27.5 - https:\/\/yoast.com\/product\/yoast-seo-wordpress\/ -->\n<title>MAYORES | Renovado el convenio de colaboraci\u00f3n con la Asociaci\u00f3n Local de Personas Mayores de MulaMAYORES | Clausura de talleres y actividades para personas mayores en Mula<\/title>\n<meta name=\"description\" content=\"MAYORES | Clausura de talleres y actividades para personas mayores en Mula\" \/>\n<meta name=\"robots\" content=\"index, follow, max-snippet:-1, max-image-preview:large, max-video-preview:-1\" \/>\n<link rel=\"canonical\" href=\"https:\/\/mula.es\/web\/clausura-de-talleres-y-actividades-para-personas-mayores-en-mula\/\" \/>\n<meta property=\"og:locale\" content=\"es_ES\" \/>\n<meta property=\"og:type\" content=\"article\" \/>\n<meta property=\"og:title\" content=\"MAYORES | Renovado el convenio de colaboraci\u00f3n con la Asociaci\u00f3n Local de Personas Mayores de MulaMAYORES | Clausura de talleres y actividades para personas mayores en Mula\" \/>\n<meta property=\"og:description\" content=\"MAYORES | Clausura de talleres y actividades para personas mayores en Mula\" \/>\n<meta property=\"og:url\" content=\"https:\/\/mula.es\/web\/clausura-de-talleres-y-actividades-para-personas-mayores-en-mula\/\" \/>\n<meta property=\"og:site_name\" content=\"Ayuntamiento de Mula\" \/>\n<meta property=\"article:published_time\" content=\"2024-06-14T11:59:14+00:00\" \/>\n<meta property=\"og:image\" content=\"https:\/\/mula.es\/web\/wp-content\/uploads\/2020\/06\/escudo-cuadrado-e1591045058235.jpg\" \/>\n\t<meta property=\"og:image:width\" content=\"200\" \/>\n\t<meta property=\"og:image:height\" content=\"218\" \/>\n\t<meta property=\"og:image:type\" content=\"image\/jpeg\" \/>\n<meta name=\"author\" content=\"Laura Salas Orcajada\" \/>\n<meta name=\"twitter:card\" content=\"summary_large_image\" \/>\n<meta name=\"twitter:creator\" content=\"@AyuntamientMula\" \/>\n<meta name=\"twitter:site\" content=\"@AyuntamientMula\" \/>\n<meta name=\"twitter:label1\" content=\"Escrito por\" \/>\n\t<meta name=\"twitter:data1\" content=\"Laura Salas Orcajada\" \/>\n\t<meta name=\"twitter:label2\" content=\"Tiempo de lectura\" \/>\n\t<meta name=\"twitter:data2\" content=\"2 minutos\" \/>\n<script type=\"application\/ld+json\" class=\"yoast-schema-graph\">{\"@context\":\"https:\\\/\\\/schema.org\",\"@graph\":[{\"@type\":\"Article\",\"@id\":\"https:\\\/\\\/mula.es\\\/web\\\/clausura-de-talleres-y-actividades-para-personas-mayores-en-mula\\\/#article\",\"isPartOf\":{\"@id\":\"https:\\\/\\\/mula.es\\\/web\\\/clausura-de-talleres-y-actividades-para-personas-mayores-en-mula\\\/\"},\"author\":{\"name\":\"Laura Salas Orcajada\",\"@id\":\"https:\\\/\\\/mula.es\\\/web\\\/#\\\/schema\\\/person\\\/4f10179bd364f40dceed361e61e4033f\"},\"headline\":\"MAYORES | Clausura de talleres y actividades para personas mayores en Mula\",\"datePublished\":\"2024-06-14T11:59:14+00:00\",\"mainEntityOfPage\":{\"@id\":\"https:\\\/\\\/mula.es\\\/web\\\/clausura-de-talleres-y-actividades-para-personas-mayores-en-mula\\\/\"},\"wordCount\":241,\"image\":{\"@id\":\"https:\\\/\\\/mula.es\\\/web\\\/clausura-de-talleres-y-actividades-para-personas-mayores-en-mula\\\/#primaryimage\"},\"thumbnailUrl\":\"https:\\\/\\\/mula.es\\\/web\\\/wp-content\\\/uploads\\\/2020\\\/06\\\/escudo-cuadrado-e1591045058235.jpg\",\"articleSection\":[\"mayores\"],\"inLanguage\":\"es\"},{\"@type\":\"WebPage\",\"@id\":\"https:\\\/\\\/mula.es\\\/web\\\/clausura-de-talleres-y-actividades-para-personas-mayores-en-mula\\\/\",\"url\":\"https:\\\/\\\/mula.es\\\/web\\\/clausura-de-talleres-y-actividades-para-personas-mayores-en-mula\\\/\",\"name\":\"MAYORES | Renovado el convenio de colaboraci\u00f3n con la Asociaci\u00f3n Local de Personas Mayores de MulaMAYORES | Clausura de talleres y actividades para personas mayores en Mula\",\"isPartOf\":{\"@id\":\"https:\\\/\\\/mula.es\\\/web\\\/#website\"},\"primaryImageOfPage\":{\"@id\":\"https:\\\/\\\/mula.es\\\/web\\\/clausura-de-talleres-y-actividades-para-personas-mayores-en-mula\\\/#primaryimage\"},\"image\":{\"@id\":\"https:\\\/\\\/mula.es\\\/web\\\/clausura-de-talleres-y-actividades-para-personas-mayores-en-mula\\\/#primaryimage\"},\"thumbnailUrl\":\"https:\\\/\\\/mula.es\\\/web\\\/wp-content\\\/uploads\\\/2020\\\/06\\\/escudo-cuadrado-e1591045058235.jpg\",\"datePublished\":\"2024-06-14T11:59:14+00:00\",\"author\":{\"@id\":\"https:\\\/\\\/mula.es\\\/web\\\/#\\\/schema\\\/person\\\/4f10179bd364f40dceed361e61e4033f\"},\"description\":\"MAYORES | Clausura de talleres y actividades para personas mayores en Mula\",\"breadcrumb\":{\"@id\":\"https:\\\/\\\/mula.es\\\/web\\\/clausura-de-talleres-y-actividades-para-personas-mayores-en-mula\\\/#breadcrumb\"},\"inLanguage\":\"es\",\"potentialAction\":[{\"@type\":\"ReadAction\",\"target\":[\"https:\\\/\\\/mula.es\\\/web\\\/clausura-de-talleres-y-actividades-para-personas-mayores-en-mula\\\/\"]}]},{\"@type\":\"ImageObject\",\"inLanguage\":\"es\",\"@id\":\"https:\\\/\\\/mula.es\\\/web\\\/clausura-de-talleres-y-actividades-para-personas-mayores-en-mula\\\/#primaryimage\",\"url\":\"https:\\\/\\\/mula.es\\\/web\\\/wp-content\\\/uploads\\\/2020\\\/06\\\/escudo-cuadrado-e1591045058235.jpg\",\"contentUrl\":\"https:\\\/\\\/mula.es\\\/web\\\/wp-content\\\/uploads\\\/2020\\\/06\\\/escudo-cuadrado-e1591045058235.jpg\",\"width\":200,\"height\":218},{\"@type\":\"BreadcrumbList\",\"@id\":\"https:\\\/\\\/mula.es\\\/web\\\/clausura-de-talleres-y-actividades-para-personas-mayores-en-mula\\\/#breadcrumb\",\"itemListElement\":[{\"@type\":\"ListItem\",\"position\":1,\"name\":\"Portada\",\"item\":\"https:\\\/\\\/mula.es\\\/web\\\/\"},{\"@type\":\"ListItem\",\"position\":2,\"name\":\"MAYORES | Clausura de talleres y actividades para personas mayores en Mula\"}]},{\"@type\":\"WebSite\",\"@id\":\"https:\\\/\\\/mula.es\\\/web\\\/#website\",\"url\":\"https:\\\/\\\/mula.es\\\/web\\\/\",\"name\":\"Ayuntamiento de Mula\",\"description\":\"P\u00e1gina web del Ayuntamiento de Mula (Regi\u00f3n de Murcia)\",\"potentialAction\":[{\"@type\":\"SearchAction\",\"target\":{\"@type\":\"EntryPoint\",\"urlTemplate\":\"https:\\\/\\\/mula.es\\\/web\\\/?s={search_term_string}\"},\"query-input\":{\"@type\":\"PropertyValueSpecification\",\"valueRequired\":true,\"valueName\":\"search_term_string\"}}],\"inLanguage\":\"es\"},{\"@type\":\"Person\",\"@id\":\"https:\\\/\\\/mula.es\\\/web\\\/#\\\/schema\\\/person\\\/4f10179bd364f40dceed361e61e4033f\",\"name\":\"Laura Salas Orcajada\",\"image\":{\"@type\":\"ImageObject\",\"inLanguage\":\"es\",\"@id\":\"https:\\\/\\\/secure.gravatar.com\\\/avatar\\\/786f2a223d9a455e2a448f78b5dcc1117207ef56ef3d9a04df338c0f775cd403?s=96&d=mm&r=g\",\"url\":\"https:\\\/\\\/secure.gravatar.com\\\/avatar\\\/786f2a223d9a455e2a448f78b5dcc1117207ef56ef3d9a04df338c0f775cd403?s=96&d=mm&r=g\",\"contentUrl\":\"https:\\\/\\\/secure.gravatar.com\\\/avatar\\\/786f2a223d9a455e2a448f78b5dcc1117207ef56ef3d9a04df338c0f775cd403?s=96&d=mm&r=g\",\"caption\":\"Laura Salas Orcajada\"},\"url\":\"https:\\\/\\\/mula.es\\\/web\\\/author\\\/lsalas\\\/\"}]}<\/script>\n<!-- \/ Yoast SEO plugin. -->","yoast_head_json":{"title":"MAYORES | Renovado el convenio de colaboraci\u00f3n con la Asociaci\u00f3n Local de Personas Mayores de MulaMAYORES | Clausura de talleres y actividades para personas mayores en Mula","description":"MAYORES | Clausura de talleres y actividades para personas mayores en Mula","robots":{"index":"index","follow":"follow","max-snippet":"max-snippet:-1","max-image-preview":"max-image-preview:large","max-video-preview":"max-video-preview:-1"},"canonical":"https:\/\/mula.es\/web\/clausura-de-talleres-y-actividades-para-personas-mayores-en-mula\/","og_locale":"es_ES","og_type":"article","og_title":"MAYORES | Renovado el convenio de colaboraci\u00f3n con la Asociaci\u00f3n Local de Personas Mayores de MulaMAYORES | Clausura de talleres y actividades para personas mayores en Mula","og_description":"MAYORES | Clausura de talleres y actividades para personas mayores en Mula","og_url":"https:\/\/mula.es\/web\/clausura-de-talleres-y-actividades-para-personas-mayores-en-mula\/","og_site_name":"Ayuntamiento de Mula","article_published_time":"2024-06-14T11:59:14+00:00","og_image":[{"width":200,"height":218,"url":"https:\/\/mula.es\/web\/wp-content\/uploads\/2020\/06\/escudo-cuadrado-e1591045058235.jpg","type":"image\/jpeg"}],"author":"Laura Salas Orcajada","twitter_card":"summary_large_image","twitter_creator":"@AyuntamientMula","twitter_site":"@AyuntamientMula","twitter_misc":{"Escrito por":"Laura Salas Orcajada","Tiempo de lectura":"2 minutos"},"schema":{"@context":"https:\/\/schema.org","@graph":[{"@type":"Article","@id":"https:\/\/mula.es\/web\/clausura-de-talleres-y-actividades-para-personas-mayores-en-mula\/#article","isPartOf":{"@id":"https:\/\/mula.es\/web\/clausura-de-talleres-y-actividades-para-personas-mayores-en-mula\/"},"author":{"name":"Laura Salas Orcajada","@id":"https:\/\/mula.es\/web\/#\/schema\/person\/4f10179bd364f40dceed361e61e4033f"},"headline":"MAYORES | Clausura de talleres y actividades para personas mayores en Mula","datePublished":"2024-06-14T11:59:14+00:00","mainEntityOfPage":{"@id":"https:\/\/mula.es\/web\/clausura-de-talleres-y-actividades-para-personas-mayores-en-mula\/"},"wordCount":241,"image":{"@id":"https:\/\/mula.es\/web\/clausura-de-talleres-y-actividades-para-personas-mayores-en-mula\/#primaryimage"},"thumbnailUrl":"https:\/\/mula.es\/web\/wp-content\/uploads\/2020\/06\/escudo-cuadrado-e1591045058235.jpg","articleSection":["mayores"],"inLanguage":"es"},{"@type":"WebPage","@id":"https:\/\/mula.es\/web\/clausura-de-talleres-y-actividades-para-personas-mayores-en-mula\/","url":"https:\/\/mula.es\/web\/clausura-de-talleres-y-actividades-para-personas-mayores-en-mula\/","name":"MAYORES | Renovado el convenio de colaboraci\u00f3n con la Asociaci\u00f3n Local de Personas Mayores de MulaMAYORES | Clausura de talleres y actividades para personas mayores en Mula","isPartOf":{"@id":"https:\/\/mula.es\/web\/#website"},"primaryImageOfPage":{"@id":"https:\/\/mula.es\/web\/clausura-de-talleres-y-actividades-para-personas-mayores-en-mula\/#primaryimage"},"image":{"@id":"https:\/\/mula.es\/web\/clausura-de-talleres-y-actividades-para-personas-mayores-en-mula\/#primaryimage"},"thumbnailUrl":"https:\/\/mula.es\/web\/wp-content\/uploads\/2020\/06\/escudo-cuadrado-e1591045058235.jpg","datePublished":"2024-06-14T11:59:14+00:00","author":{"@id":"https:\/\/mula.es\/web\/#\/schema\/person\/4f10179bd364f40dceed361e61e4033f"},"description":"MAYORES | Clausura de talleres y actividades para personas mayores en Mula","breadcrumb":{"@id":"https:\/\/mula.es\/web\/clausura-de-talleres-y-actividades-para-personas-mayores-en-mula\/#breadcrumb"},"inLanguage":"es","potentialAction":[{"@type":"ReadAction","target":["https:\/\/mula.es\/web\/clausura-de-talleres-y-actividades-para-personas-mayores-en-mula\/"]}]},{"@type":"ImageObject","inLanguage":"es","@id":"https:\/\/mula.es\/web\/clausura-de-talleres-y-actividades-para-personas-mayores-en-mula\/#primaryimage","url":"https:\/\/mula.es\/web\/wp-content\/uploads\/2020\/06\/escudo-cuadrado-e1591045058235.jpg","contentUrl":"https:\/\/mula.es\/web\/wp-content\/uploads\/2020\/06\/escudo-cuadrado-e1591045058235.jpg","width":200,"height":218},{"@type":"BreadcrumbList","@id":"https:\/\/mula.es\/web\/clausura-de-talleres-y-actividades-para-personas-mayores-en-mula\/#breadcrumb","itemListElement":[{"@type":"ListItem","position":1,"name":"Portada","item":"https:\/\/mula.es\/web\/"},{"@type":"ListItem","position":2,"name":"MAYORES | Clausura de talleres y actividades para personas mayores en Mula"}]},{"@type":"WebSite","@id":"https:\/\/mula.es\/web\/#website","url":"https:\/\/mula.es\/web\/","name":"Ayuntamiento de Mula","description":"P\u00e1gina web del Ayuntamiento de Mula (Regi\u00f3n de Murcia)","potentialAction":[{"@type":"SearchAction","target":{"@type":"EntryPoint","urlTemplate":"https:\/\/mula.es\/web\/?s={search_term_string}"},"query-input":{"@type":"PropertyValueSpecification","valueRequired":true,"valueName":"search_term_string"}}],"inLanguage":"es"},{"@type":"Person","@id":"https:\/\/mula.es\/web\/#\/schema\/person\/4f10179bd364f40dceed361e61e4033f","name":"Laura Salas Orcajada","image":{"@type":"ImageObject","inLanguage":"es","@id":"https:\/\/secure.gravatar.com\/avatar\/786f2a223d9a455e2a448f78b5dcc1117207ef56ef3d9a04df338c0f775cd403?s=96&d=mm&r=g","url":"https:\/\/secure.gravatar.com\/avatar\/786f2a223d9a455e2a448f78b5dcc1117207ef56ef3d9a04df338c0f775cd403?s=96&d=mm&r=g","contentUrl":"https:\/\/secure.gravatar.com\/avatar\/786f2a223d9a455e2a448f78b5dcc1117207ef56ef3d9a04df338c0f775cd403?s=96&d=mm&r=g","caption":"Laura Salas Orcajada"},"url":"https:\/\/mula.es\/web\/author\/lsalas\/"}]}},"jetpack_publicize_connections":[],"jetpack_featured_media_url":"https:\/\/mula.es\/web\/wp-content\/uploads\/2020\/06\/escudo-cuadrado-e1591045058235.jpg","jetpack_sharing_enabled":true,"jetpack_shortlink":"https:\/\/wp.me\/pa9DMY-e91","jetpack-related-posts":[],"_links":{"self":[{"href":"https:\/\/mula.es\/web\/wp-json\/wp\/v2\/posts\/54375","targetHints":{"allow":["GET"]}}],"collection":[{"href":"https:\/\/mula.es\/web\/wp-json\/wp\/v2\/posts"}],"about":[{"href":"https:\/\/mula.es\/web\/wp-json\/wp\/v2\/types\/post"}],"author":[{"embeddable":true,"href":"https:\/\/mula.es\/web\/wp-json\/wp\/v2\/users\/13"}],"replies":[{"embeddable":true,"href":"https:\/\/mula.es\/web\/wp-json\/wp\/v2\/comments?post=54375"}],"version-history":[{"count":1,"href":"https:\/\/mula.es\/web\/wp-json\/wp\/v2\/posts\/54375\/revisions"}],"predecessor-version":[{"id":54383,"href":"https:\/\/mula.es\/web\/wp-json\/wp\/v2\/posts\/54375\/revisions\/54383"}],"wp:featuredmedia":[{"embeddable":true,"href":"https:\/\/mula.es\/web\/wp-json\/wp\/v2\/media\/33512"}],"wp:attachment":[{"href":"https:\/\/mula.es\/web\/wp-json\/wp\/v2\/media?parent=54375"}],"wp:term":[{"taxonomy":"category","embeddable":true,"href":"https:\/\/mula.es\/web\/wp-json\/wp\/v2\/categories?post=54375"},{"taxonomy":"post_tag","embeddable":true,"href":"https:\/\/mula.es\/web\/wp-json\/wp\/v2\/tags?post=54375"}],"curies":[{"name":"wp","href":"https:\/\/api.w.org\/{rel}","templated":true}]}}