{"id":54922,"date":"2024-07-28T10:21:43","date_gmt":"2024-07-28T08:21:43","guid":{"rendered":"https:\/\/mula.es\/web\/?p=54922"},"modified":"2024-07-28T10:21:43","modified_gmt":"2024-07-28T08:21:43","slug":"cultura-el-iv-festival-y-concurso-internacional-de-guitarra-ciudad-de-mula-culmina-con-exito","status":"publish","type":"post","link":"https:\/\/mula.es\/web\/cultura-el-iv-festival-y-concurso-internacional-de-guitarra-ciudad-de-mula-culmina-con-exito\/","title":{"rendered":"CULTURA | El IV Festival y Concurso Internacional de Guitarra Ciudad de Mula culmina con \u00e9xito"},"content":{"rendered":"<p><strong>El IV Festival y Concurso Internacional de Guitarra Ciudad de Mula culmina con \u00e9xito<\/strong><\/p>\n<p>&nbsp;<\/p>\n<p><strong>Mula, 28 de julio de 2024<\/strong> &#8211; El IV Festival y Concurso Internacional de Guitarra \u2018Ciudad de Mula\u2019 ha llegado a su fin con la gala de entrega de premios y un concierto de clausura de la mano de dos grandes artistas de la guitarra: <strong>\u00c0lex Garrob\u00e9,\u00a0<\/strong>renombrado guitarrista espa\u00f1ol, presente en todas las ediciones del festival, y\u00a0<strong>Luis Alejandro Garc\u00eda<\/strong>, joven talento canario, con m\u00e1s de cuarenta concursos ganados a su nombre. Ambos han estrenado su d\u00fao musical en Mula.<\/p>\n<p>El evento, que ha atra\u00eddo a participantes de todo el mundo, y se consolida como un referente en el \u00e1mbito de la guitarra cl\u00e1sica.<\/p>\n<p>Finalizado el proceso de audici\u00f3n de las distintas categor\u00edas, el jurado ha emitido su fallo, destacando el talento y la dedicaci\u00f3n de los participantes. Los ganadores de esta edici\u00f3n son:<\/p>\n<ul>\n<li><strong>Menci\u00f3n de honor:<\/strong> Nicol\u00e1s Venegas (Chile)<\/li>\n<li><strong>Premio EMOCIONARTE:<\/strong> Bruno Pino (Espa\u00f1a), dotado con 100 euros y diploma.<\/li>\n<li><strong>Premio Mejor Interpretaci\u00f3n Obra Obligatoria:<\/strong> Bruno Pino (Espa\u00f1a), dotado con 150 euros y diploma.<\/li>\n<li><strong>Segundo Premio Categor\u00eda Profesional ex-aequo:<\/strong> Antonio Molina (Espa\u00f1a) y Belmin Okanovic (Bosnia y Herzegovina), cada uno dotado con 1.000 euros, matr\u00edcula gratuita para el pr\u00f3ximo festival, y diversos obsequios.<\/li>\n<li><strong>Primer Premio Categor\u00eda Profesional:<\/strong> Bruno Pino (Espa\u00f1a), dotado con 2.000 euros, una guitarra del luthier \u00c1ngel G\u00f3mez de Guill\u00e9n valorada en 4.500 euros, varios conciertos y becas de estudio.<\/li>\n<\/ul>\n<p>&nbsp;<\/p>\n<p>El concejal de Cultura, Diego Boluda, afirmaba<em>: \u00abEl nivel de los participantes ha sido excepcional, y estamos orgullosos de ver c\u00f3mo este festival sigue creciendo en prestigio y alcance.<\/em> <em>Agradecemos a todas las empresas patrocinadoras y colaboradoras por su apoyo, as\u00ed como a Reyes Aznar y Ram\u00f3n Vergara por su excelente labor en la organizaci\u00f3n del festival. Este evento no solo enriquece nuestra cultura, sino que tambi\u00e9n posiciona a Mula en el mapa internacional de la m\u00fasica.\u00bb<\/em><\/p>\n<p><em>\u00a0<\/em><\/p>\n<p>Las empresas patrocinadoras incluyen Emocionarte, El Molino de Felipe, Bio Espu\u00f1a, Gal\u00e1n Patrimonio, El Noroeste, Fundaci\u00f3n Cajamurcia, Knobloch Strings, Embracing Guitar, RC Strings y C\u00edrculo Art\u00edstico 1911. Entre los colaboradores se encuentran prestigiosas instituciones como el Conservatorio de Montpellier, Conservatorio de Murcia, Conservatorio de Cartagena, Escuela de M\u00fasica Asunci\u00f3n Asensio, Conservatorio de Caravaca, Conservatorio de Lorca, Conservatorio de San Javier, Liceu de M\u00fasica Ciutat de Mistala, Academia Piccolo, Escuela de M\u00fasica Carmen Montes, CONARTE, Guitarras de Luthier, Casa Sors, Festival de Guitarra Estanislao Marco, Festival Internacional de Guitarra Jos\u00e9 Tom\u00e1s y el Festival Internacional de Guitarra de Espa\u00f1a.<\/p>\n<p>&nbsp;<\/p>\n<p>Este a\u00f1o, el festival ha contado con inscritos de pa\u00edses como Bosnia y Herzegovina, Chile, M\u00e9xico, Italia, Croacia, Francia, China, y por primera vez, ha habido m\u00e1s inscritos de Espa\u00f1a que del extranjero, especialmente de la Regi\u00f3n de Murcia. Este dato pone en valor el prestigio que ha adquirido este evento a lo largo de sus ediciones.<\/p>\n<p>&nbsp;<\/p>\n<p>El Ayuntamiento de Mula felicita a los ganadores y participantes y agradece el apoyo de todas las entidades colaboradoras.<\/p>\n<p>&nbsp;<\/p>\n<p><a href=\"https:\/\/mula.es\/web\/wp-content\/uploads\/2024\/07\/4-11.jpg\"><img decoding=\"async\" data-attachment-id=\"54923\" data-permalink=\"https:\/\/mula.es\/web\/cultura-el-iv-festival-y-concurso-internacional-de-guitarra-ciudad-de-mula-culmina-con-exito\/4-51\/\" data-orig-file=\"https:\/\/mula.es\/web\/wp-content\/uploads\/2024\/07\/4-11.jpg\" data-orig-size=\"1080,1080\" data-comments-opened=\"0\" data-image-meta=\"{&quot;aperture&quot;:&quot;0&quot;,&quot;credit&quot;:&quot;&quot;,&quot;camera&quot;:&quot;&quot;,&quot;caption&quot;:&quot;&quot;,&quot;created_timestamp&quot;:&quot;0&quot;,&quot;copyright&quot;:&quot;&quot;,&quot;focal_length&quot;:&quot;0&quot;,&quot;iso&quot;:&quot;0&quot;,&quot;shutter_speed&quot;:&quot;0&quot;,&quot;title&quot;:&quot;&quot;,&quot;orientation&quot;:&quot;1&quot;}\" data-image-title=\"4\" data-image-description=\"\" data-image-caption=\"\" data-large-file=\"https:\/\/mula.es\/web\/wp-content\/uploads\/2024\/07\/4-11-1024x1024.jpg\" class=\"alignnone size-medium wp-image-54923\" src=\"https:\/\/mula.es\/web\/wp-content\/uploads\/2024\/07\/4-11-300x300.jpg\" alt=\"\" width=\"300\" height=\"300\" srcset=\"https:\/\/mula.es\/web\/wp-content\/uploads\/2024\/07\/4-11-66x66.jpg 66w, https:\/\/mula.es\/web\/wp-content\/uploads\/2024\/07\/4-11-150x150.jpg 150w, https:\/\/mula.es\/web\/wp-content\/uploads\/2024\/07\/4-11-200x200.jpg 200w, https:\/\/mula.es\/web\/wp-content\/uploads\/2024\/07\/4-11-300x300.jpg 300w, https:\/\/mula.es\/web\/wp-content\/uploads\/2024\/07\/4-11-400x400.jpg 400w, https:\/\/mula.es\/web\/wp-content\/uploads\/2024\/07\/4-11-600x600.jpg 600w, https:\/\/mula.es\/web\/wp-content\/uploads\/2024\/07\/4-11-768x768.jpg 768w, https:\/\/mula.es\/web\/wp-content\/uploads\/2024\/07\/4-11-800x800.jpg 800w, https:\/\/mula.es\/web\/wp-content\/uploads\/2024\/07\/4-11-1024x1024.jpg 1024w, https:\/\/mula.es\/web\/wp-content\/uploads\/2024\/07\/4-11.jpg 1080w\" sizes=\"(max-width: 300px) 100vw, 300px\" \/><\/a> <a href=\"https:\/\/mula.es\/web\/wp-content\/uploads\/2024\/07\/5-6.jpg\"><img decoding=\"async\" data-attachment-id=\"54924\" data-permalink=\"https:\/\/mula.es\/web\/cultura-el-iv-festival-y-concurso-internacional-de-guitarra-ciudad-de-mula-culmina-con-exito\/5-26\/\" data-orig-file=\"https:\/\/mula.es\/web\/wp-content\/uploads\/2024\/07\/5-6.jpg\" data-orig-size=\"1080,1080\" data-comments-opened=\"0\" data-image-meta=\"{&quot;aperture&quot;:&quot;0&quot;,&quot;credit&quot;:&quot;&quot;,&quot;camera&quot;:&quot;&quot;,&quot;caption&quot;:&quot;&quot;,&quot;created_timestamp&quot;:&quot;0&quot;,&quot;copyright&quot;:&quot;&quot;,&quot;focal_length&quot;:&quot;0&quot;,&quot;iso&quot;:&quot;0&quot;,&quot;shutter_speed&quot;:&quot;0&quot;,&quot;title&quot;:&quot;&quot;,&quot;orientation&quot;:&quot;1&quot;}\" data-image-title=\"5\" data-image-description=\"\" data-image-caption=\"\" data-large-file=\"https:\/\/mula.es\/web\/wp-content\/uploads\/2024\/07\/5-6-1024x1024.jpg\" class=\"alignnone size-medium wp-image-54924\" src=\"https:\/\/mula.es\/web\/wp-content\/uploads\/2024\/07\/5-6-300x300.jpg\" alt=\"\" width=\"300\" height=\"300\" srcset=\"https:\/\/mula.es\/web\/wp-content\/uploads\/2024\/07\/5-6-66x66.jpg 66w, https:\/\/mula.es\/web\/wp-content\/uploads\/2024\/07\/5-6-150x150.jpg 150w, https:\/\/mula.es\/web\/wp-content\/uploads\/2024\/07\/5-6-200x200.jpg 200w, https:\/\/mula.es\/web\/wp-content\/uploads\/2024\/07\/5-6-300x300.jpg 300w, https:\/\/mula.es\/web\/wp-content\/uploads\/2024\/07\/5-6-400x400.jpg 400w, https:\/\/mula.es\/web\/wp-content\/uploads\/2024\/07\/5-6-600x600.jpg 600w, https:\/\/mula.es\/web\/wp-content\/uploads\/2024\/07\/5-6-768x768.jpg 768w, https:\/\/mula.es\/web\/wp-content\/uploads\/2024\/07\/5-6-800x800.jpg 800w, https:\/\/mula.es\/web\/wp-content\/uploads\/2024\/07\/5-6-1024x1024.jpg 1024w, https:\/\/mula.es\/web\/wp-content\/uploads\/2024\/07\/5-6.jpg 1080w\" sizes=\"(max-width: 300px) 100vw, 300px\" \/><\/a> <a href=\"https:\/\/mula.es\/web\/wp-content\/uploads\/2024\/07\/6-6.jpg\"><img decoding=\"async\" data-attachment-id=\"54925\" data-permalink=\"https:\/\/mula.es\/web\/cultura-el-iv-festival-y-concurso-internacional-de-guitarra-ciudad-de-mula-culmina-con-exito\/6-15\/\" data-orig-file=\"https:\/\/mula.es\/web\/wp-content\/uploads\/2024\/07\/6-6.jpg\" data-orig-size=\"1080,1080\" data-comments-opened=\"0\" data-image-meta=\"{&quot;aperture&quot;:&quot;0&quot;,&quot;credit&quot;:&quot;&quot;,&quot;camera&quot;:&quot;&quot;,&quot;caption&quot;:&quot;&quot;,&quot;created_timestamp&quot;:&quot;0&quot;,&quot;copyright&quot;:&quot;&quot;,&quot;focal_length&quot;:&quot;0&quot;,&quot;iso&quot;:&quot;0&quot;,&quot;shutter_speed&quot;:&quot;0&quot;,&quot;title&quot;:&quot;&quot;,&quot;orientation&quot;:&quot;1&quot;}\" data-image-title=\"6\" data-image-description=\"\" data-image-caption=\"\" data-large-file=\"https:\/\/mula.es\/web\/wp-content\/uploads\/2024\/07\/6-6-1024x1024.jpg\" class=\"alignnone size-medium wp-image-54925\" src=\"https:\/\/mula.es\/web\/wp-content\/uploads\/2024\/07\/6-6-300x300.jpg\" alt=\"\" width=\"300\" height=\"300\" srcset=\"https:\/\/mula.es\/web\/wp-content\/uploads\/2024\/07\/6-6-66x66.jpg 66w, https:\/\/mula.es\/web\/wp-content\/uploads\/2024\/07\/6-6-150x150.jpg 150w, https:\/\/mula.es\/web\/wp-content\/uploads\/2024\/07\/6-6-200x200.jpg 200w, https:\/\/mula.es\/web\/wp-content\/uploads\/2024\/07\/6-6-300x300.jpg 300w, https:\/\/mula.es\/web\/wp-content\/uploads\/2024\/07\/6-6-400x400.jpg 400w, https:\/\/mula.es\/web\/wp-content\/uploads\/2024\/07\/6-6-600x600.jpg 600w, https:\/\/mula.es\/web\/wp-content\/uploads\/2024\/07\/6-6-768x768.jpg 768w, https:\/\/mula.es\/web\/wp-content\/uploads\/2024\/07\/6-6-800x800.jpg 800w, https:\/\/mula.es\/web\/wp-content\/uploads\/2024\/07\/6-6-1024x1024.jpg 1024w, https:\/\/mula.es\/web\/wp-content\/uploads\/2024\/07\/6-6.jpg 1080w\" sizes=\"(max-width: 300px) 100vw, 300px\" \/><\/a> <a href=\"https:\/\/mula.es\/web\/wp-content\/uploads\/2024\/07\/8-2.jpg\"><img decoding=\"async\" data-attachment-id=\"54926\" data-permalink=\"https:\/\/mula.es\/web\/cultura-el-iv-festival-y-concurso-internacional-de-guitarra-ciudad-de-mula-culmina-con-exito\/8-6\/\" data-orig-file=\"https:\/\/mula.es\/web\/wp-content\/uploads\/2024\/07\/8-2.jpg\" data-orig-size=\"1080,1080\" data-comments-opened=\"0\" data-image-meta=\"{&quot;aperture&quot;:&quot;0&quot;,&quot;credit&quot;:&quot;&quot;,&quot;camera&quot;:&quot;&quot;,&quot;caption&quot;:&quot;&quot;,&quot;created_timestamp&quot;:&quot;0&quot;,&quot;copyright&quot;:&quot;&quot;,&quot;focal_length&quot;:&quot;0&quot;,&quot;iso&quot;:&quot;0&quot;,&quot;shutter_speed&quot;:&quot;0&quot;,&quot;title&quot;:&quot;&quot;,&quot;orientation&quot;:&quot;1&quot;}\" data-image-title=\"8\" data-image-description=\"\" data-image-caption=\"\" data-large-file=\"https:\/\/mula.es\/web\/wp-content\/uploads\/2024\/07\/8-2-1024x1024.jpg\" class=\"alignnone size-medium wp-image-54926\" src=\"https:\/\/mula.es\/web\/wp-content\/uploads\/2024\/07\/8-2-300x300.jpg\" alt=\"\" width=\"300\" height=\"300\" srcset=\"https:\/\/mula.es\/web\/wp-content\/uploads\/2024\/07\/8-2-66x66.jpg 66w, https:\/\/mula.es\/web\/wp-content\/uploads\/2024\/07\/8-2-150x150.jpg 150w, https:\/\/mula.es\/web\/wp-content\/uploads\/2024\/07\/8-2-200x200.jpg 200w, https:\/\/mula.es\/web\/wp-content\/uploads\/2024\/07\/8-2-300x300.jpg 300w, https:\/\/mula.es\/web\/wp-content\/uploads\/2024\/07\/8-2-400x400.jpg 400w, https:\/\/mula.es\/web\/wp-content\/uploads\/2024\/07\/8-2-600x600.jpg 600w, https:\/\/mula.es\/web\/wp-content\/uploads\/2024\/07\/8-2-768x768.jpg 768w, https:\/\/mula.es\/web\/wp-content\/uploads\/2024\/07\/8-2-800x800.jpg 800w, https:\/\/mula.es\/web\/wp-content\/uploads\/2024\/07\/8-2-1024x1024.jpg 1024w, https:\/\/mula.es\/web\/wp-content\/uploads\/2024\/07\/8-2.jpg 1080w\" sizes=\"(max-width: 300px) 100vw, 300px\" \/><\/a><\/p>\n","protected":false},"excerpt":{"rendered":"<p>El IV Festival y Concurso Internacional de Guitarra Ciudad de Mula culmina con \u00e9xito &nbsp; Mula, 28 de julio de 2024 &#8211; El IV Festival y Concurso Internacional de Guitarra \u2018Ciudad de Mula\u2019 ha llegado a su fin con la gala de entrega de premios y un concierto de clausura de la mano de dos  [&#8230;]<\/p>\n","protected":false},"author":13,"featured_media":33512,"comment_status":"closed","ping_status":"closed","sticky":false,"template":"","format":"standard","meta":{"jetpack_post_was_ever_published":false,"_jetpack_newsletter_access":"","_jetpack_dont_email_post_to_subs":false,"_jetpack_newsletter_tier_id":0,"_jetpack_memberships_contains_paywalled_content":false,"_jetpack_memberships_contains_paid_content":false,"footnotes":"","jetpack_publicize_message":"","jetpack_publicize_feature_enabled":true,"jetpack_social_post_already_shared":false,"jetpack_social_options":{"image_generator_settings":{"template":"highway","default_image_id":0,"font":"","enabled":false},"version":2}},"categories":[97],"tags":[],"class_list":["post-54922","post","type-post","status-publish","format-standard","has-post-thumbnail","hentry","category-cultura"],"yoast_head":"<!-- This site is optimized with the Yoast SEO plugin v27.5 - https:\/\/yoast.com\/product\/yoast-seo-wordpress\/ -->\n<title>CULTURA | El IV Festival y Concurso Internacional de Guitarra Ciudad de Mula culmina con \u00e9xito - Ayuntamiento de Mula<\/title>\n<meta name=\"robots\" content=\"index, follow, max-snippet:-1, max-image-preview:large, max-video-preview:-1\" \/>\n<link rel=\"canonical\" href=\"https:\/\/mula.es\/web\/cultura-el-iv-festival-y-concurso-internacional-de-guitarra-ciudad-de-mula-culmina-con-exito\/\" \/>\n<meta property=\"og:locale\" content=\"es_ES\" \/>\n<meta property=\"og:type\" content=\"article\" \/>\n<meta property=\"og:title\" content=\"CULTURA | El IV Festival y Concurso Internacional de Guitarra Ciudad de Mula culmina con \u00e9xito - Ayuntamiento de Mula\" \/>\n<meta property=\"og:description\" content=\"El IV Festival y Concurso Internacional de Guitarra Ciudad de Mula culmina con \u00e9xito &nbsp; Mula, 28 de julio de 2024 &#8211; El IV Festival y Concurso Internacional de Guitarra \u2018Ciudad de Mula\u2019 ha llegado a su fin con la gala de entrega de premios y un concierto de clausura de la mano de dos [...]\" \/>\n<meta property=\"og:url\" content=\"https:\/\/mula.es\/web\/cultura-el-iv-festival-y-concurso-internacional-de-guitarra-ciudad-de-mula-culmina-con-exito\/\" \/>\n<meta property=\"og:site_name\" content=\"Ayuntamiento de Mula\" \/>\n<meta property=\"article:published_time\" content=\"2024-07-28T08:21:43+00:00\" \/>\n<meta property=\"og:image\" content=\"https:\/\/mula.es\/web\/wp-content\/uploads\/2020\/06\/escudo-cuadrado-e1591045058235.jpg\" \/>\n\t<meta property=\"og:image:width\" content=\"200\" \/>\n\t<meta property=\"og:image:height\" content=\"218\" \/>\n\t<meta property=\"og:image:type\" content=\"image\/jpeg\" \/>\n<meta name=\"author\" content=\"Laura Salas Orcajada\" \/>\n<meta name=\"twitter:card\" content=\"summary_large_image\" \/>\n<meta name=\"twitter:creator\" content=\"@AyuntamientMula\" \/>\n<meta name=\"twitter:site\" content=\"@AyuntamientMula\" \/>\n<meta name=\"twitter:label1\" content=\"Escrito por\" \/>\n\t<meta name=\"twitter:data1\" content=\"Laura Salas Orcajada\" \/>\n\t<meta name=\"twitter:label2\" content=\"Tiempo de lectura\" \/>\n\t<meta name=\"twitter:data2\" content=\"4 minutos\" \/>\n<script type=\"application\/ld+json\" class=\"yoast-schema-graph\">{\"@context\":\"https:\\\/\\\/schema.org\",\"@graph\":[{\"@type\":\"Article\",\"@id\":\"https:\\\/\\\/mula.es\\\/web\\\/cultura-el-iv-festival-y-concurso-internacional-de-guitarra-ciudad-de-mula-culmina-con-exito\\\/#article\",\"isPartOf\":{\"@id\":\"https:\\\/\\\/mula.es\\\/web\\\/cultura-el-iv-festival-y-concurso-internacional-de-guitarra-ciudad-de-mula-culmina-con-exito\\\/\"},\"author\":{\"name\":\"Laura Salas Orcajada\",\"@id\":\"https:\\\/\\\/mula.es\\\/web\\\/#\\\/schema\\\/person\\\/4f10179bd364f40dceed361e61e4033f\"},\"headline\":\"CULTURA | El IV Festival y Concurso Internacional de Guitarra Ciudad de Mula culmina con \u00e9xito\",\"datePublished\":\"2024-07-28T08:21:43+00:00\",\"mainEntityOfPage\":{\"@id\":\"https:\\\/\\\/mula.es\\\/web\\\/cultura-el-iv-festival-y-concurso-internacional-de-guitarra-ciudad-de-mula-culmina-con-exito\\\/\"},\"wordCount\":546,\"image\":{\"@id\":\"https:\\\/\\\/mula.es\\\/web\\\/cultura-el-iv-festival-y-concurso-internacional-de-guitarra-ciudad-de-mula-culmina-con-exito\\\/#primaryimage\"},\"thumbnailUrl\":\"https:\\\/\\\/mula.es\\\/web\\\/wp-content\\\/uploads\\\/2020\\\/06\\\/escudo-cuadrado-e1591045058235.jpg\",\"articleSection\":[\"cultura\"],\"inLanguage\":\"es\"},{\"@type\":\"WebPage\",\"@id\":\"https:\\\/\\\/mula.es\\\/web\\\/cultura-el-iv-festival-y-concurso-internacional-de-guitarra-ciudad-de-mula-culmina-con-exito\\\/\",\"url\":\"https:\\\/\\\/mula.es\\\/web\\\/cultura-el-iv-festival-y-concurso-internacional-de-guitarra-ciudad-de-mula-culmina-con-exito\\\/\",\"name\":\"CULTURA | El IV Festival y Concurso Internacional de Guitarra Ciudad de Mula culmina con \u00e9xito - Ayuntamiento de Mula\",\"isPartOf\":{\"@id\":\"https:\\\/\\\/mula.es\\\/web\\\/#website\"},\"primaryImageOfPage\":{\"@id\":\"https:\\\/\\\/mula.es\\\/web\\\/cultura-el-iv-festival-y-concurso-internacional-de-guitarra-ciudad-de-mula-culmina-con-exito\\\/#primaryimage\"},\"image\":{\"@id\":\"https:\\\/\\\/mula.es\\\/web\\\/cultura-el-iv-festival-y-concurso-internacional-de-guitarra-ciudad-de-mula-culmina-con-exito\\\/#primaryimage\"},\"thumbnailUrl\":\"https:\\\/\\\/mula.es\\\/web\\\/wp-content\\\/uploads\\\/2020\\\/06\\\/escudo-cuadrado-e1591045058235.jpg\",\"datePublished\":\"2024-07-28T08:21:43+00:00\",\"author\":{\"@id\":\"https:\\\/\\\/mula.es\\\/web\\\/#\\\/schema\\\/person\\\/4f10179bd364f40dceed361e61e4033f\"},\"breadcrumb\":{\"@id\":\"https:\\\/\\\/mula.es\\\/web\\\/cultura-el-iv-festival-y-concurso-internacional-de-guitarra-ciudad-de-mula-culmina-con-exito\\\/#breadcrumb\"},\"inLanguage\":\"es\",\"potentialAction\":[{\"@type\":\"ReadAction\",\"target\":[\"https:\\\/\\\/mula.es\\\/web\\\/cultura-el-iv-festival-y-concurso-internacional-de-guitarra-ciudad-de-mula-culmina-con-exito\\\/\"]}]},{\"@type\":\"ImageObject\",\"inLanguage\":\"es\",\"@id\":\"https:\\\/\\\/mula.es\\\/web\\\/cultura-el-iv-festival-y-concurso-internacional-de-guitarra-ciudad-de-mula-culmina-con-exito\\\/#primaryimage\",\"url\":\"https:\\\/\\\/mula.es\\\/web\\\/wp-content\\\/uploads\\\/2020\\\/06\\\/escudo-cuadrado-e1591045058235.jpg\",\"contentUrl\":\"https:\\\/\\\/mula.es\\\/web\\\/wp-content\\\/uploads\\\/2020\\\/06\\\/escudo-cuadrado-e1591045058235.jpg\",\"width\":200,\"height\":218},{\"@type\":\"BreadcrumbList\",\"@id\":\"https:\\\/\\\/mula.es\\\/web\\\/cultura-el-iv-festival-y-concurso-internacional-de-guitarra-ciudad-de-mula-culmina-con-exito\\\/#breadcrumb\",\"itemListElement\":[{\"@type\":\"ListItem\",\"position\":1,\"name\":\"Portada\",\"item\":\"https:\\\/\\\/mula.es\\\/web\\\/\"},{\"@type\":\"ListItem\",\"position\":2,\"name\":\"CULTURA | El IV Festival y Concurso Internacional de Guitarra Ciudad de Mula culmina con \u00e9xito\"}]},{\"@type\":\"WebSite\",\"@id\":\"https:\\\/\\\/mula.es\\\/web\\\/#website\",\"url\":\"https:\\\/\\\/mula.es\\\/web\\\/\",\"name\":\"Ayuntamiento de Mula\",\"description\":\"P\u00e1gina web del Ayuntamiento de Mula (Regi\u00f3n de Murcia)\",\"potentialAction\":[{\"@type\":\"SearchAction\",\"target\":{\"@type\":\"EntryPoint\",\"urlTemplate\":\"https:\\\/\\\/mula.es\\\/web\\\/?s={search_term_string}\"},\"query-input\":{\"@type\":\"PropertyValueSpecification\",\"valueRequired\":true,\"valueName\":\"search_term_string\"}}],\"inLanguage\":\"es\"},{\"@type\":\"Person\",\"@id\":\"https:\\\/\\\/mula.es\\\/web\\\/#\\\/schema\\\/person\\\/4f10179bd364f40dceed361e61e4033f\",\"name\":\"Laura Salas Orcajada\",\"image\":{\"@type\":\"ImageObject\",\"inLanguage\":\"es\",\"@id\":\"https:\\\/\\\/secure.gravatar.com\\\/avatar\\\/786f2a223d9a455e2a448f78b5dcc1117207ef56ef3d9a04df338c0f775cd403?s=96&d=mm&r=g\",\"url\":\"https:\\\/\\\/secure.gravatar.com\\\/avatar\\\/786f2a223d9a455e2a448f78b5dcc1117207ef56ef3d9a04df338c0f775cd403?s=96&d=mm&r=g\",\"contentUrl\":\"https:\\\/\\\/secure.gravatar.com\\\/avatar\\\/786f2a223d9a455e2a448f78b5dcc1117207ef56ef3d9a04df338c0f775cd403?s=96&d=mm&r=g\",\"caption\":\"Laura Salas Orcajada\"},\"url\":\"https:\\\/\\\/mula.es\\\/web\\\/author\\\/lsalas\\\/\"}]}<\/script>\n<!-- \/ Yoast SEO plugin. -->","yoast_head_json":{"title":"CULTURA | El IV Festival y Concurso Internacional de Guitarra Ciudad de Mula culmina con \u00e9xito - Ayuntamiento de Mula","robots":{"index":"index","follow":"follow","max-snippet":"max-snippet:-1","max-image-preview":"max-image-preview:large","max-video-preview":"max-video-preview:-1"},"canonical":"https:\/\/mula.es\/web\/cultura-el-iv-festival-y-concurso-internacional-de-guitarra-ciudad-de-mula-culmina-con-exito\/","og_locale":"es_ES","og_type":"article","og_title":"CULTURA | El IV Festival y Concurso Internacional de Guitarra Ciudad de Mula culmina con \u00e9xito - Ayuntamiento de Mula","og_description":"El IV Festival y Concurso Internacional de Guitarra Ciudad de Mula culmina con \u00e9xito &nbsp; Mula, 28 de julio de 2024 &#8211; El IV Festival y Concurso Internacional de Guitarra \u2018Ciudad de Mula\u2019 ha llegado a su fin con la gala de entrega de premios y un concierto de clausura de la mano de dos [...]","og_url":"https:\/\/mula.es\/web\/cultura-el-iv-festival-y-concurso-internacional-de-guitarra-ciudad-de-mula-culmina-con-exito\/","og_site_name":"Ayuntamiento de Mula","article_published_time":"2024-07-28T08:21:43+00:00","og_image":[{"width":200,"height":218,"url":"https:\/\/mula.es\/web\/wp-content\/uploads\/2020\/06\/escudo-cuadrado-e1591045058235.jpg","type":"image\/jpeg"}],"author":"Laura Salas Orcajada","twitter_card":"summary_large_image","twitter_creator":"@AyuntamientMula","twitter_site":"@AyuntamientMula","twitter_misc":{"Escrito por":"Laura Salas Orcajada","Tiempo de lectura":"4 minutos"},"schema":{"@context":"https:\/\/schema.org","@graph":[{"@type":"Article","@id":"https:\/\/mula.es\/web\/cultura-el-iv-festival-y-concurso-internacional-de-guitarra-ciudad-de-mula-culmina-con-exito\/#article","isPartOf":{"@id":"https:\/\/mula.es\/web\/cultura-el-iv-festival-y-concurso-internacional-de-guitarra-ciudad-de-mula-culmina-con-exito\/"},"author":{"name":"Laura Salas Orcajada","@id":"https:\/\/mula.es\/web\/#\/schema\/person\/4f10179bd364f40dceed361e61e4033f"},"headline":"CULTURA | El IV Festival y Concurso Internacional de Guitarra Ciudad de Mula culmina con \u00e9xito","datePublished":"2024-07-28T08:21:43+00:00","mainEntityOfPage":{"@id":"https:\/\/mula.es\/web\/cultura-el-iv-festival-y-concurso-internacional-de-guitarra-ciudad-de-mula-culmina-con-exito\/"},"wordCount":546,"image":{"@id":"https:\/\/mula.es\/web\/cultura-el-iv-festival-y-concurso-internacional-de-guitarra-ciudad-de-mula-culmina-con-exito\/#primaryimage"},"thumbnailUrl":"https:\/\/mula.es\/web\/wp-content\/uploads\/2020\/06\/escudo-cuadrado-e1591045058235.jpg","articleSection":["cultura"],"inLanguage":"es"},{"@type":"WebPage","@id":"https:\/\/mula.es\/web\/cultura-el-iv-festival-y-concurso-internacional-de-guitarra-ciudad-de-mula-culmina-con-exito\/","url":"https:\/\/mula.es\/web\/cultura-el-iv-festival-y-concurso-internacional-de-guitarra-ciudad-de-mula-culmina-con-exito\/","name":"CULTURA | El IV Festival y Concurso Internacional de Guitarra Ciudad de Mula culmina con \u00e9xito - Ayuntamiento de Mula","isPartOf":{"@id":"https:\/\/mula.es\/web\/#website"},"primaryImageOfPage":{"@id":"https:\/\/mula.es\/web\/cultura-el-iv-festival-y-concurso-internacional-de-guitarra-ciudad-de-mula-culmina-con-exito\/#primaryimage"},"image":{"@id":"https:\/\/mula.es\/web\/cultura-el-iv-festival-y-concurso-internacional-de-guitarra-ciudad-de-mula-culmina-con-exito\/#primaryimage"},"thumbnailUrl":"https:\/\/mula.es\/web\/wp-content\/uploads\/2020\/06\/escudo-cuadrado-e1591045058235.jpg","datePublished":"2024-07-28T08:21:43+00:00","author":{"@id":"https:\/\/mula.es\/web\/#\/schema\/person\/4f10179bd364f40dceed361e61e4033f"},"breadcrumb":{"@id":"https:\/\/mula.es\/web\/cultura-el-iv-festival-y-concurso-internacional-de-guitarra-ciudad-de-mula-culmina-con-exito\/#breadcrumb"},"inLanguage":"es","potentialAction":[{"@type":"ReadAction","target":["https:\/\/mula.es\/web\/cultura-el-iv-festival-y-concurso-internacional-de-guitarra-ciudad-de-mula-culmina-con-exito\/"]}]},{"@type":"ImageObject","inLanguage":"es","@id":"https:\/\/mula.es\/web\/cultura-el-iv-festival-y-concurso-internacional-de-guitarra-ciudad-de-mula-culmina-con-exito\/#primaryimage","url":"https:\/\/mula.es\/web\/wp-content\/uploads\/2020\/06\/escudo-cuadrado-e1591045058235.jpg","contentUrl":"https:\/\/mula.es\/web\/wp-content\/uploads\/2020\/06\/escudo-cuadrado-e1591045058235.jpg","width":200,"height":218},{"@type":"BreadcrumbList","@id":"https:\/\/mula.es\/web\/cultura-el-iv-festival-y-concurso-internacional-de-guitarra-ciudad-de-mula-culmina-con-exito\/#breadcrumb","itemListElement":[{"@type":"ListItem","position":1,"name":"Portada","item":"https:\/\/mula.es\/web\/"},{"@type":"ListItem","position":2,"name":"CULTURA | El IV Festival y Concurso Internacional de Guitarra Ciudad de Mula culmina con \u00e9xito"}]},{"@type":"WebSite","@id":"https:\/\/mula.es\/web\/#website","url":"https:\/\/mula.es\/web\/","name":"Ayuntamiento de Mula","description":"P\u00e1gina web del Ayuntamiento de Mula (Regi\u00f3n de Murcia)","potentialAction":[{"@type":"SearchAction","target":{"@type":"EntryPoint","urlTemplate":"https:\/\/mula.es\/web\/?s={search_term_string}"},"query-input":{"@type":"PropertyValueSpecification","valueRequired":true,"valueName":"search_term_string"}}],"inLanguage":"es"},{"@type":"Person","@id":"https:\/\/mula.es\/web\/#\/schema\/person\/4f10179bd364f40dceed361e61e4033f","name":"Laura Salas Orcajada","image":{"@type":"ImageObject","inLanguage":"es","@id":"https:\/\/secure.gravatar.com\/avatar\/786f2a223d9a455e2a448f78b5dcc1117207ef56ef3d9a04df338c0f775cd403?s=96&d=mm&r=g","url":"https:\/\/secure.gravatar.com\/avatar\/786f2a223d9a455e2a448f78b5dcc1117207ef56ef3d9a04df338c0f775cd403?s=96&d=mm&r=g","contentUrl":"https:\/\/secure.gravatar.com\/avatar\/786f2a223d9a455e2a448f78b5dcc1117207ef56ef3d9a04df338c0f775cd403?s=96&d=mm&r=g","caption":"Laura Salas Orcajada"},"url":"https:\/\/mula.es\/web\/author\/lsalas\/"}]}},"jetpack_publicize_connections":[],"jetpack_featured_media_url":"https:\/\/mula.es\/web\/wp-content\/uploads\/2020\/06\/escudo-cuadrado-e1591045058235.jpg","jetpack_sharing_enabled":true,"jetpack_shortlink":"https:\/\/wp.me\/pa9DMY-ehQ","jetpack-related-posts":[],"_links":{"self":[{"href":"https:\/\/mula.es\/web\/wp-json\/wp\/v2\/posts\/54922","targetHints":{"allow":["GET"]}}],"collection":[{"href":"https:\/\/mula.es\/web\/wp-json\/wp\/v2\/posts"}],"about":[{"href":"https:\/\/mula.es\/web\/wp-json\/wp\/v2\/types\/post"}],"author":[{"embeddable":true,"href":"https:\/\/mula.es\/web\/wp-json\/wp\/v2\/users\/13"}],"replies":[{"embeddable":true,"href":"https:\/\/mula.es\/web\/wp-json\/wp\/v2\/comments?post=54922"}],"version-history":[{"count":1,"href":"https:\/\/mula.es\/web\/wp-json\/wp\/v2\/posts\/54922\/revisions"}],"predecessor-version":[{"id":54927,"href":"https:\/\/mula.es\/web\/wp-json\/wp\/v2\/posts\/54922\/revisions\/54927"}],"wp:featuredmedia":[{"embeddable":true,"href":"https:\/\/mula.es\/web\/wp-json\/wp\/v2\/media\/33512"}],"wp:attachment":[{"href":"https:\/\/mula.es\/web\/wp-json\/wp\/v2\/media?parent=54922"}],"wp:term":[{"taxonomy":"category","embeddable":true,"href":"https:\/\/mula.es\/web\/wp-json\/wp\/v2\/categories?post=54922"},{"taxonomy":"post_tag","embeddable":true,"href":"https:\/\/mula.es\/web\/wp-json\/wp\/v2\/tags?post=54922"}],"curies":[{"name":"wp","href":"https:\/\/api.w.org\/{rel}","templated":true}]}}