{"id":54934,"date":"2024-07-29T09:40:29","date_gmt":"2024-07-29T07:40:29","guid":{"rendered":"https:\/\/mula.es\/web\/?p=54934"},"modified":"2024-07-29T11:18:48","modified_gmt":"2024-07-29T09:18:48","slug":"educacion-reunion-del-alcalde-de-mula-con-el-consejero-de-educacion","status":"publish","type":"post","link":"https:\/\/mula.es\/web\/educacion-reunion-del-alcalde-de-mula-con-el-consejero-de-educacion\/","title":{"rendered":"EDUCACI\u00d3N | Reuni\u00f3n del alcalde de Mula con el consejero de Educaci\u00f3n"},"content":{"rendered":"<p>&nbsp;<\/p>\n<p><strong>Reuni\u00f3n del alcalde de Mula con el consejero de Educaci\u00f3n <\/strong><\/p>\n<p>&nbsp;<\/p>\n<p><strong>Mula, 29 de julio de 2024<\/strong> \u2013 El alcalde de Mula, Juan Jes\u00fas Moreno, se ha reunido con el consejero de Educaci\u00f3n y Formaci\u00f3n Profesional, V\u00edctor Javier Mar\u00edn Navarro, para abordar diversas cuestiones relativas a la educaci\u00f3n en Mula. Durante el encuentro, se trataron tanto aspectos relacionados con infraestructuras educativas y con los programas educativos.<\/p>\n<p>&nbsp;<\/p>\n<p>El alcalde expuso la necesidad de implementar el Plan Sombra en el CEIP Florentino Bayona y el CEIP La Pur\u00edsima de Y\u00e9char para proporcionar sombraje en estos centros educativos. Adem\u00e1s, se solicitaron otras cuestiones que tambi\u00e9n son competencias de la Consejer\u00eda, como el vallado del CEIP Anita Arnao y la mejora de infraestructuras en el IES Ortega y Rubio, incluyendo la reposici\u00f3n de arbolado quemado y el arreglo de la pista.<\/p>\n<p>&nbsp;<\/p>\n<p>Tambi\u00e9n el consejero coment\u00f3 con el alcalde que el CAI de La Casita pasar\u00eda a ser una Escuela Municipal Infantil (EMI) en las pr\u00f3ximos d\u00edas, algo que supone la educaci\u00f3n infantil gratuita en el centro una vez que administrativamente se cumplan todos los requisitos.<\/p>\n<p>&nbsp;<\/p>\n<p>En la reuni\u00f3n tambi\u00e9n se habl\u00f3 sobre la implementaci\u00f3n del servicio de comedor en el colegio de Y\u00e9char y la importancia de establecer m\u00f3dulos de Formaci\u00f3n Profesional en el Instituto Ribera de los Molinos, enfocados en oficios como electricistas, carpinteros y fontaneros. El alcalde destac\u00f3 que estos m\u00f3dulos no solo cubrir\u00edan una necesidad laboral actual, sino que tambi\u00e9n ofrecer\u00edan oportunidades educativas en un centro referente comarcal como es el Ribera de los Molinos.<\/p>\n<p>&nbsp;<\/p>\n<p>Asimismo, se abordaron los problemas estructurales del colegio Nuestra Se\u00f1ora del Rosario de Fuente Librilla, donde se est\u00e1 llevando a cabo la retirada del tejado de amianto. El alcalde hizo hincapi\u00e9 en la importancia de que no se repitan los problemas de transporte escolar del a\u00f1o pasado durante el mes de septiembre, asegurando un servicio eficiente y seguro para los estudiantes.<\/p>\n<p><em>\u00a0<\/em><\/p>\n<p><em>\u00abEs fundamental que nuestros centros educativos cuenten con las infraestructuras adecuadas y los programas necesarios para ofrecer una educaci\u00f3n de calidad a nuestros j\u00f3venes. Seguiremos ofreciendo toda la colaboraci\u00f3n para trabajar junto a la Consejer\u00eda de Educaci\u00f3n para asegurar que se atiendan estas necesidades\u00bb,<\/em> afirm\u00f3 el alcalde Juan Jes\u00fas Moreno.<\/p>\n<p>&nbsp;<\/p>\n<p>En representaci\u00f3n del Ayuntamiento de Mula, el alcalde reiter\u00f3 su compromiso con la mejora de las condiciones educativas en la localidad y expres\u00f3 su deseo de que las reivindicaciones presentadas sean atendidas con la celeridad necesaria.<\/p>\n<p><a href=\"https:\/\/mula.es\/web\/wp-content\/uploads\/2024\/07\/EDUCACION-1.jpg\"><img decoding=\"async\" data-attachment-id=\"54935\" data-permalink=\"https:\/\/mula.es\/web\/educacion-reunion-del-alcalde-de-mula-con-el-consejero-de-educacion\/educacion-1\/\" data-orig-file=\"https:\/\/mula.es\/web\/wp-content\/uploads\/2024\/07\/EDUCACION-1.jpg\" data-orig-size=\"1080,1080\" data-comments-opened=\"0\" data-image-meta=\"{&quot;aperture&quot;:&quot;0&quot;,&quot;credit&quot;:&quot;&quot;,&quot;camera&quot;:&quot;&quot;,&quot;caption&quot;:&quot;&quot;,&quot;created_timestamp&quot;:&quot;0&quot;,&quot;copyright&quot;:&quot;&quot;,&quot;focal_length&quot;:&quot;0&quot;,&quot;iso&quot;:&quot;0&quot;,&quot;shutter_speed&quot;:&quot;0&quot;,&quot;title&quot;:&quot;&quot;,&quot;orientation&quot;:&quot;1&quot;}\" data-image-title=\"EDUCACIO\u0301N (1)\" data-image-description=\"\" data-image-caption=\"\" data-large-file=\"https:\/\/mula.es\/web\/wp-content\/uploads\/2024\/07\/EDUCACION-1-1024x1024.jpg\" class=\"alignnone size-medium wp-image-54935\" src=\"https:\/\/mula.es\/web\/wp-content\/uploads\/2024\/07\/EDUCACION-1-300x300.jpg\" alt=\"\" width=\"300\" height=\"300\" srcset=\"https:\/\/mula.es\/web\/wp-content\/uploads\/2024\/07\/EDUCACION-1-66x66.jpg 66w, https:\/\/mula.es\/web\/wp-content\/uploads\/2024\/07\/EDUCACION-1-150x150.jpg 150w, https:\/\/mula.es\/web\/wp-content\/uploads\/2024\/07\/EDUCACION-1-200x200.jpg 200w, https:\/\/mula.es\/web\/wp-content\/uploads\/2024\/07\/EDUCACION-1-300x300.jpg 300w, https:\/\/mula.es\/web\/wp-content\/uploads\/2024\/07\/EDUCACION-1-400x400.jpg 400w, https:\/\/mula.es\/web\/wp-content\/uploads\/2024\/07\/EDUCACION-1-600x600.jpg 600w, https:\/\/mula.es\/web\/wp-content\/uploads\/2024\/07\/EDUCACION-1-768x768.jpg 768w, https:\/\/mula.es\/web\/wp-content\/uploads\/2024\/07\/EDUCACION-1-800x800.jpg 800w, https:\/\/mula.es\/web\/wp-content\/uploads\/2024\/07\/EDUCACION-1-1024x1024.jpg 1024w, https:\/\/mula.es\/web\/wp-content\/uploads\/2024\/07\/EDUCACION-1.jpg 1080w\" sizes=\"(max-width: 300px) 100vw, 300px\" \/><\/a><\/p>\n","protected":false},"excerpt":{"rendered":"<p>&nbsp; Reuni\u00f3n del alcalde de Mula con el consejero de Educaci\u00f3n &nbsp; Mula, 29 de julio de 2024 \u2013 El alcalde de Mula, Juan Jes\u00fas Moreno, se ha reunido con el consejero de Educaci\u00f3n y Formaci\u00f3n Profesional, V\u00edctor Javier Mar\u00edn Navarro, para abordar diversas cuestiones relativas a la educaci\u00f3n en Mula. Durante el encuentro, se  [&#8230;]<\/p>\n","protected":false},"author":13,"featured_media":33512,"comment_status":"closed","ping_status":"closed","sticky":false,"template":"","format":"standard","meta":{"jetpack_post_was_ever_published":false,"_jetpack_newsletter_access":"","_jetpack_dont_email_post_to_subs":false,"_jetpack_newsletter_tier_id":0,"_jetpack_memberships_contains_paywalled_content":false,"_jetpack_memberships_contains_paid_content":false,"footnotes":"","jetpack_publicize_message":"","jetpack_publicize_feature_enabled":true,"jetpack_social_post_already_shared":false,"jetpack_social_options":{"image_generator_settings":{"template":"highway","default_image_id":0,"font":"","enabled":false},"version":2}},"categories":[127,89],"tags":[],"class_list":["post-54934","post","type-post","status-publish","format-standard","has-post-thumbnail","hentry","category-alcalde","category-educacion"],"yoast_head":"<!-- This site is optimized with the Yoast SEO plugin v27.5 - https:\/\/yoast.com\/product\/yoast-seo-wordpress\/ -->\n<title>EDUCACI\u00d3N | Reuni\u00f3n del alcalde de Mula con el consejero de Educaci\u00f3n - Ayuntamiento de Mula<\/title>\n<meta name=\"robots\" content=\"index, follow, max-snippet:-1, max-image-preview:large, max-video-preview:-1\" \/>\n<link rel=\"canonical\" href=\"https:\/\/mula.es\/web\/educacion-reunion-del-alcalde-de-mula-con-el-consejero-de-educacion\/\" \/>\n<meta property=\"og:locale\" content=\"es_ES\" \/>\n<meta property=\"og:type\" content=\"article\" \/>\n<meta property=\"og:title\" content=\"EDUCACI\u00d3N | Reuni\u00f3n del alcalde de Mula con el consejero de Educaci\u00f3n - Ayuntamiento de Mula\" \/>\n<meta property=\"og:description\" content=\"&nbsp; Reuni\u00f3n del alcalde de Mula con el consejero de Educaci\u00f3n &nbsp; Mula, 29 de julio de 2024 \u2013 El alcalde de Mula, Juan Jes\u00fas Moreno, se ha reunido con el consejero de Educaci\u00f3n y Formaci\u00f3n Profesional, V\u00edctor Javier Mar\u00edn Navarro, para abordar diversas cuestiones relativas a la educaci\u00f3n en Mula. Durante el encuentro, se [...]\" \/>\n<meta property=\"og:url\" content=\"https:\/\/mula.es\/web\/educacion-reunion-del-alcalde-de-mula-con-el-consejero-de-educacion\/\" \/>\n<meta property=\"og:site_name\" content=\"Ayuntamiento de Mula\" \/>\n<meta property=\"article:published_time\" content=\"2024-07-29T07:40:29+00:00\" \/>\n<meta property=\"article:modified_time\" content=\"2024-07-29T09:18:48+00:00\" \/>\n<meta property=\"og:image\" content=\"https:\/\/mula.es\/web\/wp-content\/uploads\/2020\/06\/escudo-cuadrado-e1591045058235.jpg\" \/>\n\t<meta property=\"og:image:width\" content=\"200\" \/>\n\t<meta property=\"og:image:height\" content=\"218\" \/>\n\t<meta property=\"og:image:type\" content=\"image\/jpeg\" \/>\n<meta name=\"author\" content=\"Laura Salas Orcajada\" \/>\n<meta name=\"twitter:card\" content=\"summary_large_image\" \/>\n<meta name=\"twitter:creator\" content=\"@AyuntamientMula\" \/>\n<meta name=\"twitter:site\" content=\"@AyuntamientMula\" \/>\n<meta name=\"twitter:label1\" content=\"Escrito por\" \/>\n\t<meta name=\"twitter:data1\" content=\"Laura Salas Orcajada\" \/>\n\t<meta name=\"twitter:label2\" content=\"Tiempo de lectura\" \/>\n\t<meta name=\"twitter:data2\" content=\"3 minutos\" \/>\n<script type=\"application\/ld+json\" class=\"yoast-schema-graph\">{\"@context\":\"https:\\\/\\\/schema.org\",\"@graph\":[{\"@type\":\"Article\",\"@id\":\"https:\\\/\\\/mula.es\\\/web\\\/educacion-reunion-del-alcalde-de-mula-con-el-consejero-de-educacion\\\/#article\",\"isPartOf\":{\"@id\":\"https:\\\/\\\/mula.es\\\/web\\\/educacion-reunion-del-alcalde-de-mula-con-el-consejero-de-educacion\\\/\"},\"author\":{\"name\":\"Laura Salas Orcajada\",\"@id\":\"https:\\\/\\\/mula.es\\\/web\\\/#\\\/schema\\\/person\\\/4f10179bd364f40dceed361e61e4033f\"},\"headline\":\"EDUCACI\u00d3N | Reuni\u00f3n del alcalde de Mula con el consejero de Educaci\u00f3n\",\"datePublished\":\"2024-07-29T07:40:29+00:00\",\"dateModified\":\"2024-07-29T09:18:48+00:00\",\"mainEntityOfPage\":{\"@id\":\"https:\\\/\\\/mula.es\\\/web\\\/educacion-reunion-del-alcalde-de-mula-con-el-consejero-de-educacion\\\/\"},\"wordCount\":456,\"image\":{\"@id\":\"https:\\\/\\\/mula.es\\\/web\\\/educacion-reunion-del-alcalde-de-mula-con-el-consejero-de-educacion\\\/#primaryimage\"},\"thumbnailUrl\":\"https:\\\/\\\/mula.es\\\/web\\\/wp-content\\\/uploads\\\/2020\\\/06\\\/escudo-cuadrado-e1591045058235.jpg\",\"articleSection\":[\"alcalde\",\"educaci\u00f3n\"],\"inLanguage\":\"es\"},{\"@type\":\"WebPage\",\"@id\":\"https:\\\/\\\/mula.es\\\/web\\\/educacion-reunion-del-alcalde-de-mula-con-el-consejero-de-educacion\\\/\",\"url\":\"https:\\\/\\\/mula.es\\\/web\\\/educacion-reunion-del-alcalde-de-mula-con-el-consejero-de-educacion\\\/\",\"name\":\"EDUCACI\u00d3N | Reuni\u00f3n del alcalde de Mula con el consejero de Educaci\u00f3n - Ayuntamiento de Mula\",\"isPartOf\":{\"@id\":\"https:\\\/\\\/mula.es\\\/web\\\/#website\"},\"primaryImageOfPage\":{\"@id\":\"https:\\\/\\\/mula.es\\\/web\\\/educacion-reunion-del-alcalde-de-mula-con-el-consejero-de-educacion\\\/#primaryimage\"},\"image\":{\"@id\":\"https:\\\/\\\/mula.es\\\/web\\\/educacion-reunion-del-alcalde-de-mula-con-el-consejero-de-educacion\\\/#primaryimage\"},\"thumbnailUrl\":\"https:\\\/\\\/mula.es\\\/web\\\/wp-content\\\/uploads\\\/2020\\\/06\\\/escudo-cuadrado-e1591045058235.jpg\",\"datePublished\":\"2024-07-29T07:40:29+00:00\",\"dateModified\":\"2024-07-29T09:18:48+00:00\",\"author\":{\"@id\":\"https:\\\/\\\/mula.es\\\/web\\\/#\\\/schema\\\/person\\\/4f10179bd364f40dceed361e61e4033f\"},\"breadcrumb\":{\"@id\":\"https:\\\/\\\/mula.es\\\/web\\\/educacion-reunion-del-alcalde-de-mula-con-el-consejero-de-educacion\\\/#breadcrumb\"},\"inLanguage\":\"es\",\"potentialAction\":[{\"@type\":\"ReadAction\",\"target\":[\"https:\\\/\\\/mula.es\\\/web\\\/educacion-reunion-del-alcalde-de-mula-con-el-consejero-de-educacion\\\/\"]}]},{\"@type\":\"ImageObject\",\"inLanguage\":\"es\",\"@id\":\"https:\\\/\\\/mula.es\\\/web\\\/educacion-reunion-del-alcalde-de-mula-con-el-consejero-de-educacion\\\/#primaryimage\",\"url\":\"https:\\\/\\\/mula.es\\\/web\\\/wp-content\\\/uploads\\\/2020\\\/06\\\/escudo-cuadrado-e1591045058235.jpg\",\"contentUrl\":\"https:\\\/\\\/mula.es\\\/web\\\/wp-content\\\/uploads\\\/2020\\\/06\\\/escudo-cuadrado-e1591045058235.jpg\",\"width\":200,\"height\":218},{\"@type\":\"BreadcrumbList\",\"@id\":\"https:\\\/\\\/mula.es\\\/web\\\/educacion-reunion-del-alcalde-de-mula-con-el-consejero-de-educacion\\\/#breadcrumb\",\"itemListElement\":[{\"@type\":\"ListItem\",\"position\":1,\"name\":\"Portada\",\"item\":\"https:\\\/\\\/mula.es\\\/web\\\/\"},{\"@type\":\"ListItem\",\"position\":2,\"name\":\"EDUCACI\u00d3N | Reuni\u00f3n del alcalde de Mula con el consejero de Educaci\u00f3n\"}]},{\"@type\":\"WebSite\",\"@id\":\"https:\\\/\\\/mula.es\\\/web\\\/#website\",\"url\":\"https:\\\/\\\/mula.es\\\/web\\\/\",\"name\":\"Ayuntamiento de Mula\",\"description\":\"P\u00e1gina web del Ayuntamiento de Mula (Regi\u00f3n de Murcia)\",\"potentialAction\":[{\"@type\":\"SearchAction\",\"target\":{\"@type\":\"EntryPoint\",\"urlTemplate\":\"https:\\\/\\\/mula.es\\\/web\\\/?s={search_term_string}\"},\"query-input\":{\"@type\":\"PropertyValueSpecification\",\"valueRequired\":true,\"valueName\":\"search_term_string\"}}],\"inLanguage\":\"es\"},{\"@type\":\"Person\",\"@id\":\"https:\\\/\\\/mula.es\\\/web\\\/#\\\/schema\\\/person\\\/4f10179bd364f40dceed361e61e4033f\",\"name\":\"Laura Salas Orcajada\",\"image\":{\"@type\":\"ImageObject\",\"inLanguage\":\"es\",\"@id\":\"https:\\\/\\\/secure.gravatar.com\\\/avatar\\\/786f2a223d9a455e2a448f78b5dcc1117207ef56ef3d9a04df338c0f775cd403?s=96&d=mm&r=g\",\"url\":\"https:\\\/\\\/secure.gravatar.com\\\/avatar\\\/786f2a223d9a455e2a448f78b5dcc1117207ef56ef3d9a04df338c0f775cd403?s=96&d=mm&r=g\",\"contentUrl\":\"https:\\\/\\\/secure.gravatar.com\\\/avatar\\\/786f2a223d9a455e2a448f78b5dcc1117207ef56ef3d9a04df338c0f775cd403?s=96&d=mm&r=g\",\"caption\":\"Laura Salas Orcajada\"},\"url\":\"https:\\\/\\\/mula.es\\\/web\\\/author\\\/lsalas\\\/\"}]}<\/script>\n<!-- \/ Yoast SEO plugin. -->","yoast_head_json":{"title":"EDUCACI\u00d3N | Reuni\u00f3n del alcalde de Mula con el consejero de Educaci\u00f3n - Ayuntamiento de Mula","robots":{"index":"index","follow":"follow","max-snippet":"max-snippet:-1","max-image-preview":"max-image-preview:large","max-video-preview":"max-video-preview:-1"},"canonical":"https:\/\/mula.es\/web\/educacion-reunion-del-alcalde-de-mula-con-el-consejero-de-educacion\/","og_locale":"es_ES","og_type":"article","og_title":"EDUCACI\u00d3N | Reuni\u00f3n del alcalde de Mula con el consejero de Educaci\u00f3n - Ayuntamiento de Mula","og_description":"&nbsp; Reuni\u00f3n del alcalde de Mula con el consejero de Educaci\u00f3n &nbsp; Mula, 29 de julio de 2024 \u2013 El alcalde de Mula, Juan Jes\u00fas Moreno, se ha reunido con el consejero de Educaci\u00f3n y Formaci\u00f3n Profesional, V\u00edctor Javier Mar\u00edn Navarro, para abordar diversas cuestiones relativas a la educaci\u00f3n en Mula. Durante el encuentro, se [...]","og_url":"https:\/\/mula.es\/web\/educacion-reunion-del-alcalde-de-mula-con-el-consejero-de-educacion\/","og_site_name":"Ayuntamiento de Mula","article_published_time":"2024-07-29T07:40:29+00:00","article_modified_time":"2024-07-29T09:18:48+00:00","og_image":[{"width":200,"height":218,"url":"https:\/\/mula.es\/web\/wp-content\/uploads\/2020\/06\/escudo-cuadrado-e1591045058235.jpg","type":"image\/jpeg"}],"author":"Laura Salas Orcajada","twitter_card":"summary_large_image","twitter_creator":"@AyuntamientMula","twitter_site":"@AyuntamientMula","twitter_misc":{"Escrito por":"Laura Salas Orcajada","Tiempo de lectura":"3 minutos"},"schema":{"@context":"https:\/\/schema.org","@graph":[{"@type":"Article","@id":"https:\/\/mula.es\/web\/educacion-reunion-del-alcalde-de-mula-con-el-consejero-de-educacion\/#article","isPartOf":{"@id":"https:\/\/mula.es\/web\/educacion-reunion-del-alcalde-de-mula-con-el-consejero-de-educacion\/"},"author":{"name":"Laura Salas Orcajada","@id":"https:\/\/mula.es\/web\/#\/schema\/person\/4f10179bd364f40dceed361e61e4033f"},"headline":"EDUCACI\u00d3N | Reuni\u00f3n del alcalde de Mula con el consejero de Educaci\u00f3n","datePublished":"2024-07-29T07:40:29+00:00","dateModified":"2024-07-29T09:18:48+00:00","mainEntityOfPage":{"@id":"https:\/\/mula.es\/web\/educacion-reunion-del-alcalde-de-mula-con-el-consejero-de-educacion\/"},"wordCount":456,"image":{"@id":"https:\/\/mula.es\/web\/educacion-reunion-del-alcalde-de-mula-con-el-consejero-de-educacion\/#primaryimage"},"thumbnailUrl":"https:\/\/mula.es\/web\/wp-content\/uploads\/2020\/06\/escudo-cuadrado-e1591045058235.jpg","articleSection":["alcalde","educaci\u00f3n"],"inLanguage":"es"},{"@type":"WebPage","@id":"https:\/\/mula.es\/web\/educacion-reunion-del-alcalde-de-mula-con-el-consejero-de-educacion\/","url":"https:\/\/mula.es\/web\/educacion-reunion-del-alcalde-de-mula-con-el-consejero-de-educacion\/","name":"EDUCACI\u00d3N | Reuni\u00f3n del alcalde de Mula con el consejero de Educaci\u00f3n - Ayuntamiento de Mula","isPartOf":{"@id":"https:\/\/mula.es\/web\/#website"},"primaryImageOfPage":{"@id":"https:\/\/mula.es\/web\/educacion-reunion-del-alcalde-de-mula-con-el-consejero-de-educacion\/#primaryimage"},"image":{"@id":"https:\/\/mula.es\/web\/educacion-reunion-del-alcalde-de-mula-con-el-consejero-de-educacion\/#primaryimage"},"thumbnailUrl":"https:\/\/mula.es\/web\/wp-content\/uploads\/2020\/06\/escudo-cuadrado-e1591045058235.jpg","datePublished":"2024-07-29T07:40:29+00:00","dateModified":"2024-07-29T09:18:48+00:00","author":{"@id":"https:\/\/mula.es\/web\/#\/schema\/person\/4f10179bd364f40dceed361e61e4033f"},"breadcrumb":{"@id":"https:\/\/mula.es\/web\/educacion-reunion-del-alcalde-de-mula-con-el-consejero-de-educacion\/#breadcrumb"},"inLanguage":"es","potentialAction":[{"@type":"ReadAction","target":["https:\/\/mula.es\/web\/educacion-reunion-del-alcalde-de-mula-con-el-consejero-de-educacion\/"]}]},{"@type":"ImageObject","inLanguage":"es","@id":"https:\/\/mula.es\/web\/educacion-reunion-del-alcalde-de-mula-con-el-consejero-de-educacion\/#primaryimage","url":"https:\/\/mula.es\/web\/wp-content\/uploads\/2020\/06\/escudo-cuadrado-e1591045058235.jpg","contentUrl":"https:\/\/mula.es\/web\/wp-content\/uploads\/2020\/06\/escudo-cuadrado-e1591045058235.jpg","width":200,"height":218},{"@type":"BreadcrumbList","@id":"https:\/\/mula.es\/web\/educacion-reunion-del-alcalde-de-mula-con-el-consejero-de-educacion\/#breadcrumb","itemListElement":[{"@type":"ListItem","position":1,"name":"Portada","item":"https:\/\/mula.es\/web\/"},{"@type":"ListItem","position":2,"name":"EDUCACI\u00d3N | Reuni\u00f3n del alcalde de Mula con el consejero de Educaci\u00f3n"}]},{"@type":"WebSite","@id":"https:\/\/mula.es\/web\/#website","url":"https:\/\/mula.es\/web\/","name":"Ayuntamiento de Mula","description":"P\u00e1gina web del Ayuntamiento de Mula (Regi\u00f3n de Murcia)","potentialAction":[{"@type":"SearchAction","target":{"@type":"EntryPoint","urlTemplate":"https:\/\/mula.es\/web\/?s={search_term_string}"},"query-input":{"@type":"PropertyValueSpecification","valueRequired":true,"valueName":"search_term_string"}}],"inLanguage":"es"},{"@type":"Person","@id":"https:\/\/mula.es\/web\/#\/schema\/person\/4f10179bd364f40dceed361e61e4033f","name":"Laura Salas Orcajada","image":{"@type":"ImageObject","inLanguage":"es","@id":"https:\/\/secure.gravatar.com\/avatar\/786f2a223d9a455e2a448f78b5dcc1117207ef56ef3d9a04df338c0f775cd403?s=96&d=mm&r=g","url":"https:\/\/secure.gravatar.com\/avatar\/786f2a223d9a455e2a448f78b5dcc1117207ef56ef3d9a04df338c0f775cd403?s=96&d=mm&r=g","contentUrl":"https:\/\/secure.gravatar.com\/avatar\/786f2a223d9a455e2a448f78b5dcc1117207ef56ef3d9a04df338c0f775cd403?s=96&d=mm&r=g","caption":"Laura Salas Orcajada"},"url":"https:\/\/mula.es\/web\/author\/lsalas\/"}]}},"jetpack_publicize_connections":[],"jetpack_featured_media_url":"https:\/\/mula.es\/web\/wp-content\/uploads\/2020\/06\/escudo-cuadrado-e1591045058235.jpg","jetpack_sharing_enabled":true,"jetpack_shortlink":"https:\/\/wp.me\/pa9DMY-ei2","jetpack-related-posts":[],"_links":{"self":[{"href":"https:\/\/mula.es\/web\/wp-json\/wp\/v2\/posts\/54934","targetHints":{"allow":["GET"]}}],"collection":[{"href":"https:\/\/mula.es\/web\/wp-json\/wp\/v2\/posts"}],"about":[{"href":"https:\/\/mula.es\/web\/wp-json\/wp\/v2\/types\/post"}],"author":[{"embeddable":true,"href":"https:\/\/mula.es\/web\/wp-json\/wp\/v2\/users\/13"}],"replies":[{"embeddable":true,"href":"https:\/\/mula.es\/web\/wp-json\/wp\/v2\/comments?post=54934"}],"version-history":[{"count":4,"href":"https:\/\/mula.es\/web\/wp-json\/wp\/v2\/posts\/54934\/revisions"}],"predecessor-version":[{"id":54939,"href":"https:\/\/mula.es\/web\/wp-json\/wp\/v2\/posts\/54934\/revisions\/54939"}],"wp:featuredmedia":[{"embeddable":true,"href":"https:\/\/mula.es\/web\/wp-json\/wp\/v2\/media\/33512"}],"wp:attachment":[{"href":"https:\/\/mula.es\/web\/wp-json\/wp\/v2\/media?parent=54934"}],"wp:term":[{"taxonomy":"category","embeddable":true,"href":"https:\/\/mula.es\/web\/wp-json\/wp\/v2\/categories?post=54934"},{"taxonomy":"post_tag","embeddable":true,"href":"https:\/\/mula.es\/web\/wp-json\/wp\/v2\/tags?post=54934"}],"curies":[{"name":"wp","href":"https:\/\/api.w.org\/{rel}","templated":true}]}}