{"id":54976,"date":"2024-07-31T11:24:31","date_gmt":"2024-07-31T09:24:31","guid":{"rendered":"https:\/\/mula.es\/web\/?p=54976"},"modified":"2024-08-29T14:18:01","modified_gmt":"2024-08-29T12:18:01","slug":"plan-corresponsables-entrega-de-diplomas-en-las-escuelas-de-verano-de-pedanias-agosto-2024","status":"publish","type":"post","link":"https:\/\/mula.es\/web\/plan-corresponsables-entrega-de-diplomas-en-las-escuelas-de-verano-de-pedanias-agosto-2024\/","title":{"rendered":"PLAN CORRESPONSABLES | Entrega de diplomas en las Escuelas de Verano de Pedan\u00edas Agosto 2024"},"content":{"rendered":"<p><strong>Entrega de diplomas en las Escuelas de Verano de Pedan\u00edas Agosto 2024<\/strong><\/p>\n<p><strong>Mula, 29 de agosto de 2024<\/strong> \u2013 Los concejales del equipo de gobierno del Ayuntamiento de Mula han visitado esta semana las escuelas de verano de las pedan\u00edas de Casas Nuevas, Fuente Librilla, La Puebla de Mula y Y\u00e9char para entregar los diplomas acreditativos de participaci\u00f3n a los ni\u00f1os y ni\u00f1as que han disfrutado de un mes de agosto lleno de actividades culturales, educativas y recreativas.<\/p>\n<p>&nbsp;<\/p>\n<p>Durante todo el mes, las escuelas de verano han ofrecido una amplia variedad de actividades dise\u00f1adas para fomentar la creatividad, el aprendizaje y el entretenimiento de los m\u00e1s peque\u00f1os. Los participantes han tenido la oportunidad de disfrutar de talleres, juegos, excursiones y actividades al aire libre que han hecho m\u00e1s llevadero el verano, contribuyendo al mismo tiempo a la conciliaci\u00f3n familiar y laboral de las familias residentes en las pedan\u00edas.<\/p>\n<p>&nbsp;<\/p>\n<p>Esta iniciativa no solo ha proporcionado un espacio seguro y divertido para los ni\u00f1os durante el mes de agosto, sino que tambi\u00e9n ha permitido a los j\u00f3venes aprender sobre las tradiciones y valores de las pedan\u00edas en las que residen.<\/p>\n<p>&nbsp;<\/p>\n<p>El Ayuntamiento de Mula agradece a todos los monitores y coordinadores que han participado en la organizaci\u00f3n de las actividades.<\/p>\n<p>&nbsp;<\/p>\n<p>Este proyecto, financiado por el Ministerio de Igualdad, Secretar\u00eda de Estado de Igualdad y para la Erradicaci\u00f3n de la Violencia de G\u00e9nero dentro del marco del Programa de Conciliaci\u00f3n Familiar desde la Igualdad de Hombres y Mujeres Mula 2022, enmarcado dentro del Plan Corresponsables, y en colaboraci\u00f3n con el Gobierno de la Comunidad Aut\u00f3noma de la Regi\u00f3n de Murcia, refuerza el compromiso del Ayuntamiento de Mula con la conciliaci\u00f3n, la igualdad y el desarrollo integral de los menores.<\/p>\n<p>&nbsp;<\/p>\n<p>El Ayuntamiento de Mula continuar\u00e1 trabajando para ofrecer actividades que fomenten el crecimiento personal y social de los m\u00e1s j\u00f3venes, y agradece la confianza de las familias en esta iniciativa que contribuye al bienestar y desarrollo de nuestros j\u00f3venes.<\/p>\n<p><a href=\"https:\/\/mula.es\/web\/wp-content\/uploads\/2024\/07\/1-24.jpg\"><img decoding=\"async\" data-attachment-id=\"55159\" data-permalink=\"https:\/\/mula.es\/web\/plan-corresponsables-entrega-de-diplomas-en-las-escuelas-de-verano-de-pedanias-agosto-2024\/1-93\/\" data-orig-file=\"https:\/\/mula.es\/web\/wp-content\/uploads\/2024\/07\/1-24.jpg\" data-orig-size=\"1080,1080\" data-comments-opened=\"0\" data-image-meta=\"{&quot;aperture&quot;:&quot;0&quot;,&quot;credit&quot;:&quot;&quot;,&quot;camera&quot;:&quot;&quot;,&quot;caption&quot;:&quot;&quot;,&quot;created_timestamp&quot;:&quot;0&quot;,&quot;copyright&quot;:&quot;&quot;,&quot;focal_length&quot;:&quot;0&quot;,&quot;iso&quot;:&quot;0&quot;,&quot;shutter_speed&quot;:&quot;0&quot;,&quot;title&quot;:&quot;&quot;,&quot;orientation&quot;:&quot;1&quot;}\" data-image-title=\"1\" data-image-description=\"\" data-image-caption=\"\" data-large-file=\"https:\/\/mula.es\/web\/wp-content\/uploads\/2024\/07\/1-24-1024x1024.jpg\" class=\"alignnone size-medium wp-image-55159\" src=\"https:\/\/mula.es\/web\/wp-content\/uploads\/2024\/07\/1-24-300x300.jpg\" alt=\"\" width=\"300\" height=\"300\" srcset=\"https:\/\/mula.es\/web\/wp-content\/uploads\/2024\/07\/1-24-66x66.jpg 66w, https:\/\/mula.es\/web\/wp-content\/uploads\/2024\/07\/1-24-150x150.jpg 150w, https:\/\/mula.es\/web\/wp-content\/uploads\/2024\/07\/1-24-200x200.jpg 200w, https:\/\/mula.es\/web\/wp-content\/uploads\/2024\/07\/1-24-300x300.jpg 300w, https:\/\/mula.es\/web\/wp-content\/uploads\/2024\/07\/1-24-400x400.jpg 400w, https:\/\/mula.es\/web\/wp-content\/uploads\/2024\/07\/1-24-600x600.jpg 600w, https:\/\/mula.es\/web\/wp-content\/uploads\/2024\/07\/1-24-768x768.jpg 768w, https:\/\/mula.es\/web\/wp-content\/uploads\/2024\/07\/1-24-800x800.jpg 800w, https:\/\/mula.es\/web\/wp-content\/uploads\/2024\/07\/1-24-1024x1024.jpg 1024w, https:\/\/mula.es\/web\/wp-content\/uploads\/2024\/07\/1-24.jpg 1080w\" sizes=\"(max-width: 300px) 100vw, 300px\" \/><\/a> <a href=\"https:\/\/mula.es\/web\/wp-content\/uploads\/2024\/07\/2-24.jpg\"><img decoding=\"async\" data-attachment-id=\"55160\" data-permalink=\"https:\/\/mula.es\/web\/plan-corresponsables-entrega-de-diplomas-en-las-escuelas-de-verano-de-pedanias-agosto-2024\/2-88\/\" data-orig-file=\"https:\/\/mula.es\/web\/wp-content\/uploads\/2024\/07\/2-24.jpg\" data-orig-size=\"1080,1080\" data-comments-opened=\"0\" data-image-meta=\"{&quot;aperture&quot;:&quot;0&quot;,&quot;credit&quot;:&quot;&quot;,&quot;camera&quot;:&quot;&quot;,&quot;caption&quot;:&quot;&quot;,&quot;created_timestamp&quot;:&quot;0&quot;,&quot;copyright&quot;:&quot;&quot;,&quot;focal_length&quot;:&quot;0&quot;,&quot;iso&quot;:&quot;0&quot;,&quot;shutter_speed&quot;:&quot;0&quot;,&quot;title&quot;:&quot;&quot;,&quot;orientation&quot;:&quot;1&quot;}\" data-image-title=\"2\" data-image-description=\"\" data-image-caption=\"\" data-large-file=\"https:\/\/mula.es\/web\/wp-content\/uploads\/2024\/07\/2-24-1024x1024.jpg\" class=\"alignnone size-medium wp-image-55160\" src=\"https:\/\/mula.es\/web\/wp-content\/uploads\/2024\/07\/2-24-300x300.jpg\" alt=\"\" width=\"300\" height=\"300\" srcset=\"https:\/\/mula.es\/web\/wp-content\/uploads\/2024\/07\/2-24-66x66.jpg 66w, https:\/\/mula.es\/web\/wp-content\/uploads\/2024\/07\/2-24-150x150.jpg 150w, https:\/\/mula.es\/web\/wp-content\/uploads\/2024\/07\/2-24-200x200.jpg 200w, https:\/\/mula.es\/web\/wp-content\/uploads\/2024\/07\/2-24-300x300.jpg 300w, https:\/\/mula.es\/web\/wp-content\/uploads\/2024\/07\/2-24-400x400.jpg 400w, https:\/\/mula.es\/web\/wp-content\/uploads\/2024\/07\/2-24-600x600.jpg 600w, https:\/\/mula.es\/web\/wp-content\/uploads\/2024\/07\/2-24-768x768.jpg 768w, https:\/\/mula.es\/web\/wp-content\/uploads\/2024\/07\/2-24-800x800.jpg 800w, https:\/\/mula.es\/web\/wp-content\/uploads\/2024\/07\/2-24-1024x1024.jpg 1024w, https:\/\/mula.es\/web\/wp-content\/uploads\/2024\/07\/2-24.jpg 1080w\" sizes=\"(max-width: 300px) 100vw, 300px\" \/><\/a> <a href=\"https:\/\/mula.es\/web\/wp-content\/uploads\/2024\/07\/3-20.jpg\"><img decoding=\"async\" data-attachment-id=\"55161\" data-permalink=\"https:\/\/mula.es\/web\/plan-corresponsables-entrega-de-diplomas-en-las-escuelas-de-verano-de-pedanias-agosto-2024\/3-78\/\" data-orig-file=\"https:\/\/mula.es\/web\/wp-content\/uploads\/2024\/07\/3-20.jpg\" data-orig-size=\"1080,1080\" data-comments-opened=\"0\" data-image-meta=\"{&quot;aperture&quot;:&quot;0&quot;,&quot;credit&quot;:&quot;&quot;,&quot;camera&quot;:&quot;&quot;,&quot;caption&quot;:&quot;&quot;,&quot;created_timestamp&quot;:&quot;0&quot;,&quot;copyright&quot;:&quot;&quot;,&quot;focal_length&quot;:&quot;0&quot;,&quot;iso&quot;:&quot;0&quot;,&quot;shutter_speed&quot;:&quot;0&quot;,&quot;title&quot;:&quot;&quot;,&quot;orientation&quot;:&quot;1&quot;}\" data-image-title=\"3\" data-image-description=\"\" data-image-caption=\"\" data-large-file=\"https:\/\/mula.es\/web\/wp-content\/uploads\/2024\/07\/3-20-1024x1024.jpg\" class=\"alignnone size-medium wp-image-55161\" src=\"https:\/\/mula.es\/web\/wp-content\/uploads\/2024\/07\/3-20-300x300.jpg\" alt=\"\" width=\"300\" height=\"300\" srcset=\"https:\/\/mula.es\/web\/wp-content\/uploads\/2024\/07\/3-20-66x66.jpg 66w, https:\/\/mula.es\/web\/wp-content\/uploads\/2024\/07\/3-20-150x150.jpg 150w, https:\/\/mula.es\/web\/wp-content\/uploads\/2024\/07\/3-20-200x200.jpg 200w, https:\/\/mula.es\/web\/wp-content\/uploads\/2024\/07\/3-20-300x300.jpg 300w, https:\/\/mula.es\/web\/wp-content\/uploads\/2024\/07\/3-20-400x400.jpg 400w, https:\/\/mula.es\/web\/wp-content\/uploads\/2024\/07\/3-20-600x600.jpg 600w, https:\/\/mula.es\/web\/wp-content\/uploads\/2024\/07\/3-20-768x768.jpg 768w, https:\/\/mula.es\/web\/wp-content\/uploads\/2024\/07\/3-20-800x800.jpg 800w, https:\/\/mula.es\/web\/wp-content\/uploads\/2024\/07\/3-20-1024x1024.jpg 1024w, https:\/\/mula.es\/web\/wp-content\/uploads\/2024\/07\/3-20.jpg 1080w\" sizes=\"(max-width: 300px) 100vw, 300px\" \/><\/a> <a href=\"https:\/\/mula.es\/web\/wp-content\/uploads\/2024\/07\/4-14.jpg\"><img decoding=\"async\" data-attachment-id=\"55162\" data-permalink=\"https:\/\/mula.es\/web\/plan-corresponsables-entrega-de-diplomas-en-las-escuelas-de-verano-de-pedanias-agosto-2024\/4-56\/\" data-orig-file=\"https:\/\/mula.es\/web\/wp-content\/uploads\/2024\/07\/4-14.jpg\" data-orig-size=\"1080,1080\" data-comments-opened=\"0\" data-image-meta=\"{&quot;aperture&quot;:&quot;0&quot;,&quot;credit&quot;:&quot;&quot;,&quot;camera&quot;:&quot;&quot;,&quot;caption&quot;:&quot;&quot;,&quot;created_timestamp&quot;:&quot;0&quot;,&quot;copyright&quot;:&quot;&quot;,&quot;focal_length&quot;:&quot;0&quot;,&quot;iso&quot;:&quot;0&quot;,&quot;shutter_speed&quot;:&quot;0&quot;,&quot;title&quot;:&quot;&quot;,&quot;orientation&quot;:&quot;1&quot;}\" data-image-title=\"4\" data-image-description=\"\" data-image-caption=\"\" data-large-file=\"https:\/\/mula.es\/web\/wp-content\/uploads\/2024\/07\/4-14-1024x1024.jpg\" class=\"alignnone size-medium wp-image-55162\" src=\"https:\/\/mula.es\/web\/wp-content\/uploads\/2024\/07\/4-14-300x300.jpg\" alt=\"\" width=\"300\" height=\"300\" srcset=\"https:\/\/mula.es\/web\/wp-content\/uploads\/2024\/07\/4-14-66x66.jpg 66w, https:\/\/mula.es\/web\/wp-content\/uploads\/2024\/07\/4-14-150x150.jpg 150w, https:\/\/mula.es\/web\/wp-content\/uploads\/2024\/07\/4-14-200x200.jpg 200w, https:\/\/mula.es\/web\/wp-content\/uploads\/2024\/07\/4-14-300x300.jpg 300w, https:\/\/mula.es\/web\/wp-content\/uploads\/2024\/07\/4-14-400x400.jpg 400w, https:\/\/mula.es\/web\/wp-content\/uploads\/2024\/07\/4-14-600x600.jpg 600w, https:\/\/mula.es\/web\/wp-content\/uploads\/2024\/07\/4-14-768x768.jpg 768w, https:\/\/mula.es\/web\/wp-content\/uploads\/2024\/07\/4-14-800x800.jpg 800w, https:\/\/mula.es\/web\/wp-content\/uploads\/2024\/07\/4-14-1024x1024.jpg 1024w, https:\/\/mula.es\/web\/wp-content\/uploads\/2024\/07\/4-14.jpg 1080w\" sizes=\"(max-width: 300px) 100vw, 300px\" \/><\/a> <a href=\"https:\/\/mula.es\/web\/wp-content\/uploads\/2024\/07\/5-7.jpg\"><img decoding=\"async\" data-attachment-id=\"55163\" data-permalink=\"https:\/\/mula.es\/web\/plan-corresponsables-entrega-de-diplomas-en-las-escuelas-de-verano-de-pedanias-agosto-2024\/5-29\/\" data-orig-file=\"https:\/\/mula.es\/web\/wp-content\/uploads\/2024\/07\/5-7.jpg\" data-orig-size=\"1080,1080\" data-comments-opened=\"0\" data-image-meta=\"{&quot;aperture&quot;:&quot;0&quot;,&quot;credit&quot;:&quot;&quot;,&quot;camera&quot;:&quot;&quot;,&quot;caption&quot;:&quot;&quot;,&quot;created_timestamp&quot;:&quot;0&quot;,&quot;copyright&quot;:&quot;&quot;,&quot;focal_length&quot;:&quot;0&quot;,&quot;iso&quot;:&quot;0&quot;,&quot;shutter_speed&quot;:&quot;0&quot;,&quot;title&quot;:&quot;&quot;,&quot;orientation&quot;:&quot;1&quot;}\" data-image-title=\"5\" data-image-description=\"\" data-image-caption=\"\" data-large-file=\"https:\/\/mula.es\/web\/wp-content\/uploads\/2024\/07\/5-7-1024x1024.jpg\" class=\"alignnone size-medium wp-image-55163\" src=\"https:\/\/mula.es\/web\/wp-content\/uploads\/2024\/07\/5-7-300x300.jpg\" alt=\"\" width=\"300\" height=\"300\" srcset=\"https:\/\/mula.es\/web\/wp-content\/uploads\/2024\/07\/5-7-66x66.jpg 66w, https:\/\/mula.es\/web\/wp-content\/uploads\/2024\/07\/5-7-150x150.jpg 150w, https:\/\/mula.es\/web\/wp-content\/uploads\/2024\/07\/5-7-200x200.jpg 200w, https:\/\/mula.es\/web\/wp-content\/uploads\/2024\/07\/5-7-300x300.jpg 300w, https:\/\/mula.es\/web\/wp-content\/uploads\/2024\/07\/5-7-400x400.jpg 400w, https:\/\/mula.es\/web\/wp-content\/uploads\/2024\/07\/5-7-600x600.jpg 600w, https:\/\/mula.es\/web\/wp-content\/uploads\/2024\/07\/5-7-768x768.jpg 768w, https:\/\/mula.es\/web\/wp-content\/uploads\/2024\/07\/5-7-800x800.jpg 800w, https:\/\/mula.es\/web\/wp-content\/uploads\/2024\/07\/5-7-1024x1024.jpg 1024w, https:\/\/mula.es\/web\/wp-content\/uploads\/2024\/07\/5-7.jpg 1080w\" sizes=\"(max-width: 300px) 100vw, 300px\" \/><\/a> <a href=\"https:\/\/mula.es\/web\/wp-content\/uploads\/2024\/07\/6-7.jpg\"><img decoding=\"async\" data-attachment-id=\"55164\" data-permalink=\"https:\/\/mula.es\/web\/plan-corresponsables-entrega-de-diplomas-en-las-escuelas-de-verano-de-pedanias-agosto-2024\/6-19\/\" data-orig-file=\"https:\/\/mula.es\/web\/wp-content\/uploads\/2024\/07\/6-7.jpg\" data-orig-size=\"1080,1080\" data-comments-opened=\"0\" data-image-meta=\"{&quot;aperture&quot;:&quot;0&quot;,&quot;credit&quot;:&quot;&quot;,&quot;camera&quot;:&quot;&quot;,&quot;caption&quot;:&quot;&quot;,&quot;created_timestamp&quot;:&quot;0&quot;,&quot;copyright&quot;:&quot;&quot;,&quot;focal_length&quot;:&quot;0&quot;,&quot;iso&quot;:&quot;0&quot;,&quot;shutter_speed&quot;:&quot;0&quot;,&quot;title&quot;:&quot;&quot;,&quot;orientation&quot;:&quot;1&quot;}\" data-image-title=\"6\" data-image-description=\"\" data-image-caption=\"\" data-large-file=\"https:\/\/mula.es\/web\/wp-content\/uploads\/2024\/07\/6-7-1024x1024.jpg\" class=\"alignnone size-medium wp-image-55164\" src=\"https:\/\/mula.es\/web\/wp-content\/uploads\/2024\/07\/6-7-300x300.jpg\" alt=\"\" width=\"300\" height=\"300\" srcset=\"https:\/\/mula.es\/web\/wp-content\/uploads\/2024\/07\/6-7-66x66.jpg 66w, https:\/\/mula.es\/web\/wp-content\/uploads\/2024\/07\/6-7-150x150.jpg 150w, https:\/\/mula.es\/web\/wp-content\/uploads\/2024\/07\/6-7-200x200.jpg 200w, https:\/\/mula.es\/web\/wp-content\/uploads\/2024\/07\/6-7-300x300.jpg 300w, https:\/\/mula.es\/web\/wp-content\/uploads\/2024\/07\/6-7-400x400.jpg 400w, https:\/\/mula.es\/web\/wp-content\/uploads\/2024\/07\/6-7-600x600.jpg 600w, https:\/\/mula.es\/web\/wp-content\/uploads\/2024\/07\/6-7-768x768.jpg 768w, https:\/\/mula.es\/web\/wp-content\/uploads\/2024\/07\/6-7-800x800.jpg 800w, https:\/\/mula.es\/web\/wp-content\/uploads\/2024\/07\/6-7-1024x1024.jpg 1024w, https:\/\/mula.es\/web\/wp-content\/uploads\/2024\/07\/6-7.jpg 1080w\" sizes=\"(max-width: 300px) 100vw, 300px\" \/><\/a> <a href=\"https:\/\/mula.es\/web\/wp-content\/uploads\/2024\/07\/7-4.jpg\"><img decoding=\"async\" data-attachment-id=\"55165\" data-permalink=\"https:\/\/mula.es\/web\/plan-corresponsables-entrega-de-diplomas-en-las-escuelas-de-verano-de-pedanias-agosto-2024\/7-14\/\" data-orig-file=\"https:\/\/mula.es\/web\/wp-content\/uploads\/2024\/07\/7-4.jpg\" data-orig-size=\"1080,1080\" data-comments-opened=\"0\" data-image-meta=\"{&quot;aperture&quot;:&quot;0&quot;,&quot;credit&quot;:&quot;&quot;,&quot;camera&quot;:&quot;&quot;,&quot;caption&quot;:&quot;&quot;,&quot;created_timestamp&quot;:&quot;0&quot;,&quot;copyright&quot;:&quot;&quot;,&quot;focal_length&quot;:&quot;0&quot;,&quot;iso&quot;:&quot;0&quot;,&quot;shutter_speed&quot;:&quot;0&quot;,&quot;title&quot;:&quot;&quot;,&quot;orientation&quot;:&quot;1&quot;}\" data-image-title=\"7\" data-image-description=\"\" data-image-caption=\"\" data-large-file=\"https:\/\/mula.es\/web\/wp-content\/uploads\/2024\/07\/7-4-1024x1024.jpg\" class=\"alignnone size-medium wp-image-55165\" src=\"https:\/\/mula.es\/web\/wp-content\/uploads\/2024\/07\/7-4-300x300.jpg\" alt=\"\" width=\"300\" height=\"300\" srcset=\"https:\/\/mula.es\/web\/wp-content\/uploads\/2024\/07\/7-4-66x66.jpg 66w, https:\/\/mula.es\/web\/wp-content\/uploads\/2024\/07\/7-4-150x150.jpg 150w, https:\/\/mula.es\/web\/wp-content\/uploads\/2024\/07\/7-4-200x200.jpg 200w, https:\/\/mula.es\/web\/wp-content\/uploads\/2024\/07\/7-4-300x300.jpg 300w, https:\/\/mula.es\/web\/wp-content\/uploads\/2024\/07\/7-4-400x400.jpg 400w, https:\/\/mula.es\/web\/wp-content\/uploads\/2024\/07\/7-4-600x600.jpg 600w, https:\/\/mula.es\/web\/wp-content\/uploads\/2024\/07\/7-4-768x768.jpg 768w, https:\/\/mula.es\/web\/wp-content\/uploads\/2024\/07\/7-4-800x800.jpg 800w, https:\/\/mula.es\/web\/wp-content\/uploads\/2024\/07\/7-4-1024x1024.jpg 1024w, https:\/\/mula.es\/web\/wp-content\/uploads\/2024\/07\/7-4.jpg 1080w\" sizes=\"(max-width: 300px) 100vw, 300px\" \/><\/a> <a href=\"https:\/\/mula.es\/web\/wp-content\/uploads\/2024\/07\/8-3.jpg\"><img decoding=\"async\" data-attachment-id=\"55166\" data-permalink=\"https:\/\/mula.es\/web\/plan-corresponsables-entrega-de-diplomas-en-las-escuelas-de-verano-de-pedanias-agosto-2024\/8-9\/\" data-orig-file=\"https:\/\/mula.es\/web\/wp-content\/uploads\/2024\/07\/8-3.jpg\" data-orig-size=\"1080,1080\" data-comments-opened=\"0\" data-image-meta=\"{&quot;aperture&quot;:&quot;0&quot;,&quot;credit&quot;:&quot;&quot;,&quot;camera&quot;:&quot;&quot;,&quot;caption&quot;:&quot;&quot;,&quot;created_timestamp&quot;:&quot;0&quot;,&quot;copyright&quot;:&quot;&quot;,&quot;focal_length&quot;:&quot;0&quot;,&quot;iso&quot;:&quot;0&quot;,&quot;shutter_speed&quot;:&quot;0&quot;,&quot;title&quot;:&quot;&quot;,&quot;orientation&quot;:&quot;1&quot;}\" data-image-title=\"8\" data-image-description=\"\" data-image-caption=\"\" data-large-file=\"https:\/\/mula.es\/web\/wp-content\/uploads\/2024\/07\/8-3-1024x1024.jpg\" class=\"alignnone size-medium wp-image-55166\" src=\"https:\/\/mula.es\/web\/wp-content\/uploads\/2024\/07\/8-3-300x300.jpg\" alt=\"\" width=\"300\" height=\"300\" srcset=\"https:\/\/mula.es\/web\/wp-content\/uploads\/2024\/07\/8-3-66x66.jpg 66w, https:\/\/mula.es\/web\/wp-content\/uploads\/2024\/07\/8-3-150x150.jpg 150w, https:\/\/mula.es\/web\/wp-content\/uploads\/2024\/07\/8-3-200x200.jpg 200w, https:\/\/mula.es\/web\/wp-content\/uploads\/2024\/07\/8-3-300x300.jpg 300w, https:\/\/mula.es\/web\/wp-content\/uploads\/2024\/07\/8-3-400x400.jpg 400w, https:\/\/mula.es\/web\/wp-content\/uploads\/2024\/07\/8-3-600x600.jpg 600w, https:\/\/mula.es\/web\/wp-content\/uploads\/2024\/07\/8-3-768x768.jpg 768w, https:\/\/mula.es\/web\/wp-content\/uploads\/2024\/07\/8-3-800x800.jpg 800w, https:\/\/mula.es\/web\/wp-content\/uploads\/2024\/07\/8-3-1024x1024.jpg 1024w, https:\/\/mula.es\/web\/wp-content\/uploads\/2024\/07\/8-3.jpg 1080w\" sizes=\"(max-width: 300px) 100vw, 300px\" \/><\/a><\/p>\n<p>&nbsp;<\/p>\n","protected":false},"excerpt":{"rendered":"<p>Entrega de diplomas en las Escuelas de Verano de Pedan\u00edas Agosto 2024 Mula, 29 de agosto de 2024 \u2013 Los concejales del equipo de gobierno del Ayuntamiento de Mula han visitado esta semana las escuelas de verano de las pedan\u00edas de Casas Nuevas, Fuente Librilla, La Puebla de Mula y Y\u00e9char para entregar los diplomas  [&#8230;]<\/p>\n","protected":false},"author":13,"featured_media":33512,"comment_status":"closed","ping_status":"closed","sticky":false,"template":"","format":"standard","meta":{"jetpack_post_was_ever_published":false,"_jetpack_newsletter_access":"","_jetpack_dont_email_post_to_subs":false,"_jetpack_newsletter_tier_id":0,"_jetpack_memberships_contains_paywalled_content":false,"_jetpack_memberships_contains_paid_content":false,"footnotes":"","jetpack_publicize_message":"","jetpack_publicize_feature_enabled":true,"jetpack_social_post_already_shared":false,"jetpack_social_options":{"image_generator_settings":{"template":"highway","default_image_id":0,"font":"","enabled":false},"version":2}},"categories":[87,803],"tags":[],"class_list":["post-54976","post","type-post","status-publish","format-standard","has-post-thumbnail","hentry","category-juventud-y-adolescencia","category-plan-corresponsables"],"yoast_head":"<!-- This site is optimized with the Yoast SEO plugin v27.5 - https:\/\/yoast.com\/product\/yoast-seo-wordpress\/ -->\n<title>PLAN CORRESPONSABLES | Entrega de diplomas en las Escuelas de Verano de Pedan\u00edas Agosto 2024 - Ayuntamiento de Mula<\/title>\n<meta name=\"robots\" content=\"index, follow, max-snippet:-1, max-image-preview:large, max-video-preview:-1\" \/>\n<link rel=\"canonical\" href=\"https:\/\/mula.es\/web\/plan-corresponsables-entrega-de-diplomas-en-las-escuelas-de-verano-de-pedanias-agosto-2024\/\" \/>\n<meta property=\"og:locale\" content=\"es_ES\" \/>\n<meta property=\"og:type\" content=\"article\" \/>\n<meta property=\"og:title\" content=\"PLAN CORRESPONSABLES | Entrega de diplomas en las Escuelas de Verano de Pedan\u00edas Agosto 2024 - Ayuntamiento de Mula\" \/>\n<meta property=\"og:description\" content=\"Entrega de diplomas en las Escuelas de Verano de Pedan\u00edas Agosto 2024 Mula, 29 de agosto de 2024 \u2013 Los concejales del equipo de gobierno del Ayuntamiento de Mula han visitado esta semana las escuelas de verano de las pedan\u00edas de Casas Nuevas, Fuente Librilla, La Puebla de Mula y Y\u00e9char para entregar los diplomas [...]\" \/>\n<meta property=\"og:url\" content=\"https:\/\/mula.es\/web\/plan-corresponsables-entrega-de-diplomas-en-las-escuelas-de-verano-de-pedanias-agosto-2024\/\" \/>\n<meta property=\"og:site_name\" content=\"Ayuntamiento de Mula\" \/>\n<meta property=\"article:published_time\" content=\"2024-07-31T09:24:31+00:00\" \/>\n<meta property=\"article:modified_time\" content=\"2024-08-29T12:18:01+00:00\" \/>\n<meta property=\"og:image\" content=\"https:\/\/mula.es\/web\/wp-content\/uploads\/2020\/06\/escudo-cuadrado-e1591045058235.jpg\" \/>\n\t<meta property=\"og:image:width\" content=\"200\" \/>\n\t<meta property=\"og:image:height\" content=\"218\" \/>\n\t<meta property=\"og:image:type\" content=\"image\/jpeg\" \/>\n<meta name=\"author\" content=\"Laura Salas Orcajada\" \/>\n<meta name=\"twitter:card\" content=\"summary_large_image\" \/>\n<meta name=\"twitter:creator\" content=\"@AyuntamientMula\" \/>\n<meta name=\"twitter:site\" content=\"@AyuntamientMula\" \/>\n<meta name=\"twitter:label1\" content=\"Escrito por\" \/>\n\t<meta name=\"twitter:data1\" content=\"Laura Salas Orcajada\" \/>\n\t<meta name=\"twitter:label2\" content=\"Tiempo de lectura\" \/>\n\t<meta name=\"twitter:data2\" content=\"4 minutos\" \/>\n<script type=\"application\/ld+json\" class=\"yoast-schema-graph\">{\"@context\":\"https:\\\/\\\/schema.org\",\"@graph\":[{\"@type\":\"Article\",\"@id\":\"https:\\\/\\\/mula.es\\\/web\\\/plan-corresponsables-entrega-de-diplomas-en-las-escuelas-de-verano-de-pedanias-agosto-2024\\\/#article\",\"isPartOf\":{\"@id\":\"https:\\\/\\\/mula.es\\\/web\\\/plan-corresponsables-entrega-de-diplomas-en-las-escuelas-de-verano-de-pedanias-agosto-2024\\\/\"},\"author\":{\"name\":\"Laura Salas Orcajada\",\"@id\":\"https:\\\/\\\/mula.es\\\/web\\\/#\\\/schema\\\/person\\\/4f10179bd364f40dceed361e61e4033f\"},\"headline\":\"PLAN CORRESPONSABLES | Entrega de diplomas en las Escuelas de Verano de Pedan\u00edas Agosto 2024\",\"datePublished\":\"2024-07-31T09:24:31+00:00\",\"dateModified\":\"2024-08-29T12:18:01+00:00\",\"mainEntityOfPage\":{\"@id\":\"https:\\\/\\\/mula.es\\\/web\\\/plan-corresponsables-entrega-de-diplomas-en-las-escuelas-de-verano-de-pedanias-agosto-2024\\\/\"},\"wordCount\":368,\"image\":{\"@id\":\"https:\\\/\\\/mula.es\\\/web\\\/plan-corresponsables-entrega-de-diplomas-en-las-escuelas-de-verano-de-pedanias-agosto-2024\\\/#primaryimage\"},\"thumbnailUrl\":\"https:\\\/\\\/mula.es\\\/web\\\/wp-content\\\/uploads\\\/2020\\\/06\\\/escudo-cuadrado-e1591045058235.jpg\",\"articleSection\":[\"juventud y adolescencia\",\"PLAN CORRESPONSABLES\"],\"inLanguage\":\"es\"},{\"@type\":\"WebPage\",\"@id\":\"https:\\\/\\\/mula.es\\\/web\\\/plan-corresponsables-entrega-de-diplomas-en-las-escuelas-de-verano-de-pedanias-agosto-2024\\\/\",\"url\":\"https:\\\/\\\/mula.es\\\/web\\\/plan-corresponsables-entrega-de-diplomas-en-las-escuelas-de-verano-de-pedanias-agosto-2024\\\/\",\"name\":\"PLAN CORRESPONSABLES | Entrega de diplomas en las Escuelas de Verano de Pedan\u00edas Agosto 2024 - Ayuntamiento de Mula\",\"isPartOf\":{\"@id\":\"https:\\\/\\\/mula.es\\\/web\\\/#website\"},\"primaryImageOfPage\":{\"@id\":\"https:\\\/\\\/mula.es\\\/web\\\/plan-corresponsables-entrega-de-diplomas-en-las-escuelas-de-verano-de-pedanias-agosto-2024\\\/#primaryimage\"},\"image\":{\"@id\":\"https:\\\/\\\/mula.es\\\/web\\\/plan-corresponsables-entrega-de-diplomas-en-las-escuelas-de-verano-de-pedanias-agosto-2024\\\/#primaryimage\"},\"thumbnailUrl\":\"https:\\\/\\\/mula.es\\\/web\\\/wp-content\\\/uploads\\\/2020\\\/06\\\/escudo-cuadrado-e1591045058235.jpg\",\"datePublished\":\"2024-07-31T09:24:31+00:00\",\"dateModified\":\"2024-08-29T12:18:01+00:00\",\"author\":{\"@id\":\"https:\\\/\\\/mula.es\\\/web\\\/#\\\/schema\\\/person\\\/4f10179bd364f40dceed361e61e4033f\"},\"breadcrumb\":{\"@id\":\"https:\\\/\\\/mula.es\\\/web\\\/plan-corresponsables-entrega-de-diplomas-en-las-escuelas-de-verano-de-pedanias-agosto-2024\\\/#breadcrumb\"},\"inLanguage\":\"es\",\"potentialAction\":[{\"@type\":\"ReadAction\",\"target\":[\"https:\\\/\\\/mula.es\\\/web\\\/plan-corresponsables-entrega-de-diplomas-en-las-escuelas-de-verano-de-pedanias-agosto-2024\\\/\"]}]},{\"@type\":\"ImageObject\",\"inLanguage\":\"es\",\"@id\":\"https:\\\/\\\/mula.es\\\/web\\\/plan-corresponsables-entrega-de-diplomas-en-las-escuelas-de-verano-de-pedanias-agosto-2024\\\/#primaryimage\",\"url\":\"https:\\\/\\\/mula.es\\\/web\\\/wp-content\\\/uploads\\\/2020\\\/06\\\/escudo-cuadrado-e1591045058235.jpg\",\"contentUrl\":\"https:\\\/\\\/mula.es\\\/web\\\/wp-content\\\/uploads\\\/2020\\\/06\\\/escudo-cuadrado-e1591045058235.jpg\",\"width\":200,\"height\":218},{\"@type\":\"BreadcrumbList\",\"@id\":\"https:\\\/\\\/mula.es\\\/web\\\/plan-corresponsables-entrega-de-diplomas-en-las-escuelas-de-verano-de-pedanias-agosto-2024\\\/#breadcrumb\",\"itemListElement\":[{\"@type\":\"ListItem\",\"position\":1,\"name\":\"Portada\",\"item\":\"https:\\\/\\\/mula.es\\\/web\\\/\"},{\"@type\":\"ListItem\",\"position\":2,\"name\":\"PLAN CORRESPONSABLES | Entrega de diplomas en las Escuelas de Verano de Pedan\u00edas Agosto 2024\"}]},{\"@type\":\"WebSite\",\"@id\":\"https:\\\/\\\/mula.es\\\/web\\\/#website\",\"url\":\"https:\\\/\\\/mula.es\\\/web\\\/\",\"name\":\"Ayuntamiento de Mula\",\"description\":\"P\u00e1gina web del Ayuntamiento de Mula (Regi\u00f3n de Murcia)\",\"potentialAction\":[{\"@type\":\"SearchAction\",\"target\":{\"@type\":\"EntryPoint\",\"urlTemplate\":\"https:\\\/\\\/mula.es\\\/web\\\/?s={search_term_string}\"},\"query-input\":{\"@type\":\"PropertyValueSpecification\",\"valueRequired\":true,\"valueName\":\"search_term_string\"}}],\"inLanguage\":\"es\"},{\"@type\":\"Person\",\"@id\":\"https:\\\/\\\/mula.es\\\/web\\\/#\\\/schema\\\/person\\\/4f10179bd364f40dceed361e61e4033f\",\"name\":\"Laura Salas Orcajada\",\"image\":{\"@type\":\"ImageObject\",\"inLanguage\":\"es\",\"@id\":\"https:\\\/\\\/secure.gravatar.com\\\/avatar\\\/786f2a223d9a455e2a448f78b5dcc1117207ef56ef3d9a04df338c0f775cd403?s=96&d=mm&r=g\",\"url\":\"https:\\\/\\\/secure.gravatar.com\\\/avatar\\\/786f2a223d9a455e2a448f78b5dcc1117207ef56ef3d9a04df338c0f775cd403?s=96&d=mm&r=g\",\"contentUrl\":\"https:\\\/\\\/secure.gravatar.com\\\/avatar\\\/786f2a223d9a455e2a448f78b5dcc1117207ef56ef3d9a04df338c0f775cd403?s=96&d=mm&r=g\",\"caption\":\"Laura Salas Orcajada\"},\"url\":\"https:\\\/\\\/mula.es\\\/web\\\/author\\\/lsalas\\\/\"}]}<\/script>\n<!-- \/ Yoast SEO plugin. -->","yoast_head_json":{"title":"PLAN CORRESPONSABLES | Entrega de diplomas en las Escuelas de Verano de Pedan\u00edas Agosto 2024 - Ayuntamiento de Mula","robots":{"index":"index","follow":"follow","max-snippet":"max-snippet:-1","max-image-preview":"max-image-preview:large","max-video-preview":"max-video-preview:-1"},"canonical":"https:\/\/mula.es\/web\/plan-corresponsables-entrega-de-diplomas-en-las-escuelas-de-verano-de-pedanias-agosto-2024\/","og_locale":"es_ES","og_type":"article","og_title":"PLAN CORRESPONSABLES | Entrega de diplomas en las Escuelas de Verano de Pedan\u00edas Agosto 2024 - Ayuntamiento de Mula","og_description":"Entrega de diplomas en las Escuelas de Verano de Pedan\u00edas Agosto 2024 Mula, 29 de agosto de 2024 \u2013 Los concejales del equipo de gobierno del Ayuntamiento de Mula han visitado esta semana las escuelas de verano de las pedan\u00edas de Casas Nuevas, Fuente Librilla, La Puebla de Mula y Y\u00e9char para entregar los diplomas [...]","og_url":"https:\/\/mula.es\/web\/plan-corresponsables-entrega-de-diplomas-en-las-escuelas-de-verano-de-pedanias-agosto-2024\/","og_site_name":"Ayuntamiento de Mula","article_published_time":"2024-07-31T09:24:31+00:00","article_modified_time":"2024-08-29T12:18:01+00:00","og_image":[{"width":200,"height":218,"url":"https:\/\/mula.es\/web\/wp-content\/uploads\/2020\/06\/escudo-cuadrado-e1591045058235.jpg","type":"image\/jpeg"}],"author":"Laura Salas Orcajada","twitter_card":"summary_large_image","twitter_creator":"@AyuntamientMula","twitter_site":"@AyuntamientMula","twitter_misc":{"Escrito por":"Laura Salas Orcajada","Tiempo de lectura":"4 minutos"},"schema":{"@context":"https:\/\/schema.org","@graph":[{"@type":"Article","@id":"https:\/\/mula.es\/web\/plan-corresponsables-entrega-de-diplomas-en-las-escuelas-de-verano-de-pedanias-agosto-2024\/#article","isPartOf":{"@id":"https:\/\/mula.es\/web\/plan-corresponsables-entrega-de-diplomas-en-las-escuelas-de-verano-de-pedanias-agosto-2024\/"},"author":{"name":"Laura Salas Orcajada","@id":"https:\/\/mula.es\/web\/#\/schema\/person\/4f10179bd364f40dceed361e61e4033f"},"headline":"PLAN CORRESPONSABLES | Entrega de diplomas en las Escuelas de Verano de Pedan\u00edas Agosto 2024","datePublished":"2024-07-31T09:24:31+00:00","dateModified":"2024-08-29T12:18:01+00:00","mainEntityOfPage":{"@id":"https:\/\/mula.es\/web\/plan-corresponsables-entrega-de-diplomas-en-las-escuelas-de-verano-de-pedanias-agosto-2024\/"},"wordCount":368,"image":{"@id":"https:\/\/mula.es\/web\/plan-corresponsables-entrega-de-diplomas-en-las-escuelas-de-verano-de-pedanias-agosto-2024\/#primaryimage"},"thumbnailUrl":"https:\/\/mula.es\/web\/wp-content\/uploads\/2020\/06\/escudo-cuadrado-e1591045058235.jpg","articleSection":["juventud y adolescencia","PLAN CORRESPONSABLES"],"inLanguage":"es"},{"@type":"WebPage","@id":"https:\/\/mula.es\/web\/plan-corresponsables-entrega-de-diplomas-en-las-escuelas-de-verano-de-pedanias-agosto-2024\/","url":"https:\/\/mula.es\/web\/plan-corresponsables-entrega-de-diplomas-en-las-escuelas-de-verano-de-pedanias-agosto-2024\/","name":"PLAN CORRESPONSABLES | Entrega de diplomas en las Escuelas de Verano de Pedan\u00edas Agosto 2024 - Ayuntamiento de Mula","isPartOf":{"@id":"https:\/\/mula.es\/web\/#website"},"primaryImageOfPage":{"@id":"https:\/\/mula.es\/web\/plan-corresponsables-entrega-de-diplomas-en-las-escuelas-de-verano-de-pedanias-agosto-2024\/#primaryimage"},"image":{"@id":"https:\/\/mula.es\/web\/plan-corresponsables-entrega-de-diplomas-en-las-escuelas-de-verano-de-pedanias-agosto-2024\/#primaryimage"},"thumbnailUrl":"https:\/\/mula.es\/web\/wp-content\/uploads\/2020\/06\/escudo-cuadrado-e1591045058235.jpg","datePublished":"2024-07-31T09:24:31+00:00","dateModified":"2024-08-29T12:18:01+00:00","author":{"@id":"https:\/\/mula.es\/web\/#\/schema\/person\/4f10179bd364f40dceed361e61e4033f"},"breadcrumb":{"@id":"https:\/\/mula.es\/web\/plan-corresponsables-entrega-de-diplomas-en-las-escuelas-de-verano-de-pedanias-agosto-2024\/#breadcrumb"},"inLanguage":"es","potentialAction":[{"@type":"ReadAction","target":["https:\/\/mula.es\/web\/plan-corresponsables-entrega-de-diplomas-en-las-escuelas-de-verano-de-pedanias-agosto-2024\/"]}]},{"@type":"ImageObject","inLanguage":"es","@id":"https:\/\/mula.es\/web\/plan-corresponsables-entrega-de-diplomas-en-las-escuelas-de-verano-de-pedanias-agosto-2024\/#primaryimage","url":"https:\/\/mula.es\/web\/wp-content\/uploads\/2020\/06\/escudo-cuadrado-e1591045058235.jpg","contentUrl":"https:\/\/mula.es\/web\/wp-content\/uploads\/2020\/06\/escudo-cuadrado-e1591045058235.jpg","width":200,"height":218},{"@type":"BreadcrumbList","@id":"https:\/\/mula.es\/web\/plan-corresponsables-entrega-de-diplomas-en-las-escuelas-de-verano-de-pedanias-agosto-2024\/#breadcrumb","itemListElement":[{"@type":"ListItem","position":1,"name":"Portada","item":"https:\/\/mula.es\/web\/"},{"@type":"ListItem","position":2,"name":"PLAN CORRESPONSABLES | Entrega de diplomas en las Escuelas de Verano de Pedan\u00edas Agosto 2024"}]},{"@type":"WebSite","@id":"https:\/\/mula.es\/web\/#website","url":"https:\/\/mula.es\/web\/","name":"Ayuntamiento de Mula","description":"P\u00e1gina web del Ayuntamiento de Mula (Regi\u00f3n de Murcia)","potentialAction":[{"@type":"SearchAction","target":{"@type":"EntryPoint","urlTemplate":"https:\/\/mula.es\/web\/?s={search_term_string}"},"query-input":{"@type":"PropertyValueSpecification","valueRequired":true,"valueName":"search_term_string"}}],"inLanguage":"es"},{"@type":"Person","@id":"https:\/\/mula.es\/web\/#\/schema\/person\/4f10179bd364f40dceed361e61e4033f","name":"Laura Salas Orcajada","image":{"@type":"ImageObject","inLanguage":"es","@id":"https:\/\/secure.gravatar.com\/avatar\/786f2a223d9a455e2a448f78b5dcc1117207ef56ef3d9a04df338c0f775cd403?s=96&d=mm&r=g","url":"https:\/\/secure.gravatar.com\/avatar\/786f2a223d9a455e2a448f78b5dcc1117207ef56ef3d9a04df338c0f775cd403?s=96&d=mm&r=g","contentUrl":"https:\/\/secure.gravatar.com\/avatar\/786f2a223d9a455e2a448f78b5dcc1117207ef56ef3d9a04df338c0f775cd403?s=96&d=mm&r=g","caption":"Laura Salas Orcajada"},"url":"https:\/\/mula.es\/web\/author\/lsalas\/"}]}},"jetpack_publicize_connections":[],"jetpack_featured_media_url":"https:\/\/mula.es\/web\/wp-content\/uploads\/2020\/06\/escudo-cuadrado-e1591045058235.jpg","jetpack_sharing_enabled":true,"jetpack_shortlink":"https:\/\/wp.me\/pa9DMY-eiI","jetpack-related-posts":[],"_links":{"self":[{"href":"https:\/\/mula.es\/web\/wp-json\/wp\/v2\/posts\/54976","targetHints":{"allow":["GET"]}}],"collection":[{"href":"https:\/\/mula.es\/web\/wp-json\/wp\/v2\/posts"}],"about":[{"href":"https:\/\/mula.es\/web\/wp-json\/wp\/v2\/types\/post"}],"author":[{"embeddable":true,"href":"https:\/\/mula.es\/web\/wp-json\/wp\/v2\/users\/13"}],"replies":[{"embeddable":true,"href":"https:\/\/mula.es\/web\/wp-json\/wp\/v2\/comments?post=54976"}],"version-history":[{"count":5,"href":"https:\/\/mula.es\/web\/wp-json\/wp\/v2\/posts\/54976\/revisions"}],"predecessor-version":[{"id":55168,"href":"https:\/\/mula.es\/web\/wp-json\/wp\/v2\/posts\/54976\/revisions\/55168"}],"wp:featuredmedia":[{"embeddable":true,"href":"https:\/\/mula.es\/web\/wp-json\/wp\/v2\/media\/33512"}],"wp:attachment":[{"href":"https:\/\/mula.es\/web\/wp-json\/wp\/v2\/media?parent=54976"}],"wp:term":[{"taxonomy":"category","embeddable":true,"href":"https:\/\/mula.es\/web\/wp-json\/wp\/v2\/categories?post=54976"},{"taxonomy":"post_tag","embeddable":true,"href":"https:\/\/mula.es\/web\/wp-json\/wp\/v2\/tags?post=54976"}],"curies":[{"name":"wp","href":"https:\/\/api.w.org\/{rel}","templated":true}]}}