{"id":54985,"date":"2024-07-31T13:22:53","date_gmt":"2024-07-31T11:22:53","guid":{"rendered":"https:\/\/mula.es\/web\/?p=54985"},"modified":"2024-08-26T23:30:34","modified_gmt":"2024-08-26T21:30:34","slug":"el-ayuntamiento-de-mula-organiza-la-fiesta-del-agua-solidaria-para-visibilizar-el-cancer-infantil","status":"publish","type":"post","link":"https:\/\/mula.es\/web\/el-ayuntamiento-de-mula-organiza-la-fiesta-del-agua-solidaria-para-visibilizar-el-cancer-infantil\/","title":{"rendered":"El Ayuntamiento de Mula organiza la \u201cFiesta del Agua Solidaria\u201d para visibilizar el c\u00e1ncer infantil"},"content":{"rendered":"<p><strong>El Ayuntamiento de Mula organiza la \u201cFiesta del Agua Solidaria\u201d para visibilizar el c\u00e1ncer infantil<\/strong><\/p>\n<p>&nbsp;<\/p>\n<p><strong>Mula, 31 de julio de 2024<\/strong> &#8211;<\/p>\n<p>En l\u00ednea con el compromiso adquirido en la reuni\u00f3n mantenida con el padre de Juli\u00e1n Costa, Miguel Costa, el Ayuntamiento de Mula anuncia su firme decisi\u00f3n de apoyar la visibilizaci\u00f3n del c\u00e1ncer infantil y acompa\u00f1ar a la familia Costa en sus demandas. Este compromiso se materializar\u00e1 a trav\u00e9s de la organizaci\u00f3n de un evento especial centrado en la diversi\u00f3n de los ni\u00f1os, con el objetivo de visibilizar esta causa y recaudar fondos solidarios para la lucha contra el c\u00e1ncer infantil.<\/p>\n<p>&nbsp;<\/p>\n<p>La \u00abFiesta del Agua\u00bb, se celebrar\u00e1 el 25 de agosto de 11:00 a 15:00 horas en el Parque Crist\u00f3bal Gabarr\u00f3n. La entrada al evento ser\u00e1 solidaria y los fondos recaudados se destinar\u00e1n a fines solidarios para combatir el c\u00e1ncer infantil. Las contribuciones se podr\u00e1n realizar a trav\u00e9s del n\u00famero de cuenta: ES95 2100 2839 1301 1001 7531.<\/p>\n<p>&nbsp;<\/p>\n<p>La \u00abFiesta del Agua\u00bb contar\u00e1 con una amplia variedad de actividades dise\u00f1adas para garantizar la diversi\u00f3n y seguridad de todos los ni\u00f1os, bajo la supervisi\u00f3n de monitores especializados. Entre las actividades programadas se incluyen m\u00faltiples piscinas, una fiesta de la espuma, photocall, gran kamikaze, wipe out, la actuaci\u00f3n de Drilo y su Pandilla, y un reparto de p\u00f3sters.<\/p>\n<p>&nbsp;<\/p>\n<p>El alcalde de Mula, Juan Jes\u00fas Moreno, ha declarado: \u00abEl Ayuntamiento de Mula est\u00e1 comprometido con la visibilizaci\u00f3n del c\u00e1ncer infantil y con el apoyo a las familias afectadas por esta enfermedad. La &#8216;Fiesta del Agua&#8217; es una iniciativa que no solo busca proporcionar un d\u00eda de alegr\u00eda y diversi\u00f3n a los ni\u00f1os, sino tambi\u00e9n recaudar fondos muy importantes para la lucha contra el c\u00e1ncer infantil. Invitamos a todo el mundo a unirse a nosotros en este evento solidario y a contribuir a una causa tan importante.\u00bb<\/p>\n<p>&nbsp;<\/p>\n<p>Adem\u00e1s, el alcalde ha querido enviar un mensaje especial al peque\u00f1o Juli\u00e1n Costa: <em>\u00abQuerido Juli\u00e1n, tu valent\u00eda y fuerza nos inspiran a todos. Esta &#8216;Fiesta del Agua&#8217; es un homenaje a tu lucha y a la de todos los ni\u00f1os que, como t\u00fa, enfrentan esta dura enfermedad con coraje y esperanza.\u00bb<\/em><\/p>\n<p>Con este evento solidario se podr\u00e1 ayudar a ni\u00f1os que, al igual que Juli\u00e1n Costa, necesitan de toda nuestra ayuda para seguir luchando por una sanidad digna y las mejores condiciones para luchar contra esta dura enfermedad.<\/p>\n<p>El Ayuntamiento de Mula invita a todos los vecinos y vecinas a colaborar y a apoyar esta causa solidaria y agradece de antemano el apoyo y la participaci\u00f3n de todos en la \u00abFiesta del Agua\u00bb.<\/p>\n<p><a href=\"https:\/\/mula.es\/web\/wp-content\/uploads\/2024\/06\/1-28.jpg\"><img decoding=\"async\" data-attachment-id=\"54557\" data-permalink=\"https:\/\/mula.es\/web\/el-ayuntamiento-de-mula-se-reune-con-el-padre-del-nino-julian-costa-para-visibilizar-el-cancer-infantil-y-reivindicar-mas-recursos-sanitarios\/1-65\/\" data-orig-file=\"https:\/\/mula.es\/web\/wp-content\/uploads\/2024\/06\/1-28.jpg\" data-orig-size=\"1080,1080\" data-comments-opened=\"0\" data-image-meta=\"{&quot;aperture&quot;:&quot;0&quot;,&quot;credit&quot;:&quot;&quot;,&quot;camera&quot;:&quot;&quot;,&quot;caption&quot;:&quot;&quot;,&quot;created_timestamp&quot;:&quot;0&quot;,&quot;copyright&quot;:&quot;&quot;,&quot;focal_length&quot;:&quot;0&quot;,&quot;iso&quot;:&quot;0&quot;,&quot;shutter_speed&quot;:&quot;0&quot;,&quot;title&quot;:&quot;&quot;,&quot;orientation&quot;:&quot;1&quot;}\" data-image-title=\"1\" data-image-description=\"\" data-image-caption=\"\" data-large-file=\"https:\/\/mula.es\/web\/wp-content\/uploads\/2024\/06\/1-28-1024x1024.jpg\" class=\"alignnone size-medium wp-image-54557\" src=\"https:\/\/mula.es\/web\/wp-content\/uploads\/2024\/06\/1-28-300x300.jpg\" alt=\"\" width=\"300\" height=\"300\" srcset=\"https:\/\/mula.es\/web\/wp-content\/uploads\/2024\/06\/1-28-66x66.jpg 66w, https:\/\/mula.es\/web\/wp-content\/uploads\/2024\/06\/1-28-150x150.jpg 150w, https:\/\/mula.es\/web\/wp-content\/uploads\/2024\/06\/1-28-177x177.jpg 177w, https:\/\/mula.es\/web\/wp-content\/uploads\/2024\/06\/1-28-200x200.jpg 200w, https:\/\/mula.es\/web\/wp-content\/uploads\/2024\/06\/1-28-300x300.jpg 300w, https:\/\/mula.es\/web\/wp-content\/uploads\/2024\/06\/1-28-320x320.jpg 320w, https:\/\/mula.es\/web\/wp-content\/uploads\/2024\/06\/1-28-400x400.jpg 400w, https:\/\/mula.es\/web\/wp-content\/uploads\/2024\/06\/1-28-460x460.jpg 460w, https:\/\/mula.es\/web\/wp-content\/uploads\/2024\/06\/1-28-540x540.jpg 540w, https:\/\/mula.es\/web\/wp-content\/uploads\/2024\/06\/1-28-600x600.jpg 600w, https:\/\/mula.es\/web\/wp-content\/uploads\/2024\/06\/1-28-669x669.jpg 669w, https:\/\/mula.es\/web\/wp-content\/uploads\/2024\/06\/1-28-700x700.jpg 700w, https:\/\/mula.es\/web\/wp-content\/uploads\/2024\/06\/1-28-768x768.jpg 768w, https:\/\/mula.es\/web\/wp-content\/uploads\/2024\/06\/1-28-800x800.jpg 800w, https:\/\/mula.es\/web\/wp-content\/uploads\/2024\/06\/1-28-940x940.jpg 940w, https:\/\/mula.es\/web\/wp-content\/uploads\/2024\/06\/1-28-1024x1024.jpg 1024w, https:\/\/mula.es\/web\/wp-content\/uploads\/2024\/06\/1-28.jpg 1080w\" sizes=\"(max-width: 300px) 100vw, 300px\" \/><\/a><a href=\"https:\/\/mula.es\/web\/wp-content\/uploads\/2024\/07\/CamScanner-31-07-2024-11.04_page-0001.jpg\"><img decoding=\"async\" data-attachment-id=\"54987\" data-permalink=\"https:\/\/mula.es\/web\/el-ayuntamiento-de-mula-organiza-la-fiesta-del-agua-solidaria-para-visibilizar-el-cancer-infantil\/camscanner-31-07-2024-11-04_page-0001\/\" data-orig-file=\"https:\/\/mula.es\/web\/wp-content\/uploads\/2024\/07\/CamScanner-31-07-2024-11.04_page-0001.jpg\" data-orig-size=\"1240,1755\" data-comments-opened=\"0\" data-image-meta=\"{&quot;aperture&quot;:&quot;0&quot;,&quot;credit&quot;:&quot;&quot;,&quot;camera&quot;:&quot;&quot;,&quot;caption&quot;:&quot;&quot;,&quot;created_timestamp&quot;:&quot;0&quot;,&quot;copyright&quot;:&quot;&quot;,&quot;focal_length&quot;:&quot;0&quot;,&quot;iso&quot;:&quot;0&quot;,&quot;shutter_speed&quot;:&quot;0&quot;,&quot;title&quot;:&quot;&quot;,&quot;orientation&quot;:&quot;0&quot;}\" data-image-title=\"CamScanner 31-07-2024 11.04_page-0001\" data-image-description=\"\" data-image-caption=\"\" data-large-file=\"https:\/\/mula.es\/web\/wp-content\/uploads\/2024\/07\/CamScanner-31-07-2024-11.04_page-0001-724x1024.jpg\" class=\"alignnone size-medium wp-image-54987\" src=\"https:\/\/mula.es\/web\/wp-content\/uploads\/2024\/07\/CamScanner-31-07-2024-11.04_page-0001-212x300.jpg\" alt=\"\" width=\"212\" height=\"300\" srcset=\"https:\/\/mula.es\/web\/wp-content\/uploads\/2024\/07\/CamScanner-31-07-2024-11.04_page-0001-200x283.jpg 200w, https:\/\/mula.es\/web\/wp-content\/uploads\/2024\/07\/CamScanner-31-07-2024-11.04_page-0001-212x300.jpg 212w, https:\/\/mula.es\/web\/wp-content\/uploads\/2024\/07\/CamScanner-31-07-2024-11.04_page-0001-400x566.jpg 400w, https:\/\/mula.es\/web\/wp-content\/uploads\/2024\/07\/CamScanner-31-07-2024-11.04_page-0001-600x849.jpg 600w, https:\/\/mula.es\/web\/wp-content\/uploads\/2024\/07\/CamScanner-31-07-2024-11.04_page-0001-724x1024.jpg 724w, https:\/\/mula.es\/web\/wp-content\/uploads\/2024\/07\/CamScanner-31-07-2024-11.04_page-0001-768x1087.jpg 768w, https:\/\/mula.es\/web\/wp-content\/uploads\/2024\/07\/CamScanner-31-07-2024-11.04_page-0001-800x1132.jpg 800w, https:\/\/mula.es\/web\/wp-content\/uploads\/2024\/07\/CamScanner-31-07-2024-11.04_page-0001-1085x1536.jpg 1085w, https:\/\/mula.es\/web\/wp-content\/uploads\/2024\/07\/CamScanner-31-07-2024-11.04_page-0001-1200x1698.jpg 1200w, https:\/\/mula.es\/web\/wp-content\/uploads\/2024\/07\/CamScanner-31-07-2024-11.04_page-0001.jpg 1240w\" sizes=\"(max-width: 212px) 100vw, 212px\" \/><\/a><\/p>\n<p>&nbsp;<\/p>\n<p>&nbsp;<\/p>\n","protected":false},"excerpt":{"rendered":"<p>El Ayuntamiento de Mula organiza la \u201cFiesta del Agua Solidaria\u201d para visibilizar el c\u00e1ncer infantil &nbsp; Mula, 31 de julio de 2024 &#8211; En l\u00ednea con el compromiso adquirido en la reuni\u00f3n mantenida con el padre de Juli\u00e1n Costa, Miguel Costa, el Ayuntamiento de Mula anuncia su firme decisi\u00f3n de apoyar la visibilizaci\u00f3n del c\u00e1ncer  [&#8230;]<\/p>\n","protected":false},"author":13,"featured_media":33512,"comment_status":"closed","ping_status":"closed","sticky":false,"template":"","format":"standard","meta":{"jetpack_post_was_ever_published":false,"_jetpack_newsletter_access":"","_jetpack_dont_email_post_to_subs":false,"_jetpack_newsletter_tier_id":0,"_jetpack_memberships_contains_paywalled_content":false,"_jetpack_memberships_contains_paid_content":false,"footnotes":"","jetpack_publicize_message":"","jetpack_publicize_feature_enabled":true,"jetpack_social_post_already_shared":false,"jetpack_social_options":{"image_generator_settings":{"template":"highway","default_image_id":0,"font":"","enabled":false},"version":2}},"categories":[127],"tags":[],"class_list":["post-54985","post","type-post","status-publish","format-standard","has-post-thumbnail","hentry","category-alcalde"],"yoast_head":"<!-- This site is optimized with the Yoast SEO plugin v27.5 - https:\/\/yoast.com\/product\/yoast-seo-wordpress\/ -->\n<title>El Ayuntamiento de Mula organiza la \u201cFiesta del Agua Solidaria\u201d para visibilizar el c\u00e1ncer infantil - Ayuntamiento de Mula<\/title>\n<meta name=\"robots\" content=\"index, follow, max-snippet:-1, max-image-preview:large, max-video-preview:-1\" \/>\n<link rel=\"canonical\" href=\"https:\/\/mula.es\/web\/el-ayuntamiento-de-mula-organiza-la-fiesta-del-agua-solidaria-para-visibilizar-el-cancer-infantil\/\" \/>\n<meta property=\"og:locale\" content=\"es_ES\" \/>\n<meta property=\"og:type\" content=\"article\" \/>\n<meta property=\"og:title\" content=\"El Ayuntamiento de Mula organiza la \u201cFiesta del Agua Solidaria\u201d para visibilizar el c\u00e1ncer infantil - Ayuntamiento de Mula\" \/>\n<meta property=\"og:description\" content=\"El Ayuntamiento de Mula organiza la \u201cFiesta del Agua Solidaria\u201d para visibilizar el c\u00e1ncer infantil &nbsp; Mula, 31 de julio de 2024 &#8211; En l\u00ednea con el compromiso adquirido en la reuni\u00f3n mantenida con el padre de Juli\u00e1n Costa, Miguel Costa, el Ayuntamiento de Mula anuncia su firme decisi\u00f3n de apoyar la visibilizaci\u00f3n del c\u00e1ncer [...]\" \/>\n<meta property=\"og:url\" content=\"https:\/\/mula.es\/web\/el-ayuntamiento-de-mula-organiza-la-fiesta-del-agua-solidaria-para-visibilizar-el-cancer-infantil\/\" \/>\n<meta property=\"og:site_name\" content=\"Ayuntamiento de Mula\" \/>\n<meta property=\"article:published_time\" content=\"2024-07-31T11:22:53+00:00\" \/>\n<meta property=\"article:modified_time\" content=\"2024-08-26T21:30:34+00:00\" \/>\n<meta property=\"og:image\" content=\"https:\/\/mula.es\/web\/wp-content\/uploads\/2020\/06\/escudo-cuadrado-e1591045058235.jpg\" \/>\n\t<meta property=\"og:image:width\" content=\"200\" \/>\n\t<meta property=\"og:image:height\" content=\"218\" \/>\n\t<meta property=\"og:image:type\" content=\"image\/jpeg\" \/>\n<meta name=\"author\" content=\"Laura Salas Orcajada\" \/>\n<meta name=\"twitter:card\" content=\"summary_large_image\" \/>\n<meta name=\"twitter:creator\" content=\"@AyuntamientMula\" \/>\n<meta name=\"twitter:site\" content=\"@AyuntamientMula\" \/>\n<meta name=\"twitter:label1\" content=\"Escrito por\" \/>\n\t<meta name=\"twitter:data1\" content=\"Laura Salas Orcajada\" \/>\n\t<meta name=\"twitter:label2\" content=\"Tiempo de lectura\" \/>\n\t<meta name=\"twitter:data2\" content=\"3 minutos\" \/>\n<script type=\"application\/ld+json\" class=\"yoast-schema-graph\">{\"@context\":\"https:\\\/\\\/schema.org\",\"@graph\":[{\"@type\":\"Article\",\"@id\":\"https:\\\/\\\/mula.es\\\/web\\\/el-ayuntamiento-de-mula-organiza-la-fiesta-del-agua-solidaria-para-visibilizar-el-cancer-infantil\\\/#article\",\"isPartOf\":{\"@id\":\"https:\\\/\\\/mula.es\\\/web\\\/el-ayuntamiento-de-mula-organiza-la-fiesta-del-agua-solidaria-para-visibilizar-el-cancer-infantil\\\/\"},\"author\":{\"name\":\"Laura Salas Orcajada\",\"@id\":\"https:\\\/\\\/mula.es\\\/web\\\/#\\\/schema\\\/person\\\/4f10179bd364f40dceed361e61e4033f\"},\"headline\":\"El Ayuntamiento de Mula organiza la \u201cFiesta del Agua Solidaria\u201d para visibilizar el c\u00e1ncer infantil\",\"datePublished\":\"2024-07-31T11:22:53+00:00\",\"dateModified\":\"2024-08-26T21:30:34+00:00\",\"mainEntityOfPage\":{\"@id\":\"https:\\\/\\\/mula.es\\\/web\\\/el-ayuntamiento-de-mula-organiza-la-fiesta-del-agua-solidaria-para-visibilizar-el-cancer-infantil\\\/\"},\"wordCount\":485,\"image\":{\"@id\":\"https:\\\/\\\/mula.es\\\/web\\\/el-ayuntamiento-de-mula-organiza-la-fiesta-del-agua-solidaria-para-visibilizar-el-cancer-infantil\\\/#primaryimage\"},\"thumbnailUrl\":\"https:\\\/\\\/mula.es\\\/web\\\/wp-content\\\/uploads\\\/2020\\\/06\\\/escudo-cuadrado-e1591045058235.jpg\",\"articleSection\":[\"alcalde\"],\"inLanguage\":\"es\"},{\"@type\":\"WebPage\",\"@id\":\"https:\\\/\\\/mula.es\\\/web\\\/el-ayuntamiento-de-mula-organiza-la-fiesta-del-agua-solidaria-para-visibilizar-el-cancer-infantil\\\/\",\"url\":\"https:\\\/\\\/mula.es\\\/web\\\/el-ayuntamiento-de-mula-organiza-la-fiesta-del-agua-solidaria-para-visibilizar-el-cancer-infantil\\\/\",\"name\":\"El Ayuntamiento de Mula organiza la \u201cFiesta del Agua Solidaria\u201d para visibilizar el c\u00e1ncer infantil - Ayuntamiento de Mula\",\"isPartOf\":{\"@id\":\"https:\\\/\\\/mula.es\\\/web\\\/#website\"},\"primaryImageOfPage\":{\"@id\":\"https:\\\/\\\/mula.es\\\/web\\\/el-ayuntamiento-de-mula-organiza-la-fiesta-del-agua-solidaria-para-visibilizar-el-cancer-infantil\\\/#primaryimage\"},\"image\":{\"@id\":\"https:\\\/\\\/mula.es\\\/web\\\/el-ayuntamiento-de-mula-organiza-la-fiesta-del-agua-solidaria-para-visibilizar-el-cancer-infantil\\\/#primaryimage\"},\"thumbnailUrl\":\"https:\\\/\\\/mula.es\\\/web\\\/wp-content\\\/uploads\\\/2020\\\/06\\\/escudo-cuadrado-e1591045058235.jpg\",\"datePublished\":\"2024-07-31T11:22:53+00:00\",\"dateModified\":\"2024-08-26T21:30:34+00:00\",\"author\":{\"@id\":\"https:\\\/\\\/mula.es\\\/web\\\/#\\\/schema\\\/person\\\/4f10179bd364f40dceed361e61e4033f\"},\"breadcrumb\":{\"@id\":\"https:\\\/\\\/mula.es\\\/web\\\/el-ayuntamiento-de-mula-organiza-la-fiesta-del-agua-solidaria-para-visibilizar-el-cancer-infantil\\\/#breadcrumb\"},\"inLanguage\":\"es\",\"potentialAction\":[{\"@type\":\"ReadAction\",\"target\":[\"https:\\\/\\\/mula.es\\\/web\\\/el-ayuntamiento-de-mula-organiza-la-fiesta-del-agua-solidaria-para-visibilizar-el-cancer-infantil\\\/\"]}]},{\"@type\":\"ImageObject\",\"inLanguage\":\"es\",\"@id\":\"https:\\\/\\\/mula.es\\\/web\\\/el-ayuntamiento-de-mula-organiza-la-fiesta-del-agua-solidaria-para-visibilizar-el-cancer-infantil\\\/#primaryimage\",\"url\":\"https:\\\/\\\/mula.es\\\/web\\\/wp-content\\\/uploads\\\/2020\\\/06\\\/escudo-cuadrado-e1591045058235.jpg\",\"contentUrl\":\"https:\\\/\\\/mula.es\\\/web\\\/wp-content\\\/uploads\\\/2020\\\/06\\\/escudo-cuadrado-e1591045058235.jpg\",\"width\":200,\"height\":218},{\"@type\":\"BreadcrumbList\",\"@id\":\"https:\\\/\\\/mula.es\\\/web\\\/el-ayuntamiento-de-mula-organiza-la-fiesta-del-agua-solidaria-para-visibilizar-el-cancer-infantil\\\/#breadcrumb\",\"itemListElement\":[{\"@type\":\"ListItem\",\"position\":1,\"name\":\"Portada\",\"item\":\"https:\\\/\\\/mula.es\\\/web\\\/\"},{\"@type\":\"ListItem\",\"position\":2,\"name\":\"El Ayuntamiento de Mula organiza la \u201cFiesta del Agua Solidaria\u201d para visibilizar el c\u00e1ncer infantil\"}]},{\"@type\":\"WebSite\",\"@id\":\"https:\\\/\\\/mula.es\\\/web\\\/#website\",\"url\":\"https:\\\/\\\/mula.es\\\/web\\\/\",\"name\":\"Ayuntamiento de Mula\",\"description\":\"P\u00e1gina web del Ayuntamiento de Mula (Regi\u00f3n de Murcia)\",\"potentialAction\":[{\"@type\":\"SearchAction\",\"target\":{\"@type\":\"EntryPoint\",\"urlTemplate\":\"https:\\\/\\\/mula.es\\\/web\\\/?s={search_term_string}\"},\"query-input\":{\"@type\":\"PropertyValueSpecification\",\"valueRequired\":true,\"valueName\":\"search_term_string\"}}],\"inLanguage\":\"es\"},{\"@type\":\"Person\",\"@id\":\"https:\\\/\\\/mula.es\\\/web\\\/#\\\/schema\\\/person\\\/4f10179bd364f40dceed361e61e4033f\",\"name\":\"Laura Salas Orcajada\",\"image\":{\"@type\":\"ImageObject\",\"inLanguage\":\"es\",\"@id\":\"https:\\\/\\\/secure.gravatar.com\\\/avatar\\\/786f2a223d9a455e2a448f78b5dcc1117207ef56ef3d9a04df338c0f775cd403?s=96&d=mm&r=g\",\"url\":\"https:\\\/\\\/secure.gravatar.com\\\/avatar\\\/786f2a223d9a455e2a448f78b5dcc1117207ef56ef3d9a04df338c0f775cd403?s=96&d=mm&r=g\",\"contentUrl\":\"https:\\\/\\\/secure.gravatar.com\\\/avatar\\\/786f2a223d9a455e2a448f78b5dcc1117207ef56ef3d9a04df338c0f775cd403?s=96&d=mm&r=g\",\"caption\":\"Laura Salas Orcajada\"},\"url\":\"https:\\\/\\\/mula.es\\\/web\\\/author\\\/lsalas\\\/\"}]}<\/script>\n<!-- \/ Yoast SEO plugin. -->","yoast_head_json":{"title":"El Ayuntamiento de Mula organiza la \u201cFiesta del Agua Solidaria\u201d para visibilizar el c\u00e1ncer infantil - Ayuntamiento de Mula","robots":{"index":"index","follow":"follow","max-snippet":"max-snippet:-1","max-image-preview":"max-image-preview:large","max-video-preview":"max-video-preview:-1"},"canonical":"https:\/\/mula.es\/web\/el-ayuntamiento-de-mula-organiza-la-fiesta-del-agua-solidaria-para-visibilizar-el-cancer-infantil\/","og_locale":"es_ES","og_type":"article","og_title":"El Ayuntamiento de Mula organiza la \u201cFiesta del Agua Solidaria\u201d para visibilizar el c\u00e1ncer infantil - Ayuntamiento de Mula","og_description":"El Ayuntamiento de Mula organiza la \u201cFiesta del Agua Solidaria\u201d para visibilizar el c\u00e1ncer infantil &nbsp; Mula, 31 de julio de 2024 &#8211; En l\u00ednea con el compromiso adquirido en la reuni\u00f3n mantenida con el padre de Juli\u00e1n Costa, Miguel Costa, el Ayuntamiento de Mula anuncia su firme decisi\u00f3n de apoyar la visibilizaci\u00f3n del c\u00e1ncer [...]","og_url":"https:\/\/mula.es\/web\/el-ayuntamiento-de-mula-organiza-la-fiesta-del-agua-solidaria-para-visibilizar-el-cancer-infantil\/","og_site_name":"Ayuntamiento de Mula","article_published_time":"2024-07-31T11:22:53+00:00","article_modified_time":"2024-08-26T21:30:34+00:00","og_image":[{"width":200,"height":218,"url":"https:\/\/mula.es\/web\/wp-content\/uploads\/2020\/06\/escudo-cuadrado-e1591045058235.jpg","type":"image\/jpeg"}],"author":"Laura Salas Orcajada","twitter_card":"summary_large_image","twitter_creator":"@AyuntamientMula","twitter_site":"@AyuntamientMula","twitter_misc":{"Escrito por":"Laura Salas Orcajada","Tiempo de lectura":"3 minutos"},"schema":{"@context":"https:\/\/schema.org","@graph":[{"@type":"Article","@id":"https:\/\/mula.es\/web\/el-ayuntamiento-de-mula-organiza-la-fiesta-del-agua-solidaria-para-visibilizar-el-cancer-infantil\/#article","isPartOf":{"@id":"https:\/\/mula.es\/web\/el-ayuntamiento-de-mula-organiza-la-fiesta-del-agua-solidaria-para-visibilizar-el-cancer-infantil\/"},"author":{"name":"Laura Salas Orcajada","@id":"https:\/\/mula.es\/web\/#\/schema\/person\/4f10179bd364f40dceed361e61e4033f"},"headline":"El Ayuntamiento de Mula organiza la \u201cFiesta del Agua Solidaria\u201d para visibilizar el c\u00e1ncer infantil","datePublished":"2024-07-31T11:22:53+00:00","dateModified":"2024-08-26T21:30:34+00:00","mainEntityOfPage":{"@id":"https:\/\/mula.es\/web\/el-ayuntamiento-de-mula-organiza-la-fiesta-del-agua-solidaria-para-visibilizar-el-cancer-infantil\/"},"wordCount":485,"image":{"@id":"https:\/\/mula.es\/web\/el-ayuntamiento-de-mula-organiza-la-fiesta-del-agua-solidaria-para-visibilizar-el-cancer-infantil\/#primaryimage"},"thumbnailUrl":"https:\/\/mula.es\/web\/wp-content\/uploads\/2020\/06\/escudo-cuadrado-e1591045058235.jpg","articleSection":["alcalde"],"inLanguage":"es"},{"@type":"WebPage","@id":"https:\/\/mula.es\/web\/el-ayuntamiento-de-mula-organiza-la-fiesta-del-agua-solidaria-para-visibilizar-el-cancer-infantil\/","url":"https:\/\/mula.es\/web\/el-ayuntamiento-de-mula-organiza-la-fiesta-del-agua-solidaria-para-visibilizar-el-cancer-infantil\/","name":"El Ayuntamiento de Mula organiza la \u201cFiesta del Agua Solidaria\u201d para visibilizar el c\u00e1ncer infantil - Ayuntamiento de Mula","isPartOf":{"@id":"https:\/\/mula.es\/web\/#website"},"primaryImageOfPage":{"@id":"https:\/\/mula.es\/web\/el-ayuntamiento-de-mula-organiza-la-fiesta-del-agua-solidaria-para-visibilizar-el-cancer-infantil\/#primaryimage"},"image":{"@id":"https:\/\/mula.es\/web\/el-ayuntamiento-de-mula-organiza-la-fiesta-del-agua-solidaria-para-visibilizar-el-cancer-infantil\/#primaryimage"},"thumbnailUrl":"https:\/\/mula.es\/web\/wp-content\/uploads\/2020\/06\/escudo-cuadrado-e1591045058235.jpg","datePublished":"2024-07-31T11:22:53+00:00","dateModified":"2024-08-26T21:30:34+00:00","author":{"@id":"https:\/\/mula.es\/web\/#\/schema\/person\/4f10179bd364f40dceed361e61e4033f"},"breadcrumb":{"@id":"https:\/\/mula.es\/web\/el-ayuntamiento-de-mula-organiza-la-fiesta-del-agua-solidaria-para-visibilizar-el-cancer-infantil\/#breadcrumb"},"inLanguage":"es","potentialAction":[{"@type":"ReadAction","target":["https:\/\/mula.es\/web\/el-ayuntamiento-de-mula-organiza-la-fiesta-del-agua-solidaria-para-visibilizar-el-cancer-infantil\/"]}]},{"@type":"ImageObject","inLanguage":"es","@id":"https:\/\/mula.es\/web\/el-ayuntamiento-de-mula-organiza-la-fiesta-del-agua-solidaria-para-visibilizar-el-cancer-infantil\/#primaryimage","url":"https:\/\/mula.es\/web\/wp-content\/uploads\/2020\/06\/escudo-cuadrado-e1591045058235.jpg","contentUrl":"https:\/\/mula.es\/web\/wp-content\/uploads\/2020\/06\/escudo-cuadrado-e1591045058235.jpg","width":200,"height":218},{"@type":"BreadcrumbList","@id":"https:\/\/mula.es\/web\/el-ayuntamiento-de-mula-organiza-la-fiesta-del-agua-solidaria-para-visibilizar-el-cancer-infantil\/#breadcrumb","itemListElement":[{"@type":"ListItem","position":1,"name":"Portada","item":"https:\/\/mula.es\/web\/"},{"@type":"ListItem","position":2,"name":"El Ayuntamiento de Mula organiza la \u201cFiesta del Agua Solidaria\u201d para visibilizar el c\u00e1ncer infantil"}]},{"@type":"WebSite","@id":"https:\/\/mula.es\/web\/#website","url":"https:\/\/mula.es\/web\/","name":"Ayuntamiento de Mula","description":"P\u00e1gina web del Ayuntamiento de Mula (Regi\u00f3n de Murcia)","potentialAction":[{"@type":"SearchAction","target":{"@type":"EntryPoint","urlTemplate":"https:\/\/mula.es\/web\/?s={search_term_string}"},"query-input":{"@type":"PropertyValueSpecification","valueRequired":true,"valueName":"search_term_string"}}],"inLanguage":"es"},{"@type":"Person","@id":"https:\/\/mula.es\/web\/#\/schema\/person\/4f10179bd364f40dceed361e61e4033f","name":"Laura Salas Orcajada","image":{"@type":"ImageObject","inLanguage":"es","@id":"https:\/\/secure.gravatar.com\/avatar\/786f2a223d9a455e2a448f78b5dcc1117207ef56ef3d9a04df338c0f775cd403?s=96&d=mm&r=g","url":"https:\/\/secure.gravatar.com\/avatar\/786f2a223d9a455e2a448f78b5dcc1117207ef56ef3d9a04df338c0f775cd403?s=96&d=mm&r=g","contentUrl":"https:\/\/secure.gravatar.com\/avatar\/786f2a223d9a455e2a448f78b5dcc1117207ef56ef3d9a04df338c0f775cd403?s=96&d=mm&r=g","caption":"Laura Salas Orcajada"},"url":"https:\/\/mula.es\/web\/author\/lsalas\/"}]}},"jetpack_publicize_connections":[],"jetpack_featured_media_url":"https:\/\/mula.es\/web\/wp-content\/uploads\/2020\/06\/escudo-cuadrado-e1591045058235.jpg","jetpack_sharing_enabled":true,"jetpack_shortlink":"https:\/\/wp.me\/pa9DMY-eiR","jetpack-related-posts":[],"_links":{"self":[{"href":"https:\/\/mula.es\/web\/wp-json\/wp\/v2\/posts\/54985","targetHints":{"allow":["GET"]}}],"collection":[{"href":"https:\/\/mula.es\/web\/wp-json\/wp\/v2\/posts"}],"about":[{"href":"https:\/\/mula.es\/web\/wp-json\/wp\/v2\/types\/post"}],"author":[{"embeddable":true,"href":"https:\/\/mula.es\/web\/wp-json\/wp\/v2\/users\/13"}],"replies":[{"embeddable":true,"href":"https:\/\/mula.es\/web\/wp-json\/wp\/v2\/comments?post=54985"}],"version-history":[{"count":5,"href":"https:\/\/mula.es\/web\/wp-json\/wp\/v2\/posts\/54985\/revisions"}],"predecessor-version":[{"id":55128,"href":"https:\/\/mula.es\/web\/wp-json\/wp\/v2\/posts\/54985\/revisions\/55128"}],"wp:featuredmedia":[{"embeddable":true,"href":"https:\/\/mula.es\/web\/wp-json\/wp\/v2\/media\/33512"}],"wp:attachment":[{"href":"https:\/\/mula.es\/web\/wp-json\/wp\/v2\/media?parent=54985"}],"wp:term":[{"taxonomy":"category","embeddable":true,"href":"https:\/\/mula.es\/web\/wp-json\/wp\/v2\/categories?post=54985"},{"taxonomy":"post_tag","embeddable":true,"href":"https:\/\/mula.es\/web\/wp-json\/wp\/v2\/tags?post=54985"}],"curies":[{"name":"wp","href":"https:\/\/api.w.org\/{rel}","templated":true}]}}