{"id":55214,"date":"2024-09-04T12:57:00","date_gmt":"2024-09-04T10:57:00","guid":{"rendered":"https:\/\/mula.es\/web\/?p=55214"},"modified":"2024-09-04T12:57:00","modified_gmt":"2024-09-04T10:57:00","slug":"festejos-punto-de-ayuda-para-la-compra-de-entradas-de-conciertos-de-las-fiestas-patronales-en-el-ayuntamiento-de-mula","status":"publish","type":"post","link":"https:\/\/mula.es\/web\/festejos-punto-de-ayuda-para-la-compra-de-entradas-de-conciertos-de-las-fiestas-patronales-en-el-ayuntamiento-de-mula\/","title":{"rendered":"FESTEJOS | Punto de ayuda para la compra de entradas de conciertos de las fiestas patronales en el Ayuntamiento de Mula"},"content":{"rendered":"<p><strong>Punto de ayuda para la compra de entradas de conciertos de las fiestas patronales en el Ayuntamiento de Mula<\/strong><\/p>\n<p>&nbsp;<\/p>\n<p>Mula, 4 de septiembre de 2024 &#8211; Con el objetivo de facilitar el acceso a las entradas de los conciertos de las fiestas patronales, el Ayuntamiento de Mula establecer\u00e1 a partir del pr\u00f3ximo lunes 9 de septiembre un punto de ayuda para la compra de entradas en el propio Ayuntamiento.<\/p>\n<p>&nbsp;<\/p>\n<p>Este punto de ayuda estar\u00e1 disponible de lunes a viernes, en horario de 11:00 a 14:00 horas, para todos aquellos interesados en adquirir entradas para los conciertos de las fiestas. Cabe destacar que el pago de las entradas solo se podr\u00e1 realizar mediante tarjeta de cr\u00e9dito, garantizando as\u00ed un proceso m\u00e1s seguro y eficiente para todos los usuarios.<\/p>\n<p>&nbsp;<\/p>\n<p>El Ayuntamiento de Mula quiere facilitar el acceso a todos los ciudadanos para que puedan disfrutar de la variada oferta musical y de entretenimiento programada para estas fiestas patronales. Con la instalaci\u00f3n de este punto de ayuda, se espera que todos los vecinos y visitantes puedan adquirir sus entradas de manera c\u00f3moda y r\u00e1pida.<\/p>\n<p><a href=\"https:\/\/mula.es\/web\/wp-content\/uploads\/2024\/09\/PISCINAS-1.jpg\"><img decoding=\"async\" data-attachment-id=\"55215\" data-permalink=\"https:\/\/mula.es\/web\/festejos-punto-de-ayuda-para-la-compra-de-entradas-de-conciertos-de-las-fiestas-patronales-en-el-ayuntamiento-de-mula\/piscinas-1\/\" data-orig-file=\"https:\/\/mula.es\/web\/wp-content\/uploads\/2024\/09\/PISCINAS-1.jpg\" data-orig-size=\"1080,1080\" data-comments-opened=\"0\" data-image-meta=\"{&quot;aperture&quot;:&quot;0&quot;,&quot;credit&quot;:&quot;&quot;,&quot;camera&quot;:&quot;&quot;,&quot;caption&quot;:&quot;&quot;,&quot;created_timestamp&quot;:&quot;0&quot;,&quot;copyright&quot;:&quot;&quot;,&quot;focal_length&quot;:&quot;0&quot;,&quot;iso&quot;:&quot;0&quot;,&quot;shutter_speed&quot;:&quot;0&quot;,&quot;title&quot;:&quot;&quot;,&quot;orientation&quot;:&quot;1&quot;}\" data-image-title=\"PISCINAS (1)\" data-image-description=\"\" data-image-caption=\"\" data-large-file=\"https:\/\/mula.es\/web\/wp-content\/uploads\/2024\/09\/PISCINAS-1-1024x1024.jpg\" class=\"alignnone size-medium wp-image-55215\" src=\"https:\/\/mula.es\/web\/wp-content\/uploads\/2024\/09\/PISCINAS-1-300x300.jpg\" alt=\"\" width=\"300\" height=\"300\" srcset=\"https:\/\/mula.es\/web\/wp-content\/uploads\/2024\/09\/PISCINAS-1-66x66.jpg 66w, https:\/\/mula.es\/web\/wp-content\/uploads\/2024\/09\/PISCINAS-1-150x150.jpg 150w, https:\/\/mula.es\/web\/wp-content\/uploads\/2024\/09\/PISCINAS-1-200x200.jpg 200w, https:\/\/mula.es\/web\/wp-content\/uploads\/2024\/09\/PISCINAS-1-300x300.jpg 300w, https:\/\/mula.es\/web\/wp-content\/uploads\/2024\/09\/PISCINAS-1-400x400.jpg 400w, https:\/\/mula.es\/web\/wp-content\/uploads\/2024\/09\/PISCINAS-1-600x600.jpg 600w, https:\/\/mula.es\/web\/wp-content\/uploads\/2024\/09\/PISCINAS-1-768x768.jpg 768w, https:\/\/mula.es\/web\/wp-content\/uploads\/2024\/09\/PISCINAS-1-800x800.jpg 800w, https:\/\/mula.es\/web\/wp-content\/uploads\/2024\/09\/PISCINAS-1-1024x1024.jpg 1024w, https:\/\/mula.es\/web\/wp-content\/uploads\/2024\/09\/PISCINAS-1.jpg 1080w\" sizes=\"(max-width: 300px) 100vw, 300px\" \/><\/a><\/p>\n","protected":false},"excerpt":{"rendered":"<p>Punto de ayuda para la compra de entradas de conciertos de las fiestas patronales en el Ayuntamiento de Mula &nbsp; Mula, 4 de septiembre de 2024 &#8211; Con el objetivo de facilitar el acceso a las entradas de los conciertos de las fiestas patronales, el Ayuntamiento de Mula establecer\u00e1 a partir del pr\u00f3ximo lunes 9  [&#8230;]<\/p>\n","protected":false},"author":13,"featured_media":33512,"comment_status":"closed","ping_status":"closed","sticky":false,"template":"","format":"standard","meta":{"jetpack_post_was_ever_published":false,"_jetpack_newsletter_access":"","_jetpack_dont_email_post_to_subs":false,"_jetpack_newsletter_tier_id":0,"_jetpack_memberships_contains_paywalled_content":false,"_jetpack_memberships_contains_paid_content":false,"footnotes":"","jetpack_publicize_message":"","jetpack_publicize_feature_enabled":true,"jetpack_social_post_already_shared":false,"jetpack_social_options":{"image_generator_settings":{"template":"highway","default_image_id":0,"font":"","enabled":false},"version":2}},"categories":[171],"tags":[],"class_list":["post-55214","post","type-post","status-publish","format-standard","has-post-thumbnail","hentry","category-festejos"],"yoast_head":"<!-- This site is optimized with the Yoast SEO plugin v27.5 - https:\/\/yoast.com\/product\/yoast-seo-wordpress\/ -->\n<title>FESTEJOS | Punto de ayuda para la compra de entradas de conciertos de las fiestas patronales en el Ayuntamiento de Mula - Ayuntamiento de Mula<\/title>\n<meta name=\"robots\" content=\"index, follow, max-snippet:-1, max-image-preview:large, max-video-preview:-1\" \/>\n<link rel=\"canonical\" href=\"https:\/\/mula.es\/web\/festejos-punto-de-ayuda-para-la-compra-de-entradas-de-conciertos-de-las-fiestas-patronales-en-el-ayuntamiento-de-mula\/\" \/>\n<meta property=\"og:locale\" content=\"es_ES\" \/>\n<meta property=\"og:type\" content=\"article\" \/>\n<meta property=\"og:title\" content=\"FESTEJOS | Punto de ayuda para la compra de entradas de conciertos de las fiestas patronales en el Ayuntamiento de Mula - Ayuntamiento de Mula\" \/>\n<meta property=\"og:description\" content=\"Punto de ayuda para la compra de entradas de conciertos de las fiestas patronales en el Ayuntamiento de Mula &nbsp; Mula, 4 de septiembre de 2024 &#8211; Con el objetivo de facilitar el acceso a las entradas de los conciertos de las fiestas patronales, el Ayuntamiento de Mula establecer\u00e1 a partir del pr\u00f3ximo lunes 9 [...]\" \/>\n<meta property=\"og:url\" content=\"https:\/\/mula.es\/web\/festejos-punto-de-ayuda-para-la-compra-de-entradas-de-conciertos-de-las-fiestas-patronales-en-el-ayuntamiento-de-mula\/\" \/>\n<meta property=\"og:site_name\" content=\"Ayuntamiento de Mula\" \/>\n<meta property=\"article:published_time\" content=\"2024-09-04T10:57:00+00:00\" \/>\n<meta property=\"og:image\" content=\"https:\/\/mula.es\/web\/wp-content\/uploads\/2020\/06\/escudo-cuadrado-e1591045058235.jpg\" \/>\n\t<meta property=\"og:image:width\" content=\"200\" \/>\n\t<meta property=\"og:image:height\" content=\"218\" \/>\n\t<meta property=\"og:image:type\" content=\"image\/jpeg\" \/>\n<meta name=\"author\" content=\"Laura Salas Orcajada\" \/>\n<meta name=\"twitter:card\" content=\"summary_large_image\" \/>\n<meta name=\"twitter:creator\" content=\"@AyuntamientMula\" \/>\n<meta name=\"twitter:site\" content=\"@AyuntamientMula\" \/>\n<meta name=\"twitter:label1\" content=\"Escrito por\" \/>\n\t<meta name=\"twitter:data1\" content=\"Laura Salas Orcajada\" \/>\n\t<meta name=\"twitter:label2\" content=\"Tiempo de lectura\" \/>\n\t<meta name=\"twitter:data2\" content=\"2 minutos\" \/>\n<script type=\"application\/ld+json\" class=\"yoast-schema-graph\">{\"@context\":\"https:\\\/\\\/schema.org\",\"@graph\":[{\"@type\":\"Article\",\"@id\":\"https:\\\/\\\/mula.es\\\/web\\\/festejos-punto-de-ayuda-para-la-compra-de-entradas-de-conciertos-de-las-fiestas-patronales-en-el-ayuntamiento-de-mula\\\/#article\",\"isPartOf\":{\"@id\":\"https:\\\/\\\/mula.es\\\/web\\\/festejos-punto-de-ayuda-para-la-compra-de-entradas-de-conciertos-de-las-fiestas-patronales-en-el-ayuntamiento-de-mula\\\/\"},\"author\":{\"name\":\"Laura Salas Orcajada\",\"@id\":\"https:\\\/\\\/mula.es\\\/web\\\/#\\\/schema\\\/person\\\/4f10179bd364f40dceed361e61e4033f\"},\"headline\":\"FESTEJOS | Punto de ayuda para la compra de entradas de conciertos de las fiestas patronales en el Ayuntamiento de Mula\",\"datePublished\":\"2024-09-04T10:57:00+00:00\",\"mainEntityOfPage\":{\"@id\":\"https:\\\/\\\/mula.es\\\/web\\\/festejos-punto-de-ayuda-para-la-compra-de-entradas-de-conciertos-de-las-fiestas-patronales-en-el-ayuntamiento-de-mula\\\/\"},\"wordCount\":205,\"image\":{\"@id\":\"https:\\\/\\\/mula.es\\\/web\\\/festejos-punto-de-ayuda-para-la-compra-de-entradas-de-conciertos-de-las-fiestas-patronales-en-el-ayuntamiento-de-mula\\\/#primaryimage\"},\"thumbnailUrl\":\"https:\\\/\\\/mula.es\\\/web\\\/wp-content\\\/uploads\\\/2020\\\/06\\\/escudo-cuadrado-e1591045058235.jpg\",\"articleSection\":[\"festejos\"],\"inLanguage\":\"es\"},{\"@type\":\"WebPage\",\"@id\":\"https:\\\/\\\/mula.es\\\/web\\\/festejos-punto-de-ayuda-para-la-compra-de-entradas-de-conciertos-de-las-fiestas-patronales-en-el-ayuntamiento-de-mula\\\/\",\"url\":\"https:\\\/\\\/mula.es\\\/web\\\/festejos-punto-de-ayuda-para-la-compra-de-entradas-de-conciertos-de-las-fiestas-patronales-en-el-ayuntamiento-de-mula\\\/\",\"name\":\"FESTEJOS | Punto de ayuda para la compra de entradas de conciertos de las fiestas patronales en el Ayuntamiento de Mula - Ayuntamiento de Mula\",\"isPartOf\":{\"@id\":\"https:\\\/\\\/mula.es\\\/web\\\/#website\"},\"primaryImageOfPage\":{\"@id\":\"https:\\\/\\\/mula.es\\\/web\\\/festejos-punto-de-ayuda-para-la-compra-de-entradas-de-conciertos-de-las-fiestas-patronales-en-el-ayuntamiento-de-mula\\\/#primaryimage\"},\"image\":{\"@id\":\"https:\\\/\\\/mula.es\\\/web\\\/festejos-punto-de-ayuda-para-la-compra-de-entradas-de-conciertos-de-las-fiestas-patronales-en-el-ayuntamiento-de-mula\\\/#primaryimage\"},\"thumbnailUrl\":\"https:\\\/\\\/mula.es\\\/web\\\/wp-content\\\/uploads\\\/2020\\\/06\\\/escudo-cuadrado-e1591045058235.jpg\",\"datePublished\":\"2024-09-04T10:57:00+00:00\",\"author\":{\"@id\":\"https:\\\/\\\/mula.es\\\/web\\\/#\\\/schema\\\/person\\\/4f10179bd364f40dceed361e61e4033f\"},\"breadcrumb\":{\"@id\":\"https:\\\/\\\/mula.es\\\/web\\\/festejos-punto-de-ayuda-para-la-compra-de-entradas-de-conciertos-de-las-fiestas-patronales-en-el-ayuntamiento-de-mula\\\/#breadcrumb\"},\"inLanguage\":\"es\",\"potentialAction\":[{\"@type\":\"ReadAction\",\"target\":[\"https:\\\/\\\/mula.es\\\/web\\\/festejos-punto-de-ayuda-para-la-compra-de-entradas-de-conciertos-de-las-fiestas-patronales-en-el-ayuntamiento-de-mula\\\/\"]}]},{\"@type\":\"ImageObject\",\"inLanguage\":\"es\",\"@id\":\"https:\\\/\\\/mula.es\\\/web\\\/festejos-punto-de-ayuda-para-la-compra-de-entradas-de-conciertos-de-las-fiestas-patronales-en-el-ayuntamiento-de-mula\\\/#primaryimage\",\"url\":\"https:\\\/\\\/mula.es\\\/web\\\/wp-content\\\/uploads\\\/2020\\\/06\\\/escudo-cuadrado-e1591045058235.jpg\",\"contentUrl\":\"https:\\\/\\\/mula.es\\\/web\\\/wp-content\\\/uploads\\\/2020\\\/06\\\/escudo-cuadrado-e1591045058235.jpg\",\"width\":200,\"height\":218},{\"@type\":\"BreadcrumbList\",\"@id\":\"https:\\\/\\\/mula.es\\\/web\\\/festejos-punto-de-ayuda-para-la-compra-de-entradas-de-conciertos-de-las-fiestas-patronales-en-el-ayuntamiento-de-mula\\\/#breadcrumb\",\"itemListElement\":[{\"@type\":\"ListItem\",\"position\":1,\"name\":\"Portada\",\"item\":\"https:\\\/\\\/mula.es\\\/web\\\/\"},{\"@type\":\"ListItem\",\"position\":2,\"name\":\"FESTEJOS | Punto de ayuda para la compra de entradas de conciertos de las fiestas patronales en el Ayuntamiento de Mula\"}]},{\"@type\":\"WebSite\",\"@id\":\"https:\\\/\\\/mula.es\\\/web\\\/#website\",\"url\":\"https:\\\/\\\/mula.es\\\/web\\\/\",\"name\":\"Ayuntamiento de Mula\",\"description\":\"P\u00e1gina web del Ayuntamiento de Mula (Regi\u00f3n de Murcia)\",\"potentialAction\":[{\"@type\":\"SearchAction\",\"target\":{\"@type\":\"EntryPoint\",\"urlTemplate\":\"https:\\\/\\\/mula.es\\\/web\\\/?s={search_term_string}\"},\"query-input\":{\"@type\":\"PropertyValueSpecification\",\"valueRequired\":true,\"valueName\":\"search_term_string\"}}],\"inLanguage\":\"es\"},{\"@type\":\"Person\",\"@id\":\"https:\\\/\\\/mula.es\\\/web\\\/#\\\/schema\\\/person\\\/4f10179bd364f40dceed361e61e4033f\",\"name\":\"Laura Salas Orcajada\",\"image\":{\"@type\":\"ImageObject\",\"inLanguage\":\"es\",\"@id\":\"https:\\\/\\\/secure.gravatar.com\\\/avatar\\\/786f2a223d9a455e2a448f78b5dcc1117207ef56ef3d9a04df338c0f775cd403?s=96&d=mm&r=g\",\"url\":\"https:\\\/\\\/secure.gravatar.com\\\/avatar\\\/786f2a223d9a455e2a448f78b5dcc1117207ef56ef3d9a04df338c0f775cd403?s=96&d=mm&r=g\",\"contentUrl\":\"https:\\\/\\\/secure.gravatar.com\\\/avatar\\\/786f2a223d9a455e2a448f78b5dcc1117207ef56ef3d9a04df338c0f775cd403?s=96&d=mm&r=g\",\"caption\":\"Laura Salas Orcajada\"},\"url\":\"https:\\\/\\\/mula.es\\\/web\\\/author\\\/lsalas\\\/\"}]}<\/script>\n<!-- \/ Yoast SEO plugin. -->","yoast_head_json":{"title":"FESTEJOS | Punto de ayuda para la compra de entradas de conciertos de las fiestas patronales en el Ayuntamiento de Mula - Ayuntamiento de Mula","robots":{"index":"index","follow":"follow","max-snippet":"max-snippet:-1","max-image-preview":"max-image-preview:large","max-video-preview":"max-video-preview:-1"},"canonical":"https:\/\/mula.es\/web\/festejos-punto-de-ayuda-para-la-compra-de-entradas-de-conciertos-de-las-fiestas-patronales-en-el-ayuntamiento-de-mula\/","og_locale":"es_ES","og_type":"article","og_title":"FESTEJOS | Punto de ayuda para la compra de entradas de conciertos de las fiestas patronales en el Ayuntamiento de Mula - Ayuntamiento de Mula","og_description":"Punto de ayuda para la compra de entradas de conciertos de las fiestas patronales en el Ayuntamiento de Mula &nbsp; Mula, 4 de septiembre de 2024 &#8211; Con el objetivo de facilitar el acceso a las entradas de los conciertos de las fiestas patronales, el Ayuntamiento de Mula establecer\u00e1 a partir del pr\u00f3ximo lunes 9 [...]","og_url":"https:\/\/mula.es\/web\/festejos-punto-de-ayuda-para-la-compra-de-entradas-de-conciertos-de-las-fiestas-patronales-en-el-ayuntamiento-de-mula\/","og_site_name":"Ayuntamiento de Mula","article_published_time":"2024-09-04T10:57:00+00:00","og_image":[{"width":200,"height":218,"url":"https:\/\/mula.es\/web\/wp-content\/uploads\/2020\/06\/escudo-cuadrado-e1591045058235.jpg","type":"image\/jpeg"}],"author":"Laura Salas Orcajada","twitter_card":"summary_large_image","twitter_creator":"@AyuntamientMula","twitter_site":"@AyuntamientMula","twitter_misc":{"Escrito por":"Laura Salas Orcajada","Tiempo de lectura":"2 minutos"},"schema":{"@context":"https:\/\/schema.org","@graph":[{"@type":"Article","@id":"https:\/\/mula.es\/web\/festejos-punto-de-ayuda-para-la-compra-de-entradas-de-conciertos-de-las-fiestas-patronales-en-el-ayuntamiento-de-mula\/#article","isPartOf":{"@id":"https:\/\/mula.es\/web\/festejos-punto-de-ayuda-para-la-compra-de-entradas-de-conciertos-de-las-fiestas-patronales-en-el-ayuntamiento-de-mula\/"},"author":{"name":"Laura Salas Orcajada","@id":"https:\/\/mula.es\/web\/#\/schema\/person\/4f10179bd364f40dceed361e61e4033f"},"headline":"FESTEJOS | Punto de ayuda para la compra de entradas de conciertos de las fiestas patronales en el Ayuntamiento de Mula","datePublished":"2024-09-04T10:57:00+00:00","mainEntityOfPage":{"@id":"https:\/\/mula.es\/web\/festejos-punto-de-ayuda-para-la-compra-de-entradas-de-conciertos-de-las-fiestas-patronales-en-el-ayuntamiento-de-mula\/"},"wordCount":205,"image":{"@id":"https:\/\/mula.es\/web\/festejos-punto-de-ayuda-para-la-compra-de-entradas-de-conciertos-de-las-fiestas-patronales-en-el-ayuntamiento-de-mula\/#primaryimage"},"thumbnailUrl":"https:\/\/mula.es\/web\/wp-content\/uploads\/2020\/06\/escudo-cuadrado-e1591045058235.jpg","articleSection":["festejos"],"inLanguage":"es"},{"@type":"WebPage","@id":"https:\/\/mula.es\/web\/festejos-punto-de-ayuda-para-la-compra-de-entradas-de-conciertos-de-las-fiestas-patronales-en-el-ayuntamiento-de-mula\/","url":"https:\/\/mula.es\/web\/festejos-punto-de-ayuda-para-la-compra-de-entradas-de-conciertos-de-las-fiestas-patronales-en-el-ayuntamiento-de-mula\/","name":"FESTEJOS | Punto de ayuda para la compra de entradas de conciertos de las fiestas patronales en el Ayuntamiento de Mula - Ayuntamiento de Mula","isPartOf":{"@id":"https:\/\/mula.es\/web\/#website"},"primaryImageOfPage":{"@id":"https:\/\/mula.es\/web\/festejos-punto-de-ayuda-para-la-compra-de-entradas-de-conciertos-de-las-fiestas-patronales-en-el-ayuntamiento-de-mula\/#primaryimage"},"image":{"@id":"https:\/\/mula.es\/web\/festejos-punto-de-ayuda-para-la-compra-de-entradas-de-conciertos-de-las-fiestas-patronales-en-el-ayuntamiento-de-mula\/#primaryimage"},"thumbnailUrl":"https:\/\/mula.es\/web\/wp-content\/uploads\/2020\/06\/escudo-cuadrado-e1591045058235.jpg","datePublished":"2024-09-04T10:57:00+00:00","author":{"@id":"https:\/\/mula.es\/web\/#\/schema\/person\/4f10179bd364f40dceed361e61e4033f"},"breadcrumb":{"@id":"https:\/\/mula.es\/web\/festejos-punto-de-ayuda-para-la-compra-de-entradas-de-conciertos-de-las-fiestas-patronales-en-el-ayuntamiento-de-mula\/#breadcrumb"},"inLanguage":"es","potentialAction":[{"@type":"ReadAction","target":["https:\/\/mula.es\/web\/festejos-punto-de-ayuda-para-la-compra-de-entradas-de-conciertos-de-las-fiestas-patronales-en-el-ayuntamiento-de-mula\/"]}]},{"@type":"ImageObject","inLanguage":"es","@id":"https:\/\/mula.es\/web\/festejos-punto-de-ayuda-para-la-compra-de-entradas-de-conciertos-de-las-fiestas-patronales-en-el-ayuntamiento-de-mula\/#primaryimage","url":"https:\/\/mula.es\/web\/wp-content\/uploads\/2020\/06\/escudo-cuadrado-e1591045058235.jpg","contentUrl":"https:\/\/mula.es\/web\/wp-content\/uploads\/2020\/06\/escudo-cuadrado-e1591045058235.jpg","width":200,"height":218},{"@type":"BreadcrumbList","@id":"https:\/\/mula.es\/web\/festejos-punto-de-ayuda-para-la-compra-de-entradas-de-conciertos-de-las-fiestas-patronales-en-el-ayuntamiento-de-mula\/#breadcrumb","itemListElement":[{"@type":"ListItem","position":1,"name":"Portada","item":"https:\/\/mula.es\/web\/"},{"@type":"ListItem","position":2,"name":"FESTEJOS | Punto de ayuda para la compra de entradas de conciertos de las fiestas patronales en el Ayuntamiento de Mula"}]},{"@type":"WebSite","@id":"https:\/\/mula.es\/web\/#website","url":"https:\/\/mula.es\/web\/","name":"Ayuntamiento de Mula","description":"P\u00e1gina web del Ayuntamiento de Mula (Regi\u00f3n de Murcia)","potentialAction":[{"@type":"SearchAction","target":{"@type":"EntryPoint","urlTemplate":"https:\/\/mula.es\/web\/?s={search_term_string}"},"query-input":{"@type":"PropertyValueSpecification","valueRequired":true,"valueName":"search_term_string"}}],"inLanguage":"es"},{"@type":"Person","@id":"https:\/\/mula.es\/web\/#\/schema\/person\/4f10179bd364f40dceed361e61e4033f","name":"Laura Salas Orcajada","image":{"@type":"ImageObject","inLanguage":"es","@id":"https:\/\/secure.gravatar.com\/avatar\/786f2a223d9a455e2a448f78b5dcc1117207ef56ef3d9a04df338c0f775cd403?s=96&d=mm&r=g","url":"https:\/\/secure.gravatar.com\/avatar\/786f2a223d9a455e2a448f78b5dcc1117207ef56ef3d9a04df338c0f775cd403?s=96&d=mm&r=g","contentUrl":"https:\/\/secure.gravatar.com\/avatar\/786f2a223d9a455e2a448f78b5dcc1117207ef56ef3d9a04df338c0f775cd403?s=96&d=mm&r=g","caption":"Laura Salas Orcajada"},"url":"https:\/\/mula.es\/web\/author\/lsalas\/"}]}},"jetpack_publicize_connections":[],"jetpack_featured_media_url":"https:\/\/mula.es\/web\/wp-content\/uploads\/2020\/06\/escudo-cuadrado-e1591045058235.jpg","jetpack_sharing_enabled":true,"jetpack_shortlink":"https:\/\/wp.me\/pa9DMY-emy","jetpack-related-posts":[],"_links":{"self":[{"href":"https:\/\/mula.es\/web\/wp-json\/wp\/v2\/posts\/55214","targetHints":{"allow":["GET"]}}],"collection":[{"href":"https:\/\/mula.es\/web\/wp-json\/wp\/v2\/posts"}],"about":[{"href":"https:\/\/mula.es\/web\/wp-json\/wp\/v2\/types\/post"}],"author":[{"embeddable":true,"href":"https:\/\/mula.es\/web\/wp-json\/wp\/v2\/users\/13"}],"replies":[{"embeddable":true,"href":"https:\/\/mula.es\/web\/wp-json\/wp\/v2\/comments?post=55214"}],"version-history":[{"count":1,"href":"https:\/\/mula.es\/web\/wp-json\/wp\/v2\/posts\/55214\/revisions"}],"predecessor-version":[{"id":55221,"href":"https:\/\/mula.es\/web\/wp-json\/wp\/v2\/posts\/55214\/revisions\/55221"}],"wp:featuredmedia":[{"embeddable":true,"href":"https:\/\/mula.es\/web\/wp-json\/wp\/v2\/media\/33512"}],"wp:attachment":[{"href":"https:\/\/mula.es\/web\/wp-json\/wp\/v2\/media?parent=55214"}],"wp:term":[{"taxonomy":"category","embeddable":true,"href":"https:\/\/mula.es\/web\/wp-json\/wp\/v2\/categories?post=55214"},{"taxonomy":"post_tag","embeddable":true,"href":"https:\/\/mula.es\/web\/wp-json\/wp\/v2\/tags?post=55214"}],"curies":[{"name":"wp","href":"https:\/\/api.w.org\/{rel}","templated":true}]}}