{"id":55275,"date":"2024-09-10T13:13:49","date_gmt":"2024-09-10T11:13:49","guid":{"rendered":"https:\/\/mula.es\/web\/?p=55275"},"modified":"2024-09-10T13:13:49","modified_gmt":"2024-09-10T11:13:49","slug":"festejos-programacion-completa-de-las-fiestas-de-mula-2024","status":"publish","type":"post","link":"https:\/\/mula.es\/web\/festejos-programacion-completa-de-las-fiestas-de-mula-2024\/","title":{"rendered":"FESTEJOS | Programaci\u00f3n completa de las Fiestas de Mula 2024"},"content":{"rendered":"<p><strong>Ya disponible la programaci\u00f3n completa de las Fiestas Patronales de Mula 2024<\/strong><\/p>\n<p>Mula, 10 de septiembre de 2024 \u2013 <strong>Descarga la programaci\u00f3n completa<span style=\"color: #ff0000;\"> <a style=\"color: #ff0000;\" href=\"https:\/\/mula.es\/web\/wp-content\/uploads\/2024\/09\/REVISTA-PROGRAMACION-FIESTAS-PATRONALES-2024.pdf\">aqu\u00ed.<\/a><\/span><\/strong><\/p>\n<p>Este a\u00f1o, las fiestas, que se celebran como es tradici\u00f3n del 19 al 25 de septiembre, contar\u00e1n con una variada oferta de actividades para todos los p\u00fablicos, con eventos que van desde actuaciones musicales y DJ hasta actividades infantiles y religiosas.<\/p>\n<p>Entre los actos m\u00e1s destacados se encuentran la inauguraci\u00f3n oficial con el tradicional espect\u00e1culo piromusical el jueves 19 de septiembre a las 21:00 h, seguida del concierto \u00abRebobinando con Agrupaci\u00f3n Musical Mule\u00f1a\u00bb (El Mejor Pop de los 80), exhibici\u00f3n de comparsas a las 23,30h y a las 01h Dj Pachucho.<\/p>\n<p>&nbsp;<\/p>\n<p>Durante las fiestas habr\u00e1 disponible un Punto Violeta en el Parque Crist\u00f3bal Gabarr\u00f3n y tambi\u00e9n ludoteca infantil en el Pabell\u00f3n Javi Garc\u00eda para los ni\u00f1os y ni\u00f1as con amplia variedad de horarios.<\/p>\n<p>Las fiestas continuar\u00e1n con eventos como el II Encuentro Rociero Ciudad de Mula, los conciertos de artistas como Antonio Jos\u00e9, Juan Mag\u00e1n, y grupos como \u00abSeguridad Social\u00bb, adem\u00e1s de sesiones con DJs que animar\u00e1n las noches festivas.<\/p>\n<p>&nbsp;<\/p>\n<p>La concejala de Festejos, Alicia Zapata, afirma: \u201cLas Fiestas Patronales de Mula son un reflejo de nuestra cultura y nuestras tradiciones. Queremos invitar a todos los vecinos y visitantes a participar en cada una de las actividades programadas y a disfrutar de unos d\u00edas de alegr\u00eda en el pueblo m\u00e1s bonito de la Regi\u00f3n de Murcia\u201d.<\/p>\n<p>El programa completo incluye todos los eventos, horarios y ubicaciones, para que ning\u00fan vecino o visitante se pierda ninguna de las actividades.<\/p>\n<p>&nbsp;<\/p>\n","protected":false},"excerpt":{"rendered":"<p>Ya disponible la programaci\u00f3n completa de las Fiestas Patronales de Mula 2024 Mula, 10 de septiembre de 2024 \u2013 Descarga la programaci\u00f3n completa aqu\u00ed. Este a\u00f1o, las fiestas, que se celebran como es tradici\u00f3n del 19 al 25 de septiembre, contar\u00e1n con una variada oferta de actividades para todos los p\u00fablicos, con eventos que van  [&#8230;]<\/p>\n","protected":false},"author":13,"featured_media":33512,"comment_status":"closed","ping_status":"closed","sticky":false,"template":"","format":"standard","meta":{"jetpack_post_was_ever_published":false,"_jetpack_newsletter_access":"","_jetpack_dont_email_post_to_subs":false,"_jetpack_newsletter_tier_id":0,"_jetpack_memberships_contains_paywalled_content":false,"_jetpack_memberships_contains_paid_content":false,"footnotes":"","jetpack_publicize_message":"","jetpack_publicize_feature_enabled":true,"jetpack_social_post_already_shared":false,"jetpack_social_options":{"image_generator_settings":{"template":"highway","default_image_id":0,"font":"","enabled":false},"version":2}},"categories":[171],"tags":[],"class_list":["post-55275","post","type-post","status-publish","format-standard","has-post-thumbnail","hentry","category-festejos"],"yoast_head":"<!-- This site is optimized with the Yoast SEO plugin v27.5 - https:\/\/yoast.com\/product\/yoast-seo-wordpress\/ -->\n<title>FESTEJOS | Programaci\u00f3n completa de las Fiestas de Mula 2024 - Ayuntamiento de Mula<\/title>\n<meta name=\"description\" content=\"FESTEJOS | Inauguraci\u00f3n de las Fiestas del Barrio San Juan\" \/>\n<meta name=\"robots\" content=\"index, follow, max-snippet:-1, max-image-preview:large, max-video-preview:-1\" \/>\n<link rel=\"canonical\" href=\"https:\/\/mula.es\/web\/festejos-programacion-completa-de-las-fiestas-de-mula-2024\/\" \/>\n<meta property=\"og:locale\" content=\"es_ES\" \/>\n<meta property=\"og:type\" content=\"article\" \/>\n<meta property=\"og:title\" content=\"FESTEJOS | Programaci\u00f3n completa de las Fiestas de Mula 2024 - Ayuntamiento de Mula\" \/>\n<meta property=\"og:description\" content=\"FESTEJOS | Inauguraci\u00f3n de las Fiestas del Barrio San Juan\" \/>\n<meta property=\"og:url\" content=\"https:\/\/mula.es\/web\/festejos-programacion-completa-de-las-fiestas-de-mula-2024\/\" \/>\n<meta property=\"og:site_name\" content=\"Ayuntamiento de Mula\" \/>\n<meta property=\"article:published_time\" content=\"2024-09-10T11:13:49+00:00\" \/>\n<meta property=\"og:image\" content=\"https:\/\/mula.es\/web\/wp-content\/uploads\/2020\/06\/escudo-cuadrado-e1591045058235.jpg\" \/>\n\t<meta property=\"og:image:width\" content=\"200\" \/>\n\t<meta property=\"og:image:height\" content=\"218\" \/>\n\t<meta property=\"og:image:type\" content=\"image\/jpeg\" \/>\n<meta name=\"author\" content=\"Laura Salas Orcajada\" \/>\n<meta name=\"twitter:card\" content=\"summary_large_image\" \/>\n<meta name=\"twitter:creator\" content=\"@AyuntamientMula\" \/>\n<meta name=\"twitter:site\" content=\"@AyuntamientMula\" \/>\n<meta name=\"twitter:label1\" content=\"Escrito por\" \/>\n\t<meta name=\"twitter:data1\" content=\"Laura Salas Orcajada\" \/>\n\t<meta name=\"twitter:label2\" content=\"Tiempo de lectura\" \/>\n\t<meta name=\"twitter:data2\" content=\"5 minutos\" \/>\n<script type=\"application\/ld+json\" class=\"yoast-schema-graph\">{\"@context\":\"https:\\\/\\\/schema.org\",\"@graph\":[{\"@type\":\"Article\",\"@id\":\"https:\\\/\\\/mula.es\\\/web\\\/festejos-programacion-completa-de-las-fiestas-de-mula-2024\\\/#article\",\"isPartOf\":{\"@id\":\"https:\\\/\\\/mula.es\\\/web\\\/festejos-programacion-completa-de-las-fiestas-de-mula-2024\\\/\"},\"author\":{\"name\":\"Laura Salas Orcajada\",\"@id\":\"https:\\\/\\\/mula.es\\\/web\\\/#\\\/schema\\\/person\\\/4f10179bd364f40dceed361e61e4033f\"},\"headline\":\"FESTEJOS | Programaci\u00f3n completa de las Fiestas de Mula 2024\",\"datePublished\":\"2024-09-10T11:13:49+00:00\",\"mainEntityOfPage\":{\"@id\":\"https:\\\/\\\/mula.es\\\/web\\\/festejos-programacion-completa-de-las-fiestas-de-mula-2024\\\/\"},\"wordCount\":293,\"image\":{\"@id\":\"https:\\\/\\\/mula.es\\\/web\\\/festejos-programacion-completa-de-las-fiestas-de-mula-2024\\\/#primaryimage\"},\"thumbnailUrl\":\"https:\\\/\\\/mula.es\\\/web\\\/wp-content\\\/uploads\\\/2020\\\/06\\\/escudo-cuadrado-e1591045058235.jpg\",\"articleSection\":[\"festejos\"],\"inLanguage\":\"es\"},{\"@type\":\"WebPage\",\"@id\":\"https:\\\/\\\/mula.es\\\/web\\\/festejos-programacion-completa-de-las-fiestas-de-mula-2024\\\/\",\"url\":\"https:\\\/\\\/mula.es\\\/web\\\/festejos-programacion-completa-de-las-fiestas-de-mula-2024\\\/\",\"name\":\"FESTEJOS | Programaci\u00f3n completa de las Fiestas de Mula 2024 - Ayuntamiento de Mula\",\"isPartOf\":{\"@id\":\"https:\\\/\\\/mula.es\\\/web\\\/#website\"},\"primaryImageOfPage\":{\"@id\":\"https:\\\/\\\/mula.es\\\/web\\\/festejos-programacion-completa-de-las-fiestas-de-mula-2024\\\/#primaryimage\"},\"image\":{\"@id\":\"https:\\\/\\\/mula.es\\\/web\\\/festejos-programacion-completa-de-las-fiestas-de-mula-2024\\\/#primaryimage\"},\"thumbnailUrl\":\"https:\\\/\\\/mula.es\\\/web\\\/wp-content\\\/uploads\\\/2020\\\/06\\\/escudo-cuadrado-e1591045058235.jpg\",\"datePublished\":\"2024-09-10T11:13:49+00:00\",\"author\":{\"@id\":\"https:\\\/\\\/mula.es\\\/web\\\/#\\\/schema\\\/person\\\/4f10179bd364f40dceed361e61e4033f\"},\"description\":\"FESTEJOS | Inauguraci\u00f3n de las Fiestas del Barrio San Juan\",\"breadcrumb\":{\"@id\":\"https:\\\/\\\/mula.es\\\/web\\\/festejos-programacion-completa-de-las-fiestas-de-mula-2024\\\/#breadcrumb\"},\"inLanguage\":\"es\",\"potentialAction\":[{\"@type\":\"ReadAction\",\"target\":[\"https:\\\/\\\/mula.es\\\/web\\\/festejos-programacion-completa-de-las-fiestas-de-mula-2024\\\/\"]}]},{\"@type\":\"ImageObject\",\"inLanguage\":\"es\",\"@id\":\"https:\\\/\\\/mula.es\\\/web\\\/festejos-programacion-completa-de-las-fiestas-de-mula-2024\\\/#primaryimage\",\"url\":\"https:\\\/\\\/mula.es\\\/web\\\/wp-content\\\/uploads\\\/2020\\\/06\\\/escudo-cuadrado-e1591045058235.jpg\",\"contentUrl\":\"https:\\\/\\\/mula.es\\\/web\\\/wp-content\\\/uploads\\\/2020\\\/06\\\/escudo-cuadrado-e1591045058235.jpg\",\"width\":200,\"height\":218},{\"@type\":\"BreadcrumbList\",\"@id\":\"https:\\\/\\\/mula.es\\\/web\\\/festejos-programacion-completa-de-las-fiestas-de-mula-2024\\\/#breadcrumb\",\"itemListElement\":[{\"@type\":\"ListItem\",\"position\":1,\"name\":\"Portada\",\"item\":\"https:\\\/\\\/mula.es\\\/web\\\/\"},{\"@type\":\"ListItem\",\"position\":2,\"name\":\"FESTEJOS | Programaci\u00f3n completa de las Fiestas de Mula 2024\"}]},{\"@type\":\"WebSite\",\"@id\":\"https:\\\/\\\/mula.es\\\/web\\\/#website\",\"url\":\"https:\\\/\\\/mula.es\\\/web\\\/\",\"name\":\"Ayuntamiento de Mula\",\"description\":\"P\u00e1gina web del Ayuntamiento de Mula (Regi\u00f3n de Murcia)\",\"potentialAction\":[{\"@type\":\"SearchAction\",\"target\":{\"@type\":\"EntryPoint\",\"urlTemplate\":\"https:\\\/\\\/mula.es\\\/web\\\/?s={search_term_string}\"},\"query-input\":{\"@type\":\"PropertyValueSpecification\",\"valueRequired\":true,\"valueName\":\"search_term_string\"}}],\"inLanguage\":\"es\"},{\"@type\":\"Person\",\"@id\":\"https:\\\/\\\/mula.es\\\/web\\\/#\\\/schema\\\/person\\\/4f10179bd364f40dceed361e61e4033f\",\"name\":\"Laura Salas Orcajada\",\"image\":{\"@type\":\"ImageObject\",\"inLanguage\":\"es\",\"@id\":\"https:\\\/\\\/secure.gravatar.com\\\/avatar\\\/786f2a223d9a455e2a448f78b5dcc1117207ef56ef3d9a04df338c0f775cd403?s=96&d=mm&r=g\",\"url\":\"https:\\\/\\\/secure.gravatar.com\\\/avatar\\\/786f2a223d9a455e2a448f78b5dcc1117207ef56ef3d9a04df338c0f775cd403?s=96&d=mm&r=g\",\"contentUrl\":\"https:\\\/\\\/secure.gravatar.com\\\/avatar\\\/786f2a223d9a455e2a448f78b5dcc1117207ef56ef3d9a04df338c0f775cd403?s=96&d=mm&r=g\",\"caption\":\"Laura Salas Orcajada\"},\"url\":\"https:\\\/\\\/mula.es\\\/web\\\/author\\\/lsalas\\\/\"}]}<\/script>\n<!-- \/ Yoast SEO plugin. -->","yoast_head_json":{"title":"FESTEJOS | Programaci\u00f3n completa de las Fiestas de Mula 2024 - Ayuntamiento de Mula","description":"FESTEJOS | Inauguraci\u00f3n de las Fiestas del Barrio San Juan","robots":{"index":"index","follow":"follow","max-snippet":"max-snippet:-1","max-image-preview":"max-image-preview:large","max-video-preview":"max-video-preview:-1"},"canonical":"https:\/\/mula.es\/web\/festejos-programacion-completa-de-las-fiestas-de-mula-2024\/","og_locale":"es_ES","og_type":"article","og_title":"FESTEJOS | Programaci\u00f3n completa de las Fiestas de Mula 2024 - Ayuntamiento de Mula","og_description":"FESTEJOS | Inauguraci\u00f3n de las Fiestas del Barrio San Juan","og_url":"https:\/\/mula.es\/web\/festejos-programacion-completa-de-las-fiestas-de-mula-2024\/","og_site_name":"Ayuntamiento de Mula","article_published_time":"2024-09-10T11:13:49+00:00","og_image":[{"width":200,"height":218,"url":"https:\/\/mula.es\/web\/wp-content\/uploads\/2020\/06\/escudo-cuadrado-e1591045058235.jpg","type":"image\/jpeg"}],"author":"Laura Salas Orcajada","twitter_card":"summary_large_image","twitter_creator":"@AyuntamientMula","twitter_site":"@AyuntamientMula","twitter_misc":{"Escrito por":"Laura Salas Orcajada","Tiempo de lectura":"5 minutos"},"schema":{"@context":"https:\/\/schema.org","@graph":[{"@type":"Article","@id":"https:\/\/mula.es\/web\/festejos-programacion-completa-de-las-fiestas-de-mula-2024\/#article","isPartOf":{"@id":"https:\/\/mula.es\/web\/festejos-programacion-completa-de-las-fiestas-de-mula-2024\/"},"author":{"name":"Laura Salas Orcajada","@id":"https:\/\/mula.es\/web\/#\/schema\/person\/4f10179bd364f40dceed361e61e4033f"},"headline":"FESTEJOS | Programaci\u00f3n completa de las Fiestas de Mula 2024","datePublished":"2024-09-10T11:13:49+00:00","mainEntityOfPage":{"@id":"https:\/\/mula.es\/web\/festejos-programacion-completa-de-las-fiestas-de-mula-2024\/"},"wordCount":293,"image":{"@id":"https:\/\/mula.es\/web\/festejos-programacion-completa-de-las-fiestas-de-mula-2024\/#primaryimage"},"thumbnailUrl":"https:\/\/mula.es\/web\/wp-content\/uploads\/2020\/06\/escudo-cuadrado-e1591045058235.jpg","articleSection":["festejos"],"inLanguage":"es"},{"@type":"WebPage","@id":"https:\/\/mula.es\/web\/festejos-programacion-completa-de-las-fiestas-de-mula-2024\/","url":"https:\/\/mula.es\/web\/festejos-programacion-completa-de-las-fiestas-de-mula-2024\/","name":"FESTEJOS | Programaci\u00f3n completa de las Fiestas de Mula 2024 - Ayuntamiento de Mula","isPartOf":{"@id":"https:\/\/mula.es\/web\/#website"},"primaryImageOfPage":{"@id":"https:\/\/mula.es\/web\/festejos-programacion-completa-de-las-fiestas-de-mula-2024\/#primaryimage"},"image":{"@id":"https:\/\/mula.es\/web\/festejos-programacion-completa-de-las-fiestas-de-mula-2024\/#primaryimage"},"thumbnailUrl":"https:\/\/mula.es\/web\/wp-content\/uploads\/2020\/06\/escudo-cuadrado-e1591045058235.jpg","datePublished":"2024-09-10T11:13:49+00:00","author":{"@id":"https:\/\/mula.es\/web\/#\/schema\/person\/4f10179bd364f40dceed361e61e4033f"},"description":"FESTEJOS | Inauguraci\u00f3n de las Fiestas del Barrio San Juan","breadcrumb":{"@id":"https:\/\/mula.es\/web\/festejos-programacion-completa-de-las-fiestas-de-mula-2024\/#breadcrumb"},"inLanguage":"es","potentialAction":[{"@type":"ReadAction","target":["https:\/\/mula.es\/web\/festejos-programacion-completa-de-las-fiestas-de-mula-2024\/"]}]},{"@type":"ImageObject","inLanguage":"es","@id":"https:\/\/mula.es\/web\/festejos-programacion-completa-de-las-fiestas-de-mula-2024\/#primaryimage","url":"https:\/\/mula.es\/web\/wp-content\/uploads\/2020\/06\/escudo-cuadrado-e1591045058235.jpg","contentUrl":"https:\/\/mula.es\/web\/wp-content\/uploads\/2020\/06\/escudo-cuadrado-e1591045058235.jpg","width":200,"height":218},{"@type":"BreadcrumbList","@id":"https:\/\/mula.es\/web\/festejos-programacion-completa-de-las-fiestas-de-mula-2024\/#breadcrumb","itemListElement":[{"@type":"ListItem","position":1,"name":"Portada","item":"https:\/\/mula.es\/web\/"},{"@type":"ListItem","position":2,"name":"FESTEJOS | Programaci\u00f3n completa de las Fiestas de Mula 2024"}]},{"@type":"WebSite","@id":"https:\/\/mula.es\/web\/#website","url":"https:\/\/mula.es\/web\/","name":"Ayuntamiento de Mula","description":"P\u00e1gina web del Ayuntamiento de Mula (Regi\u00f3n de Murcia)","potentialAction":[{"@type":"SearchAction","target":{"@type":"EntryPoint","urlTemplate":"https:\/\/mula.es\/web\/?s={search_term_string}"},"query-input":{"@type":"PropertyValueSpecification","valueRequired":true,"valueName":"search_term_string"}}],"inLanguage":"es"},{"@type":"Person","@id":"https:\/\/mula.es\/web\/#\/schema\/person\/4f10179bd364f40dceed361e61e4033f","name":"Laura Salas Orcajada","image":{"@type":"ImageObject","inLanguage":"es","@id":"https:\/\/secure.gravatar.com\/avatar\/786f2a223d9a455e2a448f78b5dcc1117207ef56ef3d9a04df338c0f775cd403?s=96&d=mm&r=g","url":"https:\/\/secure.gravatar.com\/avatar\/786f2a223d9a455e2a448f78b5dcc1117207ef56ef3d9a04df338c0f775cd403?s=96&d=mm&r=g","contentUrl":"https:\/\/secure.gravatar.com\/avatar\/786f2a223d9a455e2a448f78b5dcc1117207ef56ef3d9a04df338c0f775cd403?s=96&d=mm&r=g","caption":"Laura Salas Orcajada"},"url":"https:\/\/mula.es\/web\/author\/lsalas\/"}]}},"jetpack_publicize_connections":[],"jetpack_featured_media_url":"https:\/\/mula.es\/web\/wp-content\/uploads\/2020\/06\/escudo-cuadrado-e1591045058235.jpg","jetpack_sharing_enabled":true,"jetpack_shortlink":"https:\/\/wp.me\/pa9DMY-enx","jetpack-related-posts":[],"_links":{"self":[{"href":"https:\/\/mula.es\/web\/wp-json\/wp\/v2\/posts\/55275","targetHints":{"allow":["GET"]}}],"collection":[{"href":"https:\/\/mula.es\/web\/wp-json\/wp\/v2\/posts"}],"about":[{"href":"https:\/\/mula.es\/web\/wp-json\/wp\/v2\/types\/post"}],"author":[{"embeddable":true,"href":"https:\/\/mula.es\/web\/wp-json\/wp\/v2\/users\/13"}],"replies":[{"embeddable":true,"href":"https:\/\/mula.es\/web\/wp-json\/wp\/v2\/comments?post=55275"}],"version-history":[{"count":1,"href":"https:\/\/mula.es\/web\/wp-json\/wp\/v2\/posts\/55275\/revisions"}],"predecessor-version":[{"id":55277,"href":"https:\/\/mula.es\/web\/wp-json\/wp\/v2\/posts\/55275\/revisions\/55277"}],"wp:featuredmedia":[{"embeddable":true,"href":"https:\/\/mula.es\/web\/wp-json\/wp\/v2\/media\/33512"}],"wp:attachment":[{"href":"https:\/\/mula.es\/web\/wp-json\/wp\/v2\/media?parent=55275"}],"wp:term":[{"taxonomy":"category","embeddable":true,"href":"https:\/\/mula.es\/web\/wp-json\/wp\/v2\/categories?post=55275"},{"taxonomy":"post_tag","embeddable":true,"href":"https:\/\/mula.es\/web\/wp-json\/wp\/v2\/tags?post=55275"}],"curies":[{"name":"wp","href":"https:\/\/api.w.org\/{rel}","templated":true}]}}