{"id":55281,"date":"2024-09-12T12:10:33","date_gmt":"2024-09-12T10:10:33","guid":{"rendered":"https:\/\/mula.es\/web\/?p=55281"},"modified":"2024-09-13T09:20:02","modified_gmt":"2024-09-13T07:20:02","slug":"alcaldia-el-alcalde-de-mula-se-reune-con-el-presidente-de-la-confederacion-hidrografica-del-segura-para-abordar-temas-de-interes-para-el-municipio","status":"publish","type":"post","link":"https:\/\/mula.es\/web\/alcaldia-el-alcalde-de-mula-se-reune-con-el-presidente-de-la-confederacion-hidrografica-del-segura-para-abordar-temas-de-interes-para-el-municipio\/","title":{"rendered":"ALCALD\u00cdA | El alcalde de Mula se re\u00fane con el presidente de la Confederaci\u00f3n Hidrogr\u00e1fica del Segura para abordar temas de inter\u00e9s para el municipio"},"content":{"rendered":"<p><strong>El alcalde de Mula se re\u00fane con el presidente de la Confederaci\u00f3n Hidrogr\u00e1fica del Segura para abordar <\/strong><strong>temas de inter\u00e9s para el municipio<\/strong><\/p>\n<p>&nbsp;<\/p>\n<p>Mula, 11 de septiembre de 2024 \u2013 El alcalde de Mula, Juan Jes\u00fas Moreno, acompa\u00f1ado por el presidente de la Comunidad de Regantes de Mula, Asensio Garc\u00eda, ha mantenido una reuni\u00f3n de trabajo con el presidente de la Confederaci\u00f3n Hidrogr\u00e1fica del Segura (CHS), Mario Urrea, as\u00ed como con el Comisario de Aguas, Javier Garc\u00eda Garay, y el director t\u00e9cnico, Carlos Marco Garc\u00eda. Durante el encuentro se trataron varios temas clave para el municipio, relacionados con la gesti\u00f3n de los recursos h\u00eddricos.<\/p>\n<p><a href=\"https:\/\/mula.es\/web\/wp-content\/uploads\/2024\/09\/1_IMG_4003.jpg\"><img decoding=\"async\" data-attachment-id=\"55282\" data-permalink=\"https:\/\/mula.es\/web\/alcaldia-el-alcalde-de-mula-se-reune-con-el-presidente-de-la-confederacion-hidrografica-del-segura-para-abordar-temas-de-interes-para-el-municipio\/1_img_4003\/\" data-orig-file=\"https:\/\/mula.es\/web\/wp-content\/uploads\/2024\/09\/1_IMG_4003.jpg\" data-orig-size=\"1838,1092\" data-comments-opened=\"0\" data-image-meta=\"{&quot;aperture&quot;:&quot;0&quot;,&quot;credit&quot;:&quot;&quot;,&quot;camera&quot;:&quot;Canon EOS 650D&quot;,&quot;caption&quot;:&quot;&quot;,&quot;created_timestamp&quot;:&quot;1726051646&quot;,&quot;copyright&quot;:&quot;&quot;,&quot;focal_length&quot;:&quot;0&quot;,&quot;iso&quot;:&quot;400&quot;,&quot;shutter_speed&quot;:&quot;0&quot;,&quot;title&quot;:&quot;&quot;,&quot;orientation&quot;:&quot;0&quot;}\" data-image-title=\"1_IMG_4003\" data-image-description=\"\" data-image-caption=\"\" data-large-file=\"https:\/\/mula.es\/web\/wp-content\/uploads\/2024\/09\/1_IMG_4003-1024x608.jpg\" class=\" wp-image-55282 aligncenter\" src=\"https:\/\/mula.es\/web\/wp-content\/uploads\/2024\/09\/1_IMG_4003-300x178.jpg\" alt=\"\" width=\"423\" height=\"251\" srcset=\"https:\/\/mula.es\/web\/wp-content\/uploads\/2024\/09\/1_IMG_4003-200x119.jpg 200w, https:\/\/mula.es\/web\/wp-content\/uploads\/2024\/09\/1_IMG_4003-300x178.jpg 300w, https:\/\/mula.es\/web\/wp-content\/uploads\/2024\/09\/1_IMG_4003-400x238.jpg 400w, https:\/\/mula.es\/web\/wp-content\/uploads\/2024\/09\/1_IMG_4003-600x356.jpg 600w, https:\/\/mula.es\/web\/wp-content\/uploads\/2024\/09\/1_IMG_4003-768x456.jpg 768w, https:\/\/mula.es\/web\/wp-content\/uploads\/2024\/09\/1_IMG_4003-800x475.jpg 800w, https:\/\/mula.es\/web\/wp-content\/uploads\/2024\/09\/1_IMG_4003-1024x608.jpg 1024w, https:\/\/mula.es\/web\/wp-content\/uploads\/2024\/09\/1_IMG_4003-1200x713.jpg 1200w, https:\/\/mula.es\/web\/wp-content\/uploads\/2024\/09\/1_IMG_4003-1536x913.jpg 1536w, https:\/\/mula.es\/web\/wp-content\/uploads\/2024\/09\/1_IMG_4003.jpg 1838w\" sizes=\"(max-width: 423px) 100vw, 423px\" \/><\/a><\/p>\n<p>Entre los asuntos planteados por el alcalde se incluyeron la problem\u00e1tica de los ca\u00f1ones antigranizo, la posibilidad de establecer riegos de socorro para la zona, y la situaci\u00f3n de los Qecol en el r\u00edo Mula, una cuesti\u00f3n importante para los usuarios de regad\u00edo del municipio.<\/p>\n<p>&nbsp;<\/p>\n<p>En cuanto a los ca\u00f1ones antigranizo, el presidente de la CHS inform\u00f3 de que actualmente no existe ninguna autorizaci\u00f3n para su uso, y que aquellos denunciados por su funcionamiento son inmovilizados y precintados por la Confederaci\u00f3n o por la Guardia Civil.<\/p>\n<p>&nbsp;<\/p>\n<p>Sobre los riegos de socorro, se explic\u00f3 que es necesario seguir un procedimiento que requiere informes de compatibilidad con la planificaci\u00f3n hidrol\u00f3gica y un estudio agron\u00f3mico por parte de la CARM.<\/p>\n<p>&nbsp;<\/p>\n<p>Otro de los puntos tratados fue el estado de los proyectos de renaturalizaci\u00f3n del r\u00edo Mula, que se espera puedan ser licitados a finales de este a\u00f1o.<\/p>\n<p>&nbsp;<\/p>\n<p>Respecto a los Qecol, se discuti\u00f3 la necesidad de avanzar en el control de los aprovechamientos de agua mediante la instalaci\u00f3n de contadores en las tomas de los usuarios, as\u00ed como estaciones de aforo en el cauce del r\u00edo, lo que permitir\u00e1 una mejor gesti\u00f3n del sistema de explotaci\u00f3n vinculado a los embalses y al cumplimiento de los requisitos medioambientales.<\/p>\n<p>&nbsp;<\/p>\n<p>La reuni\u00f3n se desarroll\u00f3 en un ambiente de cordialidad y colaboraci\u00f3n, con el objetivo de continuar trabajando en beneficio de los intereses de Mula y sus ciudadanos.<\/p>\n","protected":false},"excerpt":{"rendered":"<p>El alcalde de Mula se re\u00fane con el presidente de la Confederaci\u00f3n Hidrogr\u00e1fica del Segura para abordar temas de inter\u00e9s para el municipio &nbsp; Mula, 11 de septiembre de 2024 \u2013 El alcalde de Mula, Juan Jes\u00fas Moreno, acompa\u00f1ado por el presidente de la Comunidad de Regantes de Mula, Asensio Garc\u00eda, ha mantenido una reuni\u00f3n  [&#8230;]<\/p>\n","protected":false},"author":13,"featured_media":33512,"comment_status":"closed","ping_status":"closed","sticky":false,"template":"","format":"standard","meta":{"jetpack_post_was_ever_published":false,"_jetpack_newsletter_access":"","_jetpack_dont_email_post_to_subs":false,"_jetpack_newsletter_tier_id":0,"_jetpack_memberships_contains_paywalled_content":false,"_jetpack_memberships_contains_paid_content":false,"footnotes":"","jetpack_publicize_message":"","jetpack_publicize_feature_enabled":true,"jetpack_social_post_already_shared":false,"jetpack_social_options":{"image_generator_settings":{"template":"highway","default_image_id":0,"font":"","enabled":false},"version":2}},"categories":[392],"tags":[],"class_list":["post-55281","post","type-post","status-publish","format-standard","has-post-thumbnail","hentry","category-alcaldia"],"yoast_head":"<!-- This site is optimized with the Yoast SEO plugin v27.5 - https:\/\/yoast.com\/product\/yoast-seo-wordpress\/ -->\n<title>ALCALD\u00cdA | El alcalde de Mula se re\u00fane con el presidente de la Confederaci\u00f3n Hidrogr\u00e1fica del Segura para abordar temas de inter\u00e9s para el municipio - Ayuntamiento de Mula<\/title>\n<meta name=\"robots\" content=\"index, follow, max-snippet:-1, max-image-preview:large, max-video-preview:-1\" \/>\n<link rel=\"canonical\" href=\"https:\/\/mula.es\/web\/alcaldia-el-alcalde-de-mula-se-reune-con-el-presidente-de-la-confederacion-hidrografica-del-segura-para-abordar-temas-de-interes-para-el-municipio\/\" \/>\n<meta property=\"og:locale\" content=\"es_ES\" \/>\n<meta property=\"og:type\" content=\"article\" \/>\n<meta property=\"og:title\" content=\"ALCALD\u00cdA | El alcalde de Mula se re\u00fane con el presidente de la Confederaci\u00f3n Hidrogr\u00e1fica del Segura para abordar temas de inter\u00e9s para el municipio - Ayuntamiento de Mula\" \/>\n<meta property=\"og:description\" content=\"El alcalde de Mula se re\u00fane con el presidente de la Confederaci\u00f3n Hidrogr\u00e1fica del Segura para abordar temas de inter\u00e9s para el municipio &nbsp; Mula, 11 de septiembre de 2024 \u2013 El alcalde de Mula, Juan Jes\u00fas Moreno, acompa\u00f1ado por el presidente de la Comunidad de Regantes de Mula, Asensio Garc\u00eda, ha mantenido una reuni\u00f3n [...]\" \/>\n<meta property=\"og:url\" content=\"https:\/\/mula.es\/web\/alcaldia-el-alcalde-de-mula-se-reune-con-el-presidente-de-la-confederacion-hidrografica-del-segura-para-abordar-temas-de-interes-para-el-municipio\/\" \/>\n<meta property=\"og:site_name\" content=\"Ayuntamiento de Mula\" \/>\n<meta property=\"article:published_time\" content=\"2024-09-12T10:10:33+00:00\" \/>\n<meta property=\"article:modified_time\" content=\"2024-09-13T07:20:02+00:00\" \/>\n<meta property=\"og:image\" content=\"https:\/\/mula.es\/web\/wp-content\/uploads\/2020\/06\/escudo-cuadrado-e1591045058235.jpg\" \/>\n\t<meta property=\"og:image:width\" content=\"200\" \/>\n\t<meta property=\"og:image:height\" content=\"218\" \/>\n\t<meta property=\"og:image:type\" content=\"image\/jpeg\" \/>\n<meta name=\"author\" content=\"Laura Salas Orcajada\" \/>\n<meta name=\"twitter:card\" content=\"summary_large_image\" \/>\n<meta name=\"twitter:creator\" content=\"@AyuntamientMula\" \/>\n<meta name=\"twitter:site\" content=\"@AyuntamientMula\" \/>\n<meta name=\"twitter:label1\" content=\"Escrito por\" \/>\n\t<meta name=\"twitter:data1\" content=\"Laura Salas Orcajada\" \/>\n\t<meta name=\"twitter:label2\" content=\"Tiempo de lectura\" \/>\n\t<meta name=\"twitter:data2\" content=\"2 minutos\" \/>\n<script type=\"application\/ld+json\" class=\"yoast-schema-graph\">{\"@context\":\"https:\\\/\\\/schema.org\",\"@graph\":[{\"@type\":\"Article\",\"@id\":\"https:\\\/\\\/mula.es\\\/web\\\/alcaldia-el-alcalde-de-mula-se-reune-con-el-presidente-de-la-confederacion-hidrografica-del-segura-para-abordar-temas-de-interes-para-el-municipio\\\/#article\",\"isPartOf\":{\"@id\":\"https:\\\/\\\/mula.es\\\/web\\\/alcaldia-el-alcalde-de-mula-se-reune-con-el-presidente-de-la-confederacion-hidrografica-del-segura-para-abordar-temas-de-interes-para-el-municipio\\\/\"},\"author\":{\"name\":\"Laura Salas Orcajada\",\"@id\":\"https:\\\/\\\/mula.es\\\/web\\\/#\\\/schema\\\/person\\\/4f10179bd364f40dceed361e61e4033f\"},\"headline\":\"ALCALD\u00cdA | El alcalde de Mula se re\u00fane con el presidente de la Confederaci\u00f3n Hidrogr\u00e1fica del Segura para abordar temas de inter\u00e9s para el municipio\",\"datePublished\":\"2024-09-12T10:10:33+00:00\",\"dateModified\":\"2024-09-13T07:20:02+00:00\",\"mainEntityOfPage\":{\"@id\":\"https:\\\/\\\/mula.es\\\/web\\\/alcaldia-el-alcalde-de-mula-se-reune-con-el-presidente-de-la-confederacion-hidrografica-del-segura-para-abordar-temas-de-interes-para-el-municipio\\\/\"},\"wordCount\":403,\"image\":{\"@id\":\"https:\\\/\\\/mula.es\\\/web\\\/alcaldia-el-alcalde-de-mula-se-reune-con-el-presidente-de-la-confederacion-hidrografica-del-segura-para-abordar-temas-de-interes-para-el-municipio\\\/#primaryimage\"},\"thumbnailUrl\":\"https:\\\/\\\/mula.es\\\/web\\\/wp-content\\\/uploads\\\/2020\\\/06\\\/escudo-cuadrado-e1591045058235.jpg\",\"articleSection\":[\"alcald\u00eda\"],\"inLanguage\":\"es\"},{\"@type\":\"WebPage\",\"@id\":\"https:\\\/\\\/mula.es\\\/web\\\/alcaldia-el-alcalde-de-mula-se-reune-con-el-presidente-de-la-confederacion-hidrografica-del-segura-para-abordar-temas-de-interes-para-el-municipio\\\/\",\"url\":\"https:\\\/\\\/mula.es\\\/web\\\/alcaldia-el-alcalde-de-mula-se-reune-con-el-presidente-de-la-confederacion-hidrografica-del-segura-para-abordar-temas-de-interes-para-el-municipio\\\/\",\"name\":\"ALCALD\u00cdA | El alcalde de Mula se re\u00fane con el presidente de la Confederaci\u00f3n Hidrogr\u00e1fica del Segura para abordar temas de inter\u00e9s para el municipio - Ayuntamiento de Mula\",\"isPartOf\":{\"@id\":\"https:\\\/\\\/mula.es\\\/web\\\/#website\"},\"primaryImageOfPage\":{\"@id\":\"https:\\\/\\\/mula.es\\\/web\\\/alcaldia-el-alcalde-de-mula-se-reune-con-el-presidente-de-la-confederacion-hidrografica-del-segura-para-abordar-temas-de-interes-para-el-municipio\\\/#primaryimage\"},\"image\":{\"@id\":\"https:\\\/\\\/mula.es\\\/web\\\/alcaldia-el-alcalde-de-mula-se-reune-con-el-presidente-de-la-confederacion-hidrografica-del-segura-para-abordar-temas-de-interes-para-el-municipio\\\/#primaryimage\"},\"thumbnailUrl\":\"https:\\\/\\\/mula.es\\\/web\\\/wp-content\\\/uploads\\\/2020\\\/06\\\/escudo-cuadrado-e1591045058235.jpg\",\"datePublished\":\"2024-09-12T10:10:33+00:00\",\"dateModified\":\"2024-09-13T07:20:02+00:00\",\"author\":{\"@id\":\"https:\\\/\\\/mula.es\\\/web\\\/#\\\/schema\\\/person\\\/4f10179bd364f40dceed361e61e4033f\"},\"breadcrumb\":{\"@id\":\"https:\\\/\\\/mula.es\\\/web\\\/alcaldia-el-alcalde-de-mula-se-reune-con-el-presidente-de-la-confederacion-hidrografica-del-segura-para-abordar-temas-de-interes-para-el-municipio\\\/#breadcrumb\"},\"inLanguage\":\"es\",\"potentialAction\":[{\"@type\":\"ReadAction\",\"target\":[\"https:\\\/\\\/mula.es\\\/web\\\/alcaldia-el-alcalde-de-mula-se-reune-con-el-presidente-de-la-confederacion-hidrografica-del-segura-para-abordar-temas-de-interes-para-el-municipio\\\/\"]}]},{\"@type\":\"ImageObject\",\"inLanguage\":\"es\",\"@id\":\"https:\\\/\\\/mula.es\\\/web\\\/alcaldia-el-alcalde-de-mula-se-reune-con-el-presidente-de-la-confederacion-hidrografica-del-segura-para-abordar-temas-de-interes-para-el-municipio\\\/#primaryimage\",\"url\":\"https:\\\/\\\/mula.es\\\/web\\\/wp-content\\\/uploads\\\/2020\\\/06\\\/escudo-cuadrado-e1591045058235.jpg\",\"contentUrl\":\"https:\\\/\\\/mula.es\\\/web\\\/wp-content\\\/uploads\\\/2020\\\/06\\\/escudo-cuadrado-e1591045058235.jpg\",\"width\":200,\"height\":218},{\"@type\":\"BreadcrumbList\",\"@id\":\"https:\\\/\\\/mula.es\\\/web\\\/alcaldia-el-alcalde-de-mula-se-reune-con-el-presidente-de-la-confederacion-hidrografica-del-segura-para-abordar-temas-de-interes-para-el-municipio\\\/#breadcrumb\",\"itemListElement\":[{\"@type\":\"ListItem\",\"position\":1,\"name\":\"Portada\",\"item\":\"https:\\\/\\\/mula.es\\\/web\\\/\"},{\"@type\":\"ListItem\",\"position\":2,\"name\":\"ALCALD\u00cdA | El alcalde de Mula se re\u00fane con el presidente de la Confederaci\u00f3n Hidrogr\u00e1fica del Segura para abordar temas de inter\u00e9s para el municipio\"}]},{\"@type\":\"WebSite\",\"@id\":\"https:\\\/\\\/mula.es\\\/web\\\/#website\",\"url\":\"https:\\\/\\\/mula.es\\\/web\\\/\",\"name\":\"Ayuntamiento de Mula\",\"description\":\"P\u00e1gina web del Ayuntamiento de Mula (Regi\u00f3n de Murcia)\",\"potentialAction\":[{\"@type\":\"SearchAction\",\"target\":{\"@type\":\"EntryPoint\",\"urlTemplate\":\"https:\\\/\\\/mula.es\\\/web\\\/?s={search_term_string}\"},\"query-input\":{\"@type\":\"PropertyValueSpecification\",\"valueRequired\":true,\"valueName\":\"search_term_string\"}}],\"inLanguage\":\"es\"},{\"@type\":\"Person\",\"@id\":\"https:\\\/\\\/mula.es\\\/web\\\/#\\\/schema\\\/person\\\/4f10179bd364f40dceed361e61e4033f\",\"name\":\"Laura Salas Orcajada\",\"image\":{\"@type\":\"ImageObject\",\"inLanguage\":\"es\",\"@id\":\"https:\\\/\\\/secure.gravatar.com\\\/avatar\\\/786f2a223d9a455e2a448f78b5dcc1117207ef56ef3d9a04df338c0f775cd403?s=96&d=mm&r=g\",\"url\":\"https:\\\/\\\/secure.gravatar.com\\\/avatar\\\/786f2a223d9a455e2a448f78b5dcc1117207ef56ef3d9a04df338c0f775cd403?s=96&d=mm&r=g\",\"contentUrl\":\"https:\\\/\\\/secure.gravatar.com\\\/avatar\\\/786f2a223d9a455e2a448f78b5dcc1117207ef56ef3d9a04df338c0f775cd403?s=96&d=mm&r=g\",\"caption\":\"Laura Salas Orcajada\"},\"url\":\"https:\\\/\\\/mula.es\\\/web\\\/author\\\/lsalas\\\/\"}]}<\/script>\n<!-- \/ Yoast SEO plugin. -->","yoast_head_json":{"title":"ALCALD\u00cdA | El alcalde de Mula se re\u00fane con el presidente de la Confederaci\u00f3n Hidrogr\u00e1fica del Segura para abordar temas de inter\u00e9s para el municipio - Ayuntamiento de Mula","robots":{"index":"index","follow":"follow","max-snippet":"max-snippet:-1","max-image-preview":"max-image-preview:large","max-video-preview":"max-video-preview:-1"},"canonical":"https:\/\/mula.es\/web\/alcaldia-el-alcalde-de-mula-se-reune-con-el-presidente-de-la-confederacion-hidrografica-del-segura-para-abordar-temas-de-interes-para-el-municipio\/","og_locale":"es_ES","og_type":"article","og_title":"ALCALD\u00cdA | El alcalde de Mula se re\u00fane con el presidente de la Confederaci\u00f3n Hidrogr\u00e1fica del Segura para abordar temas de inter\u00e9s para el municipio - Ayuntamiento de Mula","og_description":"El alcalde de Mula se re\u00fane con el presidente de la Confederaci\u00f3n Hidrogr\u00e1fica del Segura para abordar temas de inter\u00e9s para el municipio &nbsp; Mula, 11 de septiembre de 2024 \u2013 El alcalde de Mula, Juan Jes\u00fas Moreno, acompa\u00f1ado por el presidente de la Comunidad de Regantes de Mula, Asensio Garc\u00eda, ha mantenido una reuni\u00f3n [...]","og_url":"https:\/\/mula.es\/web\/alcaldia-el-alcalde-de-mula-se-reune-con-el-presidente-de-la-confederacion-hidrografica-del-segura-para-abordar-temas-de-interes-para-el-municipio\/","og_site_name":"Ayuntamiento de Mula","article_published_time":"2024-09-12T10:10:33+00:00","article_modified_time":"2024-09-13T07:20:02+00:00","og_image":[{"width":200,"height":218,"url":"https:\/\/mula.es\/web\/wp-content\/uploads\/2020\/06\/escudo-cuadrado-e1591045058235.jpg","type":"image\/jpeg"}],"author":"Laura Salas Orcajada","twitter_card":"summary_large_image","twitter_creator":"@AyuntamientMula","twitter_site":"@AyuntamientMula","twitter_misc":{"Escrito por":"Laura Salas Orcajada","Tiempo de lectura":"2 minutos"},"schema":{"@context":"https:\/\/schema.org","@graph":[{"@type":"Article","@id":"https:\/\/mula.es\/web\/alcaldia-el-alcalde-de-mula-se-reune-con-el-presidente-de-la-confederacion-hidrografica-del-segura-para-abordar-temas-de-interes-para-el-municipio\/#article","isPartOf":{"@id":"https:\/\/mula.es\/web\/alcaldia-el-alcalde-de-mula-se-reune-con-el-presidente-de-la-confederacion-hidrografica-del-segura-para-abordar-temas-de-interes-para-el-municipio\/"},"author":{"name":"Laura Salas Orcajada","@id":"https:\/\/mula.es\/web\/#\/schema\/person\/4f10179bd364f40dceed361e61e4033f"},"headline":"ALCALD\u00cdA | El alcalde de Mula se re\u00fane con el presidente de la Confederaci\u00f3n Hidrogr\u00e1fica del Segura para abordar temas de inter\u00e9s para el municipio","datePublished":"2024-09-12T10:10:33+00:00","dateModified":"2024-09-13T07:20:02+00:00","mainEntityOfPage":{"@id":"https:\/\/mula.es\/web\/alcaldia-el-alcalde-de-mula-se-reune-con-el-presidente-de-la-confederacion-hidrografica-del-segura-para-abordar-temas-de-interes-para-el-municipio\/"},"wordCount":403,"image":{"@id":"https:\/\/mula.es\/web\/alcaldia-el-alcalde-de-mula-se-reune-con-el-presidente-de-la-confederacion-hidrografica-del-segura-para-abordar-temas-de-interes-para-el-municipio\/#primaryimage"},"thumbnailUrl":"https:\/\/mula.es\/web\/wp-content\/uploads\/2020\/06\/escudo-cuadrado-e1591045058235.jpg","articleSection":["alcald\u00eda"],"inLanguage":"es"},{"@type":"WebPage","@id":"https:\/\/mula.es\/web\/alcaldia-el-alcalde-de-mula-se-reune-con-el-presidente-de-la-confederacion-hidrografica-del-segura-para-abordar-temas-de-interes-para-el-municipio\/","url":"https:\/\/mula.es\/web\/alcaldia-el-alcalde-de-mula-se-reune-con-el-presidente-de-la-confederacion-hidrografica-del-segura-para-abordar-temas-de-interes-para-el-municipio\/","name":"ALCALD\u00cdA | El alcalde de Mula se re\u00fane con el presidente de la Confederaci\u00f3n Hidrogr\u00e1fica del Segura para abordar temas de inter\u00e9s para el municipio - Ayuntamiento de Mula","isPartOf":{"@id":"https:\/\/mula.es\/web\/#website"},"primaryImageOfPage":{"@id":"https:\/\/mula.es\/web\/alcaldia-el-alcalde-de-mula-se-reune-con-el-presidente-de-la-confederacion-hidrografica-del-segura-para-abordar-temas-de-interes-para-el-municipio\/#primaryimage"},"image":{"@id":"https:\/\/mula.es\/web\/alcaldia-el-alcalde-de-mula-se-reune-con-el-presidente-de-la-confederacion-hidrografica-del-segura-para-abordar-temas-de-interes-para-el-municipio\/#primaryimage"},"thumbnailUrl":"https:\/\/mula.es\/web\/wp-content\/uploads\/2020\/06\/escudo-cuadrado-e1591045058235.jpg","datePublished":"2024-09-12T10:10:33+00:00","dateModified":"2024-09-13T07:20:02+00:00","author":{"@id":"https:\/\/mula.es\/web\/#\/schema\/person\/4f10179bd364f40dceed361e61e4033f"},"breadcrumb":{"@id":"https:\/\/mula.es\/web\/alcaldia-el-alcalde-de-mula-se-reune-con-el-presidente-de-la-confederacion-hidrografica-del-segura-para-abordar-temas-de-interes-para-el-municipio\/#breadcrumb"},"inLanguage":"es","potentialAction":[{"@type":"ReadAction","target":["https:\/\/mula.es\/web\/alcaldia-el-alcalde-de-mula-se-reune-con-el-presidente-de-la-confederacion-hidrografica-del-segura-para-abordar-temas-de-interes-para-el-municipio\/"]}]},{"@type":"ImageObject","inLanguage":"es","@id":"https:\/\/mula.es\/web\/alcaldia-el-alcalde-de-mula-se-reune-con-el-presidente-de-la-confederacion-hidrografica-del-segura-para-abordar-temas-de-interes-para-el-municipio\/#primaryimage","url":"https:\/\/mula.es\/web\/wp-content\/uploads\/2020\/06\/escudo-cuadrado-e1591045058235.jpg","contentUrl":"https:\/\/mula.es\/web\/wp-content\/uploads\/2020\/06\/escudo-cuadrado-e1591045058235.jpg","width":200,"height":218},{"@type":"BreadcrumbList","@id":"https:\/\/mula.es\/web\/alcaldia-el-alcalde-de-mula-se-reune-con-el-presidente-de-la-confederacion-hidrografica-del-segura-para-abordar-temas-de-interes-para-el-municipio\/#breadcrumb","itemListElement":[{"@type":"ListItem","position":1,"name":"Portada","item":"https:\/\/mula.es\/web\/"},{"@type":"ListItem","position":2,"name":"ALCALD\u00cdA | El alcalde de Mula se re\u00fane con el presidente de la Confederaci\u00f3n Hidrogr\u00e1fica del Segura para abordar temas de inter\u00e9s para el municipio"}]},{"@type":"WebSite","@id":"https:\/\/mula.es\/web\/#website","url":"https:\/\/mula.es\/web\/","name":"Ayuntamiento de Mula","description":"P\u00e1gina web del Ayuntamiento de Mula (Regi\u00f3n de Murcia)","potentialAction":[{"@type":"SearchAction","target":{"@type":"EntryPoint","urlTemplate":"https:\/\/mula.es\/web\/?s={search_term_string}"},"query-input":{"@type":"PropertyValueSpecification","valueRequired":true,"valueName":"search_term_string"}}],"inLanguage":"es"},{"@type":"Person","@id":"https:\/\/mula.es\/web\/#\/schema\/person\/4f10179bd364f40dceed361e61e4033f","name":"Laura Salas Orcajada","image":{"@type":"ImageObject","inLanguage":"es","@id":"https:\/\/secure.gravatar.com\/avatar\/786f2a223d9a455e2a448f78b5dcc1117207ef56ef3d9a04df338c0f775cd403?s=96&d=mm&r=g","url":"https:\/\/secure.gravatar.com\/avatar\/786f2a223d9a455e2a448f78b5dcc1117207ef56ef3d9a04df338c0f775cd403?s=96&d=mm&r=g","contentUrl":"https:\/\/secure.gravatar.com\/avatar\/786f2a223d9a455e2a448f78b5dcc1117207ef56ef3d9a04df338c0f775cd403?s=96&d=mm&r=g","caption":"Laura Salas Orcajada"},"url":"https:\/\/mula.es\/web\/author\/lsalas\/"}]}},"jetpack_publicize_connections":[],"jetpack_featured_media_url":"https:\/\/mula.es\/web\/wp-content\/uploads\/2020\/06\/escudo-cuadrado-e1591045058235.jpg","jetpack_sharing_enabled":true,"jetpack_shortlink":"https:\/\/wp.me\/pa9DMY-enD","jetpack-related-posts":[],"_links":{"self":[{"href":"https:\/\/mula.es\/web\/wp-json\/wp\/v2\/posts\/55281","targetHints":{"allow":["GET"]}}],"collection":[{"href":"https:\/\/mula.es\/web\/wp-json\/wp\/v2\/posts"}],"about":[{"href":"https:\/\/mula.es\/web\/wp-json\/wp\/v2\/types\/post"}],"author":[{"embeddable":true,"href":"https:\/\/mula.es\/web\/wp-json\/wp\/v2\/users\/13"}],"replies":[{"embeddable":true,"href":"https:\/\/mula.es\/web\/wp-json\/wp\/v2\/comments?post=55281"}],"version-history":[{"count":2,"href":"https:\/\/mula.es\/web\/wp-json\/wp\/v2\/posts\/55281\/revisions"}],"predecessor-version":[{"id":55295,"href":"https:\/\/mula.es\/web\/wp-json\/wp\/v2\/posts\/55281\/revisions\/55295"}],"wp:featuredmedia":[{"embeddable":true,"href":"https:\/\/mula.es\/web\/wp-json\/wp\/v2\/media\/33512"}],"wp:attachment":[{"href":"https:\/\/mula.es\/web\/wp-json\/wp\/v2\/media?parent=55281"}],"wp:term":[{"taxonomy":"category","embeddable":true,"href":"https:\/\/mula.es\/web\/wp-json\/wp\/v2\/categories?post=55281"},{"taxonomy":"post_tag","embeddable":true,"href":"https:\/\/mula.es\/web\/wp-json\/wp\/v2\/tags?post=55281"}],"curies":[{"name":"wp","href":"https:\/\/api.w.org\/{rel}","templated":true}]}}