{"id":55382,"date":"2024-09-19T16:12:06","date_gmt":"2024-09-19T14:12:06","guid":{"rendered":"https:\/\/mula.es\/web\/?p=55382"},"modified":"2024-09-19T16:18:25","modified_gmt":"2024-09-19T14:18:25","slug":"turismo-sorteo-mula-el-pueblo-mas-bonito-de-la-region-de-murcia-durante-las-fiestas-patronales","status":"publish","type":"post","link":"https:\/\/mula.es\/web\/turismo-sorteo-mula-el-pueblo-mas-bonito-de-la-region-de-murcia-durante-las-fiestas-patronales\/","title":{"rendered":"TURISMO | Sorteo \u00abMula, el pueblo m\u00e1s bonito de la Regi\u00f3n de Murcia\u00bb durante las Fiestas Patronales"},"content":{"rendered":"<p><strong>Sorteo \u00abMula, el pueblo m\u00e1s bonito de la Regi\u00f3n de Murcia\u00bb durante las Fiestas Patronales<\/strong><\/p>\n<p>Mula, 19 de septiembre de 2024 \u2013 Con motivo de las Fiestas Patronales de Mula, que se celebran del 19 al 25 de septiembre, el Ayuntamiento de Mula lanza un sorteo especial en el que se invita a todos los vecinos y visitantes a participar y a celebrar el t\u00edtulo de Mula como \u00abEl pueblo m\u00e1s bonito de la Regi\u00f3n de Murcia\u00bb.<\/p>\n<p><a href=\"https:\/\/mula.es\/web\/wp-content\/uploads\/2024\/09\/WhatsApp-Image-2024-09-19-at-10.48.14.jpeg\"><img decoding=\"async\" data-attachment-id=\"55384\" data-permalink=\"https:\/\/mula.es\/web\/turismo-sorteo-mula-el-pueblo-mas-bonito-de-la-region-de-murcia-durante-las-fiestas-patronales\/whatsapp-image-2024-09-19-at-10-48-14\/\" data-orig-file=\"https:\/\/mula.es\/web\/wp-content\/uploads\/2024\/09\/WhatsApp-Image-2024-09-19-at-10.48.14.jpeg\" data-orig-size=\"1600,1211\" data-comments-opened=\"0\" data-image-meta=\"{&quot;aperture&quot;:&quot;0&quot;,&quot;credit&quot;:&quot;&quot;,&quot;camera&quot;:&quot;&quot;,&quot;caption&quot;:&quot;&quot;,&quot;created_timestamp&quot;:&quot;0&quot;,&quot;copyright&quot;:&quot;&quot;,&quot;focal_length&quot;:&quot;0&quot;,&quot;iso&quot;:&quot;0&quot;,&quot;shutter_speed&quot;:&quot;0&quot;,&quot;title&quot;:&quot;&quot;,&quot;orientation&quot;:&quot;0&quot;}\" data-image-title=\"WhatsApp Image 2024-09-19 at 10.48.14\" data-image-description=\"\" data-image-caption=\"\" data-large-file=\"https:\/\/mula.es\/web\/wp-content\/uploads\/2024\/09\/WhatsApp-Image-2024-09-19-at-10.48.14-1024x775.jpeg\" class=\"wp-image-55384 aligncenter\" src=\"https:\/\/mula.es\/web\/wp-content\/uploads\/2024\/09\/WhatsApp-Image-2024-09-19-at-10.48.14-300x227.jpeg\" alt=\"\" width=\"444\" height=\"336\" srcset=\"https:\/\/mula.es\/web\/wp-content\/uploads\/2024\/09\/WhatsApp-Image-2024-09-19-at-10.48.14-200x151.jpeg 200w, https:\/\/mula.es\/web\/wp-content\/uploads\/2024\/09\/WhatsApp-Image-2024-09-19-at-10.48.14-300x227.jpeg 300w, https:\/\/mula.es\/web\/wp-content\/uploads\/2024\/09\/WhatsApp-Image-2024-09-19-at-10.48.14-400x303.jpeg 400w, https:\/\/mula.es\/web\/wp-content\/uploads\/2024\/09\/WhatsApp-Image-2024-09-19-at-10.48.14-600x454.jpeg 600w, https:\/\/mula.es\/web\/wp-content\/uploads\/2024\/09\/WhatsApp-Image-2024-09-19-at-10.48.14-768x581.jpeg 768w, https:\/\/mula.es\/web\/wp-content\/uploads\/2024\/09\/WhatsApp-Image-2024-09-19-at-10.48.14-800x606.jpeg 800w, https:\/\/mula.es\/web\/wp-content\/uploads\/2024\/09\/WhatsApp-Image-2024-09-19-at-10.48.14-1024x775.jpeg 1024w, https:\/\/mula.es\/web\/wp-content\/uploads\/2024\/09\/WhatsApp-Image-2024-09-19-at-10.48.14-1200x908.jpeg 1200w, https:\/\/mula.es\/web\/wp-content\/uploads\/2024\/09\/WhatsApp-Image-2024-09-19-at-10.48.14-1536x1163.jpeg 1536w, https:\/\/mula.es\/web\/wp-content\/uploads\/2024\/09\/WhatsApp-Image-2024-09-19-at-10.48.14.jpeg 1600w\" sizes=\"(max-width: 444px) 100vw, 444px\" \/><\/a><\/p>\n<p>El sorteo consiste en realizarse una fotograf\u00eda en el cartel que indica dicho reconocimiento, ubicado en la puerta de la <strong>Carpa de la Feria en el Parque Crist\u00f3bal Gabarr\u00f3n<\/strong>. Cada fotograf\u00eda compartida en <em>Instagram Stories<\/em> con la menci\u00f3n <strong>@TurismoDeMula<\/strong> y siguiendo a la cuenta ser\u00e1 contabilizada como una participaci\u00f3n en el sorteo, que estar\u00e1 abierto durante todo el periodo de las fiestas.<\/p>\n<p>&nbsp;<\/p>\n<p>Se sortear\u00e1n dos premios muy especiales:<br \/>\n\u2022 <strong>Primer premio<\/strong>: Una noche en una minisuite con desayuno en el <strong>Molino de Felipe<\/strong>.<br \/>\n\u2022 <strong>Segundo premio<\/strong>: Una noche de alojamiento con desayuno en <strong>La Casa de Los Coy<\/strong>.<\/p>\n<p>La concejala de Turismo, Alejandra Mart\u00ednez, ha se\u00f1alado<em>: \u201cEste sorteo es una manera divertida y participativa de compartir con todos los vecinos y visitantes el orgullo que sentimos por Mula. Esperamos que muchas personas se animen a participar y a difundir el amor por nuestro pueblo a trav\u00e9s de sus redes sociales.\u201d<\/em><\/p>\n<p>&nbsp;<\/p>\n<p>El sorteo es completamente gratuito y se pueden subir tantas fotos como se desee, siempre que se realicen en el lugar se\u00f1alado y se etiquete correctamente la cuenta oficial de Turismo Mula. El fallo del sorteo ser\u00e1 aleatorio y se llevar\u00e1 a cabo mediante una herramienta de marketing digital que asegurar\u00e1 la transparencia del proceso. Los ganadores ser\u00e1n anunciados en las redes sociales oficiales del Ayuntamiento de Mula.<\/p>\n<p>&nbsp;<\/p>\n<p>Para m\u00e1s informaci\u00f3n sobre las bases completas del sorteo<span style=\"color: #ff0000;\"><strong> <a style=\"color: #ff0000;\" href=\"https:\/\/mula.es\/web\/wp-content\/uploads\/2024\/09\/Bases-Concurso-Septiembre.docx-1.pdf\">aqu\u00ed.<\/a><\/strong><\/span><\/p>\n<p>Este sorteo, enmarcado en las celebraciones de nuestras Fiestas Patronales, es una oportunidad m\u00e1s para disfrutar de estas fechas tan se\u00f1aladas y para mostrar al mundo lo mejor de Mula.<\/p>\n","protected":false},"excerpt":{"rendered":"<p>Sorteo \u00abMula, el pueblo m\u00e1s bonito de la Regi\u00f3n de Murcia\u00bb durante las Fiestas Patronales Mula, 19 de septiembre de 2024 \u2013 Con motivo de las Fiestas Patronales de Mula, que se celebran del 19 al 25 de septiembre, el Ayuntamiento de Mula lanza un sorteo especial en el que se invita a todos los  [&#8230;]<\/p>\n","protected":false},"author":13,"featured_media":33512,"comment_status":"closed","ping_status":"closed","sticky":false,"template":"","format":"standard","meta":{"jetpack_post_was_ever_published":true,"_jetpack_newsletter_access":"","_jetpack_dont_email_post_to_subs":false,"_jetpack_newsletter_tier_id":0,"_jetpack_memberships_contains_paywalled_content":false,"_jetpack_memberships_contains_paid_content":false,"footnotes":"","jetpack_publicize_message":"","jetpack_publicize_feature_enabled":true,"jetpack_social_post_already_shared":false,"jetpack_social_options":{"image_generator_settings":{"template":"highway","default_image_id":0,"font":"","enabled":false},"version":2}},"categories":[75],"tags":[],"class_list":["post-55382","post","type-post","status-publish","format-standard","has-post-thumbnail","hentry","category-turismo"],"yoast_head":"<!-- This site is optimized with the Yoast SEO plugin v27.5 - https:\/\/yoast.com\/product\/yoast-seo-wordpress\/ -->\n<title>TURISMO | Sorteo &quot;Mula, el pueblo m\u00e1s bonito de la Regi\u00f3n de Murcia&quot; durante las Fiestas Patronales - Ayuntamiento de Mula<\/title>\n<meta name=\"robots\" content=\"index, follow, max-snippet:-1, max-image-preview:large, max-video-preview:-1\" \/>\n<link rel=\"canonical\" href=\"https:\/\/mula.es\/web\/turismo-sorteo-mula-el-pueblo-mas-bonito-de-la-region-de-murcia-durante-las-fiestas-patronales\/\" \/>\n<meta property=\"og:locale\" content=\"es_ES\" \/>\n<meta property=\"og:type\" content=\"article\" \/>\n<meta property=\"og:title\" content=\"TURISMO | Sorteo &quot;Mula, el pueblo m\u00e1s bonito de la Regi\u00f3n de Murcia&quot; durante las Fiestas Patronales - Ayuntamiento de Mula\" \/>\n<meta property=\"og:description\" content=\"Sorteo \u00abMula, el pueblo m\u00e1s bonito de la Regi\u00f3n de Murcia\u00bb durante las Fiestas Patronales Mula, 19 de septiembre de 2024 \u2013 Con motivo de las Fiestas Patronales de Mula, que se celebran del 19 al 25 de septiembre, el Ayuntamiento de Mula lanza un sorteo especial en el que se invita a todos los [...]\" \/>\n<meta property=\"og:url\" content=\"https:\/\/mula.es\/web\/turismo-sorteo-mula-el-pueblo-mas-bonito-de-la-region-de-murcia-durante-las-fiestas-patronales\/\" \/>\n<meta property=\"og:site_name\" content=\"Ayuntamiento de Mula\" \/>\n<meta property=\"article:published_time\" content=\"2024-09-19T14:12:06+00:00\" \/>\n<meta property=\"article:modified_time\" content=\"2024-09-19T14:18:25+00:00\" \/>\n<meta property=\"og:image\" content=\"https:\/\/mula.es\/web\/wp-content\/uploads\/2020\/06\/escudo-cuadrado-e1591045058235.jpg\" \/>\n\t<meta property=\"og:image:width\" content=\"200\" \/>\n\t<meta property=\"og:image:height\" content=\"218\" \/>\n\t<meta property=\"og:image:type\" content=\"image\/jpeg\" \/>\n<meta name=\"author\" content=\"Laura Salas Orcajada\" \/>\n<meta name=\"twitter:card\" content=\"summary_large_image\" \/>\n<meta name=\"twitter:creator\" content=\"@AyuntamientMula\" \/>\n<meta name=\"twitter:site\" content=\"@AyuntamientMula\" \/>\n<meta name=\"twitter:label1\" content=\"Escrito por\" \/>\n\t<meta name=\"twitter:data1\" content=\"Laura Salas Orcajada\" \/>\n\t<meta name=\"twitter:label2\" content=\"Tiempo de lectura\" \/>\n\t<meta name=\"twitter:data2\" content=\"2 minutos\" \/>\n<script type=\"application\/ld+json\" class=\"yoast-schema-graph\">{\"@context\":\"https:\\\/\\\/schema.org\",\"@graph\":[{\"@type\":\"Article\",\"@id\":\"https:\\\/\\\/mula.es\\\/web\\\/turismo-sorteo-mula-el-pueblo-mas-bonito-de-la-region-de-murcia-durante-las-fiestas-patronales\\\/#article\",\"isPartOf\":{\"@id\":\"https:\\\/\\\/mula.es\\\/web\\\/turismo-sorteo-mula-el-pueblo-mas-bonito-de-la-region-de-murcia-durante-las-fiestas-patronales\\\/\"},\"author\":{\"name\":\"Laura Salas Orcajada\",\"@id\":\"https:\\\/\\\/mula.es\\\/web\\\/#\\\/schema\\\/person\\\/4f10179bd364f40dceed361e61e4033f\"},\"headline\":\"TURISMO | Sorteo \u00abMula, el pueblo m\u00e1s bonito de la Regi\u00f3n de Murcia\u00bb durante las Fiestas Patronales\",\"datePublished\":\"2024-09-19T14:12:06+00:00\",\"dateModified\":\"2024-09-19T14:18:25+00:00\",\"mainEntityOfPage\":{\"@id\":\"https:\\\/\\\/mula.es\\\/web\\\/turismo-sorteo-mula-el-pueblo-mas-bonito-de-la-region-de-murcia-durante-las-fiestas-patronales\\\/\"},\"wordCount\":370,\"image\":{\"@id\":\"https:\\\/\\\/mula.es\\\/web\\\/turismo-sorteo-mula-el-pueblo-mas-bonito-de-la-region-de-murcia-durante-las-fiestas-patronales\\\/#primaryimage\"},\"thumbnailUrl\":\"https:\\\/\\\/mula.es\\\/web\\\/wp-content\\\/uploads\\\/2020\\\/06\\\/escudo-cuadrado-e1591045058235.jpg\",\"articleSection\":[\"turismo\"],\"inLanguage\":\"es\"},{\"@type\":\"WebPage\",\"@id\":\"https:\\\/\\\/mula.es\\\/web\\\/turismo-sorteo-mula-el-pueblo-mas-bonito-de-la-region-de-murcia-durante-las-fiestas-patronales\\\/\",\"url\":\"https:\\\/\\\/mula.es\\\/web\\\/turismo-sorteo-mula-el-pueblo-mas-bonito-de-la-region-de-murcia-durante-las-fiestas-patronales\\\/\",\"name\":\"TURISMO | Sorteo \\\"Mula, el pueblo m\u00e1s bonito de la Regi\u00f3n de Murcia\\\" durante las Fiestas Patronales - Ayuntamiento de Mula\",\"isPartOf\":{\"@id\":\"https:\\\/\\\/mula.es\\\/web\\\/#website\"},\"primaryImageOfPage\":{\"@id\":\"https:\\\/\\\/mula.es\\\/web\\\/turismo-sorteo-mula-el-pueblo-mas-bonito-de-la-region-de-murcia-durante-las-fiestas-patronales\\\/#primaryimage\"},\"image\":{\"@id\":\"https:\\\/\\\/mula.es\\\/web\\\/turismo-sorteo-mula-el-pueblo-mas-bonito-de-la-region-de-murcia-durante-las-fiestas-patronales\\\/#primaryimage\"},\"thumbnailUrl\":\"https:\\\/\\\/mula.es\\\/web\\\/wp-content\\\/uploads\\\/2020\\\/06\\\/escudo-cuadrado-e1591045058235.jpg\",\"datePublished\":\"2024-09-19T14:12:06+00:00\",\"dateModified\":\"2024-09-19T14:18:25+00:00\",\"author\":{\"@id\":\"https:\\\/\\\/mula.es\\\/web\\\/#\\\/schema\\\/person\\\/4f10179bd364f40dceed361e61e4033f\"},\"breadcrumb\":{\"@id\":\"https:\\\/\\\/mula.es\\\/web\\\/turismo-sorteo-mula-el-pueblo-mas-bonito-de-la-region-de-murcia-durante-las-fiestas-patronales\\\/#breadcrumb\"},\"inLanguage\":\"es\",\"potentialAction\":[{\"@type\":\"ReadAction\",\"target\":[\"https:\\\/\\\/mula.es\\\/web\\\/turismo-sorteo-mula-el-pueblo-mas-bonito-de-la-region-de-murcia-durante-las-fiestas-patronales\\\/\"]}]},{\"@type\":\"ImageObject\",\"inLanguage\":\"es\",\"@id\":\"https:\\\/\\\/mula.es\\\/web\\\/turismo-sorteo-mula-el-pueblo-mas-bonito-de-la-region-de-murcia-durante-las-fiestas-patronales\\\/#primaryimage\",\"url\":\"https:\\\/\\\/mula.es\\\/web\\\/wp-content\\\/uploads\\\/2020\\\/06\\\/escudo-cuadrado-e1591045058235.jpg\",\"contentUrl\":\"https:\\\/\\\/mula.es\\\/web\\\/wp-content\\\/uploads\\\/2020\\\/06\\\/escudo-cuadrado-e1591045058235.jpg\",\"width\":200,\"height\":218},{\"@type\":\"BreadcrumbList\",\"@id\":\"https:\\\/\\\/mula.es\\\/web\\\/turismo-sorteo-mula-el-pueblo-mas-bonito-de-la-region-de-murcia-durante-las-fiestas-patronales\\\/#breadcrumb\",\"itemListElement\":[{\"@type\":\"ListItem\",\"position\":1,\"name\":\"Portada\",\"item\":\"https:\\\/\\\/mula.es\\\/web\\\/\"},{\"@type\":\"ListItem\",\"position\":2,\"name\":\"TURISMO | Sorteo \u00abMula, el pueblo m\u00e1s bonito de la Regi\u00f3n de Murcia\u00bb durante las Fiestas Patronales\"}]},{\"@type\":\"WebSite\",\"@id\":\"https:\\\/\\\/mula.es\\\/web\\\/#website\",\"url\":\"https:\\\/\\\/mula.es\\\/web\\\/\",\"name\":\"Ayuntamiento de Mula\",\"description\":\"P\u00e1gina web del Ayuntamiento de Mula (Regi\u00f3n de Murcia)\",\"potentialAction\":[{\"@type\":\"SearchAction\",\"target\":{\"@type\":\"EntryPoint\",\"urlTemplate\":\"https:\\\/\\\/mula.es\\\/web\\\/?s={search_term_string}\"},\"query-input\":{\"@type\":\"PropertyValueSpecification\",\"valueRequired\":true,\"valueName\":\"search_term_string\"}}],\"inLanguage\":\"es\"},{\"@type\":\"Person\",\"@id\":\"https:\\\/\\\/mula.es\\\/web\\\/#\\\/schema\\\/person\\\/4f10179bd364f40dceed361e61e4033f\",\"name\":\"Laura Salas Orcajada\",\"image\":{\"@type\":\"ImageObject\",\"inLanguage\":\"es\",\"@id\":\"https:\\\/\\\/secure.gravatar.com\\\/avatar\\\/786f2a223d9a455e2a448f78b5dcc1117207ef56ef3d9a04df338c0f775cd403?s=96&d=mm&r=g\",\"url\":\"https:\\\/\\\/secure.gravatar.com\\\/avatar\\\/786f2a223d9a455e2a448f78b5dcc1117207ef56ef3d9a04df338c0f775cd403?s=96&d=mm&r=g\",\"contentUrl\":\"https:\\\/\\\/secure.gravatar.com\\\/avatar\\\/786f2a223d9a455e2a448f78b5dcc1117207ef56ef3d9a04df338c0f775cd403?s=96&d=mm&r=g\",\"caption\":\"Laura Salas Orcajada\"},\"url\":\"https:\\\/\\\/mula.es\\\/web\\\/author\\\/lsalas\\\/\"}]}<\/script>\n<!-- \/ Yoast SEO plugin. -->","yoast_head_json":{"title":"TURISMO | Sorteo \"Mula, el pueblo m\u00e1s bonito de la Regi\u00f3n de Murcia\" durante las Fiestas Patronales - Ayuntamiento de Mula","robots":{"index":"index","follow":"follow","max-snippet":"max-snippet:-1","max-image-preview":"max-image-preview:large","max-video-preview":"max-video-preview:-1"},"canonical":"https:\/\/mula.es\/web\/turismo-sorteo-mula-el-pueblo-mas-bonito-de-la-region-de-murcia-durante-las-fiestas-patronales\/","og_locale":"es_ES","og_type":"article","og_title":"TURISMO | Sorteo \"Mula, el pueblo m\u00e1s bonito de la Regi\u00f3n de Murcia\" durante las Fiestas Patronales - Ayuntamiento de Mula","og_description":"Sorteo \u00abMula, el pueblo m\u00e1s bonito de la Regi\u00f3n de Murcia\u00bb durante las Fiestas Patronales Mula, 19 de septiembre de 2024 \u2013 Con motivo de las Fiestas Patronales de Mula, que se celebran del 19 al 25 de septiembre, el Ayuntamiento de Mula lanza un sorteo especial en el que se invita a todos los [...]","og_url":"https:\/\/mula.es\/web\/turismo-sorteo-mula-el-pueblo-mas-bonito-de-la-region-de-murcia-durante-las-fiestas-patronales\/","og_site_name":"Ayuntamiento de Mula","article_published_time":"2024-09-19T14:12:06+00:00","article_modified_time":"2024-09-19T14:18:25+00:00","og_image":[{"width":200,"height":218,"url":"https:\/\/mula.es\/web\/wp-content\/uploads\/2020\/06\/escudo-cuadrado-e1591045058235.jpg","type":"image\/jpeg"}],"author":"Laura Salas Orcajada","twitter_card":"summary_large_image","twitter_creator":"@AyuntamientMula","twitter_site":"@AyuntamientMula","twitter_misc":{"Escrito por":"Laura Salas Orcajada","Tiempo de lectura":"2 minutos"},"schema":{"@context":"https:\/\/schema.org","@graph":[{"@type":"Article","@id":"https:\/\/mula.es\/web\/turismo-sorteo-mula-el-pueblo-mas-bonito-de-la-region-de-murcia-durante-las-fiestas-patronales\/#article","isPartOf":{"@id":"https:\/\/mula.es\/web\/turismo-sorteo-mula-el-pueblo-mas-bonito-de-la-region-de-murcia-durante-las-fiestas-patronales\/"},"author":{"name":"Laura Salas Orcajada","@id":"https:\/\/mula.es\/web\/#\/schema\/person\/4f10179bd364f40dceed361e61e4033f"},"headline":"TURISMO | Sorteo \u00abMula, el pueblo m\u00e1s bonito de la Regi\u00f3n de Murcia\u00bb durante las Fiestas Patronales","datePublished":"2024-09-19T14:12:06+00:00","dateModified":"2024-09-19T14:18:25+00:00","mainEntityOfPage":{"@id":"https:\/\/mula.es\/web\/turismo-sorteo-mula-el-pueblo-mas-bonito-de-la-region-de-murcia-durante-las-fiestas-patronales\/"},"wordCount":370,"image":{"@id":"https:\/\/mula.es\/web\/turismo-sorteo-mula-el-pueblo-mas-bonito-de-la-region-de-murcia-durante-las-fiestas-patronales\/#primaryimage"},"thumbnailUrl":"https:\/\/mula.es\/web\/wp-content\/uploads\/2020\/06\/escudo-cuadrado-e1591045058235.jpg","articleSection":["turismo"],"inLanguage":"es"},{"@type":"WebPage","@id":"https:\/\/mula.es\/web\/turismo-sorteo-mula-el-pueblo-mas-bonito-de-la-region-de-murcia-durante-las-fiestas-patronales\/","url":"https:\/\/mula.es\/web\/turismo-sorteo-mula-el-pueblo-mas-bonito-de-la-region-de-murcia-durante-las-fiestas-patronales\/","name":"TURISMO | Sorteo \"Mula, el pueblo m\u00e1s bonito de la Regi\u00f3n de Murcia\" durante las Fiestas Patronales - Ayuntamiento de Mula","isPartOf":{"@id":"https:\/\/mula.es\/web\/#website"},"primaryImageOfPage":{"@id":"https:\/\/mula.es\/web\/turismo-sorteo-mula-el-pueblo-mas-bonito-de-la-region-de-murcia-durante-las-fiestas-patronales\/#primaryimage"},"image":{"@id":"https:\/\/mula.es\/web\/turismo-sorteo-mula-el-pueblo-mas-bonito-de-la-region-de-murcia-durante-las-fiestas-patronales\/#primaryimage"},"thumbnailUrl":"https:\/\/mula.es\/web\/wp-content\/uploads\/2020\/06\/escudo-cuadrado-e1591045058235.jpg","datePublished":"2024-09-19T14:12:06+00:00","dateModified":"2024-09-19T14:18:25+00:00","author":{"@id":"https:\/\/mula.es\/web\/#\/schema\/person\/4f10179bd364f40dceed361e61e4033f"},"breadcrumb":{"@id":"https:\/\/mula.es\/web\/turismo-sorteo-mula-el-pueblo-mas-bonito-de-la-region-de-murcia-durante-las-fiestas-patronales\/#breadcrumb"},"inLanguage":"es","potentialAction":[{"@type":"ReadAction","target":["https:\/\/mula.es\/web\/turismo-sorteo-mula-el-pueblo-mas-bonito-de-la-region-de-murcia-durante-las-fiestas-patronales\/"]}]},{"@type":"ImageObject","inLanguage":"es","@id":"https:\/\/mula.es\/web\/turismo-sorteo-mula-el-pueblo-mas-bonito-de-la-region-de-murcia-durante-las-fiestas-patronales\/#primaryimage","url":"https:\/\/mula.es\/web\/wp-content\/uploads\/2020\/06\/escudo-cuadrado-e1591045058235.jpg","contentUrl":"https:\/\/mula.es\/web\/wp-content\/uploads\/2020\/06\/escudo-cuadrado-e1591045058235.jpg","width":200,"height":218},{"@type":"BreadcrumbList","@id":"https:\/\/mula.es\/web\/turismo-sorteo-mula-el-pueblo-mas-bonito-de-la-region-de-murcia-durante-las-fiestas-patronales\/#breadcrumb","itemListElement":[{"@type":"ListItem","position":1,"name":"Portada","item":"https:\/\/mula.es\/web\/"},{"@type":"ListItem","position":2,"name":"TURISMO | Sorteo \u00abMula, el pueblo m\u00e1s bonito de la Regi\u00f3n de Murcia\u00bb durante las Fiestas Patronales"}]},{"@type":"WebSite","@id":"https:\/\/mula.es\/web\/#website","url":"https:\/\/mula.es\/web\/","name":"Ayuntamiento de Mula","description":"P\u00e1gina web del Ayuntamiento de Mula (Regi\u00f3n de Murcia)","potentialAction":[{"@type":"SearchAction","target":{"@type":"EntryPoint","urlTemplate":"https:\/\/mula.es\/web\/?s={search_term_string}"},"query-input":{"@type":"PropertyValueSpecification","valueRequired":true,"valueName":"search_term_string"}}],"inLanguage":"es"},{"@type":"Person","@id":"https:\/\/mula.es\/web\/#\/schema\/person\/4f10179bd364f40dceed361e61e4033f","name":"Laura Salas Orcajada","image":{"@type":"ImageObject","inLanguage":"es","@id":"https:\/\/secure.gravatar.com\/avatar\/786f2a223d9a455e2a448f78b5dcc1117207ef56ef3d9a04df338c0f775cd403?s=96&d=mm&r=g","url":"https:\/\/secure.gravatar.com\/avatar\/786f2a223d9a455e2a448f78b5dcc1117207ef56ef3d9a04df338c0f775cd403?s=96&d=mm&r=g","contentUrl":"https:\/\/secure.gravatar.com\/avatar\/786f2a223d9a455e2a448f78b5dcc1117207ef56ef3d9a04df338c0f775cd403?s=96&d=mm&r=g","caption":"Laura Salas Orcajada"},"url":"https:\/\/mula.es\/web\/author\/lsalas\/"}]}},"jetpack_publicize_connections":[],"jetpack_featured_media_url":"https:\/\/mula.es\/web\/wp-content\/uploads\/2020\/06\/escudo-cuadrado-e1591045058235.jpg","jetpack_sharing_enabled":true,"jetpack_shortlink":"https:\/\/wp.me\/pa9DMY-epg","jetpack-related-posts":[],"_links":{"self":[{"href":"https:\/\/mula.es\/web\/wp-json\/wp\/v2\/posts\/55382","targetHints":{"allow":["GET"]}}],"collection":[{"href":"https:\/\/mula.es\/web\/wp-json\/wp\/v2\/posts"}],"about":[{"href":"https:\/\/mula.es\/web\/wp-json\/wp\/v2\/types\/post"}],"author":[{"embeddable":true,"href":"https:\/\/mula.es\/web\/wp-json\/wp\/v2\/users\/13"}],"replies":[{"embeddable":true,"href":"https:\/\/mula.es\/web\/wp-json\/wp\/v2\/comments?post=55382"}],"version-history":[{"count":4,"href":"https:\/\/mula.es\/web\/wp-json\/wp\/v2\/posts\/55382\/revisions"}],"predecessor-version":[{"id":55388,"href":"https:\/\/mula.es\/web\/wp-json\/wp\/v2\/posts\/55382\/revisions\/55388"}],"wp:featuredmedia":[{"embeddable":true,"href":"https:\/\/mula.es\/web\/wp-json\/wp\/v2\/media\/33512"}],"wp:attachment":[{"href":"https:\/\/mula.es\/web\/wp-json\/wp\/v2\/media?parent=55382"}],"wp:term":[{"taxonomy":"category","embeddable":true,"href":"https:\/\/mula.es\/web\/wp-json\/wp\/v2\/categories?post=55382"},{"taxonomy":"post_tag","embeddable":true,"href":"https:\/\/mula.es\/web\/wp-json\/wp\/v2\/tags?post=55382"}],"curies":[{"name":"wp","href":"https:\/\/api.w.org\/{rel}","templated":true}]}}